{"id":211797,"date":"2024-01-24T19:59:00","date_gmt":"2024-01-24T19:59:00","guid":{"rendered":"https:\/\/www.webdo.tn\/fr\/blog\/can-2023-1-la-tunisie-prend-la-porte\/211797\/"},"modified":"2025-05-20T21:53:35","modified_gmt":"2025-05-20T21:53:35","slug":"can-2023-1-la-tunisie-prend-la-porte","status":"publish","type":"post","link":"https:\/\/www.webdo.tn\/fr\/actualite\/sport\/can-2023-1-la-tunisie-prend-la-porte\/211797\/","title":{"rendered":"CAN 2023+1 : La Tunisie prend la porte"},"content":{"rendered":"<p>Apr\u00e8s un parcours d\u00e9cevant dans cette CAN 2023+1, la Tunisie avait encore une chance de se qualifier en huiti\u00e8mes de finale en battant l\u2019Afrique du Sud. Elle a g\u00e2ch\u00e9 cette chance en se contentant d\u2019un match nul (0-0) qui l\u2019\u00e9limine de la comp\u00e9tition.<\/p>\n<p>\t\t\t\t\t\t\t\t\tApr\u00e8s une d\u00e9faite (surprenante) face \u00e0 la Namibie et deux pi\u00e8tres matches nuls face au Mali et l\u2019Afrique du Sud, la Tunisie a grandement d\u00e9\u00e7u lors de cette Coupe d\u2019Afrique des Nations qu\u2019elle quitte par la petite porte.<\/p>\n<p>Avec ce nouveau match nul 0-0 face \u00e0 l\u2019Afrique du Sud lors de la 3\u00e8me et derni\u00e8re journ\u00e9e du 1er tour, la Tunisie reste derni\u00e8re du groupe E, et est donc logiquement \u00e9limin\u00e9e.<\/p>\n<p>Le d\u00e9but de match a \u00e9t\u00e9 en faveur des Tunisiens. Ils prennent le contr\u00f4le des op\u00e9rations, monopolisent le ballon, mais doivent composer avec une \u00e9quipe sud-africaine regroup\u00e9e en d\u00e9fense. Cela n\u2019emp\u00eache pas Yassine Meriah de tenter sa chance d\u00e8s la 4\u2019, mais il rate sa reprise sur le premier corner de la rencontre.<\/p>\n<p>lly\u00e8s Skhiri (22\u2019) et Elias Achouri (26\u2019) ont \u00e9galement la possibilit\u00e9 d\u2019ouvrir le score, mais les deux tentatives sont vendang\u00e9es. De leur c\u00f4t\u00e9, les Bafana Bafana optent pour la contre-attaque et sont m\u00eame \u00e0 deux doigts de marquer \u00e0 deux reprises \u00e0 la 33\u2019 par Moreno et \u00e0 la 39\u2019 par Mvala passe de peu \u00e0 c\u00f4t\u00e9<\/p>\n<p>Les Tunisiens ont domin\u00e9 la premi\u00e8re mi-temps mais sans imposer leur jeu d\u2019attaque. Ils se sont procur\u00e9s quelques opportunit\u00e9s dangereuses mais ne sont pas parvenus \u00e0 faire la diff\u00e9rence par manque de profondeur.<\/p>\n<p>La deuxi\u00e8me mi-temps a \u00e9t\u00e9 quasi-identique avec une s\u00e9lection nationale dans l\u2019incapacit\u00e9 de hausser le rythme, ce qui a fait les affaires de son adversaire. L\u2019incorporation de Msakni, Sliti, Jouini et Letaief au fil des minutes n\u2019a pas apport\u00e9 grand-chose sur le plan tactique.<\/p>\n<p>Avec une \u00e9quipe d\u00e9j\u00e0 tr\u00e8s juste sur le plan physique, il \u00e9tait donc difficile pour la Tunisie de s\u2019imposer dans ce match \u00e0 moins d\u2019un exploit individuel. Ce sont m\u00eame les Sud-Africains qui se procurent les occasions les plus nettes obligeant Bechir Ben Said \u00e0 intervenir en urgence aux 77\u2019, 78\u2019 et 81\u2019.<\/p>\n<p>Haythem Jouini aurait pu tout changer mais il a g\u00e2ch\u00e9 l\u2019opportunit\u00e9 qui s\u2019est pr\u00e9sent\u00e9e \u00e0 lui \u00e0 la 89\u2019 alors qu\u2019il se trouvait dans les six m\u00e8tres.<\/p>\n<p>Formation : B\u00e9chir Ben Said, Wajdi Kechrida, Yassine Meriah, Montassar Talbi, Ali Abdi, Ellyes Skhiri (Mohamed Ali Ben Romdhane 84\u2019), Aissa Laidouni, Anis Ben Slimane (Youssef Msakni 59\u2019), Hamza Rafia (Naim Sliti 70\u2019), Elias Achouri (Seifallah Letaief 70\u2019), Seifeddine Jaziri (Haythem Jouini 70\u2019)<\/p>\n","protected":false},"excerpt":{"rendered":"<p>Apr\u00e8s une d\u00e9faite (surprenante) face \u00e0 la Namibie et deux pi\u00e8tres matches nuls face au Mali et l\u2019Afrique du Sud, la Tunisie a grandement d\u00e9\u00e7u lors de cette Coup&#8230;<\/p>\n","protected":false},"author":3162,"featured_media":248157,"comment_status":"open","ping_status":"closed","sticky":false,"template":"","format":"standard","meta":{"footnotes":""},"categories":[2593],"tags":[3629,7011,7138,2608],"class_list":["post-211797","post","type-post","status-publish","format-standard","has-post-thumbnail","hentry","category-sport","tag-afrique-du-sud","tag-can-20231","tag-elimination","tag-tunisie"],"yoast_head":"<!-- This site is optimized with the Yoast SEO Premium plugin v27.5 (Yoast SEO v27.5) - https:\/\/yoast.com\/product\/yoast-seo-premium-wordpress\/ -->\n<title>CAN 2023+1 : La Tunisie prend la porte<\/title>\n<meta name=\"description\" content=\"Apr\u00e8s une d\u00e9faite (surprenante) face \u00e0 la Namibie et deux pi\u00e8tres matches nuls face au Mali et l\u2019Afrique du Sud, la Tunisie a grandement d\u00e9\u00e7u lors de cette Coup...\" \/>\n<link rel=\"canonical\" href=\"https:\/\/www.webdo.tn\/fr\/actualite\/sport\/can-2023-1-la-tunisie-prend-la-porte\/211797\/\" \/>\n<meta property=\"og:locale\" content=\"fr_FR\" \/>\n<meta property=\"og:type\" content=\"article\" \/>\n<meta property=\"og:title\" content=\"CAN 2023+1 : La Tunisie prend la porte\" \/>\n<meta property=\"og:description\" content=\"Apr\u00e8s une d\u00e9faite (surprenante) face \u00e0 la Namibie et deux pi\u00e8tres matches nuls face au Mali et l\u2019Afrique du Sud, la Tunisie a grandement d\u00e9\u00e7u lors de cette Coup...\" \/>\n<meta property=\"og:url\" content=\"https:\/\/www.webdo.tn\/fr\/actualite\/sport\/can-2023-1-la-tunisie-prend-la-porte\/211797\/\" \/>\n<meta property=\"og:site_name\" content=\"webdo\" \/>\n<meta property=\"article:publisher\" content=\"https:\/\/www.facebook.com\/webdotn\" \/>\n<meta property=\"article:published_time\" content=\"2024-01-24T19:59:00+00:00\" \/>\n<meta property=\"article:modified_time\" content=\"2025-05-20T21:53:35+00:00\" \/>\n<meta property=\"og:image\" content=\"https:\/\/www.webdo.tn\/fr\/wp-content\/uploads\/2024\/01\/bb80b28fe3b73e43624939d96e42c7f6.png\" \/>\n\t<meta property=\"og:image:width\" content=\"750\" \/>\n\t<meta property=\"og:image:height\" content=\"400\" \/>\n\t<meta property=\"og:image:type\" content=\"image\/png\" \/>\n<meta name=\"author\" content=\"MC\" \/>\n<meta name=\"twitter:card\" content=\"summary_large_image\" \/>\n<meta name=\"twitter:creator\" content=\"@webdo_tn\" \/>\n<meta name=\"twitter:site\" content=\"@webdo_tn\" \/>\n<meta name=\"twitter:label1\" content=\"\u00c9crit par\" \/>\n\t<meta name=\"twitter:data1\" content=\"MC\" \/>\n\t<meta name=\"twitter:label2\" content=\"Dur\u00e9e de lecture estim\u00e9e\" \/>\n\t<meta name=\"twitter:data2\" content=\"2 minutes\" \/>\n<script type=\"application\/ld+json\" class=\"yoast-schema-graph\">{\"@context\":\"https:\\\/\\\/schema.org\",\"@graph\":[{\"@type\":\"NewsArticle\",\"@id\":\"https:\\\/\\\/www.webdo.tn\\\/fr\\\/actualite\\\/sport\\\/can-2023-1-la-tunisie-prend-la-porte\\\/211797\\\/#article\",\"isPartOf\":{\"@id\":\"https:\\\/\\\/www.webdo.tn\\\/fr\\\/actualite\\\/sport\\\/can-2023-1-la-tunisie-prend-la-porte\\\/211797\\\/\"},\"author\":{\"name\":\"MC\",\"@id\":\"https:\\\/\\\/www.webdo.tn\\\/fr\\\/#\\\/schema\\\/person\\\/2c4929cbf5a809e3bd38617c6ce150f6\"},\"headline\":\"CAN 2023+1 : La Tunisie prend la porte\",\"datePublished\":\"2024-01-24T19:59:00+00:00\",\"dateModified\":\"2025-05-20T21:53:35+00:00\",\"mainEntityOfPage\":{\"@id\":\"https:\\\/\\\/www.webdo.tn\\\/fr\\\/actualite\\\/sport\\\/can-2023-1-la-tunisie-prend-la-porte\\\/211797\\\/\"},\"wordCount\":459,\"commentCount\":0,\"publisher\":{\"@id\":\"https:\\\/\\\/www.webdo.tn\\\/fr\\\/#organization\"},\"image\":{\"@id\":\"https:\\\/\\\/www.webdo.tn\\\/fr\\\/actualite\\\/sport\\\/can-2023-1-la-tunisie-prend-la-porte\\\/211797\\\/#primaryimage\"},\"thumbnailUrl\":\"https:\\\/\\\/www.webdo.tn\\\/fr\\\/wp-content\\\/uploads\\\/2024\\\/01\\\/bb80b28fe3b73e43624939d96e42c7f6.png\",\"keywords\":[\"afrique du sud\",\"CAN 2023+1\",\"\u00e9limination\",\"Tunisie\"],\"articleSection\":[\"Sport\"],\"inLanguage\":\"fr-FR\"},{\"@type\":\"WebPage\",\"@id\":\"https:\\\/\\\/www.webdo.tn\\\/fr\\\/actualite\\\/sport\\\/can-2023-1-la-tunisie-prend-la-porte\\\/211797\\\/\",\"url\":\"https:\\\/\\\/www.webdo.tn\\\/fr\\\/actualite\\\/sport\\\/can-2023-1-la-tunisie-prend-la-porte\\\/211797\\\/\",\"name\":\"CAN 2023+1 : La Tunisie prend la porte\",\"isPartOf\":{\"@id\":\"https:\\\/\\\/www.webdo.tn\\\/fr\\\/#website\"},\"primaryImageOfPage\":{\"@id\":\"https:\\\/\\\/www.webdo.tn\\\/fr\\\/actualite\\\/sport\\\/can-2023-1-la-tunisie-prend-la-porte\\\/211797\\\/#primaryimage\"},\"image\":{\"@id\":\"https:\\\/\\\/www.webdo.tn\\\/fr\\\/actualite\\\/sport\\\/can-2023-1-la-tunisie-prend-la-porte\\\/211797\\\/#primaryimage\"},\"thumbnailUrl\":\"https:\\\/\\\/www.webdo.tn\\\/fr\\\/wp-content\\\/uploads\\\/2024\\\/01\\\/bb80b28fe3b73e43624939d96e42c7f6.png\",\"datePublished\":\"2024-01-24T19:59:00+00:00\",\"dateModified\":\"2025-05-20T21:53:35+00:00\",\"description\":\"Apr\u00e8s une d\u00e9faite (surprenante) face \u00e0 la Namibie et deux pi\u00e8tres matches nuls face au Mali et l\u2019Afrique du Sud, la Tunisie a grandement d\u00e9\u00e7u lors de cette Coup...\",\"breadcrumb\":{\"@id\":\"https:\\\/\\\/www.webdo.tn\\\/fr\\\/actualite\\\/sport\\\/can-2023-1-la-tunisie-prend-la-porte\\\/211797\\\/#breadcrumb\"},\"inLanguage\":\"fr-FR\",\"potentialAction\":[{\"@type\":\"ReadAction\",\"target\":[\"https:\\\/\\\/www.webdo.tn\\\/fr\\\/actualite\\\/sport\\\/can-2023-1-la-tunisie-prend-la-porte\\\/211797\\\/\"]}]},{\"@type\":\"ImageObject\",\"inLanguage\":\"fr-FR\",\"@id\":\"https:\\\/\\\/www.webdo.tn\\\/fr\\\/actualite\\\/sport\\\/can-2023-1-la-tunisie-prend-la-porte\\\/211797\\\/#primaryimage\",\"url\":\"https:\\\/\\\/www.webdo.tn\\\/fr\\\/wp-content\\\/uploads\\\/2024\\\/01\\\/bb80b28fe3b73e43624939d96e42c7f6.png\",\"contentUrl\":\"https:\\\/\\\/www.webdo.tn\\\/fr\\\/wp-content\\\/uploads\\\/2024\\\/01\\\/bb80b28fe3b73e43624939d96e42c7f6.png\",\"width\":750,\"height\":400,\"caption\":\"CAN 2023+1 : La Tunisie prend la porte\"},{\"@type\":\"BreadcrumbList\",\"@id\":\"https:\\\/\\\/www.webdo.tn\\\/fr\\\/actualite\\\/sport\\\/can-2023-1-la-tunisie-prend-la-porte\\\/211797\\\/#breadcrumb\",\"itemListElement\":[{\"@type\":\"ListItem\",\"position\":1,\"name\":\"Accueil\",\"item\":\"https:\\\/\\\/www.webdo.tn\\\/fr\\\/\"},{\"@type\":\"ListItem\",\"position\":2,\"name\":\"CAN 2023+1 : La Tunisie prend la porte\"}]},{\"@type\":\"WebSite\",\"@id\":\"https:\\\/\\\/www.webdo.tn\\\/fr\\\/#website\",\"url\":\"https:\\\/\\\/www.webdo.tn\\\/fr\\\/\",\"name\":\"webdo\",\"description\":\"Tunisie - News en Tunisie et \u00e0 l&#039;international sur Webdo.tn\",\"publisher\":{\"@id\":\"https:\\\/\\\/www.webdo.tn\\\/fr\\\/#organization\"},\"potentialAction\":[{\"@type\":\"SearchAction\",\"target\":{\"@type\":\"EntryPoint\",\"urlTemplate\":\"https:\\\/\\\/www.webdo.tn\\\/fr\\\/?s={search_term_string}\"},\"query-input\":{\"@type\":\"PropertyValueSpecification\",\"valueRequired\":true,\"valueName\":\"search_term_string\"}}],\"inLanguage\":\"fr-FR\"},{\"@type\":\"Organization\",\"@id\":\"https:\\\/\\\/www.webdo.tn\\\/fr\\\/#organization\",\"name\":\"Webdo\",\"alternateName\":\"Webdo.tn\",\"url\":\"https:\\\/\\\/www.webdo.tn\\\/fr\\\/\",\"logo\":{\"@type\":\"ImageObject\",\"inLanguage\":\"fr-FR\",\"@id\":\"https:\\\/\\\/www.webdo.tn\\\/fr\\\/#\\\/schema\\\/logo\\\/image\\\/\",\"url\":\"https:\\\/\\\/www.webdo.tn\\\/fr\\\/wp-content\\\/uploads\\\/2025\\\/06\\\/Webdo-Tunisie_168377.jpg\",\"contentUrl\":\"https:\\\/\\\/www.webdo.tn\\\/fr\\\/wp-content\\\/uploads\\\/2025\\\/06\\\/Webdo-Tunisie_168377.jpg\",\"width\":301,\"height\":301,\"caption\":\"Webdo\"},\"image\":{\"@id\":\"https:\\\/\\\/www.webdo.tn\\\/fr\\\/#\\\/schema\\\/logo\\\/image\\\/\"},\"sameAs\":[\"https:\\\/\\\/www.facebook.com\\\/webdotn\",\"https:\\\/\\\/x.com\\\/webdo_tn\"],\"description\":\"Webdo est un m\u00e9dia num\u00e9rique tunisien fond\u00e9 en 2010, sp\u00e9cialis\u00e9 dans l\u2019actualit\u00e9 nationale et internationale, l\u2019\u00e9conomie, la soci\u00e9t\u00e9 et les analyses politiques. Le site s\u2019adresse \u00e0 un large public francophone et couvre l\u2019information tunisienne en temps r\u00e9el.\",\"email\":\"redac@webdo.tn\",\"legalName\":\"YNJ SARL\",\"foundingDate\":\"2010-09-06\",\"numberOfEmployees\":{\"@type\":\"QuantitativeValue\",\"minValue\":\"11\",\"maxValue\":\"50\"}},{\"@type\":\"Person\",\"@id\":\"https:\\\/\\\/www.webdo.tn\\\/fr\\\/#\\\/schema\\\/person\\\/2c4929cbf5a809e3bd38617c6ce150f6\",\"name\":\"MC\",\"image\":{\"@type\":\"ImageObject\",\"inLanguage\":\"fr-FR\",\"@id\":\"https:\\\/\\\/secure.gravatar.com\\\/avatar\\\/a545bbb6f84efdd5553dbbc2895e3ca8f1d12c5215e00a041c9670b54aa9b18a?s=96&d=mm&r=g\",\"url\":\"https:\\\/\\\/secure.gravatar.com\\\/avatar\\\/a545bbb6f84efdd5553dbbc2895e3ca8f1d12c5215e00a041c9670b54aa9b18a?s=96&d=mm&r=g\",\"contentUrl\":\"https:\\\/\\\/secure.gravatar.com\\\/avatar\\\/a545bbb6f84efdd5553dbbc2895e3ca8f1d12c5215e00a041c9670b54aa9b18a?s=96&d=mm&r=g\",\"caption\":\"MC\"},\"url\":\"https:\\\/\\\/www.webdo.tn\\\/fr\\\/actualite\\\/author\\\/mc\\\/\"}]}<\/script>\n<!-- \/ Yoast SEO Premium plugin. -->","yoast_head_json":{"title":"CAN 2023+1 : La Tunisie prend la porte","description":"Apr\u00e8s une d\u00e9faite (surprenante) face \u00e0 la Namibie et deux pi\u00e8tres matches nuls face au Mali et l\u2019Afrique du Sud, la Tunisie a grandement d\u00e9\u00e7u lors de cette Coup...","canonical":"https:\/\/www.webdo.tn\/fr\/actualite\/sport\/can-2023-1-la-tunisie-prend-la-porte\/211797\/","og_locale":"fr_FR","og_type":"article","og_title":"CAN 2023+1 : La Tunisie prend la porte","og_description":"Apr\u00e8s une d\u00e9faite (surprenante) face \u00e0 la Namibie et deux pi\u00e8tres matches nuls face au Mali et l\u2019Afrique du Sud, la Tunisie a grandement d\u00e9\u00e7u lors de cette Coup...","og_url":"https:\/\/www.webdo.tn\/fr\/actualite\/sport\/can-2023-1-la-tunisie-prend-la-porte\/211797\/","og_site_name":"webdo","article_publisher":"https:\/\/www.facebook.com\/webdotn","article_published_time":"2024-01-24T19:59:00+00:00","article_modified_time":"2025-05-20T21:53:35+00:00","og_image":[{"width":750,"height":400,"url":"https:\/\/www.webdo.tn\/fr\/wp-content\/uploads\/2024\/01\/bb80b28fe3b73e43624939d96e42c7f6.png","type":"image\/png"}],"author":"MC","twitter_card":"summary_large_image","twitter_creator":"@webdo_tn","twitter_site":"@webdo_tn","twitter_misc":{"\u00c9crit par":"MC","Dur\u00e9e de lecture estim\u00e9e":"2 minutes"},"schema":{"@context":"https:\/\/schema.org","@graph":[{"@type":"NewsArticle","@id":"https:\/\/www.webdo.tn\/fr\/actualite\/sport\/can-2023-1-la-tunisie-prend-la-porte\/211797\/#article","isPartOf":{"@id":"https:\/\/www.webdo.tn\/fr\/actualite\/sport\/can-2023-1-la-tunisie-prend-la-porte\/211797\/"},"author":{"name":"MC","@id":"https:\/\/www.webdo.tn\/fr\/#\/schema\/person\/2c4929cbf5a809e3bd38617c6ce150f6"},"headline":"CAN 2023+1 : La Tunisie prend la porte","datePublished":"2024-01-24T19:59:00+00:00","dateModified":"2025-05-20T21:53:35+00:00","mainEntityOfPage":{"@id":"https:\/\/www.webdo.tn\/fr\/actualite\/sport\/can-2023-1-la-tunisie-prend-la-porte\/211797\/"},"wordCount":459,"commentCount":0,"publisher":{"@id":"https:\/\/www.webdo.tn\/fr\/#organization"},"image":{"@id":"https:\/\/www.webdo.tn\/fr\/actualite\/sport\/can-2023-1-la-tunisie-prend-la-porte\/211797\/#primaryimage"},"thumbnailUrl":"https:\/\/www.webdo.tn\/fr\/wp-content\/uploads\/2024\/01\/bb80b28fe3b73e43624939d96e42c7f6.png","keywords":["afrique du sud","CAN 2023+1","\u00e9limination","Tunisie"],"articleSection":["Sport"],"inLanguage":"fr-FR"},{"@type":"WebPage","@id":"https:\/\/www.webdo.tn\/fr\/actualite\/sport\/can-2023-1-la-tunisie-prend-la-porte\/211797\/","url":"https:\/\/www.webdo.tn\/fr\/actualite\/sport\/can-2023-1-la-tunisie-prend-la-porte\/211797\/","name":"CAN 2023+1 : La Tunisie prend la porte","isPartOf":{"@id":"https:\/\/www.webdo.tn\/fr\/#website"},"primaryImageOfPage":{"@id":"https:\/\/www.webdo.tn\/fr\/actualite\/sport\/can-2023-1-la-tunisie-prend-la-porte\/211797\/#primaryimage"},"image":{"@id":"https:\/\/www.webdo.tn\/fr\/actualite\/sport\/can-2023-1-la-tunisie-prend-la-porte\/211797\/#primaryimage"},"thumbnailUrl":"https:\/\/www.webdo.tn\/fr\/wp-content\/uploads\/2024\/01\/bb80b28fe3b73e43624939d96e42c7f6.png","datePublished":"2024-01-24T19:59:00+00:00","dateModified":"2025-05-20T21:53:35+00:00","description":"Apr\u00e8s une d\u00e9faite (surprenante) face \u00e0 la Namibie et deux pi\u00e8tres matches nuls face au Mali et l\u2019Afrique du Sud, la Tunisie a grandement d\u00e9\u00e7u lors de cette Coup...","breadcrumb":{"@id":"https:\/\/www.webdo.tn\/fr\/actualite\/sport\/can-2023-1-la-tunisie-prend-la-porte\/211797\/#breadcrumb"},"inLanguage":"fr-FR","potentialAction":[{"@type":"ReadAction","target":["https:\/\/www.webdo.tn\/fr\/actualite\/sport\/can-2023-1-la-tunisie-prend-la-porte\/211797\/"]}]},{"@type":"ImageObject","inLanguage":"fr-FR","@id":"https:\/\/www.webdo.tn\/fr\/actualite\/sport\/can-2023-1-la-tunisie-prend-la-porte\/211797\/#primaryimage","url":"https:\/\/www.webdo.tn\/fr\/wp-content\/uploads\/2024\/01\/bb80b28fe3b73e43624939d96e42c7f6.png","contentUrl":"https:\/\/www.webdo.tn\/fr\/wp-content\/uploads\/2024\/01\/bb80b28fe3b73e43624939d96e42c7f6.png","width":750,"height":400,"caption":"CAN 2023+1 : La Tunisie prend la porte"},{"@type":"BreadcrumbList","@id":"https:\/\/www.webdo.tn\/fr\/actualite\/sport\/can-2023-1-la-tunisie-prend-la-porte\/211797\/#breadcrumb","itemListElement":[{"@type":"ListItem","position":1,"name":"Accueil","item":"https:\/\/www.webdo.tn\/fr\/"},{"@type":"ListItem","position":2,"name":"CAN 2023+1 : La Tunisie prend la porte"}]},{"@type":"WebSite","@id":"https:\/\/www.webdo.tn\/fr\/#website","url":"https:\/\/www.webdo.tn\/fr\/","name":"webdo","description":"Tunisie - News en Tunisie et \u00e0 l&#039;international sur Webdo.tn","publisher":{"@id":"https:\/\/www.webdo.tn\/fr\/#organization"},"potentialAction":[{"@type":"SearchAction","target":{"@type":"EntryPoint","urlTemplate":"https:\/\/www.webdo.tn\/fr\/?s={search_term_string}"},"query-input":{"@type":"PropertyValueSpecification","valueRequired":true,"valueName":"search_term_string"}}],"inLanguage":"fr-FR"},{"@type":"Organization","@id":"https:\/\/www.webdo.tn\/fr\/#organization","name":"Webdo","alternateName":"Webdo.tn","url":"https:\/\/www.webdo.tn\/fr\/","logo":{"@type":"ImageObject","inLanguage":"fr-FR","@id":"https:\/\/www.webdo.tn\/fr\/#\/schema\/logo\/image\/","url":"https:\/\/www.webdo.tn\/fr\/wp-content\/uploads\/2025\/06\/Webdo-Tunisie_168377.jpg","contentUrl":"https:\/\/www.webdo.tn\/fr\/wp-content\/uploads\/2025\/06\/Webdo-Tunisie_168377.jpg","width":301,"height":301,"caption":"Webdo"},"image":{"@id":"https:\/\/www.webdo.tn\/fr\/#\/schema\/logo\/image\/"},"sameAs":["https:\/\/www.facebook.com\/webdotn","https:\/\/x.com\/webdo_tn"],"description":"Webdo est un m\u00e9dia num\u00e9rique tunisien fond\u00e9 en 2010, sp\u00e9cialis\u00e9 dans l\u2019actualit\u00e9 nationale et internationale, l\u2019\u00e9conomie, la soci\u00e9t\u00e9 et les analyses politiques. Le site s\u2019adresse \u00e0 un large public francophone et couvre l\u2019information tunisienne en temps r\u00e9el.","email":"redac@webdo.tn","legalName":"YNJ SARL","foundingDate":"2010-09-06","numberOfEmployees":{"@type":"QuantitativeValue","minValue":"11","maxValue":"50"}},{"@type":"Person","@id":"https:\/\/www.webdo.tn\/fr\/#\/schema\/person\/2c4929cbf5a809e3bd38617c6ce150f6","name":"MC","image":{"@type":"ImageObject","inLanguage":"fr-FR","@id":"https:\/\/secure.gravatar.com\/avatar\/a545bbb6f84efdd5553dbbc2895e3ca8f1d12c5215e00a041c9670b54aa9b18a?s=96&d=mm&r=g","url":"https:\/\/secure.gravatar.com\/avatar\/a545bbb6f84efdd5553dbbc2895e3ca8f1d12c5215e00a041c9670b54aa9b18a?s=96&d=mm&r=g","contentUrl":"https:\/\/secure.gravatar.com\/avatar\/a545bbb6f84efdd5553dbbc2895e3ca8f1d12c5215e00a041c9670b54aa9b18a?s=96&d=mm&r=g","caption":"MC"},"url":"https:\/\/www.webdo.tn\/fr\/actualite\/author\/mc\/"}]}},"_links":{"self":[{"href":"https:\/\/www.webdo.tn\/fr\/wp-json\/wp\/v2\/posts\/211797","targetHints":{"allow":["GET"]}}],"collection":[{"href":"https:\/\/www.webdo.tn\/fr\/wp-json\/wp\/v2\/posts"}],"about":[{"href":"https:\/\/www.webdo.tn\/fr\/wp-json\/wp\/v2\/types\/post"}],"author":[{"embeddable":true,"href":"https:\/\/www.webdo.tn\/fr\/wp-json\/wp\/v2\/users\/3162"}],"replies":[{"embeddable":true,"href":"https:\/\/www.webdo.tn\/fr\/wp-json\/wp\/v2\/comments?post=211797"}],"version-history":[{"count":0,"href":"https:\/\/www.webdo.tn\/fr\/wp-json\/wp\/v2\/posts\/211797\/revisions"}],"wp:featuredmedia":[{"embeddable":true,"href":"https:\/\/www.webdo.tn\/fr\/wp-json\/wp\/v2\/media\/248157"}],"wp:attachment":[{"href":"https:\/\/www.webdo.tn\/fr\/wp-json\/wp\/v2\/media?parent=211797"}],"wp:term":[{"taxonomy":"category","embeddable":true,"href":"https:\/\/www.webdo.tn\/fr\/wp-json\/wp\/v2\/categories?post=211797"},{"taxonomy":"post_tag","embeddable":true,"href":"https:\/\/www.webdo.tn\/fr\/wp-json\/wp\/v2\/tags?post=211797"}],"curies":[{"name":"wp","href":"https:\/\/api.w.org\/{rel}","templated":true}]}}