{"id":211790,"date":"2024-01-24T15:43:00","date_gmt":"2024-01-24T15:43:00","guid":{"rendered":"https:\/\/www.webdo.tn\/fr\/blog\/les-films-de-cannes-a-l-honneur-aux-nominations-des-oscars-2024\/211790\/"},"modified":"2024-01-24T15:43:00","modified_gmt":"2024-01-24T15:43:00","slug":"les-films-de-cannes-a-l-honneur-aux-nominations-des-oscars-2024","status":"publish","type":"post","link":"https:\/\/www.webdo.tn\/fr\/actualite\/culture\/les-films-de-cannes-a-l-honneur-aux-nominations-des-oscars-2024\/211790\/","title":{"rendered":"Les films de Cannes \u00e0 l&rsquo;honneur aux nominations des Oscars 2024"},"content":{"rendered":"<div class=\"single-body entry-content typography-copy\" itemprop=\"articleBody\">\n<p style=\"font-weight: bold; text-align: justify\">\n\t\t\t\t\t\t\t\t\tL&rsquo;Acad\u00e9mie des Oscars a d\u00e9voil\u00e9 hier les nominations pour sa 96e c\u00e9r\u00e9monie pr\u00e9vue le 11 mars 2024 \u00e0 Los Angeles. Un grand moment d&rsquo;enthousiasme pour le Festival de Cannes, qui tient \u00e0 f\u00e9liciter les neuf films de sa S\u00e9lection officielle repr\u00e9sent\u00e9s dans 16 cat\u00e9gories, totalisant ainsi 26 nominations.\n\t\t\t\t\t\t\t\t<\/p>\n<div class=\"coprs\" style=\"text-align: center\"><\/div>\n<div class=\"coprs\" style=\"text-align: justify\">\n<p><span><span><strong><em>Anatomie d&rsquo;une chute<\/em>, brillamment nomm\u00e9 dans 5 cat\u00e9gories majeures<\/strong><\/span><\/span><\/p>\n<p><span><span>Le Festival de Cannes c\u00e9l\u00e8bre particuli\u00e8rement la trajectoire exceptionnelle \u00e0 l&rsquo;international de la Palme d&rsquo;or 2023, <em><a href=\"https:\/\/www.webdo.tn\/fr\/actualite\/culture\/cannes-2023-anatomie-d-une-chute-une-exploration-complexe-des-relations-humaines-sous-le-prisme-judiciaire\/206187\">Anatomie d&rsquo;une chute de Justine Triet<\/a><\/em>. Produit par Marie-Ange Luciani et David Thion, le film, distribu\u00e9 en France par Jean Labadie et Le Pacte, ainsi qu&rsquo;aux \u00c9tats-Unis par Tom Quinn et Neon, et vendu \u00e0 l&rsquo;international par mk2 Films, brille dans cinq cat\u00e9gories majeures aux Oscars. <\/span><\/span><\/p>\n<p><span><span>Le film est nomm\u00e9 pour la Meilleure r\u00e9alisation attribu\u00e9e \u00e0 Justine Triet, Meilleure actrice pour Sandra H\u00fcller, Meilleur sc\u00e9nario pour Justine Triet et Arthur Harari, Meilleur montage pour Laurent S\u00e9n\u00e9chal, et enfin, Meilleur film. Un accomplissement remarquable pour cette \u0153uvre salu\u00e9e \u00e0 Cannes.<\/span><\/span><\/p>\n<p><span><span><strong>L&rsquo;Oscar du Meilleur Film International : Un Choix \u00c9tonnant pour la France<\/strong><\/span><\/span><\/p>\n<p><span><span>Cependant, il est surprenant de constater qu\u2019<em>Anatomie d&rsquo;une chute<\/em> n&rsquo;a pas \u00e9t\u00e9 choisi par la France pour repr\u00e9senter le pays dans la cat\u00e9gorie du Meilleur Film international, malgr\u00e9 ses nombreuses nominations. \u00c0 la place, c&rsquo;est <em>La Passion De Dodin Bouffant<\/em> de Tran Anh H\u00f9ng, \u00e9galement pr\u00e9sent\u00e9 \u00e0 Cannes et r\u00e9compens\u00e9 par le Prix de la Mise en Sc\u00e8ne, qui a \u00e9t\u00e9 retenu. <\/span><\/span><\/p>\n<p><span><span>Cette d\u00e9cision soul\u00e8ve des interrogations l\u00e9gitimes. Est-ce li\u00e9 au discours prononc\u00e9 par Justine Triet lors de la remise de la Palme d&rsquo;Or, ou bien la France a-t-elle estim\u00e9 que <em>La Passion De Dodin Bouffant <\/em>repr\u00e9sentait mieux ses valeurs, avec son attachement au terroir et \u00e0 la gastronomie?<\/span><\/span><\/p>\n<p><span><span><strong>De Cannes aux Oscars : <em>La zone d\u2019int\u00e9r\u00eat<\/em> en lice avec 5 Nominations<\/strong><\/span><\/span><\/p>\n<p><span><span>Parmi les films qui ont marqu\u00e9 le Festival de Cannes et qui continuent de briller sur la sc\u00e8ne mondiale, <em><a href=\"https:\/\/www.webdo.tn\/fr\/actualite\/culture\/cannes-2023-the-zone-of-interest-une-immersion-troublante-dans-l-univers-domestique-nazi-d-auschwitz\/206264\">La Zone d\u2019int\u00e9r\u00eat<\/a><\/em> se distingue avec ses 5 nominations aux Oscars 2024, dont 3 dans des cat\u00e9gories majeures. Ce long-m\u00e9trage, qui avait remport\u00e9 le Grand Prix \u00e0 Cannes, confirme son excellence artistique et son impact significatif dans l&rsquo;industrie cin\u00e9matographique. F\u00e9licitations \u00e0 l&rsquo;\u00e9quipe derri\u00e8re ce film captivant qui continue de susciter l&rsquo;admiration, t\u00e9moignant ainsi de la qualit\u00e9 exceptionnelle des productions pr\u00e9sent\u00e9es au Festival de Cannes.<\/span><\/span><\/p>\n<p><span><span><strong><em><a href=\"https:\/\/www.webdo.tn\/fr\/actualite\/culture\/cannes-2023\/206097\">Les Filles d&rsquo;Olfa<\/a><\/em> : Le triomphe d&rsquo;une r\u00e9alisatrice Tunisienne<\/strong><\/span><\/span><\/p>\n<p><span><span>Par ailleurs, notons le succ\u00e8s du film tunisien <em>Les Filles d&rsquo;Olfa<\/em>, r\u00e9alis\u00e9 par Kaouther Ben Hania, qui a marqu\u00e9 son entr\u00e9e dans la S\u00e9lection officielle du Festival de Cannes. <a href=\"https:\/\/www.webdo.tn\/fr\/actualite\/culture\/le-cinema-tunisien-au-festival-de-cannes-de-1955-a-2023\/205546\">Ce film constitue le premier repr\u00e9sentant tunisien en s\u00e9lection officielle depuis 1970<\/a> et <a href=\"https:\/\/www.webdo.tn\/fr\/actualite\/culture\/cannes-2023-quatre-prix-pour-les-filles-d-olfa-de-kaouther-ben-hania\/206114\">a rafl\u00e9 quatre prix dans les sections parall\u00e8les du festival.<\/a><\/span><\/span><\/p>\n<p><span><span>Kaouther Ben Hania s&rsquo;illustre en tant que seule r\u00e9alisatrice tunisienne et arabe \u00e0 avoir eu deux films nomm\u00e9s aux Oscars, son avant dernier film <em><a href=\"https:\/\/www.webdo.tn\/fr\/actualite\/culture\/le-film-lhomme-qui-a-vendu-sa-peau-merite-loscar-du-meilleur-film-international\/199966\">L\u2019homme qui avait vendu sa peau avait \u00e9t\u00e9 nomm\u00e9 \u00e0 l\u2019oscar 2021 du Meilleur Film International.<\/a><\/em> Il avait \u00e9t\u00e9 le premier long m\u00e9trage tunisien \u00e0 avoir \u00e9t\u00e9 nomm\u00e9 aux oscars. Un exploit qui atteste de son talent et de la reconnaissance internationale pour le cin\u00e9ma tunisien. <\/span><\/span><\/p>\n<p>\u00a0<\/p>\n<p><img decoding=\"async\" alt=\"\" height=\"901\" src=\"\/assets\/uploads\/images\/\/Neila\/Oscars%202024%20Anatomie%20d'une%20chute.jpeg\" width=\"658\"><\/p>\n<p><span><span><strong><em><a href=\"https:\/\/www.webdo.tn\/fr\/actualite\/culture\/cannes-2023-anatomie-d-une-chute-une-exploration-complexe-des-relations-humaines-sous-le-prisme-judiciaire\/206187\">ANATOMIE D&rsquo;UNE CHUTE de Justine Triet<\/a><\/em><\/strong><br \/>\nFestival de Cannes 2023 &#8211; <a href=\"https:\/\/www.webdo.tn\/fr\/actualite\/culture\/cannes-2023-palmares-palme-d-or-anatomie-d-une-chute\/206119\">Comp\u00e9tition officielle &#8211; Palme d&rsquo;or<\/a> <\/span><\/span><\/p>\n<p><span><span>5 nominations\u00a0:<\/span><\/span><\/p>\n<p><span><span>&#8211; Meilleure actrice<\/span><\/span><\/p>\n<p><span><span>&#8211; Meilleur film<\/span><\/span><\/p>\n<p><span><span>&#8211; Meilleur montage<\/span><\/span><\/p>\n<p><span><span>&#8211; Meilleure r\u00e9alisation<\/span><\/span><\/p>\n<p><span><span>&#8211; Meilleur sc\u00e9nario original<\/span><\/span><\/p>\n<p>\u00a0<\/p>\n<p><img decoding=\"async\" alt=\"\" height=\"1080\" src=\"\/assets\/uploads\/images\/\/Neila\/Oscars%202024%20Elementaire.jpeg\" width=\"864\"><\/p>\n<p>\u00a0<\/p>\n<p><span><span><strong><em><a href=\"https:\/\/www.webdo.tn\/fr\/actualite\/culture\/cannes-2023-elementaire-le-dernier-pixar-en-film-de-cloture\/205006\">\u00c9L\u00c9MENTAIRE de Peter Sohn<\/a><\/em><\/strong><br \/>\nFestival de Cannes 2023 \u2013 Film de cl\u00f4ture en Hors Comp\u00e9tition <\/span><\/span><\/p>\n<p><span><span>1 nomination\u00a0:<\/span><\/span><\/p>\n<p><span><span>&#8211; Meilleur film d&rsquo;animation<\/span><\/span><\/p>\n<p>\u00a0<\/p>\n<p><img decoding=\"async\" alt=\"\" height=\"1200\" src=\"\/assets\/uploads\/images\/\/Neila\/Oscars%202024%20Les%20filles%20d'Olfa.jpeg\" width=\"881\"><\/p>\n<p>\u00a0<\/p>\n<p><span><span><strong><em><a href=\"https:\/\/www.webdo.tn\/fr\/actualite\/culture\/cannes-2023\/206097\">LES FILLES D&rsquo;OLFA de Kaouther Ben Hania<\/a><\/em><\/strong><br \/>\nFestival de Cannes 2023 \u2013 Comp\u00e9tition officielle <\/span><\/span><\/p>\n<p><span><span>1 nomination\u00a0:<\/span><\/span><\/p>\n<p><span><span>&#8211; Meilleur film documentaire<\/span><\/span><\/p>\n<p>\u00a0<\/p>\n<p><img decoding=\"async\" alt=\"\" height=\"1200\" src=\"\/assets\/uploads\/images\/\/Neila\/Oscars%202024%20Indiana%20Jones.jpeg\" width=\"812\"><\/p>\n<p>\u00a0<\/p>\n<p><span><span><span><u><strong><em><a href=\"https:\/\/www.webdo.tn\/fr\/actualite\/culture\/cannes-2023-avant-premiere-mondiale-de-indiana-jones-et-le-cadran-de-la-destinee\/204518\">INDIANA JONES ET LE CADRAN DE LA DESTIN\u00c9E de James Mangold<\/a><\/em><\/strong><\/u><\/span><br \/>\nFestival de Cannes 2023 &#8211; Hors Comp\u00e9tition<\/span><\/span><\/p>\n<p><span><span>1 nomination:<\/span><\/span><\/p>\n<p><span><span>&#8211; Meilleure musique originale<\/span><\/span><\/p>\n<p>\u00a0<\/p>\n<p><img decoding=\"async\" alt=\"\" height=\"1200\" src=\"\/assets\/uploads\/images\/\/Neila\/Oscars%202024%20Killers%20of%20the%20flower%20moon.jpeg\" width=\"900\"><\/p>\n<p>\u00a0<\/p>\n<p><span><span><strong><em><a href=\"https:\/\/www.webdo.tn\/fr\/actualite\/culture\/cannes-2023-avant-premiere-mondiale-de-killers-of-the-flower-moon-de-martin-scorsese\/204454\">KILLERS OF THE FLOWER MOON de Martin Scorsese<\/a><\/em><\/strong><br \/>\nFestival de Cannes 2023 &#8211; Hors Comp\u00e9tition<\/span><\/span><\/p>\n<p><span><span>10 nominations\u00a0:<\/span><\/span><\/p>\n<p><span><span>&#8211; Meilleure actrice<\/span><\/span><\/p>\n<p><span><span>&#8211; Meilleur acteur dans un r\u00f4le secondaire<\/span><\/span><\/p>\n<p><span><span>&#8211; Meilleure chanson originale<\/span><\/span><\/p>\n<p><span><span>&#8211; Meilleurs costumes<\/span><\/span><\/p>\n<p><span><span>&#8211; Meilleurs d\u00e9cors<\/span><\/span><\/p>\n<p><span><span>&#8211; Meilleur film<\/span><\/span><\/p>\n<p><span><span>&#8211; Meilleur montage<\/span><\/span><\/p>\n<p><span><span>&#8211; Meilleure musique originale<\/span><\/span><\/p>\n<p><span><span>&#8211; Meilleure photographie<\/span><\/span><\/p>\n<p><span><span>&#8211; Meilleure r\u00e9alisation<\/span><\/span><\/p>\n<p>\u00a0<\/p>\n<p><img decoding=\"async\" alt=\"\" height=\"1200\" src=\"\/assets\/uploads\/images\/\/Neila\/Oscars%202024%20May%20December.jpeg\" width=\"800\"><\/p>\n<p>\u00a0<\/p>\n<p><span><span><strong><em>MAY DECEMBER<\/em> de Todd Haynes<\/strong><br \/>\nFestival de Cannes 2023 \u2013 Comp\u00e9tition officielle<\/span><\/span><\/p>\n<p><span><span>1 nomination:<\/span><\/span><\/p>\n<p><span><span>&#8211; Meilleur sc\u00e9nario original<\/span><\/span><\/p>\n<p>\u00a0<\/p>\n<p><img decoding=\"async\" alt=\"\" height=\"720\" src=\"\/assets\/uploads\/images\/\/Neila\/Oscars%202024%20Robot.jpeg\" width=\"540\"><\/p>\n<p>\u00a0<\/p>\n<p><span><span><strong><em>MON AMI ROBOT<\/em> de Pablo Berger<\/strong><br \/>\nFestival de Cannes 2023 &#8211; S\u00e9ances Sp\u00e9ciales<\/span><\/span><\/p>\n<p><span><span>1 nomination\u00a0:<\/span><\/span><\/p>\n<p><span><span>&#8211; Meilleur film d&rsquo;animation<\/span><\/span><\/p>\n<p>\u00a0<\/p>\n<p><img decoding=\"async\" alt=\"\" height=\"1200\" src=\"\/assets\/uploads\/images\/\/Neila\/Oscars%202024%20Perfect%20Days.jpeg\" width=\"881\"><\/p>\n<p>\u00a0<\/p>\n<p><span><span><strong><em>PERFECT DAYS<\/em> de Wim Wenders<\/strong><br \/>\nFestival de Cannes 2023 &#8211; Comp\u00e9tition officielle &#8211; Prix d&rsquo;interpr\u00e9tation masculine <\/span><\/span><\/p>\n<p><span><span>1 nomination\u00a0:<\/span><\/span><\/p>\n<p><span><span>&#8211; Meilleur film international<\/span><\/span><\/p>\n<p>\u00a0<\/p>\n<p><img decoding=\"async\" alt=\"\" height=\"1200\" src=\"\/assets\/uploads\/images\/\/Neila\/Oscars%202024%20Zone%20of%20interest.jpeg\" width=\"900\"><\/p>\n<p>\u00a0<\/p>\n<p><span><span><strong><em><a href=\"https:\/\/www.webdo.tn\/fr\/actualite\/culture\/cannes-2023-the-zone-of-interest-une-immersion-troublante-dans-l-univers-domestique-nazi-d-auschwitz\/206264\">LA ZONE D&rsquo;INT\u00c9R\u00caT de Jonathan Glazer<\/a><\/em><\/strong><\/span><\/span><\/p>\n<p><span><span>Festival de Cannes 2023 &#8211; Comp\u00e9tition officielle &#8211; Grand Prix <\/span><\/span><\/p>\n<p><span><span>5 nominations\u00a0:<\/span><\/span><\/p>\n<p><span><span>&#8211; Meilleur film<\/span><\/span><\/p>\n<p><span><span>&#8211; Meilleur film international<\/span><\/span><\/p>\n<p><span><span>&#8211; Meilleure r\u00e9alisation<\/span><\/span><\/p>\n<p><span><span>&#8211; Meilleur sc\u00e9nario adapt\u00e9<\/span><\/span><\/p>\n<p><span><span>&#8211; Meilleur son<\/span><\/span><\/p>\n<p>\u00a0<\/p>\n<p><span><span><a href=\"https:\/\/www.webdo.tn\/fr\/actualite\/culture\/le-festival-de-cannes-devoile-les-dates-de-sa-77e-edition-en-2024\/206399\">Le 77e Festival de Cannes aura lieu du mardi 14 au samedi 25 mai 2024.<\/a><\/span><\/span><\/p>\n<p><span><span>La S\u00e9lection officielle sera d\u00e9voil\u00e9e mi-avril 2024.<\/span><\/span><\/p>\n<p><span><span><strong>Ne\u00efla Driss<\/strong><\/span><\/span><\/p>\n<\/p><\/div>\n<div class=\"coprs\" style=\"text-align: center\"><\/div><\/div>\n","protected":false},"excerpt":{"rendered":"<p>L&rsquo;Acad\u00e9mie des Oscars a d\u00e9voil\u00e9 hier les nominations pour sa 96e c\u00e9r\u00e9monie pr\u00e9vue le 11 mars 2024 \u00e0 Los Angeles. Un grand moment d&rsquo;enthousiasme pour le Festival&#8230;<\/p>\n","protected":false},"author":3164,"featured_media":290129,"comment_status":"open","ping_status":"closed","sticky":false,"template":"","format":"standard","meta":{"footnotes":""},"categories":[2594],"tags":[7127,2627,3823,6878],"class_list":["post-211790","post","type-post","status-publish","format-standard","has-post-thumbnail","hentry","category-culture","tag-cannes-2023","tag-festival-de-cannes","tag-oscars","tag-oscars-2024"],"yoast_head":"<!-- This site is optimized with the Yoast SEO Premium plugin v27.4 (Yoast SEO v27.4) - https:\/\/yoast.com\/product\/yoast-seo-premium-wordpress\/ -->\n<title>Les films de Cannes \u00e0 l&#039;honneur aux nominations des Oscars 2024<\/title>\n<meta name=\"description\" content=\"L&#039;Acad\u00e9mie des Oscars a d\u00e9voil\u00e9 hier les nominations pour sa 96e c\u00e9r\u00e9monie pr\u00e9vue le 11 mars 2024 \u00e0 Los Angeles. Un grand moment d&#039;enthousiasme pour le Festival...\" \/>\n<link rel=\"canonical\" href=\"https:\/\/www.webdo.tn\/fr\/actualite\/culture\/les-films-de-cannes-a-l-honneur-aux-nominations-des-oscars-2024\/211790\/\" \/>\n<meta property=\"og:locale\" content=\"fr_FR\" \/>\n<meta property=\"og:type\" content=\"article\" \/>\n<meta property=\"og:title\" content=\"Les films de Cannes \u00e0 l&#039;honneur aux nominations des Oscars 2024\" \/>\n<meta property=\"og:description\" content=\"L&#039;Acad\u00e9mie des Oscars a d\u00e9voil\u00e9 hier les nominations pour sa 96e c\u00e9r\u00e9monie pr\u00e9vue le 11 mars 2024 \u00e0 Los Angeles. Un grand moment d&#039;enthousiasme pour le Festival...\" \/>\n<meta property=\"og:url\" content=\"https:\/\/www.webdo.tn\/fr\/actualite\/culture\/les-films-de-cannes-a-l-honneur-aux-nominations-des-oscars-2024\/211790\/\" \/>\n<meta property=\"og:site_name\" content=\"webdo\" \/>\n<meta property=\"article:publisher\" content=\"https:\/\/www.facebook.com\/webdotn\" \/>\n<meta property=\"article:author\" content=\"https:\/\/www.facebook.com\/massir.destiniii\/\" \/>\n<meta property=\"article:published_time\" content=\"2024-01-24T15:43:00+00:00\" \/>\n<meta property=\"og:image\" content=\"https:\/\/www.webdo.tn\/fr\/wp-content\/uploads\/2024\/01\/592734fd4f66046ce2cc99357e19838d.jpeg\" \/>\n\t<meta property=\"og:image:width\" content=\"750\" \/>\n\t<meta property=\"og:image:height\" content=\"400\" \/>\n\t<meta property=\"og:image:type\" content=\"image\/jpeg\" \/>\n<meta name=\"author\" content=\"Ne\u00efla DRISS\" \/>\n<meta name=\"twitter:card\" content=\"summary_large_image\" \/>\n<meta name=\"twitter:creator\" content=\"@https:\/\/x.com\/MassirDestin\" \/>\n<meta name=\"twitter:site\" content=\"@webdo_tn\" \/>\n<meta name=\"twitter:label1\" content=\"\u00c9crit par\" \/>\n\t<meta name=\"twitter:data1\" content=\"Ne\u00efla DRISS\" \/>\n\t<meta name=\"twitter:label2\" content=\"Dur\u00e9e de lecture estim\u00e9e\" \/>\n\t<meta name=\"twitter:data2\" content=\"4 minutes\" \/>\n<script type=\"application\/ld+json\" class=\"yoast-schema-graph\">{\"@context\":\"https:\\\/\\\/schema.org\",\"@graph\":[{\"@type\":\"NewsArticle\",\"@id\":\"https:\\\/\\\/www.webdo.tn\\\/fr\\\/actualite\\\/culture\\\/les-films-de-cannes-a-l-honneur-aux-nominations-des-oscars-2024\\\/211790\\\/#article\",\"isPartOf\":{\"@id\":\"https:\\\/\\\/www.webdo.tn\\\/fr\\\/actualite\\\/culture\\\/les-films-de-cannes-a-l-honneur-aux-nominations-des-oscars-2024\\\/211790\\\/\"},\"author\":{\"name\":\"Ne\u00efla DRISS\",\"@id\":\"https:\\\/\\\/www.webdo.tn\\\/fr\\\/#\\\/schema\\\/person\\\/60d5ba619ed3f58783b0dc82b7dada80\"},\"headline\":\"Les films de Cannes \u00e0 l&rsquo;honneur aux nominations des Oscars 2024\",\"datePublished\":\"2024-01-24T15:43:00+00:00\",\"mainEntityOfPage\":{\"@id\":\"https:\\\/\\\/www.webdo.tn\\\/fr\\\/actualite\\\/culture\\\/les-films-de-cannes-a-l-honneur-aux-nominations-des-oscars-2024\\\/211790\\\/\"},\"wordCount\":853,\"commentCount\":0,\"publisher\":{\"@id\":\"https:\\\/\\\/www.webdo.tn\\\/fr\\\/#organization\"},\"image\":{\"@id\":\"https:\\\/\\\/www.webdo.tn\\\/fr\\\/actualite\\\/culture\\\/les-films-de-cannes-a-l-honneur-aux-nominations-des-oscars-2024\\\/211790\\\/#primaryimage\"},\"thumbnailUrl\":\"https:\\\/\\\/www.webdo.tn\\\/fr\\\/wp-content\\\/uploads\\\/2024\\\/01\\\/592734fd4f66046ce2cc99357e19838d.jpeg\",\"keywords\":[\"Cannes 2023\",\"Festival de Cannes\",\"Oscars\",\"Oscars 2024\"],\"articleSection\":[\"Culture\"],\"inLanguage\":\"fr-FR\"},{\"@type\":\"WebPage\",\"@id\":\"https:\\\/\\\/www.webdo.tn\\\/fr\\\/actualite\\\/culture\\\/les-films-de-cannes-a-l-honneur-aux-nominations-des-oscars-2024\\\/211790\\\/\",\"url\":\"https:\\\/\\\/www.webdo.tn\\\/fr\\\/actualite\\\/culture\\\/les-films-de-cannes-a-l-honneur-aux-nominations-des-oscars-2024\\\/211790\\\/\",\"name\":\"Les films de Cannes \u00e0 l'honneur aux nominations des Oscars 2024\",\"isPartOf\":{\"@id\":\"https:\\\/\\\/www.webdo.tn\\\/fr\\\/#website\"},\"primaryImageOfPage\":{\"@id\":\"https:\\\/\\\/www.webdo.tn\\\/fr\\\/actualite\\\/culture\\\/les-films-de-cannes-a-l-honneur-aux-nominations-des-oscars-2024\\\/211790\\\/#primaryimage\"},\"image\":{\"@id\":\"https:\\\/\\\/www.webdo.tn\\\/fr\\\/actualite\\\/culture\\\/les-films-de-cannes-a-l-honneur-aux-nominations-des-oscars-2024\\\/211790\\\/#primaryimage\"},\"thumbnailUrl\":\"https:\\\/\\\/www.webdo.tn\\\/fr\\\/wp-content\\\/uploads\\\/2024\\\/01\\\/592734fd4f66046ce2cc99357e19838d.jpeg\",\"datePublished\":\"2024-01-24T15:43:00+00:00\",\"description\":\"L'Acad\u00e9mie des Oscars a d\u00e9voil\u00e9 hier les nominations pour sa 96e c\u00e9r\u00e9monie pr\u00e9vue le 11 mars 2024 \u00e0 Los Angeles. Un grand moment d'enthousiasme pour le Festival...\",\"breadcrumb\":{\"@id\":\"https:\\\/\\\/www.webdo.tn\\\/fr\\\/actualite\\\/culture\\\/les-films-de-cannes-a-l-honneur-aux-nominations-des-oscars-2024\\\/211790\\\/#breadcrumb\"},\"inLanguage\":\"fr-FR\",\"potentialAction\":[{\"@type\":\"ReadAction\",\"target\":[\"https:\\\/\\\/www.webdo.tn\\\/fr\\\/actualite\\\/culture\\\/les-films-de-cannes-a-l-honneur-aux-nominations-des-oscars-2024\\\/211790\\\/\"]}]},{\"@type\":\"ImageObject\",\"inLanguage\":\"fr-FR\",\"@id\":\"https:\\\/\\\/www.webdo.tn\\\/fr\\\/actualite\\\/culture\\\/les-films-de-cannes-a-l-honneur-aux-nominations-des-oscars-2024\\\/211790\\\/#primaryimage\",\"url\":\"https:\\\/\\\/www.webdo.tn\\\/fr\\\/wp-content\\\/uploads\\\/2024\\\/01\\\/592734fd4f66046ce2cc99357e19838d.jpeg\",\"contentUrl\":\"https:\\\/\\\/www.webdo.tn\\\/fr\\\/wp-content\\\/uploads\\\/2024\\\/01\\\/592734fd4f66046ce2cc99357e19838d.jpeg\",\"width\":750,\"height\":400,\"caption\":\"Les films de Cannes \u00e0 l'honneur aux nominations des Oscars 2024\"},{\"@type\":\"BreadcrumbList\",\"@id\":\"https:\\\/\\\/www.webdo.tn\\\/fr\\\/actualite\\\/culture\\\/les-films-de-cannes-a-l-honneur-aux-nominations-des-oscars-2024\\\/211790\\\/#breadcrumb\",\"itemListElement\":[{\"@type\":\"ListItem\",\"position\":1,\"name\":\"Accueil\",\"item\":\"https:\\\/\\\/www.webdo.tn\\\/fr\\\/\"},{\"@type\":\"ListItem\",\"position\":2,\"name\":\"Les films de Cannes \u00e0 l&rsquo;honneur aux nominations des Oscars 2024\"}]},{\"@type\":\"WebSite\",\"@id\":\"https:\\\/\\\/www.webdo.tn\\\/fr\\\/#website\",\"url\":\"https:\\\/\\\/www.webdo.tn\\\/fr\\\/\",\"name\":\"webdo\",\"description\":\"Tunisie - News en Tunisie et \u00e0 l&#039;international sur Webdo.tn\",\"publisher\":{\"@id\":\"https:\\\/\\\/www.webdo.tn\\\/fr\\\/#organization\"},\"potentialAction\":[{\"@type\":\"SearchAction\",\"target\":{\"@type\":\"EntryPoint\",\"urlTemplate\":\"https:\\\/\\\/www.webdo.tn\\\/fr\\\/?s={search_term_string}\"},\"query-input\":{\"@type\":\"PropertyValueSpecification\",\"valueRequired\":true,\"valueName\":\"search_term_string\"}}],\"inLanguage\":\"fr-FR\"},{\"@type\":\"Organization\",\"@id\":\"https:\\\/\\\/www.webdo.tn\\\/fr\\\/#organization\",\"name\":\"Webdo\",\"alternateName\":\"Webdo.tn\",\"url\":\"https:\\\/\\\/www.webdo.tn\\\/fr\\\/\",\"logo\":{\"@type\":\"ImageObject\",\"inLanguage\":\"fr-FR\",\"@id\":\"https:\\\/\\\/www.webdo.tn\\\/fr\\\/#\\\/schema\\\/logo\\\/image\\\/\",\"url\":\"https:\\\/\\\/www.webdo.tn\\\/fr\\\/wp-content\\\/uploads\\\/2025\\\/06\\\/Webdo-Tunisie_168377.jpg\",\"contentUrl\":\"https:\\\/\\\/www.webdo.tn\\\/fr\\\/wp-content\\\/uploads\\\/2025\\\/06\\\/Webdo-Tunisie_168377.jpg\",\"width\":301,\"height\":301,\"caption\":\"Webdo\"},\"image\":{\"@id\":\"https:\\\/\\\/www.webdo.tn\\\/fr\\\/#\\\/schema\\\/logo\\\/image\\\/\"},\"sameAs\":[\"https:\\\/\\\/www.facebook.com\\\/webdotn\",\"https:\\\/\\\/x.com\\\/webdo_tn\"],\"description\":\"Webdo est un m\u00e9dia num\u00e9rique tunisien fond\u00e9 en 2010, sp\u00e9cialis\u00e9 dans l\u2019actualit\u00e9 nationale et internationale, l\u2019\u00e9conomie, la soci\u00e9t\u00e9 et les analyses politiques. Le site s\u2019adresse \u00e0 un large public francophone et couvre l\u2019information tunisienne en temps r\u00e9el.\",\"email\":\"redac@webdo.tn\",\"legalName\":\"YNJ SARL\",\"foundingDate\":\"2010-09-06\",\"numberOfEmployees\":{\"@type\":\"QuantitativeValue\",\"minValue\":\"11\",\"maxValue\":\"50\"}},{\"@type\":\"Person\",\"@id\":\"https:\\\/\\\/www.webdo.tn\\\/fr\\\/#\\\/schema\\\/person\\\/60d5ba619ed3f58783b0dc82b7dada80\",\"name\":\"Ne\u00efla DRISS\",\"image\":{\"@type\":\"ImageObject\",\"inLanguage\":\"fr-FR\",\"@id\":\"https:\\\/\\\/www.webdo.tn\\\/fr\\\/wp-content\\\/uploads\\\/2026\\\/04\\\/neila-driss_avatar-96x96.jpg\",\"url\":\"https:\\\/\\\/www.webdo.tn\\\/fr\\\/wp-content\\\/uploads\\\/2026\\\/04\\\/neila-driss_avatar-96x96.jpg\",\"contentUrl\":\"https:\\\/\\\/www.webdo.tn\\\/fr\\\/wp-content\\\/uploads\\\/2026\\\/04\\\/neila-driss_avatar-96x96.jpg\",\"caption\":\"Ne\u00efla DRISS\"},\"description\":\"Ne\u00efla Driss est juriste, journaliste culturelle et critique de cin\u00e9ma tunisienne. Titulaire d\u2019un DEA en droit priv\u00e9 de l\u2019Universit\u00e9 Paris II et d\u2019un DESS de l\u2019IHEC Carthage, elle d\u00e9bute sa carri\u00e8re comme juriste sp\u00e9cialis\u00e9e en gestion de patrimoine immobilier. Elle s\u2019oriente ensuite vers l\u2019\u00e9criture en ligne, o\u00f9 elle se distingue d\u00e8s 2006 aux Tunisia Blog Awards, avant de se consacrer au journalisme culturel, avec une sp\u00e9cialisation dans la critique cin\u00e9matographique. Elle couvre r\u00e9guli\u00e8rement les grands festivals internationaux, notamment le Festival de Cannes, les Journ\u00e9es Cin\u00e9matographiques de Carthage et le Festival du film du Caire. Membre de l\u2019ATPCC et de la FIPRESCI, elle participe \u00e0 des jurys et initiatives internationales de critique. Depuis 2024, elle est \u00e9lectrice internationale aux Golden Globes. Facebook : https:\\\/\\\/www.facebook.com\\\/massir.destiniii\\\/ X : https:\\\/\\\/x.com\\\/MassirDestin\",\"sameAs\":[\"https:\\\/\\\/www.facebook.com\\\/massir.destiniii\\\/\",\"https:\\\/\\\/www.instagram.com\\\/neila.driss\\\/?hl=fr\",\"https:\\\/\\\/www.linkedin.com\\\/in\\\/neila-driss-22606a80\\\/\",\"https:\\\/\\\/x.com\\\/https:\\\/\\\/x.com\\\/MassirDestin\"],\"knowsAbout\":[\"Cin\u00e9ma international\",\"critique cin\u00e9matographique\",\"festivals de cin\u00e9ma\",\"journalisme culturel\"],\"knowsLanguage\":[\"Fran\u00e7ais\",\"Arabe\",\"Anglais\"],\"jobTitle\":\"Journaliste culturelle et critique de cin\u00e9ma\",\"worksFor\":\"Webdo\",\"url\":\"https:\\\/\\\/www.webdo.tn\\\/fr\\\/actualite\\\/author\\\/neila-driss\\\/\"}]}<\/script>\n<!-- \/ Yoast SEO Premium plugin. -->","yoast_head_json":{"title":"Les films de Cannes \u00e0 l'honneur aux nominations des Oscars 2024","description":"L'Acad\u00e9mie des Oscars a d\u00e9voil\u00e9 hier les nominations pour sa 96e c\u00e9r\u00e9monie pr\u00e9vue le 11 mars 2024 \u00e0 Los Angeles. Un grand moment d'enthousiasme pour le Festival...","canonical":"https:\/\/www.webdo.tn\/fr\/actualite\/culture\/les-films-de-cannes-a-l-honneur-aux-nominations-des-oscars-2024\/211790\/","og_locale":"fr_FR","og_type":"article","og_title":"Les films de Cannes \u00e0 l'honneur aux nominations des Oscars 2024","og_description":"L'Acad\u00e9mie des Oscars a d\u00e9voil\u00e9 hier les nominations pour sa 96e c\u00e9r\u00e9monie pr\u00e9vue le 11 mars 2024 \u00e0 Los Angeles. Un grand moment d'enthousiasme pour le Festival...","og_url":"https:\/\/www.webdo.tn\/fr\/actualite\/culture\/les-films-de-cannes-a-l-honneur-aux-nominations-des-oscars-2024\/211790\/","og_site_name":"webdo","article_publisher":"https:\/\/www.facebook.com\/webdotn","article_author":"https:\/\/www.facebook.com\/massir.destiniii\/","article_published_time":"2024-01-24T15:43:00+00:00","og_image":[{"width":750,"height":400,"url":"https:\/\/www.webdo.tn\/fr\/wp-content\/uploads\/2024\/01\/592734fd4f66046ce2cc99357e19838d.jpeg","type":"image\/jpeg"}],"author":"Ne\u00efla DRISS","twitter_card":"summary_large_image","twitter_creator":"@https:\/\/x.com\/MassirDestin","twitter_site":"@webdo_tn","twitter_misc":{"\u00c9crit par":"Ne\u00efla DRISS","Dur\u00e9e de lecture estim\u00e9e":"4 minutes"},"schema":{"@context":"https:\/\/schema.org","@graph":[{"@type":"NewsArticle","@id":"https:\/\/www.webdo.tn\/fr\/actualite\/culture\/les-films-de-cannes-a-l-honneur-aux-nominations-des-oscars-2024\/211790\/#article","isPartOf":{"@id":"https:\/\/www.webdo.tn\/fr\/actualite\/culture\/les-films-de-cannes-a-l-honneur-aux-nominations-des-oscars-2024\/211790\/"},"author":{"name":"Ne\u00efla DRISS","@id":"https:\/\/www.webdo.tn\/fr\/#\/schema\/person\/60d5ba619ed3f58783b0dc82b7dada80"},"headline":"Les films de Cannes \u00e0 l&rsquo;honneur aux nominations des Oscars 2024","datePublished":"2024-01-24T15:43:00+00:00","mainEntityOfPage":{"@id":"https:\/\/www.webdo.tn\/fr\/actualite\/culture\/les-films-de-cannes-a-l-honneur-aux-nominations-des-oscars-2024\/211790\/"},"wordCount":853,"commentCount":0,"publisher":{"@id":"https:\/\/www.webdo.tn\/fr\/#organization"},"image":{"@id":"https:\/\/www.webdo.tn\/fr\/actualite\/culture\/les-films-de-cannes-a-l-honneur-aux-nominations-des-oscars-2024\/211790\/#primaryimage"},"thumbnailUrl":"https:\/\/www.webdo.tn\/fr\/wp-content\/uploads\/2024\/01\/592734fd4f66046ce2cc99357e19838d.jpeg","keywords":["Cannes 2023","Festival de Cannes","Oscars","Oscars 2024"],"articleSection":["Culture"],"inLanguage":"fr-FR"},{"@type":"WebPage","@id":"https:\/\/www.webdo.tn\/fr\/actualite\/culture\/les-films-de-cannes-a-l-honneur-aux-nominations-des-oscars-2024\/211790\/","url":"https:\/\/www.webdo.tn\/fr\/actualite\/culture\/les-films-de-cannes-a-l-honneur-aux-nominations-des-oscars-2024\/211790\/","name":"Les films de Cannes \u00e0 l'honneur aux nominations des Oscars 2024","isPartOf":{"@id":"https:\/\/www.webdo.tn\/fr\/#website"},"primaryImageOfPage":{"@id":"https:\/\/www.webdo.tn\/fr\/actualite\/culture\/les-films-de-cannes-a-l-honneur-aux-nominations-des-oscars-2024\/211790\/#primaryimage"},"image":{"@id":"https:\/\/www.webdo.tn\/fr\/actualite\/culture\/les-films-de-cannes-a-l-honneur-aux-nominations-des-oscars-2024\/211790\/#primaryimage"},"thumbnailUrl":"https:\/\/www.webdo.tn\/fr\/wp-content\/uploads\/2024\/01\/592734fd4f66046ce2cc99357e19838d.jpeg","datePublished":"2024-01-24T15:43:00+00:00","description":"L'Acad\u00e9mie des Oscars a d\u00e9voil\u00e9 hier les nominations pour sa 96e c\u00e9r\u00e9monie pr\u00e9vue le 11 mars 2024 \u00e0 Los Angeles. Un grand moment d'enthousiasme pour le Festival...","breadcrumb":{"@id":"https:\/\/www.webdo.tn\/fr\/actualite\/culture\/les-films-de-cannes-a-l-honneur-aux-nominations-des-oscars-2024\/211790\/#breadcrumb"},"inLanguage":"fr-FR","potentialAction":[{"@type":"ReadAction","target":["https:\/\/www.webdo.tn\/fr\/actualite\/culture\/les-films-de-cannes-a-l-honneur-aux-nominations-des-oscars-2024\/211790\/"]}]},{"@type":"ImageObject","inLanguage":"fr-FR","@id":"https:\/\/www.webdo.tn\/fr\/actualite\/culture\/les-films-de-cannes-a-l-honneur-aux-nominations-des-oscars-2024\/211790\/#primaryimage","url":"https:\/\/www.webdo.tn\/fr\/wp-content\/uploads\/2024\/01\/592734fd4f66046ce2cc99357e19838d.jpeg","contentUrl":"https:\/\/www.webdo.tn\/fr\/wp-content\/uploads\/2024\/01\/592734fd4f66046ce2cc99357e19838d.jpeg","width":750,"height":400,"caption":"Les films de Cannes \u00e0 l'honneur aux nominations des Oscars 2024"},{"@type":"BreadcrumbList","@id":"https:\/\/www.webdo.tn\/fr\/actualite\/culture\/les-films-de-cannes-a-l-honneur-aux-nominations-des-oscars-2024\/211790\/#breadcrumb","itemListElement":[{"@type":"ListItem","position":1,"name":"Accueil","item":"https:\/\/www.webdo.tn\/fr\/"},{"@type":"ListItem","position":2,"name":"Les films de Cannes \u00e0 l&rsquo;honneur aux nominations des Oscars 2024"}]},{"@type":"WebSite","@id":"https:\/\/www.webdo.tn\/fr\/#website","url":"https:\/\/www.webdo.tn\/fr\/","name":"webdo","description":"Tunisie - News en Tunisie et \u00e0 l&#039;international sur Webdo.tn","publisher":{"@id":"https:\/\/www.webdo.tn\/fr\/#organization"},"potentialAction":[{"@type":"SearchAction","target":{"@type":"EntryPoint","urlTemplate":"https:\/\/www.webdo.tn\/fr\/?s={search_term_string}"},"query-input":{"@type":"PropertyValueSpecification","valueRequired":true,"valueName":"search_term_string"}}],"inLanguage":"fr-FR"},{"@type":"Organization","@id":"https:\/\/www.webdo.tn\/fr\/#organization","name":"Webdo","alternateName":"Webdo.tn","url":"https:\/\/www.webdo.tn\/fr\/","logo":{"@type":"ImageObject","inLanguage":"fr-FR","@id":"https:\/\/www.webdo.tn\/fr\/#\/schema\/logo\/image\/","url":"https:\/\/www.webdo.tn\/fr\/wp-content\/uploads\/2025\/06\/Webdo-Tunisie_168377.jpg","contentUrl":"https:\/\/www.webdo.tn\/fr\/wp-content\/uploads\/2025\/06\/Webdo-Tunisie_168377.jpg","width":301,"height":301,"caption":"Webdo"},"image":{"@id":"https:\/\/www.webdo.tn\/fr\/#\/schema\/logo\/image\/"},"sameAs":["https:\/\/www.facebook.com\/webdotn","https:\/\/x.com\/webdo_tn"],"description":"Webdo est un m\u00e9dia num\u00e9rique tunisien fond\u00e9 en 2010, sp\u00e9cialis\u00e9 dans l\u2019actualit\u00e9 nationale et internationale, l\u2019\u00e9conomie, la soci\u00e9t\u00e9 et les analyses politiques. Le site s\u2019adresse \u00e0 un large public francophone et couvre l\u2019information tunisienne en temps r\u00e9el.","email":"redac@webdo.tn","legalName":"YNJ SARL","foundingDate":"2010-09-06","numberOfEmployees":{"@type":"QuantitativeValue","minValue":"11","maxValue":"50"}},{"@type":"Person","@id":"https:\/\/www.webdo.tn\/fr\/#\/schema\/person\/60d5ba619ed3f58783b0dc82b7dada80","name":"Ne\u00efla DRISS","image":{"@type":"ImageObject","inLanguage":"fr-FR","@id":"https:\/\/www.webdo.tn\/fr\/wp-content\/uploads\/2026\/04\/neila-driss_avatar-96x96.jpg","url":"https:\/\/www.webdo.tn\/fr\/wp-content\/uploads\/2026\/04\/neila-driss_avatar-96x96.jpg","contentUrl":"https:\/\/www.webdo.tn\/fr\/wp-content\/uploads\/2026\/04\/neila-driss_avatar-96x96.jpg","caption":"Ne\u00efla DRISS"},"description":"Ne\u00efla Driss est juriste, journaliste culturelle et critique de cin\u00e9ma tunisienne. Titulaire d\u2019un DEA en droit priv\u00e9 de l\u2019Universit\u00e9 Paris II et d\u2019un DESS de l\u2019IHEC Carthage, elle d\u00e9bute sa carri\u00e8re comme juriste sp\u00e9cialis\u00e9e en gestion de patrimoine immobilier. Elle s\u2019oriente ensuite vers l\u2019\u00e9criture en ligne, o\u00f9 elle se distingue d\u00e8s 2006 aux Tunisia Blog Awards, avant de se consacrer au journalisme culturel, avec une sp\u00e9cialisation dans la critique cin\u00e9matographique. Elle couvre r\u00e9guli\u00e8rement les grands festivals internationaux, notamment le Festival de Cannes, les Journ\u00e9es Cin\u00e9matographiques de Carthage et le Festival du film du Caire. Membre de l\u2019ATPCC et de la FIPRESCI, elle participe \u00e0 des jurys et initiatives internationales de critique. Depuis 2024, elle est \u00e9lectrice internationale aux Golden Globes. Facebook : https:\/\/www.facebook.com\/massir.destiniii\/ X : https:\/\/x.com\/MassirDestin","sameAs":["https:\/\/www.facebook.com\/massir.destiniii\/","https:\/\/www.instagram.com\/neila.driss\/?hl=fr","https:\/\/www.linkedin.com\/in\/neila-driss-22606a80\/","https:\/\/x.com\/https:\/\/x.com\/MassirDestin"],"knowsAbout":["Cin\u00e9ma international","critique cin\u00e9matographique","festivals de cin\u00e9ma","journalisme culturel"],"knowsLanguage":["Fran\u00e7ais","Arabe","Anglais"],"jobTitle":"Journaliste culturelle et critique de cin\u00e9ma","worksFor":"Webdo","url":"https:\/\/www.webdo.tn\/fr\/actualite\/author\/neila-driss\/"}]}},"_links":{"self":[{"href":"https:\/\/www.webdo.tn\/fr\/wp-json\/wp\/v2\/posts\/211790","targetHints":{"allow":["GET"]}}],"collection":[{"href":"https:\/\/www.webdo.tn\/fr\/wp-json\/wp\/v2\/posts"}],"about":[{"href":"https:\/\/www.webdo.tn\/fr\/wp-json\/wp\/v2\/types\/post"}],"author":[{"embeddable":true,"href":"https:\/\/www.webdo.tn\/fr\/wp-json\/wp\/v2\/users\/3164"}],"replies":[{"embeddable":true,"href":"https:\/\/www.webdo.tn\/fr\/wp-json\/wp\/v2\/comments?post=211790"}],"version-history":[{"count":0,"href":"https:\/\/www.webdo.tn\/fr\/wp-json\/wp\/v2\/posts\/211790\/revisions"}],"wp:featuredmedia":[{"embeddable":true,"href":"https:\/\/www.webdo.tn\/fr\/wp-json\/wp\/v2\/media\/290129"}],"wp:attachment":[{"href":"https:\/\/www.webdo.tn\/fr\/wp-json\/wp\/v2\/media?parent=211790"}],"wp:term":[{"taxonomy":"category","embeddable":true,"href":"https:\/\/www.webdo.tn\/fr\/wp-json\/wp\/v2\/categories?post=211790"},{"taxonomy":"post_tag","embeddable":true,"href":"https:\/\/www.webdo.tn\/fr\/wp-json\/wp\/v2\/tags?post=211790"}],"curies":[{"name":"wp","href":"https:\/\/api.w.org\/{rel}","templated":true}]}}