{"id":211781,"date":"2024-01-24T11:19:00","date_gmt":"2024-01-24T11:19:00","guid":{"rendered":"https:\/\/www.webdo.tn\/fr\/blog\/crash-d-un-avion-militaire-russe-avec-a-son-bord-65-prisonniers-ukrainiens\/211781\/"},"modified":"2025-05-20T22:52:52","modified_gmt":"2025-05-20T22:52:52","slug":"crash-d-un-avion-militaire-russe-avec-a-son-bord-65-prisonniers-ukrainiens","status":"publish","type":"post","link":"https:\/\/www.webdo.tn\/fr\/actualite\/international\/crash-d-un-avion-militaire-russe-avec-a-son-bord-65-prisonniers-ukrainiens\/211781\/","title":{"rendered":"Crash d\u2019un avion militaire russe avec \u00e0 son bord 65 prisonniers ukrainiens"},"content":{"rendered":"<p>Un avion militaire russe s\u2019est \u00e9cras\u00e9, ce mercredi 24 janvier 2024, dans la r\u00e9gion de Belgorod, en Russie, avec \u00e0 son bord 65 prisonniers de guerre ukrainiens.\u00a0<\/p>\n<p>\t\t\t\t\t\t\t\t\t\u00ab\u00a0Vers 11 h de Moscou (8 h GMT), un avion Il-76 s&rsquo;est \u00e9cras\u00e9 dans la r\u00e9gion de Belgorod [&#8230;]. \u00c0 bord se trouvaient 65 soldats prisonniers de l&rsquo;arm\u00e9e ukrainienne, transport\u00e9s vers la r\u00e9gion de Belgorod en vue d&rsquo;un \u00e9change, six membres d&rsquo;\u00e9quipage et trois accompagnateurs\u00a0\u00bb, a indiqu\u00e9 le minist\u00e8re russe de la D\u00e9fense.\u00a0<\/p>\n<p>Les autorit\u00e9s russes indiquent pour le moment ignorer la cause du crash.<\/p>\n","protected":false},"excerpt":{"rendered":"<p>Un avion Il-76 s&rsquo;est \u00e9cras\u00e9 dans la r\u00e9gion de Belgorod avec \u00e0 son bord 65 soldats prisonniers de l&rsquo;arm\u00e9e ukrainienne, transport\u00e9s en vue d&rsquo;un \u00e9change.<\/p>\n","protected":false},"author":3175,"featured_media":290124,"comment_status":"open","ping_status":"closed","sticky":false,"template":"","format":"standard","meta":{"footnotes":""},"categories":[2598],"tags":[4664,4592,3299,3295],"class_list":["post-211781","post","type-post","status-publish","format-standard","has-post-thumbnail","hentry","category-international","tag-avion","tag-crash","tag-russie","tag-ukraine"],"yoast_head":"<!-- This site is optimized with the Yoast SEO Premium plugin v27.5 (Yoast SEO v27.5) - https:\/\/yoast.com\/product\/yoast-seo-premium-wordpress\/ -->\n<title>Crash d\u2019un avion militaire russe avec \u00e0 son bord 65 prisonniers ukrainiens<\/title>\n<meta name=\"description\" content=\"Un avion Il-76 s&#039;est \u00e9cras\u00e9 dans la r\u00e9gion de Belgorod avec \u00e0 son bord 65 soldats prisonniers de l&#039;arm\u00e9e ukrainienne, transport\u00e9s en vue d&#039;un \u00e9change.\" \/>\n<link rel=\"canonical\" href=\"https:\/\/www.webdo.tn\/fr\/actualite\/international\/crash-d-un-avion-militaire-russe-avec-a-son-bord-65-prisonniers-ukrainiens\/211781\/\" \/>\n<meta property=\"og:locale\" content=\"fr_FR\" \/>\n<meta property=\"og:type\" content=\"article\" \/>\n<meta property=\"og:title\" content=\"Crash d\u2019un avion militaire russe avec \u00e0 son bord 65 prisonniers ukrainiens\" \/>\n<meta property=\"og:description\" content=\"Un avion Il-76 s&#039;est \u00e9cras\u00e9 dans la r\u00e9gion de Belgorod avec \u00e0 son bord 65 soldats prisonniers de l&#039;arm\u00e9e ukrainienne, transport\u00e9s en vue d&#039;un \u00e9change.\" \/>\n<meta property=\"og:url\" content=\"https:\/\/www.webdo.tn\/fr\/actualite\/international\/crash-d-un-avion-militaire-russe-avec-a-son-bord-65-prisonniers-ukrainiens\/211781\/\" \/>\n<meta property=\"og:site_name\" content=\"webdo\" \/>\n<meta property=\"article:publisher\" content=\"https:\/\/www.facebook.com\/webdotn\" \/>\n<meta property=\"article:published_time\" content=\"2024-01-24T11:19:00+00:00\" \/>\n<meta property=\"article:modified_time\" content=\"2025-05-20T22:52:52+00:00\" \/>\n<meta property=\"og:image\" content=\"https:\/\/www.webdo.tn\/fr\/wp-content\/uploads\/2024\/01\/9d743bd4f3a2fdb0d92e350136a83fa7.png\" \/>\n\t<meta property=\"og:image:width\" content=\"750\" \/>\n\t<meta property=\"og:image:height\" content=\"400\" \/>\n\t<meta property=\"og:image:type\" content=\"image\/png\" \/>\n<meta name=\"author\" content=\"CL\" \/>\n<meta name=\"twitter:card\" content=\"summary_large_image\" \/>\n<meta name=\"twitter:creator\" content=\"@webdo_tn\" \/>\n<meta name=\"twitter:site\" content=\"@webdo_tn\" \/>\n<meta name=\"twitter:label1\" content=\"\u00c9crit par\" \/>\n\t<meta name=\"twitter:data1\" content=\"CL\" \/>\n<script type=\"application\/ld+json\" class=\"yoast-schema-graph\">{\"@context\":\"https:\\\/\\\/schema.org\",\"@graph\":[{\"@type\":\"NewsArticle\",\"@id\":\"https:\\\/\\\/www.webdo.tn\\\/fr\\\/actualite\\\/international\\\/crash-d-un-avion-militaire-russe-avec-a-son-bord-65-prisonniers-ukrainiens\\\/211781\\\/#article\",\"isPartOf\":{\"@id\":\"https:\\\/\\\/www.webdo.tn\\\/fr\\\/actualite\\\/international\\\/crash-d-un-avion-militaire-russe-avec-a-son-bord-65-prisonniers-ukrainiens\\\/211781\\\/\"},\"author\":{\"name\":\"CL\",\"@id\":\"https:\\\/\\\/www.webdo.tn\\\/fr\\\/#\\\/schema\\\/person\\\/f35b42a42c5e2511bbd282959d6385cc\"},\"headline\":\"Crash d\u2019un avion militaire russe avec \u00e0 son bord 65 prisonniers ukrainiens\",\"datePublished\":\"2024-01-24T11:19:00+00:00\",\"dateModified\":\"2025-05-20T22:52:52+00:00\",\"mainEntityOfPage\":{\"@id\":\"https:\\\/\\\/www.webdo.tn\\\/fr\\\/actualite\\\/international\\\/crash-d-un-avion-militaire-russe-avec-a-son-bord-65-prisonniers-ukrainiens\\\/211781\\\/\"},\"wordCount\":107,\"commentCount\":0,\"publisher\":{\"@id\":\"https:\\\/\\\/www.webdo.tn\\\/fr\\\/#organization\"},\"image\":{\"@id\":\"https:\\\/\\\/www.webdo.tn\\\/fr\\\/actualite\\\/international\\\/crash-d-un-avion-militaire-russe-avec-a-son-bord-65-prisonniers-ukrainiens\\\/211781\\\/#primaryimage\"},\"thumbnailUrl\":\"https:\\\/\\\/www.webdo.tn\\\/fr\\\/wp-content\\\/uploads\\\/2024\\\/01\\\/9d743bd4f3a2fdb0d92e350136a83fa7.png\",\"keywords\":[\"Avion\",\"crash\",\"Russie\",\"Ukraine\"],\"articleSection\":[\"International\"],\"inLanguage\":\"fr-FR\"},{\"@type\":\"WebPage\",\"@id\":\"https:\\\/\\\/www.webdo.tn\\\/fr\\\/actualite\\\/international\\\/crash-d-un-avion-militaire-russe-avec-a-son-bord-65-prisonniers-ukrainiens\\\/211781\\\/\",\"url\":\"https:\\\/\\\/www.webdo.tn\\\/fr\\\/actualite\\\/international\\\/crash-d-un-avion-militaire-russe-avec-a-son-bord-65-prisonniers-ukrainiens\\\/211781\\\/\",\"name\":\"Crash d\u2019un avion militaire russe avec \u00e0 son bord 65 prisonniers ukrainiens\",\"isPartOf\":{\"@id\":\"https:\\\/\\\/www.webdo.tn\\\/fr\\\/#website\"},\"primaryImageOfPage\":{\"@id\":\"https:\\\/\\\/www.webdo.tn\\\/fr\\\/actualite\\\/international\\\/crash-d-un-avion-militaire-russe-avec-a-son-bord-65-prisonniers-ukrainiens\\\/211781\\\/#primaryimage\"},\"image\":{\"@id\":\"https:\\\/\\\/www.webdo.tn\\\/fr\\\/actualite\\\/international\\\/crash-d-un-avion-militaire-russe-avec-a-son-bord-65-prisonniers-ukrainiens\\\/211781\\\/#primaryimage\"},\"thumbnailUrl\":\"https:\\\/\\\/www.webdo.tn\\\/fr\\\/wp-content\\\/uploads\\\/2024\\\/01\\\/9d743bd4f3a2fdb0d92e350136a83fa7.png\",\"datePublished\":\"2024-01-24T11:19:00+00:00\",\"dateModified\":\"2025-05-20T22:52:52+00:00\",\"description\":\"Un avion Il-76 s'est \u00e9cras\u00e9 dans la r\u00e9gion de Belgorod avec \u00e0 son bord 65 soldats prisonniers de l'arm\u00e9e ukrainienne, transport\u00e9s en vue d'un \u00e9change.\",\"breadcrumb\":{\"@id\":\"https:\\\/\\\/www.webdo.tn\\\/fr\\\/actualite\\\/international\\\/crash-d-un-avion-militaire-russe-avec-a-son-bord-65-prisonniers-ukrainiens\\\/211781\\\/#breadcrumb\"},\"inLanguage\":\"fr-FR\",\"potentialAction\":[{\"@type\":\"ReadAction\",\"target\":[\"https:\\\/\\\/www.webdo.tn\\\/fr\\\/actualite\\\/international\\\/crash-d-un-avion-militaire-russe-avec-a-son-bord-65-prisonniers-ukrainiens\\\/211781\\\/\"]}]},{\"@type\":\"ImageObject\",\"inLanguage\":\"fr-FR\",\"@id\":\"https:\\\/\\\/www.webdo.tn\\\/fr\\\/actualite\\\/international\\\/crash-d-un-avion-militaire-russe-avec-a-son-bord-65-prisonniers-ukrainiens\\\/211781\\\/#primaryimage\",\"url\":\"https:\\\/\\\/www.webdo.tn\\\/fr\\\/wp-content\\\/uploads\\\/2024\\\/01\\\/9d743bd4f3a2fdb0d92e350136a83fa7.png\",\"contentUrl\":\"https:\\\/\\\/www.webdo.tn\\\/fr\\\/wp-content\\\/uploads\\\/2024\\\/01\\\/9d743bd4f3a2fdb0d92e350136a83fa7.png\",\"width\":750,\"height\":400,\"caption\":\"Crash d\u2019un avion militaire russe avec \u00e0 son bord 65 prisonniers ukrainiens\"},{\"@type\":\"BreadcrumbList\",\"@id\":\"https:\\\/\\\/www.webdo.tn\\\/fr\\\/actualite\\\/international\\\/crash-d-un-avion-militaire-russe-avec-a-son-bord-65-prisonniers-ukrainiens\\\/211781\\\/#breadcrumb\",\"itemListElement\":[{\"@type\":\"ListItem\",\"position\":1,\"name\":\"Accueil\",\"item\":\"https:\\\/\\\/www.webdo.tn\\\/fr\\\/\"},{\"@type\":\"ListItem\",\"position\":2,\"name\":\"Crash d\u2019un avion militaire russe avec \u00e0 son bord 65 prisonniers ukrainiens\"}]},{\"@type\":\"WebSite\",\"@id\":\"https:\\\/\\\/www.webdo.tn\\\/fr\\\/#website\",\"url\":\"https:\\\/\\\/www.webdo.tn\\\/fr\\\/\",\"name\":\"webdo\",\"description\":\"Tunisie - News en Tunisie et \u00e0 l&#039;international sur Webdo.tn\",\"publisher\":{\"@id\":\"https:\\\/\\\/www.webdo.tn\\\/fr\\\/#organization\"},\"potentialAction\":[{\"@type\":\"SearchAction\",\"target\":{\"@type\":\"EntryPoint\",\"urlTemplate\":\"https:\\\/\\\/www.webdo.tn\\\/fr\\\/?s={search_term_string}\"},\"query-input\":{\"@type\":\"PropertyValueSpecification\",\"valueRequired\":true,\"valueName\":\"search_term_string\"}}],\"inLanguage\":\"fr-FR\"},{\"@type\":\"Organization\",\"@id\":\"https:\\\/\\\/www.webdo.tn\\\/fr\\\/#organization\",\"name\":\"Webdo\",\"alternateName\":\"Webdo.tn\",\"url\":\"https:\\\/\\\/www.webdo.tn\\\/fr\\\/\",\"logo\":{\"@type\":\"ImageObject\",\"inLanguage\":\"fr-FR\",\"@id\":\"https:\\\/\\\/www.webdo.tn\\\/fr\\\/#\\\/schema\\\/logo\\\/image\\\/\",\"url\":\"https:\\\/\\\/www.webdo.tn\\\/fr\\\/wp-content\\\/uploads\\\/2025\\\/06\\\/Webdo-Tunisie_168377.jpg\",\"contentUrl\":\"https:\\\/\\\/www.webdo.tn\\\/fr\\\/wp-content\\\/uploads\\\/2025\\\/06\\\/Webdo-Tunisie_168377.jpg\",\"width\":301,\"height\":301,\"caption\":\"Webdo\"},\"image\":{\"@id\":\"https:\\\/\\\/www.webdo.tn\\\/fr\\\/#\\\/schema\\\/logo\\\/image\\\/\"},\"sameAs\":[\"https:\\\/\\\/www.facebook.com\\\/webdotn\",\"https:\\\/\\\/x.com\\\/webdo_tn\"],\"description\":\"Webdo est un m\u00e9dia num\u00e9rique tunisien fond\u00e9 en 2010, sp\u00e9cialis\u00e9 dans l\u2019actualit\u00e9 nationale et internationale, l\u2019\u00e9conomie, la soci\u00e9t\u00e9 et les analyses politiques. Le site s\u2019adresse \u00e0 un large public francophone et couvre l\u2019information tunisienne en temps r\u00e9el.\",\"email\":\"redac@webdo.tn\",\"legalName\":\"YNJ SARL\",\"foundingDate\":\"2010-09-06\",\"numberOfEmployees\":{\"@type\":\"QuantitativeValue\",\"minValue\":\"11\",\"maxValue\":\"50\"}},{\"@type\":\"Person\",\"@id\":\"https:\\\/\\\/www.webdo.tn\\\/fr\\\/#\\\/schema\\\/person\\\/f35b42a42c5e2511bbd282959d6385cc\",\"name\":\"CL\",\"image\":{\"@type\":\"ImageObject\",\"inLanguage\":\"fr-FR\",\"@id\":\"https:\\\/\\\/secure.gravatar.com\\\/avatar\\\/1447a49909b67aa657c488aec6512e1dd6143a480c1ecfee9b5b5cd74eb3b59e?s=96&d=mm&r=g\",\"url\":\"https:\\\/\\\/secure.gravatar.com\\\/avatar\\\/1447a49909b67aa657c488aec6512e1dd6143a480c1ecfee9b5b5cd74eb3b59e?s=96&d=mm&r=g\",\"contentUrl\":\"https:\\\/\\\/secure.gravatar.com\\\/avatar\\\/1447a49909b67aa657c488aec6512e1dd6143a480c1ecfee9b5b5cd74eb3b59e?s=96&d=mm&r=g\",\"caption\":\"CL\"},\"url\":\"https:\\\/\\\/www.webdo.tn\\\/fr\\\/actualite\\\/author\\\/cl\\\/\"}]}<\/script>\n<!-- \/ Yoast SEO Premium plugin. -->","yoast_head_json":{"title":"Crash d\u2019un avion militaire russe avec \u00e0 son bord 65 prisonniers ukrainiens","description":"Un avion Il-76 s'est \u00e9cras\u00e9 dans la r\u00e9gion de Belgorod avec \u00e0 son bord 65 soldats prisonniers de l'arm\u00e9e ukrainienne, transport\u00e9s en vue d'un \u00e9change.","canonical":"https:\/\/www.webdo.tn\/fr\/actualite\/international\/crash-d-un-avion-militaire-russe-avec-a-son-bord-65-prisonniers-ukrainiens\/211781\/","og_locale":"fr_FR","og_type":"article","og_title":"Crash d\u2019un avion militaire russe avec \u00e0 son bord 65 prisonniers ukrainiens","og_description":"Un avion Il-76 s'est \u00e9cras\u00e9 dans la r\u00e9gion de Belgorod avec \u00e0 son bord 65 soldats prisonniers de l'arm\u00e9e ukrainienne, transport\u00e9s en vue d'un \u00e9change.","og_url":"https:\/\/www.webdo.tn\/fr\/actualite\/international\/crash-d-un-avion-militaire-russe-avec-a-son-bord-65-prisonniers-ukrainiens\/211781\/","og_site_name":"webdo","article_publisher":"https:\/\/www.facebook.com\/webdotn","article_published_time":"2024-01-24T11:19:00+00:00","article_modified_time":"2025-05-20T22:52:52+00:00","og_image":[{"width":750,"height":400,"url":"https:\/\/www.webdo.tn\/fr\/wp-content\/uploads\/2024\/01\/9d743bd4f3a2fdb0d92e350136a83fa7.png","type":"image\/png"}],"author":"CL","twitter_card":"summary_large_image","twitter_creator":"@webdo_tn","twitter_site":"@webdo_tn","twitter_misc":{"\u00c9crit par":"CL"},"schema":{"@context":"https:\/\/schema.org","@graph":[{"@type":"NewsArticle","@id":"https:\/\/www.webdo.tn\/fr\/actualite\/international\/crash-d-un-avion-militaire-russe-avec-a-son-bord-65-prisonniers-ukrainiens\/211781\/#article","isPartOf":{"@id":"https:\/\/www.webdo.tn\/fr\/actualite\/international\/crash-d-un-avion-militaire-russe-avec-a-son-bord-65-prisonniers-ukrainiens\/211781\/"},"author":{"name":"CL","@id":"https:\/\/www.webdo.tn\/fr\/#\/schema\/person\/f35b42a42c5e2511bbd282959d6385cc"},"headline":"Crash d\u2019un avion militaire russe avec \u00e0 son bord 65 prisonniers ukrainiens","datePublished":"2024-01-24T11:19:00+00:00","dateModified":"2025-05-20T22:52:52+00:00","mainEntityOfPage":{"@id":"https:\/\/www.webdo.tn\/fr\/actualite\/international\/crash-d-un-avion-militaire-russe-avec-a-son-bord-65-prisonniers-ukrainiens\/211781\/"},"wordCount":107,"commentCount":0,"publisher":{"@id":"https:\/\/www.webdo.tn\/fr\/#organization"},"image":{"@id":"https:\/\/www.webdo.tn\/fr\/actualite\/international\/crash-d-un-avion-militaire-russe-avec-a-son-bord-65-prisonniers-ukrainiens\/211781\/#primaryimage"},"thumbnailUrl":"https:\/\/www.webdo.tn\/fr\/wp-content\/uploads\/2024\/01\/9d743bd4f3a2fdb0d92e350136a83fa7.png","keywords":["Avion","crash","Russie","Ukraine"],"articleSection":["International"],"inLanguage":"fr-FR"},{"@type":"WebPage","@id":"https:\/\/www.webdo.tn\/fr\/actualite\/international\/crash-d-un-avion-militaire-russe-avec-a-son-bord-65-prisonniers-ukrainiens\/211781\/","url":"https:\/\/www.webdo.tn\/fr\/actualite\/international\/crash-d-un-avion-militaire-russe-avec-a-son-bord-65-prisonniers-ukrainiens\/211781\/","name":"Crash d\u2019un avion militaire russe avec \u00e0 son bord 65 prisonniers ukrainiens","isPartOf":{"@id":"https:\/\/www.webdo.tn\/fr\/#website"},"primaryImageOfPage":{"@id":"https:\/\/www.webdo.tn\/fr\/actualite\/international\/crash-d-un-avion-militaire-russe-avec-a-son-bord-65-prisonniers-ukrainiens\/211781\/#primaryimage"},"image":{"@id":"https:\/\/www.webdo.tn\/fr\/actualite\/international\/crash-d-un-avion-militaire-russe-avec-a-son-bord-65-prisonniers-ukrainiens\/211781\/#primaryimage"},"thumbnailUrl":"https:\/\/www.webdo.tn\/fr\/wp-content\/uploads\/2024\/01\/9d743bd4f3a2fdb0d92e350136a83fa7.png","datePublished":"2024-01-24T11:19:00+00:00","dateModified":"2025-05-20T22:52:52+00:00","description":"Un avion Il-76 s'est \u00e9cras\u00e9 dans la r\u00e9gion de Belgorod avec \u00e0 son bord 65 soldats prisonniers de l'arm\u00e9e ukrainienne, transport\u00e9s en vue d'un \u00e9change.","breadcrumb":{"@id":"https:\/\/www.webdo.tn\/fr\/actualite\/international\/crash-d-un-avion-militaire-russe-avec-a-son-bord-65-prisonniers-ukrainiens\/211781\/#breadcrumb"},"inLanguage":"fr-FR","potentialAction":[{"@type":"ReadAction","target":["https:\/\/www.webdo.tn\/fr\/actualite\/international\/crash-d-un-avion-militaire-russe-avec-a-son-bord-65-prisonniers-ukrainiens\/211781\/"]}]},{"@type":"ImageObject","inLanguage":"fr-FR","@id":"https:\/\/www.webdo.tn\/fr\/actualite\/international\/crash-d-un-avion-militaire-russe-avec-a-son-bord-65-prisonniers-ukrainiens\/211781\/#primaryimage","url":"https:\/\/www.webdo.tn\/fr\/wp-content\/uploads\/2024\/01\/9d743bd4f3a2fdb0d92e350136a83fa7.png","contentUrl":"https:\/\/www.webdo.tn\/fr\/wp-content\/uploads\/2024\/01\/9d743bd4f3a2fdb0d92e350136a83fa7.png","width":750,"height":400,"caption":"Crash d\u2019un avion militaire russe avec \u00e0 son bord 65 prisonniers ukrainiens"},{"@type":"BreadcrumbList","@id":"https:\/\/www.webdo.tn\/fr\/actualite\/international\/crash-d-un-avion-militaire-russe-avec-a-son-bord-65-prisonniers-ukrainiens\/211781\/#breadcrumb","itemListElement":[{"@type":"ListItem","position":1,"name":"Accueil","item":"https:\/\/www.webdo.tn\/fr\/"},{"@type":"ListItem","position":2,"name":"Crash d\u2019un avion militaire russe avec \u00e0 son bord 65 prisonniers ukrainiens"}]},{"@type":"WebSite","@id":"https:\/\/www.webdo.tn\/fr\/#website","url":"https:\/\/www.webdo.tn\/fr\/","name":"webdo","description":"Tunisie - News en Tunisie et \u00e0 l&#039;international sur Webdo.tn","publisher":{"@id":"https:\/\/www.webdo.tn\/fr\/#organization"},"potentialAction":[{"@type":"SearchAction","target":{"@type":"EntryPoint","urlTemplate":"https:\/\/www.webdo.tn\/fr\/?s={search_term_string}"},"query-input":{"@type":"PropertyValueSpecification","valueRequired":true,"valueName":"search_term_string"}}],"inLanguage":"fr-FR"},{"@type":"Organization","@id":"https:\/\/www.webdo.tn\/fr\/#organization","name":"Webdo","alternateName":"Webdo.tn","url":"https:\/\/www.webdo.tn\/fr\/","logo":{"@type":"ImageObject","inLanguage":"fr-FR","@id":"https:\/\/www.webdo.tn\/fr\/#\/schema\/logo\/image\/","url":"https:\/\/www.webdo.tn\/fr\/wp-content\/uploads\/2025\/06\/Webdo-Tunisie_168377.jpg","contentUrl":"https:\/\/www.webdo.tn\/fr\/wp-content\/uploads\/2025\/06\/Webdo-Tunisie_168377.jpg","width":301,"height":301,"caption":"Webdo"},"image":{"@id":"https:\/\/www.webdo.tn\/fr\/#\/schema\/logo\/image\/"},"sameAs":["https:\/\/www.facebook.com\/webdotn","https:\/\/x.com\/webdo_tn"],"description":"Webdo est un m\u00e9dia num\u00e9rique tunisien fond\u00e9 en 2010, sp\u00e9cialis\u00e9 dans l\u2019actualit\u00e9 nationale et internationale, l\u2019\u00e9conomie, la soci\u00e9t\u00e9 et les analyses politiques. Le site s\u2019adresse \u00e0 un large public francophone et couvre l\u2019information tunisienne en temps r\u00e9el.","email":"redac@webdo.tn","legalName":"YNJ SARL","foundingDate":"2010-09-06","numberOfEmployees":{"@type":"QuantitativeValue","minValue":"11","maxValue":"50"}},{"@type":"Person","@id":"https:\/\/www.webdo.tn\/fr\/#\/schema\/person\/f35b42a42c5e2511bbd282959d6385cc","name":"CL","image":{"@type":"ImageObject","inLanguage":"fr-FR","@id":"https:\/\/secure.gravatar.com\/avatar\/1447a49909b67aa657c488aec6512e1dd6143a480c1ecfee9b5b5cd74eb3b59e?s=96&d=mm&r=g","url":"https:\/\/secure.gravatar.com\/avatar\/1447a49909b67aa657c488aec6512e1dd6143a480c1ecfee9b5b5cd74eb3b59e?s=96&d=mm&r=g","contentUrl":"https:\/\/secure.gravatar.com\/avatar\/1447a49909b67aa657c488aec6512e1dd6143a480c1ecfee9b5b5cd74eb3b59e?s=96&d=mm&r=g","caption":"CL"},"url":"https:\/\/www.webdo.tn\/fr\/actualite\/author\/cl\/"}]}},"_links":{"self":[{"href":"https:\/\/www.webdo.tn\/fr\/wp-json\/wp\/v2\/posts\/211781","targetHints":{"allow":["GET"]}}],"collection":[{"href":"https:\/\/www.webdo.tn\/fr\/wp-json\/wp\/v2\/posts"}],"about":[{"href":"https:\/\/www.webdo.tn\/fr\/wp-json\/wp\/v2\/types\/post"}],"author":[{"embeddable":true,"href":"https:\/\/www.webdo.tn\/fr\/wp-json\/wp\/v2\/users\/3175"}],"replies":[{"embeddable":true,"href":"https:\/\/www.webdo.tn\/fr\/wp-json\/wp\/v2\/comments?post=211781"}],"version-history":[{"count":0,"href":"https:\/\/www.webdo.tn\/fr\/wp-json\/wp\/v2\/posts\/211781\/revisions"}],"wp:featuredmedia":[{"embeddable":true,"href":"https:\/\/www.webdo.tn\/fr\/wp-json\/wp\/v2\/media\/290124"}],"wp:attachment":[{"href":"https:\/\/www.webdo.tn\/fr\/wp-json\/wp\/v2\/media?parent=211781"}],"wp:term":[{"taxonomy":"category","embeddable":true,"href":"https:\/\/www.webdo.tn\/fr\/wp-json\/wp\/v2\/categories?post=211781"},{"taxonomy":"post_tag","embeddable":true,"href":"https:\/\/www.webdo.tn\/fr\/wp-json\/wp\/v2\/tags?post=211781"}],"curies":[{"name":"wp","href":"https:\/\/api.w.org\/{rel}","templated":true}]}}