{"id":211774,"date":"2024-01-24T08:57:00","date_gmt":"2024-01-24T08:57:00","guid":{"rendered":"https:\/\/www.webdo.tn\/fr\/blog\/can-2023-1-tunisie-afrique-du-sud-l-heure-de-verite-pour-les-aigles-de-carthage\/211774\/"},"modified":"2025-05-20T22:11:32","modified_gmt":"2025-05-20T22:11:32","slug":"can-2023-1-tunisie-afrique-du-sud-l-heure-de-verite-pour-les-aigles-de-carthage","status":"publish","type":"post","link":"https:\/\/www.webdo.tn\/fr\/actualite\/sport\/can-2023-1-tunisie-afrique-du-sud-l-heure-de-verite-pour-les-aigles-de-carthage\/211774\/","title":{"rendered":"CAN 2023+1 : Tunisie &#8211; Afrique du Sud, l\u2019heure de v\u00e9rit\u00e9 pour les Aigles de Carthage !"},"content":{"rendered":"<p>La s\u00e9lection tunisienne est dos au mur. Apr\u00e8s un parcours d\u00e9cevant dans cette CAN 2023+1, elle a encore une chance de se qualifier en huiti\u00e8mes de finale, battre l\u2019Afrique du Sud.<\/p>\n<p>\t\t\t\t\t\t\t\t\tApr\u00e8s une d\u00e9faite (surprenante) face \u00e0 la Namibie et un pi\u00e8tre match nul face au Mali, la Tunisie a grandement d\u00e9\u00e7u lors de cette Coupe d\u2019Afrique des Nations. Actuellement derni\u00e8re du groupe E, elle a toutefois encore une chance d\u2019aller en huiti\u00e8mes de finale. Pour cela, il lui suffit de battre l\u2019Afrique du Sud lors de la 3\u00e8me et derni\u00e8re journ\u00e9e du 1er tour.<\/p>\n<p>Tout-\u00e0-l\u2019heure, les Tunisiens ne devront pas se poser de questions en affrontant l\u2019Afrique du Sud car la qualification des Aigles de Carthage passe imp\u00e9rativement par une victoire face \u00e0 son principal concurrent \u00e0 la 2\u00e8me place.<\/p>\n<p>Au classement, le Mali est 1er avec 4 points, l\u2019Afrique du Sud est actuellement 2\u00e8me avec 3 points, la Namibie est 3\u00e8me avec ses 3 points acquis contre les Aigles de Carthage alors que la Tunisie est derni\u00e8re avec 1 seul point.<\/p>\n<p>Le ton est donn\u00e9 pour ce match devenu d\u00e9cisif par la force des choses. Si les Tunisiens poss\u00e8dent de nombreux atouts pour s\u2019imposer il n\u2019en demeure pas moins qu\u2019ils n\u2019ont pas montr\u00e9 grand-chose jusqu\u2019\u00e0 pr\u00e9sent et la s\u00e9lection semble \u00eatre coinc\u00e9e dans un carcan tactique impos\u00e9 par le s\u00e9lectionneur Jalel Kadri.<\/p>\n<p>C\u00f4t\u00e9 sud-africain, il faudra se m\u00e9fier de la coh\u00e9sion d\u2019une \u00e9quipe \u00e0 l\u2019ossature homog\u00e8ne, la majeure partie des joueurs \u00e9tant issus de l\u2019\u00e9quipe de Sundows. L\u2019Afrique du Sud est \u00e9galement tr\u00e8s rapide dans le jeu et reste efficace devant le but.<\/p>\n<p>Ce d\u00e9cisif match entre la Tunisie et l\u2019Afrique du Sud, sera arbitr\u00e9 par le S\u00e9n\u00e9galais Issa Sy. Il sera assist\u00e9 par Nouha Bangoura (S\u00e9n\u00e9gal) et Eric Ayimavo Ayamr Ulrich (B\u00e9nin) alors que Djindo Louis Houngnandande (B\u00e9nin) sera le 4\u00e8me arbitre.<\/p>\n<p>La rencontre entre la Tunisie et l\u2019Afrique du Sud sera disput\u00e9e au stade Amadou Gon Coulibaly \u00e0 Korhogo mercredi 24 janvier 2024 \u00e0 18h00 (HT) et sera retransmise par beIN Sports ar Max 1, beIN Sports fr 2, Sport Digital et Sport TV 2.<\/p>\n<p>La S\u00e9lection nationale devrait \u00e9voluer selon la composition suivante : B\u00e9chir Ben Said, Yan Valery, Yassine Meriah, Montassar Talbi, Ali Abdi, Ali Maaloul, Ellyes Skhiri, Aissa Laidouni, Anis Ben Slimane, Youssef Msakni, Seifeddine Jaziri.<\/p>\n","protected":false},"excerpt":{"rendered":"<p>Match d\u00e9cisif entre la Tunisie et l\u2019Afrique du Sud, toutes deux en lice pour une place en huiti\u00e8mes de finale de la Coupe d\u2019Afrique des Nations 2023+1.<\/p>\n","protected":false},"author":3162,"featured_media":290123,"comment_status":"open","ping_status":"closed","sticky":false,"template":"","format":"standard","meta":{"footnotes":""},"categories":[2593],"tags":[3629,7011,3195,2608],"class_list":["post-211774","post","type-post","status-publish","format-standard","has-post-thumbnail","hentry","category-sport","tag-afrique-du-sud","tag-can-20231","tag-huitiemes-de-finale","tag-tunisie"],"yoast_head":"<!-- This site is optimized with the Yoast SEO Premium plugin v27.5 (Yoast SEO v27.5) - https:\/\/yoast.com\/product\/yoast-seo-premium-wordpress\/ -->\n<title>CAN 2023+1 : Tunisie - Afrique du Sud, l\u2019heure de v\u00e9rit\u00e9 pour les Aigles de Carthage !<\/title>\n<meta name=\"description\" content=\"Match d\u00e9cisif entre la Tunisie et l\u2019Afrique du Sud, toutes deux en lice pour une place en huiti\u00e8mes de finale de la Coupe d\u2019Afrique des Nations 2023+1.\" \/>\n<link rel=\"canonical\" href=\"https:\/\/www.webdo.tn\/fr\/actualite\/sport\/can-2023-1-tunisie-afrique-du-sud-l-heure-de-verite-pour-les-aigles-de-carthage\/211774\/\" \/>\n<meta property=\"og:locale\" content=\"fr_FR\" \/>\n<meta property=\"og:type\" content=\"article\" \/>\n<meta property=\"og:title\" content=\"CAN 2023+1 : Tunisie - Afrique du Sud, l\u2019heure de v\u00e9rit\u00e9 pour les Aigles de Carthage !\" \/>\n<meta property=\"og:description\" content=\"Match d\u00e9cisif entre la Tunisie et l\u2019Afrique du Sud, toutes deux en lice pour une place en huiti\u00e8mes de finale de la Coupe d\u2019Afrique des Nations 2023+1.\" \/>\n<meta property=\"og:url\" content=\"https:\/\/www.webdo.tn\/fr\/actualite\/sport\/can-2023-1-tunisie-afrique-du-sud-l-heure-de-verite-pour-les-aigles-de-carthage\/211774\/\" \/>\n<meta property=\"og:site_name\" content=\"webdo\" \/>\n<meta property=\"article:publisher\" content=\"https:\/\/www.facebook.com\/webdotn\" \/>\n<meta property=\"article:published_time\" content=\"2024-01-24T08:57:00+00:00\" \/>\n<meta property=\"article:modified_time\" content=\"2025-05-20T22:11:32+00:00\" \/>\n<meta property=\"og:image\" content=\"https:\/\/www.webdo.tn\/fr\/wp-content\/uploads\/2024\/01\/6ceb9f62655c955c617a6804d33b7795.jpg\" \/>\n\t<meta property=\"og:image:width\" content=\"750\" \/>\n\t<meta property=\"og:image:height\" content=\"400\" \/>\n\t<meta property=\"og:image:type\" content=\"image\/jpeg\" \/>\n<meta name=\"author\" content=\"MC\" \/>\n<meta name=\"twitter:card\" content=\"summary_large_image\" \/>\n<meta name=\"twitter:creator\" content=\"@webdo_tn\" \/>\n<meta name=\"twitter:site\" content=\"@webdo_tn\" \/>\n<meta name=\"twitter:label1\" content=\"\u00c9crit par\" \/>\n\t<meta name=\"twitter:data1\" content=\"MC\" \/>\n\t<meta name=\"twitter:label2\" content=\"Dur\u00e9e de lecture estim\u00e9e\" \/>\n\t<meta name=\"twitter:data2\" content=\"2 minutes\" \/>\n<script type=\"application\/ld+json\" class=\"yoast-schema-graph\">{\"@context\":\"https:\\\/\\\/schema.org\",\"@graph\":[{\"@type\":\"NewsArticle\",\"@id\":\"https:\\\/\\\/www.webdo.tn\\\/fr\\\/actualite\\\/sport\\\/can-2023-1-tunisie-afrique-du-sud-l-heure-de-verite-pour-les-aigles-de-carthage\\\/211774\\\/#article\",\"isPartOf\":{\"@id\":\"https:\\\/\\\/www.webdo.tn\\\/fr\\\/actualite\\\/sport\\\/can-2023-1-tunisie-afrique-du-sud-l-heure-de-verite-pour-les-aigles-de-carthage\\\/211774\\\/\"},\"author\":{\"name\":\"MC\",\"@id\":\"https:\\\/\\\/www.webdo.tn\\\/fr\\\/#\\\/schema\\\/person\\\/2c4929cbf5a809e3bd38617c6ce150f6\"},\"headline\":\"CAN 2023+1 : Tunisie &#8211; Afrique du Sud, l\u2019heure de v\u00e9rit\u00e9 pour les Aigles de Carthage !\",\"datePublished\":\"2024-01-24T08:57:00+00:00\",\"dateModified\":\"2025-05-20T22:11:32+00:00\",\"mainEntityOfPage\":{\"@id\":\"https:\\\/\\\/www.webdo.tn\\\/fr\\\/actualite\\\/sport\\\/can-2023-1-tunisie-afrique-du-sud-l-heure-de-verite-pour-les-aigles-de-carthage\\\/211774\\\/\"},\"wordCount\":435,\"commentCount\":0,\"publisher\":{\"@id\":\"https:\\\/\\\/www.webdo.tn\\\/fr\\\/#organization\"},\"image\":{\"@id\":\"https:\\\/\\\/www.webdo.tn\\\/fr\\\/actualite\\\/sport\\\/can-2023-1-tunisie-afrique-du-sud-l-heure-de-verite-pour-les-aigles-de-carthage\\\/211774\\\/#primaryimage\"},\"thumbnailUrl\":\"https:\\\/\\\/www.webdo.tn\\\/fr\\\/wp-content\\\/uploads\\\/2024\\\/01\\\/6ceb9f62655c955c617a6804d33b7795.jpg\",\"keywords\":[\"afrique du sud\",\"CAN 2023+1\",\"huiti\u00e8mes de finale\",\"Tunisie\"],\"articleSection\":[\"Sport\"],\"inLanguage\":\"fr-FR\"},{\"@type\":\"WebPage\",\"@id\":\"https:\\\/\\\/www.webdo.tn\\\/fr\\\/actualite\\\/sport\\\/can-2023-1-tunisie-afrique-du-sud-l-heure-de-verite-pour-les-aigles-de-carthage\\\/211774\\\/\",\"url\":\"https:\\\/\\\/www.webdo.tn\\\/fr\\\/actualite\\\/sport\\\/can-2023-1-tunisie-afrique-du-sud-l-heure-de-verite-pour-les-aigles-de-carthage\\\/211774\\\/\",\"name\":\"CAN 2023+1 : Tunisie - Afrique du Sud, l\u2019heure de v\u00e9rit\u00e9 pour les Aigles de Carthage !\",\"isPartOf\":{\"@id\":\"https:\\\/\\\/www.webdo.tn\\\/fr\\\/#website\"},\"primaryImageOfPage\":{\"@id\":\"https:\\\/\\\/www.webdo.tn\\\/fr\\\/actualite\\\/sport\\\/can-2023-1-tunisie-afrique-du-sud-l-heure-de-verite-pour-les-aigles-de-carthage\\\/211774\\\/#primaryimage\"},\"image\":{\"@id\":\"https:\\\/\\\/www.webdo.tn\\\/fr\\\/actualite\\\/sport\\\/can-2023-1-tunisie-afrique-du-sud-l-heure-de-verite-pour-les-aigles-de-carthage\\\/211774\\\/#primaryimage\"},\"thumbnailUrl\":\"https:\\\/\\\/www.webdo.tn\\\/fr\\\/wp-content\\\/uploads\\\/2024\\\/01\\\/6ceb9f62655c955c617a6804d33b7795.jpg\",\"datePublished\":\"2024-01-24T08:57:00+00:00\",\"dateModified\":\"2025-05-20T22:11:32+00:00\",\"description\":\"Match d\u00e9cisif entre la Tunisie et l\u2019Afrique du Sud, toutes deux en lice pour une place en huiti\u00e8mes de finale de la Coupe d\u2019Afrique des Nations 2023+1.\",\"breadcrumb\":{\"@id\":\"https:\\\/\\\/www.webdo.tn\\\/fr\\\/actualite\\\/sport\\\/can-2023-1-tunisie-afrique-du-sud-l-heure-de-verite-pour-les-aigles-de-carthage\\\/211774\\\/#breadcrumb\"},\"inLanguage\":\"fr-FR\",\"potentialAction\":[{\"@type\":\"ReadAction\",\"target\":[\"https:\\\/\\\/www.webdo.tn\\\/fr\\\/actualite\\\/sport\\\/can-2023-1-tunisie-afrique-du-sud-l-heure-de-verite-pour-les-aigles-de-carthage\\\/211774\\\/\"]}]},{\"@type\":\"ImageObject\",\"inLanguage\":\"fr-FR\",\"@id\":\"https:\\\/\\\/www.webdo.tn\\\/fr\\\/actualite\\\/sport\\\/can-2023-1-tunisie-afrique-du-sud-l-heure-de-verite-pour-les-aigles-de-carthage\\\/211774\\\/#primaryimage\",\"url\":\"https:\\\/\\\/www.webdo.tn\\\/fr\\\/wp-content\\\/uploads\\\/2024\\\/01\\\/6ceb9f62655c955c617a6804d33b7795.jpg\",\"contentUrl\":\"https:\\\/\\\/www.webdo.tn\\\/fr\\\/wp-content\\\/uploads\\\/2024\\\/01\\\/6ceb9f62655c955c617a6804d33b7795.jpg\",\"width\":750,\"height\":400,\"caption\":\"CAN 2023+1 : Tunisie - Afrique du Sud, l\u2019heure de v\u00e9rit\u00e9 pour les Aigles de Carthage !\"},{\"@type\":\"BreadcrumbList\",\"@id\":\"https:\\\/\\\/www.webdo.tn\\\/fr\\\/actualite\\\/sport\\\/can-2023-1-tunisie-afrique-du-sud-l-heure-de-verite-pour-les-aigles-de-carthage\\\/211774\\\/#breadcrumb\",\"itemListElement\":[{\"@type\":\"ListItem\",\"position\":1,\"name\":\"Accueil\",\"item\":\"https:\\\/\\\/www.webdo.tn\\\/fr\\\/\"},{\"@type\":\"ListItem\",\"position\":2,\"name\":\"CAN 2023+1 : Tunisie &#8211; Afrique du Sud, l\u2019heure de v\u00e9rit\u00e9 pour les Aigles de Carthage !\"}]},{\"@type\":\"WebSite\",\"@id\":\"https:\\\/\\\/www.webdo.tn\\\/fr\\\/#website\",\"url\":\"https:\\\/\\\/www.webdo.tn\\\/fr\\\/\",\"name\":\"webdo\",\"description\":\"Tunisie - News en Tunisie et \u00e0 l&#039;international sur Webdo.tn\",\"publisher\":{\"@id\":\"https:\\\/\\\/www.webdo.tn\\\/fr\\\/#organization\"},\"potentialAction\":[{\"@type\":\"SearchAction\",\"target\":{\"@type\":\"EntryPoint\",\"urlTemplate\":\"https:\\\/\\\/www.webdo.tn\\\/fr\\\/?s={search_term_string}\"},\"query-input\":{\"@type\":\"PropertyValueSpecification\",\"valueRequired\":true,\"valueName\":\"search_term_string\"}}],\"inLanguage\":\"fr-FR\"},{\"@type\":\"Organization\",\"@id\":\"https:\\\/\\\/www.webdo.tn\\\/fr\\\/#organization\",\"name\":\"Webdo\",\"alternateName\":\"Webdo.tn\",\"url\":\"https:\\\/\\\/www.webdo.tn\\\/fr\\\/\",\"logo\":{\"@type\":\"ImageObject\",\"inLanguage\":\"fr-FR\",\"@id\":\"https:\\\/\\\/www.webdo.tn\\\/fr\\\/#\\\/schema\\\/logo\\\/image\\\/\",\"url\":\"https:\\\/\\\/www.webdo.tn\\\/fr\\\/wp-content\\\/uploads\\\/2025\\\/06\\\/Webdo-Tunisie_168377.jpg\",\"contentUrl\":\"https:\\\/\\\/www.webdo.tn\\\/fr\\\/wp-content\\\/uploads\\\/2025\\\/06\\\/Webdo-Tunisie_168377.jpg\",\"width\":301,\"height\":301,\"caption\":\"Webdo\"},\"image\":{\"@id\":\"https:\\\/\\\/www.webdo.tn\\\/fr\\\/#\\\/schema\\\/logo\\\/image\\\/\"},\"sameAs\":[\"https:\\\/\\\/www.facebook.com\\\/webdotn\",\"https:\\\/\\\/x.com\\\/webdo_tn\"],\"description\":\"Webdo est un m\u00e9dia num\u00e9rique tunisien fond\u00e9 en 2010, sp\u00e9cialis\u00e9 dans l\u2019actualit\u00e9 nationale et internationale, l\u2019\u00e9conomie, la soci\u00e9t\u00e9 et les analyses politiques. Le site s\u2019adresse \u00e0 un large public francophone et couvre l\u2019information tunisienne en temps r\u00e9el.\",\"email\":\"redac@webdo.tn\",\"legalName\":\"YNJ SARL\",\"foundingDate\":\"2010-09-06\",\"numberOfEmployees\":{\"@type\":\"QuantitativeValue\",\"minValue\":\"11\",\"maxValue\":\"50\"}},{\"@type\":\"Person\",\"@id\":\"https:\\\/\\\/www.webdo.tn\\\/fr\\\/#\\\/schema\\\/person\\\/2c4929cbf5a809e3bd38617c6ce150f6\",\"name\":\"MC\",\"image\":{\"@type\":\"ImageObject\",\"inLanguage\":\"fr-FR\",\"@id\":\"https:\\\/\\\/secure.gravatar.com\\\/avatar\\\/a545bbb6f84efdd5553dbbc2895e3ca8f1d12c5215e00a041c9670b54aa9b18a?s=96&d=mm&r=g\",\"url\":\"https:\\\/\\\/secure.gravatar.com\\\/avatar\\\/a545bbb6f84efdd5553dbbc2895e3ca8f1d12c5215e00a041c9670b54aa9b18a?s=96&d=mm&r=g\",\"contentUrl\":\"https:\\\/\\\/secure.gravatar.com\\\/avatar\\\/a545bbb6f84efdd5553dbbc2895e3ca8f1d12c5215e00a041c9670b54aa9b18a?s=96&d=mm&r=g\",\"caption\":\"MC\"},\"url\":\"https:\\\/\\\/www.webdo.tn\\\/fr\\\/actualite\\\/author\\\/mc\\\/\"}]}<\/script>\n<!-- \/ Yoast SEO Premium plugin. -->","yoast_head_json":{"title":"CAN 2023+1 : Tunisie - Afrique du Sud, l\u2019heure de v\u00e9rit\u00e9 pour les Aigles de Carthage !","description":"Match d\u00e9cisif entre la Tunisie et l\u2019Afrique du Sud, toutes deux en lice pour une place en huiti\u00e8mes de finale de la Coupe d\u2019Afrique des Nations 2023+1.","canonical":"https:\/\/www.webdo.tn\/fr\/actualite\/sport\/can-2023-1-tunisie-afrique-du-sud-l-heure-de-verite-pour-les-aigles-de-carthage\/211774\/","og_locale":"fr_FR","og_type":"article","og_title":"CAN 2023+1 : Tunisie - Afrique du Sud, l\u2019heure de v\u00e9rit\u00e9 pour les Aigles de Carthage !","og_description":"Match d\u00e9cisif entre la Tunisie et l\u2019Afrique du Sud, toutes deux en lice pour une place en huiti\u00e8mes de finale de la Coupe d\u2019Afrique des Nations 2023+1.","og_url":"https:\/\/www.webdo.tn\/fr\/actualite\/sport\/can-2023-1-tunisie-afrique-du-sud-l-heure-de-verite-pour-les-aigles-de-carthage\/211774\/","og_site_name":"webdo","article_publisher":"https:\/\/www.facebook.com\/webdotn","article_published_time":"2024-01-24T08:57:00+00:00","article_modified_time":"2025-05-20T22:11:32+00:00","og_image":[{"width":750,"height":400,"url":"https:\/\/www.webdo.tn\/fr\/wp-content\/uploads\/2024\/01\/6ceb9f62655c955c617a6804d33b7795.jpg","type":"image\/jpeg"}],"author":"MC","twitter_card":"summary_large_image","twitter_creator":"@webdo_tn","twitter_site":"@webdo_tn","twitter_misc":{"\u00c9crit par":"MC","Dur\u00e9e de lecture estim\u00e9e":"2 minutes"},"schema":{"@context":"https:\/\/schema.org","@graph":[{"@type":"NewsArticle","@id":"https:\/\/www.webdo.tn\/fr\/actualite\/sport\/can-2023-1-tunisie-afrique-du-sud-l-heure-de-verite-pour-les-aigles-de-carthage\/211774\/#article","isPartOf":{"@id":"https:\/\/www.webdo.tn\/fr\/actualite\/sport\/can-2023-1-tunisie-afrique-du-sud-l-heure-de-verite-pour-les-aigles-de-carthage\/211774\/"},"author":{"name":"MC","@id":"https:\/\/www.webdo.tn\/fr\/#\/schema\/person\/2c4929cbf5a809e3bd38617c6ce150f6"},"headline":"CAN 2023+1 : Tunisie &#8211; Afrique du Sud, l\u2019heure de v\u00e9rit\u00e9 pour les Aigles de Carthage !","datePublished":"2024-01-24T08:57:00+00:00","dateModified":"2025-05-20T22:11:32+00:00","mainEntityOfPage":{"@id":"https:\/\/www.webdo.tn\/fr\/actualite\/sport\/can-2023-1-tunisie-afrique-du-sud-l-heure-de-verite-pour-les-aigles-de-carthage\/211774\/"},"wordCount":435,"commentCount":0,"publisher":{"@id":"https:\/\/www.webdo.tn\/fr\/#organization"},"image":{"@id":"https:\/\/www.webdo.tn\/fr\/actualite\/sport\/can-2023-1-tunisie-afrique-du-sud-l-heure-de-verite-pour-les-aigles-de-carthage\/211774\/#primaryimage"},"thumbnailUrl":"https:\/\/www.webdo.tn\/fr\/wp-content\/uploads\/2024\/01\/6ceb9f62655c955c617a6804d33b7795.jpg","keywords":["afrique du sud","CAN 2023+1","huiti\u00e8mes de finale","Tunisie"],"articleSection":["Sport"],"inLanguage":"fr-FR"},{"@type":"WebPage","@id":"https:\/\/www.webdo.tn\/fr\/actualite\/sport\/can-2023-1-tunisie-afrique-du-sud-l-heure-de-verite-pour-les-aigles-de-carthage\/211774\/","url":"https:\/\/www.webdo.tn\/fr\/actualite\/sport\/can-2023-1-tunisie-afrique-du-sud-l-heure-de-verite-pour-les-aigles-de-carthage\/211774\/","name":"CAN 2023+1 : Tunisie - Afrique du Sud, l\u2019heure de v\u00e9rit\u00e9 pour les Aigles de Carthage !","isPartOf":{"@id":"https:\/\/www.webdo.tn\/fr\/#website"},"primaryImageOfPage":{"@id":"https:\/\/www.webdo.tn\/fr\/actualite\/sport\/can-2023-1-tunisie-afrique-du-sud-l-heure-de-verite-pour-les-aigles-de-carthage\/211774\/#primaryimage"},"image":{"@id":"https:\/\/www.webdo.tn\/fr\/actualite\/sport\/can-2023-1-tunisie-afrique-du-sud-l-heure-de-verite-pour-les-aigles-de-carthage\/211774\/#primaryimage"},"thumbnailUrl":"https:\/\/www.webdo.tn\/fr\/wp-content\/uploads\/2024\/01\/6ceb9f62655c955c617a6804d33b7795.jpg","datePublished":"2024-01-24T08:57:00+00:00","dateModified":"2025-05-20T22:11:32+00:00","description":"Match d\u00e9cisif entre la Tunisie et l\u2019Afrique du Sud, toutes deux en lice pour une place en huiti\u00e8mes de finale de la Coupe d\u2019Afrique des Nations 2023+1.","breadcrumb":{"@id":"https:\/\/www.webdo.tn\/fr\/actualite\/sport\/can-2023-1-tunisie-afrique-du-sud-l-heure-de-verite-pour-les-aigles-de-carthage\/211774\/#breadcrumb"},"inLanguage":"fr-FR","potentialAction":[{"@type":"ReadAction","target":["https:\/\/www.webdo.tn\/fr\/actualite\/sport\/can-2023-1-tunisie-afrique-du-sud-l-heure-de-verite-pour-les-aigles-de-carthage\/211774\/"]}]},{"@type":"ImageObject","inLanguage":"fr-FR","@id":"https:\/\/www.webdo.tn\/fr\/actualite\/sport\/can-2023-1-tunisie-afrique-du-sud-l-heure-de-verite-pour-les-aigles-de-carthage\/211774\/#primaryimage","url":"https:\/\/www.webdo.tn\/fr\/wp-content\/uploads\/2024\/01\/6ceb9f62655c955c617a6804d33b7795.jpg","contentUrl":"https:\/\/www.webdo.tn\/fr\/wp-content\/uploads\/2024\/01\/6ceb9f62655c955c617a6804d33b7795.jpg","width":750,"height":400,"caption":"CAN 2023+1 : Tunisie - Afrique du Sud, l\u2019heure de v\u00e9rit\u00e9 pour les Aigles de Carthage !"},{"@type":"BreadcrumbList","@id":"https:\/\/www.webdo.tn\/fr\/actualite\/sport\/can-2023-1-tunisie-afrique-du-sud-l-heure-de-verite-pour-les-aigles-de-carthage\/211774\/#breadcrumb","itemListElement":[{"@type":"ListItem","position":1,"name":"Accueil","item":"https:\/\/www.webdo.tn\/fr\/"},{"@type":"ListItem","position":2,"name":"CAN 2023+1 : Tunisie &#8211; Afrique du Sud, l\u2019heure de v\u00e9rit\u00e9 pour les Aigles de Carthage !"}]},{"@type":"WebSite","@id":"https:\/\/www.webdo.tn\/fr\/#website","url":"https:\/\/www.webdo.tn\/fr\/","name":"webdo","description":"Tunisie - News en Tunisie et \u00e0 l&#039;international sur Webdo.tn","publisher":{"@id":"https:\/\/www.webdo.tn\/fr\/#organization"},"potentialAction":[{"@type":"SearchAction","target":{"@type":"EntryPoint","urlTemplate":"https:\/\/www.webdo.tn\/fr\/?s={search_term_string}"},"query-input":{"@type":"PropertyValueSpecification","valueRequired":true,"valueName":"search_term_string"}}],"inLanguage":"fr-FR"},{"@type":"Organization","@id":"https:\/\/www.webdo.tn\/fr\/#organization","name":"Webdo","alternateName":"Webdo.tn","url":"https:\/\/www.webdo.tn\/fr\/","logo":{"@type":"ImageObject","inLanguage":"fr-FR","@id":"https:\/\/www.webdo.tn\/fr\/#\/schema\/logo\/image\/","url":"https:\/\/www.webdo.tn\/fr\/wp-content\/uploads\/2025\/06\/Webdo-Tunisie_168377.jpg","contentUrl":"https:\/\/www.webdo.tn\/fr\/wp-content\/uploads\/2025\/06\/Webdo-Tunisie_168377.jpg","width":301,"height":301,"caption":"Webdo"},"image":{"@id":"https:\/\/www.webdo.tn\/fr\/#\/schema\/logo\/image\/"},"sameAs":["https:\/\/www.facebook.com\/webdotn","https:\/\/x.com\/webdo_tn"],"description":"Webdo est un m\u00e9dia num\u00e9rique tunisien fond\u00e9 en 2010, sp\u00e9cialis\u00e9 dans l\u2019actualit\u00e9 nationale et internationale, l\u2019\u00e9conomie, la soci\u00e9t\u00e9 et les analyses politiques. Le site s\u2019adresse \u00e0 un large public francophone et couvre l\u2019information tunisienne en temps r\u00e9el.","email":"redac@webdo.tn","legalName":"YNJ SARL","foundingDate":"2010-09-06","numberOfEmployees":{"@type":"QuantitativeValue","minValue":"11","maxValue":"50"}},{"@type":"Person","@id":"https:\/\/www.webdo.tn\/fr\/#\/schema\/person\/2c4929cbf5a809e3bd38617c6ce150f6","name":"MC","image":{"@type":"ImageObject","inLanguage":"fr-FR","@id":"https:\/\/secure.gravatar.com\/avatar\/a545bbb6f84efdd5553dbbc2895e3ca8f1d12c5215e00a041c9670b54aa9b18a?s=96&d=mm&r=g","url":"https:\/\/secure.gravatar.com\/avatar\/a545bbb6f84efdd5553dbbc2895e3ca8f1d12c5215e00a041c9670b54aa9b18a?s=96&d=mm&r=g","contentUrl":"https:\/\/secure.gravatar.com\/avatar\/a545bbb6f84efdd5553dbbc2895e3ca8f1d12c5215e00a041c9670b54aa9b18a?s=96&d=mm&r=g","caption":"MC"},"url":"https:\/\/www.webdo.tn\/fr\/actualite\/author\/mc\/"}]}},"_links":{"self":[{"href":"https:\/\/www.webdo.tn\/fr\/wp-json\/wp\/v2\/posts\/211774","targetHints":{"allow":["GET"]}}],"collection":[{"href":"https:\/\/www.webdo.tn\/fr\/wp-json\/wp\/v2\/posts"}],"about":[{"href":"https:\/\/www.webdo.tn\/fr\/wp-json\/wp\/v2\/types\/post"}],"author":[{"embeddable":true,"href":"https:\/\/www.webdo.tn\/fr\/wp-json\/wp\/v2\/users\/3162"}],"replies":[{"embeddable":true,"href":"https:\/\/www.webdo.tn\/fr\/wp-json\/wp\/v2\/comments?post=211774"}],"version-history":[{"count":0,"href":"https:\/\/www.webdo.tn\/fr\/wp-json\/wp\/v2\/posts\/211774\/revisions"}],"wp:featuredmedia":[{"embeddable":true,"href":"https:\/\/www.webdo.tn\/fr\/wp-json\/wp\/v2\/media\/290123"}],"wp:attachment":[{"href":"https:\/\/www.webdo.tn\/fr\/wp-json\/wp\/v2\/media?parent=211774"}],"wp:term":[{"taxonomy":"category","embeddable":true,"href":"https:\/\/www.webdo.tn\/fr\/wp-json\/wp\/v2\/categories?post=211774"},{"taxonomy":"post_tag","embeddable":true,"href":"https:\/\/www.webdo.tn\/fr\/wp-json\/wp\/v2\/tags?post=211774"}],"curies":[{"name":"wp","href":"https:\/\/api.w.org\/{rel}","templated":true}]}}