{"id":211772,"date":"2024-01-24T08:04:00","date_gmt":"2024-01-24T08:04:00","guid":{"rendered":"https:\/\/www.webdo.tn\/fr\/blog\/les-etats-unis-bombardent-l-irak-ciblant-des-groupes-pro-iran\/211772\/"},"modified":"2025-05-20T22:38:04","modified_gmt":"2025-05-20T22:38:04","slug":"les-etats-unis-bombardent-l-irak-ciblant-des-groupes-pro-iran","status":"publish","type":"post","link":"https:\/\/www.webdo.tn\/fr\/actualite\/international\/les-etats-unis-bombardent-l-irak-ciblant-des-groupes-pro-iran\/211772\/","title":{"rendered":"Les Etats-Unis bombardent des groupes pro-Iran en Irak"},"content":{"rendered":"<p>Le minist\u00e8re de la D\u00e9fense am\u00e9ricain a annonc\u00e9 mardi des frappes \u00ab\u00a0n\u00e9cessaires et proportionn\u00e9es\u00a0\u00bb en Irak contre des installations utilis\u00e9es par des groupes affili\u00e9s \u00e0 l&rsquo;Iran notamment les Brigades du Hezbollah.\u00a0<\/p>\n<p>\t\t\t\t\t\t\t\t\tSelon des m\u00e9dias am\u00e9ricains, ces bombardements interviennent en r\u00e9ponse \u00e0 des attaques r\u00e9centes \u00e0 l&rsquo;encontre des troupes am\u00e9ricaines.\u00a0<\/p>\n<p>\u00ab\u00a0Les forces militaires am\u00e9ricaines ont men\u00e9 des frappes n\u00e9cessaires et proportionn\u00e9es sur trois installations utilis\u00e9es par les Brigades du Hezbollah, soutenues par l&rsquo;Iran, et d&rsquo;autres groupes affili\u00e9s \u00e0 l&rsquo;Iran en Irak\u00a0\u00bb, a d\u00e9clar\u00e9 Lloyd Austin, ministre de la D\u00e9fense am\u00e9ricain, dans un communiqu\u00e9.<\/p>\n<p>\u00ab\u00a0Ces frappes de pr\u00e9cision sont une r\u00e9ponse directe \u00e0 une s\u00e9rie d&rsquo;attaques contre le personnel des \u00c9tats-Unis et de la coalition en Irak et en Syrie par des milices parrain\u00e9es par l&rsquo;Iran\u00a0\u00bb, a-t-il encore d\u00e9clar\u00e9.\u00a0<\/p>\n<p>\u00ab\u00a0Nous ne cherchons pas \u00e0 intensifier le conflit dans la r\u00e9gion\u00a0\u00bb, mais \u00ab\u00a0nous sommes tout \u00e0 fait dispos\u00e9s \u00e0 prendre d&rsquo;autres mesures pour prot\u00e9ger notre peuple et nos installations\u00a0\u00bb, a dit Lloyd Austin.<\/p>\n","protected":false},"excerpt":{"rendered":"<p>Selon des m\u00e9dias am\u00e9ricains, ces bombardements interviennent en r\u00e9ponse \u00e0 des attaques r\u00e9centes \u00e0 l&rsquo;encontre des troupes am\u00e9ricaines.\u00a0<\/p>\n","protected":false},"author":3175,"featured_media":248177,"comment_status":"open","ping_status":"closed","sticky":false,"template":"","format":"standard","meta":{"footnotes":""},"categories":[2598],"tags":[5202,2689,2867,2912,3061],"class_list":["post-211772","post","type-post","status-publish","format-standard","has-post-thumbnail","hentry","category-international","tag-bombardement","tag-gaza","tag-irak","tag-iran","tag-usa"],"yoast_head":"<!-- This site is optimized with the Yoast SEO Premium plugin v27.5 (Yoast SEO v27.5) - https:\/\/yoast.com\/product\/yoast-seo-premium-wordpress\/ -->\n<title>Les Etats-Unis bombardent des groupes pro-Iran en Irak<\/title>\n<meta name=\"description\" content=\"Selon des m\u00e9dias am\u00e9ricains, ces bombardements interviennent en r\u00e9ponse \u00e0 des attaques r\u00e9centes \u00e0 l&#039;encontre des troupes am\u00e9ricaines.\u00a0\" \/>\n<link rel=\"canonical\" href=\"https:\/\/www.webdo.tn\/fr\/actualite\/international\/les-etats-unis-bombardent-l-irak-ciblant-des-groupes-pro-iran\/211772\/\" \/>\n<meta property=\"og:locale\" content=\"fr_FR\" \/>\n<meta property=\"og:type\" content=\"article\" \/>\n<meta property=\"og:title\" content=\"Les Etats-Unis bombardent des groupes pro-Iran en Irak\" \/>\n<meta property=\"og:description\" content=\"Selon des m\u00e9dias am\u00e9ricains, ces bombardements interviennent en r\u00e9ponse \u00e0 des attaques r\u00e9centes \u00e0 l&#039;encontre des troupes am\u00e9ricaines.\u00a0\" \/>\n<meta property=\"og:url\" content=\"https:\/\/www.webdo.tn\/fr\/actualite\/international\/les-etats-unis-bombardent-l-irak-ciblant-des-groupes-pro-iran\/211772\/\" \/>\n<meta property=\"og:site_name\" content=\"webdo\" \/>\n<meta property=\"article:publisher\" content=\"https:\/\/www.facebook.com\/webdotn\" \/>\n<meta property=\"article:published_time\" content=\"2024-01-24T08:04:00+00:00\" \/>\n<meta property=\"article:modified_time\" content=\"2025-05-20T22:38:04+00:00\" \/>\n<meta property=\"og:image\" content=\"https:\/\/www.webdo.tn\/fr\/wp-content\/uploads\/2024\/01\/3c019db2902ff5b714d085eaa23323ae.jpg\" \/>\n\t<meta property=\"og:image:width\" content=\"750\" \/>\n\t<meta property=\"og:image:height\" content=\"400\" \/>\n\t<meta property=\"og:image:type\" content=\"image\/jpeg\" \/>\n<meta name=\"author\" content=\"CL\" \/>\n<meta name=\"twitter:card\" content=\"summary_large_image\" \/>\n<meta name=\"twitter:creator\" content=\"@webdo_tn\" \/>\n<meta name=\"twitter:site\" content=\"@webdo_tn\" \/>\n<meta name=\"twitter:label1\" content=\"\u00c9crit par\" \/>\n\t<meta name=\"twitter:data1\" content=\"CL\" \/>\n\t<meta name=\"twitter:label2\" content=\"Dur\u00e9e de lecture estim\u00e9e\" \/>\n\t<meta name=\"twitter:data2\" content=\"1 minute\" \/>\n<script type=\"application\/ld+json\" class=\"yoast-schema-graph\">{\"@context\":\"https:\\\/\\\/schema.org\",\"@graph\":[{\"@type\":\"NewsArticle\",\"@id\":\"https:\\\/\\\/www.webdo.tn\\\/fr\\\/actualite\\\/international\\\/les-etats-unis-bombardent-l-irak-ciblant-des-groupes-pro-iran\\\/211772\\\/#article\",\"isPartOf\":{\"@id\":\"https:\\\/\\\/www.webdo.tn\\\/fr\\\/actualite\\\/international\\\/les-etats-unis-bombardent-l-irak-ciblant-des-groupes-pro-iran\\\/211772\\\/\"},\"author\":{\"name\":\"CL\",\"@id\":\"https:\\\/\\\/www.webdo.tn\\\/fr\\\/#\\\/schema\\\/person\\\/f35b42a42c5e2511bbd282959d6385cc\"},\"headline\":\"Les Etats-Unis bombardent des groupes pro-Iran en Irak\",\"datePublished\":\"2024-01-24T08:04:00+00:00\",\"dateModified\":\"2025-05-20T22:38:04+00:00\",\"mainEntityOfPage\":{\"@id\":\"https:\\\/\\\/www.webdo.tn\\\/fr\\\/actualite\\\/international\\\/les-etats-unis-bombardent-l-irak-ciblant-des-groupes-pro-iran\\\/211772\\\/\"},\"wordCount\":196,\"commentCount\":0,\"publisher\":{\"@id\":\"https:\\\/\\\/www.webdo.tn\\\/fr\\\/#organization\"},\"image\":{\"@id\":\"https:\\\/\\\/www.webdo.tn\\\/fr\\\/actualite\\\/international\\\/les-etats-unis-bombardent-l-irak-ciblant-des-groupes-pro-iran\\\/211772\\\/#primaryimage\"},\"thumbnailUrl\":\"https:\\\/\\\/www.webdo.tn\\\/fr\\\/wp-content\\\/uploads\\\/2024\\\/01\\\/3c019db2902ff5b714d085eaa23323ae.jpg\",\"keywords\":[\"bombardement\",\"Gaza\",\"irak\",\"Iran\",\"USA\"],\"articleSection\":[\"International\"],\"inLanguage\":\"fr-FR\"},{\"@type\":\"WebPage\",\"@id\":\"https:\\\/\\\/www.webdo.tn\\\/fr\\\/actualite\\\/international\\\/les-etats-unis-bombardent-l-irak-ciblant-des-groupes-pro-iran\\\/211772\\\/\",\"url\":\"https:\\\/\\\/www.webdo.tn\\\/fr\\\/actualite\\\/international\\\/les-etats-unis-bombardent-l-irak-ciblant-des-groupes-pro-iran\\\/211772\\\/\",\"name\":\"Les Etats-Unis bombardent des groupes pro-Iran en Irak\",\"isPartOf\":{\"@id\":\"https:\\\/\\\/www.webdo.tn\\\/fr\\\/#website\"},\"primaryImageOfPage\":{\"@id\":\"https:\\\/\\\/www.webdo.tn\\\/fr\\\/actualite\\\/international\\\/les-etats-unis-bombardent-l-irak-ciblant-des-groupes-pro-iran\\\/211772\\\/#primaryimage\"},\"image\":{\"@id\":\"https:\\\/\\\/www.webdo.tn\\\/fr\\\/actualite\\\/international\\\/les-etats-unis-bombardent-l-irak-ciblant-des-groupes-pro-iran\\\/211772\\\/#primaryimage\"},\"thumbnailUrl\":\"https:\\\/\\\/www.webdo.tn\\\/fr\\\/wp-content\\\/uploads\\\/2024\\\/01\\\/3c019db2902ff5b714d085eaa23323ae.jpg\",\"datePublished\":\"2024-01-24T08:04:00+00:00\",\"dateModified\":\"2025-05-20T22:38:04+00:00\",\"description\":\"Selon des m\u00e9dias am\u00e9ricains, ces bombardements interviennent en r\u00e9ponse \u00e0 des attaques r\u00e9centes \u00e0 l'encontre des troupes am\u00e9ricaines.\u00a0\",\"breadcrumb\":{\"@id\":\"https:\\\/\\\/www.webdo.tn\\\/fr\\\/actualite\\\/international\\\/les-etats-unis-bombardent-l-irak-ciblant-des-groupes-pro-iran\\\/211772\\\/#breadcrumb\"},\"inLanguage\":\"fr-FR\",\"potentialAction\":[{\"@type\":\"ReadAction\",\"target\":[\"https:\\\/\\\/www.webdo.tn\\\/fr\\\/actualite\\\/international\\\/les-etats-unis-bombardent-l-irak-ciblant-des-groupes-pro-iran\\\/211772\\\/\"]}]},{\"@type\":\"ImageObject\",\"inLanguage\":\"fr-FR\",\"@id\":\"https:\\\/\\\/www.webdo.tn\\\/fr\\\/actualite\\\/international\\\/les-etats-unis-bombardent-l-irak-ciblant-des-groupes-pro-iran\\\/211772\\\/#primaryimage\",\"url\":\"https:\\\/\\\/www.webdo.tn\\\/fr\\\/wp-content\\\/uploads\\\/2024\\\/01\\\/3c019db2902ff5b714d085eaa23323ae.jpg\",\"contentUrl\":\"https:\\\/\\\/www.webdo.tn\\\/fr\\\/wp-content\\\/uploads\\\/2024\\\/01\\\/3c019db2902ff5b714d085eaa23323ae.jpg\",\"width\":750,\"height\":400,\"caption\":\"Les Etats-Unis bombardent des groupes pro-Iran en Irak\"},{\"@type\":\"BreadcrumbList\",\"@id\":\"https:\\\/\\\/www.webdo.tn\\\/fr\\\/actualite\\\/international\\\/les-etats-unis-bombardent-l-irak-ciblant-des-groupes-pro-iran\\\/211772\\\/#breadcrumb\",\"itemListElement\":[{\"@type\":\"ListItem\",\"position\":1,\"name\":\"Accueil\",\"item\":\"https:\\\/\\\/www.webdo.tn\\\/fr\\\/\"},{\"@type\":\"ListItem\",\"position\":2,\"name\":\"Les Etats-Unis bombardent des groupes pro-Iran en Irak\"}]},{\"@type\":\"WebSite\",\"@id\":\"https:\\\/\\\/www.webdo.tn\\\/fr\\\/#website\",\"url\":\"https:\\\/\\\/www.webdo.tn\\\/fr\\\/\",\"name\":\"webdo\",\"description\":\"Tunisie - News en Tunisie et \u00e0 l&#039;international sur Webdo.tn\",\"publisher\":{\"@id\":\"https:\\\/\\\/www.webdo.tn\\\/fr\\\/#organization\"},\"potentialAction\":[{\"@type\":\"SearchAction\",\"target\":{\"@type\":\"EntryPoint\",\"urlTemplate\":\"https:\\\/\\\/www.webdo.tn\\\/fr\\\/?s={search_term_string}\"},\"query-input\":{\"@type\":\"PropertyValueSpecification\",\"valueRequired\":true,\"valueName\":\"search_term_string\"}}],\"inLanguage\":\"fr-FR\"},{\"@type\":\"Organization\",\"@id\":\"https:\\\/\\\/www.webdo.tn\\\/fr\\\/#organization\",\"name\":\"Webdo\",\"alternateName\":\"Webdo.tn\",\"url\":\"https:\\\/\\\/www.webdo.tn\\\/fr\\\/\",\"logo\":{\"@type\":\"ImageObject\",\"inLanguage\":\"fr-FR\",\"@id\":\"https:\\\/\\\/www.webdo.tn\\\/fr\\\/#\\\/schema\\\/logo\\\/image\\\/\",\"url\":\"https:\\\/\\\/www.webdo.tn\\\/fr\\\/wp-content\\\/uploads\\\/2025\\\/06\\\/Webdo-Tunisie_168377.jpg\",\"contentUrl\":\"https:\\\/\\\/www.webdo.tn\\\/fr\\\/wp-content\\\/uploads\\\/2025\\\/06\\\/Webdo-Tunisie_168377.jpg\",\"width\":301,\"height\":301,\"caption\":\"Webdo\"},\"image\":{\"@id\":\"https:\\\/\\\/www.webdo.tn\\\/fr\\\/#\\\/schema\\\/logo\\\/image\\\/\"},\"sameAs\":[\"https:\\\/\\\/www.facebook.com\\\/webdotn\",\"https:\\\/\\\/x.com\\\/webdo_tn\"],\"description\":\"Webdo est un m\u00e9dia num\u00e9rique tunisien fond\u00e9 en 2010, sp\u00e9cialis\u00e9 dans l\u2019actualit\u00e9 nationale et internationale, l\u2019\u00e9conomie, la soci\u00e9t\u00e9 et les analyses politiques. Le site s\u2019adresse \u00e0 un large public francophone et couvre l\u2019information tunisienne en temps r\u00e9el.\",\"email\":\"redac@webdo.tn\",\"legalName\":\"YNJ SARL\",\"foundingDate\":\"2010-09-06\",\"numberOfEmployees\":{\"@type\":\"QuantitativeValue\",\"minValue\":\"11\",\"maxValue\":\"50\"}},{\"@type\":\"Person\",\"@id\":\"https:\\\/\\\/www.webdo.tn\\\/fr\\\/#\\\/schema\\\/person\\\/f35b42a42c5e2511bbd282959d6385cc\",\"name\":\"CL\",\"image\":{\"@type\":\"ImageObject\",\"inLanguage\":\"fr-FR\",\"@id\":\"https:\\\/\\\/secure.gravatar.com\\\/avatar\\\/1447a49909b67aa657c488aec6512e1dd6143a480c1ecfee9b5b5cd74eb3b59e?s=96&d=mm&r=g\",\"url\":\"https:\\\/\\\/secure.gravatar.com\\\/avatar\\\/1447a49909b67aa657c488aec6512e1dd6143a480c1ecfee9b5b5cd74eb3b59e?s=96&d=mm&r=g\",\"contentUrl\":\"https:\\\/\\\/secure.gravatar.com\\\/avatar\\\/1447a49909b67aa657c488aec6512e1dd6143a480c1ecfee9b5b5cd74eb3b59e?s=96&d=mm&r=g\",\"caption\":\"CL\"},\"url\":\"https:\\\/\\\/www.webdo.tn\\\/fr\\\/actualite\\\/author\\\/cl\\\/\"}]}<\/script>\n<!-- \/ Yoast SEO Premium plugin. -->","yoast_head_json":{"title":"Les Etats-Unis bombardent des groupes pro-Iran en Irak","description":"Selon des m\u00e9dias am\u00e9ricains, ces bombardements interviennent en r\u00e9ponse \u00e0 des attaques r\u00e9centes \u00e0 l'encontre des troupes am\u00e9ricaines.\u00a0","canonical":"https:\/\/www.webdo.tn\/fr\/actualite\/international\/les-etats-unis-bombardent-l-irak-ciblant-des-groupes-pro-iran\/211772\/","og_locale":"fr_FR","og_type":"article","og_title":"Les Etats-Unis bombardent des groupes pro-Iran en Irak","og_description":"Selon des m\u00e9dias am\u00e9ricains, ces bombardements interviennent en r\u00e9ponse \u00e0 des attaques r\u00e9centes \u00e0 l'encontre des troupes am\u00e9ricaines.\u00a0","og_url":"https:\/\/www.webdo.tn\/fr\/actualite\/international\/les-etats-unis-bombardent-l-irak-ciblant-des-groupes-pro-iran\/211772\/","og_site_name":"webdo","article_publisher":"https:\/\/www.facebook.com\/webdotn","article_published_time":"2024-01-24T08:04:00+00:00","article_modified_time":"2025-05-20T22:38:04+00:00","og_image":[{"width":750,"height":400,"url":"https:\/\/www.webdo.tn\/fr\/wp-content\/uploads\/2024\/01\/3c019db2902ff5b714d085eaa23323ae.jpg","type":"image\/jpeg"}],"author":"CL","twitter_card":"summary_large_image","twitter_creator":"@webdo_tn","twitter_site":"@webdo_tn","twitter_misc":{"\u00c9crit par":"CL","Dur\u00e9e de lecture estim\u00e9e":"1 minute"},"schema":{"@context":"https:\/\/schema.org","@graph":[{"@type":"NewsArticle","@id":"https:\/\/www.webdo.tn\/fr\/actualite\/international\/les-etats-unis-bombardent-l-irak-ciblant-des-groupes-pro-iran\/211772\/#article","isPartOf":{"@id":"https:\/\/www.webdo.tn\/fr\/actualite\/international\/les-etats-unis-bombardent-l-irak-ciblant-des-groupes-pro-iran\/211772\/"},"author":{"name":"CL","@id":"https:\/\/www.webdo.tn\/fr\/#\/schema\/person\/f35b42a42c5e2511bbd282959d6385cc"},"headline":"Les Etats-Unis bombardent des groupes pro-Iran en Irak","datePublished":"2024-01-24T08:04:00+00:00","dateModified":"2025-05-20T22:38:04+00:00","mainEntityOfPage":{"@id":"https:\/\/www.webdo.tn\/fr\/actualite\/international\/les-etats-unis-bombardent-l-irak-ciblant-des-groupes-pro-iran\/211772\/"},"wordCount":196,"commentCount":0,"publisher":{"@id":"https:\/\/www.webdo.tn\/fr\/#organization"},"image":{"@id":"https:\/\/www.webdo.tn\/fr\/actualite\/international\/les-etats-unis-bombardent-l-irak-ciblant-des-groupes-pro-iran\/211772\/#primaryimage"},"thumbnailUrl":"https:\/\/www.webdo.tn\/fr\/wp-content\/uploads\/2024\/01\/3c019db2902ff5b714d085eaa23323ae.jpg","keywords":["bombardement","Gaza","irak","Iran","USA"],"articleSection":["International"],"inLanguage":"fr-FR"},{"@type":"WebPage","@id":"https:\/\/www.webdo.tn\/fr\/actualite\/international\/les-etats-unis-bombardent-l-irak-ciblant-des-groupes-pro-iran\/211772\/","url":"https:\/\/www.webdo.tn\/fr\/actualite\/international\/les-etats-unis-bombardent-l-irak-ciblant-des-groupes-pro-iran\/211772\/","name":"Les Etats-Unis bombardent des groupes pro-Iran en Irak","isPartOf":{"@id":"https:\/\/www.webdo.tn\/fr\/#website"},"primaryImageOfPage":{"@id":"https:\/\/www.webdo.tn\/fr\/actualite\/international\/les-etats-unis-bombardent-l-irak-ciblant-des-groupes-pro-iran\/211772\/#primaryimage"},"image":{"@id":"https:\/\/www.webdo.tn\/fr\/actualite\/international\/les-etats-unis-bombardent-l-irak-ciblant-des-groupes-pro-iran\/211772\/#primaryimage"},"thumbnailUrl":"https:\/\/www.webdo.tn\/fr\/wp-content\/uploads\/2024\/01\/3c019db2902ff5b714d085eaa23323ae.jpg","datePublished":"2024-01-24T08:04:00+00:00","dateModified":"2025-05-20T22:38:04+00:00","description":"Selon des m\u00e9dias am\u00e9ricains, ces bombardements interviennent en r\u00e9ponse \u00e0 des attaques r\u00e9centes \u00e0 l'encontre des troupes am\u00e9ricaines.\u00a0","breadcrumb":{"@id":"https:\/\/www.webdo.tn\/fr\/actualite\/international\/les-etats-unis-bombardent-l-irak-ciblant-des-groupes-pro-iran\/211772\/#breadcrumb"},"inLanguage":"fr-FR","potentialAction":[{"@type":"ReadAction","target":["https:\/\/www.webdo.tn\/fr\/actualite\/international\/les-etats-unis-bombardent-l-irak-ciblant-des-groupes-pro-iran\/211772\/"]}]},{"@type":"ImageObject","inLanguage":"fr-FR","@id":"https:\/\/www.webdo.tn\/fr\/actualite\/international\/les-etats-unis-bombardent-l-irak-ciblant-des-groupes-pro-iran\/211772\/#primaryimage","url":"https:\/\/www.webdo.tn\/fr\/wp-content\/uploads\/2024\/01\/3c019db2902ff5b714d085eaa23323ae.jpg","contentUrl":"https:\/\/www.webdo.tn\/fr\/wp-content\/uploads\/2024\/01\/3c019db2902ff5b714d085eaa23323ae.jpg","width":750,"height":400,"caption":"Les Etats-Unis bombardent des groupes pro-Iran en Irak"},{"@type":"BreadcrumbList","@id":"https:\/\/www.webdo.tn\/fr\/actualite\/international\/les-etats-unis-bombardent-l-irak-ciblant-des-groupes-pro-iran\/211772\/#breadcrumb","itemListElement":[{"@type":"ListItem","position":1,"name":"Accueil","item":"https:\/\/www.webdo.tn\/fr\/"},{"@type":"ListItem","position":2,"name":"Les Etats-Unis bombardent des groupes pro-Iran en Irak"}]},{"@type":"WebSite","@id":"https:\/\/www.webdo.tn\/fr\/#website","url":"https:\/\/www.webdo.tn\/fr\/","name":"webdo","description":"Tunisie - News en Tunisie et \u00e0 l&#039;international sur Webdo.tn","publisher":{"@id":"https:\/\/www.webdo.tn\/fr\/#organization"},"potentialAction":[{"@type":"SearchAction","target":{"@type":"EntryPoint","urlTemplate":"https:\/\/www.webdo.tn\/fr\/?s={search_term_string}"},"query-input":{"@type":"PropertyValueSpecification","valueRequired":true,"valueName":"search_term_string"}}],"inLanguage":"fr-FR"},{"@type":"Organization","@id":"https:\/\/www.webdo.tn\/fr\/#organization","name":"Webdo","alternateName":"Webdo.tn","url":"https:\/\/www.webdo.tn\/fr\/","logo":{"@type":"ImageObject","inLanguage":"fr-FR","@id":"https:\/\/www.webdo.tn\/fr\/#\/schema\/logo\/image\/","url":"https:\/\/www.webdo.tn\/fr\/wp-content\/uploads\/2025\/06\/Webdo-Tunisie_168377.jpg","contentUrl":"https:\/\/www.webdo.tn\/fr\/wp-content\/uploads\/2025\/06\/Webdo-Tunisie_168377.jpg","width":301,"height":301,"caption":"Webdo"},"image":{"@id":"https:\/\/www.webdo.tn\/fr\/#\/schema\/logo\/image\/"},"sameAs":["https:\/\/www.facebook.com\/webdotn","https:\/\/x.com\/webdo_tn"],"description":"Webdo est un m\u00e9dia num\u00e9rique tunisien fond\u00e9 en 2010, sp\u00e9cialis\u00e9 dans l\u2019actualit\u00e9 nationale et internationale, l\u2019\u00e9conomie, la soci\u00e9t\u00e9 et les analyses politiques. Le site s\u2019adresse \u00e0 un large public francophone et couvre l\u2019information tunisienne en temps r\u00e9el.","email":"redac@webdo.tn","legalName":"YNJ SARL","foundingDate":"2010-09-06","numberOfEmployees":{"@type":"QuantitativeValue","minValue":"11","maxValue":"50"}},{"@type":"Person","@id":"https:\/\/www.webdo.tn\/fr\/#\/schema\/person\/f35b42a42c5e2511bbd282959d6385cc","name":"CL","image":{"@type":"ImageObject","inLanguage":"fr-FR","@id":"https:\/\/secure.gravatar.com\/avatar\/1447a49909b67aa657c488aec6512e1dd6143a480c1ecfee9b5b5cd74eb3b59e?s=96&d=mm&r=g","url":"https:\/\/secure.gravatar.com\/avatar\/1447a49909b67aa657c488aec6512e1dd6143a480c1ecfee9b5b5cd74eb3b59e?s=96&d=mm&r=g","contentUrl":"https:\/\/secure.gravatar.com\/avatar\/1447a49909b67aa657c488aec6512e1dd6143a480c1ecfee9b5b5cd74eb3b59e?s=96&d=mm&r=g","caption":"CL"},"url":"https:\/\/www.webdo.tn\/fr\/actualite\/author\/cl\/"}]}},"_links":{"self":[{"href":"https:\/\/www.webdo.tn\/fr\/wp-json\/wp\/v2\/posts\/211772","targetHints":{"allow":["GET"]}}],"collection":[{"href":"https:\/\/www.webdo.tn\/fr\/wp-json\/wp\/v2\/posts"}],"about":[{"href":"https:\/\/www.webdo.tn\/fr\/wp-json\/wp\/v2\/types\/post"}],"author":[{"embeddable":true,"href":"https:\/\/www.webdo.tn\/fr\/wp-json\/wp\/v2\/users\/3175"}],"replies":[{"embeddable":true,"href":"https:\/\/www.webdo.tn\/fr\/wp-json\/wp\/v2\/comments?post=211772"}],"version-history":[{"count":0,"href":"https:\/\/www.webdo.tn\/fr\/wp-json\/wp\/v2\/posts\/211772\/revisions"}],"wp:featuredmedia":[{"embeddable":true,"href":"https:\/\/www.webdo.tn\/fr\/wp-json\/wp\/v2\/media\/248177"}],"wp:attachment":[{"href":"https:\/\/www.webdo.tn\/fr\/wp-json\/wp\/v2\/media?parent=211772"}],"wp:term":[{"taxonomy":"category","embeddable":true,"href":"https:\/\/www.webdo.tn\/fr\/wp-json\/wp\/v2\/categories?post=211772"},{"taxonomy":"post_tag","embeddable":true,"href":"https:\/\/www.webdo.tn\/fr\/wp-json\/wp\/v2\/tags?post=211772"}],"curies":[{"name":"wp","href":"https:\/\/api.w.org\/{rel}","templated":true}]}}