{"id":211768,"date":"2024-01-23T22:47:00","date_gmt":"2024-01-23T22:47:00","guid":{"rendered":"https:\/\/www.webdo.tn\/fr\/blog\/la-tunisie-sollicite-un-credit-de-la-berd-pour-renflouer-la-societe-el-fouladh\/211768\/"},"modified":"2025-05-20T22:55:35","modified_gmt":"2025-05-20T22:55:35","slug":"la-tunisie-sollicite-un-credit-de-la-berd-pour-renflouer-la-societe-el-fouladh","status":"publish","type":"post","link":"https:\/\/www.webdo.tn\/fr\/actualite\/national\/la-tunisie-sollicite-un-credit-de-la-berd-pour-renflouer-la-societe-el-fouladh\/211768\/","title":{"rendered":"La Tunisie sollicite un cr\u00e9dit de la BERD pour renflouer la Soci\u00e9t\u00e9 El Fouladh"},"content":{"rendered":"<p>Le minist\u00e8re de l\u2019\u00c9conomie s\u2019est adress\u00e9 \u00e0 la Banque europ\u00e9enne pour la reconstruction et le d\u00e9veloppement (BERD) pour obtenir un pr\u00eat de 70 millions de dollars dans le but de renouveler les moyens de production de la Soci\u00e9t\u00e9 El Fouladh.<\/p>\n<p>\t\t\t\t\t\t\t\t\tLa ministre des Finances, charg\u00e9e de diriger le minist\u00e8re de l\u2019\u00c9conomie et du Plan, Sihem Boughdiri Namsia, a confirm\u00e9 lors d\u2019une s\u00e9ance pl\u00e9ni\u00e8re tenue \u00e0 l\u2019ARP, aujourd\u2019hui, mardi 23 janvier, que le minist\u00e8re avait adress\u00e9 une demande pour obtenir ce financement le 10 janvier 2024.<\/p>\n<p>Elle a soulign\u00e9 qu\u2019en plus de ce financement, le gouvernement cherche \u00e0 faire un travail s\u00e9rieux pour faire progresser l\u2019entreprise sid\u00e9rurgique en incluant le soutien \u00e0 cette entreprise dans les proc\u00e8s-verbaux de la commission \u00e9conomique mixte tuniso-saoudienne.\u00a0<\/p>\n<p>Essouffl\u00e9e, l&rsquo;entreprise est en proie \u00e0 une situation intenable. Ces derni\u00e8res ann\u00e9es, El Fouladh pr\u00e9sente un d\u00e9ficit colossal et souffre d&rsquo;un sureffectif de milliers de salari\u00e9s recrut\u00e9s apr\u00e8s 2011.<\/p>\n<p>D&rsquo;ailleurs, une enqu\u00eate a \u00e9t\u00e9 ouverte sur des soup\u00e7ons de corruption financi\u00e8re et administrative \u00e0 l&rsquo;usine sid\u00e9rurgique de Menzel Bourguiba. Et ce, suite \u00e0 des d\u00e9faillances relev\u00e9es par le pr\u00e9sident de la R\u00e9publique, Ka\u00efs Sa\u00efed, lors d\u2019une visite inopin\u00e9e au si\u00e8ge de cette soci\u00e9t\u00e9, le 26 d\u00e9cembre.<\/p>\n","protected":false},"excerpt":{"rendered":"<p>Le minist\u00e8re de l\u2019\u00c9conomie s\u2019est adress\u00e9 \u00e0 la Banque europ\u00e9enne pour la reconstruction et le d\u00e9veloppement (BERD) pour obtenir un pr\u00eat de 70 millions de dollars&#8230;<\/p>\n","protected":false},"author":3182,"featured_media":248173,"comment_status":"open","ping_status":"closed","sticky":false,"template":"","format":"standard","meta":{"footnotes":""},"categories":[44],"tags":[3856,3154,2685,2608],"class_list":["post-211768","post","type-post","status-publish","format-standard","has-post-thumbnail","hentry","category-national","tag-berd","tag-economie","tag-pret","tag-tunisie"],"yoast_head":"<!-- This site is optimized with the Yoast SEO Premium plugin v27.4 (Yoast SEO v27.5) - https:\/\/yoast.com\/product\/yoast-seo-premium-wordpress\/ -->\n<title>La Tunisie sollicite un cr\u00e9dit de la BERD pour renflouer la Soci\u00e9t\u00e9 El Fouladh<\/title>\n<meta name=\"description\" content=\"Le minist\u00e8re de l\u2019\u00c9conomie s\u2019est adress\u00e9 \u00e0 la Banque europ\u00e9enne pour la reconstruction et le d\u00e9veloppement (BERD) pour obtenir un pr\u00eat de 70 millions de dollars...\" \/>\n<link rel=\"canonical\" href=\"https:\/\/www.webdo.tn\/fr\/actualite\/national\/la-tunisie-sollicite-un-credit-de-la-berd-pour-renflouer-la-societe-el-fouladh\/211768\/\" \/>\n<meta property=\"og:locale\" content=\"fr_FR\" \/>\n<meta property=\"og:type\" content=\"article\" \/>\n<meta property=\"og:title\" content=\"La Tunisie sollicite un cr\u00e9dit de la BERD pour renflouer la Soci\u00e9t\u00e9 El Fouladh\" \/>\n<meta property=\"og:description\" content=\"Le minist\u00e8re de l\u2019\u00c9conomie s\u2019est adress\u00e9 \u00e0 la Banque europ\u00e9enne pour la reconstruction et le d\u00e9veloppement (BERD) pour obtenir un pr\u00eat de 70 millions de dollars...\" \/>\n<meta property=\"og:url\" content=\"https:\/\/www.webdo.tn\/fr\/actualite\/national\/la-tunisie-sollicite-un-credit-de-la-berd-pour-renflouer-la-societe-el-fouladh\/211768\/\" \/>\n<meta property=\"og:site_name\" content=\"webdo\" \/>\n<meta property=\"article:publisher\" content=\"https:\/\/www.facebook.com\/webdotn\" \/>\n<meta property=\"article:published_time\" content=\"2024-01-23T22:47:00+00:00\" \/>\n<meta property=\"article:modified_time\" content=\"2025-05-20T22:55:35+00:00\" \/>\n<meta property=\"og:image\" content=\"https:\/\/www.webdo.tn\/fr\/wp-content\/uploads\/2024\/01\/138e357c33d52341b61ad1ded9473231.webp\" \/>\n\t<meta property=\"og:image:width\" content=\"728\" \/>\n\t<meta property=\"og:image:height\" content=\"388\" \/>\n\t<meta property=\"og:image:type\" content=\"image\/webp\" \/>\n<meta name=\"author\" content=\"WB\" \/>\n<meta name=\"twitter:card\" content=\"summary_large_image\" \/>\n<meta name=\"twitter:creator\" content=\"@webdo_tn\" \/>\n<meta name=\"twitter:site\" content=\"@webdo_tn\" \/>\n<meta name=\"twitter:label1\" content=\"\u00c9crit par\" \/>\n\t<meta name=\"twitter:data1\" content=\"WB\" \/>\n\t<meta name=\"twitter:label2\" content=\"Dur\u00e9e de lecture estim\u00e9e\" \/>\n\t<meta name=\"twitter:data2\" content=\"1 minute\" \/>\n<script type=\"application\/ld+json\" class=\"yoast-schema-graph\">{\"@context\":\"https:\\\/\\\/schema.org\",\"@graph\":[{\"@type\":\"NewsArticle\",\"@id\":\"https:\\\/\\\/www.webdo.tn\\\/fr\\\/actualite\\\/national\\\/la-tunisie-sollicite-un-credit-de-la-berd-pour-renflouer-la-societe-el-fouladh\\\/211768\\\/#article\",\"isPartOf\":{\"@id\":\"https:\\\/\\\/www.webdo.tn\\\/fr\\\/actualite\\\/national\\\/la-tunisie-sollicite-un-credit-de-la-berd-pour-renflouer-la-societe-el-fouladh\\\/211768\\\/\"},\"author\":{\"name\":\"WB\",\"@id\":\"https:\\\/\\\/www.webdo.tn\\\/fr\\\/#\\\/schema\\\/person\\\/f16bf91e3b3c6347371884777659f9d8\"},\"headline\":\"La Tunisie sollicite un cr\u00e9dit de la BERD pour renflouer la Soci\u00e9t\u00e9 El Fouladh\",\"datePublished\":\"2024-01-23T22:47:00+00:00\",\"dateModified\":\"2025-05-20T22:55:35+00:00\",\"mainEntityOfPage\":{\"@id\":\"https:\\\/\\\/www.webdo.tn\\\/fr\\\/actualite\\\/national\\\/la-tunisie-sollicite-un-credit-de-la-berd-pour-renflouer-la-societe-el-fouladh\\\/211768\\\/\"},\"wordCount\":250,\"commentCount\":0,\"publisher\":{\"@id\":\"https:\\\/\\\/www.webdo.tn\\\/fr\\\/#organization\"},\"image\":{\"@id\":\"https:\\\/\\\/www.webdo.tn\\\/fr\\\/actualite\\\/national\\\/la-tunisie-sollicite-un-credit-de-la-berd-pour-renflouer-la-societe-el-fouladh\\\/211768\\\/#primaryimage\"},\"thumbnailUrl\":\"https:\\\/\\\/www.webdo.tn\\\/fr\\\/wp-content\\\/uploads\\\/2024\\\/01\\\/138e357c33d52341b61ad1ded9473231.webp\",\"keywords\":[\"BERD\",\"\u00e9conomie\",\"pr\u00eat\",\"Tunisie\"],\"articleSection\":[\"National\"],\"inLanguage\":\"fr-FR\"},{\"@type\":\"WebPage\",\"@id\":\"https:\\\/\\\/www.webdo.tn\\\/fr\\\/actualite\\\/national\\\/la-tunisie-sollicite-un-credit-de-la-berd-pour-renflouer-la-societe-el-fouladh\\\/211768\\\/\",\"url\":\"https:\\\/\\\/www.webdo.tn\\\/fr\\\/actualite\\\/national\\\/la-tunisie-sollicite-un-credit-de-la-berd-pour-renflouer-la-societe-el-fouladh\\\/211768\\\/\",\"name\":\"La Tunisie sollicite un cr\u00e9dit de la BERD pour renflouer la Soci\u00e9t\u00e9 El Fouladh\",\"isPartOf\":{\"@id\":\"https:\\\/\\\/www.webdo.tn\\\/fr\\\/#website\"},\"primaryImageOfPage\":{\"@id\":\"https:\\\/\\\/www.webdo.tn\\\/fr\\\/actualite\\\/national\\\/la-tunisie-sollicite-un-credit-de-la-berd-pour-renflouer-la-societe-el-fouladh\\\/211768\\\/#primaryimage\"},\"image\":{\"@id\":\"https:\\\/\\\/www.webdo.tn\\\/fr\\\/actualite\\\/national\\\/la-tunisie-sollicite-un-credit-de-la-berd-pour-renflouer-la-societe-el-fouladh\\\/211768\\\/#primaryimage\"},\"thumbnailUrl\":\"https:\\\/\\\/www.webdo.tn\\\/fr\\\/wp-content\\\/uploads\\\/2024\\\/01\\\/138e357c33d52341b61ad1ded9473231.webp\",\"datePublished\":\"2024-01-23T22:47:00+00:00\",\"dateModified\":\"2025-05-20T22:55:35+00:00\",\"description\":\"Le minist\u00e8re de l\u2019\u00c9conomie s\u2019est adress\u00e9 \u00e0 la Banque europ\u00e9enne pour la reconstruction et le d\u00e9veloppement (BERD) pour obtenir un pr\u00eat de 70 millions de dollars...\",\"breadcrumb\":{\"@id\":\"https:\\\/\\\/www.webdo.tn\\\/fr\\\/actualite\\\/national\\\/la-tunisie-sollicite-un-credit-de-la-berd-pour-renflouer-la-societe-el-fouladh\\\/211768\\\/#breadcrumb\"},\"inLanguage\":\"fr-FR\",\"potentialAction\":[{\"@type\":\"ReadAction\",\"target\":[\"https:\\\/\\\/www.webdo.tn\\\/fr\\\/actualite\\\/national\\\/la-tunisie-sollicite-un-credit-de-la-berd-pour-renflouer-la-societe-el-fouladh\\\/211768\\\/\"]}]},{\"@type\":\"ImageObject\",\"inLanguage\":\"fr-FR\",\"@id\":\"https:\\\/\\\/www.webdo.tn\\\/fr\\\/actualite\\\/national\\\/la-tunisie-sollicite-un-credit-de-la-berd-pour-renflouer-la-societe-el-fouladh\\\/211768\\\/#primaryimage\",\"url\":\"https:\\\/\\\/www.webdo.tn\\\/fr\\\/wp-content\\\/uploads\\\/2024\\\/01\\\/138e357c33d52341b61ad1ded9473231.webp\",\"contentUrl\":\"https:\\\/\\\/www.webdo.tn\\\/fr\\\/wp-content\\\/uploads\\\/2024\\\/01\\\/138e357c33d52341b61ad1ded9473231.webp\",\"width\":728,\"height\":388,\"caption\":\"Economie\"},{\"@type\":\"BreadcrumbList\",\"@id\":\"https:\\\/\\\/www.webdo.tn\\\/fr\\\/actualite\\\/national\\\/la-tunisie-sollicite-un-credit-de-la-berd-pour-renflouer-la-societe-el-fouladh\\\/211768\\\/#breadcrumb\",\"itemListElement\":[{\"@type\":\"ListItem\",\"position\":1,\"name\":\"Accueil\",\"item\":\"https:\\\/\\\/www.webdo.tn\\\/fr\\\/\"},{\"@type\":\"ListItem\",\"position\":2,\"name\":\"La Tunisie sollicite un cr\u00e9dit de la BERD pour renflouer la Soci\u00e9t\u00e9 El Fouladh\"}]},{\"@type\":\"WebSite\",\"@id\":\"https:\\\/\\\/www.webdo.tn\\\/fr\\\/#website\",\"url\":\"https:\\\/\\\/www.webdo.tn\\\/fr\\\/\",\"name\":\"webdo\",\"description\":\"Tunisie - News en Tunisie et \u00e0 l&#039;international sur Webdo.tn\",\"publisher\":{\"@id\":\"https:\\\/\\\/www.webdo.tn\\\/fr\\\/#organization\"},\"potentialAction\":[{\"@type\":\"SearchAction\",\"target\":{\"@type\":\"EntryPoint\",\"urlTemplate\":\"https:\\\/\\\/www.webdo.tn\\\/fr\\\/?s={search_term_string}\"},\"query-input\":{\"@type\":\"PropertyValueSpecification\",\"valueRequired\":true,\"valueName\":\"search_term_string\"}}],\"inLanguage\":\"fr-FR\"},{\"@type\":\"Organization\",\"@id\":\"https:\\\/\\\/www.webdo.tn\\\/fr\\\/#organization\",\"name\":\"Webdo\",\"alternateName\":\"Webdo.tn\",\"url\":\"https:\\\/\\\/www.webdo.tn\\\/fr\\\/\",\"logo\":{\"@type\":\"ImageObject\",\"inLanguage\":\"fr-FR\",\"@id\":\"https:\\\/\\\/www.webdo.tn\\\/fr\\\/#\\\/schema\\\/logo\\\/image\\\/\",\"url\":\"https:\\\/\\\/www.webdo.tn\\\/fr\\\/wp-content\\\/uploads\\\/2025\\\/06\\\/Webdo-Tunisie_168377.jpg\",\"contentUrl\":\"https:\\\/\\\/www.webdo.tn\\\/fr\\\/wp-content\\\/uploads\\\/2025\\\/06\\\/Webdo-Tunisie_168377.jpg\",\"width\":301,\"height\":301,\"caption\":\"Webdo\"},\"image\":{\"@id\":\"https:\\\/\\\/www.webdo.tn\\\/fr\\\/#\\\/schema\\\/logo\\\/image\\\/\"},\"sameAs\":[\"https:\\\/\\\/www.facebook.com\\\/webdotn\",\"https:\\\/\\\/x.com\\\/webdo_tn\"],\"description\":\"Webdo est un m\u00e9dia num\u00e9rique tunisien fond\u00e9 en 2010, sp\u00e9cialis\u00e9 dans l\u2019actualit\u00e9 nationale et internationale, l\u2019\u00e9conomie, la soci\u00e9t\u00e9 et les analyses politiques. Le site s\u2019adresse \u00e0 un large public francophone et couvre l\u2019information tunisienne en temps r\u00e9el.\",\"email\":\"redac@webdo.tn\",\"legalName\":\"YNJ SARL\",\"foundingDate\":\"2010-09-06\",\"numberOfEmployees\":{\"@type\":\"QuantitativeValue\",\"minValue\":\"11\",\"maxValue\":\"50\"}},{\"@type\":\"Person\",\"@id\":\"https:\\\/\\\/www.webdo.tn\\\/fr\\\/#\\\/schema\\\/person\\\/f16bf91e3b3c6347371884777659f9d8\",\"name\":\"WB\",\"image\":{\"@type\":\"ImageObject\",\"inLanguage\":\"fr-FR\",\"@id\":\"https:\\\/\\\/secure.gravatar.com\\\/avatar\\\/fd3caf00dbfd4b6d6ce43e8ea4748ed2e4d0fae2c3a87c1e2f6ba0a54c3ab5cb?s=96&d=mm&r=g\",\"url\":\"https:\\\/\\\/secure.gravatar.com\\\/avatar\\\/fd3caf00dbfd4b6d6ce43e8ea4748ed2e4d0fae2c3a87c1e2f6ba0a54c3ab5cb?s=96&d=mm&r=g\",\"contentUrl\":\"https:\\\/\\\/secure.gravatar.com\\\/avatar\\\/fd3caf00dbfd4b6d6ce43e8ea4748ed2e4d0fae2c3a87c1e2f6ba0a54c3ab5cb?s=96&d=mm&r=g\",\"caption\":\"WB\"},\"url\":\"https:\\\/\\\/www.webdo.tn\\\/fr\\\/actualite\\\/author\\\/wb\\\/\"}]}<\/script>\n<!-- \/ Yoast SEO Premium plugin. -->","yoast_head_json":{"title":"La Tunisie sollicite un cr\u00e9dit de la BERD pour renflouer la Soci\u00e9t\u00e9 El Fouladh","description":"Le minist\u00e8re de l\u2019\u00c9conomie s\u2019est adress\u00e9 \u00e0 la Banque europ\u00e9enne pour la reconstruction et le d\u00e9veloppement (BERD) pour obtenir un pr\u00eat de 70 millions de dollars...","canonical":"https:\/\/www.webdo.tn\/fr\/actualite\/national\/la-tunisie-sollicite-un-credit-de-la-berd-pour-renflouer-la-societe-el-fouladh\/211768\/","og_locale":"fr_FR","og_type":"article","og_title":"La Tunisie sollicite un cr\u00e9dit de la BERD pour renflouer la Soci\u00e9t\u00e9 El Fouladh","og_description":"Le minist\u00e8re de l\u2019\u00c9conomie s\u2019est adress\u00e9 \u00e0 la Banque europ\u00e9enne pour la reconstruction et le d\u00e9veloppement (BERD) pour obtenir un pr\u00eat de 70 millions de dollars...","og_url":"https:\/\/www.webdo.tn\/fr\/actualite\/national\/la-tunisie-sollicite-un-credit-de-la-berd-pour-renflouer-la-societe-el-fouladh\/211768\/","og_site_name":"webdo","article_publisher":"https:\/\/www.facebook.com\/webdotn","article_published_time":"2024-01-23T22:47:00+00:00","article_modified_time":"2025-05-20T22:55:35+00:00","og_image":[{"width":728,"height":388,"url":"https:\/\/www.webdo.tn\/fr\/wp-content\/uploads\/2024\/01\/138e357c33d52341b61ad1ded9473231.webp","type":"image\/webp"}],"author":"WB","twitter_card":"summary_large_image","twitter_creator":"@webdo_tn","twitter_site":"@webdo_tn","twitter_misc":{"\u00c9crit par":"WB","Dur\u00e9e de lecture estim\u00e9e":"1 minute"},"schema":{"@context":"https:\/\/schema.org","@graph":[{"@type":"NewsArticle","@id":"https:\/\/www.webdo.tn\/fr\/actualite\/national\/la-tunisie-sollicite-un-credit-de-la-berd-pour-renflouer-la-societe-el-fouladh\/211768\/#article","isPartOf":{"@id":"https:\/\/www.webdo.tn\/fr\/actualite\/national\/la-tunisie-sollicite-un-credit-de-la-berd-pour-renflouer-la-societe-el-fouladh\/211768\/"},"author":{"name":"WB","@id":"https:\/\/www.webdo.tn\/fr\/#\/schema\/person\/f16bf91e3b3c6347371884777659f9d8"},"headline":"La Tunisie sollicite un cr\u00e9dit de la BERD pour renflouer la Soci\u00e9t\u00e9 El Fouladh","datePublished":"2024-01-23T22:47:00+00:00","dateModified":"2025-05-20T22:55:35+00:00","mainEntityOfPage":{"@id":"https:\/\/www.webdo.tn\/fr\/actualite\/national\/la-tunisie-sollicite-un-credit-de-la-berd-pour-renflouer-la-societe-el-fouladh\/211768\/"},"wordCount":250,"commentCount":0,"publisher":{"@id":"https:\/\/www.webdo.tn\/fr\/#organization"},"image":{"@id":"https:\/\/www.webdo.tn\/fr\/actualite\/national\/la-tunisie-sollicite-un-credit-de-la-berd-pour-renflouer-la-societe-el-fouladh\/211768\/#primaryimage"},"thumbnailUrl":"https:\/\/www.webdo.tn\/fr\/wp-content\/uploads\/2024\/01\/138e357c33d52341b61ad1ded9473231.webp","keywords":["BERD","\u00e9conomie","pr\u00eat","Tunisie"],"articleSection":["National"],"inLanguage":"fr-FR"},{"@type":"WebPage","@id":"https:\/\/www.webdo.tn\/fr\/actualite\/national\/la-tunisie-sollicite-un-credit-de-la-berd-pour-renflouer-la-societe-el-fouladh\/211768\/","url":"https:\/\/www.webdo.tn\/fr\/actualite\/national\/la-tunisie-sollicite-un-credit-de-la-berd-pour-renflouer-la-societe-el-fouladh\/211768\/","name":"La Tunisie sollicite un cr\u00e9dit de la BERD pour renflouer la Soci\u00e9t\u00e9 El Fouladh","isPartOf":{"@id":"https:\/\/www.webdo.tn\/fr\/#website"},"primaryImageOfPage":{"@id":"https:\/\/www.webdo.tn\/fr\/actualite\/national\/la-tunisie-sollicite-un-credit-de-la-berd-pour-renflouer-la-societe-el-fouladh\/211768\/#primaryimage"},"image":{"@id":"https:\/\/www.webdo.tn\/fr\/actualite\/national\/la-tunisie-sollicite-un-credit-de-la-berd-pour-renflouer-la-societe-el-fouladh\/211768\/#primaryimage"},"thumbnailUrl":"https:\/\/www.webdo.tn\/fr\/wp-content\/uploads\/2024\/01\/138e357c33d52341b61ad1ded9473231.webp","datePublished":"2024-01-23T22:47:00+00:00","dateModified":"2025-05-20T22:55:35+00:00","description":"Le minist\u00e8re de l\u2019\u00c9conomie s\u2019est adress\u00e9 \u00e0 la Banque europ\u00e9enne pour la reconstruction et le d\u00e9veloppement (BERD) pour obtenir un pr\u00eat de 70 millions de dollars...","breadcrumb":{"@id":"https:\/\/www.webdo.tn\/fr\/actualite\/national\/la-tunisie-sollicite-un-credit-de-la-berd-pour-renflouer-la-societe-el-fouladh\/211768\/#breadcrumb"},"inLanguage":"fr-FR","potentialAction":[{"@type":"ReadAction","target":["https:\/\/www.webdo.tn\/fr\/actualite\/national\/la-tunisie-sollicite-un-credit-de-la-berd-pour-renflouer-la-societe-el-fouladh\/211768\/"]}]},{"@type":"ImageObject","inLanguage":"fr-FR","@id":"https:\/\/www.webdo.tn\/fr\/actualite\/national\/la-tunisie-sollicite-un-credit-de-la-berd-pour-renflouer-la-societe-el-fouladh\/211768\/#primaryimage","url":"https:\/\/www.webdo.tn\/fr\/wp-content\/uploads\/2024\/01\/138e357c33d52341b61ad1ded9473231.webp","contentUrl":"https:\/\/www.webdo.tn\/fr\/wp-content\/uploads\/2024\/01\/138e357c33d52341b61ad1ded9473231.webp","width":728,"height":388,"caption":"Economie"},{"@type":"BreadcrumbList","@id":"https:\/\/www.webdo.tn\/fr\/actualite\/national\/la-tunisie-sollicite-un-credit-de-la-berd-pour-renflouer-la-societe-el-fouladh\/211768\/#breadcrumb","itemListElement":[{"@type":"ListItem","position":1,"name":"Accueil","item":"https:\/\/www.webdo.tn\/fr\/"},{"@type":"ListItem","position":2,"name":"La Tunisie sollicite un cr\u00e9dit de la BERD pour renflouer la Soci\u00e9t\u00e9 El Fouladh"}]},{"@type":"WebSite","@id":"https:\/\/www.webdo.tn\/fr\/#website","url":"https:\/\/www.webdo.tn\/fr\/","name":"webdo","description":"Tunisie - News en Tunisie et \u00e0 l&#039;international sur Webdo.tn","publisher":{"@id":"https:\/\/www.webdo.tn\/fr\/#organization"},"potentialAction":[{"@type":"SearchAction","target":{"@type":"EntryPoint","urlTemplate":"https:\/\/www.webdo.tn\/fr\/?s={search_term_string}"},"query-input":{"@type":"PropertyValueSpecification","valueRequired":true,"valueName":"search_term_string"}}],"inLanguage":"fr-FR"},{"@type":"Organization","@id":"https:\/\/www.webdo.tn\/fr\/#organization","name":"Webdo","alternateName":"Webdo.tn","url":"https:\/\/www.webdo.tn\/fr\/","logo":{"@type":"ImageObject","inLanguage":"fr-FR","@id":"https:\/\/www.webdo.tn\/fr\/#\/schema\/logo\/image\/","url":"https:\/\/www.webdo.tn\/fr\/wp-content\/uploads\/2025\/06\/Webdo-Tunisie_168377.jpg","contentUrl":"https:\/\/www.webdo.tn\/fr\/wp-content\/uploads\/2025\/06\/Webdo-Tunisie_168377.jpg","width":301,"height":301,"caption":"Webdo"},"image":{"@id":"https:\/\/www.webdo.tn\/fr\/#\/schema\/logo\/image\/"},"sameAs":["https:\/\/www.facebook.com\/webdotn","https:\/\/x.com\/webdo_tn"],"description":"Webdo est un m\u00e9dia num\u00e9rique tunisien fond\u00e9 en 2010, sp\u00e9cialis\u00e9 dans l\u2019actualit\u00e9 nationale et internationale, l\u2019\u00e9conomie, la soci\u00e9t\u00e9 et les analyses politiques. Le site s\u2019adresse \u00e0 un large public francophone et couvre l\u2019information tunisienne en temps r\u00e9el.","email":"redac@webdo.tn","legalName":"YNJ SARL","foundingDate":"2010-09-06","numberOfEmployees":{"@type":"QuantitativeValue","minValue":"11","maxValue":"50"}},{"@type":"Person","@id":"https:\/\/www.webdo.tn\/fr\/#\/schema\/person\/f16bf91e3b3c6347371884777659f9d8","name":"WB","image":{"@type":"ImageObject","inLanguage":"fr-FR","@id":"https:\/\/secure.gravatar.com\/avatar\/fd3caf00dbfd4b6d6ce43e8ea4748ed2e4d0fae2c3a87c1e2f6ba0a54c3ab5cb?s=96&d=mm&r=g","url":"https:\/\/secure.gravatar.com\/avatar\/fd3caf00dbfd4b6d6ce43e8ea4748ed2e4d0fae2c3a87c1e2f6ba0a54c3ab5cb?s=96&d=mm&r=g","contentUrl":"https:\/\/secure.gravatar.com\/avatar\/fd3caf00dbfd4b6d6ce43e8ea4748ed2e4d0fae2c3a87c1e2f6ba0a54c3ab5cb?s=96&d=mm&r=g","caption":"WB"},"url":"https:\/\/www.webdo.tn\/fr\/actualite\/author\/wb\/"}]}},"_links":{"self":[{"href":"https:\/\/www.webdo.tn\/fr\/wp-json\/wp\/v2\/posts\/211768","targetHints":{"allow":["GET"]}}],"collection":[{"href":"https:\/\/www.webdo.tn\/fr\/wp-json\/wp\/v2\/posts"}],"about":[{"href":"https:\/\/www.webdo.tn\/fr\/wp-json\/wp\/v2\/types\/post"}],"author":[{"embeddable":true,"href":"https:\/\/www.webdo.tn\/fr\/wp-json\/wp\/v2\/users\/3182"}],"replies":[{"embeddable":true,"href":"https:\/\/www.webdo.tn\/fr\/wp-json\/wp\/v2\/comments?post=211768"}],"version-history":[{"count":0,"href":"https:\/\/www.webdo.tn\/fr\/wp-json\/wp\/v2\/posts\/211768\/revisions"}],"wp:featuredmedia":[{"embeddable":true,"href":"https:\/\/www.webdo.tn\/fr\/wp-json\/wp\/v2\/media\/248173"}],"wp:attachment":[{"href":"https:\/\/www.webdo.tn\/fr\/wp-json\/wp\/v2\/media?parent=211768"}],"wp:term":[{"taxonomy":"category","embeddable":true,"href":"https:\/\/www.webdo.tn\/fr\/wp-json\/wp\/v2\/categories?post=211768"},{"taxonomy":"post_tag","embeddable":true,"href":"https:\/\/www.webdo.tn\/fr\/wp-json\/wp\/v2\/tags?post=211768"}],"curies":[{"name":"wp","href":"https:\/\/api.w.org\/{rel}","templated":true}]}}