{"id":211764,"date":"2024-01-23T20:24:00","date_gmt":"2024-01-23T20:24:00","guid":{"rendered":"https:\/\/www.webdo.tn\/fr\/blog\/tunisie-les-soldes-d-hiver-a-partir-du-1er-fevrier\/211764\/"},"modified":"2025-05-20T22:55:34","modified_gmt":"2025-05-20T22:55:34","slug":"tunisie-les-soldes-d-hiver-a-partir-du-1er-fevrier","status":"publish","type":"post","link":"https:\/\/www.webdo.tn\/fr\/actualite\/national\/tunisie-les-soldes-d-hiver-a-partir-du-1er-fevrier\/211764\/","title":{"rendered":"Tunisie: Les soldes d&rsquo;hiver \u00e0 partir du 1er f\u00e9vrier"},"content":{"rendered":"<p>La saison des soldes d&rsquo;hiver d\u00e9butera, le jeudi 1er f\u00e9vrier, et se poursuivra jusqu&rsquo;au mercredi 13 mars 2024.<\/p>\n<p>\t\t\t\t\t\t\t\t\tC&rsquo;est ce qu&rsquo;a annonc\u00e9 le minist\u00e8re du Commerce et du D\u00e9veloppement des exportations, ce mardi 23 janvier 2024<\/p>\n<p>Dans ce contexte, le minist\u00e8re a assur\u00e9 qu&rsquo;il surveillera, traquera et sanctionnera toute violation de la d\u00e9cision relative au contr\u00f4le de la date et de la dur\u00e9e des soldes saisonni\u00e8res, conform\u00e9ment \u00e0 ce que stipule la loi n\u00b0 40 du 2 juin 1998, relative aux modalit\u00e9s de vente et de publicit\u00e9 commerciale.<\/p>\n","protected":false},"excerpt":{"rendered":"<p>Dans ce contexte, le minist\u00e8re a assur\u00e9 qu&rsquo;il surveillera, traquera et sanctionnera toute violation de la d\u00e9cision relative au contr\u00f4le de la date et de la dur\u00e9&#8230;<\/p>\n","protected":false},"author":3182,"featured_media":248172,"comment_status":"open","ping_status":"closed","sticky":false,"template":"","format":"standard","meta":{"footnotes":""},"categories":[44],"tags":[4419,3850,2608],"class_list":["post-211764","post","type-post","status-publish","format-standard","has-post-thumbnail","hentry","category-national","tag-hiver","tag-soldes","tag-tunisie"],"yoast_head":"<!-- This site is optimized with the Yoast SEO Premium plugin v27.5 (Yoast SEO v27.5) - https:\/\/yoast.com\/product\/yoast-seo-premium-wordpress\/ -->\n<title>Tunisie: Les soldes d&#039;hiver \u00e0 partir du 1er f\u00e9vrier<\/title>\n<meta name=\"description\" content=\"Dans ce contexte, le minist\u00e8re a assur\u00e9 qu&#039;il surveillera, traquera et sanctionnera toute violation de la d\u00e9cision relative au contr\u00f4le de la date et de la dur\u00e9...\" \/>\n<link rel=\"canonical\" href=\"https:\/\/www.webdo.tn\/fr\/actualite\/national\/tunisie-les-soldes-d-hiver-a-partir-du-1er-fevrier\/211764\/\" \/>\n<meta property=\"og:locale\" content=\"fr_FR\" \/>\n<meta property=\"og:type\" content=\"article\" \/>\n<meta property=\"og:title\" content=\"Tunisie: Les soldes d&#039;hiver \u00e0 partir du 1er f\u00e9vrier\" \/>\n<meta property=\"og:description\" content=\"Dans ce contexte, le minist\u00e8re a assur\u00e9 qu&#039;il surveillera, traquera et sanctionnera toute violation de la d\u00e9cision relative au contr\u00f4le de la date et de la dur\u00e9...\" \/>\n<meta property=\"og:url\" content=\"https:\/\/www.webdo.tn\/fr\/actualite\/national\/tunisie-les-soldes-d-hiver-a-partir-du-1er-fevrier\/211764\/\" \/>\n<meta property=\"og:site_name\" content=\"webdo\" \/>\n<meta property=\"article:publisher\" content=\"https:\/\/www.facebook.com\/webdotn\" \/>\n<meta property=\"article:published_time\" content=\"2024-01-23T20:24:00+00:00\" \/>\n<meta property=\"article:modified_time\" content=\"2025-05-20T22:55:34+00:00\" \/>\n<meta property=\"og:image\" content=\"https:\/\/www.webdo.tn\/fr\/wp-content\/uploads\/2024\/01\/a2ccc847101258d6cd033b0ebf2c841d.jpg\" \/>\n\t<meta property=\"og:image:width\" content=\"680\" \/>\n\t<meta property=\"og:image:height\" content=\"363\" \/>\n\t<meta property=\"og:image:type\" content=\"image\/jpeg\" \/>\n<meta name=\"author\" content=\"WB\" \/>\n<meta name=\"twitter:card\" content=\"summary_large_image\" \/>\n<meta name=\"twitter:creator\" content=\"@webdo_tn\" \/>\n<meta name=\"twitter:site\" content=\"@webdo_tn\" \/>\n<meta name=\"twitter:label1\" content=\"\u00c9crit par\" \/>\n\t<meta name=\"twitter:data1\" content=\"WB\" \/>\n<script type=\"application\/ld+json\" class=\"yoast-schema-graph\">{\"@context\":\"https:\\\/\\\/schema.org\",\"@graph\":[{\"@type\":\"NewsArticle\",\"@id\":\"https:\\\/\\\/www.webdo.tn\\\/fr\\\/actualite\\\/national\\\/tunisie-les-soldes-d-hiver-a-partir-du-1er-fevrier\\\/211764\\\/#article\",\"isPartOf\":{\"@id\":\"https:\\\/\\\/www.webdo.tn\\\/fr\\\/actualite\\\/national\\\/tunisie-les-soldes-d-hiver-a-partir-du-1er-fevrier\\\/211764\\\/\"},\"author\":{\"name\":\"WB\",\"@id\":\"https:\\\/\\\/www.webdo.tn\\\/fr\\\/#\\\/schema\\\/person\\\/f16bf91e3b3c6347371884777659f9d8\"},\"headline\":\"Tunisie: Les soldes d&rsquo;hiver \u00e0 partir du 1er f\u00e9vrier\",\"datePublished\":\"2024-01-23T20:24:00+00:00\",\"dateModified\":\"2025-05-20T22:55:34+00:00\",\"mainEntityOfPage\":{\"@id\":\"https:\\\/\\\/www.webdo.tn\\\/fr\\\/actualite\\\/national\\\/tunisie-les-soldes-d-hiver-a-partir-du-1er-fevrier\\\/211764\\\/\"},\"wordCount\":106,\"commentCount\":0,\"publisher\":{\"@id\":\"https:\\\/\\\/www.webdo.tn\\\/fr\\\/#organization\"},\"image\":{\"@id\":\"https:\\\/\\\/www.webdo.tn\\\/fr\\\/actualite\\\/national\\\/tunisie-les-soldes-d-hiver-a-partir-du-1er-fevrier\\\/211764\\\/#primaryimage\"},\"thumbnailUrl\":\"https:\\\/\\\/www.webdo.tn\\\/fr\\\/wp-content\\\/uploads\\\/2024\\\/01\\\/a2ccc847101258d6cd033b0ebf2c841d.jpg\",\"keywords\":[\"hiver\",\"Soldes\",\"Tunisie\"],\"articleSection\":[\"National\"],\"inLanguage\":\"fr-FR\"},{\"@type\":\"WebPage\",\"@id\":\"https:\\\/\\\/www.webdo.tn\\\/fr\\\/actualite\\\/national\\\/tunisie-les-soldes-d-hiver-a-partir-du-1er-fevrier\\\/211764\\\/\",\"url\":\"https:\\\/\\\/www.webdo.tn\\\/fr\\\/actualite\\\/national\\\/tunisie-les-soldes-d-hiver-a-partir-du-1er-fevrier\\\/211764\\\/\",\"name\":\"Tunisie: Les soldes d'hiver \u00e0 partir du 1er f\u00e9vrier\",\"isPartOf\":{\"@id\":\"https:\\\/\\\/www.webdo.tn\\\/fr\\\/#website\"},\"primaryImageOfPage\":{\"@id\":\"https:\\\/\\\/www.webdo.tn\\\/fr\\\/actualite\\\/national\\\/tunisie-les-soldes-d-hiver-a-partir-du-1er-fevrier\\\/211764\\\/#primaryimage\"},\"image\":{\"@id\":\"https:\\\/\\\/www.webdo.tn\\\/fr\\\/actualite\\\/national\\\/tunisie-les-soldes-d-hiver-a-partir-du-1er-fevrier\\\/211764\\\/#primaryimage\"},\"thumbnailUrl\":\"https:\\\/\\\/www.webdo.tn\\\/fr\\\/wp-content\\\/uploads\\\/2024\\\/01\\\/a2ccc847101258d6cd033b0ebf2c841d.jpg\",\"datePublished\":\"2024-01-23T20:24:00+00:00\",\"dateModified\":\"2025-05-20T22:55:34+00:00\",\"description\":\"Dans ce contexte, le minist\u00e8re a assur\u00e9 qu'il surveillera, traquera et sanctionnera toute violation de la d\u00e9cision relative au contr\u00f4le de la date et de la dur\u00e9...\",\"breadcrumb\":{\"@id\":\"https:\\\/\\\/www.webdo.tn\\\/fr\\\/actualite\\\/national\\\/tunisie-les-soldes-d-hiver-a-partir-du-1er-fevrier\\\/211764\\\/#breadcrumb\"},\"inLanguage\":\"fr-FR\",\"potentialAction\":[{\"@type\":\"ReadAction\",\"target\":[\"https:\\\/\\\/www.webdo.tn\\\/fr\\\/actualite\\\/national\\\/tunisie-les-soldes-d-hiver-a-partir-du-1er-fevrier\\\/211764\\\/\"]}]},{\"@type\":\"ImageObject\",\"inLanguage\":\"fr-FR\",\"@id\":\"https:\\\/\\\/www.webdo.tn\\\/fr\\\/actualite\\\/national\\\/tunisie-les-soldes-d-hiver-a-partir-du-1er-fevrier\\\/211764\\\/#primaryimage\",\"url\":\"https:\\\/\\\/www.webdo.tn\\\/fr\\\/wp-content\\\/uploads\\\/2024\\\/01\\\/a2ccc847101258d6cd033b0ebf2c841d.jpg\",\"contentUrl\":\"https:\\\/\\\/www.webdo.tn\\\/fr\\\/wp-content\\\/uploads\\\/2024\\\/01\\\/a2ccc847101258d6cd033b0ebf2c841d.jpg\",\"width\":680,\"height\":363,\"caption\":\"soldes\"},{\"@type\":\"BreadcrumbList\",\"@id\":\"https:\\\/\\\/www.webdo.tn\\\/fr\\\/actualite\\\/national\\\/tunisie-les-soldes-d-hiver-a-partir-du-1er-fevrier\\\/211764\\\/#breadcrumb\",\"itemListElement\":[{\"@type\":\"ListItem\",\"position\":1,\"name\":\"Accueil\",\"item\":\"https:\\\/\\\/www.webdo.tn\\\/fr\\\/\"},{\"@type\":\"ListItem\",\"position\":2,\"name\":\"Tunisie: Les soldes d&#8217;hiver \u00e0 partir du 1er f\u00e9vrier\"}]},{\"@type\":\"WebSite\",\"@id\":\"https:\\\/\\\/www.webdo.tn\\\/fr\\\/#website\",\"url\":\"https:\\\/\\\/www.webdo.tn\\\/fr\\\/\",\"name\":\"webdo\",\"description\":\"Tunisie - News en Tunisie et \u00e0 l&#039;international sur Webdo.tn\",\"publisher\":{\"@id\":\"https:\\\/\\\/www.webdo.tn\\\/fr\\\/#organization\"},\"potentialAction\":[{\"@type\":\"SearchAction\",\"target\":{\"@type\":\"EntryPoint\",\"urlTemplate\":\"https:\\\/\\\/www.webdo.tn\\\/fr\\\/?s={search_term_string}\"},\"query-input\":{\"@type\":\"PropertyValueSpecification\",\"valueRequired\":true,\"valueName\":\"search_term_string\"}}],\"inLanguage\":\"fr-FR\"},{\"@type\":\"Organization\",\"@id\":\"https:\\\/\\\/www.webdo.tn\\\/fr\\\/#organization\",\"name\":\"Webdo\",\"alternateName\":\"Webdo.tn\",\"url\":\"https:\\\/\\\/www.webdo.tn\\\/fr\\\/\",\"logo\":{\"@type\":\"ImageObject\",\"inLanguage\":\"fr-FR\",\"@id\":\"https:\\\/\\\/www.webdo.tn\\\/fr\\\/#\\\/schema\\\/logo\\\/image\\\/\",\"url\":\"https:\\\/\\\/www.webdo.tn\\\/fr\\\/wp-content\\\/uploads\\\/2025\\\/06\\\/Webdo-Tunisie_168377.jpg\",\"contentUrl\":\"https:\\\/\\\/www.webdo.tn\\\/fr\\\/wp-content\\\/uploads\\\/2025\\\/06\\\/Webdo-Tunisie_168377.jpg\",\"width\":301,\"height\":301,\"caption\":\"Webdo\"},\"image\":{\"@id\":\"https:\\\/\\\/www.webdo.tn\\\/fr\\\/#\\\/schema\\\/logo\\\/image\\\/\"},\"sameAs\":[\"https:\\\/\\\/www.facebook.com\\\/webdotn\",\"https:\\\/\\\/x.com\\\/webdo_tn\"],\"description\":\"Webdo est un m\u00e9dia num\u00e9rique tunisien fond\u00e9 en 2010, sp\u00e9cialis\u00e9 dans l\u2019actualit\u00e9 nationale et internationale, l\u2019\u00e9conomie, la soci\u00e9t\u00e9 et les analyses politiques. Le site s\u2019adresse \u00e0 un large public francophone et couvre l\u2019information tunisienne en temps r\u00e9el.\",\"email\":\"redac@webdo.tn\",\"legalName\":\"YNJ SARL\",\"foundingDate\":\"2010-09-06\",\"numberOfEmployees\":{\"@type\":\"QuantitativeValue\",\"minValue\":\"11\",\"maxValue\":\"50\"}},{\"@type\":\"Person\",\"@id\":\"https:\\\/\\\/www.webdo.tn\\\/fr\\\/#\\\/schema\\\/person\\\/f16bf91e3b3c6347371884777659f9d8\",\"name\":\"WB\",\"image\":{\"@type\":\"ImageObject\",\"inLanguage\":\"fr-FR\",\"@id\":\"https:\\\/\\\/secure.gravatar.com\\\/avatar\\\/fd3caf00dbfd4b6d6ce43e8ea4748ed2e4d0fae2c3a87c1e2f6ba0a54c3ab5cb?s=96&d=mm&r=g\",\"url\":\"https:\\\/\\\/secure.gravatar.com\\\/avatar\\\/fd3caf00dbfd4b6d6ce43e8ea4748ed2e4d0fae2c3a87c1e2f6ba0a54c3ab5cb?s=96&d=mm&r=g\",\"contentUrl\":\"https:\\\/\\\/secure.gravatar.com\\\/avatar\\\/fd3caf00dbfd4b6d6ce43e8ea4748ed2e4d0fae2c3a87c1e2f6ba0a54c3ab5cb?s=96&d=mm&r=g\",\"caption\":\"WB\"},\"url\":\"https:\\\/\\\/www.webdo.tn\\\/fr\\\/actualite\\\/author\\\/wb\\\/\"}]}<\/script>\n<!-- \/ Yoast SEO Premium plugin. -->","yoast_head_json":{"title":"Tunisie: Les soldes d'hiver \u00e0 partir du 1er f\u00e9vrier","description":"Dans ce contexte, le minist\u00e8re a assur\u00e9 qu'il surveillera, traquera et sanctionnera toute violation de la d\u00e9cision relative au contr\u00f4le de la date et de la dur\u00e9...","canonical":"https:\/\/www.webdo.tn\/fr\/actualite\/national\/tunisie-les-soldes-d-hiver-a-partir-du-1er-fevrier\/211764\/","og_locale":"fr_FR","og_type":"article","og_title":"Tunisie: Les soldes d'hiver \u00e0 partir du 1er f\u00e9vrier","og_description":"Dans ce contexte, le minist\u00e8re a assur\u00e9 qu'il surveillera, traquera et sanctionnera toute violation de la d\u00e9cision relative au contr\u00f4le de la date et de la dur\u00e9...","og_url":"https:\/\/www.webdo.tn\/fr\/actualite\/national\/tunisie-les-soldes-d-hiver-a-partir-du-1er-fevrier\/211764\/","og_site_name":"webdo","article_publisher":"https:\/\/www.facebook.com\/webdotn","article_published_time":"2024-01-23T20:24:00+00:00","article_modified_time":"2025-05-20T22:55:34+00:00","og_image":[{"width":680,"height":363,"url":"https:\/\/www.webdo.tn\/fr\/wp-content\/uploads\/2024\/01\/a2ccc847101258d6cd033b0ebf2c841d.jpg","type":"image\/jpeg"}],"author":"WB","twitter_card":"summary_large_image","twitter_creator":"@webdo_tn","twitter_site":"@webdo_tn","twitter_misc":{"\u00c9crit par":"WB"},"schema":{"@context":"https:\/\/schema.org","@graph":[{"@type":"NewsArticle","@id":"https:\/\/www.webdo.tn\/fr\/actualite\/national\/tunisie-les-soldes-d-hiver-a-partir-du-1er-fevrier\/211764\/#article","isPartOf":{"@id":"https:\/\/www.webdo.tn\/fr\/actualite\/national\/tunisie-les-soldes-d-hiver-a-partir-du-1er-fevrier\/211764\/"},"author":{"name":"WB","@id":"https:\/\/www.webdo.tn\/fr\/#\/schema\/person\/f16bf91e3b3c6347371884777659f9d8"},"headline":"Tunisie: Les soldes d&rsquo;hiver \u00e0 partir du 1er f\u00e9vrier","datePublished":"2024-01-23T20:24:00+00:00","dateModified":"2025-05-20T22:55:34+00:00","mainEntityOfPage":{"@id":"https:\/\/www.webdo.tn\/fr\/actualite\/national\/tunisie-les-soldes-d-hiver-a-partir-du-1er-fevrier\/211764\/"},"wordCount":106,"commentCount":0,"publisher":{"@id":"https:\/\/www.webdo.tn\/fr\/#organization"},"image":{"@id":"https:\/\/www.webdo.tn\/fr\/actualite\/national\/tunisie-les-soldes-d-hiver-a-partir-du-1er-fevrier\/211764\/#primaryimage"},"thumbnailUrl":"https:\/\/www.webdo.tn\/fr\/wp-content\/uploads\/2024\/01\/a2ccc847101258d6cd033b0ebf2c841d.jpg","keywords":["hiver","Soldes","Tunisie"],"articleSection":["National"],"inLanguage":"fr-FR"},{"@type":"WebPage","@id":"https:\/\/www.webdo.tn\/fr\/actualite\/national\/tunisie-les-soldes-d-hiver-a-partir-du-1er-fevrier\/211764\/","url":"https:\/\/www.webdo.tn\/fr\/actualite\/national\/tunisie-les-soldes-d-hiver-a-partir-du-1er-fevrier\/211764\/","name":"Tunisie: Les soldes d'hiver \u00e0 partir du 1er f\u00e9vrier","isPartOf":{"@id":"https:\/\/www.webdo.tn\/fr\/#website"},"primaryImageOfPage":{"@id":"https:\/\/www.webdo.tn\/fr\/actualite\/national\/tunisie-les-soldes-d-hiver-a-partir-du-1er-fevrier\/211764\/#primaryimage"},"image":{"@id":"https:\/\/www.webdo.tn\/fr\/actualite\/national\/tunisie-les-soldes-d-hiver-a-partir-du-1er-fevrier\/211764\/#primaryimage"},"thumbnailUrl":"https:\/\/www.webdo.tn\/fr\/wp-content\/uploads\/2024\/01\/a2ccc847101258d6cd033b0ebf2c841d.jpg","datePublished":"2024-01-23T20:24:00+00:00","dateModified":"2025-05-20T22:55:34+00:00","description":"Dans ce contexte, le minist\u00e8re a assur\u00e9 qu'il surveillera, traquera et sanctionnera toute violation de la d\u00e9cision relative au contr\u00f4le de la date et de la dur\u00e9...","breadcrumb":{"@id":"https:\/\/www.webdo.tn\/fr\/actualite\/national\/tunisie-les-soldes-d-hiver-a-partir-du-1er-fevrier\/211764\/#breadcrumb"},"inLanguage":"fr-FR","potentialAction":[{"@type":"ReadAction","target":["https:\/\/www.webdo.tn\/fr\/actualite\/national\/tunisie-les-soldes-d-hiver-a-partir-du-1er-fevrier\/211764\/"]}]},{"@type":"ImageObject","inLanguage":"fr-FR","@id":"https:\/\/www.webdo.tn\/fr\/actualite\/national\/tunisie-les-soldes-d-hiver-a-partir-du-1er-fevrier\/211764\/#primaryimage","url":"https:\/\/www.webdo.tn\/fr\/wp-content\/uploads\/2024\/01\/a2ccc847101258d6cd033b0ebf2c841d.jpg","contentUrl":"https:\/\/www.webdo.tn\/fr\/wp-content\/uploads\/2024\/01\/a2ccc847101258d6cd033b0ebf2c841d.jpg","width":680,"height":363,"caption":"soldes"},{"@type":"BreadcrumbList","@id":"https:\/\/www.webdo.tn\/fr\/actualite\/national\/tunisie-les-soldes-d-hiver-a-partir-du-1er-fevrier\/211764\/#breadcrumb","itemListElement":[{"@type":"ListItem","position":1,"name":"Accueil","item":"https:\/\/www.webdo.tn\/fr\/"},{"@type":"ListItem","position":2,"name":"Tunisie: Les soldes d&#8217;hiver \u00e0 partir du 1er f\u00e9vrier"}]},{"@type":"WebSite","@id":"https:\/\/www.webdo.tn\/fr\/#website","url":"https:\/\/www.webdo.tn\/fr\/","name":"webdo","description":"Tunisie - News en Tunisie et \u00e0 l&#039;international sur Webdo.tn","publisher":{"@id":"https:\/\/www.webdo.tn\/fr\/#organization"},"potentialAction":[{"@type":"SearchAction","target":{"@type":"EntryPoint","urlTemplate":"https:\/\/www.webdo.tn\/fr\/?s={search_term_string}"},"query-input":{"@type":"PropertyValueSpecification","valueRequired":true,"valueName":"search_term_string"}}],"inLanguage":"fr-FR"},{"@type":"Organization","@id":"https:\/\/www.webdo.tn\/fr\/#organization","name":"Webdo","alternateName":"Webdo.tn","url":"https:\/\/www.webdo.tn\/fr\/","logo":{"@type":"ImageObject","inLanguage":"fr-FR","@id":"https:\/\/www.webdo.tn\/fr\/#\/schema\/logo\/image\/","url":"https:\/\/www.webdo.tn\/fr\/wp-content\/uploads\/2025\/06\/Webdo-Tunisie_168377.jpg","contentUrl":"https:\/\/www.webdo.tn\/fr\/wp-content\/uploads\/2025\/06\/Webdo-Tunisie_168377.jpg","width":301,"height":301,"caption":"Webdo"},"image":{"@id":"https:\/\/www.webdo.tn\/fr\/#\/schema\/logo\/image\/"},"sameAs":["https:\/\/www.facebook.com\/webdotn","https:\/\/x.com\/webdo_tn"],"description":"Webdo est un m\u00e9dia num\u00e9rique tunisien fond\u00e9 en 2010, sp\u00e9cialis\u00e9 dans l\u2019actualit\u00e9 nationale et internationale, l\u2019\u00e9conomie, la soci\u00e9t\u00e9 et les analyses politiques. Le site s\u2019adresse \u00e0 un large public francophone et couvre l\u2019information tunisienne en temps r\u00e9el.","email":"redac@webdo.tn","legalName":"YNJ SARL","foundingDate":"2010-09-06","numberOfEmployees":{"@type":"QuantitativeValue","minValue":"11","maxValue":"50"}},{"@type":"Person","@id":"https:\/\/www.webdo.tn\/fr\/#\/schema\/person\/f16bf91e3b3c6347371884777659f9d8","name":"WB","image":{"@type":"ImageObject","inLanguage":"fr-FR","@id":"https:\/\/secure.gravatar.com\/avatar\/fd3caf00dbfd4b6d6ce43e8ea4748ed2e4d0fae2c3a87c1e2f6ba0a54c3ab5cb?s=96&d=mm&r=g","url":"https:\/\/secure.gravatar.com\/avatar\/fd3caf00dbfd4b6d6ce43e8ea4748ed2e4d0fae2c3a87c1e2f6ba0a54c3ab5cb?s=96&d=mm&r=g","contentUrl":"https:\/\/secure.gravatar.com\/avatar\/fd3caf00dbfd4b6d6ce43e8ea4748ed2e4d0fae2c3a87c1e2f6ba0a54c3ab5cb?s=96&d=mm&r=g","caption":"WB"},"url":"https:\/\/www.webdo.tn\/fr\/actualite\/author\/wb\/"}]}},"_links":{"self":[{"href":"https:\/\/www.webdo.tn\/fr\/wp-json\/wp\/v2\/posts\/211764","targetHints":{"allow":["GET"]}}],"collection":[{"href":"https:\/\/www.webdo.tn\/fr\/wp-json\/wp\/v2\/posts"}],"about":[{"href":"https:\/\/www.webdo.tn\/fr\/wp-json\/wp\/v2\/types\/post"}],"author":[{"embeddable":true,"href":"https:\/\/www.webdo.tn\/fr\/wp-json\/wp\/v2\/users\/3182"}],"replies":[{"embeddable":true,"href":"https:\/\/www.webdo.tn\/fr\/wp-json\/wp\/v2\/comments?post=211764"}],"version-history":[{"count":0,"href":"https:\/\/www.webdo.tn\/fr\/wp-json\/wp\/v2\/posts\/211764\/revisions"}],"wp:featuredmedia":[{"embeddable":true,"href":"https:\/\/www.webdo.tn\/fr\/wp-json\/wp\/v2\/media\/248172"}],"wp:attachment":[{"href":"https:\/\/www.webdo.tn\/fr\/wp-json\/wp\/v2\/media?parent=211764"}],"wp:term":[{"taxonomy":"category","embeddable":true,"href":"https:\/\/www.webdo.tn\/fr\/wp-json\/wp\/v2\/categories?post=211764"},{"taxonomy":"post_tag","embeddable":true,"href":"https:\/\/www.webdo.tn\/fr\/wp-json\/wp\/v2\/tags?post=211764"}],"curies":[{"name":"wp","href":"https:\/\/api.w.org\/{rel}","templated":true}]}}