{"id":211756,"date":"2024-01-23T14:07:00","date_gmt":"2024-01-23T14:07:00","guid":{"rendered":"https:\/\/www.webdo.tn\/fr\/blog\/netanyahu-accuse-dans-une-affaire-de-complot-contre-la-tunisie-selon-samir-dilou\/211756\/"},"modified":"2025-05-20T22:52:51","modified_gmt":"2025-05-20T22:52:51","slug":"netanyahu-accuse-dans-une-affaire-de-complot-contre-la-tunisie-selon-samir-dilou","status":"publish","type":"post","link":"https:\/\/www.webdo.tn\/fr\/actualite\/national\/netanyahu-accuse-dans-une-affaire-de-complot-contre-la-tunisie-selon-samir-dilou\/211756\/","title":{"rendered":"Netanyahu accus\u00e9 dans une affaire de complot contre la Tunisie, selon Samir Dilou"},"content":{"rendered":"<p>Le membre de comit\u00e9 de d\u00e9fense des personnalit\u00e9s politique en prison, Samir Dilou a fait ce mardi 23 janvier 2024 des r\u00e9v\u00e9lations \u00e9tranges.\u00a0<\/p>\n<p>\t\t\t\t\t\t\t\t\tS\u2019exprimant sur les ondes de Diwan FM, il a expliqu\u00e9 qu\u2019une nouvelle affaire de complot contre l\u2019Etat tunisien a \u00e9clat\u00e9 suite \u00e0 une plainte d\u00e9pos\u00e9e par une femme inconnue, et parmi les accus\u00e9s figure Benjamin Netanyahu le Premier ministre isra\u00e9lien.\u00a0<\/p>\n<p>\u00ab En Tunisie, Noureddine Bhiri et Ahmed Nejib Chebbi sont \u00e9galement accus\u00e9s dans cette nouvelle affaire de complot \u00bb, a-t-il dit.\u00a0<\/p>\n<p>\u00ab La femme a fait savoir que Netanyahu est arriv\u00e9 en Tunisie \u00e0 bord d\u2019un sous-marin accompagn\u00e9 de forces arm\u00e9es \u00bb, a-t-il expliqu\u00e9, ajoutant que le parquet a charg\u00e9 la police d\u2019entamer les investigations, jugeant cette version d&rsquo;illogique.\u00a0<\/p>\n<p>Sur un ton satirique, Samir Dilou a critiqu\u00e9 le rendement du parquet dans cette affaire, affirmant que la femme en question a d\u00e9pos\u00e9 sa plainte aupr\u00e8s de la pr\u00e9sidence de la R\u00e9publique, mais n\u2019a pas \u00e9t\u00e9 accept\u00e9e \u00ab pour manque de s\u00e9rieux \u00bb.<\/p>\n","protected":false},"excerpt":{"rendered":"<p>S\u2019exprimant sur les ondes de Diwan FM, il a expliqu\u00e9 qu\u2019une nouvelle affaire de complot contre l\u2019Etat tunisien a \u00e9clat\u00e9 suite \u00e0 une plainte d\u00e9pos\u00e9e par une femm&#8230;<\/p>\n","protected":false},"author":3175,"featured_media":290119,"comment_status":"open","ping_status":"closed","sticky":false,"template":"","format":"standard","meta":{"footnotes":""},"categories":[44],"tags":[5322,2619,5479,2608],"class_list":["post-211756","post","type-post","status-publish","format-standard","has-post-thumbnail","hentry","category-national","tag-affaire","tag-justice","tag-netanyahu","tag-tunisie"],"yoast_head":"<!-- This site is optimized with the Yoast SEO Premium plugin v27.5 (Yoast SEO v27.5) - https:\/\/yoast.com\/product\/yoast-seo-premium-wordpress\/ -->\n<title>Netanyahu accus\u00e9 dans une affaire de complot contre la Tunisie, selon Samir Dilou<\/title>\n<meta name=\"description\" content=\"S\u2019exprimant sur les ondes de Diwan FM, il a expliqu\u00e9 qu\u2019une nouvelle affaire de complot contre l\u2019Etat tunisien a \u00e9clat\u00e9 suite \u00e0 une plainte d\u00e9pos\u00e9e par une femm...\" \/>\n<link rel=\"canonical\" href=\"https:\/\/www.webdo.tn\/fr\/actualite\/national\/netanyahu-accuse-dans-une-affaire-de-complot-contre-la-tunisie-selon-samir-dilou\/211756\/\" \/>\n<meta property=\"og:locale\" content=\"fr_FR\" \/>\n<meta property=\"og:type\" content=\"article\" \/>\n<meta property=\"og:title\" content=\"Netanyahu accus\u00e9 dans une affaire de complot contre la Tunisie, selon Samir Dilou\" \/>\n<meta property=\"og:description\" content=\"S\u2019exprimant sur les ondes de Diwan FM, il a expliqu\u00e9 qu\u2019une nouvelle affaire de complot contre l\u2019Etat tunisien a \u00e9clat\u00e9 suite \u00e0 une plainte d\u00e9pos\u00e9e par une femm...\" \/>\n<meta property=\"og:url\" content=\"https:\/\/www.webdo.tn\/fr\/actualite\/national\/netanyahu-accuse-dans-une-affaire-de-complot-contre-la-tunisie-selon-samir-dilou\/211756\/\" \/>\n<meta property=\"og:site_name\" content=\"webdo\" \/>\n<meta property=\"article:publisher\" content=\"https:\/\/www.facebook.com\/webdotn\" \/>\n<meta property=\"article:published_time\" content=\"2024-01-23T14:07:00+00:00\" \/>\n<meta property=\"article:modified_time\" content=\"2025-05-20T22:52:51+00:00\" \/>\n<meta property=\"og:image\" content=\"https:\/\/www.webdo.tn\/fr\/wp-content\/uploads\/2024\/01\/940986ab89694c2150cfddb4fbc6aab7.jpg\" \/>\n\t<meta property=\"og:image:width\" content=\"750\" \/>\n\t<meta property=\"og:image:height\" content=\"400\" \/>\n\t<meta property=\"og:image:type\" content=\"image\/jpeg\" \/>\n<meta name=\"author\" content=\"CL\" \/>\n<meta name=\"twitter:card\" content=\"summary_large_image\" \/>\n<meta name=\"twitter:creator\" content=\"@webdo_tn\" \/>\n<meta name=\"twitter:site\" content=\"@webdo_tn\" \/>\n<meta name=\"twitter:label1\" content=\"\u00c9crit par\" \/>\n\t<meta name=\"twitter:data1\" content=\"CL\" \/>\n\t<meta name=\"twitter:label2\" content=\"Dur\u00e9e de lecture estim\u00e9e\" \/>\n\t<meta name=\"twitter:data2\" content=\"1 minute\" \/>\n<script type=\"application\/ld+json\" class=\"yoast-schema-graph\">{\"@context\":\"https:\\\/\\\/schema.org\",\"@graph\":[{\"@type\":\"NewsArticle\",\"@id\":\"https:\\\/\\\/www.webdo.tn\\\/fr\\\/actualite\\\/national\\\/netanyahu-accuse-dans-une-affaire-de-complot-contre-la-tunisie-selon-samir-dilou\\\/211756\\\/#article\",\"isPartOf\":{\"@id\":\"https:\\\/\\\/www.webdo.tn\\\/fr\\\/actualite\\\/national\\\/netanyahu-accuse-dans-une-affaire-de-complot-contre-la-tunisie-selon-samir-dilou\\\/211756\\\/\"},\"author\":{\"name\":\"CL\",\"@id\":\"https:\\\/\\\/www.webdo.tn\\\/fr\\\/#\\\/schema\\\/person\\\/f35b42a42c5e2511bbd282959d6385cc\"},\"headline\":\"Netanyahu accus\u00e9 dans une affaire de complot contre la Tunisie, selon Samir Dilou\",\"datePublished\":\"2024-01-23T14:07:00+00:00\",\"dateModified\":\"2025-05-20T22:52:51+00:00\",\"mainEntityOfPage\":{\"@id\":\"https:\\\/\\\/www.webdo.tn\\\/fr\\\/actualite\\\/national\\\/netanyahu-accuse-dans-une-affaire-de-complot-contre-la-tunisie-selon-samir-dilou\\\/211756\\\/\"},\"wordCount\":191,\"commentCount\":0,\"publisher\":{\"@id\":\"https:\\\/\\\/www.webdo.tn\\\/fr\\\/#organization\"},\"image\":{\"@id\":\"https:\\\/\\\/www.webdo.tn\\\/fr\\\/actualite\\\/national\\\/netanyahu-accuse-dans-une-affaire-de-complot-contre-la-tunisie-selon-samir-dilou\\\/211756\\\/#primaryimage\"},\"thumbnailUrl\":\"https:\\\/\\\/www.webdo.tn\\\/fr\\\/wp-content\\\/uploads\\\/2024\\\/01\\\/940986ab89694c2150cfddb4fbc6aab7.jpg\",\"keywords\":[\"Affaire\",\"justice\",\"Netanyahu\",\"Tunisie\"],\"articleSection\":[\"National\"],\"inLanguage\":\"fr-FR\"},{\"@type\":\"WebPage\",\"@id\":\"https:\\\/\\\/www.webdo.tn\\\/fr\\\/actualite\\\/national\\\/netanyahu-accuse-dans-une-affaire-de-complot-contre-la-tunisie-selon-samir-dilou\\\/211756\\\/\",\"url\":\"https:\\\/\\\/www.webdo.tn\\\/fr\\\/actualite\\\/national\\\/netanyahu-accuse-dans-une-affaire-de-complot-contre-la-tunisie-selon-samir-dilou\\\/211756\\\/\",\"name\":\"Netanyahu accus\u00e9 dans une affaire de complot contre la Tunisie, selon Samir Dilou\",\"isPartOf\":{\"@id\":\"https:\\\/\\\/www.webdo.tn\\\/fr\\\/#website\"},\"primaryImageOfPage\":{\"@id\":\"https:\\\/\\\/www.webdo.tn\\\/fr\\\/actualite\\\/national\\\/netanyahu-accuse-dans-une-affaire-de-complot-contre-la-tunisie-selon-samir-dilou\\\/211756\\\/#primaryimage\"},\"image\":{\"@id\":\"https:\\\/\\\/www.webdo.tn\\\/fr\\\/actualite\\\/national\\\/netanyahu-accuse-dans-une-affaire-de-complot-contre-la-tunisie-selon-samir-dilou\\\/211756\\\/#primaryimage\"},\"thumbnailUrl\":\"https:\\\/\\\/www.webdo.tn\\\/fr\\\/wp-content\\\/uploads\\\/2024\\\/01\\\/940986ab89694c2150cfddb4fbc6aab7.jpg\",\"datePublished\":\"2024-01-23T14:07:00+00:00\",\"dateModified\":\"2025-05-20T22:52:51+00:00\",\"description\":\"S\u2019exprimant sur les ondes de Diwan FM, il a expliqu\u00e9 qu\u2019une nouvelle affaire de complot contre l\u2019Etat tunisien a \u00e9clat\u00e9 suite \u00e0 une plainte d\u00e9pos\u00e9e par une femm...\",\"breadcrumb\":{\"@id\":\"https:\\\/\\\/www.webdo.tn\\\/fr\\\/actualite\\\/national\\\/netanyahu-accuse-dans-une-affaire-de-complot-contre-la-tunisie-selon-samir-dilou\\\/211756\\\/#breadcrumb\"},\"inLanguage\":\"fr-FR\",\"potentialAction\":[{\"@type\":\"ReadAction\",\"target\":[\"https:\\\/\\\/www.webdo.tn\\\/fr\\\/actualite\\\/national\\\/netanyahu-accuse-dans-une-affaire-de-complot-contre-la-tunisie-selon-samir-dilou\\\/211756\\\/\"]}]},{\"@type\":\"ImageObject\",\"inLanguage\":\"fr-FR\",\"@id\":\"https:\\\/\\\/www.webdo.tn\\\/fr\\\/actualite\\\/national\\\/netanyahu-accuse-dans-une-affaire-de-complot-contre-la-tunisie-selon-samir-dilou\\\/211756\\\/#primaryimage\",\"url\":\"https:\\\/\\\/www.webdo.tn\\\/fr\\\/wp-content\\\/uploads\\\/2024\\\/01\\\/940986ab89694c2150cfddb4fbc6aab7.jpg\",\"contentUrl\":\"https:\\\/\\\/www.webdo.tn\\\/fr\\\/wp-content\\\/uploads\\\/2024\\\/01\\\/940986ab89694c2150cfddb4fbc6aab7.jpg\",\"width\":750,\"height\":400,\"caption\":\"Netanyahu accus\u00e9 dans une affaire de complot contre la Tunisie, selon Samir Dilou\"},{\"@type\":\"BreadcrumbList\",\"@id\":\"https:\\\/\\\/www.webdo.tn\\\/fr\\\/actualite\\\/national\\\/netanyahu-accuse-dans-une-affaire-de-complot-contre-la-tunisie-selon-samir-dilou\\\/211756\\\/#breadcrumb\",\"itemListElement\":[{\"@type\":\"ListItem\",\"position\":1,\"name\":\"Accueil\",\"item\":\"https:\\\/\\\/www.webdo.tn\\\/fr\\\/\"},{\"@type\":\"ListItem\",\"position\":2,\"name\":\"Netanyahu accus\u00e9 dans une affaire de complot contre la Tunisie, selon Samir Dilou\"}]},{\"@type\":\"WebSite\",\"@id\":\"https:\\\/\\\/www.webdo.tn\\\/fr\\\/#website\",\"url\":\"https:\\\/\\\/www.webdo.tn\\\/fr\\\/\",\"name\":\"webdo\",\"description\":\"Tunisie - News en Tunisie et \u00e0 l&#039;international sur Webdo.tn\",\"publisher\":{\"@id\":\"https:\\\/\\\/www.webdo.tn\\\/fr\\\/#organization\"},\"potentialAction\":[{\"@type\":\"SearchAction\",\"target\":{\"@type\":\"EntryPoint\",\"urlTemplate\":\"https:\\\/\\\/www.webdo.tn\\\/fr\\\/?s={search_term_string}\"},\"query-input\":{\"@type\":\"PropertyValueSpecification\",\"valueRequired\":true,\"valueName\":\"search_term_string\"}}],\"inLanguage\":\"fr-FR\"},{\"@type\":\"Organization\",\"@id\":\"https:\\\/\\\/www.webdo.tn\\\/fr\\\/#organization\",\"name\":\"Webdo\",\"alternateName\":\"Webdo.tn\",\"url\":\"https:\\\/\\\/www.webdo.tn\\\/fr\\\/\",\"logo\":{\"@type\":\"ImageObject\",\"inLanguage\":\"fr-FR\",\"@id\":\"https:\\\/\\\/www.webdo.tn\\\/fr\\\/#\\\/schema\\\/logo\\\/image\\\/\",\"url\":\"https:\\\/\\\/www.webdo.tn\\\/fr\\\/wp-content\\\/uploads\\\/2025\\\/06\\\/Webdo-Tunisie_168377.jpg\",\"contentUrl\":\"https:\\\/\\\/www.webdo.tn\\\/fr\\\/wp-content\\\/uploads\\\/2025\\\/06\\\/Webdo-Tunisie_168377.jpg\",\"width\":301,\"height\":301,\"caption\":\"Webdo\"},\"image\":{\"@id\":\"https:\\\/\\\/www.webdo.tn\\\/fr\\\/#\\\/schema\\\/logo\\\/image\\\/\"},\"sameAs\":[\"https:\\\/\\\/www.facebook.com\\\/webdotn\",\"https:\\\/\\\/x.com\\\/webdo_tn\"],\"description\":\"Webdo est un m\u00e9dia num\u00e9rique tunisien fond\u00e9 en 2010, sp\u00e9cialis\u00e9 dans l\u2019actualit\u00e9 nationale et internationale, l\u2019\u00e9conomie, la soci\u00e9t\u00e9 et les analyses politiques. Le site s\u2019adresse \u00e0 un large public francophone et couvre l\u2019information tunisienne en temps r\u00e9el.\",\"email\":\"redac@webdo.tn\",\"legalName\":\"YNJ SARL\",\"foundingDate\":\"2010-09-06\",\"numberOfEmployees\":{\"@type\":\"QuantitativeValue\",\"minValue\":\"11\",\"maxValue\":\"50\"}},{\"@type\":\"Person\",\"@id\":\"https:\\\/\\\/www.webdo.tn\\\/fr\\\/#\\\/schema\\\/person\\\/f35b42a42c5e2511bbd282959d6385cc\",\"name\":\"CL\",\"image\":{\"@type\":\"ImageObject\",\"inLanguage\":\"fr-FR\",\"@id\":\"https:\\\/\\\/secure.gravatar.com\\\/avatar\\\/1447a49909b67aa657c488aec6512e1dd6143a480c1ecfee9b5b5cd74eb3b59e?s=96&d=mm&r=g\",\"url\":\"https:\\\/\\\/secure.gravatar.com\\\/avatar\\\/1447a49909b67aa657c488aec6512e1dd6143a480c1ecfee9b5b5cd74eb3b59e?s=96&d=mm&r=g\",\"contentUrl\":\"https:\\\/\\\/secure.gravatar.com\\\/avatar\\\/1447a49909b67aa657c488aec6512e1dd6143a480c1ecfee9b5b5cd74eb3b59e?s=96&d=mm&r=g\",\"caption\":\"CL\"},\"url\":\"https:\\\/\\\/www.webdo.tn\\\/fr\\\/actualite\\\/author\\\/cl\\\/\"}]}<\/script>\n<!-- \/ Yoast SEO Premium plugin. -->","yoast_head_json":{"title":"Netanyahu accus\u00e9 dans une affaire de complot contre la Tunisie, selon Samir Dilou","description":"S\u2019exprimant sur les ondes de Diwan FM, il a expliqu\u00e9 qu\u2019une nouvelle affaire de complot contre l\u2019Etat tunisien a \u00e9clat\u00e9 suite \u00e0 une plainte d\u00e9pos\u00e9e par une femm...","canonical":"https:\/\/www.webdo.tn\/fr\/actualite\/national\/netanyahu-accuse-dans-une-affaire-de-complot-contre-la-tunisie-selon-samir-dilou\/211756\/","og_locale":"fr_FR","og_type":"article","og_title":"Netanyahu accus\u00e9 dans une affaire de complot contre la Tunisie, selon Samir Dilou","og_description":"S\u2019exprimant sur les ondes de Diwan FM, il a expliqu\u00e9 qu\u2019une nouvelle affaire de complot contre l\u2019Etat tunisien a \u00e9clat\u00e9 suite \u00e0 une plainte d\u00e9pos\u00e9e par une femm...","og_url":"https:\/\/www.webdo.tn\/fr\/actualite\/national\/netanyahu-accuse-dans-une-affaire-de-complot-contre-la-tunisie-selon-samir-dilou\/211756\/","og_site_name":"webdo","article_publisher":"https:\/\/www.facebook.com\/webdotn","article_published_time":"2024-01-23T14:07:00+00:00","article_modified_time":"2025-05-20T22:52:51+00:00","og_image":[{"width":750,"height":400,"url":"https:\/\/www.webdo.tn\/fr\/wp-content\/uploads\/2024\/01\/940986ab89694c2150cfddb4fbc6aab7.jpg","type":"image\/jpeg"}],"author":"CL","twitter_card":"summary_large_image","twitter_creator":"@webdo_tn","twitter_site":"@webdo_tn","twitter_misc":{"\u00c9crit par":"CL","Dur\u00e9e de lecture estim\u00e9e":"1 minute"},"schema":{"@context":"https:\/\/schema.org","@graph":[{"@type":"NewsArticle","@id":"https:\/\/www.webdo.tn\/fr\/actualite\/national\/netanyahu-accuse-dans-une-affaire-de-complot-contre-la-tunisie-selon-samir-dilou\/211756\/#article","isPartOf":{"@id":"https:\/\/www.webdo.tn\/fr\/actualite\/national\/netanyahu-accuse-dans-une-affaire-de-complot-contre-la-tunisie-selon-samir-dilou\/211756\/"},"author":{"name":"CL","@id":"https:\/\/www.webdo.tn\/fr\/#\/schema\/person\/f35b42a42c5e2511bbd282959d6385cc"},"headline":"Netanyahu accus\u00e9 dans une affaire de complot contre la Tunisie, selon Samir Dilou","datePublished":"2024-01-23T14:07:00+00:00","dateModified":"2025-05-20T22:52:51+00:00","mainEntityOfPage":{"@id":"https:\/\/www.webdo.tn\/fr\/actualite\/national\/netanyahu-accuse-dans-une-affaire-de-complot-contre-la-tunisie-selon-samir-dilou\/211756\/"},"wordCount":191,"commentCount":0,"publisher":{"@id":"https:\/\/www.webdo.tn\/fr\/#organization"},"image":{"@id":"https:\/\/www.webdo.tn\/fr\/actualite\/national\/netanyahu-accuse-dans-une-affaire-de-complot-contre-la-tunisie-selon-samir-dilou\/211756\/#primaryimage"},"thumbnailUrl":"https:\/\/www.webdo.tn\/fr\/wp-content\/uploads\/2024\/01\/940986ab89694c2150cfddb4fbc6aab7.jpg","keywords":["Affaire","justice","Netanyahu","Tunisie"],"articleSection":["National"],"inLanguage":"fr-FR"},{"@type":"WebPage","@id":"https:\/\/www.webdo.tn\/fr\/actualite\/national\/netanyahu-accuse-dans-une-affaire-de-complot-contre-la-tunisie-selon-samir-dilou\/211756\/","url":"https:\/\/www.webdo.tn\/fr\/actualite\/national\/netanyahu-accuse-dans-une-affaire-de-complot-contre-la-tunisie-selon-samir-dilou\/211756\/","name":"Netanyahu accus\u00e9 dans une affaire de complot contre la Tunisie, selon Samir Dilou","isPartOf":{"@id":"https:\/\/www.webdo.tn\/fr\/#website"},"primaryImageOfPage":{"@id":"https:\/\/www.webdo.tn\/fr\/actualite\/national\/netanyahu-accuse-dans-une-affaire-de-complot-contre-la-tunisie-selon-samir-dilou\/211756\/#primaryimage"},"image":{"@id":"https:\/\/www.webdo.tn\/fr\/actualite\/national\/netanyahu-accuse-dans-une-affaire-de-complot-contre-la-tunisie-selon-samir-dilou\/211756\/#primaryimage"},"thumbnailUrl":"https:\/\/www.webdo.tn\/fr\/wp-content\/uploads\/2024\/01\/940986ab89694c2150cfddb4fbc6aab7.jpg","datePublished":"2024-01-23T14:07:00+00:00","dateModified":"2025-05-20T22:52:51+00:00","description":"S\u2019exprimant sur les ondes de Diwan FM, il a expliqu\u00e9 qu\u2019une nouvelle affaire de complot contre l\u2019Etat tunisien a \u00e9clat\u00e9 suite \u00e0 une plainte d\u00e9pos\u00e9e par une femm...","breadcrumb":{"@id":"https:\/\/www.webdo.tn\/fr\/actualite\/national\/netanyahu-accuse-dans-une-affaire-de-complot-contre-la-tunisie-selon-samir-dilou\/211756\/#breadcrumb"},"inLanguage":"fr-FR","potentialAction":[{"@type":"ReadAction","target":["https:\/\/www.webdo.tn\/fr\/actualite\/national\/netanyahu-accuse-dans-une-affaire-de-complot-contre-la-tunisie-selon-samir-dilou\/211756\/"]}]},{"@type":"ImageObject","inLanguage":"fr-FR","@id":"https:\/\/www.webdo.tn\/fr\/actualite\/national\/netanyahu-accuse-dans-une-affaire-de-complot-contre-la-tunisie-selon-samir-dilou\/211756\/#primaryimage","url":"https:\/\/www.webdo.tn\/fr\/wp-content\/uploads\/2024\/01\/940986ab89694c2150cfddb4fbc6aab7.jpg","contentUrl":"https:\/\/www.webdo.tn\/fr\/wp-content\/uploads\/2024\/01\/940986ab89694c2150cfddb4fbc6aab7.jpg","width":750,"height":400,"caption":"Netanyahu accus\u00e9 dans une affaire de complot contre la Tunisie, selon Samir Dilou"},{"@type":"BreadcrumbList","@id":"https:\/\/www.webdo.tn\/fr\/actualite\/national\/netanyahu-accuse-dans-une-affaire-de-complot-contre-la-tunisie-selon-samir-dilou\/211756\/#breadcrumb","itemListElement":[{"@type":"ListItem","position":1,"name":"Accueil","item":"https:\/\/www.webdo.tn\/fr\/"},{"@type":"ListItem","position":2,"name":"Netanyahu accus\u00e9 dans une affaire de complot contre la Tunisie, selon Samir Dilou"}]},{"@type":"WebSite","@id":"https:\/\/www.webdo.tn\/fr\/#website","url":"https:\/\/www.webdo.tn\/fr\/","name":"webdo","description":"Tunisie - News en Tunisie et \u00e0 l&#039;international sur Webdo.tn","publisher":{"@id":"https:\/\/www.webdo.tn\/fr\/#organization"},"potentialAction":[{"@type":"SearchAction","target":{"@type":"EntryPoint","urlTemplate":"https:\/\/www.webdo.tn\/fr\/?s={search_term_string}"},"query-input":{"@type":"PropertyValueSpecification","valueRequired":true,"valueName":"search_term_string"}}],"inLanguage":"fr-FR"},{"@type":"Organization","@id":"https:\/\/www.webdo.tn\/fr\/#organization","name":"Webdo","alternateName":"Webdo.tn","url":"https:\/\/www.webdo.tn\/fr\/","logo":{"@type":"ImageObject","inLanguage":"fr-FR","@id":"https:\/\/www.webdo.tn\/fr\/#\/schema\/logo\/image\/","url":"https:\/\/www.webdo.tn\/fr\/wp-content\/uploads\/2025\/06\/Webdo-Tunisie_168377.jpg","contentUrl":"https:\/\/www.webdo.tn\/fr\/wp-content\/uploads\/2025\/06\/Webdo-Tunisie_168377.jpg","width":301,"height":301,"caption":"Webdo"},"image":{"@id":"https:\/\/www.webdo.tn\/fr\/#\/schema\/logo\/image\/"},"sameAs":["https:\/\/www.facebook.com\/webdotn","https:\/\/x.com\/webdo_tn"],"description":"Webdo est un m\u00e9dia num\u00e9rique tunisien fond\u00e9 en 2010, sp\u00e9cialis\u00e9 dans l\u2019actualit\u00e9 nationale et internationale, l\u2019\u00e9conomie, la soci\u00e9t\u00e9 et les analyses politiques. Le site s\u2019adresse \u00e0 un large public francophone et couvre l\u2019information tunisienne en temps r\u00e9el.","email":"redac@webdo.tn","legalName":"YNJ SARL","foundingDate":"2010-09-06","numberOfEmployees":{"@type":"QuantitativeValue","minValue":"11","maxValue":"50"}},{"@type":"Person","@id":"https:\/\/www.webdo.tn\/fr\/#\/schema\/person\/f35b42a42c5e2511bbd282959d6385cc","name":"CL","image":{"@type":"ImageObject","inLanguage":"fr-FR","@id":"https:\/\/secure.gravatar.com\/avatar\/1447a49909b67aa657c488aec6512e1dd6143a480c1ecfee9b5b5cd74eb3b59e?s=96&d=mm&r=g","url":"https:\/\/secure.gravatar.com\/avatar\/1447a49909b67aa657c488aec6512e1dd6143a480c1ecfee9b5b5cd74eb3b59e?s=96&d=mm&r=g","contentUrl":"https:\/\/secure.gravatar.com\/avatar\/1447a49909b67aa657c488aec6512e1dd6143a480c1ecfee9b5b5cd74eb3b59e?s=96&d=mm&r=g","caption":"CL"},"url":"https:\/\/www.webdo.tn\/fr\/actualite\/author\/cl\/"}]}},"_links":{"self":[{"href":"https:\/\/www.webdo.tn\/fr\/wp-json\/wp\/v2\/posts\/211756","targetHints":{"allow":["GET"]}}],"collection":[{"href":"https:\/\/www.webdo.tn\/fr\/wp-json\/wp\/v2\/posts"}],"about":[{"href":"https:\/\/www.webdo.tn\/fr\/wp-json\/wp\/v2\/types\/post"}],"author":[{"embeddable":true,"href":"https:\/\/www.webdo.tn\/fr\/wp-json\/wp\/v2\/users\/3175"}],"replies":[{"embeddable":true,"href":"https:\/\/www.webdo.tn\/fr\/wp-json\/wp\/v2\/comments?post=211756"}],"version-history":[{"count":0,"href":"https:\/\/www.webdo.tn\/fr\/wp-json\/wp\/v2\/posts\/211756\/revisions"}],"wp:featuredmedia":[{"embeddable":true,"href":"https:\/\/www.webdo.tn\/fr\/wp-json\/wp\/v2\/media\/290119"}],"wp:attachment":[{"href":"https:\/\/www.webdo.tn\/fr\/wp-json\/wp\/v2\/media?parent=211756"}],"wp:term":[{"taxonomy":"category","embeddable":true,"href":"https:\/\/www.webdo.tn\/fr\/wp-json\/wp\/v2\/categories?post=211756"},{"taxonomy":"post_tag","embeddable":true,"href":"https:\/\/www.webdo.tn\/fr\/wp-json\/wp\/v2\/tags?post=211756"}],"curies":[{"name":"wp","href":"https:\/\/api.w.org\/{rel}","templated":true}]}}