{"id":211754,"date":"2024-01-23T13:47:00","date_gmt":"2024-01-23T13:47:00","guid":{"rendered":"https:\/\/www.webdo.tn\/fr\/blog\/tunisie-enieme-report-de-l-examen-de-l-affaire-chokri-belaid\/211754\/"},"modified":"2025-05-20T22:52:50","modified_gmt":"2025-05-20T22:52:50","slug":"tunisie-enieme-report-de-l-examen-de-l-affaire-chokri-belaid","status":"publish","type":"post","link":"https:\/\/www.webdo.tn\/fr\/actualite\/national\/tunisie-enieme-report-de-l-examen-de-l-affaire-chokri-belaid\/211754\/","title":{"rendered":"Tunisie : Eni\u00e8me report de l\u2019examen de l\u2019affaire Chokri Belaid"},"content":{"rendered":"<p>La chambre criminelle sp\u00e9cialis\u00e9e dans l&rsquo;examen des affaires li\u00e9es au terrorisme du tribunal de premi\u00e8re instance de Tunis a d\u00e9cid\u00e9 une \u00e9ni\u00e8me report de l&rsquo;examen de l&rsquo;affaire de l&rsquo;assassinat du martyr Chokri Bela\u00efd au 6 f\u00e9vrier prochain.<\/p>\n<p>\t\t\t\t\t\t\t\t\tLes accus\u00e9s dans cette affaire ont \u00e9t\u00e9 transf\u00e9r\u00e9e ce mardi 23 janvier 2024 au tribunal sous forte escorte s\u00e9curitaire alors que certains d&rsquo;entre eux ont refus\u00e9 de compara\u00eetre.\u00a0<\/p>\n<p>Apr\u00e8s avoir entendu les plaidoiries de la d\u00e9fense, la chambre a d\u00e9cid\u00e9 de reporter l&rsquo;examen de l&rsquo;affaire \u00e0 la session du 6 f\u00e9vrier prochain, en attendant la poursuite de l&rsquo;ex\u00e9cution de certaines mesures judiciaires.\u00a0<\/p>\n<p>Chokri Belaid, secr\u00e9taire g\u00e9n\u00e9ral du Parti des Patriotes D\u00e9mocrates unifi\u00e9 (PPDU), a \u00e9t\u00e9 assassin\u00e9 le 6 f\u00e9vrier 2013 devant son domicile situ\u00e9 \u00e0 El Menzah VI.<\/p>\n","protected":false},"excerpt":{"rendered":"<p>Les accus\u00e9s dans cette affaire ont \u00e9t\u00e9 transf\u00e9r\u00e9e ce mardi 23 janvier 2024 au tribunal sous forte escorte s\u00e9curitaire alors que certains d&rsquo;entre eux ont refus\u00e9&#8230;<\/p>\n","protected":false},"author":3175,"featured_media":290116,"comment_status":"open","ping_status":"closed","sticky":false,"template":"","format":"standard","meta":{"footnotes":""},"categories":[44],"tags":[3262,2619,2608],"class_list":["post-211754","post","type-post","status-publish","format-standard","has-post-thumbnail","hentry","category-national","tag-chokri-belaid","tag-justice","tag-tunisie"],"yoast_head":"<!-- This site is optimized with the Yoast SEO Premium plugin v27.5 (Yoast SEO v27.5) - https:\/\/yoast.com\/product\/yoast-seo-premium-wordpress\/ -->\n<title>Tunisie : Eni\u00e8me report de l\u2019examen de l\u2019affaire Chokri Belaid<\/title>\n<meta name=\"description\" content=\"Les accus\u00e9s dans cette affaire ont \u00e9t\u00e9 transf\u00e9r\u00e9e ce mardi 23 janvier 2024 au tribunal sous forte escorte s\u00e9curitaire alors que certains d&#039;entre eux ont refus\u00e9...\" \/>\n<link rel=\"canonical\" href=\"https:\/\/www.webdo.tn\/fr\/actualite\/national\/tunisie-enieme-report-de-l-examen-de-l-affaire-chokri-belaid\/211754\/\" \/>\n<meta property=\"og:locale\" content=\"fr_FR\" \/>\n<meta property=\"og:type\" content=\"article\" \/>\n<meta property=\"og:title\" content=\"Tunisie : Eni\u00e8me report de l\u2019examen de l\u2019affaire Chokri Belaid\" \/>\n<meta property=\"og:description\" content=\"Les accus\u00e9s dans cette affaire ont \u00e9t\u00e9 transf\u00e9r\u00e9e ce mardi 23 janvier 2024 au tribunal sous forte escorte s\u00e9curitaire alors que certains d&#039;entre eux ont refus\u00e9...\" \/>\n<meta property=\"og:url\" content=\"https:\/\/www.webdo.tn\/fr\/actualite\/national\/tunisie-enieme-report-de-l-examen-de-l-affaire-chokri-belaid\/211754\/\" \/>\n<meta property=\"og:site_name\" content=\"webdo\" \/>\n<meta property=\"article:publisher\" content=\"https:\/\/www.facebook.com\/webdotn\" \/>\n<meta property=\"article:published_time\" content=\"2024-01-23T13:47:00+00:00\" \/>\n<meta property=\"article:modified_time\" content=\"2025-05-20T22:52:50+00:00\" \/>\n<meta property=\"og:image\" content=\"https:\/\/www.webdo.tn\/fr\/wp-content\/uploads\/2024\/01\/8d454230795fc3c36a809e5f6f5e120c.jpg\" \/>\n\t<meta property=\"og:image:width\" content=\"680\" \/>\n\t<meta property=\"og:image:height\" content=\"363\" \/>\n\t<meta property=\"og:image:type\" content=\"image\/jpeg\" \/>\n<meta name=\"author\" content=\"CL\" \/>\n<meta name=\"twitter:card\" content=\"summary_large_image\" \/>\n<meta name=\"twitter:creator\" content=\"@webdo_tn\" \/>\n<meta name=\"twitter:site\" content=\"@webdo_tn\" \/>\n<meta name=\"twitter:label1\" content=\"\u00c9crit par\" \/>\n\t<meta name=\"twitter:data1\" content=\"CL\" \/>\n\t<meta name=\"twitter:label2\" content=\"Dur\u00e9e de lecture estim\u00e9e\" \/>\n\t<meta name=\"twitter:data2\" content=\"1 minute\" \/>\n<script type=\"application\/ld+json\" class=\"yoast-schema-graph\">{\"@context\":\"https:\\\/\\\/schema.org\",\"@graph\":[{\"@type\":\"NewsArticle\",\"@id\":\"https:\\\/\\\/www.webdo.tn\\\/fr\\\/actualite\\\/national\\\/tunisie-enieme-report-de-l-examen-de-l-affaire-chokri-belaid\\\/211754\\\/#article\",\"isPartOf\":{\"@id\":\"https:\\\/\\\/www.webdo.tn\\\/fr\\\/actualite\\\/national\\\/tunisie-enieme-report-de-l-examen-de-l-affaire-chokri-belaid\\\/211754\\\/\"},\"author\":{\"name\":\"CL\",\"@id\":\"https:\\\/\\\/www.webdo.tn\\\/fr\\\/#\\\/schema\\\/person\\\/f35b42a42c5e2511bbd282959d6385cc\"},\"headline\":\"Tunisie : Eni\u00e8me report de l\u2019examen de l\u2019affaire Chokri Belaid\",\"datePublished\":\"2024-01-23T13:47:00+00:00\",\"dateModified\":\"2025-05-20T22:52:50+00:00\",\"mainEntityOfPage\":{\"@id\":\"https:\\\/\\\/www.webdo.tn\\\/fr\\\/actualite\\\/national\\\/tunisie-enieme-report-de-l-examen-de-l-affaire-chokri-belaid\\\/211754\\\/\"},\"wordCount\":160,\"commentCount\":0,\"publisher\":{\"@id\":\"https:\\\/\\\/www.webdo.tn\\\/fr\\\/#organization\"},\"image\":{\"@id\":\"https:\\\/\\\/www.webdo.tn\\\/fr\\\/actualite\\\/national\\\/tunisie-enieme-report-de-l-examen-de-l-affaire-chokri-belaid\\\/211754\\\/#primaryimage\"},\"thumbnailUrl\":\"https:\\\/\\\/www.webdo.tn\\\/fr\\\/wp-content\\\/uploads\\\/2024\\\/01\\\/8d454230795fc3c36a809e5f6f5e120c.jpg\",\"keywords\":[\"chokri belaid\",\"justice\",\"Tunisie\"],\"articleSection\":[\"National\"],\"inLanguage\":\"fr-FR\"},{\"@type\":\"WebPage\",\"@id\":\"https:\\\/\\\/www.webdo.tn\\\/fr\\\/actualite\\\/national\\\/tunisie-enieme-report-de-l-examen-de-l-affaire-chokri-belaid\\\/211754\\\/\",\"url\":\"https:\\\/\\\/www.webdo.tn\\\/fr\\\/actualite\\\/national\\\/tunisie-enieme-report-de-l-examen-de-l-affaire-chokri-belaid\\\/211754\\\/\",\"name\":\"Tunisie : Eni\u00e8me report de l\u2019examen de l\u2019affaire Chokri Belaid\",\"isPartOf\":{\"@id\":\"https:\\\/\\\/www.webdo.tn\\\/fr\\\/#website\"},\"primaryImageOfPage\":{\"@id\":\"https:\\\/\\\/www.webdo.tn\\\/fr\\\/actualite\\\/national\\\/tunisie-enieme-report-de-l-examen-de-l-affaire-chokri-belaid\\\/211754\\\/#primaryimage\"},\"image\":{\"@id\":\"https:\\\/\\\/www.webdo.tn\\\/fr\\\/actualite\\\/national\\\/tunisie-enieme-report-de-l-examen-de-l-affaire-chokri-belaid\\\/211754\\\/#primaryimage\"},\"thumbnailUrl\":\"https:\\\/\\\/www.webdo.tn\\\/fr\\\/wp-content\\\/uploads\\\/2024\\\/01\\\/8d454230795fc3c36a809e5f6f5e120c.jpg\",\"datePublished\":\"2024-01-23T13:47:00+00:00\",\"dateModified\":\"2025-05-20T22:52:50+00:00\",\"description\":\"Les accus\u00e9s dans cette affaire ont \u00e9t\u00e9 transf\u00e9r\u00e9e ce mardi 23 janvier 2024 au tribunal sous forte escorte s\u00e9curitaire alors que certains d'entre eux ont refus\u00e9...\",\"breadcrumb\":{\"@id\":\"https:\\\/\\\/www.webdo.tn\\\/fr\\\/actualite\\\/national\\\/tunisie-enieme-report-de-l-examen-de-l-affaire-chokri-belaid\\\/211754\\\/#breadcrumb\"},\"inLanguage\":\"fr-FR\",\"potentialAction\":[{\"@type\":\"ReadAction\",\"target\":[\"https:\\\/\\\/www.webdo.tn\\\/fr\\\/actualite\\\/national\\\/tunisie-enieme-report-de-l-examen-de-l-affaire-chokri-belaid\\\/211754\\\/\"]}]},{\"@type\":\"ImageObject\",\"inLanguage\":\"fr-FR\",\"@id\":\"https:\\\/\\\/www.webdo.tn\\\/fr\\\/actualite\\\/national\\\/tunisie-enieme-report-de-l-examen-de-l-affaire-chokri-belaid\\\/211754\\\/#primaryimage\",\"url\":\"https:\\\/\\\/www.webdo.tn\\\/fr\\\/wp-content\\\/uploads\\\/2024\\\/01\\\/8d454230795fc3c36a809e5f6f5e120c.jpg\",\"contentUrl\":\"https:\\\/\\\/www.webdo.tn\\\/fr\\\/wp-content\\\/uploads\\\/2024\\\/01\\\/8d454230795fc3c36a809e5f6f5e120c.jpg\",\"width\":680,\"height\":363,\"caption\":\"Tunisie : Eni\u00e8me report de l\u2019examen de l\u2019affaire Chokri Belaid\"},{\"@type\":\"BreadcrumbList\",\"@id\":\"https:\\\/\\\/www.webdo.tn\\\/fr\\\/actualite\\\/national\\\/tunisie-enieme-report-de-l-examen-de-l-affaire-chokri-belaid\\\/211754\\\/#breadcrumb\",\"itemListElement\":[{\"@type\":\"ListItem\",\"position\":1,\"name\":\"Accueil\",\"item\":\"https:\\\/\\\/www.webdo.tn\\\/fr\\\/\"},{\"@type\":\"ListItem\",\"position\":2,\"name\":\"Tunisie : Eni\u00e8me report de l\u2019examen de l\u2019affaire Chokri Belaid\"}]},{\"@type\":\"WebSite\",\"@id\":\"https:\\\/\\\/www.webdo.tn\\\/fr\\\/#website\",\"url\":\"https:\\\/\\\/www.webdo.tn\\\/fr\\\/\",\"name\":\"webdo\",\"description\":\"Tunisie - News en Tunisie et \u00e0 l&#039;international sur Webdo.tn\",\"publisher\":{\"@id\":\"https:\\\/\\\/www.webdo.tn\\\/fr\\\/#organization\"},\"potentialAction\":[{\"@type\":\"SearchAction\",\"target\":{\"@type\":\"EntryPoint\",\"urlTemplate\":\"https:\\\/\\\/www.webdo.tn\\\/fr\\\/?s={search_term_string}\"},\"query-input\":{\"@type\":\"PropertyValueSpecification\",\"valueRequired\":true,\"valueName\":\"search_term_string\"}}],\"inLanguage\":\"fr-FR\"},{\"@type\":\"Organization\",\"@id\":\"https:\\\/\\\/www.webdo.tn\\\/fr\\\/#organization\",\"name\":\"Webdo\",\"alternateName\":\"Webdo.tn\",\"url\":\"https:\\\/\\\/www.webdo.tn\\\/fr\\\/\",\"logo\":{\"@type\":\"ImageObject\",\"inLanguage\":\"fr-FR\",\"@id\":\"https:\\\/\\\/www.webdo.tn\\\/fr\\\/#\\\/schema\\\/logo\\\/image\\\/\",\"url\":\"https:\\\/\\\/www.webdo.tn\\\/fr\\\/wp-content\\\/uploads\\\/2025\\\/06\\\/Webdo-Tunisie_168377.jpg\",\"contentUrl\":\"https:\\\/\\\/www.webdo.tn\\\/fr\\\/wp-content\\\/uploads\\\/2025\\\/06\\\/Webdo-Tunisie_168377.jpg\",\"width\":301,\"height\":301,\"caption\":\"Webdo\"},\"image\":{\"@id\":\"https:\\\/\\\/www.webdo.tn\\\/fr\\\/#\\\/schema\\\/logo\\\/image\\\/\"},\"sameAs\":[\"https:\\\/\\\/www.facebook.com\\\/webdotn\",\"https:\\\/\\\/x.com\\\/webdo_tn\"],\"description\":\"Webdo est un m\u00e9dia num\u00e9rique tunisien fond\u00e9 en 2010, sp\u00e9cialis\u00e9 dans l\u2019actualit\u00e9 nationale et internationale, l\u2019\u00e9conomie, la soci\u00e9t\u00e9 et les analyses politiques. Le site s\u2019adresse \u00e0 un large public francophone et couvre l\u2019information tunisienne en temps r\u00e9el.\",\"email\":\"redac@webdo.tn\",\"legalName\":\"YNJ SARL\",\"foundingDate\":\"2010-09-06\",\"numberOfEmployees\":{\"@type\":\"QuantitativeValue\",\"minValue\":\"11\",\"maxValue\":\"50\"}},{\"@type\":\"Person\",\"@id\":\"https:\\\/\\\/www.webdo.tn\\\/fr\\\/#\\\/schema\\\/person\\\/f35b42a42c5e2511bbd282959d6385cc\",\"name\":\"CL\",\"image\":{\"@type\":\"ImageObject\",\"inLanguage\":\"fr-FR\",\"@id\":\"https:\\\/\\\/secure.gravatar.com\\\/avatar\\\/1447a49909b67aa657c488aec6512e1dd6143a480c1ecfee9b5b5cd74eb3b59e?s=96&d=mm&r=g\",\"url\":\"https:\\\/\\\/secure.gravatar.com\\\/avatar\\\/1447a49909b67aa657c488aec6512e1dd6143a480c1ecfee9b5b5cd74eb3b59e?s=96&d=mm&r=g\",\"contentUrl\":\"https:\\\/\\\/secure.gravatar.com\\\/avatar\\\/1447a49909b67aa657c488aec6512e1dd6143a480c1ecfee9b5b5cd74eb3b59e?s=96&d=mm&r=g\",\"caption\":\"CL\"},\"url\":\"https:\\\/\\\/www.webdo.tn\\\/fr\\\/actualite\\\/author\\\/cl\\\/\"}]}<\/script>\n<!-- \/ Yoast SEO Premium plugin. -->","yoast_head_json":{"title":"Tunisie : Eni\u00e8me report de l\u2019examen de l\u2019affaire Chokri Belaid","description":"Les accus\u00e9s dans cette affaire ont \u00e9t\u00e9 transf\u00e9r\u00e9e ce mardi 23 janvier 2024 au tribunal sous forte escorte s\u00e9curitaire alors que certains d'entre eux ont refus\u00e9...","canonical":"https:\/\/www.webdo.tn\/fr\/actualite\/national\/tunisie-enieme-report-de-l-examen-de-l-affaire-chokri-belaid\/211754\/","og_locale":"fr_FR","og_type":"article","og_title":"Tunisie : Eni\u00e8me report de l\u2019examen de l\u2019affaire Chokri Belaid","og_description":"Les accus\u00e9s dans cette affaire ont \u00e9t\u00e9 transf\u00e9r\u00e9e ce mardi 23 janvier 2024 au tribunal sous forte escorte s\u00e9curitaire alors que certains d'entre eux ont refus\u00e9...","og_url":"https:\/\/www.webdo.tn\/fr\/actualite\/national\/tunisie-enieme-report-de-l-examen-de-l-affaire-chokri-belaid\/211754\/","og_site_name":"webdo","article_publisher":"https:\/\/www.facebook.com\/webdotn","article_published_time":"2024-01-23T13:47:00+00:00","article_modified_time":"2025-05-20T22:52:50+00:00","og_image":[{"width":680,"height":363,"url":"https:\/\/www.webdo.tn\/fr\/wp-content\/uploads\/2024\/01\/8d454230795fc3c36a809e5f6f5e120c.jpg","type":"image\/jpeg"}],"author":"CL","twitter_card":"summary_large_image","twitter_creator":"@webdo_tn","twitter_site":"@webdo_tn","twitter_misc":{"\u00c9crit par":"CL","Dur\u00e9e de lecture estim\u00e9e":"1 minute"},"schema":{"@context":"https:\/\/schema.org","@graph":[{"@type":"NewsArticle","@id":"https:\/\/www.webdo.tn\/fr\/actualite\/national\/tunisie-enieme-report-de-l-examen-de-l-affaire-chokri-belaid\/211754\/#article","isPartOf":{"@id":"https:\/\/www.webdo.tn\/fr\/actualite\/national\/tunisie-enieme-report-de-l-examen-de-l-affaire-chokri-belaid\/211754\/"},"author":{"name":"CL","@id":"https:\/\/www.webdo.tn\/fr\/#\/schema\/person\/f35b42a42c5e2511bbd282959d6385cc"},"headline":"Tunisie : Eni\u00e8me report de l\u2019examen de l\u2019affaire Chokri Belaid","datePublished":"2024-01-23T13:47:00+00:00","dateModified":"2025-05-20T22:52:50+00:00","mainEntityOfPage":{"@id":"https:\/\/www.webdo.tn\/fr\/actualite\/national\/tunisie-enieme-report-de-l-examen-de-l-affaire-chokri-belaid\/211754\/"},"wordCount":160,"commentCount":0,"publisher":{"@id":"https:\/\/www.webdo.tn\/fr\/#organization"},"image":{"@id":"https:\/\/www.webdo.tn\/fr\/actualite\/national\/tunisie-enieme-report-de-l-examen-de-l-affaire-chokri-belaid\/211754\/#primaryimage"},"thumbnailUrl":"https:\/\/www.webdo.tn\/fr\/wp-content\/uploads\/2024\/01\/8d454230795fc3c36a809e5f6f5e120c.jpg","keywords":["chokri belaid","justice","Tunisie"],"articleSection":["National"],"inLanguage":"fr-FR"},{"@type":"WebPage","@id":"https:\/\/www.webdo.tn\/fr\/actualite\/national\/tunisie-enieme-report-de-l-examen-de-l-affaire-chokri-belaid\/211754\/","url":"https:\/\/www.webdo.tn\/fr\/actualite\/national\/tunisie-enieme-report-de-l-examen-de-l-affaire-chokri-belaid\/211754\/","name":"Tunisie : Eni\u00e8me report de l\u2019examen de l\u2019affaire Chokri Belaid","isPartOf":{"@id":"https:\/\/www.webdo.tn\/fr\/#website"},"primaryImageOfPage":{"@id":"https:\/\/www.webdo.tn\/fr\/actualite\/national\/tunisie-enieme-report-de-l-examen-de-l-affaire-chokri-belaid\/211754\/#primaryimage"},"image":{"@id":"https:\/\/www.webdo.tn\/fr\/actualite\/national\/tunisie-enieme-report-de-l-examen-de-l-affaire-chokri-belaid\/211754\/#primaryimage"},"thumbnailUrl":"https:\/\/www.webdo.tn\/fr\/wp-content\/uploads\/2024\/01\/8d454230795fc3c36a809e5f6f5e120c.jpg","datePublished":"2024-01-23T13:47:00+00:00","dateModified":"2025-05-20T22:52:50+00:00","description":"Les accus\u00e9s dans cette affaire ont \u00e9t\u00e9 transf\u00e9r\u00e9e ce mardi 23 janvier 2024 au tribunal sous forte escorte s\u00e9curitaire alors que certains d'entre eux ont refus\u00e9...","breadcrumb":{"@id":"https:\/\/www.webdo.tn\/fr\/actualite\/national\/tunisie-enieme-report-de-l-examen-de-l-affaire-chokri-belaid\/211754\/#breadcrumb"},"inLanguage":"fr-FR","potentialAction":[{"@type":"ReadAction","target":["https:\/\/www.webdo.tn\/fr\/actualite\/national\/tunisie-enieme-report-de-l-examen-de-l-affaire-chokri-belaid\/211754\/"]}]},{"@type":"ImageObject","inLanguage":"fr-FR","@id":"https:\/\/www.webdo.tn\/fr\/actualite\/national\/tunisie-enieme-report-de-l-examen-de-l-affaire-chokri-belaid\/211754\/#primaryimage","url":"https:\/\/www.webdo.tn\/fr\/wp-content\/uploads\/2024\/01\/8d454230795fc3c36a809e5f6f5e120c.jpg","contentUrl":"https:\/\/www.webdo.tn\/fr\/wp-content\/uploads\/2024\/01\/8d454230795fc3c36a809e5f6f5e120c.jpg","width":680,"height":363,"caption":"Tunisie : Eni\u00e8me report de l\u2019examen de l\u2019affaire Chokri Belaid"},{"@type":"BreadcrumbList","@id":"https:\/\/www.webdo.tn\/fr\/actualite\/national\/tunisie-enieme-report-de-l-examen-de-l-affaire-chokri-belaid\/211754\/#breadcrumb","itemListElement":[{"@type":"ListItem","position":1,"name":"Accueil","item":"https:\/\/www.webdo.tn\/fr\/"},{"@type":"ListItem","position":2,"name":"Tunisie : Eni\u00e8me report de l\u2019examen de l\u2019affaire Chokri Belaid"}]},{"@type":"WebSite","@id":"https:\/\/www.webdo.tn\/fr\/#website","url":"https:\/\/www.webdo.tn\/fr\/","name":"webdo","description":"Tunisie - News en Tunisie et \u00e0 l&#039;international sur Webdo.tn","publisher":{"@id":"https:\/\/www.webdo.tn\/fr\/#organization"},"potentialAction":[{"@type":"SearchAction","target":{"@type":"EntryPoint","urlTemplate":"https:\/\/www.webdo.tn\/fr\/?s={search_term_string}"},"query-input":{"@type":"PropertyValueSpecification","valueRequired":true,"valueName":"search_term_string"}}],"inLanguage":"fr-FR"},{"@type":"Organization","@id":"https:\/\/www.webdo.tn\/fr\/#organization","name":"Webdo","alternateName":"Webdo.tn","url":"https:\/\/www.webdo.tn\/fr\/","logo":{"@type":"ImageObject","inLanguage":"fr-FR","@id":"https:\/\/www.webdo.tn\/fr\/#\/schema\/logo\/image\/","url":"https:\/\/www.webdo.tn\/fr\/wp-content\/uploads\/2025\/06\/Webdo-Tunisie_168377.jpg","contentUrl":"https:\/\/www.webdo.tn\/fr\/wp-content\/uploads\/2025\/06\/Webdo-Tunisie_168377.jpg","width":301,"height":301,"caption":"Webdo"},"image":{"@id":"https:\/\/www.webdo.tn\/fr\/#\/schema\/logo\/image\/"},"sameAs":["https:\/\/www.facebook.com\/webdotn","https:\/\/x.com\/webdo_tn"],"description":"Webdo est un m\u00e9dia num\u00e9rique tunisien fond\u00e9 en 2010, sp\u00e9cialis\u00e9 dans l\u2019actualit\u00e9 nationale et internationale, l\u2019\u00e9conomie, la soci\u00e9t\u00e9 et les analyses politiques. Le site s\u2019adresse \u00e0 un large public francophone et couvre l\u2019information tunisienne en temps r\u00e9el.","email":"redac@webdo.tn","legalName":"YNJ SARL","foundingDate":"2010-09-06","numberOfEmployees":{"@type":"QuantitativeValue","minValue":"11","maxValue":"50"}},{"@type":"Person","@id":"https:\/\/www.webdo.tn\/fr\/#\/schema\/person\/f35b42a42c5e2511bbd282959d6385cc","name":"CL","image":{"@type":"ImageObject","inLanguage":"fr-FR","@id":"https:\/\/secure.gravatar.com\/avatar\/1447a49909b67aa657c488aec6512e1dd6143a480c1ecfee9b5b5cd74eb3b59e?s=96&d=mm&r=g","url":"https:\/\/secure.gravatar.com\/avatar\/1447a49909b67aa657c488aec6512e1dd6143a480c1ecfee9b5b5cd74eb3b59e?s=96&d=mm&r=g","contentUrl":"https:\/\/secure.gravatar.com\/avatar\/1447a49909b67aa657c488aec6512e1dd6143a480c1ecfee9b5b5cd74eb3b59e?s=96&d=mm&r=g","caption":"CL"},"url":"https:\/\/www.webdo.tn\/fr\/actualite\/author\/cl\/"}]}},"_links":{"self":[{"href":"https:\/\/www.webdo.tn\/fr\/wp-json\/wp\/v2\/posts\/211754","targetHints":{"allow":["GET"]}}],"collection":[{"href":"https:\/\/www.webdo.tn\/fr\/wp-json\/wp\/v2\/posts"}],"about":[{"href":"https:\/\/www.webdo.tn\/fr\/wp-json\/wp\/v2\/types\/post"}],"author":[{"embeddable":true,"href":"https:\/\/www.webdo.tn\/fr\/wp-json\/wp\/v2\/users\/3175"}],"replies":[{"embeddable":true,"href":"https:\/\/www.webdo.tn\/fr\/wp-json\/wp\/v2\/comments?post=211754"}],"version-history":[{"count":0,"href":"https:\/\/www.webdo.tn\/fr\/wp-json\/wp\/v2\/posts\/211754\/revisions"}],"wp:featuredmedia":[{"embeddable":true,"href":"https:\/\/www.webdo.tn\/fr\/wp-json\/wp\/v2\/media\/290116"}],"wp:attachment":[{"href":"https:\/\/www.webdo.tn\/fr\/wp-json\/wp\/v2\/media?parent=211754"}],"wp:term":[{"taxonomy":"category","embeddable":true,"href":"https:\/\/www.webdo.tn\/fr\/wp-json\/wp\/v2\/categories?post=211754"},{"taxonomy":"post_tag","embeddable":true,"href":"https:\/\/www.webdo.tn\/fr\/wp-json\/wp\/v2\/tags?post=211754"}],"curies":[{"name":"wp","href":"https:\/\/api.w.org\/{rel}","templated":true}]}}