{"id":211747,"date":"2024-01-23T11:12:00","date_gmt":"2024-01-23T11:12:00","guid":{"rendered":"https:\/\/www.webdo.tn\/fr\/blog\/davos-est-ce-le-voyage-de-trop\/211747\/"},"modified":"2025-05-20T22:32:30","modified_gmt":"2025-05-20T22:32:30","slug":"davos-est-ce-le-voyage-de-trop","status":"publish","type":"post","link":"https:\/\/www.webdo.tn\/fr\/actualite\/national\/davos-est-ce-le-voyage-de-trop\/211747\/","title":{"rendered":"Davos, est-ce le voyage de trop !?"},"content":{"rendered":"<p>La participation du Chef du gouvernement Ahmed Hachani au Forum de Davos est-elle vou\u00e9e \u00e0 l\u2019\u00e9chec comme ce fut le cas pour sa pr\u00e9d\u00e9cesseure Nejla Bouden, laquelle n\u2019avait pas r\u00e9ussi \u00e0 convaincre ses interlocuteurs quant \u00e0 d\u00e9bloquer l\u2019aide du FMI ?<\/p>\n<p>\t\t\t\t\t\t\t\t\tQui saurait, aujourd\u2019hui, nous dire, sans amalgame, quelle position l\u2019Etat tunisien a-t-il vis-\u00e0-vis du FMI ou des autres institutions financi\u00e8res internationales ?<\/p>\n<p>Ce questionnement r\u00e9sulte du flou qu\u2019entretiennent les responsables tunisiens \u00e0 l\u2019\u00e9gard de ces institutions non seulement au niveau de la forme et au cadre dans lequel doivent s\u2019ins\u00e9rer l\u2019aide financi\u00e8re internationale, mais \u00e9galement du bien-fond\u00e9 de l\u2019aide elle-m\u00eame.<\/p>\n<p>A ce jour, seul le pr\u00e9sident de la R\u00e9publique s\u2019est prononc\u00e9 express\u00e9ment sur cette question, en r\u00e9it\u00e9rant son rejet de toute condition et de tout diktat des institutions internationales sur les r\u00e9formes que doit engager l\u2019Etat tunisien.<\/p>\n<p>Hachani a-t-il agi de son propre chef ?<\/p>\n<p>O\u00f9 devons-nous situer le voyage de Hachani \u00e0 Davos ? Dans le sillage de ceux effectu\u00e9s par Youssef Chahed et Bouden qui avaient plaid\u00e9 la cause tunisienne quant \u00e0 l\u2019urgence de l\u2019aide internationale ?<\/p>\n<p>Ou est-ce que le but de ce voyage est de continuer \u00e0 entretenir un semblant de coop\u00e9ration avec des institutions qu\u2019on d\u00e9nigre au fond, mais avec lesquelles on n\u2019aimerait pas couper d\u00e9finitivement les ponts ?<\/p>\n<p>A bien des \u00e9gards, quand on \u00e9coute les propos de Ka\u00efes Sa\u00efed sur les institutions financi\u00e8res internationales et ses critiques sur leur fa\u00e7on d\u2019accorder des aides aux pays qui en expriment le besoin, on est tent\u00e9 de dire que le Chef de l\u2019Etat est contre tout financement \u00e9manant principalement du FMI.<\/p>\n<p>Si cette th\u00e8se semble se v\u00e9rifier \u2013 du moins dans les propos du Pr\u00e9sident \u2013 quelle signification donnerions-nous, d\u00e8s lors, au voyage effectu\u00e9 au courant de la semaine par Ahmed Hachani \u00e0 Davos et aux entretiens qu\u2019il a eus avec un nombre de responsables d\u2019institutions financi\u00e8res internationales dont la Directrice du FMI, Kristalina Georgieva.<\/p>\n<p>Dans le m\u00eame ordre d\u2019id\u00e9es, pourquoi le Chef de gouvernement assure-t-il \u00e0 la responsable du FMI que les engagements financiers ext\u00e9rieurs de la Tunisie au titre de l\u2019ann\u00e9e 2023 ont \u00e9t\u00e9 honor\u00e9s, et qu\u2019il en sera de m\u00eame pour la dette de 2024 ?<\/p>\n<p>N\u2019est-ce pas l\u00e0 une invitation adress\u00e9e \u00e0 son interlocuteur pour qu\u2019elle revoie sa position sur le pr\u00eat \u00e0 la Tunisie ou du moins all\u00e9ger les conditions qui entourent son d\u00e9blocage ?<\/p>\n<p>Dire la v\u00e9rit\u00e9 toute la v\u00e9rit\u00e9 !<\/p>\n<p>Cela dit, nous ne pensons pas que le Premier ministre a agi de son propre chef en voyageant \u00e0 Davos, un \u00e9v\u00e9nement de cette importance devant \u00eatre pr\u00e9par\u00e9 \u00e0 l\u2019avance avec la d\u00e9l\u00e9gation qui l\u2019a accompagn\u00e9e, bien que nous soyons surpris par la d\u00e9fection du Gouverneur de la Banque centrale qui n\u2019a pas pris part \u00e0 l\u2019\u00e9v\u00e9nement. La fin de son mandant \u00e0 la t\u00eate de l\u2019institution mon\u00e9taire explique-t-il ce forfait ?<\/p>\n<p>Sans doute, entre autres objectifs de la participation de Hachani \u00e0 Davos \u00e9tait de discuter avec des responsables de pays \u00ab\u00a0amis\u00a0\u00bb sur des accords de financement du Budget de 2024.<\/p>\n<p>Des accords que la plupart des pays sinon tous suspendent au feu vert du FMI, quand celui-ci finit par d\u00e9bloquer son aide \u00e0 la Tunisie. A ses conditions !<\/p>\n<p>Chahir CHAKROUN<\/p>\n","protected":false},"excerpt":{"rendered":"<p>La participation du Chef du gouvernement Ahmed Hachani au Forum de Davos est-elle vou\u00e9e \u00e0 l\u2019\u00e9chec comme ce fut le cas pour sa pr\u00e9d\u00e9cesseure Nejla Bouden, laquel&#8230;<\/p>\n","protected":false},"author":3169,"featured_media":248192,"comment_status":"open","ping_status":"closed","sticky":false,"template":"","format":"standard","meta":{"footnotes":""},"categories":[44],"tags":[7161,4233,2608],"class_list":["post-211747","post","type-post","status-publish","format-standard","has-post-thumbnail","hentry","category-national","tag-davos","tag-fmi","tag-tunisie"],"yoast_head":"<!-- This site is optimized with the Yoast SEO Premium plugin v27.5 (Yoast SEO v27.5) - https:\/\/yoast.com\/product\/yoast-seo-premium-wordpress\/ -->\n<title>Davos, est-ce le voyage de trop !?<\/title>\n<meta name=\"description\" content=\"La participation du Chef du gouvernement Ahmed Hachani au Forum de Davos est-elle vou\u00e9e \u00e0 l\u2019\u00e9chec comme ce fut le cas pour sa pr\u00e9d\u00e9cesseure Nejla Bouden, laquel...\" \/>\n<link rel=\"canonical\" href=\"https:\/\/www.webdo.tn\/fr\/actualite\/national\/davos-est-ce-le-voyage-de-trop\/211747\/\" \/>\n<meta property=\"og:locale\" content=\"fr_FR\" \/>\n<meta property=\"og:type\" content=\"article\" \/>\n<meta property=\"og:title\" content=\"Davos, est-ce le voyage de trop !?\" \/>\n<meta property=\"og:description\" content=\"La participation du Chef du gouvernement Ahmed Hachani au Forum de Davos est-elle vou\u00e9e \u00e0 l\u2019\u00e9chec comme ce fut le cas pour sa pr\u00e9d\u00e9cesseure Nejla Bouden, laquel...\" \/>\n<meta property=\"og:url\" content=\"https:\/\/www.webdo.tn\/fr\/actualite\/national\/davos-est-ce-le-voyage-de-trop\/211747\/\" \/>\n<meta property=\"og:site_name\" content=\"webdo\" \/>\n<meta property=\"article:publisher\" content=\"https:\/\/www.facebook.com\/webdotn\" \/>\n<meta property=\"article:published_time\" content=\"2024-01-23T11:12:00+00:00\" \/>\n<meta property=\"article:modified_time\" content=\"2025-05-20T22:32:30+00:00\" \/>\n<meta property=\"og:image\" content=\"https:\/\/www.webdo.tn\/fr\/wp-content\/uploads\/2024\/01\/574fb7c781998ba31eb876e7f0800669.jpg\" \/>\n\t<meta property=\"og:image:width\" content=\"750\" \/>\n\t<meta property=\"og:image:height\" content=\"400\" \/>\n\t<meta property=\"og:image:type\" content=\"image\/jpeg\" \/>\n<meta name=\"author\" content=\"Webdo\" \/>\n<meta name=\"twitter:card\" content=\"summary_large_image\" \/>\n<meta name=\"twitter:creator\" content=\"@webdo_tn\" \/>\n<meta name=\"twitter:site\" content=\"@webdo_tn\" \/>\n<meta name=\"twitter:label1\" content=\"\u00c9crit par\" \/>\n\t<meta name=\"twitter:data1\" content=\"Webdo\" \/>\n\t<meta name=\"twitter:label2\" content=\"Dur\u00e9e de lecture estim\u00e9e\" \/>\n\t<meta name=\"twitter:data2\" content=\"3 minutes\" \/>\n<script type=\"application\/ld+json\" class=\"yoast-schema-graph\">{\"@context\":\"https:\\\/\\\/schema.org\",\"@graph\":[{\"@type\":\"NewsArticle\",\"@id\":\"https:\\\/\\\/www.webdo.tn\\\/fr\\\/actualite\\\/national\\\/davos-est-ce-le-voyage-de-trop\\\/211747\\\/#article\",\"isPartOf\":{\"@id\":\"https:\\\/\\\/www.webdo.tn\\\/fr\\\/actualite\\\/national\\\/davos-est-ce-le-voyage-de-trop\\\/211747\\\/\"},\"author\":{\"name\":\"Webdo\",\"@id\":\"https:\\\/\\\/www.webdo.tn\\\/fr\\\/#\\\/schema\\\/person\\\/1f4e491e0907b413d61089e8eb573acc\"},\"headline\":\"Davos, est-ce le voyage de trop !?\",\"datePublished\":\"2024-01-23T11:12:00+00:00\",\"dateModified\":\"2025-05-20T22:32:30+00:00\",\"mainEntityOfPage\":{\"@id\":\"https:\\\/\\\/www.webdo.tn\\\/fr\\\/actualite\\\/national\\\/davos-est-ce-le-voyage-de-trop\\\/211747\\\/\"},\"wordCount\":590,\"commentCount\":0,\"publisher\":{\"@id\":\"https:\\\/\\\/www.webdo.tn\\\/fr\\\/#organization\"},\"image\":{\"@id\":\"https:\\\/\\\/www.webdo.tn\\\/fr\\\/actualite\\\/national\\\/davos-est-ce-le-voyage-de-trop\\\/211747\\\/#primaryimage\"},\"thumbnailUrl\":\"https:\\\/\\\/www.webdo.tn\\\/fr\\\/wp-content\\\/uploads\\\/2024\\\/01\\\/574fb7c781998ba31eb876e7f0800669.jpg\",\"keywords\":[\"Davos\",\"FMI\",\"Tunisie\"],\"articleSection\":[\"National\"],\"inLanguage\":\"fr-FR\"},{\"@type\":\"WebPage\",\"@id\":\"https:\\\/\\\/www.webdo.tn\\\/fr\\\/actualite\\\/national\\\/davos-est-ce-le-voyage-de-trop\\\/211747\\\/\",\"url\":\"https:\\\/\\\/www.webdo.tn\\\/fr\\\/actualite\\\/national\\\/davos-est-ce-le-voyage-de-trop\\\/211747\\\/\",\"name\":\"Davos, est-ce le voyage de trop !?\",\"isPartOf\":{\"@id\":\"https:\\\/\\\/www.webdo.tn\\\/fr\\\/#website\"},\"primaryImageOfPage\":{\"@id\":\"https:\\\/\\\/www.webdo.tn\\\/fr\\\/actualite\\\/national\\\/davos-est-ce-le-voyage-de-trop\\\/211747\\\/#primaryimage\"},\"image\":{\"@id\":\"https:\\\/\\\/www.webdo.tn\\\/fr\\\/actualite\\\/national\\\/davos-est-ce-le-voyage-de-trop\\\/211747\\\/#primaryimage\"},\"thumbnailUrl\":\"https:\\\/\\\/www.webdo.tn\\\/fr\\\/wp-content\\\/uploads\\\/2024\\\/01\\\/574fb7c781998ba31eb876e7f0800669.jpg\",\"datePublished\":\"2024-01-23T11:12:00+00:00\",\"dateModified\":\"2025-05-20T22:32:30+00:00\",\"description\":\"La participation du Chef du gouvernement Ahmed Hachani au Forum de Davos est-elle vou\u00e9e \u00e0 l\u2019\u00e9chec comme ce fut le cas pour sa pr\u00e9d\u00e9cesseure Nejla Bouden, laquel...\",\"breadcrumb\":{\"@id\":\"https:\\\/\\\/www.webdo.tn\\\/fr\\\/actualite\\\/national\\\/davos-est-ce-le-voyage-de-trop\\\/211747\\\/#breadcrumb\"},\"inLanguage\":\"fr-FR\",\"potentialAction\":[{\"@type\":\"ReadAction\",\"target\":[\"https:\\\/\\\/www.webdo.tn\\\/fr\\\/actualite\\\/national\\\/davos-est-ce-le-voyage-de-trop\\\/211747\\\/\"]}]},{\"@type\":\"ImageObject\",\"inLanguage\":\"fr-FR\",\"@id\":\"https:\\\/\\\/www.webdo.tn\\\/fr\\\/actualite\\\/national\\\/davos-est-ce-le-voyage-de-trop\\\/211747\\\/#primaryimage\",\"url\":\"https:\\\/\\\/www.webdo.tn\\\/fr\\\/wp-content\\\/uploads\\\/2024\\\/01\\\/574fb7c781998ba31eb876e7f0800669.jpg\",\"contentUrl\":\"https:\\\/\\\/www.webdo.tn\\\/fr\\\/wp-content\\\/uploads\\\/2024\\\/01\\\/574fb7c781998ba31eb876e7f0800669.jpg\",\"width\":750,\"height\":400,\"caption\":\"Davos, est-ce le voyage de trop !?\"},{\"@type\":\"BreadcrumbList\",\"@id\":\"https:\\\/\\\/www.webdo.tn\\\/fr\\\/actualite\\\/national\\\/davos-est-ce-le-voyage-de-trop\\\/211747\\\/#breadcrumb\",\"itemListElement\":[{\"@type\":\"ListItem\",\"position\":1,\"name\":\"Accueil\",\"item\":\"https:\\\/\\\/www.webdo.tn\\\/fr\\\/\"},{\"@type\":\"ListItem\",\"position\":2,\"name\":\"Davos, est-ce le voyage de trop !?\"}]},{\"@type\":\"WebSite\",\"@id\":\"https:\\\/\\\/www.webdo.tn\\\/fr\\\/#website\",\"url\":\"https:\\\/\\\/www.webdo.tn\\\/fr\\\/\",\"name\":\"webdo\",\"description\":\"Tunisie - News en Tunisie et \u00e0 l&#039;international sur Webdo.tn\",\"publisher\":{\"@id\":\"https:\\\/\\\/www.webdo.tn\\\/fr\\\/#organization\"},\"potentialAction\":[{\"@type\":\"SearchAction\",\"target\":{\"@type\":\"EntryPoint\",\"urlTemplate\":\"https:\\\/\\\/www.webdo.tn\\\/fr\\\/?s={search_term_string}\"},\"query-input\":{\"@type\":\"PropertyValueSpecification\",\"valueRequired\":true,\"valueName\":\"search_term_string\"}}],\"inLanguage\":\"fr-FR\"},{\"@type\":\"Organization\",\"@id\":\"https:\\\/\\\/www.webdo.tn\\\/fr\\\/#organization\",\"name\":\"Webdo\",\"alternateName\":\"Webdo.tn\",\"url\":\"https:\\\/\\\/www.webdo.tn\\\/fr\\\/\",\"logo\":{\"@type\":\"ImageObject\",\"inLanguage\":\"fr-FR\",\"@id\":\"https:\\\/\\\/www.webdo.tn\\\/fr\\\/#\\\/schema\\\/logo\\\/image\\\/\",\"url\":\"https:\\\/\\\/www.webdo.tn\\\/fr\\\/wp-content\\\/uploads\\\/2025\\\/06\\\/Webdo-Tunisie_168377.jpg\",\"contentUrl\":\"https:\\\/\\\/www.webdo.tn\\\/fr\\\/wp-content\\\/uploads\\\/2025\\\/06\\\/Webdo-Tunisie_168377.jpg\",\"width\":301,\"height\":301,\"caption\":\"Webdo\"},\"image\":{\"@id\":\"https:\\\/\\\/www.webdo.tn\\\/fr\\\/#\\\/schema\\\/logo\\\/image\\\/\"},\"sameAs\":[\"https:\\\/\\\/www.facebook.com\\\/webdotn\",\"https:\\\/\\\/x.com\\\/webdo_tn\"],\"description\":\"Webdo est un m\u00e9dia num\u00e9rique tunisien fond\u00e9 en 2010, sp\u00e9cialis\u00e9 dans l\u2019actualit\u00e9 nationale et internationale, l\u2019\u00e9conomie, la soci\u00e9t\u00e9 et les analyses politiques. Le site s\u2019adresse \u00e0 un large public francophone et couvre l\u2019information tunisienne en temps r\u00e9el.\",\"email\":\"redac@webdo.tn\",\"legalName\":\"YNJ SARL\",\"foundingDate\":\"2010-09-06\",\"numberOfEmployees\":{\"@type\":\"QuantitativeValue\",\"minValue\":\"11\",\"maxValue\":\"50\"}},{\"@type\":\"Person\",\"@id\":\"https:\\\/\\\/www.webdo.tn\\\/fr\\\/#\\\/schema\\\/person\\\/1f4e491e0907b413d61089e8eb573acc\",\"name\":\"Webdo\",\"image\":{\"@type\":\"ImageObject\",\"inLanguage\":\"fr-FR\",\"@id\":\"https:\\\/\\\/secure.gravatar.com\\\/avatar\\\/de97aeec1bb80978a9dbb127e47dfc88aaacb2f3c29aac907d8d3222e3495d49?s=96&d=mm&r=g\",\"url\":\"https:\\\/\\\/secure.gravatar.com\\\/avatar\\\/de97aeec1bb80978a9dbb127e47dfc88aaacb2f3c29aac907d8d3222e3495d49?s=96&d=mm&r=g\",\"contentUrl\":\"https:\\\/\\\/secure.gravatar.com\\\/avatar\\\/de97aeec1bb80978a9dbb127e47dfc88aaacb2f3c29aac907d8d3222e3495d49?s=96&d=mm&r=g\",\"caption\":\"Webdo\"},\"url\":\"https:\\\/\\\/www.webdo.tn\\\/fr\\\/actualite\\\/author\\\/webdo\\\/\"}]}<\/script>\n<!-- \/ Yoast SEO Premium plugin. -->","yoast_head_json":{"title":"Davos, est-ce le voyage de trop !?","description":"La participation du Chef du gouvernement Ahmed Hachani au Forum de Davos est-elle vou\u00e9e \u00e0 l\u2019\u00e9chec comme ce fut le cas pour sa pr\u00e9d\u00e9cesseure Nejla Bouden, laquel...","canonical":"https:\/\/www.webdo.tn\/fr\/actualite\/national\/davos-est-ce-le-voyage-de-trop\/211747\/","og_locale":"fr_FR","og_type":"article","og_title":"Davos, est-ce le voyage de trop !?","og_description":"La participation du Chef du gouvernement Ahmed Hachani au Forum de Davos est-elle vou\u00e9e \u00e0 l\u2019\u00e9chec comme ce fut le cas pour sa pr\u00e9d\u00e9cesseure Nejla Bouden, laquel...","og_url":"https:\/\/www.webdo.tn\/fr\/actualite\/national\/davos-est-ce-le-voyage-de-trop\/211747\/","og_site_name":"webdo","article_publisher":"https:\/\/www.facebook.com\/webdotn","article_published_time":"2024-01-23T11:12:00+00:00","article_modified_time":"2025-05-20T22:32:30+00:00","og_image":[{"width":750,"height":400,"url":"https:\/\/www.webdo.tn\/fr\/wp-content\/uploads\/2024\/01\/574fb7c781998ba31eb876e7f0800669.jpg","type":"image\/jpeg"}],"author":"Webdo","twitter_card":"summary_large_image","twitter_creator":"@webdo_tn","twitter_site":"@webdo_tn","twitter_misc":{"\u00c9crit par":"Webdo","Dur\u00e9e de lecture estim\u00e9e":"3 minutes"},"schema":{"@context":"https:\/\/schema.org","@graph":[{"@type":"NewsArticle","@id":"https:\/\/www.webdo.tn\/fr\/actualite\/national\/davos-est-ce-le-voyage-de-trop\/211747\/#article","isPartOf":{"@id":"https:\/\/www.webdo.tn\/fr\/actualite\/national\/davos-est-ce-le-voyage-de-trop\/211747\/"},"author":{"name":"Webdo","@id":"https:\/\/www.webdo.tn\/fr\/#\/schema\/person\/1f4e491e0907b413d61089e8eb573acc"},"headline":"Davos, est-ce le voyage de trop !?","datePublished":"2024-01-23T11:12:00+00:00","dateModified":"2025-05-20T22:32:30+00:00","mainEntityOfPage":{"@id":"https:\/\/www.webdo.tn\/fr\/actualite\/national\/davos-est-ce-le-voyage-de-trop\/211747\/"},"wordCount":590,"commentCount":0,"publisher":{"@id":"https:\/\/www.webdo.tn\/fr\/#organization"},"image":{"@id":"https:\/\/www.webdo.tn\/fr\/actualite\/national\/davos-est-ce-le-voyage-de-trop\/211747\/#primaryimage"},"thumbnailUrl":"https:\/\/www.webdo.tn\/fr\/wp-content\/uploads\/2024\/01\/574fb7c781998ba31eb876e7f0800669.jpg","keywords":["Davos","FMI","Tunisie"],"articleSection":["National"],"inLanguage":"fr-FR"},{"@type":"WebPage","@id":"https:\/\/www.webdo.tn\/fr\/actualite\/national\/davos-est-ce-le-voyage-de-trop\/211747\/","url":"https:\/\/www.webdo.tn\/fr\/actualite\/national\/davos-est-ce-le-voyage-de-trop\/211747\/","name":"Davos, est-ce le voyage de trop !?","isPartOf":{"@id":"https:\/\/www.webdo.tn\/fr\/#website"},"primaryImageOfPage":{"@id":"https:\/\/www.webdo.tn\/fr\/actualite\/national\/davos-est-ce-le-voyage-de-trop\/211747\/#primaryimage"},"image":{"@id":"https:\/\/www.webdo.tn\/fr\/actualite\/national\/davos-est-ce-le-voyage-de-trop\/211747\/#primaryimage"},"thumbnailUrl":"https:\/\/www.webdo.tn\/fr\/wp-content\/uploads\/2024\/01\/574fb7c781998ba31eb876e7f0800669.jpg","datePublished":"2024-01-23T11:12:00+00:00","dateModified":"2025-05-20T22:32:30+00:00","description":"La participation du Chef du gouvernement Ahmed Hachani au Forum de Davos est-elle vou\u00e9e \u00e0 l\u2019\u00e9chec comme ce fut le cas pour sa pr\u00e9d\u00e9cesseure Nejla Bouden, laquel...","breadcrumb":{"@id":"https:\/\/www.webdo.tn\/fr\/actualite\/national\/davos-est-ce-le-voyage-de-trop\/211747\/#breadcrumb"},"inLanguage":"fr-FR","potentialAction":[{"@type":"ReadAction","target":["https:\/\/www.webdo.tn\/fr\/actualite\/national\/davos-est-ce-le-voyage-de-trop\/211747\/"]}]},{"@type":"ImageObject","inLanguage":"fr-FR","@id":"https:\/\/www.webdo.tn\/fr\/actualite\/national\/davos-est-ce-le-voyage-de-trop\/211747\/#primaryimage","url":"https:\/\/www.webdo.tn\/fr\/wp-content\/uploads\/2024\/01\/574fb7c781998ba31eb876e7f0800669.jpg","contentUrl":"https:\/\/www.webdo.tn\/fr\/wp-content\/uploads\/2024\/01\/574fb7c781998ba31eb876e7f0800669.jpg","width":750,"height":400,"caption":"Davos, est-ce le voyage de trop !?"},{"@type":"BreadcrumbList","@id":"https:\/\/www.webdo.tn\/fr\/actualite\/national\/davos-est-ce-le-voyage-de-trop\/211747\/#breadcrumb","itemListElement":[{"@type":"ListItem","position":1,"name":"Accueil","item":"https:\/\/www.webdo.tn\/fr\/"},{"@type":"ListItem","position":2,"name":"Davos, est-ce le voyage de trop !?"}]},{"@type":"WebSite","@id":"https:\/\/www.webdo.tn\/fr\/#website","url":"https:\/\/www.webdo.tn\/fr\/","name":"webdo","description":"Tunisie - News en Tunisie et \u00e0 l&#039;international sur Webdo.tn","publisher":{"@id":"https:\/\/www.webdo.tn\/fr\/#organization"},"potentialAction":[{"@type":"SearchAction","target":{"@type":"EntryPoint","urlTemplate":"https:\/\/www.webdo.tn\/fr\/?s={search_term_string}"},"query-input":{"@type":"PropertyValueSpecification","valueRequired":true,"valueName":"search_term_string"}}],"inLanguage":"fr-FR"},{"@type":"Organization","@id":"https:\/\/www.webdo.tn\/fr\/#organization","name":"Webdo","alternateName":"Webdo.tn","url":"https:\/\/www.webdo.tn\/fr\/","logo":{"@type":"ImageObject","inLanguage":"fr-FR","@id":"https:\/\/www.webdo.tn\/fr\/#\/schema\/logo\/image\/","url":"https:\/\/www.webdo.tn\/fr\/wp-content\/uploads\/2025\/06\/Webdo-Tunisie_168377.jpg","contentUrl":"https:\/\/www.webdo.tn\/fr\/wp-content\/uploads\/2025\/06\/Webdo-Tunisie_168377.jpg","width":301,"height":301,"caption":"Webdo"},"image":{"@id":"https:\/\/www.webdo.tn\/fr\/#\/schema\/logo\/image\/"},"sameAs":["https:\/\/www.facebook.com\/webdotn","https:\/\/x.com\/webdo_tn"],"description":"Webdo est un m\u00e9dia num\u00e9rique tunisien fond\u00e9 en 2010, sp\u00e9cialis\u00e9 dans l\u2019actualit\u00e9 nationale et internationale, l\u2019\u00e9conomie, la soci\u00e9t\u00e9 et les analyses politiques. Le site s\u2019adresse \u00e0 un large public francophone et couvre l\u2019information tunisienne en temps r\u00e9el.","email":"redac@webdo.tn","legalName":"YNJ SARL","foundingDate":"2010-09-06","numberOfEmployees":{"@type":"QuantitativeValue","minValue":"11","maxValue":"50"}},{"@type":"Person","@id":"https:\/\/www.webdo.tn\/fr\/#\/schema\/person\/1f4e491e0907b413d61089e8eb573acc","name":"Webdo","image":{"@type":"ImageObject","inLanguage":"fr-FR","@id":"https:\/\/secure.gravatar.com\/avatar\/de97aeec1bb80978a9dbb127e47dfc88aaacb2f3c29aac907d8d3222e3495d49?s=96&d=mm&r=g","url":"https:\/\/secure.gravatar.com\/avatar\/de97aeec1bb80978a9dbb127e47dfc88aaacb2f3c29aac907d8d3222e3495d49?s=96&d=mm&r=g","contentUrl":"https:\/\/secure.gravatar.com\/avatar\/de97aeec1bb80978a9dbb127e47dfc88aaacb2f3c29aac907d8d3222e3495d49?s=96&d=mm&r=g","caption":"Webdo"},"url":"https:\/\/www.webdo.tn\/fr\/actualite\/author\/webdo\/"}]}},"_links":{"self":[{"href":"https:\/\/www.webdo.tn\/fr\/wp-json\/wp\/v2\/posts\/211747","targetHints":{"allow":["GET"]}}],"collection":[{"href":"https:\/\/www.webdo.tn\/fr\/wp-json\/wp\/v2\/posts"}],"about":[{"href":"https:\/\/www.webdo.tn\/fr\/wp-json\/wp\/v2\/types\/post"}],"author":[{"embeddable":true,"href":"https:\/\/www.webdo.tn\/fr\/wp-json\/wp\/v2\/users\/3169"}],"replies":[{"embeddable":true,"href":"https:\/\/www.webdo.tn\/fr\/wp-json\/wp\/v2\/comments?post=211747"}],"version-history":[{"count":0,"href":"https:\/\/www.webdo.tn\/fr\/wp-json\/wp\/v2\/posts\/211747\/revisions"}],"wp:featuredmedia":[{"embeddable":true,"href":"https:\/\/www.webdo.tn\/fr\/wp-json\/wp\/v2\/media\/248192"}],"wp:attachment":[{"href":"https:\/\/www.webdo.tn\/fr\/wp-json\/wp\/v2\/media?parent=211747"}],"wp:term":[{"taxonomy":"category","embeddable":true,"href":"https:\/\/www.webdo.tn\/fr\/wp-json\/wp\/v2\/categories?post=211747"},{"taxonomy":"post_tag","embeddable":true,"href":"https:\/\/www.webdo.tn\/fr\/wp-json\/wp\/v2\/tags?post=211747"}],"curies":[{"name":"wp","href":"https:\/\/api.w.org\/{rel}","templated":true}]}}