{"id":211727,"date":"2024-01-22T14:55:00","date_gmt":"2024-01-22T14:55:00","guid":{"rendered":"https:\/\/www.webdo.tn\/fr\/blog\/tunisie-decaissement-de-la-deuxieme-tranche-des-augmentations-pour-340-mille-retraites-du-public\/211727\/"},"modified":"2025-05-20T21:53:40","modified_gmt":"2025-05-20T21:53:40","slug":"tunisie-decaissement-de-la-deuxieme-tranche-des-augmentations-pour-340-mille-retraites-du-public","status":"publish","type":"post","link":"https:\/\/www.webdo.tn\/fr\/actualite\/national\/tunisie-decaissement-de-la-deuxieme-tranche-des-augmentations-pour-340-mille-retraites-du-public\/211727\/","title":{"rendered":"Tunisie : D\u00e9caissement de la deuxi\u00e8me tranche des augmentations pour 340 mille retrait\u00e9s du public"},"content":{"rendered":"<p>Abdelkader Nasri, secr\u00e9taire g\u00e9n\u00e9ral de la F\u00e9d\u00e9ration des retrait\u00e9s, a confirm\u00e9 que la deuxi\u00e8me tranche concernant les augmentations des retrait\u00e9s de la fonction et du secteur publics, seront vers\u00e9s prochainement.<\/p>\n<p>\t\t\t\t\t\t\t\t\tIl a indiqu\u00e9, dans une d\u00e9claration accord\u00e9e \u00e0 Webdo, ce lundi 22 janvier 2024, que la deuxi\u00e8me tranche des augmentations sera vers\u00e9e avec la pension du mois de janvier en ce qui concerne les retrait\u00e9s de la fonction publique. Les retrait\u00e9s du secteur public, percevront, quant \u00e0 eux, cette deuxi\u00e8me tranche avec leur pension de f\u00e9vrier 2024, en plus d\u2019un rappel pour le mois de janvier.<\/p>\n<p>Le secr\u00e9taire g\u00e9n\u00e9ral de la F\u00e9d\u00e9ration des retrait\u00e9s a pr\u00e9cis\u00e9 que cette augmentation concerne plus de 340 mille retrait\u00e9s, dont 280 mille dans la fonction publique et environ 60 mille dans le secteur public, c&rsquo;est-\u00e0-dire les \u00e9tablissements et institutions publics.<\/p>\n<p>D&rsquo;autre part, concernant les retrait\u00e9s du secteur priv\u00e9, Nasri souligne que la F\u00e9d\u00e9ration a envoy\u00e9 une correspondance aux autorit\u00e9s comp\u00e9tentes afin d\u2019activer les augmentations pour les retrait\u00e9s du secteur priv\u00e9. Cette correspondance est toujours sans r\u00e9ponse, indique-t-il.<\/p>\n<p>Il pr\u00e9cise \u00e9galement que la F\u00e9d\u00e9ration a renouvel\u00e9 sa revendication sur la n\u00e9cessit\u00e9 d&rsquo;augmenter le salaire minimum garanti, en plus d&rsquo;appeler le gouvernement \u00e0 abroger la loi n\u00b043 de 2007 relative aux retrait\u00e9s, conform\u00e9ment \u00e0 la d\u00e9cision temporaire du Pr\u00e9sident de la R\u00e9publique dans la circulaire n\u00b043 de 2007 relative aux retrait\u00e9s, qui pr\u00e9voit l\u2019arr\u00eat de la d\u00e9duction.<\/p>\n<p>A cet \u00e9gard, il convient de noter que la F\u00e9d\u00e9ration g\u00e9n\u00e9rale des retrait\u00e9s avait publi\u00e9 le 10 janvier dernier une d\u00e9claration dans laquelle elle appelait le gouvernement \u00e0 augmenter le salaire minimum garanti et \u00e0 respecter sa p\u00e9riodicit\u00e9 pour assurer l&rsquo;ajustement de la pension du secteur priv\u00e9.<\/p>\n","protected":false},"excerpt":{"rendered":"<p>Abdelkader Nasri, secr\u00e9taire g\u00e9n\u00e9ral de la F\u00e9d\u00e9ration des retrait\u00e9s, a confirm\u00e9 que la deuxi\u00e8me tranche concernant les augmentations des retrait\u00e9s de la fonctio&#8230;<\/p>\n","protected":false},"author":3162,"featured_media":248182,"comment_status":"open","ping_status":"closed","sticky":false,"template":"","format":"standard","meta":{"footnotes":""},"categories":[44],"tags":[4682,3467,6246,6245,4342],"class_list":["post-211727","post","type-post","status-publish","format-standard","has-post-thumbnail","hentry","category-national","tag-augmentation","tag-fonction-publique","tag-pension","tag-retraite","tag-secteur-public"],"yoast_head":"<!-- This site is optimized with the Yoast SEO Premium plugin v27.4 (Yoast SEO v27.5) - https:\/\/yoast.com\/product\/yoast-seo-premium-wordpress\/ -->\n<title>Tunisie : D\u00e9caissement de la deuxi\u00e8me tranche des augmentations pour 340 mille retrait\u00e9s du public<\/title>\n<meta name=\"description\" content=\"Abdelkader Nasri, secr\u00e9taire g\u00e9n\u00e9ral de la F\u00e9d\u00e9ration des retrait\u00e9s, a confirm\u00e9 que la deuxi\u00e8me tranche concernant les augmentations des retrait\u00e9s de la fonctio...\" \/>\n<link rel=\"canonical\" href=\"https:\/\/www.webdo.tn\/fr\/actualite\/national\/tunisie-decaissement-de-la-deuxieme-tranche-des-augmentations-pour-340-mille-retraites-du-public\/211727\/\" \/>\n<meta property=\"og:locale\" content=\"fr_FR\" \/>\n<meta property=\"og:type\" content=\"article\" \/>\n<meta property=\"og:title\" content=\"Tunisie : D\u00e9caissement de la deuxi\u00e8me tranche des augmentations pour 340 mille retrait\u00e9s du public\" \/>\n<meta property=\"og:description\" content=\"Abdelkader Nasri, secr\u00e9taire g\u00e9n\u00e9ral de la F\u00e9d\u00e9ration des retrait\u00e9s, a confirm\u00e9 que la deuxi\u00e8me tranche concernant les augmentations des retrait\u00e9s de la fonctio...\" \/>\n<meta property=\"og:url\" content=\"https:\/\/www.webdo.tn\/fr\/actualite\/national\/tunisie-decaissement-de-la-deuxieme-tranche-des-augmentations-pour-340-mille-retraites-du-public\/211727\/\" \/>\n<meta property=\"og:site_name\" content=\"webdo\" \/>\n<meta property=\"article:publisher\" content=\"https:\/\/www.facebook.com\/webdotn\" \/>\n<meta property=\"article:published_time\" content=\"2024-01-22T14:55:00+00:00\" \/>\n<meta property=\"article:modified_time\" content=\"2025-05-20T21:53:40+00:00\" \/>\n<meta property=\"og:image\" content=\"https:\/\/www.webdo.tn\/fr\/wp-content\/uploads\/2024\/01\/cf323724c56d42651ec299751b7c1101.jpeg\" \/>\n\t<meta property=\"og:image:width\" content=\"591\" \/>\n\t<meta property=\"og:image:height\" content=\"315\" \/>\n\t<meta property=\"og:image:type\" content=\"image\/jpeg\" \/>\n<meta name=\"author\" content=\"MC\" \/>\n<meta name=\"twitter:card\" content=\"summary_large_image\" \/>\n<meta name=\"twitter:creator\" content=\"@webdo_tn\" \/>\n<meta name=\"twitter:site\" content=\"@webdo_tn\" \/>\n<meta name=\"twitter:label1\" content=\"\u00c9crit par\" \/>\n\t<meta name=\"twitter:data1\" content=\"MC\" \/>\n\t<meta name=\"twitter:label2\" content=\"Dur\u00e9e de lecture estim\u00e9e\" \/>\n\t<meta name=\"twitter:data2\" content=\"2 minutes\" \/>\n<script type=\"application\/ld+json\" class=\"yoast-schema-graph\">{\"@context\":\"https:\\\/\\\/schema.org\",\"@graph\":[{\"@type\":\"NewsArticle\",\"@id\":\"https:\\\/\\\/www.webdo.tn\\\/fr\\\/actualite\\\/national\\\/tunisie-decaissement-de-la-deuxieme-tranche-des-augmentations-pour-340-mille-retraites-du-public\\\/211727\\\/#article\",\"isPartOf\":{\"@id\":\"https:\\\/\\\/www.webdo.tn\\\/fr\\\/actualite\\\/national\\\/tunisie-decaissement-de-la-deuxieme-tranche-des-augmentations-pour-340-mille-retraites-du-public\\\/211727\\\/\"},\"author\":{\"name\":\"MC\",\"@id\":\"https:\\\/\\\/www.webdo.tn\\\/fr\\\/#\\\/schema\\\/person\\\/2c4929cbf5a809e3bd38617c6ce150f6\"},\"headline\":\"Tunisie : D\u00e9caissement de la deuxi\u00e8me tranche des augmentations pour 340 mille retrait\u00e9s du public\",\"datePublished\":\"2024-01-22T14:55:00+00:00\",\"dateModified\":\"2025-05-20T21:53:40+00:00\",\"mainEntityOfPage\":{\"@id\":\"https:\\\/\\\/www.webdo.tn\\\/fr\\\/actualite\\\/national\\\/tunisie-decaissement-de-la-deuxieme-tranche-des-augmentations-pour-340-mille-retraites-du-public\\\/211727\\\/\"},\"wordCount\":340,\"commentCount\":0,\"publisher\":{\"@id\":\"https:\\\/\\\/www.webdo.tn\\\/fr\\\/#organization\"},\"image\":{\"@id\":\"https:\\\/\\\/www.webdo.tn\\\/fr\\\/actualite\\\/national\\\/tunisie-decaissement-de-la-deuxieme-tranche-des-augmentations-pour-340-mille-retraites-du-public\\\/211727\\\/#primaryimage\"},\"thumbnailUrl\":\"https:\\\/\\\/www.webdo.tn\\\/fr\\\/wp-content\\\/uploads\\\/2024\\\/01\\\/cf323724c56d42651ec299751b7c1101.jpeg\",\"keywords\":[\"Augmentation\",\"fonction publique\",\"pension\",\"retraite\",\"secteur public\"],\"articleSection\":[\"National\"],\"inLanguage\":\"fr-FR\"},{\"@type\":\"WebPage\",\"@id\":\"https:\\\/\\\/www.webdo.tn\\\/fr\\\/actualite\\\/national\\\/tunisie-decaissement-de-la-deuxieme-tranche-des-augmentations-pour-340-mille-retraites-du-public\\\/211727\\\/\",\"url\":\"https:\\\/\\\/www.webdo.tn\\\/fr\\\/actualite\\\/national\\\/tunisie-decaissement-de-la-deuxieme-tranche-des-augmentations-pour-340-mille-retraites-du-public\\\/211727\\\/\",\"name\":\"Tunisie : D\u00e9caissement de la deuxi\u00e8me tranche des augmentations pour 340 mille retrait\u00e9s du public\",\"isPartOf\":{\"@id\":\"https:\\\/\\\/www.webdo.tn\\\/fr\\\/#website\"},\"primaryImageOfPage\":{\"@id\":\"https:\\\/\\\/www.webdo.tn\\\/fr\\\/actualite\\\/national\\\/tunisie-decaissement-de-la-deuxieme-tranche-des-augmentations-pour-340-mille-retraites-du-public\\\/211727\\\/#primaryimage\"},\"image\":{\"@id\":\"https:\\\/\\\/www.webdo.tn\\\/fr\\\/actualite\\\/national\\\/tunisie-decaissement-de-la-deuxieme-tranche-des-augmentations-pour-340-mille-retraites-du-public\\\/211727\\\/#primaryimage\"},\"thumbnailUrl\":\"https:\\\/\\\/www.webdo.tn\\\/fr\\\/wp-content\\\/uploads\\\/2024\\\/01\\\/cf323724c56d42651ec299751b7c1101.jpeg\",\"datePublished\":\"2024-01-22T14:55:00+00:00\",\"dateModified\":\"2025-05-20T21:53:40+00:00\",\"description\":\"Abdelkader Nasri, secr\u00e9taire g\u00e9n\u00e9ral de la F\u00e9d\u00e9ration des retrait\u00e9s, a confirm\u00e9 que la deuxi\u00e8me tranche concernant les augmentations des retrait\u00e9s de la fonctio...\",\"breadcrumb\":{\"@id\":\"https:\\\/\\\/www.webdo.tn\\\/fr\\\/actualite\\\/national\\\/tunisie-decaissement-de-la-deuxieme-tranche-des-augmentations-pour-340-mille-retraites-du-public\\\/211727\\\/#breadcrumb\"},\"inLanguage\":\"fr-FR\",\"potentialAction\":[{\"@type\":\"ReadAction\",\"target\":[\"https:\\\/\\\/www.webdo.tn\\\/fr\\\/actualite\\\/national\\\/tunisie-decaissement-de-la-deuxieme-tranche-des-augmentations-pour-340-mille-retraites-du-public\\\/211727\\\/\"]}]},{\"@type\":\"ImageObject\",\"inLanguage\":\"fr-FR\",\"@id\":\"https:\\\/\\\/www.webdo.tn\\\/fr\\\/actualite\\\/national\\\/tunisie-decaissement-de-la-deuxieme-tranche-des-augmentations-pour-340-mille-retraites-du-public\\\/211727\\\/#primaryimage\",\"url\":\"https:\\\/\\\/www.webdo.tn\\\/fr\\\/wp-content\\\/uploads\\\/2024\\\/01\\\/cf323724c56d42651ec299751b7c1101.jpeg\",\"contentUrl\":\"https:\\\/\\\/www.webdo.tn\\\/fr\\\/wp-content\\\/uploads\\\/2024\\\/01\\\/cf323724c56d42651ec299751b7c1101.jpeg\",\"width\":591,\"height\":315,\"caption\":\"Tunisie : D\u00e9caissement de la deuxi\u00e8me tranche des augmentations pour 340 mille retrait\u00e9s du public\"},{\"@type\":\"BreadcrumbList\",\"@id\":\"https:\\\/\\\/www.webdo.tn\\\/fr\\\/actualite\\\/national\\\/tunisie-decaissement-de-la-deuxieme-tranche-des-augmentations-pour-340-mille-retraites-du-public\\\/211727\\\/#breadcrumb\",\"itemListElement\":[{\"@type\":\"ListItem\",\"position\":1,\"name\":\"Accueil\",\"item\":\"https:\\\/\\\/www.webdo.tn\\\/fr\\\/\"},{\"@type\":\"ListItem\",\"position\":2,\"name\":\"Tunisie : D\u00e9caissement de la deuxi\u00e8me tranche des augmentations pour 340 mille retrait\u00e9s du public\"}]},{\"@type\":\"WebSite\",\"@id\":\"https:\\\/\\\/www.webdo.tn\\\/fr\\\/#website\",\"url\":\"https:\\\/\\\/www.webdo.tn\\\/fr\\\/\",\"name\":\"webdo\",\"description\":\"Tunisie - News en Tunisie et \u00e0 l&#039;international sur Webdo.tn\",\"publisher\":{\"@id\":\"https:\\\/\\\/www.webdo.tn\\\/fr\\\/#organization\"},\"potentialAction\":[{\"@type\":\"SearchAction\",\"target\":{\"@type\":\"EntryPoint\",\"urlTemplate\":\"https:\\\/\\\/www.webdo.tn\\\/fr\\\/?s={search_term_string}\"},\"query-input\":{\"@type\":\"PropertyValueSpecification\",\"valueRequired\":true,\"valueName\":\"search_term_string\"}}],\"inLanguage\":\"fr-FR\"},{\"@type\":\"Organization\",\"@id\":\"https:\\\/\\\/www.webdo.tn\\\/fr\\\/#organization\",\"name\":\"Webdo\",\"alternateName\":\"Webdo.tn\",\"url\":\"https:\\\/\\\/www.webdo.tn\\\/fr\\\/\",\"logo\":{\"@type\":\"ImageObject\",\"inLanguage\":\"fr-FR\",\"@id\":\"https:\\\/\\\/www.webdo.tn\\\/fr\\\/#\\\/schema\\\/logo\\\/image\\\/\",\"url\":\"https:\\\/\\\/www.webdo.tn\\\/fr\\\/wp-content\\\/uploads\\\/2025\\\/06\\\/Webdo-Tunisie_168377.jpg\",\"contentUrl\":\"https:\\\/\\\/www.webdo.tn\\\/fr\\\/wp-content\\\/uploads\\\/2025\\\/06\\\/Webdo-Tunisie_168377.jpg\",\"width\":301,\"height\":301,\"caption\":\"Webdo\"},\"image\":{\"@id\":\"https:\\\/\\\/www.webdo.tn\\\/fr\\\/#\\\/schema\\\/logo\\\/image\\\/\"},\"sameAs\":[\"https:\\\/\\\/www.facebook.com\\\/webdotn\",\"https:\\\/\\\/x.com\\\/webdo_tn\"],\"description\":\"Webdo est un m\u00e9dia num\u00e9rique tunisien fond\u00e9 en 2010, sp\u00e9cialis\u00e9 dans l\u2019actualit\u00e9 nationale et internationale, l\u2019\u00e9conomie, la soci\u00e9t\u00e9 et les analyses politiques. Le site s\u2019adresse \u00e0 un large public francophone et couvre l\u2019information tunisienne en temps r\u00e9el.\",\"email\":\"redac@webdo.tn\",\"legalName\":\"YNJ SARL\",\"foundingDate\":\"2010-09-06\",\"numberOfEmployees\":{\"@type\":\"QuantitativeValue\",\"minValue\":\"11\",\"maxValue\":\"50\"}},{\"@type\":\"Person\",\"@id\":\"https:\\\/\\\/www.webdo.tn\\\/fr\\\/#\\\/schema\\\/person\\\/2c4929cbf5a809e3bd38617c6ce150f6\",\"name\":\"MC\",\"image\":{\"@type\":\"ImageObject\",\"inLanguage\":\"fr-FR\",\"@id\":\"https:\\\/\\\/secure.gravatar.com\\\/avatar\\\/a545bbb6f84efdd5553dbbc2895e3ca8f1d12c5215e00a041c9670b54aa9b18a?s=96&d=mm&r=g\",\"url\":\"https:\\\/\\\/secure.gravatar.com\\\/avatar\\\/a545bbb6f84efdd5553dbbc2895e3ca8f1d12c5215e00a041c9670b54aa9b18a?s=96&d=mm&r=g\",\"contentUrl\":\"https:\\\/\\\/secure.gravatar.com\\\/avatar\\\/a545bbb6f84efdd5553dbbc2895e3ca8f1d12c5215e00a041c9670b54aa9b18a?s=96&d=mm&r=g\",\"caption\":\"MC\"},\"url\":\"https:\\\/\\\/www.webdo.tn\\\/fr\\\/actualite\\\/author\\\/mc\\\/\"}]}<\/script>\n<!-- \/ Yoast SEO Premium plugin. -->","yoast_head_json":{"title":"Tunisie : D\u00e9caissement de la deuxi\u00e8me tranche des augmentations pour 340 mille retrait\u00e9s du public","description":"Abdelkader Nasri, secr\u00e9taire g\u00e9n\u00e9ral de la F\u00e9d\u00e9ration des retrait\u00e9s, a confirm\u00e9 que la deuxi\u00e8me tranche concernant les augmentations des retrait\u00e9s de la fonctio...","canonical":"https:\/\/www.webdo.tn\/fr\/actualite\/national\/tunisie-decaissement-de-la-deuxieme-tranche-des-augmentations-pour-340-mille-retraites-du-public\/211727\/","og_locale":"fr_FR","og_type":"article","og_title":"Tunisie : D\u00e9caissement de la deuxi\u00e8me tranche des augmentations pour 340 mille retrait\u00e9s du public","og_description":"Abdelkader Nasri, secr\u00e9taire g\u00e9n\u00e9ral de la F\u00e9d\u00e9ration des retrait\u00e9s, a confirm\u00e9 que la deuxi\u00e8me tranche concernant les augmentations des retrait\u00e9s de la fonctio...","og_url":"https:\/\/www.webdo.tn\/fr\/actualite\/national\/tunisie-decaissement-de-la-deuxieme-tranche-des-augmentations-pour-340-mille-retraites-du-public\/211727\/","og_site_name":"webdo","article_publisher":"https:\/\/www.facebook.com\/webdotn","article_published_time":"2024-01-22T14:55:00+00:00","article_modified_time":"2025-05-20T21:53:40+00:00","og_image":[{"width":591,"height":315,"url":"https:\/\/www.webdo.tn\/fr\/wp-content\/uploads\/2024\/01\/cf323724c56d42651ec299751b7c1101.jpeg","type":"image\/jpeg"}],"author":"MC","twitter_card":"summary_large_image","twitter_creator":"@webdo_tn","twitter_site":"@webdo_tn","twitter_misc":{"\u00c9crit par":"MC","Dur\u00e9e de lecture estim\u00e9e":"2 minutes"},"schema":{"@context":"https:\/\/schema.org","@graph":[{"@type":"NewsArticle","@id":"https:\/\/www.webdo.tn\/fr\/actualite\/national\/tunisie-decaissement-de-la-deuxieme-tranche-des-augmentations-pour-340-mille-retraites-du-public\/211727\/#article","isPartOf":{"@id":"https:\/\/www.webdo.tn\/fr\/actualite\/national\/tunisie-decaissement-de-la-deuxieme-tranche-des-augmentations-pour-340-mille-retraites-du-public\/211727\/"},"author":{"name":"MC","@id":"https:\/\/www.webdo.tn\/fr\/#\/schema\/person\/2c4929cbf5a809e3bd38617c6ce150f6"},"headline":"Tunisie : D\u00e9caissement de la deuxi\u00e8me tranche des augmentations pour 340 mille retrait\u00e9s du public","datePublished":"2024-01-22T14:55:00+00:00","dateModified":"2025-05-20T21:53:40+00:00","mainEntityOfPage":{"@id":"https:\/\/www.webdo.tn\/fr\/actualite\/national\/tunisie-decaissement-de-la-deuxieme-tranche-des-augmentations-pour-340-mille-retraites-du-public\/211727\/"},"wordCount":340,"commentCount":0,"publisher":{"@id":"https:\/\/www.webdo.tn\/fr\/#organization"},"image":{"@id":"https:\/\/www.webdo.tn\/fr\/actualite\/national\/tunisie-decaissement-de-la-deuxieme-tranche-des-augmentations-pour-340-mille-retraites-du-public\/211727\/#primaryimage"},"thumbnailUrl":"https:\/\/www.webdo.tn\/fr\/wp-content\/uploads\/2024\/01\/cf323724c56d42651ec299751b7c1101.jpeg","keywords":["Augmentation","fonction publique","pension","retraite","secteur public"],"articleSection":["National"],"inLanguage":"fr-FR"},{"@type":"WebPage","@id":"https:\/\/www.webdo.tn\/fr\/actualite\/national\/tunisie-decaissement-de-la-deuxieme-tranche-des-augmentations-pour-340-mille-retraites-du-public\/211727\/","url":"https:\/\/www.webdo.tn\/fr\/actualite\/national\/tunisie-decaissement-de-la-deuxieme-tranche-des-augmentations-pour-340-mille-retraites-du-public\/211727\/","name":"Tunisie : D\u00e9caissement de la deuxi\u00e8me tranche des augmentations pour 340 mille retrait\u00e9s du public","isPartOf":{"@id":"https:\/\/www.webdo.tn\/fr\/#website"},"primaryImageOfPage":{"@id":"https:\/\/www.webdo.tn\/fr\/actualite\/national\/tunisie-decaissement-de-la-deuxieme-tranche-des-augmentations-pour-340-mille-retraites-du-public\/211727\/#primaryimage"},"image":{"@id":"https:\/\/www.webdo.tn\/fr\/actualite\/national\/tunisie-decaissement-de-la-deuxieme-tranche-des-augmentations-pour-340-mille-retraites-du-public\/211727\/#primaryimage"},"thumbnailUrl":"https:\/\/www.webdo.tn\/fr\/wp-content\/uploads\/2024\/01\/cf323724c56d42651ec299751b7c1101.jpeg","datePublished":"2024-01-22T14:55:00+00:00","dateModified":"2025-05-20T21:53:40+00:00","description":"Abdelkader Nasri, secr\u00e9taire g\u00e9n\u00e9ral de la F\u00e9d\u00e9ration des retrait\u00e9s, a confirm\u00e9 que la deuxi\u00e8me tranche concernant les augmentations des retrait\u00e9s de la fonctio...","breadcrumb":{"@id":"https:\/\/www.webdo.tn\/fr\/actualite\/national\/tunisie-decaissement-de-la-deuxieme-tranche-des-augmentations-pour-340-mille-retraites-du-public\/211727\/#breadcrumb"},"inLanguage":"fr-FR","potentialAction":[{"@type":"ReadAction","target":["https:\/\/www.webdo.tn\/fr\/actualite\/national\/tunisie-decaissement-de-la-deuxieme-tranche-des-augmentations-pour-340-mille-retraites-du-public\/211727\/"]}]},{"@type":"ImageObject","inLanguage":"fr-FR","@id":"https:\/\/www.webdo.tn\/fr\/actualite\/national\/tunisie-decaissement-de-la-deuxieme-tranche-des-augmentations-pour-340-mille-retraites-du-public\/211727\/#primaryimage","url":"https:\/\/www.webdo.tn\/fr\/wp-content\/uploads\/2024\/01\/cf323724c56d42651ec299751b7c1101.jpeg","contentUrl":"https:\/\/www.webdo.tn\/fr\/wp-content\/uploads\/2024\/01\/cf323724c56d42651ec299751b7c1101.jpeg","width":591,"height":315,"caption":"Tunisie : D\u00e9caissement de la deuxi\u00e8me tranche des augmentations pour 340 mille retrait\u00e9s du public"},{"@type":"BreadcrumbList","@id":"https:\/\/www.webdo.tn\/fr\/actualite\/national\/tunisie-decaissement-de-la-deuxieme-tranche-des-augmentations-pour-340-mille-retraites-du-public\/211727\/#breadcrumb","itemListElement":[{"@type":"ListItem","position":1,"name":"Accueil","item":"https:\/\/www.webdo.tn\/fr\/"},{"@type":"ListItem","position":2,"name":"Tunisie : D\u00e9caissement de la deuxi\u00e8me tranche des augmentations pour 340 mille retrait\u00e9s du public"}]},{"@type":"WebSite","@id":"https:\/\/www.webdo.tn\/fr\/#website","url":"https:\/\/www.webdo.tn\/fr\/","name":"webdo","description":"Tunisie - News en Tunisie et \u00e0 l&#039;international sur Webdo.tn","publisher":{"@id":"https:\/\/www.webdo.tn\/fr\/#organization"},"potentialAction":[{"@type":"SearchAction","target":{"@type":"EntryPoint","urlTemplate":"https:\/\/www.webdo.tn\/fr\/?s={search_term_string}"},"query-input":{"@type":"PropertyValueSpecification","valueRequired":true,"valueName":"search_term_string"}}],"inLanguage":"fr-FR"},{"@type":"Organization","@id":"https:\/\/www.webdo.tn\/fr\/#organization","name":"Webdo","alternateName":"Webdo.tn","url":"https:\/\/www.webdo.tn\/fr\/","logo":{"@type":"ImageObject","inLanguage":"fr-FR","@id":"https:\/\/www.webdo.tn\/fr\/#\/schema\/logo\/image\/","url":"https:\/\/www.webdo.tn\/fr\/wp-content\/uploads\/2025\/06\/Webdo-Tunisie_168377.jpg","contentUrl":"https:\/\/www.webdo.tn\/fr\/wp-content\/uploads\/2025\/06\/Webdo-Tunisie_168377.jpg","width":301,"height":301,"caption":"Webdo"},"image":{"@id":"https:\/\/www.webdo.tn\/fr\/#\/schema\/logo\/image\/"},"sameAs":["https:\/\/www.facebook.com\/webdotn","https:\/\/x.com\/webdo_tn"],"description":"Webdo est un m\u00e9dia num\u00e9rique tunisien fond\u00e9 en 2010, sp\u00e9cialis\u00e9 dans l\u2019actualit\u00e9 nationale et internationale, l\u2019\u00e9conomie, la soci\u00e9t\u00e9 et les analyses politiques. Le site s\u2019adresse \u00e0 un large public francophone et couvre l\u2019information tunisienne en temps r\u00e9el.","email":"redac@webdo.tn","legalName":"YNJ SARL","foundingDate":"2010-09-06","numberOfEmployees":{"@type":"QuantitativeValue","minValue":"11","maxValue":"50"}},{"@type":"Person","@id":"https:\/\/www.webdo.tn\/fr\/#\/schema\/person\/2c4929cbf5a809e3bd38617c6ce150f6","name":"MC","image":{"@type":"ImageObject","inLanguage":"fr-FR","@id":"https:\/\/secure.gravatar.com\/avatar\/a545bbb6f84efdd5553dbbc2895e3ca8f1d12c5215e00a041c9670b54aa9b18a?s=96&d=mm&r=g","url":"https:\/\/secure.gravatar.com\/avatar\/a545bbb6f84efdd5553dbbc2895e3ca8f1d12c5215e00a041c9670b54aa9b18a?s=96&d=mm&r=g","contentUrl":"https:\/\/secure.gravatar.com\/avatar\/a545bbb6f84efdd5553dbbc2895e3ca8f1d12c5215e00a041c9670b54aa9b18a?s=96&d=mm&r=g","caption":"MC"},"url":"https:\/\/www.webdo.tn\/fr\/actualite\/author\/mc\/"}]}},"_links":{"self":[{"href":"https:\/\/www.webdo.tn\/fr\/wp-json\/wp\/v2\/posts\/211727","targetHints":{"allow":["GET"]}}],"collection":[{"href":"https:\/\/www.webdo.tn\/fr\/wp-json\/wp\/v2\/posts"}],"about":[{"href":"https:\/\/www.webdo.tn\/fr\/wp-json\/wp\/v2\/types\/post"}],"author":[{"embeddable":true,"href":"https:\/\/www.webdo.tn\/fr\/wp-json\/wp\/v2\/users\/3162"}],"replies":[{"embeddable":true,"href":"https:\/\/www.webdo.tn\/fr\/wp-json\/wp\/v2\/comments?post=211727"}],"version-history":[{"count":0,"href":"https:\/\/www.webdo.tn\/fr\/wp-json\/wp\/v2\/posts\/211727\/revisions"}],"wp:featuredmedia":[{"embeddable":true,"href":"https:\/\/www.webdo.tn\/fr\/wp-json\/wp\/v2\/media\/248182"}],"wp:attachment":[{"href":"https:\/\/www.webdo.tn\/fr\/wp-json\/wp\/v2\/media?parent=211727"}],"wp:term":[{"taxonomy":"category","embeddable":true,"href":"https:\/\/www.webdo.tn\/fr\/wp-json\/wp\/v2\/categories?post=211727"},{"taxonomy":"post_tag","embeddable":true,"href":"https:\/\/www.webdo.tn\/fr\/wp-json\/wp\/v2\/tags?post=211727"}],"curies":[{"name":"wp","href":"https:\/\/api.w.org\/{rel}","templated":true}]}}