{"id":211713,"date":"2024-01-22T10:46:00","date_gmt":"2024-01-22T10:46:00","guid":{"rendered":"https:\/\/www.webdo.tn\/fr\/blog\/tunisie-un-paquebot-devant-relier-l-italie-fait-demi-tour\/211713\/"},"modified":"2025-05-20T22:11:30","modified_gmt":"2025-05-20T22:11:30","slug":"tunisie-un-paquebot-devant-relier-l-italie-fait-demi-tour","status":"publish","type":"post","link":"https:\/\/www.webdo.tn\/fr\/actualite\/divers\/tunisie-un-paquebot-devant-relier-l-italie-fait-demi-tour\/211713\/","title":{"rendered":"Tunisie : Un paquebot devant relier l\u2019Italie fait demi-tour"},"content":{"rendered":"<p>Un navire de croisi\u00e8re de la compagnie GNV a d\u00fb faire demi-tour et revenir au port de la Goulette \u00e0 cause de quatre jeunes migrants irr\u00e9guliers.<\/p>\n<p>\t\t\t\t\t\t\t\t\tLe paquebot avait quitt\u00e9 le port de la Goulette dans la soir\u00e9e de dimanche 21 janvier 2024 vers 20h30, mais apr\u00e8s avoir navigu\u00e9 pendant environ une heure et demi il a fait demi-tour.<\/p>\n<p>L&rsquo;\u00e9quipe de s\u00e9curit\u00e9 \u00e0 bord du navire a d\u00e9couvert la pr\u00e9sence de quatre jeunes hommes cach\u00e9s dans l&rsquo;un des entrep\u00f4ts alimentaires apr\u00e8s s\u2019y \u00eatre secr\u00e8tement infiltr\u00e9s avec l&rsquo;intention d&rsquo;atteindre l&rsquo;Italie, rapporte la radio IFM.<\/p>\n<p>Le capitaine du navire a donc d\u00e9cid\u00e9 de retourner en Tunisie pour les remettre aux unit\u00e9s de s\u00e9curit\u00e9.<\/p>\n","protected":false},"excerpt":{"rendered":"<p>Le paquebot avait quitt\u00e9 le port de la Goulette dans la soir\u00e9e de dimanche 21 janvier 2024 vers 20h30, mais apr\u00e8s avoir navigu\u00e9 pendant environ une heure et dem&#8230;<\/p>\n","protected":false},"author":3162,"featured_media":290110,"comment_status":"open","ping_status":"closed","sticky":false,"template":"","format":"standard","meta":{"footnotes":""},"categories":[2839],"tags":[9526,3958,2894,4282],"class_list":["post-211713","post","type-post","status-publish","format-standard","has-post-thumbnail","hentry","category-divers","tag-gnv","tag-la-goulette","tag-migrants","tag-navire"],"yoast_head":"<!-- This site is optimized with the Yoast SEO Premium plugin v27.4 (Yoast SEO v27.5) - https:\/\/yoast.com\/product\/yoast-seo-premium-wordpress\/ -->\n<title>Tunisie : Un paquebot devant relier l\u2019Italie fait demi-tour<\/title>\n<meta name=\"description\" content=\"Le paquebot avait quitt\u00e9 le port de la Goulette dans la soir\u00e9e de dimanche 21 janvier 2024 vers 20h30, mais apr\u00e8s avoir navigu\u00e9 pendant environ une heure et dem...\" \/>\n<link rel=\"canonical\" href=\"https:\/\/www.webdo.tn\/fr\/actualite\/divers\/tunisie-un-paquebot-devant-relier-l-italie-fait-demi-tour\/211713\/\" \/>\n<meta property=\"og:locale\" content=\"fr_FR\" \/>\n<meta property=\"og:type\" content=\"article\" \/>\n<meta property=\"og:title\" content=\"Tunisie : Un paquebot devant relier l\u2019Italie fait demi-tour\" \/>\n<meta property=\"og:description\" content=\"Le paquebot avait quitt\u00e9 le port de la Goulette dans la soir\u00e9e de dimanche 21 janvier 2024 vers 20h30, mais apr\u00e8s avoir navigu\u00e9 pendant environ une heure et dem...\" \/>\n<meta property=\"og:url\" content=\"https:\/\/www.webdo.tn\/fr\/actualite\/divers\/tunisie-un-paquebot-devant-relier-l-italie-fait-demi-tour\/211713\/\" \/>\n<meta property=\"og:site_name\" content=\"webdo\" \/>\n<meta property=\"article:publisher\" content=\"https:\/\/www.facebook.com\/webdotn\" \/>\n<meta property=\"article:published_time\" content=\"2024-01-22T10:46:00+00:00\" \/>\n<meta property=\"article:modified_time\" content=\"2025-05-20T22:11:30+00:00\" \/>\n<meta property=\"og:image\" content=\"https:\/\/www.webdo.tn\/fr\/wp-content\/uploads\/2024\/01\/59172ffdd971e6cd69e16d54ce6dc9c7.jpg\" \/>\n\t<meta property=\"og:image:width\" content=\"710\" \/>\n\t<meta property=\"og:image:height\" content=\"379\" \/>\n\t<meta property=\"og:image:type\" content=\"image\/jpeg\" \/>\n<meta name=\"author\" content=\"MC\" \/>\n<meta name=\"twitter:card\" content=\"summary_large_image\" \/>\n<meta name=\"twitter:creator\" content=\"@webdo_tn\" \/>\n<meta name=\"twitter:site\" content=\"@webdo_tn\" \/>\n<meta name=\"twitter:label1\" content=\"\u00c9crit par\" \/>\n\t<meta name=\"twitter:data1\" content=\"MC\" \/>\n\t<meta name=\"twitter:label2\" content=\"Dur\u00e9e de lecture estim\u00e9e\" \/>\n\t<meta name=\"twitter:data2\" content=\"1 minute\" \/>\n<script type=\"application\/ld+json\" class=\"yoast-schema-graph\">{\"@context\":\"https:\\\/\\\/schema.org\",\"@graph\":[{\"@type\":\"NewsArticle\",\"@id\":\"https:\\\/\\\/www.webdo.tn\\\/fr\\\/actualite\\\/divers\\\/tunisie-un-paquebot-devant-relier-l-italie-fait-demi-tour\\\/211713\\\/#article\",\"isPartOf\":{\"@id\":\"https:\\\/\\\/www.webdo.tn\\\/fr\\\/actualite\\\/divers\\\/tunisie-un-paquebot-devant-relier-l-italie-fait-demi-tour\\\/211713\\\/\"},\"author\":{\"name\":\"MC\",\"@id\":\"https:\\\/\\\/www.webdo.tn\\\/fr\\\/#\\\/schema\\\/person\\\/2c4929cbf5a809e3bd38617c6ce150f6\"},\"headline\":\"Tunisie : Un paquebot devant relier l\u2019Italie fait demi-tour\",\"datePublished\":\"2024-01-22T10:46:00+00:00\",\"dateModified\":\"2025-05-20T22:11:30+00:00\",\"mainEntityOfPage\":{\"@id\":\"https:\\\/\\\/www.webdo.tn\\\/fr\\\/actualite\\\/divers\\\/tunisie-un-paquebot-devant-relier-l-italie-fait-demi-tour\\\/211713\\\/\"},\"wordCount\":137,\"commentCount\":0,\"publisher\":{\"@id\":\"https:\\\/\\\/www.webdo.tn\\\/fr\\\/#organization\"},\"image\":{\"@id\":\"https:\\\/\\\/www.webdo.tn\\\/fr\\\/actualite\\\/divers\\\/tunisie-un-paquebot-devant-relier-l-italie-fait-demi-tour\\\/211713\\\/#primaryimage\"},\"thumbnailUrl\":\"https:\\\/\\\/www.webdo.tn\\\/fr\\\/wp-content\\\/uploads\\\/2024\\\/01\\\/59172ffdd971e6cd69e16d54ce6dc9c7.jpg\",\"keywords\":[\"gnv\",\"la goulette\",\"migrants\",\"navire\"],\"articleSection\":[\"Divers\"],\"inLanguage\":\"fr-FR\"},{\"@type\":\"WebPage\",\"@id\":\"https:\\\/\\\/www.webdo.tn\\\/fr\\\/actualite\\\/divers\\\/tunisie-un-paquebot-devant-relier-l-italie-fait-demi-tour\\\/211713\\\/\",\"url\":\"https:\\\/\\\/www.webdo.tn\\\/fr\\\/actualite\\\/divers\\\/tunisie-un-paquebot-devant-relier-l-italie-fait-demi-tour\\\/211713\\\/\",\"name\":\"Tunisie : Un paquebot devant relier l\u2019Italie fait demi-tour\",\"isPartOf\":{\"@id\":\"https:\\\/\\\/www.webdo.tn\\\/fr\\\/#website\"},\"primaryImageOfPage\":{\"@id\":\"https:\\\/\\\/www.webdo.tn\\\/fr\\\/actualite\\\/divers\\\/tunisie-un-paquebot-devant-relier-l-italie-fait-demi-tour\\\/211713\\\/#primaryimage\"},\"image\":{\"@id\":\"https:\\\/\\\/www.webdo.tn\\\/fr\\\/actualite\\\/divers\\\/tunisie-un-paquebot-devant-relier-l-italie-fait-demi-tour\\\/211713\\\/#primaryimage\"},\"thumbnailUrl\":\"https:\\\/\\\/www.webdo.tn\\\/fr\\\/wp-content\\\/uploads\\\/2024\\\/01\\\/59172ffdd971e6cd69e16d54ce6dc9c7.jpg\",\"datePublished\":\"2024-01-22T10:46:00+00:00\",\"dateModified\":\"2025-05-20T22:11:30+00:00\",\"description\":\"Le paquebot avait quitt\u00e9 le port de la Goulette dans la soir\u00e9e de dimanche 21 janvier 2024 vers 20h30, mais apr\u00e8s avoir navigu\u00e9 pendant environ une heure et dem...\",\"breadcrumb\":{\"@id\":\"https:\\\/\\\/www.webdo.tn\\\/fr\\\/actualite\\\/divers\\\/tunisie-un-paquebot-devant-relier-l-italie-fait-demi-tour\\\/211713\\\/#breadcrumb\"},\"inLanguage\":\"fr-FR\",\"potentialAction\":[{\"@type\":\"ReadAction\",\"target\":[\"https:\\\/\\\/www.webdo.tn\\\/fr\\\/actualite\\\/divers\\\/tunisie-un-paquebot-devant-relier-l-italie-fait-demi-tour\\\/211713\\\/\"]}]},{\"@type\":\"ImageObject\",\"inLanguage\":\"fr-FR\",\"@id\":\"https:\\\/\\\/www.webdo.tn\\\/fr\\\/actualite\\\/divers\\\/tunisie-un-paquebot-devant-relier-l-italie-fait-demi-tour\\\/211713\\\/#primaryimage\",\"url\":\"https:\\\/\\\/www.webdo.tn\\\/fr\\\/wp-content\\\/uploads\\\/2024\\\/01\\\/59172ffdd971e6cd69e16d54ce6dc9c7.jpg\",\"contentUrl\":\"https:\\\/\\\/www.webdo.tn\\\/fr\\\/wp-content\\\/uploads\\\/2024\\\/01\\\/59172ffdd971e6cd69e16d54ce6dc9c7.jpg\",\"width\":710,\"height\":379,\"caption\":\"Tunisie : Un paquebot devant relier l\u2019Italie fait demi-tour\"},{\"@type\":\"BreadcrumbList\",\"@id\":\"https:\\\/\\\/www.webdo.tn\\\/fr\\\/actualite\\\/divers\\\/tunisie-un-paquebot-devant-relier-l-italie-fait-demi-tour\\\/211713\\\/#breadcrumb\",\"itemListElement\":[{\"@type\":\"ListItem\",\"position\":1,\"name\":\"Accueil\",\"item\":\"https:\\\/\\\/www.webdo.tn\\\/fr\\\/\"},{\"@type\":\"ListItem\",\"position\":2,\"name\":\"Tunisie : Un paquebot devant relier l\u2019Italie fait demi-tour\"}]},{\"@type\":\"WebSite\",\"@id\":\"https:\\\/\\\/www.webdo.tn\\\/fr\\\/#website\",\"url\":\"https:\\\/\\\/www.webdo.tn\\\/fr\\\/\",\"name\":\"webdo\",\"description\":\"Tunisie - News en Tunisie et \u00e0 l&#039;international sur Webdo.tn\",\"publisher\":{\"@id\":\"https:\\\/\\\/www.webdo.tn\\\/fr\\\/#organization\"},\"potentialAction\":[{\"@type\":\"SearchAction\",\"target\":{\"@type\":\"EntryPoint\",\"urlTemplate\":\"https:\\\/\\\/www.webdo.tn\\\/fr\\\/?s={search_term_string}\"},\"query-input\":{\"@type\":\"PropertyValueSpecification\",\"valueRequired\":true,\"valueName\":\"search_term_string\"}}],\"inLanguage\":\"fr-FR\"},{\"@type\":\"Organization\",\"@id\":\"https:\\\/\\\/www.webdo.tn\\\/fr\\\/#organization\",\"name\":\"Webdo\",\"alternateName\":\"Webdo.tn\",\"url\":\"https:\\\/\\\/www.webdo.tn\\\/fr\\\/\",\"logo\":{\"@type\":\"ImageObject\",\"inLanguage\":\"fr-FR\",\"@id\":\"https:\\\/\\\/www.webdo.tn\\\/fr\\\/#\\\/schema\\\/logo\\\/image\\\/\",\"url\":\"https:\\\/\\\/www.webdo.tn\\\/fr\\\/wp-content\\\/uploads\\\/2025\\\/06\\\/Webdo-Tunisie_168377.jpg\",\"contentUrl\":\"https:\\\/\\\/www.webdo.tn\\\/fr\\\/wp-content\\\/uploads\\\/2025\\\/06\\\/Webdo-Tunisie_168377.jpg\",\"width\":301,\"height\":301,\"caption\":\"Webdo\"},\"image\":{\"@id\":\"https:\\\/\\\/www.webdo.tn\\\/fr\\\/#\\\/schema\\\/logo\\\/image\\\/\"},\"sameAs\":[\"https:\\\/\\\/www.facebook.com\\\/webdotn\",\"https:\\\/\\\/x.com\\\/webdo_tn\"],\"description\":\"Webdo est un m\u00e9dia num\u00e9rique tunisien fond\u00e9 en 2010, sp\u00e9cialis\u00e9 dans l\u2019actualit\u00e9 nationale et internationale, l\u2019\u00e9conomie, la soci\u00e9t\u00e9 et les analyses politiques. Le site s\u2019adresse \u00e0 un large public francophone et couvre l\u2019information tunisienne en temps r\u00e9el.\",\"email\":\"redac@webdo.tn\",\"legalName\":\"YNJ SARL\",\"foundingDate\":\"2010-09-06\",\"numberOfEmployees\":{\"@type\":\"QuantitativeValue\",\"minValue\":\"11\",\"maxValue\":\"50\"}},{\"@type\":\"Person\",\"@id\":\"https:\\\/\\\/www.webdo.tn\\\/fr\\\/#\\\/schema\\\/person\\\/2c4929cbf5a809e3bd38617c6ce150f6\",\"name\":\"MC\",\"image\":{\"@type\":\"ImageObject\",\"inLanguage\":\"fr-FR\",\"@id\":\"https:\\\/\\\/secure.gravatar.com\\\/avatar\\\/a545bbb6f84efdd5553dbbc2895e3ca8f1d12c5215e00a041c9670b54aa9b18a?s=96&d=mm&r=g\",\"url\":\"https:\\\/\\\/secure.gravatar.com\\\/avatar\\\/a545bbb6f84efdd5553dbbc2895e3ca8f1d12c5215e00a041c9670b54aa9b18a?s=96&d=mm&r=g\",\"contentUrl\":\"https:\\\/\\\/secure.gravatar.com\\\/avatar\\\/a545bbb6f84efdd5553dbbc2895e3ca8f1d12c5215e00a041c9670b54aa9b18a?s=96&d=mm&r=g\",\"caption\":\"MC\"},\"url\":\"https:\\\/\\\/www.webdo.tn\\\/fr\\\/actualite\\\/author\\\/mc\\\/\"}]}<\/script>\n<!-- \/ Yoast SEO Premium plugin. -->","yoast_head_json":{"title":"Tunisie : Un paquebot devant relier l\u2019Italie fait demi-tour","description":"Le paquebot avait quitt\u00e9 le port de la Goulette dans la soir\u00e9e de dimanche 21 janvier 2024 vers 20h30, mais apr\u00e8s avoir navigu\u00e9 pendant environ une heure et dem...","canonical":"https:\/\/www.webdo.tn\/fr\/actualite\/divers\/tunisie-un-paquebot-devant-relier-l-italie-fait-demi-tour\/211713\/","og_locale":"fr_FR","og_type":"article","og_title":"Tunisie : Un paquebot devant relier l\u2019Italie fait demi-tour","og_description":"Le paquebot avait quitt\u00e9 le port de la Goulette dans la soir\u00e9e de dimanche 21 janvier 2024 vers 20h30, mais apr\u00e8s avoir navigu\u00e9 pendant environ une heure et dem...","og_url":"https:\/\/www.webdo.tn\/fr\/actualite\/divers\/tunisie-un-paquebot-devant-relier-l-italie-fait-demi-tour\/211713\/","og_site_name":"webdo","article_publisher":"https:\/\/www.facebook.com\/webdotn","article_published_time":"2024-01-22T10:46:00+00:00","article_modified_time":"2025-05-20T22:11:30+00:00","og_image":[{"width":710,"height":379,"url":"https:\/\/www.webdo.tn\/fr\/wp-content\/uploads\/2024\/01\/59172ffdd971e6cd69e16d54ce6dc9c7.jpg","type":"image\/jpeg"}],"author":"MC","twitter_card":"summary_large_image","twitter_creator":"@webdo_tn","twitter_site":"@webdo_tn","twitter_misc":{"\u00c9crit par":"MC","Dur\u00e9e de lecture estim\u00e9e":"1 minute"},"schema":{"@context":"https:\/\/schema.org","@graph":[{"@type":"NewsArticle","@id":"https:\/\/www.webdo.tn\/fr\/actualite\/divers\/tunisie-un-paquebot-devant-relier-l-italie-fait-demi-tour\/211713\/#article","isPartOf":{"@id":"https:\/\/www.webdo.tn\/fr\/actualite\/divers\/tunisie-un-paquebot-devant-relier-l-italie-fait-demi-tour\/211713\/"},"author":{"name":"MC","@id":"https:\/\/www.webdo.tn\/fr\/#\/schema\/person\/2c4929cbf5a809e3bd38617c6ce150f6"},"headline":"Tunisie : Un paquebot devant relier l\u2019Italie fait demi-tour","datePublished":"2024-01-22T10:46:00+00:00","dateModified":"2025-05-20T22:11:30+00:00","mainEntityOfPage":{"@id":"https:\/\/www.webdo.tn\/fr\/actualite\/divers\/tunisie-un-paquebot-devant-relier-l-italie-fait-demi-tour\/211713\/"},"wordCount":137,"commentCount":0,"publisher":{"@id":"https:\/\/www.webdo.tn\/fr\/#organization"},"image":{"@id":"https:\/\/www.webdo.tn\/fr\/actualite\/divers\/tunisie-un-paquebot-devant-relier-l-italie-fait-demi-tour\/211713\/#primaryimage"},"thumbnailUrl":"https:\/\/www.webdo.tn\/fr\/wp-content\/uploads\/2024\/01\/59172ffdd971e6cd69e16d54ce6dc9c7.jpg","keywords":["gnv","la goulette","migrants","navire"],"articleSection":["Divers"],"inLanguage":"fr-FR"},{"@type":"WebPage","@id":"https:\/\/www.webdo.tn\/fr\/actualite\/divers\/tunisie-un-paquebot-devant-relier-l-italie-fait-demi-tour\/211713\/","url":"https:\/\/www.webdo.tn\/fr\/actualite\/divers\/tunisie-un-paquebot-devant-relier-l-italie-fait-demi-tour\/211713\/","name":"Tunisie : Un paquebot devant relier l\u2019Italie fait demi-tour","isPartOf":{"@id":"https:\/\/www.webdo.tn\/fr\/#website"},"primaryImageOfPage":{"@id":"https:\/\/www.webdo.tn\/fr\/actualite\/divers\/tunisie-un-paquebot-devant-relier-l-italie-fait-demi-tour\/211713\/#primaryimage"},"image":{"@id":"https:\/\/www.webdo.tn\/fr\/actualite\/divers\/tunisie-un-paquebot-devant-relier-l-italie-fait-demi-tour\/211713\/#primaryimage"},"thumbnailUrl":"https:\/\/www.webdo.tn\/fr\/wp-content\/uploads\/2024\/01\/59172ffdd971e6cd69e16d54ce6dc9c7.jpg","datePublished":"2024-01-22T10:46:00+00:00","dateModified":"2025-05-20T22:11:30+00:00","description":"Le paquebot avait quitt\u00e9 le port de la Goulette dans la soir\u00e9e de dimanche 21 janvier 2024 vers 20h30, mais apr\u00e8s avoir navigu\u00e9 pendant environ une heure et dem...","breadcrumb":{"@id":"https:\/\/www.webdo.tn\/fr\/actualite\/divers\/tunisie-un-paquebot-devant-relier-l-italie-fait-demi-tour\/211713\/#breadcrumb"},"inLanguage":"fr-FR","potentialAction":[{"@type":"ReadAction","target":["https:\/\/www.webdo.tn\/fr\/actualite\/divers\/tunisie-un-paquebot-devant-relier-l-italie-fait-demi-tour\/211713\/"]}]},{"@type":"ImageObject","inLanguage":"fr-FR","@id":"https:\/\/www.webdo.tn\/fr\/actualite\/divers\/tunisie-un-paquebot-devant-relier-l-italie-fait-demi-tour\/211713\/#primaryimage","url":"https:\/\/www.webdo.tn\/fr\/wp-content\/uploads\/2024\/01\/59172ffdd971e6cd69e16d54ce6dc9c7.jpg","contentUrl":"https:\/\/www.webdo.tn\/fr\/wp-content\/uploads\/2024\/01\/59172ffdd971e6cd69e16d54ce6dc9c7.jpg","width":710,"height":379,"caption":"Tunisie : Un paquebot devant relier l\u2019Italie fait demi-tour"},{"@type":"BreadcrumbList","@id":"https:\/\/www.webdo.tn\/fr\/actualite\/divers\/tunisie-un-paquebot-devant-relier-l-italie-fait-demi-tour\/211713\/#breadcrumb","itemListElement":[{"@type":"ListItem","position":1,"name":"Accueil","item":"https:\/\/www.webdo.tn\/fr\/"},{"@type":"ListItem","position":2,"name":"Tunisie : Un paquebot devant relier l\u2019Italie fait demi-tour"}]},{"@type":"WebSite","@id":"https:\/\/www.webdo.tn\/fr\/#website","url":"https:\/\/www.webdo.tn\/fr\/","name":"webdo","description":"Tunisie - News en Tunisie et \u00e0 l&#039;international sur Webdo.tn","publisher":{"@id":"https:\/\/www.webdo.tn\/fr\/#organization"},"potentialAction":[{"@type":"SearchAction","target":{"@type":"EntryPoint","urlTemplate":"https:\/\/www.webdo.tn\/fr\/?s={search_term_string}"},"query-input":{"@type":"PropertyValueSpecification","valueRequired":true,"valueName":"search_term_string"}}],"inLanguage":"fr-FR"},{"@type":"Organization","@id":"https:\/\/www.webdo.tn\/fr\/#organization","name":"Webdo","alternateName":"Webdo.tn","url":"https:\/\/www.webdo.tn\/fr\/","logo":{"@type":"ImageObject","inLanguage":"fr-FR","@id":"https:\/\/www.webdo.tn\/fr\/#\/schema\/logo\/image\/","url":"https:\/\/www.webdo.tn\/fr\/wp-content\/uploads\/2025\/06\/Webdo-Tunisie_168377.jpg","contentUrl":"https:\/\/www.webdo.tn\/fr\/wp-content\/uploads\/2025\/06\/Webdo-Tunisie_168377.jpg","width":301,"height":301,"caption":"Webdo"},"image":{"@id":"https:\/\/www.webdo.tn\/fr\/#\/schema\/logo\/image\/"},"sameAs":["https:\/\/www.facebook.com\/webdotn","https:\/\/x.com\/webdo_tn"],"description":"Webdo est un m\u00e9dia num\u00e9rique tunisien fond\u00e9 en 2010, sp\u00e9cialis\u00e9 dans l\u2019actualit\u00e9 nationale et internationale, l\u2019\u00e9conomie, la soci\u00e9t\u00e9 et les analyses politiques. Le site s\u2019adresse \u00e0 un large public francophone et couvre l\u2019information tunisienne en temps r\u00e9el.","email":"redac@webdo.tn","legalName":"YNJ SARL","foundingDate":"2010-09-06","numberOfEmployees":{"@type":"QuantitativeValue","minValue":"11","maxValue":"50"}},{"@type":"Person","@id":"https:\/\/www.webdo.tn\/fr\/#\/schema\/person\/2c4929cbf5a809e3bd38617c6ce150f6","name":"MC","image":{"@type":"ImageObject","inLanguage":"fr-FR","@id":"https:\/\/secure.gravatar.com\/avatar\/a545bbb6f84efdd5553dbbc2895e3ca8f1d12c5215e00a041c9670b54aa9b18a?s=96&d=mm&r=g","url":"https:\/\/secure.gravatar.com\/avatar\/a545bbb6f84efdd5553dbbc2895e3ca8f1d12c5215e00a041c9670b54aa9b18a?s=96&d=mm&r=g","contentUrl":"https:\/\/secure.gravatar.com\/avatar\/a545bbb6f84efdd5553dbbc2895e3ca8f1d12c5215e00a041c9670b54aa9b18a?s=96&d=mm&r=g","caption":"MC"},"url":"https:\/\/www.webdo.tn\/fr\/actualite\/author\/mc\/"}]}},"_links":{"self":[{"href":"https:\/\/www.webdo.tn\/fr\/wp-json\/wp\/v2\/posts\/211713","targetHints":{"allow":["GET"]}}],"collection":[{"href":"https:\/\/www.webdo.tn\/fr\/wp-json\/wp\/v2\/posts"}],"about":[{"href":"https:\/\/www.webdo.tn\/fr\/wp-json\/wp\/v2\/types\/post"}],"author":[{"embeddable":true,"href":"https:\/\/www.webdo.tn\/fr\/wp-json\/wp\/v2\/users\/3162"}],"replies":[{"embeddable":true,"href":"https:\/\/www.webdo.tn\/fr\/wp-json\/wp\/v2\/comments?post=211713"}],"version-history":[{"count":0,"href":"https:\/\/www.webdo.tn\/fr\/wp-json\/wp\/v2\/posts\/211713\/revisions"}],"wp:featuredmedia":[{"embeddable":true,"href":"https:\/\/www.webdo.tn\/fr\/wp-json\/wp\/v2\/media\/290110"}],"wp:attachment":[{"href":"https:\/\/www.webdo.tn\/fr\/wp-json\/wp\/v2\/media?parent=211713"}],"wp:term":[{"taxonomy":"category","embeddable":true,"href":"https:\/\/www.webdo.tn\/fr\/wp-json\/wp\/v2\/categories?post=211713"},{"taxonomy":"post_tag","embeddable":true,"href":"https:\/\/www.webdo.tn\/fr\/wp-json\/wp\/v2\/tags?post=211713"}],"curies":[{"name":"wp","href":"https:\/\/api.w.org\/{rel}","templated":true}]}}