{"id":211704,"date":"2024-01-21T13:23:00","date_gmt":"2024-01-21T13:23:00","guid":{"rendered":"https:\/\/www.webdo.tn\/fr\/blog\/tunisie-le-pdl-manifeste-devant-le-siege-du-csm\/211704\/"},"modified":"2025-05-20T22:11:29","modified_gmt":"2025-05-20T22:11:29","slug":"tunisie-le-pdl-manifeste-devant-le-siege-du-csm","status":"publish","type":"post","link":"https:\/\/www.webdo.tn\/fr\/actualite\/national\/tunisie-le-pdl-manifeste-devant-le-siege-du-csm\/211704\/","title":{"rendered":"Tunisie : Le PDL manifeste devant le si\u00e8ge du CSM"},"content":{"rendered":"<p>Les partisans du parti destourien libre (PDL) ont manifest\u00e9, ce dimanche 21 janvier 2024, devant le si\u00e8ge du Conseil sup\u00e9rieur de la magistrature (CSM). Une manifestation organis\u00e9e pour appeler \u00e0 la lib\u00e9ration de la pr\u00e9sidente du parti Abir Moussi.<\/p>\n<p>\t\t\t\t\t\t\t\t\tDes dizaines de partisans du parti destourien libre (PDL), men\u00e9s par l\u2019avocat et membre du parti, Karim Krifa, ont manifest\u00e9 aujourd\u2019hui devant le si\u00e8ge du Conseil sup\u00e9rieur de la magistrature (CSM) pour appeler \u00e0 la lib\u00e9ration de la pr\u00e9sidente du parti, Abir Moussi.<\/p>\n<p>Lors de ce rassemblement, les partisans du PDL et d\u2019Abir Moussi ont appel\u00e9 \u00e0 sa remise en libert\u00e9, \u00e0 un syst\u00e8me judicaire juste, et ont d\u00e9nonc\u00e9 les arrestations abusives, sachant \u00e9galement que Abir Moussi est vis\u00e9e par plusieurs affaires.<\/p>\n<p>Karim Krifa : \u00ab\u00a0Abir Moussi candidate \u00e0 la pr\u00e9sidentielle\u00a0\u00bb<\/p>\n<p>Dans une allocution, Karim Krifa, a d\u00e9clar\u00e9 que les enqu\u00eates n&rsquo;avaient pas prouv\u00e9 l&rsquo;existence d&rsquo;\u00e9l\u00e9ments soutenant les accusations port\u00e9es contre elle, ajoutant que \u00ab\u00a0Abir Moussi sortira de prison et se pr\u00e9sentera pour la prochaine pr\u00e9sidentielle\u00a0\u00bb.<\/p>\n<p>Arr\u00eat\u00e9e le 3 octobre 2023, en marge de sa protestation devant le bureau d&rsquo;ordre de la pr\u00e9sidence de la R\u00e9publique, puis plac\u00e9e en garde \u00e0 vue, Abir Moussi, pr\u00e9sidente du Parti destourien libre (PDL) est toujours incarc\u00e9r\u00e9e depuis l\u2019\u00e9mission d\u2019un mandat de d\u00e9p\u00f4t \u00e0 son encontre, le 5 octobre 2023.<\/p>\n<p>Noureddine Taboubi : \u00ab\u00a0Abir Moussi, une prisonni\u00e8re politique\u00a0\u00bb<\/p>\n<p>Abir Moussi fait face \u00e0 plusieurs chefs d\u2019accusation de gravit\u00e9 diff\u00e9rente, selon son collectif de d\u00e9fense, le chef d&rsquo;accusation le plus grave \u00e9tant \u00ab\u00a0attentat ayant pour but de changer la forme du gouvernement, incitation des citoyens \u00e0 s\u2019armer les uns contre les autres, et provocation de d\u00e9sordre sur le territoire tunisien\u00a0\u00bb.<\/p>\n<p>Vendredi, le Secr\u00e9taire g\u00e9n\u00e9ral de l&rsquo;Union g\u00e9n\u00e9rale tunisienne du travail (UGTT), Noureddine Taboubi, a estim\u00e9 que Abir Moussi \u00e9tait une prisonni\u00e8re politique, selon des d\u00e9clarations intervenant quelques heures apr\u00e8s que l&rsquo;UGTT ait d\u00e9cid\u00e9 de retirer la plainte d\u00e9pos\u00e9e contre la pr\u00e9sidente du PDL.<\/p>\n","protected":false},"excerpt":{"rendered":"<p>Des dizaines de partisans du parti destourien libre (PDL), men\u00e9s par l\u2019avocat et membre du parti, Karim Krifa, ont manifest\u00e9 aujourd\u2019hui devant le si\u00e8ge du Cons&#8230;<\/p>\n","protected":false},"author":3162,"featured_media":290108,"comment_status":"open","ping_status":"closed","sticky":false,"template":"","format":"standard","meta":{"footnotes":""},"categories":[44],"tags":[2926,8210,2817,4028],"class_list":["post-211704","post","type-post","status-publish","format-standard","has-post-thumbnail","hentry","category-national","tag-abir-moussi","tag-csm","tag-manifestation","tag-pdl"],"yoast_head":"<!-- This site is optimized with the Yoast SEO Premium plugin v27.4 (Yoast SEO v27.5) - https:\/\/yoast.com\/product\/yoast-seo-premium-wordpress\/ -->\n<title>Tunisie : Le PDL manifeste devant le si\u00e8ge du CSM<\/title>\n<meta name=\"description\" content=\"Des dizaines de partisans du parti destourien libre (PDL), men\u00e9s par l\u2019avocat et membre du parti, Karim Krifa, ont manifest\u00e9 aujourd\u2019hui devant le si\u00e8ge du Cons...\" \/>\n<link rel=\"canonical\" href=\"https:\/\/www.webdo.tn\/fr\/actualite\/national\/tunisie-le-pdl-manifeste-devant-le-siege-du-csm\/211704\/\" \/>\n<meta property=\"og:locale\" content=\"fr_FR\" \/>\n<meta property=\"og:type\" content=\"article\" \/>\n<meta property=\"og:title\" content=\"Tunisie : Le PDL manifeste devant le si\u00e8ge du CSM\" \/>\n<meta property=\"og:description\" content=\"Des dizaines de partisans du parti destourien libre (PDL), men\u00e9s par l\u2019avocat et membre du parti, Karim Krifa, ont manifest\u00e9 aujourd\u2019hui devant le si\u00e8ge du Cons...\" \/>\n<meta property=\"og:url\" content=\"https:\/\/www.webdo.tn\/fr\/actualite\/national\/tunisie-le-pdl-manifeste-devant-le-siege-du-csm\/211704\/\" \/>\n<meta property=\"og:site_name\" content=\"webdo\" \/>\n<meta property=\"article:publisher\" content=\"https:\/\/www.facebook.com\/webdotn\" \/>\n<meta property=\"article:published_time\" content=\"2024-01-21T13:23:00+00:00\" \/>\n<meta property=\"article:modified_time\" content=\"2025-05-20T22:11:29+00:00\" \/>\n<meta property=\"og:image\" content=\"https:\/\/www.webdo.tn\/fr\/wp-content\/uploads\/2024\/01\/bea10de7f43e7a1c1eeb5bc38b3902c3.png\" \/>\n\t<meta property=\"og:image:width\" content=\"750\" \/>\n\t<meta property=\"og:image:height\" content=\"400\" \/>\n\t<meta property=\"og:image:type\" content=\"image\/png\" \/>\n<meta name=\"author\" content=\"MC\" \/>\n<meta name=\"twitter:card\" content=\"summary_large_image\" \/>\n<meta name=\"twitter:creator\" content=\"@webdo_tn\" \/>\n<meta name=\"twitter:site\" content=\"@webdo_tn\" \/>\n<meta name=\"twitter:label1\" content=\"\u00c9crit par\" \/>\n\t<meta name=\"twitter:data1\" content=\"MC\" \/>\n\t<meta name=\"twitter:label2\" content=\"Dur\u00e9e de lecture estim\u00e9e\" \/>\n\t<meta name=\"twitter:data2\" content=\"2 minutes\" \/>\n<script type=\"application\/ld+json\" class=\"yoast-schema-graph\">{\"@context\":\"https:\\\/\\\/schema.org\",\"@graph\":[{\"@type\":\"NewsArticle\",\"@id\":\"https:\\\/\\\/www.webdo.tn\\\/fr\\\/actualite\\\/national\\\/tunisie-le-pdl-manifeste-devant-le-siege-du-csm\\\/211704\\\/#article\",\"isPartOf\":{\"@id\":\"https:\\\/\\\/www.webdo.tn\\\/fr\\\/actualite\\\/national\\\/tunisie-le-pdl-manifeste-devant-le-siege-du-csm\\\/211704\\\/\"},\"author\":{\"name\":\"MC\",\"@id\":\"https:\\\/\\\/www.webdo.tn\\\/fr\\\/#\\\/schema\\\/person\\\/2c4929cbf5a809e3bd38617c6ce150f6\"},\"headline\":\"Tunisie : Le PDL manifeste devant le si\u00e8ge du CSM\",\"datePublished\":\"2024-01-21T13:23:00+00:00\",\"dateModified\":\"2025-05-20T22:11:29+00:00\",\"mainEntityOfPage\":{\"@id\":\"https:\\\/\\\/www.webdo.tn\\\/fr\\\/actualite\\\/national\\\/tunisie-le-pdl-manifeste-devant-le-siege-du-csm\\\/211704\\\/\"},\"wordCount\":370,\"commentCount\":0,\"publisher\":{\"@id\":\"https:\\\/\\\/www.webdo.tn\\\/fr\\\/#organization\"},\"image\":{\"@id\":\"https:\\\/\\\/www.webdo.tn\\\/fr\\\/actualite\\\/national\\\/tunisie-le-pdl-manifeste-devant-le-siege-du-csm\\\/211704\\\/#primaryimage\"},\"thumbnailUrl\":\"https:\\\/\\\/www.webdo.tn\\\/fr\\\/wp-content\\\/uploads\\\/2024\\\/01\\\/bea10de7f43e7a1c1eeb5bc38b3902c3.png\",\"keywords\":[\"Abir Moussi\",\"CSM\",\"Manifestation\",\"PDL\"],\"articleSection\":[\"National\"],\"inLanguage\":\"fr-FR\"},{\"@type\":\"WebPage\",\"@id\":\"https:\\\/\\\/www.webdo.tn\\\/fr\\\/actualite\\\/national\\\/tunisie-le-pdl-manifeste-devant-le-siege-du-csm\\\/211704\\\/\",\"url\":\"https:\\\/\\\/www.webdo.tn\\\/fr\\\/actualite\\\/national\\\/tunisie-le-pdl-manifeste-devant-le-siege-du-csm\\\/211704\\\/\",\"name\":\"Tunisie : Le PDL manifeste devant le si\u00e8ge du CSM\",\"isPartOf\":{\"@id\":\"https:\\\/\\\/www.webdo.tn\\\/fr\\\/#website\"},\"primaryImageOfPage\":{\"@id\":\"https:\\\/\\\/www.webdo.tn\\\/fr\\\/actualite\\\/national\\\/tunisie-le-pdl-manifeste-devant-le-siege-du-csm\\\/211704\\\/#primaryimage\"},\"image\":{\"@id\":\"https:\\\/\\\/www.webdo.tn\\\/fr\\\/actualite\\\/national\\\/tunisie-le-pdl-manifeste-devant-le-siege-du-csm\\\/211704\\\/#primaryimage\"},\"thumbnailUrl\":\"https:\\\/\\\/www.webdo.tn\\\/fr\\\/wp-content\\\/uploads\\\/2024\\\/01\\\/bea10de7f43e7a1c1eeb5bc38b3902c3.png\",\"datePublished\":\"2024-01-21T13:23:00+00:00\",\"dateModified\":\"2025-05-20T22:11:29+00:00\",\"description\":\"Des dizaines de partisans du parti destourien libre (PDL), men\u00e9s par l\u2019avocat et membre du parti, Karim Krifa, ont manifest\u00e9 aujourd\u2019hui devant le si\u00e8ge du Cons...\",\"breadcrumb\":{\"@id\":\"https:\\\/\\\/www.webdo.tn\\\/fr\\\/actualite\\\/national\\\/tunisie-le-pdl-manifeste-devant-le-siege-du-csm\\\/211704\\\/#breadcrumb\"},\"inLanguage\":\"fr-FR\",\"potentialAction\":[{\"@type\":\"ReadAction\",\"target\":[\"https:\\\/\\\/www.webdo.tn\\\/fr\\\/actualite\\\/national\\\/tunisie-le-pdl-manifeste-devant-le-siege-du-csm\\\/211704\\\/\"]}]},{\"@type\":\"ImageObject\",\"inLanguage\":\"fr-FR\",\"@id\":\"https:\\\/\\\/www.webdo.tn\\\/fr\\\/actualite\\\/national\\\/tunisie-le-pdl-manifeste-devant-le-siege-du-csm\\\/211704\\\/#primaryimage\",\"url\":\"https:\\\/\\\/www.webdo.tn\\\/fr\\\/wp-content\\\/uploads\\\/2024\\\/01\\\/bea10de7f43e7a1c1eeb5bc38b3902c3.png\",\"contentUrl\":\"https:\\\/\\\/www.webdo.tn\\\/fr\\\/wp-content\\\/uploads\\\/2024\\\/01\\\/bea10de7f43e7a1c1eeb5bc38b3902c3.png\",\"width\":750,\"height\":400,\"caption\":\"Tunisie : Le PDL manifeste devant le si\u00e8ge du CSM\"},{\"@type\":\"BreadcrumbList\",\"@id\":\"https:\\\/\\\/www.webdo.tn\\\/fr\\\/actualite\\\/national\\\/tunisie-le-pdl-manifeste-devant-le-siege-du-csm\\\/211704\\\/#breadcrumb\",\"itemListElement\":[{\"@type\":\"ListItem\",\"position\":1,\"name\":\"Accueil\",\"item\":\"https:\\\/\\\/www.webdo.tn\\\/fr\\\/\"},{\"@type\":\"ListItem\",\"position\":2,\"name\":\"Tunisie : Le PDL manifeste devant le si\u00e8ge du CSM\"}]},{\"@type\":\"WebSite\",\"@id\":\"https:\\\/\\\/www.webdo.tn\\\/fr\\\/#website\",\"url\":\"https:\\\/\\\/www.webdo.tn\\\/fr\\\/\",\"name\":\"webdo\",\"description\":\"Tunisie - News en Tunisie et \u00e0 l&#039;international sur Webdo.tn\",\"publisher\":{\"@id\":\"https:\\\/\\\/www.webdo.tn\\\/fr\\\/#organization\"},\"potentialAction\":[{\"@type\":\"SearchAction\",\"target\":{\"@type\":\"EntryPoint\",\"urlTemplate\":\"https:\\\/\\\/www.webdo.tn\\\/fr\\\/?s={search_term_string}\"},\"query-input\":{\"@type\":\"PropertyValueSpecification\",\"valueRequired\":true,\"valueName\":\"search_term_string\"}}],\"inLanguage\":\"fr-FR\"},{\"@type\":\"Organization\",\"@id\":\"https:\\\/\\\/www.webdo.tn\\\/fr\\\/#organization\",\"name\":\"Webdo\",\"alternateName\":\"Webdo.tn\",\"url\":\"https:\\\/\\\/www.webdo.tn\\\/fr\\\/\",\"logo\":{\"@type\":\"ImageObject\",\"inLanguage\":\"fr-FR\",\"@id\":\"https:\\\/\\\/www.webdo.tn\\\/fr\\\/#\\\/schema\\\/logo\\\/image\\\/\",\"url\":\"https:\\\/\\\/www.webdo.tn\\\/fr\\\/wp-content\\\/uploads\\\/2025\\\/06\\\/Webdo-Tunisie_168377.jpg\",\"contentUrl\":\"https:\\\/\\\/www.webdo.tn\\\/fr\\\/wp-content\\\/uploads\\\/2025\\\/06\\\/Webdo-Tunisie_168377.jpg\",\"width\":301,\"height\":301,\"caption\":\"Webdo\"},\"image\":{\"@id\":\"https:\\\/\\\/www.webdo.tn\\\/fr\\\/#\\\/schema\\\/logo\\\/image\\\/\"},\"sameAs\":[\"https:\\\/\\\/www.facebook.com\\\/webdotn\",\"https:\\\/\\\/x.com\\\/webdo_tn\"],\"description\":\"Webdo est un m\u00e9dia num\u00e9rique tunisien fond\u00e9 en 2010, sp\u00e9cialis\u00e9 dans l\u2019actualit\u00e9 nationale et internationale, l\u2019\u00e9conomie, la soci\u00e9t\u00e9 et les analyses politiques. Le site s\u2019adresse \u00e0 un large public francophone et couvre l\u2019information tunisienne en temps r\u00e9el.\",\"email\":\"redac@webdo.tn\",\"legalName\":\"YNJ SARL\",\"foundingDate\":\"2010-09-06\",\"numberOfEmployees\":{\"@type\":\"QuantitativeValue\",\"minValue\":\"11\",\"maxValue\":\"50\"}},{\"@type\":\"Person\",\"@id\":\"https:\\\/\\\/www.webdo.tn\\\/fr\\\/#\\\/schema\\\/person\\\/2c4929cbf5a809e3bd38617c6ce150f6\",\"name\":\"MC\",\"image\":{\"@type\":\"ImageObject\",\"inLanguage\":\"fr-FR\",\"@id\":\"https:\\\/\\\/secure.gravatar.com\\\/avatar\\\/a545bbb6f84efdd5553dbbc2895e3ca8f1d12c5215e00a041c9670b54aa9b18a?s=96&d=mm&r=g\",\"url\":\"https:\\\/\\\/secure.gravatar.com\\\/avatar\\\/a545bbb6f84efdd5553dbbc2895e3ca8f1d12c5215e00a041c9670b54aa9b18a?s=96&d=mm&r=g\",\"contentUrl\":\"https:\\\/\\\/secure.gravatar.com\\\/avatar\\\/a545bbb6f84efdd5553dbbc2895e3ca8f1d12c5215e00a041c9670b54aa9b18a?s=96&d=mm&r=g\",\"caption\":\"MC\"},\"url\":\"https:\\\/\\\/www.webdo.tn\\\/fr\\\/actualite\\\/author\\\/mc\\\/\"}]}<\/script>\n<!-- \/ Yoast SEO Premium plugin. -->","yoast_head_json":{"title":"Tunisie : Le PDL manifeste devant le si\u00e8ge du CSM","description":"Des dizaines de partisans du parti destourien libre (PDL), men\u00e9s par l\u2019avocat et membre du parti, Karim Krifa, ont manifest\u00e9 aujourd\u2019hui devant le si\u00e8ge du Cons...","canonical":"https:\/\/www.webdo.tn\/fr\/actualite\/national\/tunisie-le-pdl-manifeste-devant-le-siege-du-csm\/211704\/","og_locale":"fr_FR","og_type":"article","og_title":"Tunisie : Le PDL manifeste devant le si\u00e8ge du CSM","og_description":"Des dizaines de partisans du parti destourien libre (PDL), men\u00e9s par l\u2019avocat et membre du parti, Karim Krifa, ont manifest\u00e9 aujourd\u2019hui devant le si\u00e8ge du Cons...","og_url":"https:\/\/www.webdo.tn\/fr\/actualite\/national\/tunisie-le-pdl-manifeste-devant-le-siege-du-csm\/211704\/","og_site_name":"webdo","article_publisher":"https:\/\/www.facebook.com\/webdotn","article_published_time":"2024-01-21T13:23:00+00:00","article_modified_time":"2025-05-20T22:11:29+00:00","og_image":[{"width":750,"height":400,"url":"https:\/\/www.webdo.tn\/fr\/wp-content\/uploads\/2024\/01\/bea10de7f43e7a1c1eeb5bc38b3902c3.png","type":"image\/png"}],"author":"MC","twitter_card":"summary_large_image","twitter_creator":"@webdo_tn","twitter_site":"@webdo_tn","twitter_misc":{"\u00c9crit par":"MC","Dur\u00e9e de lecture estim\u00e9e":"2 minutes"},"schema":{"@context":"https:\/\/schema.org","@graph":[{"@type":"NewsArticle","@id":"https:\/\/www.webdo.tn\/fr\/actualite\/national\/tunisie-le-pdl-manifeste-devant-le-siege-du-csm\/211704\/#article","isPartOf":{"@id":"https:\/\/www.webdo.tn\/fr\/actualite\/national\/tunisie-le-pdl-manifeste-devant-le-siege-du-csm\/211704\/"},"author":{"name":"MC","@id":"https:\/\/www.webdo.tn\/fr\/#\/schema\/person\/2c4929cbf5a809e3bd38617c6ce150f6"},"headline":"Tunisie : Le PDL manifeste devant le si\u00e8ge du CSM","datePublished":"2024-01-21T13:23:00+00:00","dateModified":"2025-05-20T22:11:29+00:00","mainEntityOfPage":{"@id":"https:\/\/www.webdo.tn\/fr\/actualite\/national\/tunisie-le-pdl-manifeste-devant-le-siege-du-csm\/211704\/"},"wordCount":370,"commentCount":0,"publisher":{"@id":"https:\/\/www.webdo.tn\/fr\/#organization"},"image":{"@id":"https:\/\/www.webdo.tn\/fr\/actualite\/national\/tunisie-le-pdl-manifeste-devant-le-siege-du-csm\/211704\/#primaryimage"},"thumbnailUrl":"https:\/\/www.webdo.tn\/fr\/wp-content\/uploads\/2024\/01\/bea10de7f43e7a1c1eeb5bc38b3902c3.png","keywords":["Abir Moussi","CSM","Manifestation","PDL"],"articleSection":["National"],"inLanguage":"fr-FR"},{"@type":"WebPage","@id":"https:\/\/www.webdo.tn\/fr\/actualite\/national\/tunisie-le-pdl-manifeste-devant-le-siege-du-csm\/211704\/","url":"https:\/\/www.webdo.tn\/fr\/actualite\/national\/tunisie-le-pdl-manifeste-devant-le-siege-du-csm\/211704\/","name":"Tunisie : Le PDL manifeste devant le si\u00e8ge du CSM","isPartOf":{"@id":"https:\/\/www.webdo.tn\/fr\/#website"},"primaryImageOfPage":{"@id":"https:\/\/www.webdo.tn\/fr\/actualite\/national\/tunisie-le-pdl-manifeste-devant-le-siege-du-csm\/211704\/#primaryimage"},"image":{"@id":"https:\/\/www.webdo.tn\/fr\/actualite\/national\/tunisie-le-pdl-manifeste-devant-le-siege-du-csm\/211704\/#primaryimage"},"thumbnailUrl":"https:\/\/www.webdo.tn\/fr\/wp-content\/uploads\/2024\/01\/bea10de7f43e7a1c1eeb5bc38b3902c3.png","datePublished":"2024-01-21T13:23:00+00:00","dateModified":"2025-05-20T22:11:29+00:00","description":"Des dizaines de partisans du parti destourien libre (PDL), men\u00e9s par l\u2019avocat et membre du parti, Karim Krifa, ont manifest\u00e9 aujourd\u2019hui devant le si\u00e8ge du Cons...","breadcrumb":{"@id":"https:\/\/www.webdo.tn\/fr\/actualite\/national\/tunisie-le-pdl-manifeste-devant-le-siege-du-csm\/211704\/#breadcrumb"},"inLanguage":"fr-FR","potentialAction":[{"@type":"ReadAction","target":["https:\/\/www.webdo.tn\/fr\/actualite\/national\/tunisie-le-pdl-manifeste-devant-le-siege-du-csm\/211704\/"]}]},{"@type":"ImageObject","inLanguage":"fr-FR","@id":"https:\/\/www.webdo.tn\/fr\/actualite\/national\/tunisie-le-pdl-manifeste-devant-le-siege-du-csm\/211704\/#primaryimage","url":"https:\/\/www.webdo.tn\/fr\/wp-content\/uploads\/2024\/01\/bea10de7f43e7a1c1eeb5bc38b3902c3.png","contentUrl":"https:\/\/www.webdo.tn\/fr\/wp-content\/uploads\/2024\/01\/bea10de7f43e7a1c1eeb5bc38b3902c3.png","width":750,"height":400,"caption":"Tunisie : Le PDL manifeste devant le si\u00e8ge du CSM"},{"@type":"BreadcrumbList","@id":"https:\/\/www.webdo.tn\/fr\/actualite\/national\/tunisie-le-pdl-manifeste-devant-le-siege-du-csm\/211704\/#breadcrumb","itemListElement":[{"@type":"ListItem","position":1,"name":"Accueil","item":"https:\/\/www.webdo.tn\/fr\/"},{"@type":"ListItem","position":2,"name":"Tunisie : Le PDL manifeste devant le si\u00e8ge du CSM"}]},{"@type":"WebSite","@id":"https:\/\/www.webdo.tn\/fr\/#website","url":"https:\/\/www.webdo.tn\/fr\/","name":"webdo","description":"Tunisie - News en Tunisie et \u00e0 l&#039;international sur Webdo.tn","publisher":{"@id":"https:\/\/www.webdo.tn\/fr\/#organization"},"potentialAction":[{"@type":"SearchAction","target":{"@type":"EntryPoint","urlTemplate":"https:\/\/www.webdo.tn\/fr\/?s={search_term_string}"},"query-input":{"@type":"PropertyValueSpecification","valueRequired":true,"valueName":"search_term_string"}}],"inLanguage":"fr-FR"},{"@type":"Organization","@id":"https:\/\/www.webdo.tn\/fr\/#organization","name":"Webdo","alternateName":"Webdo.tn","url":"https:\/\/www.webdo.tn\/fr\/","logo":{"@type":"ImageObject","inLanguage":"fr-FR","@id":"https:\/\/www.webdo.tn\/fr\/#\/schema\/logo\/image\/","url":"https:\/\/www.webdo.tn\/fr\/wp-content\/uploads\/2025\/06\/Webdo-Tunisie_168377.jpg","contentUrl":"https:\/\/www.webdo.tn\/fr\/wp-content\/uploads\/2025\/06\/Webdo-Tunisie_168377.jpg","width":301,"height":301,"caption":"Webdo"},"image":{"@id":"https:\/\/www.webdo.tn\/fr\/#\/schema\/logo\/image\/"},"sameAs":["https:\/\/www.facebook.com\/webdotn","https:\/\/x.com\/webdo_tn"],"description":"Webdo est un m\u00e9dia num\u00e9rique tunisien fond\u00e9 en 2010, sp\u00e9cialis\u00e9 dans l\u2019actualit\u00e9 nationale et internationale, l\u2019\u00e9conomie, la soci\u00e9t\u00e9 et les analyses politiques. Le site s\u2019adresse \u00e0 un large public francophone et couvre l\u2019information tunisienne en temps r\u00e9el.","email":"redac@webdo.tn","legalName":"YNJ SARL","foundingDate":"2010-09-06","numberOfEmployees":{"@type":"QuantitativeValue","minValue":"11","maxValue":"50"}},{"@type":"Person","@id":"https:\/\/www.webdo.tn\/fr\/#\/schema\/person\/2c4929cbf5a809e3bd38617c6ce150f6","name":"MC","image":{"@type":"ImageObject","inLanguage":"fr-FR","@id":"https:\/\/secure.gravatar.com\/avatar\/a545bbb6f84efdd5553dbbc2895e3ca8f1d12c5215e00a041c9670b54aa9b18a?s=96&d=mm&r=g","url":"https:\/\/secure.gravatar.com\/avatar\/a545bbb6f84efdd5553dbbc2895e3ca8f1d12c5215e00a041c9670b54aa9b18a?s=96&d=mm&r=g","contentUrl":"https:\/\/secure.gravatar.com\/avatar\/a545bbb6f84efdd5553dbbc2895e3ca8f1d12c5215e00a041c9670b54aa9b18a?s=96&d=mm&r=g","caption":"MC"},"url":"https:\/\/www.webdo.tn\/fr\/actualite\/author\/mc\/"}]}},"_links":{"self":[{"href":"https:\/\/www.webdo.tn\/fr\/wp-json\/wp\/v2\/posts\/211704","targetHints":{"allow":["GET"]}}],"collection":[{"href":"https:\/\/www.webdo.tn\/fr\/wp-json\/wp\/v2\/posts"}],"about":[{"href":"https:\/\/www.webdo.tn\/fr\/wp-json\/wp\/v2\/types\/post"}],"author":[{"embeddable":true,"href":"https:\/\/www.webdo.tn\/fr\/wp-json\/wp\/v2\/users\/3162"}],"replies":[{"embeddable":true,"href":"https:\/\/www.webdo.tn\/fr\/wp-json\/wp\/v2\/comments?post=211704"}],"version-history":[{"count":0,"href":"https:\/\/www.webdo.tn\/fr\/wp-json\/wp\/v2\/posts\/211704\/revisions"}],"wp:featuredmedia":[{"embeddable":true,"href":"https:\/\/www.webdo.tn\/fr\/wp-json\/wp\/v2\/media\/290108"}],"wp:attachment":[{"href":"https:\/\/www.webdo.tn\/fr\/wp-json\/wp\/v2\/media?parent=211704"}],"wp:term":[{"taxonomy":"category","embeddable":true,"href":"https:\/\/www.webdo.tn\/fr\/wp-json\/wp\/v2\/categories?post=211704"},{"taxonomy":"post_tag","embeddable":true,"href":"https:\/\/www.webdo.tn\/fr\/wp-json\/wp\/v2\/tags?post=211704"}],"curies":[{"name":"wp","href":"https:\/\/api.w.org\/{rel}","templated":true}]}}