{"id":211698,"date":"2024-01-20T22:57:00","date_gmt":"2024-01-20T22:57:00","guid":{"rendered":"https:\/\/www.webdo.tn\/fr\/blog\/can-2023-1-nul-frustrant-de-la-tunisie-face-au-mali\/211698\/"},"modified":"2025-05-20T21:53:46","modified_gmt":"2025-05-20T21:53:46","slug":"can-2023-1-nul-frustrant-de-la-tunisie-face-au-mali","status":"publish","type":"post","link":"https:\/\/www.webdo.tn\/fr\/actualite\/sport\/can-2023-1-nul-frustrant-de-la-tunisie-face-au-mali\/211698\/","title":{"rendered":"CAN 2023+1 : Nul frustrant de la Tunisie face au Mali"},"content":{"rendered":"<p>La Tunisie s\u2019est content\u00e9e d\u2019un match nul face au Mali (1-1) lors de la 2\u00e8me journ\u00e9e du groupe E de la CAN dans un match jou\u00e9 ce soir au stade Amadou Gon Coulibaly \u00e0 Korhogo. Le Mali a ouvert le score \u00e0 la 10\u2019 avant que la Tunisie n\u2019\u00e9galise \u00e0 la 20\u2019.<\/p>\n<p>\t\t\t\t\t\t\t\t\tLa Tunisie a d\u00e9marr\u00e9 la rencontre tr\u00e8s fort en se procurant deux premi\u00e8res occasions au cours des trois premi\u00e8res minutes. A la 2\u2019, un coup franc direct de Ben Slimane est repouss\u00e9 par le portier malien. Puis, la minute suivante, un pressing des Tunisiens a failli se conclure en but mais la d\u00e9fense malienne sauve en corner.<\/p>\n<p>A la 10\u2019, Lassine Sinayoko dribble sur son c\u00f4t\u00e9 gauche et se joue de la d\u00e9fense tunisienne. Il d\u00e9coche un tir qui trompe Ben Said apr\u00e8s avoir percut\u00e9 son poteau gauche avant de finir sa course dans les filets. Apr\u00e8s ce but, le Mali prend le jeu \u00e0 son compte face \u00e0 une Tunisie refroidie.<\/p>\n<p>C\u2019est gr\u00e2ce \u00e0 Ali Abdi que les Tunisiens reviennent dans le match. Une premi\u00e8re ouverture de l\u2019arri\u00e8re cr\u00e9e le danger lorsque la balle, reprise par Youssef Msakni trouve la transversale malienne. A la 20\u2019, Ali Abdi r\u00e9cidive. Il s\u2019\u00e9chappe sur son c\u00f4t\u00e9 gauche et sert impeccablement en retrait Hamza Rafia dont le tir ne laisse aucune chance au portier malien Diarra et \u00e9galise \u00e0 1-1.<\/p>\n<p>Apr\u00e8s ce but, le jeu se r\u00e9\u00e9quilibre, mais le Mali, plus imposant sur le plan physique, s\u2019accapare le milieu et reste le plus dangereux face \u00e0 des Tunisiens faisant preuve parfois de f\u00e9brilit\u00e9 et de fragilit\u00e9 lorsqu\u2019il s\u2019agit de d\u00e9fendre.<\/p>\n<p>En deuxi\u00e8me mi-temps, l\u2019intensit\u00e9 monte d\u2019un cran. Tunisiens et Maliens se procurent de nombreuses opportunit\u00e9s mais sans pour autant se cr\u00e9er des occasions s\u00e9rieuses de marquer.<\/p>\n<p>Au fil des minutes les joueurs maliens donnent l\u2019impression de vouloir se contenter du match nul qui les arrange, mais se procure tout de m\u00eame une occasion tr\u00e8s dangereuse de doubler le score \u00e0 la 79\u2019. Dans la continuit\u00e9, Seifeddine Ltaief a le deuxi\u00e8me but au bout du pied, mais son tir est d\u00e9vi\u00e9 en corner.<\/p>\n<p>Les deux \u00e9quipes se quittent finalement dos \u00e0 dos sur le score de 1-1 qui arrangent plus les Maliens que les Tunisiens. La Tunisie reste 3\u00e8me du groupe avec 1 point au compteur.<\/p>\n<p>Composition Tunisie : B\u00e9chir Ben Said, Wajdi Kechrida, Yassine Meriah, Montassar Talbi, Ali Abdi, Ellyes Skhiri, Aissa Laidouni, Hamza Rafia (Bassem Srarfi 78\u2019), Anis Ben Slimane Mohamed Ben Romdhane 88\u2019), Elias Achouri (Seifeddine Ltaief 70\u2019), Youssef Msakni (Seifeddine Jaziri 88\u2019)<\/p>\n","protected":false},"excerpt":{"rendered":"<p>La Tunisie et le Mali ont fait match nul 1-1 lors de la 2\u00e8me journ\u00e9e du groupe E de la CAN.<\/p>\n","protected":false},"author":3162,"featured_media":248202,"comment_status":"open","ping_status":"closed","sticky":false,"template":"","format":"standard","meta":{"footnotes":""},"categories":[2593],"tags":[7011,3344,2608],"class_list":["post-211698","post","type-post","status-publish","format-standard","has-post-thumbnail","hentry","category-sport","tag-can-20231","tag-mali","tag-tunisie"],"yoast_head":"<!-- This site is optimized with the Yoast SEO Premium plugin v27.5 (Yoast SEO v27.5) - https:\/\/yoast.com\/product\/yoast-seo-premium-wordpress\/ -->\n<title>CAN 2023+1 : Nul frustrant de la Tunisie face au Mali<\/title>\n<meta name=\"description\" content=\"La Tunisie et le Mali ont fait match nul 1-1 lors de la 2\u00e8me journ\u00e9e du groupe E de la CAN.\" \/>\n<link rel=\"canonical\" href=\"https:\/\/www.webdo.tn\/fr\/actualite\/sport\/can-2023-1-nul-frustrant-de-la-tunisie-face-au-mali\/211698\/\" \/>\n<meta property=\"og:locale\" content=\"fr_FR\" \/>\n<meta property=\"og:type\" content=\"article\" \/>\n<meta property=\"og:title\" content=\"CAN 2023+1 : Nul frustrant de la Tunisie face au Mali\" \/>\n<meta property=\"og:description\" content=\"La Tunisie et le Mali ont fait match nul 1-1 lors de la 2\u00e8me journ\u00e9e du groupe E de la CAN.\" \/>\n<meta property=\"og:url\" content=\"https:\/\/www.webdo.tn\/fr\/actualite\/sport\/can-2023-1-nul-frustrant-de-la-tunisie-face-au-mali\/211698\/\" \/>\n<meta property=\"og:site_name\" content=\"webdo\" \/>\n<meta property=\"article:publisher\" content=\"https:\/\/www.facebook.com\/webdotn\" \/>\n<meta property=\"article:published_time\" content=\"2024-01-20T22:57:00+00:00\" \/>\n<meta property=\"article:modified_time\" content=\"2025-05-20T21:53:46+00:00\" \/>\n<meta property=\"og:image\" content=\"https:\/\/www.webdo.tn\/fr\/wp-content\/uploads\/2024\/01\/2e447ae5a5bf15bfabfe973607081e67.jpg\" \/>\n\t<meta property=\"og:image:width\" content=\"750\" \/>\n\t<meta property=\"og:image:height\" content=\"400\" \/>\n\t<meta property=\"og:image:type\" content=\"image\/jpeg\" \/>\n<meta name=\"author\" content=\"MC\" \/>\n<meta name=\"twitter:card\" content=\"summary_large_image\" \/>\n<meta name=\"twitter:creator\" content=\"@webdo_tn\" \/>\n<meta name=\"twitter:site\" content=\"@webdo_tn\" \/>\n<meta name=\"twitter:label1\" content=\"\u00c9crit par\" \/>\n\t<meta name=\"twitter:data1\" content=\"MC\" \/>\n\t<meta name=\"twitter:label2\" content=\"Dur\u00e9e de lecture estim\u00e9e\" \/>\n\t<meta name=\"twitter:data2\" content=\"2 minutes\" \/>\n<script type=\"application\/ld+json\" class=\"yoast-schema-graph\">{\"@context\":\"https:\\\/\\\/schema.org\",\"@graph\":[{\"@type\":\"NewsArticle\",\"@id\":\"https:\\\/\\\/www.webdo.tn\\\/fr\\\/actualite\\\/sport\\\/can-2023-1-nul-frustrant-de-la-tunisie-face-au-mali\\\/211698\\\/#article\",\"isPartOf\":{\"@id\":\"https:\\\/\\\/www.webdo.tn\\\/fr\\\/actualite\\\/sport\\\/can-2023-1-nul-frustrant-de-la-tunisie-face-au-mali\\\/211698\\\/\"},\"author\":{\"name\":\"MC\",\"@id\":\"https:\\\/\\\/www.webdo.tn\\\/fr\\\/#\\\/schema\\\/person\\\/2c4929cbf5a809e3bd38617c6ce150f6\"},\"headline\":\"CAN 2023+1 : Nul frustrant de la Tunisie face au Mali\",\"datePublished\":\"2024-01-20T22:57:00+00:00\",\"dateModified\":\"2025-05-20T21:53:46+00:00\",\"mainEntityOfPage\":{\"@id\":\"https:\\\/\\\/www.webdo.tn\\\/fr\\\/actualite\\\/sport\\\/can-2023-1-nul-frustrant-de-la-tunisie-face-au-mali\\\/211698\\\/\"},\"wordCount\":454,\"commentCount\":0,\"publisher\":{\"@id\":\"https:\\\/\\\/www.webdo.tn\\\/fr\\\/#organization\"},\"image\":{\"@id\":\"https:\\\/\\\/www.webdo.tn\\\/fr\\\/actualite\\\/sport\\\/can-2023-1-nul-frustrant-de-la-tunisie-face-au-mali\\\/211698\\\/#primaryimage\"},\"thumbnailUrl\":\"https:\\\/\\\/www.webdo.tn\\\/fr\\\/wp-content\\\/uploads\\\/2024\\\/01\\\/2e447ae5a5bf15bfabfe973607081e67.jpg\",\"keywords\":[\"CAN 2023+1\",\"Mali\",\"Tunisie\"],\"articleSection\":[\"Sport\"],\"inLanguage\":\"fr-FR\"},{\"@type\":\"WebPage\",\"@id\":\"https:\\\/\\\/www.webdo.tn\\\/fr\\\/actualite\\\/sport\\\/can-2023-1-nul-frustrant-de-la-tunisie-face-au-mali\\\/211698\\\/\",\"url\":\"https:\\\/\\\/www.webdo.tn\\\/fr\\\/actualite\\\/sport\\\/can-2023-1-nul-frustrant-de-la-tunisie-face-au-mali\\\/211698\\\/\",\"name\":\"CAN 2023+1 : Nul frustrant de la Tunisie face au Mali\",\"isPartOf\":{\"@id\":\"https:\\\/\\\/www.webdo.tn\\\/fr\\\/#website\"},\"primaryImageOfPage\":{\"@id\":\"https:\\\/\\\/www.webdo.tn\\\/fr\\\/actualite\\\/sport\\\/can-2023-1-nul-frustrant-de-la-tunisie-face-au-mali\\\/211698\\\/#primaryimage\"},\"image\":{\"@id\":\"https:\\\/\\\/www.webdo.tn\\\/fr\\\/actualite\\\/sport\\\/can-2023-1-nul-frustrant-de-la-tunisie-face-au-mali\\\/211698\\\/#primaryimage\"},\"thumbnailUrl\":\"https:\\\/\\\/www.webdo.tn\\\/fr\\\/wp-content\\\/uploads\\\/2024\\\/01\\\/2e447ae5a5bf15bfabfe973607081e67.jpg\",\"datePublished\":\"2024-01-20T22:57:00+00:00\",\"dateModified\":\"2025-05-20T21:53:46+00:00\",\"description\":\"La Tunisie et le Mali ont fait match nul 1-1 lors de la 2\u00e8me journ\u00e9e du groupe E de la CAN.\",\"breadcrumb\":{\"@id\":\"https:\\\/\\\/www.webdo.tn\\\/fr\\\/actualite\\\/sport\\\/can-2023-1-nul-frustrant-de-la-tunisie-face-au-mali\\\/211698\\\/#breadcrumb\"},\"inLanguage\":\"fr-FR\",\"potentialAction\":[{\"@type\":\"ReadAction\",\"target\":[\"https:\\\/\\\/www.webdo.tn\\\/fr\\\/actualite\\\/sport\\\/can-2023-1-nul-frustrant-de-la-tunisie-face-au-mali\\\/211698\\\/\"]}]},{\"@type\":\"ImageObject\",\"inLanguage\":\"fr-FR\",\"@id\":\"https:\\\/\\\/www.webdo.tn\\\/fr\\\/actualite\\\/sport\\\/can-2023-1-nul-frustrant-de-la-tunisie-face-au-mali\\\/211698\\\/#primaryimage\",\"url\":\"https:\\\/\\\/www.webdo.tn\\\/fr\\\/wp-content\\\/uploads\\\/2024\\\/01\\\/2e447ae5a5bf15bfabfe973607081e67.jpg\",\"contentUrl\":\"https:\\\/\\\/www.webdo.tn\\\/fr\\\/wp-content\\\/uploads\\\/2024\\\/01\\\/2e447ae5a5bf15bfabfe973607081e67.jpg\",\"width\":750,\"height\":400,\"caption\":\"CAN 2023+1 : Nul frustrant de la Tunisie face au Mali\"},{\"@type\":\"BreadcrumbList\",\"@id\":\"https:\\\/\\\/www.webdo.tn\\\/fr\\\/actualite\\\/sport\\\/can-2023-1-nul-frustrant-de-la-tunisie-face-au-mali\\\/211698\\\/#breadcrumb\",\"itemListElement\":[{\"@type\":\"ListItem\",\"position\":1,\"name\":\"Accueil\",\"item\":\"https:\\\/\\\/www.webdo.tn\\\/fr\\\/\"},{\"@type\":\"ListItem\",\"position\":2,\"name\":\"CAN 2023+1 : Nul frustrant de la Tunisie face au Mali\"}]},{\"@type\":\"WebSite\",\"@id\":\"https:\\\/\\\/www.webdo.tn\\\/fr\\\/#website\",\"url\":\"https:\\\/\\\/www.webdo.tn\\\/fr\\\/\",\"name\":\"webdo\",\"description\":\"Tunisie - News en Tunisie et \u00e0 l&#039;international sur Webdo.tn\",\"publisher\":{\"@id\":\"https:\\\/\\\/www.webdo.tn\\\/fr\\\/#organization\"},\"potentialAction\":[{\"@type\":\"SearchAction\",\"target\":{\"@type\":\"EntryPoint\",\"urlTemplate\":\"https:\\\/\\\/www.webdo.tn\\\/fr\\\/?s={search_term_string}\"},\"query-input\":{\"@type\":\"PropertyValueSpecification\",\"valueRequired\":true,\"valueName\":\"search_term_string\"}}],\"inLanguage\":\"fr-FR\"},{\"@type\":\"Organization\",\"@id\":\"https:\\\/\\\/www.webdo.tn\\\/fr\\\/#organization\",\"name\":\"Webdo\",\"alternateName\":\"Webdo.tn\",\"url\":\"https:\\\/\\\/www.webdo.tn\\\/fr\\\/\",\"logo\":{\"@type\":\"ImageObject\",\"inLanguage\":\"fr-FR\",\"@id\":\"https:\\\/\\\/www.webdo.tn\\\/fr\\\/#\\\/schema\\\/logo\\\/image\\\/\",\"url\":\"https:\\\/\\\/www.webdo.tn\\\/fr\\\/wp-content\\\/uploads\\\/2025\\\/06\\\/Webdo-Tunisie_168377.jpg\",\"contentUrl\":\"https:\\\/\\\/www.webdo.tn\\\/fr\\\/wp-content\\\/uploads\\\/2025\\\/06\\\/Webdo-Tunisie_168377.jpg\",\"width\":301,\"height\":301,\"caption\":\"Webdo\"},\"image\":{\"@id\":\"https:\\\/\\\/www.webdo.tn\\\/fr\\\/#\\\/schema\\\/logo\\\/image\\\/\"},\"sameAs\":[\"https:\\\/\\\/www.facebook.com\\\/webdotn\",\"https:\\\/\\\/x.com\\\/webdo_tn\"],\"description\":\"Webdo est un m\u00e9dia num\u00e9rique tunisien fond\u00e9 en 2010, sp\u00e9cialis\u00e9 dans l\u2019actualit\u00e9 nationale et internationale, l\u2019\u00e9conomie, la soci\u00e9t\u00e9 et les analyses politiques. Le site s\u2019adresse \u00e0 un large public francophone et couvre l\u2019information tunisienne en temps r\u00e9el.\",\"email\":\"redac@webdo.tn\",\"legalName\":\"YNJ SARL\",\"foundingDate\":\"2010-09-06\",\"numberOfEmployees\":{\"@type\":\"QuantitativeValue\",\"minValue\":\"11\",\"maxValue\":\"50\"}},{\"@type\":\"Person\",\"@id\":\"https:\\\/\\\/www.webdo.tn\\\/fr\\\/#\\\/schema\\\/person\\\/2c4929cbf5a809e3bd38617c6ce150f6\",\"name\":\"MC\",\"image\":{\"@type\":\"ImageObject\",\"inLanguage\":\"fr-FR\",\"@id\":\"https:\\\/\\\/secure.gravatar.com\\\/avatar\\\/a545bbb6f84efdd5553dbbc2895e3ca8f1d12c5215e00a041c9670b54aa9b18a?s=96&d=mm&r=g\",\"url\":\"https:\\\/\\\/secure.gravatar.com\\\/avatar\\\/a545bbb6f84efdd5553dbbc2895e3ca8f1d12c5215e00a041c9670b54aa9b18a?s=96&d=mm&r=g\",\"contentUrl\":\"https:\\\/\\\/secure.gravatar.com\\\/avatar\\\/a545bbb6f84efdd5553dbbc2895e3ca8f1d12c5215e00a041c9670b54aa9b18a?s=96&d=mm&r=g\",\"caption\":\"MC\"},\"url\":\"https:\\\/\\\/www.webdo.tn\\\/fr\\\/actualite\\\/author\\\/mc\\\/\"}]}<\/script>\n<!-- \/ Yoast SEO Premium plugin. -->","yoast_head_json":{"title":"CAN 2023+1 : Nul frustrant de la Tunisie face au Mali","description":"La Tunisie et le Mali ont fait match nul 1-1 lors de la 2\u00e8me journ\u00e9e du groupe E de la CAN.","canonical":"https:\/\/www.webdo.tn\/fr\/actualite\/sport\/can-2023-1-nul-frustrant-de-la-tunisie-face-au-mali\/211698\/","og_locale":"fr_FR","og_type":"article","og_title":"CAN 2023+1 : Nul frustrant de la Tunisie face au Mali","og_description":"La Tunisie et le Mali ont fait match nul 1-1 lors de la 2\u00e8me journ\u00e9e du groupe E de la CAN.","og_url":"https:\/\/www.webdo.tn\/fr\/actualite\/sport\/can-2023-1-nul-frustrant-de-la-tunisie-face-au-mali\/211698\/","og_site_name":"webdo","article_publisher":"https:\/\/www.facebook.com\/webdotn","article_published_time":"2024-01-20T22:57:00+00:00","article_modified_time":"2025-05-20T21:53:46+00:00","og_image":[{"width":750,"height":400,"url":"https:\/\/www.webdo.tn\/fr\/wp-content\/uploads\/2024\/01\/2e447ae5a5bf15bfabfe973607081e67.jpg","type":"image\/jpeg"}],"author":"MC","twitter_card":"summary_large_image","twitter_creator":"@webdo_tn","twitter_site":"@webdo_tn","twitter_misc":{"\u00c9crit par":"MC","Dur\u00e9e de lecture estim\u00e9e":"2 minutes"},"schema":{"@context":"https:\/\/schema.org","@graph":[{"@type":"NewsArticle","@id":"https:\/\/www.webdo.tn\/fr\/actualite\/sport\/can-2023-1-nul-frustrant-de-la-tunisie-face-au-mali\/211698\/#article","isPartOf":{"@id":"https:\/\/www.webdo.tn\/fr\/actualite\/sport\/can-2023-1-nul-frustrant-de-la-tunisie-face-au-mali\/211698\/"},"author":{"name":"MC","@id":"https:\/\/www.webdo.tn\/fr\/#\/schema\/person\/2c4929cbf5a809e3bd38617c6ce150f6"},"headline":"CAN 2023+1 : Nul frustrant de la Tunisie face au Mali","datePublished":"2024-01-20T22:57:00+00:00","dateModified":"2025-05-20T21:53:46+00:00","mainEntityOfPage":{"@id":"https:\/\/www.webdo.tn\/fr\/actualite\/sport\/can-2023-1-nul-frustrant-de-la-tunisie-face-au-mali\/211698\/"},"wordCount":454,"commentCount":0,"publisher":{"@id":"https:\/\/www.webdo.tn\/fr\/#organization"},"image":{"@id":"https:\/\/www.webdo.tn\/fr\/actualite\/sport\/can-2023-1-nul-frustrant-de-la-tunisie-face-au-mali\/211698\/#primaryimage"},"thumbnailUrl":"https:\/\/www.webdo.tn\/fr\/wp-content\/uploads\/2024\/01\/2e447ae5a5bf15bfabfe973607081e67.jpg","keywords":["CAN 2023+1","Mali","Tunisie"],"articleSection":["Sport"],"inLanguage":"fr-FR"},{"@type":"WebPage","@id":"https:\/\/www.webdo.tn\/fr\/actualite\/sport\/can-2023-1-nul-frustrant-de-la-tunisie-face-au-mali\/211698\/","url":"https:\/\/www.webdo.tn\/fr\/actualite\/sport\/can-2023-1-nul-frustrant-de-la-tunisie-face-au-mali\/211698\/","name":"CAN 2023+1 : Nul frustrant de la Tunisie face au Mali","isPartOf":{"@id":"https:\/\/www.webdo.tn\/fr\/#website"},"primaryImageOfPage":{"@id":"https:\/\/www.webdo.tn\/fr\/actualite\/sport\/can-2023-1-nul-frustrant-de-la-tunisie-face-au-mali\/211698\/#primaryimage"},"image":{"@id":"https:\/\/www.webdo.tn\/fr\/actualite\/sport\/can-2023-1-nul-frustrant-de-la-tunisie-face-au-mali\/211698\/#primaryimage"},"thumbnailUrl":"https:\/\/www.webdo.tn\/fr\/wp-content\/uploads\/2024\/01\/2e447ae5a5bf15bfabfe973607081e67.jpg","datePublished":"2024-01-20T22:57:00+00:00","dateModified":"2025-05-20T21:53:46+00:00","description":"La Tunisie et le Mali ont fait match nul 1-1 lors de la 2\u00e8me journ\u00e9e du groupe E de la CAN.","breadcrumb":{"@id":"https:\/\/www.webdo.tn\/fr\/actualite\/sport\/can-2023-1-nul-frustrant-de-la-tunisie-face-au-mali\/211698\/#breadcrumb"},"inLanguage":"fr-FR","potentialAction":[{"@type":"ReadAction","target":["https:\/\/www.webdo.tn\/fr\/actualite\/sport\/can-2023-1-nul-frustrant-de-la-tunisie-face-au-mali\/211698\/"]}]},{"@type":"ImageObject","inLanguage":"fr-FR","@id":"https:\/\/www.webdo.tn\/fr\/actualite\/sport\/can-2023-1-nul-frustrant-de-la-tunisie-face-au-mali\/211698\/#primaryimage","url":"https:\/\/www.webdo.tn\/fr\/wp-content\/uploads\/2024\/01\/2e447ae5a5bf15bfabfe973607081e67.jpg","contentUrl":"https:\/\/www.webdo.tn\/fr\/wp-content\/uploads\/2024\/01\/2e447ae5a5bf15bfabfe973607081e67.jpg","width":750,"height":400,"caption":"CAN 2023+1 : Nul frustrant de la Tunisie face au Mali"},{"@type":"BreadcrumbList","@id":"https:\/\/www.webdo.tn\/fr\/actualite\/sport\/can-2023-1-nul-frustrant-de-la-tunisie-face-au-mali\/211698\/#breadcrumb","itemListElement":[{"@type":"ListItem","position":1,"name":"Accueil","item":"https:\/\/www.webdo.tn\/fr\/"},{"@type":"ListItem","position":2,"name":"CAN 2023+1 : Nul frustrant de la Tunisie face au Mali"}]},{"@type":"WebSite","@id":"https:\/\/www.webdo.tn\/fr\/#website","url":"https:\/\/www.webdo.tn\/fr\/","name":"webdo","description":"Tunisie - News en Tunisie et \u00e0 l&#039;international sur Webdo.tn","publisher":{"@id":"https:\/\/www.webdo.tn\/fr\/#organization"},"potentialAction":[{"@type":"SearchAction","target":{"@type":"EntryPoint","urlTemplate":"https:\/\/www.webdo.tn\/fr\/?s={search_term_string}"},"query-input":{"@type":"PropertyValueSpecification","valueRequired":true,"valueName":"search_term_string"}}],"inLanguage":"fr-FR"},{"@type":"Organization","@id":"https:\/\/www.webdo.tn\/fr\/#organization","name":"Webdo","alternateName":"Webdo.tn","url":"https:\/\/www.webdo.tn\/fr\/","logo":{"@type":"ImageObject","inLanguage":"fr-FR","@id":"https:\/\/www.webdo.tn\/fr\/#\/schema\/logo\/image\/","url":"https:\/\/www.webdo.tn\/fr\/wp-content\/uploads\/2025\/06\/Webdo-Tunisie_168377.jpg","contentUrl":"https:\/\/www.webdo.tn\/fr\/wp-content\/uploads\/2025\/06\/Webdo-Tunisie_168377.jpg","width":301,"height":301,"caption":"Webdo"},"image":{"@id":"https:\/\/www.webdo.tn\/fr\/#\/schema\/logo\/image\/"},"sameAs":["https:\/\/www.facebook.com\/webdotn","https:\/\/x.com\/webdo_tn"],"description":"Webdo est un m\u00e9dia num\u00e9rique tunisien fond\u00e9 en 2010, sp\u00e9cialis\u00e9 dans l\u2019actualit\u00e9 nationale et internationale, l\u2019\u00e9conomie, la soci\u00e9t\u00e9 et les analyses politiques. Le site s\u2019adresse \u00e0 un large public francophone et couvre l\u2019information tunisienne en temps r\u00e9el.","email":"redac@webdo.tn","legalName":"YNJ SARL","foundingDate":"2010-09-06","numberOfEmployees":{"@type":"QuantitativeValue","minValue":"11","maxValue":"50"}},{"@type":"Person","@id":"https:\/\/www.webdo.tn\/fr\/#\/schema\/person\/2c4929cbf5a809e3bd38617c6ce150f6","name":"MC","image":{"@type":"ImageObject","inLanguage":"fr-FR","@id":"https:\/\/secure.gravatar.com\/avatar\/a545bbb6f84efdd5553dbbc2895e3ca8f1d12c5215e00a041c9670b54aa9b18a?s=96&d=mm&r=g","url":"https:\/\/secure.gravatar.com\/avatar\/a545bbb6f84efdd5553dbbc2895e3ca8f1d12c5215e00a041c9670b54aa9b18a?s=96&d=mm&r=g","contentUrl":"https:\/\/secure.gravatar.com\/avatar\/a545bbb6f84efdd5553dbbc2895e3ca8f1d12c5215e00a041c9670b54aa9b18a?s=96&d=mm&r=g","caption":"MC"},"url":"https:\/\/www.webdo.tn\/fr\/actualite\/author\/mc\/"}]}},"_links":{"self":[{"href":"https:\/\/www.webdo.tn\/fr\/wp-json\/wp\/v2\/posts\/211698","targetHints":{"allow":["GET"]}}],"collection":[{"href":"https:\/\/www.webdo.tn\/fr\/wp-json\/wp\/v2\/posts"}],"about":[{"href":"https:\/\/www.webdo.tn\/fr\/wp-json\/wp\/v2\/types\/post"}],"author":[{"embeddable":true,"href":"https:\/\/www.webdo.tn\/fr\/wp-json\/wp\/v2\/users\/3162"}],"replies":[{"embeddable":true,"href":"https:\/\/www.webdo.tn\/fr\/wp-json\/wp\/v2\/comments?post=211698"}],"version-history":[{"count":0,"href":"https:\/\/www.webdo.tn\/fr\/wp-json\/wp\/v2\/posts\/211698\/revisions"}],"wp:featuredmedia":[{"embeddable":true,"href":"https:\/\/www.webdo.tn\/fr\/wp-json\/wp\/v2\/media\/248202"}],"wp:attachment":[{"href":"https:\/\/www.webdo.tn\/fr\/wp-json\/wp\/v2\/media?parent=211698"}],"wp:term":[{"taxonomy":"category","embeddable":true,"href":"https:\/\/www.webdo.tn\/fr\/wp-json\/wp\/v2\/categories?post=211698"},{"taxonomy":"post_tag","embeddable":true,"href":"https:\/\/www.webdo.tn\/fr\/wp-json\/wp\/v2\/tags?post=211698"}],"curies":[{"name":"wp","href":"https:\/\/api.w.org\/{rel}","templated":true}]}}