{"id":211697,"date":"2024-01-20T13:27:00","date_gmt":"2024-01-20T13:27:00","guid":{"rendered":"https:\/\/www.webdo.tn\/fr\/blog\/tunisie-quatre-dg-de-la-presidence-du-gouvernement-mis-a-la-retraite\/211697\/"},"modified":"2025-05-20T21:53:44","modified_gmt":"2025-05-20T21:53:44","slug":"tunisie-quatre-dg-de-la-presidence-du-gouvernement-mis-a-la-retraite","status":"publish","type":"post","link":"https:\/\/www.webdo.tn\/fr\/actualite\/national\/tunisie-quatre-dg-de-la-presidence-du-gouvernement-mis-a-la-retraite\/211697\/","title":{"rendered":"Tunisie : Quatre DG de la Pr\u00e9sidence du gouvernement mis \u00e0 la retraite"},"content":{"rendered":"<p>Quatre fonctionnaires, hauts cadres de la Pr\u00e9sidence du gouvernement ont \u00e9t\u00e9 mis \u00e0 la retraite, confirme le dernier Journal officiel de la R\u00e9publique tunisienne (JORT), publi\u00e9 jeudi 18 janvier 2024.<\/p>\n<p>\t\t\t\t\t\t\t\t\tConform\u00e9ment \u00e0 l&rsquo;arr\u00eat\u00e9 n\u00b047 du 18 janvier 2024, la d\u00e9cision a \u00e9t\u00e9 prise de mettre \u00e0 la retraite obligatoire des quatre fonctionnaires en question. Ils sont tous DG et tous dipl\u00f4m\u00e9s du cycle sup\u00e9rieur de l&rsquo;ENA.<\/p>\n<p>Il s\u2019agit d\u2019Afifa Khanfous, du secr\u00e9tariat g\u00e9n\u00e9ral du gouvernement, d\u2019Ilhem Chaari, DG des services Communs \u00e0 la Kasbah, de Najoua Khraief, DG du p\u00f4le \u00e9conomique \u00e0 la Pr\u00e9sidence du gouvernement et de Sami Ben Romdhane, DG \u00e0 la fonction publique, qui sont tous \u00e0 la cinquantaine.<\/p>\n","protected":false},"excerpt":{"rendered":"<p>Quatre fonctionnaires, hauts cadres de la Pr\u00e9sidence du gouvernement ont \u00e9t\u00e9 mis \u00e0 la retraite, confirme le dernier Journal officiel de la R\u00e9publique tunisienne&#8230;<\/p>\n","protected":false},"author":3162,"featured_media":248200,"comment_status":"open","ping_status":"closed","sticky":false,"template":"","format":"standard","meta":{"footnotes":""},"categories":[44],"tags":[2651,5580,7166],"class_list":["post-211697","post","type-post","status-publish","format-standard","has-post-thumbnail","hentry","category-national","tag-gouvernement","tag-presidence-du-gouvernement","tag-retraite-obligatoire"],"yoast_head":"<!-- This site is optimized with the Yoast SEO Premium plugin v27.5 (Yoast SEO v27.5) - https:\/\/yoast.com\/product\/yoast-seo-premium-wordpress\/ -->\n<title>Tunisie : Quatre DG de la Pr\u00e9sidence du gouvernement mis \u00e0 la retraite<\/title>\n<meta name=\"description\" content=\"Quatre fonctionnaires, hauts cadres de la Pr\u00e9sidence du gouvernement ont \u00e9t\u00e9 mis \u00e0 la retraite, confirme le dernier Journal officiel de la R\u00e9publique tunisienne...\" \/>\n<link rel=\"canonical\" href=\"https:\/\/www.webdo.tn\/fr\/actualite\/national\/tunisie-quatre-dg-de-la-presidence-du-gouvernement-mis-a-la-retraite\/211697\/\" \/>\n<meta property=\"og:locale\" content=\"fr_FR\" \/>\n<meta property=\"og:type\" content=\"article\" \/>\n<meta property=\"og:title\" content=\"Tunisie : Quatre DG de la Pr\u00e9sidence du gouvernement mis \u00e0 la retraite\" \/>\n<meta property=\"og:description\" content=\"Quatre fonctionnaires, hauts cadres de la Pr\u00e9sidence du gouvernement ont \u00e9t\u00e9 mis \u00e0 la retraite, confirme le dernier Journal officiel de la R\u00e9publique tunisienne...\" \/>\n<meta property=\"og:url\" content=\"https:\/\/www.webdo.tn\/fr\/actualite\/national\/tunisie-quatre-dg-de-la-presidence-du-gouvernement-mis-a-la-retraite\/211697\/\" \/>\n<meta property=\"og:site_name\" content=\"webdo\" \/>\n<meta property=\"article:publisher\" content=\"https:\/\/www.facebook.com\/webdotn\" \/>\n<meta property=\"article:published_time\" content=\"2024-01-20T13:27:00+00:00\" \/>\n<meta property=\"article:modified_time\" content=\"2025-05-20T21:53:44+00:00\" \/>\n<meta property=\"og:image\" content=\"https:\/\/www.webdo.tn\/fr\/wp-content\/uploads\/2024\/01\/d21ea6d35f8967dfd2e41eae142795b4.gif\" \/>\n\t<meta property=\"og:image:width\" content=\"750\" \/>\n\t<meta property=\"og:image:height\" content=\"400\" \/>\n\t<meta property=\"og:image:type\" content=\"image\/gif\" \/>\n<meta name=\"author\" content=\"MC\" \/>\n<meta name=\"twitter:card\" content=\"summary_large_image\" \/>\n<meta name=\"twitter:creator\" content=\"@webdo_tn\" \/>\n<meta name=\"twitter:site\" content=\"@webdo_tn\" \/>\n<meta name=\"twitter:label1\" content=\"\u00c9crit par\" \/>\n\t<meta name=\"twitter:data1\" content=\"MC\" \/>\n\t<meta name=\"twitter:label2\" content=\"Dur\u00e9e de lecture estim\u00e9e\" \/>\n\t<meta name=\"twitter:data2\" content=\"1 minute\" \/>\n<script type=\"application\/ld+json\" class=\"yoast-schema-graph\">{\"@context\":\"https:\\\/\\\/schema.org\",\"@graph\":[{\"@type\":\"NewsArticle\",\"@id\":\"https:\\\/\\\/www.webdo.tn\\\/fr\\\/actualite\\\/national\\\/tunisie-quatre-dg-de-la-presidence-du-gouvernement-mis-a-la-retraite\\\/211697\\\/#article\",\"isPartOf\":{\"@id\":\"https:\\\/\\\/www.webdo.tn\\\/fr\\\/actualite\\\/national\\\/tunisie-quatre-dg-de-la-presidence-du-gouvernement-mis-a-la-retraite\\\/211697\\\/\"},\"author\":{\"name\":\"MC\",\"@id\":\"https:\\\/\\\/www.webdo.tn\\\/fr\\\/#\\\/schema\\\/person\\\/2c4929cbf5a809e3bd38617c6ce150f6\"},\"headline\":\"Tunisie : Quatre DG de la Pr\u00e9sidence du gouvernement mis \u00e0 la retraite\",\"datePublished\":\"2024-01-20T13:27:00+00:00\",\"dateModified\":\"2025-05-20T21:53:44+00:00\",\"mainEntityOfPage\":{\"@id\":\"https:\\\/\\\/www.webdo.tn\\\/fr\\\/actualite\\\/national\\\/tunisie-quatre-dg-de-la-presidence-du-gouvernement-mis-a-la-retraite\\\/211697\\\/\"},\"wordCount\":131,\"commentCount\":0,\"publisher\":{\"@id\":\"https:\\\/\\\/www.webdo.tn\\\/fr\\\/#organization\"},\"image\":{\"@id\":\"https:\\\/\\\/www.webdo.tn\\\/fr\\\/actualite\\\/national\\\/tunisie-quatre-dg-de-la-presidence-du-gouvernement-mis-a-la-retraite\\\/211697\\\/#primaryimage\"},\"thumbnailUrl\":\"https:\\\/\\\/www.webdo.tn\\\/fr\\\/wp-content\\\/uploads\\\/2024\\\/01\\\/d21ea6d35f8967dfd2e41eae142795b4.gif\",\"keywords\":[\"gouvernement\",\"Pr\u00e9sidence du gouvernement\",\"retraite obligatoire\"],\"articleSection\":[\"National\"],\"inLanguage\":\"fr-FR\"},{\"@type\":\"WebPage\",\"@id\":\"https:\\\/\\\/www.webdo.tn\\\/fr\\\/actualite\\\/national\\\/tunisie-quatre-dg-de-la-presidence-du-gouvernement-mis-a-la-retraite\\\/211697\\\/\",\"url\":\"https:\\\/\\\/www.webdo.tn\\\/fr\\\/actualite\\\/national\\\/tunisie-quatre-dg-de-la-presidence-du-gouvernement-mis-a-la-retraite\\\/211697\\\/\",\"name\":\"Tunisie : Quatre DG de la Pr\u00e9sidence du gouvernement mis \u00e0 la retraite\",\"isPartOf\":{\"@id\":\"https:\\\/\\\/www.webdo.tn\\\/fr\\\/#website\"},\"primaryImageOfPage\":{\"@id\":\"https:\\\/\\\/www.webdo.tn\\\/fr\\\/actualite\\\/national\\\/tunisie-quatre-dg-de-la-presidence-du-gouvernement-mis-a-la-retraite\\\/211697\\\/#primaryimage\"},\"image\":{\"@id\":\"https:\\\/\\\/www.webdo.tn\\\/fr\\\/actualite\\\/national\\\/tunisie-quatre-dg-de-la-presidence-du-gouvernement-mis-a-la-retraite\\\/211697\\\/#primaryimage\"},\"thumbnailUrl\":\"https:\\\/\\\/www.webdo.tn\\\/fr\\\/wp-content\\\/uploads\\\/2024\\\/01\\\/d21ea6d35f8967dfd2e41eae142795b4.gif\",\"datePublished\":\"2024-01-20T13:27:00+00:00\",\"dateModified\":\"2025-05-20T21:53:44+00:00\",\"description\":\"Quatre fonctionnaires, hauts cadres de la Pr\u00e9sidence du gouvernement ont \u00e9t\u00e9 mis \u00e0 la retraite, confirme le dernier Journal officiel de la R\u00e9publique tunisienne...\",\"breadcrumb\":{\"@id\":\"https:\\\/\\\/www.webdo.tn\\\/fr\\\/actualite\\\/national\\\/tunisie-quatre-dg-de-la-presidence-du-gouvernement-mis-a-la-retraite\\\/211697\\\/#breadcrumb\"},\"inLanguage\":\"fr-FR\",\"potentialAction\":[{\"@type\":\"ReadAction\",\"target\":[\"https:\\\/\\\/www.webdo.tn\\\/fr\\\/actualite\\\/national\\\/tunisie-quatre-dg-de-la-presidence-du-gouvernement-mis-a-la-retraite\\\/211697\\\/\"]}]},{\"@type\":\"ImageObject\",\"inLanguage\":\"fr-FR\",\"@id\":\"https:\\\/\\\/www.webdo.tn\\\/fr\\\/actualite\\\/national\\\/tunisie-quatre-dg-de-la-presidence-du-gouvernement-mis-a-la-retraite\\\/211697\\\/#primaryimage\",\"url\":\"https:\\\/\\\/www.webdo.tn\\\/fr\\\/wp-content\\\/uploads\\\/2024\\\/01\\\/d21ea6d35f8967dfd2e41eae142795b4.gif\",\"contentUrl\":\"https:\\\/\\\/www.webdo.tn\\\/fr\\\/wp-content\\\/uploads\\\/2024\\\/01\\\/d21ea6d35f8967dfd2e41eae142795b4.gif\",\"width\":750,\"height\":400,\"caption\":\"Tunisie : Quatre DG de la Pr\u00e9sidence du gouvernement mis \u00e0 la retraite\"},{\"@type\":\"BreadcrumbList\",\"@id\":\"https:\\\/\\\/www.webdo.tn\\\/fr\\\/actualite\\\/national\\\/tunisie-quatre-dg-de-la-presidence-du-gouvernement-mis-a-la-retraite\\\/211697\\\/#breadcrumb\",\"itemListElement\":[{\"@type\":\"ListItem\",\"position\":1,\"name\":\"Accueil\",\"item\":\"https:\\\/\\\/www.webdo.tn\\\/fr\\\/\"},{\"@type\":\"ListItem\",\"position\":2,\"name\":\"Tunisie : Quatre DG de la Pr\u00e9sidence du gouvernement mis \u00e0 la retraite\"}]},{\"@type\":\"WebSite\",\"@id\":\"https:\\\/\\\/www.webdo.tn\\\/fr\\\/#website\",\"url\":\"https:\\\/\\\/www.webdo.tn\\\/fr\\\/\",\"name\":\"webdo\",\"description\":\"Tunisie - News en Tunisie et \u00e0 l&#039;international sur Webdo.tn\",\"publisher\":{\"@id\":\"https:\\\/\\\/www.webdo.tn\\\/fr\\\/#organization\"},\"potentialAction\":[{\"@type\":\"SearchAction\",\"target\":{\"@type\":\"EntryPoint\",\"urlTemplate\":\"https:\\\/\\\/www.webdo.tn\\\/fr\\\/?s={search_term_string}\"},\"query-input\":{\"@type\":\"PropertyValueSpecification\",\"valueRequired\":true,\"valueName\":\"search_term_string\"}}],\"inLanguage\":\"fr-FR\"},{\"@type\":\"Organization\",\"@id\":\"https:\\\/\\\/www.webdo.tn\\\/fr\\\/#organization\",\"name\":\"Webdo\",\"alternateName\":\"Webdo.tn\",\"url\":\"https:\\\/\\\/www.webdo.tn\\\/fr\\\/\",\"logo\":{\"@type\":\"ImageObject\",\"inLanguage\":\"fr-FR\",\"@id\":\"https:\\\/\\\/www.webdo.tn\\\/fr\\\/#\\\/schema\\\/logo\\\/image\\\/\",\"url\":\"https:\\\/\\\/www.webdo.tn\\\/fr\\\/wp-content\\\/uploads\\\/2025\\\/06\\\/Webdo-Tunisie_168377.jpg\",\"contentUrl\":\"https:\\\/\\\/www.webdo.tn\\\/fr\\\/wp-content\\\/uploads\\\/2025\\\/06\\\/Webdo-Tunisie_168377.jpg\",\"width\":301,\"height\":301,\"caption\":\"Webdo\"},\"image\":{\"@id\":\"https:\\\/\\\/www.webdo.tn\\\/fr\\\/#\\\/schema\\\/logo\\\/image\\\/\"},\"sameAs\":[\"https:\\\/\\\/www.facebook.com\\\/webdotn\",\"https:\\\/\\\/x.com\\\/webdo_tn\"],\"description\":\"Webdo est un m\u00e9dia num\u00e9rique tunisien fond\u00e9 en 2010, sp\u00e9cialis\u00e9 dans l\u2019actualit\u00e9 nationale et internationale, l\u2019\u00e9conomie, la soci\u00e9t\u00e9 et les analyses politiques. Le site s\u2019adresse \u00e0 un large public francophone et couvre l\u2019information tunisienne en temps r\u00e9el.\",\"email\":\"redac@webdo.tn\",\"legalName\":\"YNJ SARL\",\"foundingDate\":\"2010-09-06\",\"numberOfEmployees\":{\"@type\":\"QuantitativeValue\",\"minValue\":\"11\",\"maxValue\":\"50\"}},{\"@type\":\"Person\",\"@id\":\"https:\\\/\\\/www.webdo.tn\\\/fr\\\/#\\\/schema\\\/person\\\/2c4929cbf5a809e3bd38617c6ce150f6\",\"name\":\"MC\",\"image\":{\"@type\":\"ImageObject\",\"inLanguage\":\"fr-FR\",\"@id\":\"https:\\\/\\\/secure.gravatar.com\\\/avatar\\\/a545bbb6f84efdd5553dbbc2895e3ca8f1d12c5215e00a041c9670b54aa9b18a?s=96&d=mm&r=g\",\"url\":\"https:\\\/\\\/secure.gravatar.com\\\/avatar\\\/a545bbb6f84efdd5553dbbc2895e3ca8f1d12c5215e00a041c9670b54aa9b18a?s=96&d=mm&r=g\",\"contentUrl\":\"https:\\\/\\\/secure.gravatar.com\\\/avatar\\\/a545bbb6f84efdd5553dbbc2895e3ca8f1d12c5215e00a041c9670b54aa9b18a?s=96&d=mm&r=g\",\"caption\":\"MC\"},\"url\":\"https:\\\/\\\/www.webdo.tn\\\/fr\\\/actualite\\\/author\\\/mc\\\/\"}]}<\/script>\n<!-- \/ Yoast SEO Premium plugin. -->","yoast_head_json":{"title":"Tunisie : Quatre DG de la Pr\u00e9sidence du gouvernement mis \u00e0 la retraite","description":"Quatre fonctionnaires, hauts cadres de la Pr\u00e9sidence du gouvernement ont \u00e9t\u00e9 mis \u00e0 la retraite, confirme le dernier Journal officiel de la R\u00e9publique tunisienne...","canonical":"https:\/\/www.webdo.tn\/fr\/actualite\/national\/tunisie-quatre-dg-de-la-presidence-du-gouvernement-mis-a-la-retraite\/211697\/","og_locale":"fr_FR","og_type":"article","og_title":"Tunisie : Quatre DG de la Pr\u00e9sidence du gouvernement mis \u00e0 la retraite","og_description":"Quatre fonctionnaires, hauts cadres de la Pr\u00e9sidence du gouvernement ont \u00e9t\u00e9 mis \u00e0 la retraite, confirme le dernier Journal officiel de la R\u00e9publique tunisienne...","og_url":"https:\/\/www.webdo.tn\/fr\/actualite\/national\/tunisie-quatre-dg-de-la-presidence-du-gouvernement-mis-a-la-retraite\/211697\/","og_site_name":"webdo","article_publisher":"https:\/\/www.facebook.com\/webdotn","article_published_time":"2024-01-20T13:27:00+00:00","article_modified_time":"2025-05-20T21:53:44+00:00","og_image":[{"width":750,"height":400,"url":"https:\/\/www.webdo.tn\/fr\/wp-content\/uploads\/2024\/01\/d21ea6d35f8967dfd2e41eae142795b4.gif","type":"image\/gif"}],"author":"MC","twitter_card":"summary_large_image","twitter_creator":"@webdo_tn","twitter_site":"@webdo_tn","twitter_misc":{"\u00c9crit par":"MC","Dur\u00e9e de lecture estim\u00e9e":"1 minute"},"schema":{"@context":"https:\/\/schema.org","@graph":[{"@type":"NewsArticle","@id":"https:\/\/www.webdo.tn\/fr\/actualite\/national\/tunisie-quatre-dg-de-la-presidence-du-gouvernement-mis-a-la-retraite\/211697\/#article","isPartOf":{"@id":"https:\/\/www.webdo.tn\/fr\/actualite\/national\/tunisie-quatre-dg-de-la-presidence-du-gouvernement-mis-a-la-retraite\/211697\/"},"author":{"name":"MC","@id":"https:\/\/www.webdo.tn\/fr\/#\/schema\/person\/2c4929cbf5a809e3bd38617c6ce150f6"},"headline":"Tunisie : Quatre DG de la Pr\u00e9sidence du gouvernement mis \u00e0 la retraite","datePublished":"2024-01-20T13:27:00+00:00","dateModified":"2025-05-20T21:53:44+00:00","mainEntityOfPage":{"@id":"https:\/\/www.webdo.tn\/fr\/actualite\/national\/tunisie-quatre-dg-de-la-presidence-du-gouvernement-mis-a-la-retraite\/211697\/"},"wordCount":131,"commentCount":0,"publisher":{"@id":"https:\/\/www.webdo.tn\/fr\/#organization"},"image":{"@id":"https:\/\/www.webdo.tn\/fr\/actualite\/national\/tunisie-quatre-dg-de-la-presidence-du-gouvernement-mis-a-la-retraite\/211697\/#primaryimage"},"thumbnailUrl":"https:\/\/www.webdo.tn\/fr\/wp-content\/uploads\/2024\/01\/d21ea6d35f8967dfd2e41eae142795b4.gif","keywords":["gouvernement","Pr\u00e9sidence du gouvernement","retraite obligatoire"],"articleSection":["National"],"inLanguage":"fr-FR"},{"@type":"WebPage","@id":"https:\/\/www.webdo.tn\/fr\/actualite\/national\/tunisie-quatre-dg-de-la-presidence-du-gouvernement-mis-a-la-retraite\/211697\/","url":"https:\/\/www.webdo.tn\/fr\/actualite\/national\/tunisie-quatre-dg-de-la-presidence-du-gouvernement-mis-a-la-retraite\/211697\/","name":"Tunisie : Quatre DG de la Pr\u00e9sidence du gouvernement mis \u00e0 la retraite","isPartOf":{"@id":"https:\/\/www.webdo.tn\/fr\/#website"},"primaryImageOfPage":{"@id":"https:\/\/www.webdo.tn\/fr\/actualite\/national\/tunisie-quatre-dg-de-la-presidence-du-gouvernement-mis-a-la-retraite\/211697\/#primaryimage"},"image":{"@id":"https:\/\/www.webdo.tn\/fr\/actualite\/national\/tunisie-quatre-dg-de-la-presidence-du-gouvernement-mis-a-la-retraite\/211697\/#primaryimage"},"thumbnailUrl":"https:\/\/www.webdo.tn\/fr\/wp-content\/uploads\/2024\/01\/d21ea6d35f8967dfd2e41eae142795b4.gif","datePublished":"2024-01-20T13:27:00+00:00","dateModified":"2025-05-20T21:53:44+00:00","description":"Quatre fonctionnaires, hauts cadres de la Pr\u00e9sidence du gouvernement ont \u00e9t\u00e9 mis \u00e0 la retraite, confirme le dernier Journal officiel de la R\u00e9publique tunisienne...","breadcrumb":{"@id":"https:\/\/www.webdo.tn\/fr\/actualite\/national\/tunisie-quatre-dg-de-la-presidence-du-gouvernement-mis-a-la-retraite\/211697\/#breadcrumb"},"inLanguage":"fr-FR","potentialAction":[{"@type":"ReadAction","target":["https:\/\/www.webdo.tn\/fr\/actualite\/national\/tunisie-quatre-dg-de-la-presidence-du-gouvernement-mis-a-la-retraite\/211697\/"]}]},{"@type":"ImageObject","inLanguage":"fr-FR","@id":"https:\/\/www.webdo.tn\/fr\/actualite\/national\/tunisie-quatre-dg-de-la-presidence-du-gouvernement-mis-a-la-retraite\/211697\/#primaryimage","url":"https:\/\/www.webdo.tn\/fr\/wp-content\/uploads\/2024\/01\/d21ea6d35f8967dfd2e41eae142795b4.gif","contentUrl":"https:\/\/www.webdo.tn\/fr\/wp-content\/uploads\/2024\/01\/d21ea6d35f8967dfd2e41eae142795b4.gif","width":750,"height":400,"caption":"Tunisie : Quatre DG de la Pr\u00e9sidence du gouvernement mis \u00e0 la retraite"},{"@type":"BreadcrumbList","@id":"https:\/\/www.webdo.tn\/fr\/actualite\/national\/tunisie-quatre-dg-de-la-presidence-du-gouvernement-mis-a-la-retraite\/211697\/#breadcrumb","itemListElement":[{"@type":"ListItem","position":1,"name":"Accueil","item":"https:\/\/www.webdo.tn\/fr\/"},{"@type":"ListItem","position":2,"name":"Tunisie : Quatre DG de la Pr\u00e9sidence du gouvernement mis \u00e0 la retraite"}]},{"@type":"WebSite","@id":"https:\/\/www.webdo.tn\/fr\/#website","url":"https:\/\/www.webdo.tn\/fr\/","name":"webdo","description":"Tunisie - News en Tunisie et \u00e0 l&#039;international sur Webdo.tn","publisher":{"@id":"https:\/\/www.webdo.tn\/fr\/#organization"},"potentialAction":[{"@type":"SearchAction","target":{"@type":"EntryPoint","urlTemplate":"https:\/\/www.webdo.tn\/fr\/?s={search_term_string}"},"query-input":{"@type":"PropertyValueSpecification","valueRequired":true,"valueName":"search_term_string"}}],"inLanguage":"fr-FR"},{"@type":"Organization","@id":"https:\/\/www.webdo.tn\/fr\/#organization","name":"Webdo","alternateName":"Webdo.tn","url":"https:\/\/www.webdo.tn\/fr\/","logo":{"@type":"ImageObject","inLanguage":"fr-FR","@id":"https:\/\/www.webdo.tn\/fr\/#\/schema\/logo\/image\/","url":"https:\/\/www.webdo.tn\/fr\/wp-content\/uploads\/2025\/06\/Webdo-Tunisie_168377.jpg","contentUrl":"https:\/\/www.webdo.tn\/fr\/wp-content\/uploads\/2025\/06\/Webdo-Tunisie_168377.jpg","width":301,"height":301,"caption":"Webdo"},"image":{"@id":"https:\/\/www.webdo.tn\/fr\/#\/schema\/logo\/image\/"},"sameAs":["https:\/\/www.facebook.com\/webdotn","https:\/\/x.com\/webdo_tn"],"description":"Webdo est un m\u00e9dia num\u00e9rique tunisien fond\u00e9 en 2010, sp\u00e9cialis\u00e9 dans l\u2019actualit\u00e9 nationale et internationale, l\u2019\u00e9conomie, la soci\u00e9t\u00e9 et les analyses politiques. Le site s\u2019adresse \u00e0 un large public francophone et couvre l\u2019information tunisienne en temps r\u00e9el.","email":"redac@webdo.tn","legalName":"YNJ SARL","foundingDate":"2010-09-06","numberOfEmployees":{"@type":"QuantitativeValue","minValue":"11","maxValue":"50"}},{"@type":"Person","@id":"https:\/\/www.webdo.tn\/fr\/#\/schema\/person\/2c4929cbf5a809e3bd38617c6ce150f6","name":"MC","image":{"@type":"ImageObject","inLanguage":"fr-FR","@id":"https:\/\/secure.gravatar.com\/avatar\/a545bbb6f84efdd5553dbbc2895e3ca8f1d12c5215e00a041c9670b54aa9b18a?s=96&d=mm&r=g","url":"https:\/\/secure.gravatar.com\/avatar\/a545bbb6f84efdd5553dbbc2895e3ca8f1d12c5215e00a041c9670b54aa9b18a?s=96&d=mm&r=g","contentUrl":"https:\/\/secure.gravatar.com\/avatar\/a545bbb6f84efdd5553dbbc2895e3ca8f1d12c5215e00a041c9670b54aa9b18a?s=96&d=mm&r=g","caption":"MC"},"url":"https:\/\/www.webdo.tn\/fr\/actualite\/author\/mc\/"}]}},"_links":{"self":[{"href":"https:\/\/www.webdo.tn\/fr\/wp-json\/wp\/v2\/posts\/211697","targetHints":{"allow":["GET"]}}],"collection":[{"href":"https:\/\/www.webdo.tn\/fr\/wp-json\/wp\/v2\/posts"}],"about":[{"href":"https:\/\/www.webdo.tn\/fr\/wp-json\/wp\/v2\/types\/post"}],"author":[{"embeddable":true,"href":"https:\/\/www.webdo.tn\/fr\/wp-json\/wp\/v2\/users\/3162"}],"replies":[{"embeddable":true,"href":"https:\/\/www.webdo.tn\/fr\/wp-json\/wp\/v2\/comments?post=211697"}],"version-history":[{"count":0,"href":"https:\/\/www.webdo.tn\/fr\/wp-json\/wp\/v2\/posts\/211697\/revisions"}],"wp:featuredmedia":[{"embeddable":true,"href":"https:\/\/www.webdo.tn\/fr\/wp-json\/wp\/v2\/media\/248200"}],"wp:attachment":[{"href":"https:\/\/www.webdo.tn\/fr\/wp-json\/wp\/v2\/media?parent=211697"}],"wp:term":[{"taxonomy":"category","embeddable":true,"href":"https:\/\/www.webdo.tn\/fr\/wp-json\/wp\/v2\/categories?post=211697"},{"taxonomy":"post_tag","embeddable":true,"href":"https:\/\/www.webdo.tn\/fr\/wp-json\/wp\/v2\/tags?post=211697"}],"curies":[{"name":"wp","href":"https:\/\/api.w.org\/{rel}","templated":true}]}}