{"id":211689,"date":"2024-01-20T10:49:00","date_gmt":"2024-01-20T10:49:00","guid":{"rendered":"https:\/\/www.webdo.tn\/fr\/blog\/can-2023-1-la-tunisie-saura-t-elle-reagir-face-au-mali\/211689\/"},"modified":"2025-05-20T21:53:43","modified_gmt":"2025-05-20T21:53:43","slug":"can-2023-1-la-tunisie-saura-t-elle-reagir-face-au-mali","status":"publish","type":"post","link":"https:\/\/www.webdo.tn\/fr\/actualite\/sport\/can-2023-1-la-tunisie-saura-t-elle-reagir-face-au-mali\/211689\/","title":{"rendered":"CAN 2023+1 : La Tunisie saura-t-elle r\u00e9agir face au Mali ?"},"content":{"rendered":"<p>La s\u00e9lection tunisienne dispute, ce samedi 20 janvier 2024, un match d\u00e9cisif face au Mali.<\/p>\n<p>\t\t\t\t\t\t\t\t\tLes Tunisiens, battus par la Namibie lors de la 1\u00e8re journ\u00e9e, n\u2019ont plus droit \u00e0 l\u2019erreur s\u2019ils veulent garder une chance de se qualifier au 2\u00e8me tour. Les Aigles de Carthage affrontent, ce soir \u00e0 21h00, le Mali, un adversaire d\u2019un autre calibre.<\/p>\n<p>Les Tunisiens devront se m\u00e9fier du Mali et \u00e0 d\u00e9faut de victoire face au leader du groupe D, ils devront \u00e9viter \u00e0 tout prix la d\u00e9faite pour pr\u00e9server leurs chances de qualification en huiti\u00e8mes de finale.<\/p>\n<p>Apr\u00e8s la pi\u00e8tre prestation du premier match, les joueurs du tr\u00e8s contest\u00e9 s\u00e9lectionneur Jalel Kadri, sauront-ils relever la t\u00eate ? R\u00e9ponse, ce soir \u00e0 partir de 21h00.<\/p>\n<p>\t21h00 : Tunisie &#8211; Mali (Arbitre : Daniel Nii Laryea &#8211; Ghana)<br \/>\n\tRetransmission : beIN Sports ar Max 1, beIN Sports fr 2, Sport TV 4, Sport Digital<\/p>\n","protected":false},"excerpt":{"rendered":"<p>Les Tunisiens, battus par la Namibie lors de la 1\u00e8re journ\u00e9e, n\u2019ont plus droit \u00e0 l\u2019erreur s\u2019ils veulent garder une chance de se qualifier au 2\u00e8me tour.<\/p>\n","protected":false},"author":3162,"featured_media":248198,"comment_status":"open","ping_status":"closed","sticky":false,"template":"","format":"standard","meta":{"footnotes":""},"categories":[2593],"tags":[7011,3344,2608],"class_list":["post-211689","post","type-post","status-publish","format-standard","has-post-thumbnail","hentry","category-sport","tag-can-20231","tag-mali","tag-tunisie"],"yoast_head":"<!-- This site is optimized with the Yoast SEO Premium plugin v27.5 (Yoast SEO v27.5) - https:\/\/yoast.com\/product\/yoast-seo-premium-wordpress\/ -->\n<title>CAN 2023+1 : La Tunisie saura-t-elle r\u00e9agir face au Mali ?<\/title>\n<meta name=\"description\" content=\"Les Tunisiens, battus par la Namibie lors de la 1\u00e8re journ\u00e9e, n\u2019ont plus droit \u00e0 l\u2019erreur s\u2019ils veulent garder une chance de se qualifier au 2\u00e8me tour.\" \/>\n<link rel=\"canonical\" href=\"https:\/\/www.webdo.tn\/fr\/actualite\/sport\/can-2023-1-la-tunisie-saura-t-elle-reagir-face-au-mali\/211689\/\" \/>\n<meta property=\"og:locale\" content=\"fr_FR\" \/>\n<meta property=\"og:type\" content=\"article\" \/>\n<meta property=\"og:title\" content=\"CAN 2023+1 : La Tunisie saura-t-elle r\u00e9agir face au Mali ?\" \/>\n<meta property=\"og:description\" content=\"Les Tunisiens, battus par la Namibie lors de la 1\u00e8re journ\u00e9e, n\u2019ont plus droit \u00e0 l\u2019erreur s\u2019ils veulent garder une chance de se qualifier au 2\u00e8me tour.\" \/>\n<meta property=\"og:url\" content=\"https:\/\/www.webdo.tn\/fr\/actualite\/sport\/can-2023-1-la-tunisie-saura-t-elle-reagir-face-au-mali\/211689\/\" \/>\n<meta property=\"og:site_name\" content=\"webdo\" \/>\n<meta property=\"article:publisher\" content=\"https:\/\/www.facebook.com\/webdotn\" \/>\n<meta property=\"article:published_time\" content=\"2024-01-20T10:49:00+00:00\" \/>\n<meta property=\"article:modified_time\" content=\"2025-05-20T21:53:43+00:00\" \/>\n<meta property=\"og:image\" content=\"https:\/\/www.webdo.tn\/fr\/wp-content\/uploads\/2024\/01\/676e88ff7d668472e9e5a5ca32132093.jpg\" \/>\n\t<meta property=\"og:image:width\" content=\"750\" \/>\n\t<meta property=\"og:image:height\" content=\"400\" \/>\n\t<meta property=\"og:image:type\" content=\"image\/jpeg\" \/>\n<meta name=\"author\" content=\"MC\" \/>\n<meta name=\"twitter:card\" content=\"summary_large_image\" \/>\n<meta name=\"twitter:creator\" content=\"@webdo_tn\" \/>\n<meta name=\"twitter:site\" content=\"@webdo_tn\" \/>\n<meta name=\"twitter:label1\" content=\"\u00c9crit par\" \/>\n\t<meta name=\"twitter:data1\" content=\"MC\" \/>\n\t<meta name=\"twitter:label2\" content=\"Dur\u00e9e de lecture estim\u00e9e\" \/>\n\t<meta name=\"twitter:data2\" content=\"1 minute\" \/>\n<script type=\"application\/ld+json\" class=\"yoast-schema-graph\">{\"@context\":\"https:\\\/\\\/schema.org\",\"@graph\":[{\"@type\":\"NewsArticle\",\"@id\":\"https:\\\/\\\/www.webdo.tn\\\/fr\\\/actualite\\\/sport\\\/can-2023-1-la-tunisie-saura-t-elle-reagir-face-au-mali\\\/211689\\\/#article\",\"isPartOf\":{\"@id\":\"https:\\\/\\\/www.webdo.tn\\\/fr\\\/actualite\\\/sport\\\/can-2023-1-la-tunisie-saura-t-elle-reagir-face-au-mali\\\/211689\\\/\"},\"author\":{\"name\":\"MC\",\"@id\":\"https:\\\/\\\/www.webdo.tn\\\/fr\\\/#\\\/schema\\\/person\\\/2c4929cbf5a809e3bd38617c6ce150f6\"},\"headline\":\"CAN 2023+1 : La Tunisie saura-t-elle r\u00e9agir face au Mali ?\",\"datePublished\":\"2024-01-20T10:49:00+00:00\",\"dateModified\":\"2025-05-20T21:53:43+00:00\",\"mainEntityOfPage\":{\"@id\":\"https:\\\/\\\/www.webdo.tn\\\/fr\\\/actualite\\\/sport\\\/can-2023-1-la-tunisie-saura-t-elle-reagir-face-au-mali\\\/211689\\\/\"},\"wordCount\":162,\"commentCount\":0,\"publisher\":{\"@id\":\"https:\\\/\\\/www.webdo.tn\\\/fr\\\/#organization\"},\"image\":{\"@id\":\"https:\\\/\\\/www.webdo.tn\\\/fr\\\/actualite\\\/sport\\\/can-2023-1-la-tunisie-saura-t-elle-reagir-face-au-mali\\\/211689\\\/#primaryimage\"},\"thumbnailUrl\":\"https:\\\/\\\/www.webdo.tn\\\/fr\\\/wp-content\\\/uploads\\\/2024\\\/01\\\/676e88ff7d668472e9e5a5ca32132093.jpg\",\"keywords\":[\"CAN 2023+1\",\"Mali\",\"Tunisie\"],\"articleSection\":[\"Sport\"],\"inLanguage\":\"fr-FR\"},{\"@type\":\"WebPage\",\"@id\":\"https:\\\/\\\/www.webdo.tn\\\/fr\\\/actualite\\\/sport\\\/can-2023-1-la-tunisie-saura-t-elle-reagir-face-au-mali\\\/211689\\\/\",\"url\":\"https:\\\/\\\/www.webdo.tn\\\/fr\\\/actualite\\\/sport\\\/can-2023-1-la-tunisie-saura-t-elle-reagir-face-au-mali\\\/211689\\\/\",\"name\":\"CAN 2023+1 : La Tunisie saura-t-elle r\u00e9agir face au Mali ?\",\"isPartOf\":{\"@id\":\"https:\\\/\\\/www.webdo.tn\\\/fr\\\/#website\"},\"primaryImageOfPage\":{\"@id\":\"https:\\\/\\\/www.webdo.tn\\\/fr\\\/actualite\\\/sport\\\/can-2023-1-la-tunisie-saura-t-elle-reagir-face-au-mali\\\/211689\\\/#primaryimage\"},\"image\":{\"@id\":\"https:\\\/\\\/www.webdo.tn\\\/fr\\\/actualite\\\/sport\\\/can-2023-1-la-tunisie-saura-t-elle-reagir-face-au-mali\\\/211689\\\/#primaryimage\"},\"thumbnailUrl\":\"https:\\\/\\\/www.webdo.tn\\\/fr\\\/wp-content\\\/uploads\\\/2024\\\/01\\\/676e88ff7d668472e9e5a5ca32132093.jpg\",\"datePublished\":\"2024-01-20T10:49:00+00:00\",\"dateModified\":\"2025-05-20T21:53:43+00:00\",\"description\":\"Les Tunisiens, battus par la Namibie lors de la 1\u00e8re journ\u00e9e, n\u2019ont plus droit \u00e0 l\u2019erreur s\u2019ils veulent garder une chance de se qualifier au 2\u00e8me tour.\",\"breadcrumb\":{\"@id\":\"https:\\\/\\\/www.webdo.tn\\\/fr\\\/actualite\\\/sport\\\/can-2023-1-la-tunisie-saura-t-elle-reagir-face-au-mali\\\/211689\\\/#breadcrumb\"},\"inLanguage\":\"fr-FR\",\"potentialAction\":[{\"@type\":\"ReadAction\",\"target\":[\"https:\\\/\\\/www.webdo.tn\\\/fr\\\/actualite\\\/sport\\\/can-2023-1-la-tunisie-saura-t-elle-reagir-face-au-mali\\\/211689\\\/\"]}]},{\"@type\":\"ImageObject\",\"inLanguage\":\"fr-FR\",\"@id\":\"https:\\\/\\\/www.webdo.tn\\\/fr\\\/actualite\\\/sport\\\/can-2023-1-la-tunisie-saura-t-elle-reagir-face-au-mali\\\/211689\\\/#primaryimage\",\"url\":\"https:\\\/\\\/www.webdo.tn\\\/fr\\\/wp-content\\\/uploads\\\/2024\\\/01\\\/676e88ff7d668472e9e5a5ca32132093.jpg\",\"contentUrl\":\"https:\\\/\\\/www.webdo.tn\\\/fr\\\/wp-content\\\/uploads\\\/2024\\\/01\\\/676e88ff7d668472e9e5a5ca32132093.jpg\",\"width\":750,\"height\":400,\"caption\":\"CAN 2023+1 : La Tunisie saura-t-elle r\u00e9agir face au Mali ?\"},{\"@type\":\"BreadcrumbList\",\"@id\":\"https:\\\/\\\/www.webdo.tn\\\/fr\\\/actualite\\\/sport\\\/can-2023-1-la-tunisie-saura-t-elle-reagir-face-au-mali\\\/211689\\\/#breadcrumb\",\"itemListElement\":[{\"@type\":\"ListItem\",\"position\":1,\"name\":\"Accueil\",\"item\":\"https:\\\/\\\/www.webdo.tn\\\/fr\\\/\"},{\"@type\":\"ListItem\",\"position\":2,\"name\":\"CAN 2023+1 : La Tunisie saura-t-elle r\u00e9agir face au Mali ?\"}]},{\"@type\":\"WebSite\",\"@id\":\"https:\\\/\\\/www.webdo.tn\\\/fr\\\/#website\",\"url\":\"https:\\\/\\\/www.webdo.tn\\\/fr\\\/\",\"name\":\"webdo\",\"description\":\"Tunisie - News en Tunisie et \u00e0 l&#039;international sur Webdo.tn\",\"publisher\":{\"@id\":\"https:\\\/\\\/www.webdo.tn\\\/fr\\\/#organization\"},\"potentialAction\":[{\"@type\":\"SearchAction\",\"target\":{\"@type\":\"EntryPoint\",\"urlTemplate\":\"https:\\\/\\\/www.webdo.tn\\\/fr\\\/?s={search_term_string}\"},\"query-input\":{\"@type\":\"PropertyValueSpecification\",\"valueRequired\":true,\"valueName\":\"search_term_string\"}}],\"inLanguage\":\"fr-FR\"},{\"@type\":\"Organization\",\"@id\":\"https:\\\/\\\/www.webdo.tn\\\/fr\\\/#organization\",\"name\":\"Webdo\",\"alternateName\":\"Webdo.tn\",\"url\":\"https:\\\/\\\/www.webdo.tn\\\/fr\\\/\",\"logo\":{\"@type\":\"ImageObject\",\"inLanguage\":\"fr-FR\",\"@id\":\"https:\\\/\\\/www.webdo.tn\\\/fr\\\/#\\\/schema\\\/logo\\\/image\\\/\",\"url\":\"https:\\\/\\\/www.webdo.tn\\\/fr\\\/wp-content\\\/uploads\\\/2025\\\/06\\\/Webdo-Tunisie_168377.jpg\",\"contentUrl\":\"https:\\\/\\\/www.webdo.tn\\\/fr\\\/wp-content\\\/uploads\\\/2025\\\/06\\\/Webdo-Tunisie_168377.jpg\",\"width\":301,\"height\":301,\"caption\":\"Webdo\"},\"image\":{\"@id\":\"https:\\\/\\\/www.webdo.tn\\\/fr\\\/#\\\/schema\\\/logo\\\/image\\\/\"},\"sameAs\":[\"https:\\\/\\\/www.facebook.com\\\/webdotn\",\"https:\\\/\\\/x.com\\\/webdo_tn\"],\"description\":\"Webdo est un m\u00e9dia num\u00e9rique tunisien fond\u00e9 en 2010, sp\u00e9cialis\u00e9 dans l\u2019actualit\u00e9 nationale et internationale, l\u2019\u00e9conomie, la soci\u00e9t\u00e9 et les analyses politiques. Le site s\u2019adresse \u00e0 un large public francophone et couvre l\u2019information tunisienne en temps r\u00e9el.\",\"email\":\"redac@webdo.tn\",\"legalName\":\"YNJ SARL\",\"foundingDate\":\"2010-09-06\",\"numberOfEmployees\":{\"@type\":\"QuantitativeValue\",\"minValue\":\"11\",\"maxValue\":\"50\"}},{\"@type\":\"Person\",\"@id\":\"https:\\\/\\\/www.webdo.tn\\\/fr\\\/#\\\/schema\\\/person\\\/2c4929cbf5a809e3bd38617c6ce150f6\",\"name\":\"MC\",\"image\":{\"@type\":\"ImageObject\",\"inLanguage\":\"fr-FR\",\"@id\":\"https:\\\/\\\/secure.gravatar.com\\\/avatar\\\/a545bbb6f84efdd5553dbbc2895e3ca8f1d12c5215e00a041c9670b54aa9b18a?s=96&d=mm&r=g\",\"url\":\"https:\\\/\\\/secure.gravatar.com\\\/avatar\\\/a545bbb6f84efdd5553dbbc2895e3ca8f1d12c5215e00a041c9670b54aa9b18a?s=96&d=mm&r=g\",\"contentUrl\":\"https:\\\/\\\/secure.gravatar.com\\\/avatar\\\/a545bbb6f84efdd5553dbbc2895e3ca8f1d12c5215e00a041c9670b54aa9b18a?s=96&d=mm&r=g\",\"caption\":\"MC\"},\"url\":\"https:\\\/\\\/www.webdo.tn\\\/fr\\\/actualite\\\/author\\\/mc\\\/\"}]}<\/script>\n<!-- \/ Yoast SEO Premium plugin. -->","yoast_head_json":{"title":"CAN 2023+1 : La Tunisie saura-t-elle r\u00e9agir face au Mali ?","description":"Les Tunisiens, battus par la Namibie lors de la 1\u00e8re journ\u00e9e, n\u2019ont plus droit \u00e0 l\u2019erreur s\u2019ils veulent garder une chance de se qualifier au 2\u00e8me tour.","canonical":"https:\/\/www.webdo.tn\/fr\/actualite\/sport\/can-2023-1-la-tunisie-saura-t-elle-reagir-face-au-mali\/211689\/","og_locale":"fr_FR","og_type":"article","og_title":"CAN 2023+1 : La Tunisie saura-t-elle r\u00e9agir face au Mali ?","og_description":"Les Tunisiens, battus par la Namibie lors de la 1\u00e8re journ\u00e9e, n\u2019ont plus droit \u00e0 l\u2019erreur s\u2019ils veulent garder une chance de se qualifier au 2\u00e8me tour.","og_url":"https:\/\/www.webdo.tn\/fr\/actualite\/sport\/can-2023-1-la-tunisie-saura-t-elle-reagir-face-au-mali\/211689\/","og_site_name":"webdo","article_publisher":"https:\/\/www.facebook.com\/webdotn","article_published_time":"2024-01-20T10:49:00+00:00","article_modified_time":"2025-05-20T21:53:43+00:00","og_image":[{"width":750,"height":400,"url":"https:\/\/www.webdo.tn\/fr\/wp-content\/uploads\/2024\/01\/676e88ff7d668472e9e5a5ca32132093.jpg","type":"image\/jpeg"}],"author":"MC","twitter_card":"summary_large_image","twitter_creator":"@webdo_tn","twitter_site":"@webdo_tn","twitter_misc":{"\u00c9crit par":"MC","Dur\u00e9e de lecture estim\u00e9e":"1 minute"},"schema":{"@context":"https:\/\/schema.org","@graph":[{"@type":"NewsArticle","@id":"https:\/\/www.webdo.tn\/fr\/actualite\/sport\/can-2023-1-la-tunisie-saura-t-elle-reagir-face-au-mali\/211689\/#article","isPartOf":{"@id":"https:\/\/www.webdo.tn\/fr\/actualite\/sport\/can-2023-1-la-tunisie-saura-t-elle-reagir-face-au-mali\/211689\/"},"author":{"name":"MC","@id":"https:\/\/www.webdo.tn\/fr\/#\/schema\/person\/2c4929cbf5a809e3bd38617c6ce150f6"},"headline":"CAN 2023+1 : La Tunisie saura-t-elle r\u00e9agir face au Mali ?","datePublished":"2024-01-20T10:49:00+00:00","dateModified":"2025-05-20T21:53:43+00:00","mainEntityOfPage":{"@id":"https:\/\/www.webdo.tn\/fr\/actualite\/sport\/can-2023-1-la-tunisie-saura-t-elle-reagir-face-au-mali\/211689\/"},"wordCount":162,"commentCount":0,"publisher":{"@id":"https:\/\/www.webdo.tn\/fr\/#organization"},"image":{"@id":"https:\/\/www.webdo.tn\/fr\/actualite\/sport\/can-2023-1-la-tunisie-saura-t-elle-reagir-face-au-mali\/211689\/#primaryimage"},"thumbnailUrl":"https:\/\/www.webdo.tn\/fr\/wp-content\/uploads\/2024\/01\/676e88ff7d668472e9e5a5ca32132093.jpg","keywords":["CAN 2023+1","Mali","Tunisie"],"articleSection":["Sport"],"inLanguage":"fr-FR"},{"@type":"WebPage","@id":"https:\/\/www.webdo.tn\/fr\/actualite\/sport\/can-2023-1-la-tunisie-saura-t-elle-reagir-face-au-mali\/211689\/","url":"https:\/\/www.webdo.tn\/fr\/actualite\/sport\/can-2023-1-la-tunisie-saura-t-elle-reagir-face-au-mali\/211689\/","name":"CAN 2023+1 : La Tunisie saura-t-elle r\u00e9agir face au Mali ?","isPartOf":{"@id":"https:\/\/www.webdo.tn\/fr\/#website"},"primaryImageOfPage":{"@id":"https:\/\/www.webdo.tn\/fr\/actualite\/sport\/can-2023-1-la-tunisie-saura-t-elle-reagir-face-au-mali\/211689\/#primaryimage"},"image":{"@id":"https:\/\/www.webdo.tn\/fr\/actualite\/sport\/can-2023-1-la-tunisie-saura-t-elle-reagir-face-au-mali\/211689\/#primaryimage"},"thumbnailUrl":"https:\/\/www.webdo.tn\/fr\/wp-content\/uploads\/2024\/01\/676e88ff7d668472e9e5a5ca32132093.jpg","datePublished":"2024-01-20T10:49:00+00:00","dateModified":"2025-05-20T21:53:43+00:00","description":"Les Tunisiens, battus par la Namibie lors de la 1\u00e8re journ\u00e9e, n\u2019ont plus droit \u00e0 l\u2019erreur s\u2019ils veulent garder une chance de se qualifier au 2\u00e8me tour.","breadcrumb":{"@id":"https:\/\/www.webdo.tn\/fr\/actualite\/sport\/can-2023-1-la-tunisie-saura-t-elle-reagir-face-au-mali\/211689\/#breadcrumb"},"inLanguage":"fr-FR","potentialAction":[{"@type":"ReadAction","target":["https:\/\/www.webdo.tn\/fr\/actualite\/sport\/can-2023-1-la-tunisie-saura-t-elle-reagir-face-au-mali\/211689\/"]}]},{"@type":"ImageObject","inLanguage":"fr-FR","@id":"https:\/\/www.webdo.tn\/fr\/actualite\/sport\/can-2023-1-la-tunisie-saura-t-elle-reagir-face-au-mali\/211689\/#primaryimage","url":"https:\/\/www.webdo.tn\/fr\/wp-content\/uploads\/2024\/01\/676e88ff7d668472e9e5a5ca32132093.jpg","contentUrl":"https:\/\/www.webdo.tn\/fr\/wp-content\/uploads\/2024\/01\/676e88ff7d668472e9e5a5ca32132093.jpg","width":750,"height":400,"caption":"CAN 2023+1 : La Tunisie saura-t-elle r\u00e9agir face au Mali ?"},{"@type":"BreadcrumbList","@id":"https:\/\/www.webdo.tn\/fr\/actualite\/sport\/can-2023-1-la-tunisie-saura-t-elle-reagir-face-au-mali\/211689\/#breadcrumb","itemListElement":[{"@type":"ListItem","position":1,"name":"Accueil","item":"https:\/\/www.webdo.tn\/fr\/"},{"@type":"ListItem","position":2,"name":"CAN 2023+1 : La Tunisie saura-t-elle r\u00e9agir face au Mali ?"}]},{"@type":"WebSite","@id":"https:\/\/www.webdo.tn\/fr\/#website","url":"https:\/\/www.webdo.tn\/fr\/","name":"webdo","description":"Tunisie - News en Tunisie et \u00e0 l&#039;international sur Webdo.tn","publisher":{"@id":"https:\/\/www.webdo.tn\/fr\/#organization"},"potentialAction":[{"@type":"SearchAction","target":{"@type":"EntryPoint","urlTemplate":"https:\/\/www.webdo.tn\/fr\/?s={search_term_string}"},"query-input":{"@type":"PropertyValueSpecification","valueRequired":true,"valueName":"search_term_string"}}],"inLanguage":"fr-FR"},{"@type":"Organization","@id":"https:\/\/www.webdo.tn\/fr\/#organization","name":"Webdo","alternateName":"Webdo.tn","url":"https:\/\/www.webdo.tn\/fr\/","logo":{"@type":"ImageObject","inLanguage":"fr-FR","@id":"https:\/\/www.webdo.tn\/fr\/#\/schema\/logo\/image\/","url":"https:\/\/www.webdo.tn\/fr\/wp-content\/uploads\/2025\/06\/Webdo-Tunisie_168377.jpg","contentUrl":"https:\/\/www.webdo.tn\/fr\/wp-content\/uploads\/2025\/06\/Webdo-Tunisie_168377.jpg","width":301,"height":301,"caption":"Webdo"},"image":{"@id":"https:\/\/www.webdo.tn\/fr\/#\/schema\/logo\/image\/"},"sameAs":["https:\/\/www.facebook.com\/webdotn","https:\/\/x.com\/webdo_tn"],"description":"Webdo est un m\u00e9dia num\u00e9rique tunisien fond\u00e9 en 2010, sp\u00e9cialis\u00e9 dans l\u2019actualit\u00e9 nationale et internationale, l\u2019\u00e9conomie, la soci\u00e9t\u00e9 et les analyses politiques. Le site s\u2019adresse \u00e0 un large public francophone et couvre l\u2019information tunisienne en temps r\u00e9el.","email":"redac@webdo.tn","legalName":"YNJ SARL","foundingDate":"2010-09-06","numberOfEmployees":{"@type":"QuantitativeValue","minValue":"11","maxValue":"50"}},{"@type":"Person","@id":"https:\/\/www.webdo.tn\/fr\/#\/schema\/person\/2c4929cbf5a809e3bd38617c6ce150f6","name":"MC","image":{"@type":"ImageObject","inLanguage":"fr-FR","@id":"https:\/\/secure.gravatar.com\/avatar\/a545bbb6f84efdd5553dbbc2895e3ca8f1d12c5215e00a041c9670b54aa9b18a?s=96&d=mm&r=g","url":"https:\/\/secure.gravatar.com\/avatar\/a545bbb6f84efdd5553dbbc2895e3ca8f1d12c5215e00a041c9670b54aa9b18a?s=96&d=mm&r=g","contentUrl":"https:\/\/secure.gravatar.com\/avatar\/a545bbb6f84efdd5553dbbc2895e3ca8f1d12c5215e00a041c9670b54aa9b18a?s=96&d=mm&r=g","caption":"MC"},"url":"https:\/\/www.webdo.tn\/fr\/actualite\/author\/mc\/"}]}},"_links":{"self":[{"href":"https:\/\/www.webdo.tn\/fr\/wp-json\/wp\/v2\/posts\/211689","targetHints":{"allow":["GET"]}}],"collection":[{"href":"https:\/\/www.webdo.tn\/fr\/wp-json\/wp\/v2\/posts"}],"about":[{"href":"https:\/\/www.webdo.tn\/fr\/wp-json\/wp\/v2\/types\/post"}],"author":[{"embeddable":true,"href":"https:\/\/www.webdo.tn\/fr\/wp-json\/wp\/v2\/users\/3162"}],"replies":[{"embeddable":true,"href":"https:\/\/www.webdo.tn\/fr\/wp-json\/wp\/v2\/comments?post=211689"}],"version-history":[{"count":0,"href":"https:\/\/www.webdo.tn\/fr\/wp-json\/wp\/v2\/posts\/211689\/revisions"}],"wp:featuredmedia":[{"embeddable":true,"href":"https:\/\/www.webdo.tn\/fr\/wp-json\/wp\/v2\/media\/248198"}],"wp:attachment":[{"href":"https:\/\/www.webdo.tn\/fr\/wp-json\/wp\/v2\/media?parent=211689"}],"wp:term":[{"taxonomy":"category","embeddable":true,"href":"https:\/\/www.webdo.tn\/fr\/wp-json\/wp\/v2\/categories?post=211689"},{"taxonomy":"post_tag","embeddable":true,"href":"https:\/\/www.webdo.tn\/fr\/wp-json\/wp\/v2\/tags?post=211689"}],"curies":[{"name":"wp","href":"https:\/\/api.w.org\/{rel}","templated":true}]}}