{"id":211685,"date":"2024-01-20T09:31:00","date_gmt":"2024-01-20T09:31:00","guid":{"rendered":"https:\/\/www.webdo.tn\/fr\/blog\/en-janvier-1846-quand-la-tunisie-avait-aboli-l-esclavage\/211685\/"},"modified":"2024-01-20T09:31:00","modified_gmt":"2024-01-20T09:31:00","slug":"en-janvier-1846-quand-la-tunisie-avait-aboli-l-esclavage","status":"publish","type":"post","link":"https:\/\/www.webdo.tn\/fr\/actualite\/chroniques\/en-janvier-1846-quand-la-tunisie-avait-aboli-l-esclavage\/211685\/","title":{"rendered":"En janvier 1846, quand la Tunisie avait aboli l&rsquo;esclavage"},"content":{"rendered":"<p>L&rsquo;abolition de l&rsquo;esclavage en Tunisie remonte au 23 janvier 1846. C&rsquo;est un d\u00e9cret beylical promulgu\u00e9 par Ahmed Bey qui a mis fin \u00e0 cette pratique, il y a 178 ans.<\/p>\n<p>\t\t\t\t\t\t\t\t\tC&rsquo;est \u00e0 ce bey r\u00e9formateur que nous devons l&rsquo;abolition de l&rsquo;esclavage en Tunisie. Cette d\u00e9cision souveraine, la Tunisie l&rsquo;a prise avant beaucoup d&rsquo;autres pays.<\/p>\n<p>C&rsquo;est dans un \u00e9lan moderniste que ce bey a pris cette d\u00e9cision qui, 178 ans plus tard, reste l&rsquo;une des fiert\u00e9s de la Tunisie.<\/p>\n<p>En effet, c&rsquo;est avec ce bey de la dynastie husseinite, fond\u00e9e en 1705 et abolie en 1957, que la Tunisie a connu son premier grand dessein moderniste et r\u00e9formiste. Il convient de saluer la m\u00e9moire d&rsquo;Ahmed Bey et souligner notre dette envers ce souverain du dix-neuvi\u00e8me si\u00e8cle. Ahmed Bey repose dans la vaste salle des s\u00e9pultures des souverains \u00e0 Tourbet El Bey.<\/p>\n<p>L\u00e9g\u00e8rement d\u00e9cal\u00e9e, cach\u00e9e par une colonne de marbre, sa tombe est quelque peu anonyme. Elle n&rsquo;en garde pas moins la m\u00e9moire d&rsquo;un bey qui a vu grand pour son pays. Car au fond, la modernit\u00e9 voulue par Bourguiba trouve son socle dans le r\u00eave r\u00e9formiste d&rsquo;Ahmed Bey.<\/p>\n<p>Saurons-nous nous souvenir de ce bey alors que nous faisons n\u00f4tre son initiative historique ?<\/p>\n","protected":false},"excerpt":{"rendered":"<p>L&rsquo;abolition de l&rsquo;esclavage en Tunisie remonte au 23 janvier 1846. C&rsquo;est un d\u00e9cret beylical promulgu\u00e9 par Ahmed Bey qui a mis fin \u00e0 cette pratique, il y a 178 an&#8230;<\/p>\n","protected":false},"author":3229,"featured_media":248199,"comment_status":"open","ping_status":"closed","sticky":false,"template":"","format":"standard","meta":{"footnotes":""},"categories":[2596],"tags":[7165,7164,2608],"class_list":["post-211685","post","type-post","status-publish","format-standard","has-post-thumbnail","hentry","category-chroniques","tag-abolition","tag-esclavage","tag-tunisie"],"yoast_head":"<!-- This site is optimized with the Yoast SEO Premium plugin v27.5 (Yoast SEO v27.5) - https:\/\/yoast.com\/product\/yoast-seo-premium-wordpress\/ -->\n<title>En janvier 1846, quand la Tunisie avait aboli l&#039;esclavage<\/title>\n<meta name=\"description\" content=\"L&#039;abolition de l&#039;esclavage en Tunisie remonte au 23 janvier 1846. C&#039;est un d\u00e9cret beylical promulgu\u00e9 par Ahmed Bey qui a mis fin \u00e0 cette pratique, il y a 178 an...\" \/>\n<link rel=\"canonical\" href=\"https:\/\/www.webdo.tn\/fr\/actualite\/chroniques\/en-janvier-1846-quand-la-tunisie-avait-aboli-l-esclavage\/211685\/\" \/>\n<meta property=\"og:locale\" content=\"fr_FR\" \/>\n<meta property=\"og:type\" content=\"article\" \/>\n<meta property=\"og:title\" content=\"En janvier 1846, quand la Tunisie avait aboli l&#039;esclavage\" \/>\n<meta property=\"og:description\" content=\"L&#039;abolition de l&#039;esclavage en Tunisie remonte au 23 janvier 1846. C&#039;est un d\u00e9cret beylical promulgu\u00e9 par Ahmed Bey qui a mis fin \u00e0 cette pratique, il y a 178 an...\" \/>\n<meta property=\"og:url\" content=\"https:\/\/www.webdo.tn\/fr\/actualite\/chroniques\/en-janvier-1846-quand-la-tunisie-avait-aboli-l-esclavage\/211685\/\" \/>\n<meta property=\"og:site_name\" content=\"webdo\" \/>\n<meta property=\"article:publisher\" content=\"https:\/\/www.facebook.com\/webdotn\" \/>\n<meta property=\"article:author\" content=\"https:\/\/www.facebook.com\/hatem.bourial.2025\" \/>\n<meta property=\"article:published_time\" content=\"2024-01-20T09:31:00+00:00\" \/>\n<meta property=\"og:image\" content=\"https:\/\/www.webdo.tn\/fr\/wp-content\/uploads\/2024\/01\/0acb23357f2e23f41e5006b22953f752.jpg\" \/>\n\t<meta property=\"og:image:width\" content=\"750\" \/>\n\t<meta property=\"og:image:height\" content=\"400\" \/>\n\t<meta property=\"og:image:type\" content=\"image\/jpeg\" \/>\n<meta name=\"author\" content=\"Hatem Bourial\" \/>\n<meta name=\"twitter:card\" content=\"summary_large_image\" \/>\n<meta name=\"twitter:creator\" content=\"@webdo_tn\" \/>\n<meta name=\"twitter:site\" content=\"@webdo_tn\" \/>\n<meta name=\"twitter:label1\" content=\"\u00c9crit par\" \/>\n\t<meta name=\"twitter:data1\" content=\"Hatem Bourial\" \/>\n\t<meta name=\"twitter:label2\" content=\"Dur\u00e9e de lecture estim\u00e9e\" \/>\n\t<meta name=\"twitter:data2\" content=\"1 minute\" \/>\n<script type=\"application\/ld+json\" class=\"yoast-schema-graph\">{\"@context\":\"https:\\\/\\\/schema.org\",\"@graph\":[{\"@type\":\"NewsArticle\",\"@id\":\"https:\\\/\\\/www.webdo.tn\\\/fr\\\/actualite\\\/chroniques\\\/en-janvier-1846-quand-la-tunisie-avait-aboli-l-esclavage\\\/211685\\\/#article\",\"isPartOf\":{\"@id\":\"https:\\\/\\\/www.webdo.tn\\\/fr\\\/actualite\\\/chroniques\\\/en-janvier-1846-quand-la-tunisie-avait-aboli-l-esclavage\\\/211685\\\/\"},\"author\":{\"name\":\"Hatem Bourial\",\"@id\":\"https:\\\/\\\/www.webdo.tn\\\/fr\\\/#\\\/schema\\\/person\\\/6bc0beba2cd23aec27cb5df85ca2554f\"},\"headline\":\"En janvier 1846, quand la Tunisie avait aboli l&rsquo;esclavage\",\"datePublished\":\"2024-01-20T09:31:00+00:00\",\"mainEntityOfPage\":{\"@id\":\"https:\\\/\\\/www.webdo.tn\\\/fr\\\/actualite\\\/chroniques\\\/en-janvier-1846-quand-la-tunisie-avait-aboli-l-esclavage\\\/211685\\\/\"},\"wordCount\":236,\"commentCount\":0,\"publisher\":{\"@id\":\"https:\\\/\\\/www.webdo.tn\\\/fr\\\/#organization\"},\"image\":{\"@id\":\"https:\\\/\\\/www.webdo.tn\\\/fr\\\/actualite\\\/chroniques\\\/en-janvier-1846-quand-la-tunisie-avait-aboli-l-esclavage\\\/211685\\\/#primaryimage\"},\"thumbnailUrl\":\"https:\\\/\\\/www.webdo.tn\\\/fr\\\/wp-content\\\/uploads\\\/2024\\\/01\\\/0acb23357f2e23f41e5006b22953f752.jpg\",\"keywords\":[\"abolition\",\"esclavage\",\"Tunisie\"],\"articleSection\":[\"Chroniques\"],\"inLanguage\":\"fr-FR\"},{\"@type\":\"WebPage\",\"@id\":\"https:\\\/\\\/www.webdo.tn\\\/fr\\\/actualite\\\/chroniques\\\/en-janvier-1846-quand-la-tunisie-avait-aboli-l-esclavage\\\/211685\\\/\",\"url\":\"https:\\\/\\\/www.webdo.tn\\\/fr\\\/actualite\\\/chroniques\\\/en-janvier-1846-quand-la-tunisie-avait-aboli-l-esclavage\\\/211685\\\/\",\"name\":\"En janvier 1846, quand la Tunisie avait aboli l'esclavage\",\"isPartOf\":{\"@id\":\"https:\\\/\\\/www.webdo.tn\\\/fr\\\/#website\"},\"primaryImageOfPage\":{\"@id\":\"https:\\\/\\\/www.webdo.tn\\\/fr\\\/actualite\\\/chroniques\\\/en-janvier-1846-quand-la-tunisie-avait-aboli-l-esclavage\\\/211685\\\/#primaryimage\"},\"image\":{\"@id\":\"https:\\\/\\\/www.webdo.tn\\\/fr\\\/actualite\\\/chroniques\\\/en-janvier-1846-quand-la-tunisie-avait-aboli-l-esclavage\\\/211685\\\/#primaryimage\"},\"thumbnailUrl\":\"https:\\\/\\\/www.webdo.tn\\\/fr\\\/wp-content\\\/uploads\\\/2024\\\/01\\\/0acb23357f2e23f41e5006b22953f752.jpg\",\"datePublished\":\"2024-01-20T09:31:00+00:00\",\"description\":\"L'abolition de l'esclavage en Tunisie remonte au 23 janvier 1846. C'est un d\u00e9cret beylical promulgu\u00e9 par Ahmed Bey qui a mis fin \u00e0 cette pratique, il y a 178 an...\",\"breadcrumb\":{\"@id\":\"https:\\\/\\\/www.webdo.tn\\\/fr\\\/actualite\\\/chroniques\\\/en-janvier-1846-quand-la-tunisie-avait-aboli-l-esclavage\\\/211685\\\/#breadcrumb\"},\"inLanguage\":\"fr-FR\",\"potentialAction\":[{\"@type\":\"ReadAction\",\"target\":[\"https:\\\/\\\/www.webdo.tn\\\/fr\\\/actualite\\\/chroniques\\\/en-janvier-1846-quand-la-tunisie-avait-aboli-l-esclavage\\\/211685\\\/\"]}]},{\"@type\":\"ImageObject\",\"inLanguage\":\"fr-FR\",\"@id\":\"https:\\\/\\\/www.webdo.tn\\\/fr\\\/actualite\\\/chroniques\\\/en-janvier-1846-quand-la-tunisie-avait-aboli-l-esclavage\\\/211685\\\/#primaryimage\",\"url\":\"https:\\\/\\\/www.webdo.tn\\\/fr\\\/wp-content\\\/uploads\\\/2024\\\/01\\\/0acb23357f2e23f41e5006b22953f752.jpg\",\"contentUrl\":\"https:\\\/\\\/www.webdo.tn\\\/fr\\\/wp-content\\\/uploads\\\/2024\\\/01\\\/0acb23357f2e23f41e5006b22953f752.jpg\",\"width\":750,\"height\":400,\"caption\":\"En janvier 1846, quand la Tunisie avait aboli l'esclavage\"},{\"@type\":\"BreadcrumbList\",\"@id\":\"https:\\\/\\\/www.webdo.tn\\\/fr\\\/actualite\\\/chroniques\\\/en-janvier-1846-quand-la-tunisie-avait-aboli-l-esclavage\\\/211685\\\/#breadcrumb\",\"itemListElement\":[{\"@type\":\"ListItem\",\"position\":1,\"name\":\"Accueil\",\"item\":\"https:\\\/\\\/www.webdo.tn\\\/fr\\\/\"},{\"@type\":\"ListItem\",\"position\":2,\"name\":\"En janvier 1846, quand la Tunisie avait aboli l&#8217;esclavage\"}]},{\"@type\":\"WebSite\",\"@id\":\"https:\\\/\\\/www.webdo.tn\\\/fr\\\/#website\",\"url\":\"https:\\\/\\\/www.webdo.tn\\\/fr\\\/\",\"name\":\"webdo\",\"description\":\"Tunisie - News en Tunisie et \u00e0 l&#039;international sur Webdo.tn\",\"publisher\":{\"@id\":\"https:\\\/\\\/www.webdo.tn\\\/fr\\\/#organization\"},\"potentialAction\":[{\"@type\":\"SearchAction\",\"target\":{\"@type\":\"EntryPoint\",\"urlTemplate\":\"https:\\\/\\\/www.webdo.tn\\\/fr\\\/?s={search_term_string}\"},\"query-input\":{\"@type\":\"PropertyValueSpecification\",\"valueRequired\":true,\"valueName\":\"search_term_string\"}}],\"inLanguage\":\"fr-FR\"},{\"@type\":\"Organization\",\"@id\":\"https:\\\/\\\/www.webdo.tn\\\/fr\\\/#organization\",\"name\":\"Webdo\",\"alternateName\":\"Webdo.tn\",\"url\":\"https:\\\/\\\/www.webdo.tn\\\/fr\\\/\",\"logo\":{\"@type\":\"ImageObject\",\"inLanguage\":\"fr-FR\",\"@id\":\"https:\\\/\\\/www.webdo.tn\\\/fr\\\/#\\\/schema\\\/logo\\\/image\\\/\",\"url\":\"https:\\\/\\\/www.webdo.tn\\\/fr\\\/wp-content\\\/uploads\\\/2025\\\/06\\\/Webdo-Tunisie_168377.jpg\",\"contentUrl\":\"https:\\\/\\\/www.webdo.tn\\\/fr\\\/wp-content\\\/uploads\\\/2025\\\/06\\\/Webdo-Tunisie_168377.jpg\",\"width\":301,\"height\":301,\"caption\":\"Webdo\"},\"image\":{\"@id\":\"https:\\\/\\\/www.webdo.tn\\\/fr\\\/#\\\/schema\\\/logo\\\/image\\\/\"},\"sameAs\":[\"https:\\\/\\\/www.facebook.com\\\/webdotn\",\"https:\\\/\\\/x.com\\\/webdo_tn\"],\"description\":\"Webdo est un m\u00e9dia num\u00e9rique tunisien fond\u00e9 en 2010, sp\u00e9cialis\u00e9 dans l\u2019actualit\u00e9 nationale et internationale, l\u2019\u00e9conomie, la soci\u00e9t\u00e9 et les analyses politiques. Le site s\u2019adresse \u00e0 un large public francophone et couvre l\u2019information tunisienne en temps r\u00e9el.\",\"email\":\"redac@webdo.tn\",\"legalName\":\"YNJ SARL\",\"foundingDate\":\"2010-09-06\",\"numberOfEmployees\":{\"@type\":\"QuantitativeValue\",\"minValue\":\"11\",\"maxValue\":\"50\"}},{\"@type\":\"Person\",\"@id\":\"https:\\\/\\\/www.webdo.tn\\\/fr\\\/#\\\/schema\\\/person\\\/6bc0beba2cd23aec27cb5df85ca2554f\",\"name\":\"Hatem Bourial\",\"image\":{\"@type\":\"ImageObject\",\"inLanguage\":\"fr-FR\",\"@id\":\"https:\\\/\\\/www.webdo.tn\\\/fr\\\/wp-content\\\/uploads\\\/2026\\\/04\\\/hatem-bourial_avatar-96x96.jpg\",\"url\":\"https:\\\/\\\/www.webdo.tn\\\/fr\\\/wp-content\\\/uploads\\\/2026\\\/04\\\/hatem-bourial_avatar-96x96.jpg\",\"contentUrl\":\"https:\\\/\\\/www.webdo.tn\\\/fr\\\/wp-content\\\/uploads\\\/2026\\\/04\\\/hatem-bourial_avatar-96x96.jpg\",\"caption\":\"Hatem Bourial\"},\"description\":\"Hatem Bourial est journaliste, \u00e9crivain et chroniqueur tunisien. Actif depuis plusieurs d\u00e9cennies, il s\u2019est impos\u00e9 comme un observateur attentif de la soci\u00e9t\u00e9 tunisienne, m\u00ealant dans ses \u00e9crits m\u00e9moire, culture et analyse du quotidien. Auteur de nombreux ouvrages, il d\u00e9veloppe une \u0153uvre \u00e0 la crois\u00e9e du r\u00e9cit, de la po\u00e9sie et de l\u2019observation sociologique. Parall\u00e8lement \u00e0 ses contributions dans la presse, il intervient r\u00e9guli\u00e8rement \u00e0 la radio et dans des espaces culturels, o\u00f9 il explore les enjeux li\u00e9s au patrimoine, \u00e0 l\u2019identit\u00e9 et aux transformations du monde contemporain. \u00c0 travers ses chroniques, Hatem Bourial propose une lecture sensible et approfondie de l\u2019actualit\u00e9, nourrie par une exp\u00e9rience journalistique et litt\u00e9raire reconnue. \ud83d\udd17 Facebook : https:\\\/\\\/www.facebook.com\\\/hatem.bourial.2025\",\"sameAs\":[\"https:\\\/\\\/www.facebook.com\\\/hatem.bourial.2025\",\"https:\\\/\\\/fr.wikipedia.org\\\/wiki\\\/Fichier:Hatem_Bourial.jpg\"],\"knowsAbout\":[\"Culture & patrimoine tunisien\",\"Chronique soci\u00e9tale\",\"Litt\u00e9rature & m\u00e9moire\",\"Cin\u00e9ma & critique culturelle\",\"Identit\u00e9 & mutations sociales\"],\"knowsLanguage\":[\"Arabe\",\"Fran\u00e7ais\",\"Anglais\",\"Italien\",\"Polonais\"],\"jobTitle\":\"Journaliste, \u00e9crivain et chroniqueur culturel\",\"worksFor\":\"Webdo\",\"url\":\"https:\\\/\\\/www.webdo.tn\\\/fr\\\/actualite\\\/author\\\/hatem-bourial-2\\\/\"}]}<\/script>\n<!-- \/ Yoast SEO Premium plugin. -->","yoast_head_json":{"title":"En janvier 1846, quand la Tunisie avait aboli l'esclavage","description":"L'abolition de l'esclavage en Tunisie remonte au 23 janvier 1846. C'est un d\u00e9cret beylical promulgu\u00e9 par Ahmed Bey qui a mis fin \u00e0 cette pratique, il y a 178 an...","canonical":"https:\/\/www.webdo.tn\/fr\/actualite\/chroniques\/en-janvier-1846-quand-la-tunisie-avait-aboli-l-esclavage\/211685\/","og_locale":"fr_FR","og_type":"article","og_title":"En janvier 1846, quand la Tunisie avait aboli l'esclavage","og_description":"L'abolition de l'esclavage en Tunisie remonte au 23 janvier 1846. C'est un d\u00e9cret beylical promulgu\u00e9 par Ahmed Bey qui a mis fin \u00e0 cette pratique, il y a 178 an...","og_url":"https:\/\/www.webdo.tn\/fr\/actualite\/chroniques\/en-janvier-1846-quand-la-tunisie-avait-aboli-l-esclavage\/211685\/","og_site_name":"webdo","article_publisher":"https:\/\/www.facebook.com\/webdotn","article_author":"https:\/\/www.facebook.com\/hatem.bourial.2025","article_published_time":"2024-01-20T09:31:00+00:00","og_image":[{"width":750,"height":400,"url":"https:\/\/www.webdo.tn\/fr\/wp-content\/uploads\/2024\/01\/0acb23357f2e23f41e5006b22953f752.jpg","type":"image\/jpeg"}],"author":"Hatem Bourial","twitter_card":"summary_large_image","twitter_creator":"@webdo_tn","twitter_site":"@webdo_tn","twitter_misc":{"\u00c9crit par":"Hatem Bourial","Dur\u00e9e de lecture estim\u00e9e":"1 minute"},"schema":{"@context":"https:\/\/schema.org","@graph":[{"@type":"NewsArticle","@id":"https:\/\/www.webdo.tn\/fr\/actualite\/chroniques\/en-janvier-1846-quand-la-tunisie-avait-aboli-l-esclavage\/211685\/#article","isPartOf":{"@id":"https:\/\/www.webdo.tn\/fr\/actualite\/chroniques\/en-janvier-1846-quand-la-tunisie-avait-aboli-l-esclavage\/211685\/"},"author":{"name":"Hatem Bourial","@id":"https:\/\/www.webdo.tn\/fr\/#\/schema\/person\/6bc0beba2cd23aec27cb5df85ca2554f"},"headline":"En janvier 1846, quand la Tunisie avait aboli l&rsquo;esclavage","datePublished":"2024-01-20T09:31:00+00:00","mainEntityOfPage":{"@id":"https:\/\/www.webdo.tn\/fr\/actualite\/chroniques\/en-janvier-1846-quand-la-tunisie-avait-aboli-l-esclavage\/211685\/"},"wordCount":236,"commentCount":0,"publisher":{"@id":"https:\/\/www.webdo.tn\/fr\/#organization"},"image":{"@id":"https:\/\/www.webdo.tn\/fr\/actualite\/chroniques\/en-janvier-1846-quand-la-tunisie-avait-aboli-l-esclavage\/211685\/#primaryimage"},"thumbnailUrl":"https:\/\/www.webdo.tn\/fr\/wp-content\/uploads\/2024\/01\/0acb23357f2e23f41e5006b22953f752.jpg","keywords":["abolition","esclavage","Tunisie"],"articleSection":["Chroniques"],"inLanguage":"fr-FR"},{"@type":"WebPage","@id":"https:\/\/www.webdo.tn\/fr\/actualite\/chroniques\/en-janvier-1846-quand-la-tunisie-avait-aboli-l-esclavage\/211685\/","url":"https:\/\/www.webdo.tn\/fr\/actualite\/chroniques\/en-janvier-1846-quand-la-tunisie-avait-aboli-l-esclavage\/211685\/","name":"En janvier 1846, quand la Tunisie avait aboli l'esclavage","isPartOf":{"@id":"https:\/\/www.webdo.tn\/fr\/#website"},"primaryImageOfPage":{"@id":"https:\/\/www.webdo.tn\/fr\/actualite\/chroniques\/en-janvier-1846-quand-la-tunisie-avait-aboli-l-esclavage\/211685\/#primaryimage"},"image":{"@id":"https:\/\/www.webdo.tn\/fr\/actualite\/chroniques\/en-janvier-1846-quand-la-tunisie-avait-aboli-l-esclavage\/211685\/#primaryimage"},"thumbnailUrl":"https:\/\/www.webdo.tn\/fr\/wp-content\/uploads\/2024\/01\/0acb23357f2e23f41e5006b22953f752.jpg","datePublished":"2024-01-20T09:31:00+00:00","description":"L'abolition de l'esclavage en Tunisie remonte au 23 janvier 1846. C'est un d\u00e9cret beylical promulgu\u00e9 par Ahmed Bey qui a mis fin \u00e0 cette pratique, il y a 178 an...","breadcrumb":{"@id":"https:\/\/www.webdo.tn\/fr\/actualite\/chroniques\/en-janvier-1846-quand-la-tunisie-avait-aboli-l-esclavage\/211685\/#breadcrumb"},"inLanguage":"fr-FR","potentialAction":[{"@type":"ReadAction","target":["https:\/\/www.webdo.tn\/fr\/actualite\/chroniques\/en-janvier-1846-quand-la-tunisie-avait-aboli-l-esclavage\/211685\/"]}]},{"@type":"ImageObject","inLanguage":"fr-FR","@id":"https:\/\/www.webdo.tn\/fr\/actualite\/chroniques\/en-janvier-1846-quand-la-tunisie-avait-aboli-l-esclavage\/211685\/#primaryimage","url":"https:\/\/www.webdo.tn\/fr\/wp-content\/uploads\/2024\/01\/0acb23357f2e23f41e5006b22953f752.jpg","contentUrl":"https:\/\/www.webdo.tn\/fr\/wp-content\/uploads\/2024\/01\/0acb23357f2e23f41e5006b22953f752.jpg","width":750,"height":400,"caption":"En janvier 1846, quand la Tunisie avait aboli l'esclavage"},{"@type":"BreadcrumbList","@id":"https:\/\/www.webdo.tn\/fr\/actualite\/chroniques\/en-janvier-1846-quand-la-tunisie-avait-aboli-l-esclavage\/211685\/#breadcrumb","itemListElement":[{"@type":"ListItem","position":1,"name":"Accueil","item":"https:\/\/www.webdo.tn\/fr\/"},{"@type":"ListItem","position":2,"name":"En janvier 1846, quand la Tunisie avait aboli l&#8217;esclavage"}]},{"@type":"WebSite","@id":"https:\/\/www.webdo.tn\/fr\/#website","url":"https:\/\/www.webdo.tn\/fr\/","name":"webdo","description":"Tunisie - News en Tunisie et \u00e0 l&#039;international sur Webdo.tn","publisher":{"@id":"https:\/\/www.webdo.tn\/fr\/#organization"},"potentialAction":[{"@type":"SearchAction","target":{"@type":"EntryPoint","urlTemplate":"https:\/\/www.webdo.tn\/fr\/?s={search_term_string}"},"query-input":{"@type":"PropertyValueSpecification","valueRequired":true,"valueName":"search_term_string"}}],"inLanguage":"fr-FR"},{"@type":"Organization","@id":"https:\/\/www.webdo.tn\/fr\/#organization","name":"Webdo","alternateName":"Webdo.tn","url":"https:\/\/www.webdo.tn\/fr\/","logo":{"@type":"ImageObject","inLanguage":"fr-FR","@id":"https:\/\/www.webdo.tn\/fr\/#\/schema\/logo\/image\/","url":"https:\/\/www.webdo.tn\/fr\/wp-content\/uploads\/2025\/06\/Webdo-Tunisie_168377.jpg","contentUrl":"https:\/\/www.webdo.tn\/fr\/wp-content\/uploads\/2025\/06\/Webdo-Tunisie_168377.jpg","width":301,"height":301,"caption":"Webdo"},"image":{"@id":"https:\/\/www.webdo.tn\/fr\/#\/schema\/logo\/image\/"},"sameAs":["https:\/\/www.facebook.com\/webdotn","https:\/\/x.com\/webdo_tn"],"description":"Webdo est un m\u00e9dia num\u00e9rique tunisien fond\u00e9 en 2010, sp\u00e9cialis\u00e9 dans l\u2019actualit\u00e9 nationale et internationale, l\u2019\u00e9conomie, la soci\u00e9t\u00e9 et les analyses politiques. Le site s\u2019adresse \u00e0 un large public francophone et couvre l\u2019information tunisienne en temps r\u00e9el.","email":"redac@webdo.tn","legalName":"YNJ SARL","foundingDate":"2010-09-06","numberOfEmployees":{"@type":"QuantitativeValue","minValue":"11","maxValue":"50"}},{"@type":"Person","@id":"https:\/\/www.webdo.tn\/fr\/#\/schema\/person\/6bc0beba2cd23aec27cb5df85ca2554f","name":"Hatem Bourial","image":{"@type":"ImageObject","inLanguage":"fr-FR","@id":"https:\/\/www.webdo.tn\/fr\/wp-content\/uploads\/2026\/04\/hatem-bourial_avatar-96x96.jpg","url":"https:\/\/www.webdo.tn\/fr\/wp-content\/uploads\/2026\/04\/hatem-bourial_avatar-96x96.jpg","contentUrl":"https:\/\/www.webdo.tn\/fr\/wp-content\/uploads\/2026\/04\/hatem-bourial_avatar-96x96.jpg","caption":"Hatem Bourial"},"description":"Hatem Bourial est journaliste, \u00e9crivain et chroniqueur tunisien. Actif depuis plusieurs d\u00e9cennies, il s\u2019est impos\u00e9 comme un observateur attentif de la soci\u00e9t\u00e9 tunisienne, m\u00ealant dans ses \u00e9crits m\u00e9moire, culture et analyse du quotidien. Auteur de nombreux ouvrages, il d\u00e9veloppe une \u0153uvre \u00e0 la crois\u00e9e du r\u00e9cit, de la po\u00e9sie et de l\u2019observation sociologique. Parall\u00e8lement \u00e0 ses contributions dans la presse, il intervient r\u00e9guli\u00e8rement \u00e0 la radio et dans des espaces culturels, o\u00f9 il explore les enjeux li\u00e9s au patrimoine, \u00e0 l\u2019identit\u00e9 et aux transformations du monde contemporain. \u00c0 travers ses chroniques, Hatem Bourial propose une lecture sensible et approfondie de l\u2019actualit\u00e9, nourrie par une exp\u00e9rience journalistique et litt\u00e9raire reconnue. \ud83d\udd17 Facebook : https:\/\/www.facebook.com\/hatem.bourial.2025","sameAs":["https:\/\/www.facebook.com\/hatem.bourial.2025","https:\/\/fr.wikipedia.org\/wiki\/Fichier:Hatem_Bourial.jpg"],"knowsAbout":["Culture & patrimoine tunisien","Chronique soci\u00e9tale","Litt\u00e9rature & m\u00e9moire","Cin\u00e9ma & critique culturelle","Identit\u00e9 & mutations sociales"],"knowsLanguage":["Arabe","Fran\u00e7ais","Anglais","Italien","Polonais"],"jobTitle":"Journaliste, \u00e9crivain et chroniqueur culturel","worksFor":"Webdo","url":"https:\/\/www.webdo.tn\/fr\/actualite\/author\/hatem-bourial-2\/"}]}},"_links":{"self":[{"href":"https:\/\/www.webdo.tn\/fr\/wp-json\/wp\/v2\/posts\/211685","targetHints":{"allow":["GET"]}}],"collection":[{"href":"https:\/\/www.webdo.tn\/fr\/wp-json\/wp\/v2\/posts"}],"about":[{"href":"https:\/\/www.webdo.tn\/fr\/wp-json\/wp\/v2\/types\/post"}],"author":[{"embeddable":true,"href":"https:\/\/www.webdo.tn\/fr\/wp-json\/wp\/v2\/users\/3229"}],"replies":[{"embeddable":true,"href":"https:\/\/www.webdo.tn\/fr\/wp-json\/wp\/v2\/comments?post=211685"}],"version-history":[{"count":0,"href":"https:\/\/www.webdo.tn\/fr\/wp-json\/wp\/v2\/posts\/211685\/revisions"}],"wp:featuredmedia":[{"embeddable":true,"href":"https:\/\/www.webdo.tn\/fr\/wp-json\/wp\/v2\/media\/248199"}],"wp:attachment":[{"href":"https:\/\/www.webdo.tn\/fr\/wp-json\/wp\/v2\/media?parent=211685"}],"wp:term":[{"taxonomy":"category","embeddable":true,"href":"https:\/\/www.webdo.tn\/fr\/wp-json\/wp\/v2\/categories?post=211685"},{"taxonomy":"post_tag","embeddable":true,"href":"https:\/\/www.webdo.tn\/fr\/wp-json\/wp\/v2\/tags?post=211685"}],"curies":[{"name":"wp","href":"https:\/\/api.w.org\/{rel}","templated":true}]}}