{"id":211664,"date":"2024-01-19T14:46:00","date_gmt":"2024-01-19T14:46:00","guid":{"rendered":"https:\/\/www.webdo.tn\/fr\/blog\/les-tunisiens-titulaires-de-permis-de-sejour-dans-chaque-pays-de-l-ue\/211664\/"},"modified":"2024-01-19T14:46:00","modified_gmt":"2024-01-19T14:46:00","slug":"les-tunisiens-titulaires-de-permis-de-sejour-dans-chaque-pays-de-l-ue","status":"publish","type":"post","link":"https:\/\/www.webdo.tn\/fr\/actualite\/national\/les-tunisiens-titulaires-de-permis-de-sejour-dans-chaque-pays-de-l-ue\/211664\/","title":{"rendered":"Les Tunisiens titulaires de permis de s\u00e9jour dans chaque pays de l\u2019UE"},"content":{"rendered":"<p>Le nombre de Tunisiens d\u00e9tenteurs de permis de s\u00e9jour dans les pays de l\u2019UE a atteint pr\u00e8s de 468 mille \u00e0 fin 2022 dont 58% se trouvent en France.<\/p>\n<p>\t\t\t\t\t\t\t\t\tSans surprise, la France est le premier pays \u00e9metteur de permis de s\u00e9jour aux Tunisiens. A fin 2022, ils \u00e9taient au total 275.671.<\/p>\n<p>3811 ressortissants tunisiens \u00e9taient titulaires d\u2019un permis de s\u00e9jour allant de 3 \u00e0 5 mois, 16.349 de 6 \u00e0 11 mois et 255.511 avec une validit\u00e9 de permis de s\u00e9jour comprise entre 1 an et plus.<\/p>\n<p>L\u2019Italie vient au second rang des pays de l\u2019UE o\u00f9 les Tunisiens sont titulaires de permis de s\u00e9jour avec un total de 108.500 ressortissants. 50 d\u2019entre eux d\u00e9tiennent un permis de s\u00e9jour allant de 3 \u00e0 5 mois, 1549 (de 6 \u00e0 11 mois) et 29.583 (de 1 an ou plus).<\/p>\n<p>En Allemagne, ils sont 32.718 Tunisiens ayant b\u00e9n\u00e9fici\u00e9 \u00e0 fin 2022 de permis de s\u00e9jour, majoritairement (29.583) pour une dur\u00e9e de 1 an ou plus.<\/p>\n<p>Viennent en suite dans l\u2019ordre la Suisse (7991), la Belgique (7452), l\u2019Espagne (3163), l\u2019Autriche (2379), les Pays-Bas (1921) et la Gr\u00e8ce (1848).<\/p>\n<p>La Su\u00e8de est le 10\u00e8me pays de l\u2019UE dans le classement des Tunisiens d\u00e9tenant un permis de s\u00e9jour (1532).<\/p>\n<p>La Lituanie (39 ressortissants tunisiens), la Lettonie (19) et le Liechtenstein (16) viennent en queue de peloton des pays o\u00f9 la pr\u00e9sence des Tunisiens est significative.<\/p>\n<p>Le nombre de la diaspora tunisienne est estim\u00e9 en 2023 \u00e0 pr\u00e8s de 2 millions de personnes, install\u00e9s majoritairement en Europe.<\/p>\n","protected":false},"excerpt":{"rendered":"<p>Sans surprise, la France est le premier pays \u00e9metteur de permis de s\u00e9jour aux Tunisiens. A fin 2022, ils \u00e9taient au total 275.671.<\/p>\n","protected":false},"author":3203,"featured_media":248217,"comment_status":"open","ping_status":"closed","sticky":false,"template":"","format":"standard","meta":{"footnotes":""},"categories":[44],"tags":[4629,3725,7174,3317],"class_list":["post-211664","post","type-post","status-publish","format-standard","has-post-thumbnail","hentry","category-national","tag-etrangers","tag-europe","tag-permis-de-sejour","tag-tunisiens"],"yoast_head":"<!-- This site is optimized with the Yoast SEO Premium plugin v27.4 (Yoast SEO v27.5) - https:\/\/yoast.com\/product\/yoast-seo-premium-wordpress\/ -->\n<title>Les Tunisiens titulaires de permis de s\u00e9jour dans chaque pays de l\u2019UE<\/title>\n<meta name=\"description\" content=\"Sans surprise, la France est le premier pays \u00e9metteur de permis de s\u00e9jour aux Tunisiens. A fin 2022, ils \u00e9taient au total 275.671.\" \/>\n<link rel=\"canonical\" href=\"https:\/\/www.webdo.tn\/fr\/actualite\/national\/les-tunisiens-titulaires-de-permis-de-sejour-dans-chaque-pays-de-l-ue\/211664\/\" \/>\n<meta property=\"og:locale\" content=\"fr_FR\" \/>\n<meta property=\"og:type\" content=\"article\" \/>\n<meta property=\"og:title\" content=\"Les Tunisiens titulaires de permis de s\u00e9jour dans chaque pays de l\u2019UE\" \/>\n<meta property=\"og:description\" content=\"Sans surprise, la France est le premier pays \u00e9metteur de permis de s\u00e9jour aux Tunisiens. A fin 2022, ils \u00e9taient au total 275.671.\" \/>\n<meta property=\"og:url\" content=\"https:\/\/www.webdo.tn\/fr\/actualite\/national\/les-tunisiens-titulaires-de-permis-de-sejour-dans-chaque-pays-de-l-ue\/211664\/\" \/>\n<meta property=\"og:site_name\" content=\"webdo\" \/>\n<meta property=\"article:publisher\" content=\"https:\/\/www.facebook.com\/webdotn\" \/>\n<meta property=\"article:published_time\" content=\"2024-01-19T14:46:00+00:00\" \/>\n<meta property=\"og:image\" content=\"https:\/\/www.webdo.tn\/fr\/wp-content\/uploads\/2024\/01\/169e4a0cfa6e277c55bbe5e472100821.jpg\" \/>\n\t<meta property=\"og:image:width\" content=\"735\" \/>\n\t<meta property=\"og:image:height\" content=\"392\" \/>\n\t<meta property=\"og:image:type\" content=\"image\/jpeg\" \/>\n<meta name=\"author\" content=\"Ramzi Haddad\" \/>\n<meta name=\"twitter:card\" content=\"summary_large_image\" \/>\n<meta name=\"twitter:creator\" content=\"@webdo_tn\" \/>\n<meta name=\"twitter:site\" content=\"@webdo_tn\" \/>\n<meta name=\"twitter:label1\" content=\"\u00c9crit par\" \/>\n\t<meta name=\"twitter:data1\" content=\"Ramzi Haddad\" \/>\n\t<meta name=\"twitter:label2\" content=\"Dur\u00e9e de lecture estim\u00e9e\" \/>\n\t<meta name=\"twitter:data2\" content=\"1 minute\" \/>\n<script type=\"application\/ld+json\" class=\"yoast-schema-graph\">{\"@context\":\"https:\\\/\\\/schema.org\",\"@graph\":[{\"@type\":\"NewsArticle\",\"@id\":\"https:\\\/\\\/www.webdo.tn\\\/fr\\\/actualite\\\/national\\\/les-tunisiens-titulaires-de-permis-de-sejour-dans-chaque-pays-de-l-ue\\\/211664\\\/#article\",\"isPartOf\":{\"@id\":\"https:\\\/\\\/www.webdo.tn\\\/fr\\\/actualite\\\/national\\\/les-tunisiens-titulaires-de-permis-de-sejour-dans-chaque-pays-de-l-ue\\\/211664\\\/\"},\"author\":{\"name\":\"Ramzi Haddad\",\"@id\":\"https:\\\/\\\/www.webdo.tn\\\/fr\\\/#\\\/schema\\\/person\\\/5663044c25eb36d8f88ba5b653f12f8c\"},\"headline\":\"Les Tunisiens titulaires de permis de s\u00e9jour dans chaque pays de l\u2019UE\",\"datePublished\":\"2024-01-19T14:46:00+00:00\",\"mainEntityOfPage\":{\"@id\":\"https:\\\/\\\/www.webdo.tn\\\/fr\\\/actualite\\\/national\\\/les-tunisiens-titulaires-de-permis-de-sejour-dans-chaque-pays-de-l-ue\\\/211664\\\/\"},\"wordCount\":250,\"commentCount\":0,\"publisher\":{\"@id\":\"https:\\\/\\\/www.webdo.tn\\\/fr\\\/#organization\"},\"image\":{\"@id\":\"https:\\\/\\\/www.webdo.tn\\\/fr\\\/actualite\\\/national\\\/les-tunisiens-titulaires-de-permis-de-sejour-dans-chaque-pays-de-l-ue\\\/211664\\\/#primaryimage\"},\"thumbnailUrl\":\"https:\\\/\\\/www.webdo.tn\\\/fr\\\/wp-content\\\/uploads\\\/2024\\\/01\\\/169e4a0cfa6e277c55bbe5e472100821.jpg\",\"keywords\":[\"\u00e9trangers\",\"europe\",\"permis de s\u00e9jour\",\"Tunisiens\"],\"articleSection\":[\"National\"],\"inLanguage\":\"fr-FR\"},{\"@type\":\"WebPage\",\"@id\":\"https:\\\/\\\/www.webdo.tn\\\/fr\\\/actualite\\\/national\\\/les-tunisiens-titulaires-de-permis-de-sejour-dans-chaque-pays-de-l-ue\\\/211664\\\/\",\"url\":\"https:\\\/\\\/www.webdo.tn\\\/fr\\\/actualite\\\/national\\\/les-tunisiens-titulaires-de-permis-de-sejour-dans-chaque-pays-de-l-ue\\\/211664\\\/\",\"name\":\"Les Tunisiens titulaires de permis de s\u00e9jour dans chaque pays de l\u2019UE\",\"isPartOf\":{\"@id\":\"https:\\\/\\\/www.webdo.tn\\\/fr\\\/#website\"},\"primaryImageOfPage\":{\"@id\":\"https:\\\/\\\/www.webdo.tn\\\/fr\\\/actualite\\\/national\\\/les-tunisiens-titulaires-de-permis-de-sejour-dans-chaque-pays-de-l-ue\\\/211664\\\/#primaryimage\"},\"image\":{\"@id\":\"https:\\\/\\\/www.webdo.tn\\\/fr\\\/actualite\\\/national\\\/les-tunisiens-titulaires-de-permis-de-sejour-dans-chaque-pays-de-l-ue\\\/211664\\\/#primaryimage\"},\"thumbnailUrl\":\"https:\\\/\\\/www.webdo.tn\\\/fr\\\/wp-content\\\/uploads\\\/2024\\\/01\\\/169e4a0cfa6e277c55bbe5e472100821.jpg\",\"datePublished\":\"2024-01-19T14:46:00+00:00\",\"description\":\"Sans surprise, la France est le premier pays \u00e9metteur de permis de s\u00e9jour aux Tunisiens. A fin 2022, ils \u00e9taient au total 275.671.\",\"breadcrumb\":{\"@id\":\"https:\\\/\\\/www.webdo.tn\\\/fr\\\/actualite\\\/national\\\/les-tunisiens-titulaires-de-permis-de-sejour-dans-chaque-pays-de-l-ue\\\/211664\\\/#breadcrumb\"},\"inLanguage\":\"fr-FR\",\"potentialAction\":[{\"@type\":\"ReadAction\",\"target\":[\"https:\\\/\\\/www.webdo.tn\\\/fr\\\/actualite\\\/national\\\/les-tunisiens-titulaires-de-permis-de-sejour-dans-chaque-pays-de-l-ue\\\/211664\\\/\"]}]},{\"@type\":\"ImageObject\",\"inLanguage\":\"fr-FR\",\"@id\":\"https:\\\/\\\/www.webdo.tn\\\/fr\\\/actualite\\\/national\\\/les-tunisiens-titulaires-de-permis-de-sejour-dans-chaque-pays-de-l-ue\\\/211664\\\/#primaryimage\",\"url\":\"https:\\\/\\\/www.webdo.tn\\\/fr\\\/wp-content\\\/uploads\\\/2024\\\/01\\\/169e4a0cfa6e277c55bbe5e472100821.jpg\",\"contentUrl\":\"https:\\\/\\\/www.webdo.tn\\\/fr\\\/wp-content\\\/uploads\\\/2024\\\/01\\\/169e4a0cfa6e277c55bbe5e472100821.jpg\",\"width\":735,\"height\":392,\"caption\":\"Les Tunisiens titulaires de permis de s\u00e9jour dans chaque pays de l\u2019UE\"},{\"@type\":\"BreadcrumbList\",\"@id\":\"https:\\\/\\\/www.webdo.tn\\\/fr\\\/actualite\\\/national\\\/les-tunisiens-titulaires-de-permis-de-sejour-dans-chaque-pays-de-l-ue\\\/211664\\\/#breadcrumb\",\"itemListElement\":[{\"@type\":\"ListItem\",\"position\":1,\"name\":\"Accueil\",\"item\":\"https:\\\/\\\/www.webdo.tn\\\/fr\\\/\"},{\"@type\":\"ListItem\",\"position\":2,\"name\":\"Les Tunisiens titulaires de permis de s\u00e9jour dans chaque pays de l\u2019UE\"}]},{\"@type\":\"WebSite\",\"@id\":\"https:\\\/\\\/www.webdo.tn\\\/fr\\\/#website\",\"url\":\"https:\\\/\\\/www.webdo.tn\\\/fr\\\/\",\"name\":\"webdo\",\"description\":\"Tunisie - News en Tunisie et \u00e0 l&#039;international sur Webdo.tn\",\"publisher\":{\"@id\":\"https:\\\/\\\/www.webdo.tn\\\/fr\\\/#organization\"},\"potentialAction\":[{\"@type\":\"SearchAction\",\"target\":{\"@type\":\"EntryPoint\",\"urlTemplate\":\"https:\\\/\\\/www.webdo.tn\\\/fr\\\/?s={search_term_string}\"},\"query-input\":{\"@type\":\"PropertyValueSpecification\",\"valueRequired\":true,\"valueName\":\"search_term_string\"}}],\"inLanguage\":\"fr-FR\"},{\"@type\":\"Organization\",\"@id\":\"https:\\\/\\\/www.webdo.tn\\\/fr\\\/#organization\",\"name\":\"Webdo\",\"alternateName\":\"Webdo.tn\",\"url\":\"https:\\\/\\\/www.webdo.tn\\\/fr\\\/\",\"logo\":{\"@type\":\"ImageObject\",\"inLanguage\":\"fr-FR\",\"@id\":\"https:\\\/\\\/www.webdo.tn\\\/fr\\\/#\\\/schema\\\/logo\\\/image\\\/\",\"url\":\"https:\\\/\\\/www.webdo.tn\\\/fr\\\/wp-content\\\/uploads\\\/2025\\\/06\\\/Webdo-Tunisie_168377.jpg\",\"contentUrl\":\"https:\\\/\\\/www.webdo.tn\\\/fr\\\/wp-content\\\/uploads\\\/2025\\\/06\\\/Webdo-Tunisie_168377.jpg\",\"width\":301,\"height\":301,\"caption\":\"Webdo\"},\"image\":{\"@id\":\"https:\\\/\\\/www.webdo.tn\\\/fr\\\/#\\\/schema\\\/logo\\\/image\\\/\"},\"sameAs\":[\"https:\\\/\\\/www.facebook.com\\\/webdotn\",\"https:\\\/\\\/x.com\\\/webdo_tn\"],\"description\":\"Webdo est un m\u00e9dia num\u00e9rique tunisien fond\u00e9 en 2010, sp\u00e9cialis\u00e9 dans l\u2019actualit\u00e9 nationale et internationale, l\u2019\u00e9conomie, la soci\u00e9t\u00e9 et les analyses politiques. Le site s\u2019adresse \u00e0 un large public francophone et couvre l\u2019information tunisienne en temps r\u00e9el.\",\"email\":\"redac@webdo.tn\",\"legalName\":\"YNJ SARL\",\"foundingDate\":\"2010-09-06\",\"numberOfEmployees\":{\"@type\":\"QuantitativeValue\",\"minValue\":\"11\",\"maxValue\":\"50\"}},{\"@type\":\"Person\",\"@id\":\"https:\\\/\\\/www.webdo.tn\\\/fr\\\/#\\\/schema\\\/person\\\/5663044c25eb36d8f88ba5b653f12f8c\",\"name\":\"Ramzi Haddad\",\"image\":{\"@type\":\"ImageObject\",\"inLanguage\":\"fr-FR\",\"@id\":\"https:\\\/\\\/www.webdo.tn\\\/fr\\\/wp-content\\\/uploads\\\/2026\\\/04\\\/ramzi-haddad_avatar-96x96.jpg\",\"url\":\"https:\\\/\\\/www.webdo.tn\\\/fr\\\/wp-content\\\/uploads\\\/2026\\\/04\\\/ramzi-haddad_avatar-96x96.jpg\",\"contentUrl\":\"https:\\\/\\\/www.webdo.tn\\\/fr\\\/wp-content\\\/uploads\\\/2026\\\/04\\\/ramzi-haddad_avatar-96x96.jpg\",\"caption\":\"Ramzi Haddad\"},\"description\":\"Signature \u00e9ditoriale de Walid Ben Youssef Ramzi Haddad est le pseudonyme \u00e9ditorial de Walid Ben Youssef, fondateur et g\u00e9rant de Webdo.tn. Cette signature est d\u00e9di\u00e9e \u00e0 la couverture de l'actualit\u00e9 nationale et internationale, ainsi qu'aux analyses des dynamiques num\u00e9riques. Ce profil b\u00e9n\u00e9ficie de l'expertise de Walid Ben Youssef, pionnier du web en Tunisie depuis 2000 et dipl\u00f4m\u00e9 en Math\u00e9matiques pures de l'Universit\u00e9 d'Oregon. \u00c0 travers cette signature, la r\u00e9daction de Webdo garantit une information structur\u00e9e et v\u00e9rifi\u00e9e, fid\u00e8le aux standards journalistiques du m\u00e9dia.\",\"url\":\"https:\\\/\\\/www.webdo.tn\\\/fr\\\/actualite\\\/author\\\/ramzi-haddad\\\/\"}]}<\/script>\n<!-- \/ Yoast SEO Premium plugin. -->","yoast_head_json":{"title":"Les Tunisiens titulaires de permis de s\u00e9jour dans chaque pays de l\u2019UE","description":"Sans surprise, la France est le premier pays \u00e9metteur de permis de s\u00e9jour aux Tunisiens. A fin 2022, ils \u00e9taient au total 275.671.","canonical":"https:\/\/www.webdo.tn\/fr\/actualite\/national\/les-tunisiens-titulaires-de-permis-de-sejour-dans-chaque-pays-de-l-ue\/211664\/","og_locale":"fr_FR","og_type":"article","og_title":"Les Tunisiens titulaires de permis de s\u00e9jour dans chaque pays de l\u2019UE","og_description":"Sans surprise, la France est le premier pays \u00e9metteur de permis de s\u00e9jour aux Tunisiens. A fin 2022, ils \u00e9taient au total 275.671.","og_url":"https:\/\/www.webdo.tn\/fr\/actualite\/national\/les-tunisiens-titulaires-de-permis-de-sejour-dans-chaque-pays-de-l-ue\/211664\/","og_site_name":"webdo","article_publisher":"https:\/\/www.facebook.com\/webdotn","article_published_time":"2024-01-19T14:46:00+00:00","og_image":[{"width":735,"height":392,"url":"https:\/\/www.webdo.tn\/fr\/wp-content\/uploads\/2024\/01\/169e4a0cfa6e277c55bbe5e472100821.jpg","type":"image\/jpeg"}],"author":"Ramzi Haddad","twitter_card":"summary_large_image","twitter_creator":"@webdo_tn","twitter_site":"@webdo_tn","twitter_misc":{"\u00c9crit par":"Ramzi Haddad","Dur\u00e9e de lecture estim\u00e9e":"1 minute"},"schema":{"@context":"https:\/\/schema.org","@graph":[{"@type":"NewsArticle","@id":"https:\/\/www.webdo.tn\/fr\/actualite\/national\/les-tunisiens-titulaires-de-permis-de-sejour-dans-chaque-pays-de-l-ue\/211664\/#article","isPartOf":{"@id":"https:\/\/www.webdo.tn\/fr\/actualite\/national\/les-tunisiens-titulaires-de-permis-de-sejour-dans-chaque-pays-de-l-ue\/211664\/"},"author":{"name":"Ramzi Haddad","@id":"https:\/\/www.webdo.tn\/fr\/#\/schema\/person\/5663044c25eb36d8f88ba5b653f12f8c"},"headline":"Les Tunisiens titulaires de permis de s\u00e9jour dans chaque pays de l\u2019UE","datePublished":"2024-01-19T14:46:00+00:00","mainEntityOfPage":{"@id":"https:\/\/www.webdo.tn\/fr\/actualite\/national\/les-tunisiens-titulaires-de-permis-de-sejour-dans-chaque-pays-de-l-ue\/211664\/"},"wordCount":250,"commentCount":0,"publisher":{"@id":"https:\/\/www.webdo.tn\/fr\/#organization"},"image":{"@id":"https:\/\/www.webdo.tn\/fr\/actualite\/national\/les-tunisiens-titulaires-de-permis-de-sejour-dans-chaque-pays-de-l-ue\/211664\/#primaryimage"},"thumbnailUrl":"https:\/\/www.webdo.tn\/fr\/wp-content\/uploads\/2024\/01\/169e4a0cfa6e277c55bbe5e472100821.jpg","keywords":["\u00e9trangers","europe","permis de s\u00e9jour","Tunisiens"],"articleSection":["National"],"inLanguage":"fr-FR"},{"@type":"WebPage","@id":"https:\/\/www.webdo.tn\/fr\/actualite\/national\/les-tunisiens-titulaires-de-permis-de-sejour-dans-chaque-pays-de-l-ue\/211664\/","url":"https:\/\/www.webdo.tn\/fr\/actualite\/national\/les-tunisiens-titulaires-de-permis-de-sejour-dans-chaque-pays-de-l-ue\/211664\/","name":"Les Tunisiens titulaires de permis de s\u00e9jour dans chaque pays de l\u2019UE","isPartOf":{"@id":"https:\/\/www.webdo.tn\/fr\/#website"},"primaryImageOfPage":{"@id":"https:\/\/www.webdo.tn\/fr\/actualite\/national\/les-tunisiens-titulaires-de-permis-de-sejour-dans-chaque-pays-de-l-ue\/211664\/#primaryimage"},"image":{"@id":"https:\/\/www.webdo.tn\/fr\/actualite\/national\/les-tunisiens-titulaires-de-permis-de-sejour-dans-chaque-pays-de-l-ue\/211664\/#primaryimage"},"thumbnailUrl":"https:\/\/www.webdo.tn\/fr\/wp-content\/uploads\/2024\/01\/169e4a0cfa6e277c55bbe5e472100821.jpg","datePublished":"2024-01-19T14:46:00+00:00","description":"Sans surprise, la France est le premier pays \u00e9metteur de permis de s\u00e9jour aux Tunisiens. A fin 2022, ils \u00e9taient au total 275.671.","breadcrumb":{"@id":"https:\/\/www.webdo.tn\/fr\/actualite\/national\/les-tunisiens-titulaires-de-permis-de-sejour-dans-chaque-pays-de-l-ue\/211664\/#breadcrumb"},"inLanguage":"fr-FR","potentialAction":[{"@type":"ReadAction","target":["https:\/\/www.webdo.tn\/fr\/actualite\/national\/les-tunisiens-titulaires-de-permis-de-sejour-dans-chaque-pays-de-l-ue\/211664\/"]}]},{"@type":"ImageObject","inLanguage":"fr-FR","@id":"https:\/\/www.webdo.tn\/fr\/actualite\/national\/les-tunisiens-titulaires-de-permis-de-sejour-dans-chaque-pays-de-l-ue\/211664\/#primaryimage","url":"https:\/\/www.webdo.tn\/fr\/wp-content\/uploads\/2024\/01\/169e4a0cfa6e277c55bbe5e472100821.jpg","contentUrl":"https:\/\/www.webdo.tn\/fr\/wp-content\/uploads\/2024\/01\/169e4a0cfa6e277c55bbe5e472100821.jpg","width":735,"height":392,"caption":"Les Tunisiens titulaires de permis de s\u00e9jour dans chaque pays de l\u2019UE"},{"@type":"BreadcrumbList","@id":"https:\/\/www.webdo.tn\/fr\/actualite\/national\/les-tunisiens-titulaires-de-permis-de-sejour-dans-chaque-pays-de-l-ue\/211664\/#breadcrumb","itemListElement":[{"@type":"ListItem","position":1,"name":"Accueil","item":"https:\/\/www.webdo.tn\/fr\/"},{"@type":"ListItem","position":2,"name":"Les Tunisiens titulaires de permis de s\u00e9jour dans chaque pays de l\u2019UE"}]},{"@type":"WebSite","@id":"https:\/\/www.webdo.tn\/fr\/#website","url":"https:\/\/www.webdo.tn\/fr\/","name":"webdo","description":"Tunisie - News en Tunisie et \u00e0 l&#039;international sur Webdo.tn","publisher":{"@id":"https:\/\/www.webdo.tn\/fr\/#organization"},"potentialAction":[{"@type":"SearchAction","target":{"@type":"EntryPoint","urlTemplate":"https:\/\/www.webdo.tn\/fr\/?s={search_term_string}"},"query-input":{"@type":"PropertyValueSpecification","valueRequired":true,"valueName":"search_term_string"}}],"inLanguage":"fr-FR"},{"@type":"Organization","@id":"https:\/\/www.webdo.tn\/fr\/#organization","name":"Webdo","alternateName":"Webdo.tn","url":"https:\/\/www.webdo.tn\/fr\/","logo":{"@type":"ImageObject","inLanguage":"fr-FR","@id":"https:\/\/www.webdo.tn\/fr\/#\/schema\/logo\/image\/","url":"https:\/\/www.webdo.tn\/fr\/wp-content\/uploads\/2025\/06\/Webdo-Tunisie_168377.jpg","contentUrl":"https:\/\/www.webdo.tn\/fr\/wp-content\/uploads\/2025\/06\/Webdo-Tunisie_168377.jpg","width":301,"height":301,"caption":"Webdo"},"image":{"@id":"https:\/\/www.webdo.tn\/fr\/#\/schema\/logo\/image\/"},"sameAs":["https:\/\/www.facebook.com\/webdotn","https:\/\/x.com\/webdo_tn"],"description":"Webdo est un m\u00e9dia num\u00e9rique tunisien fond\u00e9 en 2010, sp\u00e9cialis\u00e9 dans l\u2019actualit\u00e9 nationale et internationale, l\u2019\u00e9conomie, la soci\u00e9t\u00e9 et les analyses politiques. Le site s\u2019adresse \u00e0 un large public francophone et couvre l\u2019information tunisienne en temps r\u00e9el.","email":"redac@webdo.tn","legalName":"YNJ SARL","foundingDate":"2010-09-06","numberOfEmployees":{"@type":"QuantitativeValue","minValue":"11","maxValue":"50"}},{"@type":"Person","@id":"https:\/\/www.webdo.tn\/fr\/#\/schema\/person\/5663044c25eb36d8f88ba5b653f12f8c","name":"Ramzi Haddad","image":{"@type":"ImageObject","inLanguage":"fr-FR","@id":"https:\/\/www.webdo.tn\/fr\/wp-content\/uploads\/2026\/04\/ramzi-haddad_avatar-96x96.jpg","url":"https:\/\/www.webdo.tn\/fr\/wp-content\/uploads\/2026\/04\/ramzi-haddad_avatar-96x96.jpg","contentUrl":"https:\/\/www.webdo.tn\/fr\/wp-content\/uploads\/2026\/04\/ramzi-haddad_avatar-96x96.jpg","caption":"Ramzi Haddad"},"description":"Signature \u00e9ditoriale de Walid Ben Youssef Ramzi Haddad est le pseudonyme \u00e9ditorial de Walid Ben Youssef, fondateur et g\u00e9rant de Webdo.tn. Cette signature est d\u00e9di\u00e9e \u00e0 la couverture de l'actualit\u00e9 nationale et internationale, ainsi qu'aux analyses des dynamiques num\u00e9riques. Ce profil b\u00e9n\u00e9ficie de l'expertise de Walid Ben Youssef, pionnier du web en Tunisie depuis 2000 et dipl\u00f4m\u00e9 en Math\u00e9matiques pures de l'Universit\u00e9 d'Oregon. \u00c0 travers cette signature, la r\u00e9daction de Webdo garantit une information structur\u00e9e et v\u00e9rifi\u00e9e, fid\u00e8le aux standards journalistiques du m\u00e9dia.","url":"https:\/\/www.webdo.tn\/fr\/actualite\/author\/ramzi-haddad\/"}]}},"_links":{"self":[{"href":"https:\/\/www.webdo.tn\/fr\/wp-json\/wp\/v2\/posts\/211664","targetHints":{"allow":["GET"]}}],"collection":[{"href":"https:\/\/www.webdo.tn\/fr\/wp-json\/wp\/v2\/posts"}],"about":[{"href":"https:\/\/www.webdo.tn\/fr\/wp-json\/wp\/v2\/types\/post"}],"author":[{"embeddable":true,"href":"https:\/\/www.webdo.tn\/fr\/wp-json\/wp\/v2\/users\/3203"}],"replies":[{"embeddable":true,"href":"https:\/\/www.webdo.tn\/fr\/wp-json\/wp\/v2\/comments?post=211664"}],"version-history":[{"count":0,"href":"https:\/\/www.webdo.tn\/fr\/wp-json\/wp\/v2\/posts\/211664\/revisions"}],"wp:featuredmedia":[{"embeddable":true,"href":"https:\/\/www.webdo.tn\/fr\/wp-json\/wp\/v2\/media\/248217"}],"wp:attachment":[{"href":"https:\/\/www.webdo.tn\/fr\/wp-json\/wp\/v2\/media?parent=211664"}],"wp:term":[{"taxonomy":"category","embeddable":true,"href":"https:\/\/www.webdo.tn\/fr\/wp-json\/wp\/v2\/categories?post=211664"},{"taxonomy":"post_tag","embeddable":true,"href":"https:\/\/www.webdo.tn\/fr\/wp-json\/wp\/v2\/tags?post=211664"}],"curies":[{"name":"wp","href":"https:\/\/api.w.org\/{rel}","templated":true}]}}