{"id":211662,"date":"2024-01-19T12:06:00","date_gmt":"2024-01-19T12:06:00","guid":{"rendered":"https:\/\/www.webdo.tn\/fr\/blog\/le-hamas-mettra-t-il-fin-a-l-ere-netanyahu\/211662\/"},"modified":"2025-05-20T22:32:31","modified_gmt":"2025-05-20T22:32:31","slug":"le-hamas-mettra-t-il-fin-a-l-ere-netanyahu","status":"publish","type":"post","link":"https:\/\/www.webdo.tn\/fr\/actualite\/international\/le-hamas-mettra-t-il-fin-a-l-ere-netanyahu\/211662\/","title":{"rendered":"Le Hamas mettra-t-il fin \u00e0 l\u2019\u00e8re Netanyahu ?"},"content":{"rendered":"<p>Les relations tendues entre Benjamin Netanyahu et les d\u00e9mocrates am\u00e9ricains, marqu\u00e9es par l&rsquo;impatience grandissante de Joe Biden envers le Premier ministre isra\u00e9lien, annoncent l&rsquo;approche imminente de la fin de l&rsquo;\u00e8re Netanyahu.<\/p>\n<p>\t\t\t\t\t\t\t\t\tAvec la complexit\u00e9 de la situation politique, la r\u00e9gion est au bord d&rsquo;une escalade majeure depuis le 7 octobre, comme en t\u00e9moignent les frappes militaires des Etats-Unis et du Royaume-Uni contre les rebelles Houthis au Y\u00e9men.<\/p>\n<p>Dans la continuit\u00e9 de ses habitudes, Benjamin Netanyahu a trait\u00e9 Joe Biden et Antony Blinken avec m\u00e9pris, reproduisant ainsi son comportement ant\u00e9rieur contre l&rsquo;accord nucl\u00e9aire de l&rsquo;administration Obama avec l&rsquo;Iran, qualifi\u00e9 de \u00ab\u00a0tr\u00e8s mauvais\u00a0\u00bb devant le Congr\u00e8s am\u00e9ricain en 2015. Historiquement, le courant n\u2019est jamais pass\u00e9 entre Netanyahu et les d\u00e9mocrates.<\/p>\n<p>Aujourd\u2019hui, la complexit\u00e9 pour Washington r\u00e9side dans les pr\u00e9occupations de Netanyahu, focalis\u00e9es sur son avenir politique et personnel, ainsi que sur les aspirations de l&rsquo;extr\u00eame droite isra\u00e9lienne \u00e0 expulser chaque Arabe de Gaza.<\/p>\n<p>Bien que le gouvernement am\u00e9ricain appelle \u00e0 la r\u00e9duction de l&rsquo;offensive isra\u00e9lienne et \u00e0 l&rsquo;inclusion d&rsquo;un \u00c9tat palestinien dans les pourparlers post-conflit, Netanyahu persiste en visant une \u00ab\u00a0victoire d\u00e9cisive sur le Hamas\u00a0\u00bb et en rejetant l&rsquo;id\u00e9e d&rsquo;un \u00c9tat palestinien. Hier, jeudi 18 janvier, il a soulign\u00e9 : \u00ab Un Premier ministre doit \u00eatre capable de dire &lsquo;non&rsquo; quand cela est n\u00e9cessaire, m\u00eame \u00e0 nos meilleurs amis \u00bb.<\/p>\n<p>Apr\u00e8s 15 semaines de bombardements, un sentiment de d\u00e9sespoir s&rsquo;installe en Isra\u00ebl, avec le Hamas loin d&rsquo;\u00eatre vaincu. Les critiques fusent, notamment celle de l&rsquo;ex-Premier ministre Ehud Barak, qui a publi\u00e9 sur Haaretz un article intitul\u00e9 \u00ab Isra\u00ebl a besoin d&rsquo;\u00e9lections anticip\u00e9es &#8211; avant qu&rsquo;il ne soit trop tard \u00bb. En t\u00e9moignent \u00e9galement les milliers d\u2019Isra\u00e9liens qui manifestent depuis deux semaines en faveur d\u2019\u00e9lections anticip\u00e9es visant l\u2019\u00e9jection de Netanyahu.<\/p>\n<p>Si des \u00e9lections \u00e9taient organis\u00e9es aujourd&rsquo;hui pour la Knesset, Benny Gantz \u00e9mergerait probablement comme vainqueur comme l\u2019indique le dernier sondage publi\u00e9 par Jerusalem Post.<\/p>\n<p>Sur la question d&rsquo;un \u00c9tat palestinien, Gantz soutient une solution \u00e0 deux \u00c9tats avec un d\u00e9tail pr\u00e9cis : \u00ab\u00a0La vall\u00e9e du Jourdain sera notre fronti\u00e8re, mais nous ne permettrons pas \u00e0 des millions de Palestiniens vivant au-del\u00e0 de la cl\u00f4ture de mettre en danger notre identit\u00e9 en tant qu&rsquo;\u00c9tat juif\u00a0\u00bb !<\/p>\n","protected":false},"excerpt":{"rendered":"<p>Dans la continuit\u00e9 de ses habitudes, Benjamin Netanyahu a trait\u00e9 Joe Biden et Antony Blinken avec m\u00e9pris.<\/p>\n","protected":false},"author":3169,"featured_media":248216,"comment_status":"open","ping_status":"closed","sticky":false,"template":"","format":"standard","meta":{"footnotes":""},"categories":[2598],"tags":[3349,5479,2688],"class_list":["post-211662","post","type-post","status-publish","format-standard","has-post-thumbnail","hentry","category-international","tag-hamas","tag-netanyahu","tag-palestine"],"yoast_head":"<!-- This site is optimized with the Yoast SEO Premium plugin v27.5 (Yoast SEO v27.5) - https:\/\/yoast.com\/product\/yoast-seo-premium-wordpress\/ -->\n<title>Le Hamas mettra-t-il fin \u00e0 l\u2019\u00e8re Netanyahu ?<\/title>\n<meta name=\"description\" content=\"Dans la continuit\u00e9 de ses habitudes, Benjamin Netanyahu a trait\u00e9 Joe Biden et Antony Blinken avec m\u00e9pris.\" \/>\n<link rel=\"canonical\" href=\"https:\/\/www.webdo.tn\/fr\/actualite\/international\/le-hamas-mettra-t-il-fin-a-l-ere-netanyahu\/211662\/\" \/>\n<meta property=\"og:locale\" content=\"fr_FR\" \/>\n<meta property=\"og:type\" content=\"article\" \/>\n<meta property=\"og:title\" content=\"Le Hamas mettra-t-il fin \u00e0 l\u2019\u00e8re Netanyahu ?\" \/>\n<meta property=\"og:description\" content=\"Dans la continuit\u00e9 de ses habitudes, Benjamin Netanyahu a trait\u00e9 Joe Biden et Antony Blinken avec m\u00e9pris.\" \/>\n<meta property=\"og:url\" content=\"https:\/\/www.webdo.tn\/fr\/actualite\/international\/le-hamas-mettra-t-il-fin-a-l-ere-netanyahu\/211662\/\" \/>\n<meta property=\"og:site_name\" content=\"webdo\" \/>\n<meta property=\"article:publisher\" content=\"https:\/\/www.facebook.com\/webdotn\" \/>\n<meta property=\"article:published_time\" content=\"2024-01-19T12:06:00+00:00\" \/>\n<meta property=\"article:modified_time\" content=\"2025-05-20T22:32:31+00:00\" \/>\n<meta property=\"og:image\" content=\"https:\/\/www.webdo.tn\/fr\/wp-content\/uploads\/2024\/01\/bf2beac9e0a97a561b579a211e51d0cd.jpg\" \/>\n\t<meta property=\"og:image:width\" content=\"750\" \/>\n\t<meta property=\"og:image:height\" content=\"400\" \/>\n\t<meta property=\"og:image:type\" content=\"image\/jpeg\" \/>\n<meta name=\"author\" content=\"Webdo\" \/>\n<meta name=\"twitter:card\" content=\"summary_large_image\" \/>\n<meta name=\"twitter:creator\" content=\"@webdo_tn\" \/>\n<meta name=\"twitter:site\" content=\"@webdo_tn\" \/>\n<meta name=\"twitter:label1\" content=\"\u00c9crit par\" \/>\n\t<meta name=\"twitter:data1\" content=\"Webdo\" \/>\n\t<meta name=\"twitter:label2\" content=\"Dur\u00e9e de lecture estim\u00e9e\" \/>\n\t<meta name=\"twitter:data2\" content=\"2 minutes\" \/>\n<script type=\"application\/ld+json\" class=\"yoast-schema-graph\">{\"@context\":\"https:\\\/\\\/schema.org\",\"@graph\":[{\"@type\":\"NewsArticle\",\"@id\":\"https:\\\/\\\/www.webdo.tn\\\/fr\\\/actualite\\\/international\\\/le-hamas-mettra-t-il-fin-a-l-ere-netanyahu\\\/211662\\\/#article\",\"isPartOf\":{\"@id\":\"https:\\\/\\\/www.webdo.tn\\\/fr\\\/actualite\\\/international\\\/le-hamas-mettra-t-il-fin-a-l-ere-netanyahu\\\/211662\\\/\"},\"author\":{\"name\":\"Webdo\",\"@id\":\"https:\\\/\\\/www.webdo.tn\\\/fr\\\/#\\\/schema\\\/person\\\/1f4e491e0907b413d61089e8eb573acc\"},\"headline\":\"Le Hamas mettra-t-il fin \u00e0 l\u2019\u00e8re Netanyahu ?\",\"datePublished\":\"2024-01-19T12:06:00+00:00\",\"dateModified\":\"2025-05-20T22:32:31+00:00\",\"mainEntityOfPage\":{\"@id\":\"https:\\\/\\\/www.webdo.tn\\\/fr\\\/actualite\\\/international\\\/le-hamas-mettra-t-il-fin-a-l-ere-netanyahu\\\/211662\\\/\"},\"wordCount\":419,\"commentCount\":0,\"publisher\":{\"@id\":\"https:\\\/\\\/www.webdo.tn\\\/fr\\\/#organization\"},\"image\":{\"@id\":\"https:\\\/\\\/www.webdo.tn\\\/fr\\\/actualite\\\/international\\\/le-hamas-mettra-t-il-fin-a-l-ere-netanyahu\\\/211662\\\/#primaryimage\"},\"thumbnailUrl\":\"https:\\\/\\\/www.webdo.tn\\\/fr\\\/wp-content\\\/uploads\\\/2024\\\/01\\\/bf2beac9e0a97a561b579a211e51d0cd.jpg\",\"keywords\":[\"hamas\",\"Netanyahu\",\"Palestine\"],\"articleSection\":[\"International\"],\"inLanguage\":\"fr-FR\"},{\"@type\":\"WebPage\",\"@id\":\"https:\\\/\\\/www.webdo.tn\\\/fr\\\/actualite\\\/international\\\/le-hamas-mettra-t-il-fin-a-l-ere-netanyahu\\\/211662\\\/\",\"url\":\"https:\\\/\\\/www.webdo.tn\\\/fr\\\/actualite\\\/international\\\/le-hamas-mettra-t-il-fin-a-l-ere-netanyahu\\\/211662\\\/\",\"name\":\"Le Hamas mettra-t-il fin \u00e0 l\u2019\u00e8re Netanyahu ?\",\"isPartOf\":{\"@id\":\"https:\\\/\\\/www.webdo.tn\\\/fr\\\/#website\"},\"primaryImageOfPage\":{\"@id\":\"https:\\\/\\\/www.webdo.tn\\\/fr\\\/actualite\\\/international\\\/le-hamas-mettra-t-il-fin-a-l-ere-netanyahu\\\/211662\\\/#primaryimage\"},\"image\":{\"@id\":\"https:\\\/\\\/www.webdo.tn\\\/fr\\\/actualite\\\/international\\\/le-hamas-mettra-t-il-fin-a-l-ere-netanyahu\\\/211662\\\/#primaryimage\"},\"thumbnailUrl\":\"https:\\\/\\\/www.webdo.tn\\\/fr\\\/wp-content\\\/uploads\\\/2024\\\/01\\\/bf2beac9e0a97a561b579a211e51d0cd.jpg\",\"datePublished\":\"2024-01-19T12:06:00+00:00\",\"dateModified\":\"2025-05-20T22:32:31+00:00\",\"description\":\"Dans la continuit\u00e9 de ses habitudes, Benjamin Netanyahu a trait\u00e9 Joe Biden et Antony Blinken avec m\u00e9pris.\",\"breadcrumb\":{\"@id\":\"https:\\\/\\\/www.webdo.tn\\\/fr\\\/actualite\\\/international\\\/le-hamas-mettra-t-il-fin-a-l-ere-netanyahu\\\/211662\\\/#breadcrumb\"},\"inLanguage\":\"fr-FR\",\"potentialAction\":[{\"@type\":\"ReadAction\",\"target\":[\"https:\\\/\\\/www.webdo.tn\\\/fr\\\/actualite\\\/international\\\/le-hamas-mettra-t-il-fin-a-l-ere-netanyahu\\\/211662\\\/\"]}]},{\"@type\":\"ImageObject\",\"inLanguage\":\"fr-FR\",\"@id\":\"https:\\\/\\\/www.webdo.tn\\\/fr\\\/actualite\\\/international\\\/le-hamas-mettra-t-il-fin-a-l-ere-netanyahu\\\/211662\\\/#primaryimage\",\"url\":\"https:\\\/\\\/www.webdo.tn\\\/fr\\\/wp-content\\\/uploads\\\/2024\\\/01\\\/bf2beac9e0a97a561b579a211e51d0cd.jpg\",\"contentUrl\":\"https:\\\/\\\/www.webdo.tn\\\/fr\\\/wp-content\\\/uploads\\\/2024\\\/01\\\/bf2beac9e0a97a561b579a211e51d0cd.jpg\",\"width\":750,\"height\":400,\"caption\":\"Le Hamas mettra-t-il fin \u00e0 l\u2019\u00e8re Netanyahu ?\"},{\"@type\":\"BreadcrumbList\",\"@id\":\"https:\\\/\\\/www.webdo.tn\\\/fr\\\/actualite\\\/international\\\/le-hamas-mettra-t-il-fin-a-l-ere-netanyahu\\\/211662\\\/#breadcrumb\",\"itemListElement\":[{\"@type\":\"ListItem\",\"position\":1,\"name\":\"Accueil\",\"item\":\"https:\\\/\\\/www.webdo.tn\\\/fr\\\/\"},{\"@type\":\"ListItem\",\"position\":2,\"name\":\"Le Hamas mettra-t-il fin \u00e0 l\u2019\u00e8re Netanyahu ?\"}]},{\"@type\":\"WebSite\",\"@id\":\"https:\\\/\\\/www.webdo.tn\\\/fr\\\/#website\",\"url\":\"https:\\\/\\\/www.webdo.tn\\\/fr\\\/\",\"name\":\"webdo\",\"description\":\"Tunisie - News en Tunisie et \u00e0 l&#039;international sur Webdo.tn\",\"publisher\":{\"@id\":\"https:\\\/\\\/www.webdo.tn\\\/fr\\\/#organization\"},\"potentialAction\":[{\"@type\":\"SearchAction\",\"target\":{\"@type\":\"EntryPoint\",\"urlTemplate\":\"https:\\\/\\\/www.webdo.tn\\\/fr\\\/?s={search_term_string}\"},\"query-input\":{\"@type\":\"PropertyValueSpecification\",\"valueRequired\":true,\"valueName\":\"search_term_string\"}}],\"inLanguage\":\"fr-FR\"},{\"@type\":\"Organization\",\"@id\":\"https:\\\/\\\/www.webdo.tn\\\/fr\\\/#organization\",\"name\":\"Webdo\",\"alternateName\":\"Webdo.tn\",\"url\":\"https:\\\/\\\/www.webdo.tn\\\/fr\\\/\",\"logo\":{\"@type\":\"ImageObject\",\"inLanguage\":\"fr-FR\",\"@id\":\"https:\\\/\\\/www.webdo.tn\\\/fr\\\/#\\\/schema\\\/logo\\\/image\\\/\",\"url\":\"https:\\\/\\\/www.webdo.tn\\\/fr\\\/wp-content\\\/uploads\\\/2025\\\/06\\\/Webdo-Tunisie_168377.jpg\",\"contentUrl\":\"https:\\\/\\\/www.webdo.tn\\\/fr\\\/wp-content\\\/uploads\\\/2025\\\/06\\\/Webdo-Tunisie_168377.jpg\",\"width\":301,\"height\":301,\"caption\":\"Webdo\"},\"image\":{\"@id\":\"https:\\\/\\\/www.webdo.tn\\\/fr\\\/#\\\/schema\\\/logo\\\/image\\\/\"},\"sameAs\":[\"https:\\\/\\\/www.facebook.com\\\/webdotn\",\"https:\\\/\\\/x.com\\\/webdo_tn\"],\"description\":\"Webdo est un m\u00e9dia num\u00e9rique tunisien fond\u00e9 en 2010, sp\u00e9cialis\u00e9 dans l\u2019actualit\u00e9 nationale et internationale, l\u2019\u00e9conomie, la soci\u00e9t\u00e9 et les analyses politiques. Le site s\u2019adresse \u00e0 un large public francophone et couvre l\u2019information tunisienne en temps r\u00e9el.\",\"email\":\"redac@webdo.tn\",\"legalName\":\"YNJ SARL\",\"foundingDate\":\"2010-09-06\",\"numberOfEmployees\":{\"@type\":\"QuantitativeValue\",\"minValue\":\"11\",\"maxValue\":\"50\"}},{\"@type\":\"Person\",\"@id\":\"https:\\\/\\\/www.webdo.tn\\\/fr\\\/#\\\/schema\\\/person\\\/1f4e491e0907b413d61089e8eb573acc\",\"name\":\"Webdo\",\"image\":{\"@type\":\"ImageObject\",\"inLanguage\":\"fr-FR\",\"@id\":\"https:\\\/\\\/secure.gravatar.com\\\/avatar\\\/de97aeec1bb80978a9dbb127e47dfc88aaacb2f3c29aac907d8d3222e3495d49?s=96&d=mm&r=g\",\"url\":\"https:\\\/\\\/secure.gravatar.com\\\/avatar\\\/de97aeec1bb80978a9dbb127e47dfc88aaacb2f3c29aac907d8d3222e3495d49?s=96&d=mm&r=g\",\"contentUrl\":\"https:\\\/\\\/secure.gravatar.com\\\/avatar\\\/de97aeec1bb80978a9dbb127e47dfc88aaacb2f3c29aac907d8d3222e3495d49?s=96&d=mm&r=g\",\"caption\":\"Webdo\"},\"url\":\"https:\\\/\\\/www.webdo.tn\\\/fr\\\/actualite\\\/author\\\/webdo\\\/\"}]}<\/script>\n<!-- \/ Yoast SEO Premium plugin. -->","yoast_head_json":{"title":"Le Hamas mettra-t-il fin \u00e0 l\u2019\u00e8re Netanyahu ?","description":"Dans la continuit\u00e9 de ses habitudes, Benjamin Netanyahu a trait\u00e9 Joe Biden et Antony Blinken avec m\u00e9pris.","canonical":"https:\/\/www.webdo.tn\/fr\/actualite\/international\/le-hamas-mettra-t-il-fin-a-l-ere-netanyahu\/211662\/","og_locale":"fr_FR","og_type":"article","og_title":"Le Hamas mettra-t-il fin \u00e0 l\u2019\u00e8re Netanyahu ?","og_description":"Dans la continuit\u00e9 de ses habitudes, Benjamin Netanyahu a trait\u00e9 Joe Biden et Antony Blinken avec m\u00e9pris.","og_url":"https:\/\/www.webdo.tn\/fr\/actualite\/international\/le-hamas-mettra-t-il-fin-a-l-ere-netanyahu\/211662\/","og_site_name":"webdo","article_publisher":"https:\/\/www.facebook.com\/webdotn","article_published_time":"2024-01-19T12:06:00+00:00","article_modified_time":"2025-05-20T22:32:31+00:00","og_image":[{"width":750,"height":400,"url":"https:\/\/www.webdo.tn\/fr\/wp-content\/uploads\/2024\/01\/bf2beac9e0a97a561b579a211e51d0cd.jpg","type":"image\/jpeg"}],"author":"Webdo","twitter_card":"summary_large_image","twitter_creator":"@webdo_tn","twitter_site":"@webdo_tn","twitter_misc":{"\u00c9crit par":"Webdo","Dur\u00e9e de lecture estim\u00e9e":"2 minutes"},"schema":{"@context":"https:\/\/schema.org","@graph":[{"@type":"NewsArticle","@id":"https:\/\/www.webdo.tn\/fr\/actualite\/international\/le-hamas-mettra-t-il-fin-a-l-ere-netanyahu\/211662\/#article","isPartOf":{"@id":"https:\/\/www.webdo.tn\/fr\/actualite\/international\/le-hamas-mettra-t-il-fin-a-l-ere-netanyahu\/211662\/"},"author":{"name":"Webdo","@id":"https:\/\/www.webdo.tn\/fr\/#\/schema\/person\/1f4e491e0907b413d61089e8eb573acc"},"headline":"Le Hamas mettra-t-il fin \u00e0 l\u2019\u00e8re Netanyahu ?","datePublished":"2024-01-19T12:06:00+00:00","dateModified":"2025-05-20T22:32:31+00:00","mainEntityOfPage":{"@id":"https:\/\/www.webdo.tn\/fr\/actualite\/international\/le-hamas-mettra-t-il-fin-a-l-ere-netanyahu\/211662\/"},"wordCount":419,"commentCount":0,"publisher":{"@id":"https:\/\/www.webdo.tn\/fr\/#organization"},"image":{"@id":"https:\/\/www.webdo.tn\/fr\/actualite\/international\/le-hamas-mettra-t-il-fin-a-l-ere-netanyahu\/211662\/#primaryimage"},"thumbnailUrl":"https:\/\/www.webdo.tn\/fr\/wp-content\/uploads\/2024\/01\/bf2beac9e0a97a561b579a211e51d0cd.jpg","keywords":["hamas","Netanyahu","Palestine"],"articleSection":["International"],"inLanguage":"fr-FR"},{"@type":"WebPage","@id":"https:\/\/www.webdo.tn\/fr\/actualite\/international\/le-hamas-mettra-t-il-fin-a-l-ere-netanyahu\/211662\/","url":"https:\/\/www.webdo.tn\/fr\/actualite\/international\/le-hamas-mettra-t-il-fin-a-l-ere-netanyahu\/211662\/","name":"Le Hamas mettra-t-il fin \u00e0 l\u2019\u00e8re Netanyahu ?","isPartOf":{"@id":"https:\/\/www.webdo.tn\/fr\/#website"},"primaryImageOfPage":{"@id":"https:\/\/www.webdo.tn\/fr\/actualite\/international\/le-hamas-mettra-t-il-fin-a-l-ere-netanyahu\/211662\/#primaryimage"},"image":{"@id":"https:\/\/www.webdo.tn\/fr\/actualite\/international\/le-hamas-mettra-t-il-fin-a-l-ere-netanyahu\/211662\/#primaryimage"},"thumbnailUrl":"https:\/\/www.webdo.tn\/fr\/wp-content\/uploads\/2024\/01\/bf2beac9e0a97a561b579a211e51d0cd.jpg","datePublished":"2024-01-19T12:06:00+00:00","dateModified":"2025-05-20T22:32:31+00:00","description":"Dans la continuit\u00e9 de ses habitudes, Benjamin Netanyahu a trait\u00e9 Joe Biden et Antony Blinken avec m\u00e9pris.","breadcrumb":{"@id":"https:\/\/www.webdo.tn\/fr\/actualite\/international\/le-hamas-mettra-t-il-fin-a-l-ere-netanyahu\/211662\/#breadcrumb"},"inLanguage":"fr-FR","potentialAction":[{"@type":"ReadAction","target":["https:\/\/www.webdo.tn\/fr\/actualite\/international\/le-hamas-mettra-t-il-fin-a-l-ere-netanyahu\/211662\/"]}]},{"@type":"ImageObject","inLanguage":"fr-FR","@id":"https:\/\/www.webdo.tn\/fr\/actualite\/international\/le-hamas-mettra-t-il-fin-a-l-ere-netanyahu\/211662\/#primaryimage","url":"https:\/\/www.webdo.tn\/fr\/wp-content\/uploads\/2024\/01\/bf2beac9e0a97a561b579a211e51d0cd.jpg","contentUrl":"https:\/\/www.webdo.tn\/fr\/wp-content\/uploads\/2024\/01\/bf2beac9e0a97a561b579a211e51d0cd.jpg","width":750,"height":400,"caption":"Le Hamas mettra-t-il fin \u00e0 l\u2019\u00e8re Netanyahu ?"},{"@type":"BreadcrumbList","@id":"https:\/\/www.webdo.tn\/fr\/actualite\/international\/le-hamas-mettra-t-il-fin-a-l-ere-netanyahu\/211662\/#breadcrumb","itemListElement":[{"@type":"ListItem","position":1,"name":"Accueil","item":"https:\/\/www.webdo.tn\/fr\/"},{"@type":"ListItem","position":2,"name":"Le Hamas mettra-t-il fin \u00e0 l\u2019\u00e8re Netanyahu ?"}]},{"@type":"WebSite","@id":"https:\/\/www.webdo.tn\/fr\/#website","url":"https:\/\/www.webdo.tn\/fr\/","name":"webdo","description":"Tunisie - News en Tunisie et \u00e0 l&#039;international sur Webdo.tn","publisher":{"@id":"https:\/\/www.webdo.tn\/fr\/#organization"},"potentialAction":[{"@type":"SearchAction","target":{"@type":"EntryPoint","urlTemplate":"https:\/\/www.webdo.tn\/fr\/?s={search_term_string}"},"query-input":{"@type":"PropertyValueSpecification","valueRequired":true,"valueName":"search_term_string"}}],"inLanguage":"fr-FR"},{"@type":"Organization","@id":"https:\/\/www.webdo.tn\/fr\/#organization","name":"Webdo","alternateName":"Webdo.tn","url":"https:\/\/www.webdo.tn\/fr\/","logo":{"@type":"ImageObject","inLanguage":"fr-FR","@id":"https:\/\/www.webdo.tn\/fr\/#\/schema\/logo\/image\/","url":"https:\/\/www.webdo.tn\/fr\/wp-content\/uploads\/2025\/06\/Webdo-Tunisie_168377.jpg","contentUrl":"https:\/\/www.webdo.tn\/fr\/wp-content\/uploads\/2025\/06\/Webdo-Tunisie_168377.jpg","width":301,"height":301,"caption":"Webdo"},"image":{"@id":"https:\/\/www.webdo.tn\/fr\/#\/schema\/logo\/image\/"},"sameAs":["https:\/\/www.facebook.com\/webdotn","https:\/\/x.com\/webdo_tn"],"description":"Webdo est un m\u00e9dia num\u00e9rique tunisien fond\u00e9 en 2010, sp\u00e9cialis\u00e9 dans l\u2019actualit\u00e9 nationale et internationale, l\u2019\u00e9conomie, la soci\u00e9t\u00e9 et les analyses politiques. Le site s\u2019adresse \u00e0 un large public francophone et couvre l\u2019information tunisienne en temps r\u00e9el.","email":"redac@webdo.tn","legalName":"YNJ SARL","foundingDate":"2010-09-06","numberOfEmployees":{"@type":"QuantitativeValue","minValue":"11","maxValue":"50"}},{"@type":"Person","@id":"https:\/\/www.webdo.tn\/fr\/#\/schema\/person\/1f4e491e0907b413d61089e8eb573acc","name":"Webdo","image":{"@type":"ImageObject","inLanguage":"fr-FR","@id":"https:\/\/secure.gravatar.com\/avatar\/de97aeec1bb80978a9dbb127e47dfc88aaacb2f3c29aac907d8d3222e3495d49?s=96&d=mm&r=g","url":"https:\/\/secure.gravatar.com\/avatar\/de97aeec1bb80978a9dbb127e47dfc88aaacb2f3c29aac907d8d3222e3495d49?s=96&d=mm&r=g","contentUrl":"https:\/\/secure.gravatar.com\/avatar\/de97aeec1bb80978a9dbb127e47dfc88aaacb2f3c29aac907d8d3222e3495d49?s=96&d=mm&r=g","caption":"Webdo"},"url":"https:\/\/www.webdo.tn\/fr\/actualite\/author\/webdo\/"}]}},"_links":{"self":[{"href":"https:\/\/www.webdo.tn\/fr\/wp-json\/wp\/v2\/posts\/211662","targetHints":{"allow":["GET"]}}],"collection":[{"href":"https:\/\/www.webdo.tn\/fr\/wp-json\/wp\/v2\/posts"}],"about":[{"href":"https:\/\/www.webdo.tn\/fr\/wp-json\/wp\/v2\/types\/post"}],"author":[{"embeddable":true,"href":"https:\/\/www.webdo.tn\/fr\/wp-json\/wp\/v2\/users\/3169"}],"replies":[{"embeddable":true,"href":"https:\/\/www.webdo.tn\/fr\/wp-json\/wp\/v2\/comments?post=211662"}],"version-history":[{"count":0,"href":"https:\/\/www.webdo.tn\/fr\/wp-json\/wp\/v2\/posts\/211662\/revisions"}],"wp:featuredmedia":[{"embeddable":true,"href":"https:\/\/www.webdo.tn\/fr\/wp-json\/wp\/v2\/media\/248216"}],"wp:attachment":[{"href":"https:\/\/www.webdo.tn\/fr\/wp-json\/wp\/v2\/media?parent=211662"}],"wp:term":[{"taxonomy":"category","embeddable":true,"href":"https:\/\/www.webdo.tn\/fr\/wp-json\/wp\/v2\/categories?post=211662"},{"taxonomy":"post_tag","embeddable":true,"href":"https:\/\/www.webdo.tn\/fr\/wp-json\/wp\/v2\/tags?post=211662"}],"curies":[{"name":"wp","href":"https:\/\/api.w.org\/{rel}","templated":true}]}}