{"id":211649,"date":"2024-01-18T18:27:00","date_gmt":"2024-01-18T18:27:00","guid":{"rendered":"https:\/\/www.webdo.tn\/fr\/blog\/cancer-du-col-de-l-uterus-la-tunisie-introduit-un-vaccin-dans-le-calendrier-national\/211649\/"},"modified":"2025-05-20T22:38:13","modified_gmt":"2025-05-20T22:38:13","slug":"cancer-du-col-de-l-uterus-la-tunisie-introduit-un-vaccin-dans-le-calendrier-national","status":"publish","type":"post","link":"https:\/\/www.webdo.tn\/fr\/actualite\/national\/cancer-du-col-de-l-uterus-la-tunisie-introduit-un-vaccin-dans-le-calendrier-national\/211649\/","title":{"rendered":"Cancer du col de l&rsquo;ut\u00e9rus : La Tunisie introduit un vaccin dans le calendrier national"},"content":{"rendered":"<p>Cette nouvelle vaccination repr\u00e9sente un moyen de pr\u00e9vention de l&rsquo;infection par le virus du papillomavirus HPV, qui pourrait \u00eatre l&rsquo;une des causes du cancer du col de l&rsquo;ut\u00e9rus.<\/p>\n<p>\t\t\t\t\t\t\t\t\t\u00a0<\/p>\n<p>Le minist\u00e8re de la sant\u00e9 vient d\u2019annoncer qu\u2019il va entamer, \u00e0 partir de l&rsquo;ann\u00e9e 2025, l&rsquo;introduction, pour la premi\u00e8re fois, d&rsquo;un vaccin contre le papillomavirus humains (HPV) dans le calendrier national de vaccination comme mesure de pr\u00e9vention contre le cancer du col de l&rsquo;ut\u00e9rus au profit des jeunes filles \u00e2g\u00e9es de 12 \u00e0 14 ans.\u00a0<\/p>\n<p>Selon le directeur des soins de sant\u00e9 de base, Chekib Zedini, le comit\u00e9 technique de vaccination se penche sur l&rsquo;inclusion de ce nouveau vaccin pour la premi\u00e8re fois en Tunisie, et administrera la premi\u00e8re injection de ce vaccin d\u00e8s le d\u00e9but de l&rsquo;ann\u00e9e 2025, au profit des jeunes filles \u00e0 l&rsquo;\u00e9cole.<\/p>\n<p>Le porte-parole a pr\u00e9cis\u00e9 que le Comit\u00e9 technique de vaccination se r\u00e9unit r\u00e9guli\u00e8rement pour examiner la situation \u00e9pid\u00e9miologique en Tunisie et dans le monde et prend des d\u00e9cisions concernant l&rsquo;ajout ou l&rsquo;annulation de tout type de vaccination en fonction de l&rsquo;\u00e9volution de la situation \u00e9pid\u00e9miologique.<\/p>\n<p>100 % des cancers du col de l\u2019ut\u00e9rus sont dus aux infections li\u00e9es aux HPV et plus de 25 % des cancers provoqu\u00e9s par les HPV touchent les hommes.\u00a0<\/p>\n<p>Selon l\u2019OMS, la vaccination contre les HPV est recommand\u00e9e pour les filles et les gar\u00e7ons entre 11 ans et 14 ans. Elle peut \u00e9galement \u00eatre propos\u00e9e en rattrapage jusqu&rsquo;\u00e0 l&rsquo;\u00e2ge de 19 ans.<\/p>\n","protected":false},"excerpt":{"rendered":"<p>Le minist\u00e8re de la sant\u00e9 vient d\u2019annoncer qu\u2019il va entamer, \u00e0 partir de l&rsquo;ann\u00e9e 2025, l&rsquo;introduction, pour la premi\u00e8re fois, d&rsquo;un vaccin contre le papillomaviru&#8230;<\/p>\n","protected":false},"author":3175,"featured_media":248209,"comment_status":"open","ping_status":"closed","sticky":false,"template":"","format":"standard","meta":{"footnotes":""},"categories":[44],"tags":[6973,2608,3348],"class_list":["post-211649","post","type-post","status-publish","format-standard","has-post-thumbnail","hentry","category-national","tag-cancer","tag-tunisie","tag-vaccin"],"yoast_head":"<!-- This site is optimized with the Yoast SEO Premium plugin v27.4 (Yoast SEO v27.5) - https:\/\/yoast.com\/product\/yoast-seo-premium-wordpress\/ -->\n<title>Cancer du col de l&#039;ut\u00e9rus : La Tunisie introduit un vaccin dans le calendrier national<\/title>\n<meta name=\"description\" content=\"Le minist\u00e8re de la sant\u00e9 vient d\u2019annoncer qu\u2019il va entamer, \u00e0 partir de l&#039;ann\u00e9e 2025, l&#039;introduction, pour la premi\u00e8re fois, d&#039;un vaccin contre le papillomaviru...\" \/>\n<link rel=\"canonical\" href=\"https:\/\/www.webdo.tn\/fr\/actualite\/national\/cancer-du-col-de-l-uterus-la-tunisie-introduit-un-vaccin-dans-le-calendrier-national\/211649\/\" \/>\n<meta property=\"og:locale\" content=\"fr_FR\" \/>\n<meta property=\"og:type\" content=\"article\" \/>\n<meta property=\"og:title\" content=\"Cancer du col de l&#039;ut\u00e9rus : La Tunisie introduit un vaccin dans le calendrier national\" \/>\n<meta property=\"og:description\" content=\"Le minist\u00e8re de la sant\u00e9 vient d\u2019annoncer qu\u2019il va entamer, \u00e0 partir de l&#039;ann\u00e9e 2025, l&#039;introduction, pour la premi\u00e8re fois, d&#039;un vaccin contre le papillomaviru...\" \/>\n<meta property=\"og:url\" content=\"https:\/\/www.webdo.tn\/fr\/actualite\/national\/cancer-du-col-de-l-uterus-la-tunisie-introduit-un-vaccin-dans-le-calendrier-national\/211649\/\" \/>\n<meta property=\"og:site_name\" content=\"webdo\" \/>\n<meta property=\"article:publisher\" content=\"https:\/\/www.facebook.com\/webdotn\" \/>\n<meta property=\"article:published_time\" content=\"2024-01-18T18:27:00+00:00\" \/>\n<meta property=\"article:modified_time\" content=\"2025-05-20T22:38:13+00:00\" \/>\n<meta property=\"og:image\" content=\"https:\/\/www.webdo.tn\/fr\/wp-content\/uploads\/2024\/01\/a6d5114f86b780c2b095c3d1e0d508d8.jpg\" \/>\n\t<meta property=\"og:image:width\" content=\"750\" \/>\n\t<meta property=\"og:image:height\" content=\"400\" \/>\n\t<meta property=\"og:image:type\" content=\"image\/jpeg\" \/>\n<meta name=\"author\" content=\"CL\" \/>\n<meta name=\"twitter:card\" content=\"summary_large_image\" \/>\n<meta name=\"twitter:creator\" content=\"@webdo_tn\" \/>\n<meta name=\"twitter:site\" content=\"@webdo_tn\" \/>\n<meta name=\"twitter:label1\" content=\"\u00c9crit par\" \/>\n\t<meta name=\"twitter:data1\" content=\"CL\" \/>\n\t<meta name=\"twitter:label2\" content=\"Dur\u00e9e de lecture estim\u00e9e\" \/>\n\t<meta name=\"twitter:data2\" content=\"1 minute\" \/>\n<script type=\"application\/ld+json\" class=\"yoast-schema-graph\">{\"@context\":\"https:\\\/\\\/schema.org\",\"@graph\":[{\"@type\":\"NewsArticle\",\"@id\":\"https:\\\/\\\/www.webdo.tn\\\/fr\\\/actualite\\\/national\\\/cancer-du-col-de-l-uterus-la-tunisie-introduit-un-vaccin-dans-le-calendrier-national\\\/211649\\\/#article\",\"isPartOf\":{\"@id\":\"https:\\\/\\\/www.webdo.tn\\\/fr\\\/actualite\\\/national\\\/cancer-du-col-de-l-uterus-la-tunisie-introduit-un-vaccin-dans-le-calendrier-national\\\/211649\\\/\"},\"author\":{\"name\":\"CL\",\"@id\":\"https:\\\/\\\/www.webdo.tn\\\/fr\\\/#\\\/schema\\\/person\\\/f35b42a42c5e2511bbd282959d6385cc\"},\"headline\":\"Cancer du col de l&rsquo;ut\u00e9rus : La Tunisie introduit un vaccin dans le calendrier national\",\"datePublished\":\"2024-01-18T18:27:00+00:00\",\"dateModified\":\"2025-05-20T22:38:13+00:00\",\"mainEntityOfPage\":{\"@id\":\"https:\\\/\\\/www.webdo.tn\\\/fr\\\/actualite\\\/national\\\/cancer-du-col-de-l-uterus-la-tunisie-introduit-un-vaccin-dans-le-calendrier-national\\\/211649\\\/\"},\"wordCount\":288,\"commentCount\":0,\"publisher\":{\"@id\":\"https:\\\/\\\/www.webdo.tn\\\/fr\\\/#organization\"},\"image\":{\"@id\":\"https:\\\/\\\/www.webdo.tn\\\/fr\\\/actualite\\\/national\\\/cancer-du-col-de-l-uterus-la-tunisie-introduit-un-vaccin-dans-le-calendrier-national\\\/211649\\\/#primaryimage\"},\"thumbnailUrl\":\"https:\\\/\\\/www.webdo.tn\\\/fr\\\/wp-content\\\/uploads\\\/2024\\\/01\\\/a6d5114f86b780c2b095c3d1e0d508d8.jpg\",\"keywords\":[\"cancer\",\"Tunisie\",\"vaccin\"],\"articleSection\":[\"National\"],\"inLanguage\":\"fr-FR\"},{\"@type\":\"WebPage\",\"@id\":\"https:\\\/\\\/www.webdo.tn\\\/fr\\\/actualite\\\/national\\\/cancer-du-col-de-l-uterus-la-tunisie-introduit-un-vaccin-dans-le-calendrier-national\\\/211649\\\/\",\"url\":\"https:\\\/\\\/www.webdo.tn\\\/fr\\\/actualite\\\/national\\\/cancer-du-col-de-l-uterus-la-tunisie-introduit-un-vaccin-dans-le-calendrier-national\\\/211649\\\/\",\"name\":\"Cancer du col de l'ut\u00e9rus : La Tunisie introduit un vaccin dans le calendrier national\",\"isPartOf\":{\"@id\":\"https:\\\/\\\/www.webdo.tn\\\/fr\\\/#website\"},\"primaryImageOfPage\":{\"@id\":\"https:\\\/\\\/www.webdo.tn\\\/fr\\\/actualite\\\/national\\\/cancer-du-col-de-l-uterus-la-tunisie-introduit-un-vaccin-dans-le-calendrier-national\\\/211649\\\/#primaryimage\"},\"image\":{\"@id\":\"https:\\\/\\\/www.webdo.tn\\\/fr\\\/actualite\\\/national\\\/cancer-du-col-de-l-uterus-la-tunisie-introduit-un-vaccin-dans-le-calendrier-national\\\/211649\\\/#primaryimage\"},\"thumbnailUrl\":\"https:\\\/\\\/www.webdo.tn\\\/fr\\\/wp-content\\\/uploads\\\/2024\\\/01\\\/a6d5114f86b780c2b095c3d1e0d508d8.jpg\",\"datePublished\":\"2024-01-18T18:27:00+00:00\",\"dateModified\":\"2025-05-20T22:38:13+00:00\",\"description\":\"Le minist\u00e8re de la sant\u00e9 vient d\u2019annoncer qu\u2019il va entamer, \u00e0 partir de l'ann\u00e9e 2025, l'introduction, pour la premi\u00e8re fois, d'un vaccin contre le papillomaviru...\",\"breadcrumb\":{\"@id\":\"https:\\\/\\\/www.webdo.tn\\\/fr\\\/actualite\\\/national\\\/cancer-du-col-de-l-uterus-la-tunisie-introduit-un-vaccin-dans-le-calendrier-national\\\/211649\\\/#breadcrumb\"},\"inLanguage\":\"fr-FR\",\"potentialAction\":[{\"@type\":\"ReadAction\",\"target\":[\"https:\\\/\\\/www.webdo.tn\\\/fr\\\/actualite\\\/national\\\/cancer-du-col-de-l-uterus-la-tunisie-introduit-un-vaccin-dans-le-calendrier-national\\\/211649\\\/\"]}]},{\"@type\":\"ImageObject\",\"inLanguage\":\"fr-FR\",\"@id\":\"https:\\\/\\\/www.webdo.tn\\\/fr\\\/actualite\\\/national\\\/cancer-du-col-de-l-uterus-la-tunisie-introduit-un-vaccin-dans-le-calendrier-national\\\/211649\\\/#primaryimage\",\"url\":\"https:\\\/\\\/www.webdo.tn\\\/fr\\\/wp-content\\\/uploads\\\/2024\\\/01\\\/a6d5114f86b780c2b095c3d1e0d508d8.jpg\",\"contentUrl\":\"https:\\\/\\\/www.webdo.tn\\\/fr\\\/wp-content\\\/uploads\\\/2024\\\/01\\\/a6d5114f86b780c2b095c3d1e0d508d8.jpg\",\"width\":750,\"height\":400,\"caption\":\"Cancer du col de l'ut\u00e9rus : La Tunisie introduit un vaccin dans le calendrier national\"},{\"@type\":\"BreadcrumbList\",\"@id\":\"https:\\\/\\\/www.webdo.tn\\\/fr\\\/actualite\\\/national\\\/cancer-du-col-de-l-uterus-la-tunisie-introduit-un-vaccin-dans-le-calendrier-national\\\/211649\\\/#breadcrumb\",\"itemListElement\":[{\"@type\":\"ListItem\",\"position\":1,\"name\":\"Accueil\",\"item\":\"https:\\\/\\\/www.webdo.tn\\\/fr\\\/\"},{\"@type\":\"ListItem\",\"position\":2,\"name\":\"Cancer du col de l&#8217;ut\u00e9rus : La Tunisie introduit un vaccin dans le calendrier national\"}]},{\"@type\":\"WebSite\",\"@id\":\"https:\\\/\\\/www.webdo.tn\\\/fr\\\/#website\",\"url\":\"https:\\\/\\\/www.webdo.tn\\\/fr\\\/\",\"name\":\"webdo\",\"description\":\"Tunisie - News en Tunisie et \u00e0 l&#039;international sur Webdo.tn\",\"publisher\":{\"@id\":\"https:\\\/\\\/www.webdo.tn\\\/fr\\\/#organization\"},\"potentialAction\":[{\"@type\":\"SearchAction\",\"target\":{\"@type\":\"EntryPoint\",\"urlTemplate\":\"https:\\\/\\\/www.webdo.tn\\\/fr\\\/?s={search_term_string}\"},\"query-input\":{\"@type\":\"PropertyValueSpecification\",\"valueRequired\":true,\"valueName\":\"search_term_string\"}}],\"inLanguage\":\"fr-FR\"},{\"@type\":\"Organization\",\"@id\":\"https:\\\/\\\/www.webdo.tn\\\/fr\\\/#organization\",\"name\":\"Webdo\",\"alternateName\":\"Webdo.tn\",\"url\":\"https:\\\/\\\/www.webdo.tn\\\/fr\\\/\",\"logo\":{\"@type\":\"ImageObject\",\"inLanguage\":\"fr-FR\",\"@id\":\"https:\\\/\\\/www.webdo.tn\\\/fr\\\/#\\\/schema\\\/logo\\\/image\\\/\",\"url\":\"https:\\\/\\\/www.webdo.tn\\\/fr\\\/wp-content\\\/uploads\\\/2025\\\/06\\\/Webdo-Tunisie_168377.jpg\",\"contentUrl\":\"https:\\\/\\\/www.webdo.tn\\\/fr\\\/wp-content\\\/uploads\\\/2025\\\/06\\\/Webdo-Tunisie_168377.jpg\",\"width\":301,\"height\":301,\"caption\":\"Webdo\"},\"image\":{\"@id\":\"https:\\\/\\\/www.webdo.tn\\\/fr\\\/#\\\/schema\\\/logo\\\/image\\\/\"},\"sameAs\":[\"https:\\\/\\\/www.facebook.com\\\/webdotn\",\"https:\\\/\\\/x.com\\\/webdo_tn\"],\"description\":\"Webdo est un m\u00e9dia num\u00e9rique tunisien fond\u00e9 en 2010, sp\u00e9cialis\u00e9 dans l\u2019actualit\u00e9 nationale et internationale, l\u2019\u00e9conomie, la soci\u00e9t\u00e9 et les analyses politiques. Le site s\u2019adresse \u00e0 un large public francophone et couvre l\u2019information tunisienne en temps r\u00e9el.\",\"email\":\"redac@webdo.tn\",\"legalName\":\"YNJ SARL\",\"foundingDate\":\"2010-09-06\",\"numberOfEmployees\":{\"@type\":\"QuantitativeValue\",\"minValue\":\"11\",\"maxValue\":\"50\"}},{\"@type\":\"Person\",\"@id\":\"https:\\\/\\\/www.webdo.tn\\\/fr\\\/#\\\/schema\\\/person\\\/f35b42a42c5e2511bbd282959d6385cc\",\"name\":\"CL\",\"image\":{\"@type\":\"ImageObject\",\"inLanguage\":\"fr-FR\",\"@id\":\"https:\\\/\\\/secure.gravatar.com\\\/avatar\\\/1447a49909b67aa657c488aec6512e1dd6143a480c1ecfee9b5b5cd74eb3b59e?s=96&d=mm&r=g\",\"url\":\"https:\\\/\\\/secure.gravatar.com\\\/avatar\\\/1447a49909b67aa657c488aec6512e1dd6143a480c1ecfee9b5b5cd74eb3b59e?s=96&d=mm&r=g\",\"contentUrl\":\"https:\\\/\\\/secure.gravatar.com\\\/avatar\\\/1447a49909b67aa657c488aec6512e1dd6143a480c1ecfee9b5b5cd74eb3b59e?s=96&d=mm&r=g\",\"caption\":\"CL\"},\"url\":\"https:\\\/\\\/www.webdo.tn\\\/fr\\\/actualite\\\/author\\\/cl\\\/\"}]}<\/script>\n<!-- \/ Yoast SEO Premium plugin. -->","yoast_head_json":{"title":"Cancer du col de l'ut\u00e9rus : La Tunisie introduit un vaccin dans le calendrier national","description":"Le minist\u00e8re de la sant\u00e9 vient d\u2019annoncer qu\u2019il va entamer, \u00e0 partir de l'ann\u00e9e 2025, l'introduction, pour la premi\u00e8re fois, d'un vaccin contre le papillomaviru...","canonical":"https:\/\/www.webdo.tn\/fr\/actualite\/national\/cancer-du-col-de-l-uterus-la-tunisie-introduit-un-vaccin-dans-le-calendrier-national\/211649\/","og_locale":"fr_FR","og_type":"article","og_title":"Cancer du col de l'ut\u00e9rus : La Tunisie introduit un vaccin dans le calendrier national","og_description":"Le minist\u00e8re de la sant\u00e9 vient d\u2019annoncer qu\u2019il va entamer, \u00e0 partir de l'ann\u00e9e 2025, l'introduction, pour la premi\u00e8re fois, d'un vaccin contre le papillomaviru...","og_url":"https:\/\/www.webdo.tn\/fr\/actualite\/national\/cancer-du-col-de-l-uterus-la-tunisie-introduit-un-vaccin-dans-le-calendrier-national\/211649\/","og_site_name":"webdo","article_publisher":"https:\/\/www.facebook.com\/webdotn","article_published_time":"2024-01-18T18:27:00+00:00","article_modified_time":"2025-05-20T22:38:13+00:00","og_image":[{"width":750,"height":400,"url":"https:\/\/www.webdo.tn\/fr\/wp-content\/uploads\/2024\/01\/a6d5114f86b780c2b095c3d1e0d508d8.jpg","type":"image\/jpeg"}],"author":"CL","twitter_card":"summary_large_image","twitter_creator":"@webdo_tn","twitter_site":"@webdo_tn","twitter_misc":{"\u00c9crit par":"CL","Dur\u00e9e de lecture estim\u00e9e":"1 minute"},"schema":{"@context":"https:\/\/schema.org","@graph":[{"@type":"NewsArticle","@id":"https:\/\/www.webdo.tn\/fr\/actualite\/national\/cancer-du-col-de-l-uterus-la-tunisie-introduit-un-vaccin-dans-le-calendrier-national\/211649\/#article","isPartOf":{"@id":"https:\/\/www.webdo.tn\/fr\/actualite\/national\/cancer-du-col-de-l-uterus-la-tunisie-introduit-un-vaccin-dans-le-calendrier-national\/211649\/"},"author":{"name":"CL","@id":"https:\/\/www.webdo.tn\/fr\/#\/schema\/person\/f35b42a42c5e2511bbd282959d6385cc"},"headline":"Cancer du col de l&rsquo;ut\u00e9rus : La Tunisie introduit un vaccin dans le calendrier national","datePublished":"2024-01-18T18:27:00+00:00","dateModified":"2025-05-20T22:38:13+00:00","mainEntityOfPage":{"@id":"https:\/\/www.webdo.tn\/fr\/actualite\/national\/cancer-du-col-de-l-uterus-la-tunisie-introduit-un-vaccin-dans-le-calendrier-national\/211649\/"},"wordCount":288,"commentCount":0,"publisher":{"@id":"https:\/\/www.webdo.tn\/fr\/#organization"},"image":{"@id":"https:\/\/www.webdo.tn\/fr\/actualite\/national\/cancer-du-col-de-l-uterus-la-tunisie-introduit-un-vaccin-dans-le-calendrier-national\/211649\/#primaryimage"},"thumbnailUrl":"https:\/\/www.webdo.tn\/fr\/wp-content\/uploads\/2024\/01\/a6d5114f86b780c2b095c3d1e0d508d8.jpg","keywords":["cancer","Tunisie","vaccin"],"articleSection":["National"],"inLanguage":"fr-FR"},{"@type":"WebPage","@id":"https:\/\/www.webdo.tn\/fr\/actualite\/national\/cancer-du-col-de-l-uterus-la-tunisie-introduit-un-vaccin-dans-le-calendrier-national\/211649\/","url":"https:\/\/www.webdo.tn\/fr\/actualite\/national\/cancer-du-col-de-l-uterus-la-tunisie-introduit-un-vaccin-dans-le-calendrier-national\/211649\/","name":"Cancer du col de l'ut\u00e9rus : La Tunisie introduit un vaccin dans le calendrier national","isPartOf":{"@id":"https:\/\/www.webdo.tn\/fr\/#website"},"primaryImageOfPage":{"@id":"https:\/\/www.webdo.tn\/fr\/actualite\/national\/cancer-du-col-de-l-uterus-la-tunisie-introduit-un-vaccin-dans-le-calendrier-national\/211649\/#primaryimage"},"image":{"@id":"https:\/\/www.webdo.tn\/fr\/actualite\/national\/cancer-du-col-de-l-uterus-la-tunisie-introduit-un-vaccin-dans-le-calendrier-national\/211649\/#primaryimage"},"thumbnailUrl":"https:\/\/www.webdo.tn\/fr\/wp-content\/uploads\/2024\/01\/a6d5114f86b780c2b095c3d1e0d508d8.jpg","datePublished":"2024-01-18T18:27:00+00:00","dateModified":"2025-05-20T22:38:13+00:00","description":"Le minist\u00e8re de la sant\u00e9 vient d\u2019annoncer qu\u2019il va entamer, \u00e0 partir de l'ann\u00e9e 2025, l'introduction, pour la premi\u00e8re fois, d'un vaccin contre le papillomaviru...","breadcrumb":{"@id":"https:\/\/www.webdo.tn\/fr\/actualite\/national\/cancer-du-col-de-l-uterus-la-tunisie-introduit-un-vaccin-dans-le-calendrier-national\/211649\/#breadcrumb"},"inLanguage":"fr-FR","potentialAction":[{"@type":"ReadAction","target":["https:\/\/www.webdo.tn\/fr\/actualite\/national\/cancer-du-col-de-l-uterus-la-tunisie-introduit-un-vaccin-dans-le-calendrier-national\/211649\/"]}]},{"@type":"ImageObject","inLanguage":"fr-FR","@id":"https:\/\/www.webdo.tn\/fr\/actualite\/national\/cancer-du-col-de-l-uterus-la-tunisie-introduit-un-vaccin-dans-le-calendrier-national\/211649\/#primaryimage","url":"https:\/\/www.webdo.tn\/fr\/wp-content\/uploads\/2024\/01\/a6d5114f86b780c2b095c3d1e0d508d8.jpg","contentUrl":"https:\/\/www.webdo.tn\/fr\/wp-content\/uploads\/2024\/01\/a6d5114f86b780c2b095c3d1e0d508d8.jpg","width":750,"height":400,"caption":"Cancer du col de l'ut\u00e9rus : La Tunisie introduit un vaccin dans le calendrier national"},{"@type":"BreadcrumbList","@id":"https:\/\/www.webdo.tn\/fr\/actualite\/national\/cancer-du-col-de-l-uterus-la-tunisie-introduit-un-vaccin-dans-le-calendrier-national\/211649\/#breadcrumb","itemListElement":[{"@type":"ListItem","position":1,"name":"Accueil","item":"https:\/\/www.webdo.tn\/fr\/"},{"@type":"ListItem","position":2,"name":"Cancer du col de l&#8217;ut\u00e9rus : La Tunisie introduit un vaccin dans le calendrier national"}]},{"@type":"WebSite","@id":"https:\/\/www.webdo.tn\/fr\/#website","url":"https:\/\/www.webdo.tn\/fr\/","name":"webdo","description":"Tunisie - News en Tunisie et \u00e0 l&#039;international sur Webdo.tn","publisher":{"@id":"https:\/\/www.webdo.tn\/fr\/#organization"},"potentialAction":[{"@type":"SearchAction","target":{"@type":"EntryPoint","urlTemplate":"https:\/\/www.webdo.tn\/fr\/?s={search_term_string}"},"query-input":{"@type":"PropertyValueSpecification","valueRequired":true,"valueName":"search_term_string"}}],"inLanguage":"fr-FR"},{"@type":"Organization","@id":"https:\/\/www.webdo.tn\/fr\/#organization","name":"Webdo","alternateName":"Webdo.tn","url":"https:\/\/www.webdo.tn\/fr\/","logo":{"@type":"ImageObject","inLanguage":"fr-FR","@id":"https:\/\/www.webdo.tn\/fr\/#\/schema\/logo\/image\/","url":"https:\/\/www.webdo.tn\/fr\/wp-content\/uploads\/2025\/06\/Webdo-Tunisie_168377.jpg","contentUrl":"https:\/\/www.webdo.tn\/fr\/wp-content\/uploads\/2025\/06\/Webdo-Tunisie_168377.jpg","width":301,"height":301,"caption":"Webdo"},"image":{"@id":"https:\/\/www.webdo.tn\/fr\/#\/schema\/logo\/image\/"},"sameAs":["https:\/\/www.facebook.com\/webdotn","https:\/\/x.com\/webdo_tn"],"description":"Webdo est un m\u00e9dia num\u00e9rique tunisien fond\u00e9 en 2010, sp\u00e9cialis\u00e9 dans l\u2019actualit\u00e9 nationale et internationale, l\u2019\u00e9conomie, la soci\u00e9t\u00e9 et les analyses politiques. Le site s\u2019adresse \u00e0 un large public francophone et couvre l\u2019information tunisienne en temps r\u00e9el.","email":"redac@webdo.tn","legalName":"YNJ SARL","foundingDate":"2010-09-06","numberOfEmployees":{"@type":"QuantitativeValue","minValue":"11","maxValue":"50"}},{"@type":"Person","@id":"https:\/\/www.webdo.tn\/fr\/#\/schema\/person\/f35b42a42c5e2511bbd282959d6385cc","name":"CL","image":{"@type":"ImageObject","inLanguage":"fr-FR","@id":"https:\/\/secure.gravatar.com\/avatar\/1447a49909b67aa657c488aec6512e1dd6143a480c1ecfee9b5b5cd74eb3b59e?s=96&d=mm&r=g","url":"https:\/\/secure.gravatar.com\/avatar\/1447a49909b67aa657c488aec6512e1dd6143a480c1ecfee9b5b5cd74eb3b59e?s=96&d=mm&r=g","contentUrl":"https:\/\/secure.gravatar.com\/avatar\/1447a49909b67aa657c488aec6512e1dd6143a480c1ecfee9b5b5cd74eb3b59e?s=96&d=mm&r=g","caption":"CL"},"url":"https:\/\/www.webdo.tn\/fr\/actualite\/author\/cl\/"}]}},"_links":{"self":[{"href":"https:\/\/www.webdo.tn\/fr\/wp-json\/wp\/v2\/posts\/211649","targetHints":{"allow":["GET"]}}],"collection":[{"href":"https:\/\/www.webdo.tn\/fr\/wp-json\/wp\/v2\/posts"}],"about":[{"href":"https:\/\/www.webdo.tn\/fr\/wp-json\/wp\/v2\/types\/post"}],"author":[{"embeddable":true,"href":"https:\/\/www.webdo.tn\/fr\/wp-json\/wp\/v2\/users\/3175"}],"replies":[{"embeddable":true,"href":"https:\/\/www.webdo.tn\/fr\/wp-json\/wp\/v2\/comments?post=211649"}],"version-history":[{"count":0,"href":"https:\/\/www.webdo.tn\/fr\/wp-json\/wp\/v2\/posts\/211649\/revisions"}],"wp:featuredmedia":[{"embeddable":true,"href":"https:\/\/www.webdo.tn\/fr\/wp-json\/wp\/v2\/media\/248209"}],"wp:attachment":[{"href":"https:\/\/www.webdo.tn\/fr\/wp-json\/wp\/v2\/media?parent=211649"}],"wp:term":[{"taxonomy":"category","embeddable":true,"href":"https:\/\/www.webdo.tn\/fr\/wp-json\/wp\/v2\/categories?post=211649"},{"taxonomy":"post_tag","embeddable":true,"href":"https:\/\/www.webdo.tn\/fr\/wp-json\/wp\/v2\/tags?post=211649"}],"curies":[{"name":"wp","href":"https:\/\/api.w.org\/{rel}","templated":true}]}}