{"id":211641,"date":"2024-01-18T14:29:00","date_gmt":"2024-01-18T14:29:00","guid":{"rendered":"https:\/\/www.webdo.tn\/fr\/blog\/tunisie-vers-une-baisse-prochaine-de-15-des-produits-de-consommation\/211641\/"},"modified":"2025-05-20T21:53:49","modified_gmt":"2025-05-20T21:53:49","slug":"tunisie-vers-une-baisse-prochaine-de-15-des-produits-de-consommation","status":"publish","type":"post","link":"https:\/\/www.webdo.tn\/fr\/actualite\/national\/tunisie-vers-une-baisse-prochaine-de-15-des-produits-de-consommation\/211641\/","title":{"rendered":"Tunisie : Vers une baisse prochaine de 15% des produits de consommation"},"content":{"rendered":"<p>Les prix des produits de consommation vont baisser de 15%, c\u2019est ce qu\u2019annonce Lotfi Riahi, pr\u00e9sident de l&rsquo;Organisation tunisienne d&rsquo;orientation du consommateur.<\/p>\n<p>\t\t\t\t\t\t\t\t\tIl indique, dans une d\u00e9claration accord\u00e9e \u00e0 Webdo que l&rsquo;organisation s&rsquo;attend \u00e0 ce que les prix des produits de consommation, hors produits subventionn\u00e9s, connaissent une baisse de 15% en cas d&rsquo;application de la d\u00e9cision \u00e9mise par le minist\u00e8re du Commerce de plafonner les marges b\u00e9n\u00e9ficiaires \u00e0 10% au lieu de 35% actuellement.<\/p>\n<p>Lotfi Riahi souligne que le plafonnement \u00e0 10% des marges b\u00e9n\u00e9ficiaires aura des r\u00e9percussions positives sur les prix des produits de consommation non subventionn\u00e9s. Une baisse qui devrait co\u00efncider avec le mois du Ramadan.<\/p>\n<p>Selon lui, la d\u00e9cision du minist\u00e8re du Commerce et du D\u00e9veloppement des exportations, permettrait de maintenir le pouvoir d&rsquo;achat des consommateurs et d\u00e9terminer une marge b\u00e9n\u00e9ficiaire maximale sur les produits, que ce soit dans les grands espaces commerciaux ou ailleurs.<\/p>\n<p>A cet \u00e9gard, il convient de noter que le minist\u00e8re du Commerce a d\u00e9cid\u00e9 fin novembre dernier de geler les augmentations de prix de certains produits de consommation et de fixer un prix plafond.<\/p>\n<p>Ces d\u00e9cisions incluent le gel des augmentations de prix de certains types de produits comme les conserves alimentaires, les biscuits, les boissons gazeuses, les jus, les d\u00e9riv\u00e9s du lait et les produits de nettoyage, etc.<\/p>\n","protected":false},"excerpt":{"rendered":"<p>Lotfi Riahi souligne que le plafonnement \u00e0 10% des marges b\u00e9n\u00e9ficiaires aura des r\u00e9percussions positives sur les prix des produits de consommation non subventio&#8230;<\/p>\n","protected":false},"author":3162,"featured_media":248208,"comment_status":"open","ping_status":"closed","sticky":false,"template":"","format":"standard","meta":{"footnotes":""},"categories":[44],"tags":[3578,7171,2609,7172,2608],"class_list":["post-211641","post","type-post","status-publish","format-standard","has-post-thumbnail","hentry","category-national","tag-baisse","tag-marge","tag-prix","tag-produits-de-consommation","tag-tunisie"],"yoast_head":"<!-- This site is optimized with the Yoast SEO Premium plugin v27.5 (Yoast SEO v27.5) - https:\/\/yoast.com\/product\/yoast-seo-premium-wordpress\/ -->\n<title>Tunisie : Vers une baisse prochaine de 15% des produits de consommation<\/title>\n<meta name=\"description\" content=\"Lotfi Riahi souligne que le plafonnement \u00e0 10% des marges b\u00e9n\u00e9ficiaires aura des r\u00e9percussions positives sur les prix des produits de consommation non subventio...\" \/>\n<link rel=\"canonical\" href=\"https:\/\/www.webdo.tn\/fr\/actualite\/national\/tunisie-vers-une-baisse-prochaine-de-15-des-produits-de-consommation\/211641\/\" \/>\n<meta property=\"og:locale\" content=\"fr_FR\" \/>\n<meta property=\"og:type\" content=\"article\" \/>\n<meta property=\"og:title\" content=\"Tunisie : Vers une baisse prochaine de 15% des produits de consommation\" \/>\n<meta property=\"og:description\" content=\"Lotfi Riahi souligne que le plafonnement \u00e0 10% des marges b\u00e9n\u00e9ficiaires aura des r\u00e9percussions positives sur les prix des produits de consommation non subventio...\" \/>\n<meta property=\"og:url\" content=\"https:\/\/www.webdo.tn\/fr\/actualite\/national\/tunisie-vers-une-baisse-prochaine-de-15-des-produits-de-consommation\/211641\/\" \/>\n<meta property=\"og:site_name\" content=\"webdo\" \/>\n<meta property=\"article:publisher\" content=\"https:\/\/www.facebook.com\/webdotn\" \/>\n<meta property=\"article:published_time\" content=\"2024-01-18T14:29:00+00:00\" \/>\n<meta property=\"article:modified_time\" content=\"2025-05-20T21:53:49+00:00\" \/>\n<meta property=\"og:image\" content=\"https:\/\/www.webdo.tn\/fr\/wp-content\/uploads\/2024\/01\/3896d42a84811ee9c4beba8681473587.jpg\" \/>\n\t<meta property=\"og:image:width\" content=\"750\" \/>\n\t<meta property=\"og:image:height\" content=\"400\" \/>\n\t<meta property=\"og:image:type\" content=\"image\/jpeg\" \/>\n<meta name=\"author\" content=\"MC\" \/>\n<meta name=\"twitter:card\" content=\"summary_large_image\" \/>\n<meta name=\"twitter:creator\" content=\"@webdo_tn\" \/>\n<meta name=\"twitter:site\" content=\"@webdo_tn\" \/>\n<meta name=\"twitter:label1\" content=\"\u00c9crit par\" \/>\n\t<meta name=\"twitter:data1\" content=\"MC\" \/>\n\t<meta name=\"twitter:label2\" content=\"Dur\u00e9e de lecture estim\u00e9e\" \/>\n\t<meta name=\"twitter:data2\" content=\"1 minute\" \/>\n<script type=\"application\/ld+json\" class=\"yoast-schema-graph\">{\"@context\":\"https:\\\/\\\/schema.org\",\"@graph\":[{\"@type\":\"NewsArticle\",\"@id\":\"https:\\\/\\\/www.webdo.tn\\\/fr\\\/actualite\\\/national\\\/tunisie-vers-une-baisse-prochaine-de-15-des-produits-de-consommation\\\/211641\\\/#article\",\"isPartOf\":{\"@id\":\"https:\\\/\\\/www.webdo.tn\\\/fr\\\/actualite\\\/national\\\/tunisie-vers-une-baisse-prochaine-de-15-des-produits-de-consommation\\\/211641\\\/\"},\"author\":{\"name\":\"MC\",\"@id\":\"https:\\\/\\\/www.webdo.tn\\\/fr\\\/#\\\/schema\\\/person\\\/2c4929cbf5a809e3bd38617c6ce150f6\"},\"headline\":\"Tunisie : Vers une baisse prochaine de 15% des produits de consommation\",\"datePublished\":\"2024-01-18T14:29:00+00:00\",\"dateModified\":\"2025-05-20T21:53:49+00:00\",\"mainEntityOfPage\":{\"@id\":\"https:\\\/\\\/www.webdo.tn\\\/fr\\\/actualite\\\/national\\\/tunisie-vers-une-baisse-prochaine-de-15-des-produits-de-consommation\\\/211641\\\/\"},\"wordCount\":250,\"commentCount\":0,\"publisher\":{\"@id\":\"https:\\\/\\\/www.webdo.tn\\\/fr\\\/#organization\"},\"image\":{\"@id\":\"https:\\\/\\\/www.webdo.tn\\\/fr\\\/actualite\\\/national\\\/tunisie-vers-une-baisse-prochaine-de-15-des-produits-de-consommation\\\/211641\\\/#primaryimage\"},\"thumbnailUrl\":\"https:\\\/\\\/www.webdo.tn\\\/fr\\\/wp-content\\\/uploads\\\/2024\\\/01\\\/3896d42a84811ee9c4beba8681473587.jpg\",\"keywords\":[\"baisse\",\"marge\",\"prix\",\"produits de consommation\",\"Tunisie\"],\"articleSection\":[\"National\"],\"inLanguage\":\"fr-FR\"},{\"@type\":\"WebPage\",\"@id\":\"https:\\\/\\\/www.webdo.tn\\\/fr\\\/actualite\\\/national\\\/tunisie-vers-une-baisse-prochaine-de-15-des-produits-de-consommation\\\/211641\\\/\",\"url\":\"https:\\\/\\\/www.webdo.tn\\\/fr\\\/actualite\\\/national\\\/tunisie-vers-une-baisse-prochaine-de-15-des-produits-de-consommation\\\/211641\\\/\",\"name\":\"Tunisie : Vers une baisse prochaine de 15% des produits de consommation\",\"isPartOf\":{\"@id\":\"https:\\\/\\\/www.webdo.tn\\\/fr\\\/#website\"},\"primaryImageOfPage\":{\"@id\":\"https:\\\/\\\/www.webdo.tn\\\/fr\\\/actualite\\\/national\\\/tunisie-vers-une-baisse-prochaine-de-15-des-produits-de-consommation\\\/211641\\\/#primaryimage\"},\"image\":{\"@id\":\"https:\\\/\\\/www.webdo.tn\\\/fr\\\/actualite\\\/national\\\/tunisie-vers-une-baisse-prochaine-de-15-des-produits-de-consommation\\\/211641\\\/#primaryimage\"},\"thumbnailUrl\":\"https:\\\/\\\/www.webdo.tn\\\/fr\\\/wp-content\\\/uploads\\\/2024\\\/01\\\/3896d42a84811ee9c4beba8681473587.jpg\",\"datePublished\":\"2024-01-18T14:29:00+00:00\",\"dateModified\":\"2025-05-20T21:53:49+00:00\",\"description\":\"Lotfi Riahi souligne que le plafonnement \u00e0 10% des marges b\u00e9n\u00e9ficiaires aura des r\u00e9percussions positives sur les prix des produits de consommation non subventio...\",\"breadcrumb\":{\"@id\":\"https:\\\/\\\/www.webdo.tn\\\/fr\\\/actualite\\\/national\\\/tunisie-vers-une-baisse-prochaine-de-15-des-produits-de-consommation\\\/211641\\\/#breadcrumb\"},\"inLanguage\":\"fr-FR\",\"potentialAction\":[{\"@type\":\"ReadAction\",\"target\":[\"https:\\\/\\\/www.webdo.tn\\\/fr\\\/actualite\\\/national\\\/tunisie-vers-une-baisse-prochaine-de-15-des-produits-de-consommation\\\/211641\\\/\"]}]},{\"@type\":\"ImageObject\",\"inLanguage\":\"fr-FR\",\"@id\":\"https:\\\/\\\/www.webdo.tn\\\/fr\\\/actualite\\\/national\\\/tunisie-vers-une-baisse-prochaine-de-15-des-produits-de-consommation\\\/211641\\\/#primaryimage\",\"url\":\"https:\\\/\\\/www.webdo.tn\\\/fr\\\/wp-content\\\/uploads\\\/2024\\\/01\\\/3896d42a84811ee9c4beba8681473587.jpg\",\"contentUrl\":\"https:\\\/\\\/www.webdo.tn\\\/fr\\\/wp-content\\\/uploads\\\/2024\\\/01\\\/3896d42a84811ee9c4beba8681473587.jpg\",\"width\":750,\"height\":400,\"caption\":\"Tunisie : Vers une baisse prochaine de 15% des produits de consommation\"},{\"@type\":\"BreadcrumbList\",\"@id\":\"https:\\\/\\\/www.webdo.tn\\\/fr\\\/actualite\\\/national\\\/tunisie-vers-une-baisse-prochaine-de-15-des-produits-de-consommation\\\/211641\\\/#breadcrumb\",\"itemListElement\":[{\"@type\":\"ListItem\",\"position\":1,\"name\":\"Accueil\",\"item\":\"https:\\\/\\\/www.webdo.tn\\\/fr\\\/\"},{\"@type\":\"ListItem\",\"position\":2,\"name\":\"Tunisie : Vers une baisse prochaine de 15% des produits de consommation\"}]},{\"@type\":\"WebSite\",\"@id\":\"https:\\\/\\\/www.webdo.tn\\\/fr\\\/#website\",\"url\":\"https:\\\/\\\/www.webdo.tn\\\/fr\\\/\",\"name\":\"webdo\",\"description\":\"Tunisie - News en Tunisie et \u00e0 l&#039;international sur Webdo.tn\",\"publisher\":{\"@id\":\"https:\\\/\\\/www.webdo.tn\\\/fr\\\/#organization\"},\"potentialAction\":[{\"@type\":\"SearchAction\",\"target\":{\"@type\":\"EntryPoint\",\"urlTemplate\":\"https:\\\/\\\/www.webdo.tn\\\/fr\\\/?s={search_term_string}\"},\"query-input\":{\"@type\":\"PropertyValueSpecification\",\"valueRequired\":true,\"valueName\":\"search_term_string\"}}],\"inLanguage\":\"fr-FR\"},{\"@type\":\"Organization\",\"@id\":\"https:\\\/\\\/www.webdo.tn\\\/fr\\\/#organization\",\"name\":\"Webdo\",\"alternateName\":\"Webdo.tn\",\"url\":\"https:\\\/\\\/www.webdo.tn\\\/fr\\\/\",\"logo\":{\"@type\":\"ImageObject\",\"inLanguage\":\"fr-FR\",\"@id\":\"https:\\\/\\\/www.webdo.tn\\\/fr\\\/#\\\/schema\\\/logo\\\/image\\\/\",\"url\":\"https:\\\/\\\/www.webdo.tn\\\/fr\\\/wp-content\\\/uploads\\\/2025\\\/06\\\/Webdo-Tunisie_168377.jpg\",\"contentUrl\":\"https:\\\/\\\/www.webdo.tn\\\/fr\\\/wp-content\\\/uploads\\\/2025\\\/06\\\/Webdo-Tunisie_168377.jpg\",\"width\":301,\"height\":301,\"caption\":\"Webdo\"},\"image\":{\"@id\":\"https:\\\/\\\/www.webdo.tn\\\/fr\\\/#\\\/schema\\\/logo\\\/image\\\/\"},\"sameAs\":[\"https:\\\/\\\/www.facebook.com\\\/webdotn\",\"https:\\\/\\\/x.com\\\/webdo_tn\"],\"description\":\"Webdo est un m\u00e9dia num\u00e9rique tunisien fond\u00e9 en 2010, sp\u00e9cialis\u00e9 dans l\u2019actualit\u00e9 nationale et internationale, l\u2019\u00e9conomie, la soci\u00e9t\u00e9 et les analyses politiques. Le site s\u2019adresse \u00e0 un large public francophone et couvre l\u2019information tunisienne en temps r\u00e9el.\",\"email\":\"redac@webdo.tn\",\"legalName\":\"YNJ SARL\",\"foundingDate\":\"2010-09-06\",\"numberOfEmployees\":{\"@type\":\"QuantitativeValue\",\"minValue\":\"11\",\"maxValue\":\"50\"}},{\"@type\":\"Person\",\"@id\":\"https:\\\/\\\/www.webdo.tn\\\/fr\\\/#\\\/schema\\\/person\\\/2c4929cbf5a809e3bd38617c6ce150f6\",\"name\":\"MC\",\"image\":{\"@type\":\"ImageObject\",\"inLanguage\":\"fr-FR\",\"@id\":\"https:\\\/\\\/secure.gravatar.com\\\/avatar\\\/a545bbb6f84efdd5553dbbc2895e3ca8f1d12c5215e00a041c9670b54aa9b18a?s=96&d=mm&r=g\",\"url\":\"https:\\\/\\\/secure.gravatar.com\\\/avatar\\\/a545bbb6f84efdd5553dbbc2895e3ca8f1d12c5215e00a041c9670b54aa9b18a?s=96&d=mm&r=g\",\"contentUrl\":\"https:\\\/\\\/secure.gravatar.com\\\/avatar\\\/a545bbb6f84efdd5553dbbc2895e3ca8f1d12c5215e00a041c9670b54aa9b18a?s=96&d=mm&r=g\",\"caption\":\"MC\"},\"url\":\"https:\\\/\\\/www.webdo.tn\\\/fr\\\/actualite\\\/author\\\/mc\\\/\"}]}<\/script>\n<!-- \/ Yoast SEO Premium plugin. -->","yoast_head_json":{"title":"Tunisie : Vers une baisse prochaine de 15% des produits de consommation","description":"Lotfi Riahi souligne que le plafonnement \u00e0 10% des marges b\u00e9n\u00e9ficiaires aura des r\u00e9percussions positives sur les prix des produits de consommation non subventio...","canonical":"https:\/\/www.webdo.tn\/fr\/actualite\/national\/tunisie-vers-une-baisse-prochaine-de-15-des-produits-de-consommation\/211641\/","og_locale":"fr_FR","og_type":"article","og_title":"Tunisie : Vers une baisse prochaine de 15% des produits de consommation","og_description":"Lotfi Riahi souligne que le plafonnement \u00e0 10% des marges b\u00e9n\u00e9ficiaires aura des r\u00e9percussions positives sur les prix des produits de consommation non subventio...","og_url":"https:\/\/www.webdo.tn\/fr\/actualite\/national\/tunisie-vers-une-baisse-prochaine-de-15-des-produits-de-consommation\/211641\/","og_site_name":"webdo","article_publisher":"https:\/\/www.facebook.com\/webdotn","article_published_time":"2024-01-18T14:29:00+00:00","article_modified_time":"2025-05-20T21:53:49+00:00","og_image":[{"width":750,"height":400,"url":"https:\/\/www.webdo.tn\/fr\/wp-content\/uploads\/2024\/01\/3896d42a84811ee9c4beba8681473587.jpg","type":"image\/jpeg"}],"author":"MC","twitter_card":"summary_large_image","twitter_creator":"@webdo_tn","twitter_site":"@webdo_tn","twitter_misc":{"\u00c9crit par":"MC","Dur\u00e9e de lecture estim\u00e9e":"1 minute"},"schema":{"@context":"https:\/\/schema.org","@graph":[{"@type":"NewsArticle","@id":"https:\/\/www.webdo.tn\/fr\/actualite\/national\/tunisie-vers-une-baisse-prochaine-de-15-des-produits-de-consommation\/211641\/#article","isPartOf":{"@id":"https:\/\/www.webdo.tn\/fr\/actualite\/national\/tunisie-vers-une-baisse-prochaine-de-15-des-produits-de-consommation\/211641\/"},"author":{"name":"MC","@id":"https:\/\/www.webdo.tn\/fr\/#\/schema\/person\/2c4929cbf5a809e3bd38617c6ce150f6"},"headline":"Tunisie : Vers une baisse prochaine de 15% des produits de consommation","datePublished":"2024-01-18T14:29:00+00:00","dateModified":"2025-05-20T21:53:49+00:00","mainEntityOfPage":{"@id":"https:\/\/www.webdo.tn\/fr\/actualite\/national\/tunisie-vers-une-baisse-prochaine-de-15-des-produits-de-consommation\/211641\/"},"wordCount":250,"commentCount":0,"publisher":{"@id":"https:\/\/www.webdo.tn\/fr\/#organization"},"image":{"@id":"https:\/\/www.webdo.tn\/fr\/actualite\/national\/tunisie-vers-une-baisse-prochaine-de-15-des-produits-de-consommation\/211641\/#primaryimage"},"thumbnailUrl":"https:\/\/www.webdo.tn\/fr\/wp-content\/uploads\/2024\/01\/3896d42a84811ee9c4beba8681473587.jpg","keywords":["baisse","marge","prix","produits de consommation","Tunisie"],"articleSection":["National"],"inLanguage":"fr-FR"},{"@type":"WebPage","@id":"https:\/\/www.webdo.tn\/fr\/actualite\/national\/tunisie-vers-une-baisse-prochaine-de-15-des-produits-de-consommation\/211641\/","url":"https:\/\/www.webdo.tn\/fr\/actualite\/national\/tunisie-vers-une-baisse-prochaine-de-15-des-produits-de-consommation\/211641\/","name":"Tunisie : Vers une baisse prochaine de 15% des produits de consommation","isPartOf":{"@id":"https:\/\/www.webdo.tn\/fr\/#website"},"primaryImageOfPage":{"@id":"https:\/\/www.webdo.tn\/fr\/actualite\/national\/tunisie-vers-une-baisse-prochaine-de-15-des-produits-de-consommation\/211641\/#primaryimage"},"image":{"@id":"https:\/\/www.webdo.tn\/fr\/actualite\/national\/tunisie-vers-une-baisse-prochaine-de-15-des-produits-de-consommation\/211641\/#primaryimage"},"thumbnailUrl":"https:\/\/www.webdo.tn\/fr\/wp-content\/uploads\/2024\/01\/3896d42a84811ee9c4beba8681473587.jpg","datePublished":"2024-01-18T14:29:00+00:00","dateModified":"2025-05-20T21:53:49+00:00","description":"Lotfi Riahi souligne que le plafonnement \u00e0 10% des marges b\u00e9n\u00e9ficiaires aura des r\u00e9percussions positives sur les prix des produits de consommation non subventio...","breadcrumb":{"@id":"https:\/\/www.webdo.tn\/fr\/actualite\/national\/tunisie-vers-une-baisse-prochaine-de-15-des-produits-de-consommation\/211641\/#breadcrumb"},"inLanguage":"fr-FR","potentialAction":[{"@type":"ReadAction","target":["https:\/\/www.webdo.tn\/fr\/actualite\/national\/tunisie-vers-une-baisse-prochaine-de-15-des-produits-de-consommation\/211641\/"]}]},{"@type":"ImageObject","inLanguage":"fr-FR","@id":"https:\/\/www.webdo.tn\/fr\/actualite\/national\/tunisie-vers-une-baisse-prochaine-de-15-des-produits-de-consommation\/211641\/#primaryimage","url":"https:\/\/www.webdo.tn\/fr\/wp-content\/uploads\/2024\/01\/3896d42a84811ee9c4beba8681473587.jpg","contentUrl":"https:\/\/www.webdo.tn\/fr\/wp-content\/uploads\/2024\/01\/3896d42a84811ee9c4beba8681473587.jpg","width":750,"height":400,"caption":"Tunisie : Vers une baisse prochaine de 15% des produits de consommation"},{"@type":"BreadcrumbList","@id":"https:\/\/www.webdo.tn\/fr\/actualite\/national\/tunisie-vers-une-baisse-prochaine-de-15-des-produits-de-consommation\/211641\/#breadcrumb","itemListElement":[{"@type":"ListItem","position":1,"name":"Accueil","item":"https:\/\/www.webdo.tn\/fr\/"},{"@type":"ListItem","position":2,"name":"Tunisie : Vers une baisse prochaine de 15% des produits de consommation"}]},{"@type":"WebSite","@id":"https:\/\/www.webdo.tn\/fr\/#website","url":"https:\/\/www.webdo.tn\/fr\/","name":"webdo","description":"Tunisie - News en Tunisie et \u00e0 l&#039;international sur Webdo.tn","publisher":{"@id":"https:\/\/www.webdo.tn\/fr\/#organization"},"potentialAction":[{"@type":"SearchAction","target":{"@type":"EntryPoint","urlTemplate":"https:\/\/www.webdo.tn\/fr\/?s={search_term_string}"},"query-input":{"@type":"PropertyValueSpecification","valueRequired":true,"valueName":"search_term_string"}}],"inLanguage":"fr-FR"},{"@type":"Organization","@id":"https:\/\/www.webdo.tn\/fr\/#organization","name":"Webdo","alternateName":"Webdo.tn","url":"https:\/\/www.webdo.tn\/fr\/","logo":{"@type":"ImageObject","inLanguage":"fr-FR","@id":"https:\/\/www.webdo.tn\/fr\/#\/schema\/logo\/image\/","url":"https:\/\/www.webdo.tn\/fr\/wp-content\/uploads\/2025\/06\/Webdo-Tunisie_168377.jpg","contentUrl":"https:\/\/www.webdo.tn\/fr\/wp-content\/uploads\/2025\/06\/Webdo-Tunisie_168377.jpg","width":301,"height":301,"caption":"Webdo"},"image":{"@id":"https:\/\/www.webdo.tn\/fr\/#\/schema\/logo\/image\/"},"sameAs":["https:\/\/www.facebook.com\/webdotn","https:\/\/x.com\/webdo_tn"],"description":"Webdo est un m\u00e9dia num\u00e9rique tunisien fond\u00e9 en 2010, sp\u00e9cialis\u00e9 dans l\u2019actualit\u00e9 nationale et internationale, l\u2019\u00e9conomie, la soci\u00e9t\u00e9 et les analyses politiques. Le site s\u2019adresse \u00e0 un large public francophone et couvre l\u2019information tunisienne en temps r\u00e9el.","email":"redac@webdo.tn","legalName":"YNJ SARL","foundingDate":"2010-09-06","numberOfEmployees":{"@type":"QuantitativeValue","minValue":"11","maxValue":"50"}},{"@type":"Person","@id":"https:\/\/www.webdo.tn\/fr\/#\/schema\/person\/2c4929cbf5a809e3bd38617c6ce150f6","name":"MC","image":{"@type":"ImageObject","inLanguage":"fr-FR","@id":"https:\/\/secure.gravatar.com\/avatar\/a545bbb6f84efdd5553dbbc2895e3ca8f1d12c5215e00a041c9670b54aa9b18a?s=96&d=mm&r=g","url":"https:\/\/secure.gravatar.com\/avatar\/a545bbb6f84efdd5553dbbc2895e3ca8f1d12c5215e00a041c9670b54aa9b18a?s=96&d=mm&r=g","contentUrl":"https:\/\/secure.gravatar.com\/avatar\/a545bbb6f84efdd5553dbbc2895e3ca8f1d12c5215e00a041c9670b54aa9b18a?s=96&d=mm&r=g","caption":"MC"},"url":"https:\/\/www.webdo.tn\/fr\/actualite\/author\/mc\/"}]}},"_links":{"self":[{"href":"https:\/\/www.webdo.tn\/fr\/wp-json\/wp\/v2\/posts\/211641","targetHints":{"allow":["GET"]}}],"collection":[{"href":"https:\/\/www.webdo.tn\/fr\/wp-json\/wp\/v2\/posts"}],"about":[{"href":"https:\/\/www.webdo.tn\/fr\/wp-json\/wp\/v2\/types\/post"}],"author":[{"embeddable":true,"href":"https:\/\/www.webdo.tn\/fr\/wp-json\/wp\/v2\/users\/3162"}],"replies":[{"embeddable":true,"href":"https:\/\/www.webdo.tn\/fr\/wp-json\/wp\/v2\/comments?post=211641"}],"version-history":[{"count":0,"href":"https:\/\/www.webdo.tn\/fr\/wp-json\/wp\/v2\/posts\/211641\/revisions"}],"wp:featuredmedia":[{"embeddable":true,"href":"https:\/\/www.webdo.tn\/fr\/wp-json\/wp\/v2\/media\/248208"}],"wp:attachment":[{"href":"https:\/\/www.webdo.tn\/fr\/wp-json\/wp\/v2\/media?parent=211641"}],"wp:term":[{"taxonomy":"category","embeddable":true,"href":"https:\/\/www.webdo.tn\/fr\/wp-json\/wp\/v2\/categories?post=211641"},{"taxonomy":"post_tag","embeddable":true,"href":"https:\/\/www.webdo.tn\/fr\/wp-json\/wp\/v2\/tags?post=211641"}],"curies":[{"name":"wp","href":"https:\/\/api.w.org\/{rel}","templated":true}]}}