{"id":211633,"date":"2024-01-18T09:19:00","date_gmt":"2024-01-18T09:19:00","guid":{"rendered":"https:\/\/www.webdo.tn\/fr\/blog\/tunisie-jaouher-ben-mbarek-vise-par-une-nouvelle-plainte\/211633\/"},"modified":"2025-05-20T22:11:27","modified_gmt":"2025-05-20T22:11:27","slug":"tunisie-jaouher-ben-mbarek-vise-par-une-nouvelle-plainte","status":"publish","type":"post","link":"https:\/\/www.webdo.tn\/fr\/actualite\/national\/tunisie-jaouher-ben-mbarek-vise-par-une-nouvelle-plainte\/211633\/","title":{"rendered":"Tunisie : Jaouher Ben Mbarek vis\u00e9 par une nouvelle plainte"},"content":{"rendered":"<p>Le comit\u00e9 de d\u00e9fense des personnalit\u00e9s politiques, d\u00e9tenus dans l&rsquo;affaire dite de \u00ab\u00a0complot contre la s\u00fbret\u00e9 de l\u2019\u00c9tat\u00a0\u00bb a rendu public, hier soir, un communiqu\u00e9, en rapport avec Jaouher Ben Mbarek et Ghazi Chaouachi.<\/p>\n<p>\t\t\t\t\t\t\t\t\tLe comit\u00e9 de d\u00e9fense fait savoir que Jaouher Ben Mbarek est vis\u00e9 par une plainte \u00e9manant de l\u2019Instance sup\u00e9rieure ind\u00e9pendante pour les \u00e9lections (ISIE) sur la base du D\u00e9cret 54 relatif \u00e0 la lutte contre les infractions se rapportant aux syst\u00e8mes d\u2019information et de communication, et ce, suite \u00e0 ses d\u00e9clarations t\u00e9l\u00e9vis\u00e9es dans lesquelles il a qualifi\u00e9 \u00ab\u00a0les \u00e9lections de 2022 de coup d&rsquo;\u00c9tat ridicule\u00a0\u00bb.<\/p>\n<p>Par ailleurs, le comit\u00e9 de d\u00e9fense a indiqu\u00e9, dans l\u2019affaire concernant Ghazi Chaouachi, que le juge d&rsquo;instruction pr\u00e8s le Tribunal de premi\u00e8re instance de Tunis avait cl\u00f4tur\u00e9 l&rsquo;enqu\u00eate relative \u00e0 la plainte de la ministre de la Justice en d\u00e9cidant de la d\u00e9f\u00e9rer devant la chambre des mises en accusations pr\u00e8s la Cour d&rsquo;appel de Tunis conform\u00e9ment aux dispositions du D\u00e9cret 54.<\/p>\n<p>Rappelons que Jaouher Ben Mbarek et Ghazi Chaouachi sont incarc\u00e9r\u00e9s depuis le 24 f\u00e9vrier 2023.<\/p>\n","protected":false},"excerpt":{"rendered":"<p>Jaouher Ben Mbarek et Ghazi Chaouachi sont incarc\u00e9r\u00e9s depuis le 24 f\u00e9vrier 2023<\/p>\n","protected":false},"author":3162,"featured_media":290096,"comment_status":"open","ping_status":"closed","sticky":false,"template":"","format":"standard","meta":{"footnotes":""},"categories":[44],"tags":[6133,2967,6427],"class_list":["post-211633","post","type-post","status-publish","format-standard","has-post-thumbnail","hentry","category-national","tag-ghazi-chaouachi","tag-isie","tag-jaouher-ben-mbarek"],"yoast_head":"<!-- This site is optimized with the Yoast SEO Premium plugin v27.5 (Yoast SEO v27.5) - https:\/\/yoast.com\/product\/yoast-seo-premium-wordpress\/ -->\n<title>Tunisie : Jaouher Ben Mbarek vis\u00e9 par une nouvelle plainte<\/title>\n<meta name=\"description\" content=\"Jaouher Ben Mbarek et Ghazi Chaouachi sont incarc\u00e9r\u00e9s depuis le 24 f\u00e9vrier 2023\" \/>\n<link rel=\"canonical\" href=\"https:\/\/www.webdo.tn\/fr\/actualite\/national\/tunisie-jaouher-ben-mbarek-vise-par-une-nouvelle-plainte\/211633\/\" \/>\n<meta property=\"og:locale\" content=\"fr_FR\" \/>\n<meta property=\"og:type\" content=\"article\" \/>\n<meta property=\"og:title\" content=\"Tunisie : Jaouher Ben Mbarek vis\u00e9 par une nouvelle plainte\" \/>\n<meta property=\"og:description\" content=\"Jaouher Ben Mbarek et Ghazi Chaouachi sont incarc\u00e9r\u00e9s depuis le 24 f\u00e9vrier 2023\" \/>\n<meta property=\"og:url\" content=\"https:\/\/www.webdo.tn\/fr\/actualite\/national\/tunisie-jaouher-ben-mbarek-vise-par-une-nouvelle-plainte\/211633\/\" \/>\n<meta property=\"og:site_name\" content=\"webdo\" \/>\n<meta property=\"article:publisher\" content=\"https:\/\/www.facebook.com\/webdotn\" \/>\n<meta property=\"article:published_time\" content=\"2024-01-18T09:19:00+00:00\" \/>\n<meta property=\"article:modified_time\" content=\"2025-05-20T22:11:27+00:00\" \/>\n<meta property=\"og:image\" content=\"https:\/\/www.webdo.tn\/fr\/wp-content\/uploads\/2024\/01\/4cb4aad753f8a0f4707b8455b517f4cc.jpg\" \/>\n\t<meta property=\"og:image:width\" content=\"750\" \/>\n\t<meta property=\"og:image:height\" content=\"400\" \/>\n\t<meta property=\"og:image:type\" content=\"image\/jpeg\" \/>\n<meta name=\"author\" content=\"MC\" \/>\n<meta name=\"twitter:card\" content=\"summary_large_image\" \/>\n<meta name=\"twitter:creator\" content=\"@webdo_tn\" \/>\n<meta name=\"twitter:site\" content=\"@webdo_tn\" \/>\n<meta name=\"twitter:label1\" content=\"\u00c9crit par\" \/>\n\t<meta name=\"twitter:data1\" content=\"MC\" \/>\n\t<meta name=\"twitter:label2\" content=\"Dur\u00e9e de lecture estim\u00e9e\" \/>\n\t<meta name=\"twitter:data2\" content=\"1 minute\" \/>\n<script type=\"application\/ld+json\" class=\"yoast-schema-graph\">{\"@context\":\"https:\\\/\\\/schema.org\",\"@graph\":[{\"@type\":\"NewsArticle\",\"@id\":\"https:\\\/\\\/www.webdo.tn\\\/fr\\\/actualite\\\/national\\\/tunisie-jaouher-ben-mbarek-vise-par-une-nouvelle-plainte\\\/211633\\\/#article\",\"isPartOf\":{\"@id\":\"https:\\\/\\\/www.webdo.tn\\\/fr\\\/actualite\\\/national\\\/tunisie-jaouher-ben-mbarek-vise-par-une-nouvelle-plainte\\\/211633\\\/\"},\"author\":{\"name\":\"MC\",\"@id\":\"https:\\\/\\\/www.webdo.tn\\\/fr\\\/#\\\/schema\\\/person\\\/2c4929cbf5a809e3bd38617c6ce150f6\"},\"headline\":\"Tunisie : Jaouher Ben Mbarek vis\u00e9 par une nouvelle plainte\",\"datePublished\":\"2024-01-18T09:19:00+00:00\",\"dateModified\":\"2025-05-20T22:11:27+00:00\",\"mainEntityOfPage\":{\"@id\":\"https:\\\/\\\/www.webdo.tn\\\/fr\\\/actualite\\\/national\\\/tunisie-jaouher-ben-mbarek-vise-par-une-nouvelle-plainte\\\/211633\\\/\"},\"wordCount\":213,\"commentCount\":0,\"publisher\":{\"@id\":\"https:\\\/\\\/www.webdo.tn\\\/fr\\\/#organization\"},\"image\":{\"@id\":\"https:\\\/\\\/www.webdo.tn\\\/fr\\\/actualite\\\/national\\\/tunisie-jaouher-ben-mbarek-vise-par-une-nouvelle-plainte\\\/211633\\\/#primaryimage\"},\"thumbnailUrl\":\"https:\\\/\\\/www.webdo.tn\\\/fr\\\/wp-content\\\/uploads\\\/2024\\\/01\\\/4cb4aad753f8a0f4707b8455b517f4cc.jpg\",\"keywords\":[\"Ghazi Chaouachi\",\"ISIE\",\"jaouher ben mbarek\"],\"articleSection\":[\"National\"],\"inLanguage\":\"fr-FR\"},{\"@type\":\"WebPage\",\"@id\":\"https:\\\/\\\/www.webdo.tn\\\/fr\\\/actualite\\\/national\\\/tunisie-jaouher-ben-mbarek-vise-par-une-nouvelle-plainte\\\/211633\\\/\",\"url\":\"https:\\\/\\\/www.webdo.tn\\\/fr\\\/actualite\\\/national\\\/tunisie-jaouher-ben-mbarek-vise-par-une-nouvelle-plainte\\\/211633\\\/\",\"name\":\"Tunisie : Jaouher Ben Mbarek vis\u00e9 par une nouvelle plainte\",\"isPartOf\":{\"@id\":\"https:\\\/\\\/www.webdo.tn\\\/fr\\\/#website\"},\"primaryImageOfPage\":{\"@id\":\"https:\\\/\\\/www.webdo.tn\\\/fr\\\/actualite\\\/national\\\/tunisie-jaouher-ben-mbarek-vise-par-une-nouvelle-plainte\\\/211633\\\/#primaryimage\"},\"image\":{\"@id\":\"https:\\\/\\\/www.webdo.tn\\\/fr\\\/actualite\\\/national\\\/tunisie-jaouher-ben-mbarek-vise-par-une-nouvelle-plainte\\\/211633\\\/#primaryimage\"},\"thumbnailUrl\":\"https:\\\/\\\/www.webdo.tn\\\/fr\\\/wp-content\\\/uploads\\\/2024\\\/01\\\/4cb4aad753f8a0f4707b8455b517f4cc.jpg\",\"datePublished\":\"2024-01-18T09:19:00+00:00\",\"dateModified\":\"2025-05-20T22:11:27+00:00\",\"description\":\"Jaouher Ben Mbarek et Ghazi Chaouachi sont incarc\u00e9r\u00e9s depuis le 24 f\u00e9vrier 2023\",\"breadcrumb\":{\"@id\":\"https:\\\/\\\/www.webdo.tn\\\/fr\\\/actualite\\\/national\\\/tunisie-jaouher-ben-mbarek-vise-par-une-nouvelle-plainte\\\/211633\\\/#breadcrumb\"},\"inLanguage\":\"fr-FR\",\"potentialAction\":[{\"@type\":\"ReadAction\",\"target\":[\"https:\\\/\\\/www.webdo.tn\\\/fr\\\/actualite\\\/national\\\/tunisie-jaouher-ben-mbarek-vise-par-une-nouvelle-plainte\\\/211633\\\/\"]}]},{\"@type\":\"ImageObject\",\"inLanguage\":\"fr-FR\",\"@id\":\"https:\\\/\\\/www.webdo.tn\\\/fr\\\/actualite\\\/national\\\/tunisie-jaouher-ben-mbarek-vise-par-une-nouvelle-plainte\\\/211633\\\/#primaryimage\",\"url\":\"https:\\\/\\\/www.webdo.tn\\\/fr\\\/wp-content\\\/uploads\\\/2024\\\/01\\\/4cb4aad753f8a0f4707b8455b517f4cc.jpg\",\"contentUrl\":\"https:\\\/\\\/www.webdo.tn\\\/fr\\\/wp-content\\\/uploads\\\/2024\\\/01\\\/4cb4aad753f8a0f4707b8455b517f4cc.jpg\",\"width\":750,\"height\":400,\"caption\":\"Tunisie : Jaouher Ben Mbarek vis\u00e9 par une nouvelle plainte\"},{\"@type\":\"BreadcrumbList\",\"@id\":\"https:\\\/\\\/www.webdo.tn\\\/fr\\\/actualite\\\/national\\\/tunisie-jaouher-ben-mbarek-vise-par-une-nouvelle-plainte\\\/211633\\\/#breadcrumb\",\"itemListElement\":[{\"@type\":\"ListItem\",\"position\":1,\"name\":\"Accueil\",\"item\":\"https:\\\/\\\/www.webdo.tn\\\/fr\\\/\"},{\"@type\":\"ListItem\",\"position\":2,\"name\":\"Tunisie : Jaouher Ben Mbarek vis\u00e9 par une nouvelle plainte\"}]},{\"@type\":\"WebSite\",\"@id\":\"https:\\\/\\\/www.webdo.tn\\\/fr\\\/#website\",\"url\":\"https:\\\/\\\/www.webdo.tn\\\/fr\\\/\",\"name\":\"webdo\",\"description\":\"Tunisie - News en Tunisie et \u00e0 l&#039;international sur Webdo.tn\",\"publisher\":{\"@id\":\"https:\\\/\\\/www.webdo.tn\\\/fr\\\/#organization\"},\"potentialAction\":[{\"@type\":\"SearchAction\",\"target\":{\"@type\":\"EntryPoint\",\"urlTemplate\":\"https:\\\/\\\/www.webdo.tn\\\/fr\\\/?s={search_term_string}\"},\"query-input\":{\"@type\":\"PropertyValueSpecification\",\"valueRequired\":true,\"valueName\":\"search_term_string\"}}],\"inLanguage\":\"fr-FR\"},{\"@type\":\"Organization\",\"@id\":\"https:\\\/\\\/www.webdo.tn\\\/fr\\\/#organization\",\"name\":\"Webdo\",\"alternateName\":\"Webdo.tn\",\"url\":\"https:\\\/\\\/www.webdo.tn\\\/fr\\\/\",\"logo\":{\"@type\":\"ImageObject\",\"inLanguage\":\"fr-FR\",\"@id\":\"https:\\\/\\\/www.webdo.tn\\\/fr\\\/#\\\/schema\\\/logo\\\/image\\\/\",\"url\":\"https:\\\/\\\/www.webdo.tn\\\/fr\\\/wp-content\\\/uploads\\\/2025\\\/06\\\/Webdo-Tunisie_168377.jpg\",\"contentUrl\":\"https:\\\/\\\/www.webdo.tn\\\/fr\\\/wp-content\\\/uploads\\\/2025\\\/06\\\/Webdo-Tunisie_168377.jpg\",\"width\":301,\"height\":301,\"caption\":\"Webdo\"},\"image\":{\"@id\":\"https:\\\/\\\/www.webdo.tn\\\/fr\\\/#\\\/schema\\\/logo\\\/image\\\/\"},\"sameAs\":[\"https:\\\/\\\/www.facebook.com\\\/webdotn\",\"https:\\\/\\\/x.com\\\/webdo_tn\"],\"description\":\"Webdo est un m\u00e9dia num\u00e9rique tunisien fond\u00e9 en 2010, sp\u00e9cialis\u00e9 dans l\u2019actualit\u00e9 nationale et internationale, l\u2019\u00e9conomie, la soci\u00e9t\u00e9 et les analyses politiques. Le site s\u2019adresse \u00e0 un large public francophone et couvre l\u2019information tunisienne en temps r\u00e9el.\",\"email\":\"redac@webdo.tn\",\"legalName\":\"YNJ SARL\",\"foundingDate\":\"2010-09-06\",\"numberOfEmployees\":{\"@type\":\"QuantitativeValue\",\"minValue\":\"11\",\"maxValue\":\"50\"}},{\"@type\":\"Person\",\"@id\":\"https:\\\/\\\/www.webdo.tn\\\/fr\\\/#\\\/schema\\\/person\\\/2c4929cbf5a809e3bd38617c6ce150f6\",\"name\":\"MC\",\"image\":{\"@type\":\"ImageObject\",\"inLanguage\":\"fr-FR\",\"@id\":\"https:\\\/\\\/secure.gravatar.com\\\/avatar\\\/a545bbb6f84efdd5553dbbc2895e3ca8f1d12c5215e00a041c9670b54aa9b18a?s=96&d=mm&r=g\",\"url\":\"https:\\\/\\\/secure.gravatar.com\\\/avatar\\\/a545bbb6f84efdd5553dbbc2895e3ca8f1d12c5215e00a041c9670b54aa9b18a?s=96&d=mm&r=g\",\"contentUrl\":\"https:\\\/\\\/secure.gravatar.com\\\/avatar\\\/a545bbb6f84efdd5553dbbc2895e3ca8f1d12c5215e00a041c9670b54aa9b18a?s=96&d=mm&r=g\",\"caption\":\"MC\"},\"url\":\"https:\\\/\\\/www.webdo.tn\\\/fr\\\/actualite\\\/author\\\/mc\\\/\"}]}<\/script>\n<!-- \/ Yoast SEO Premium plugin. -->","yoast_head_json":{"title":"Tunisie : Jaouher Ben Mbarek vis\u00e9 par une nouvelle plainte","description":"Jaouher Ben Mbarek et Ghazi Chaouachi sont incarc\u00e9r\u00e9s depuis le 24 f\u00e9vrier 2023","canonical":"https:\/\/www.webdo.tn\/fr\/actualite\/national\/tunisie-jaouher-ben-mbarek-vise-par-une-nouvelle-plainte\/211633\/","og_locale":"fr_FR","og_type":"article","og_title":"Tunisie : Jaouher Ben Mbarek vis\u00e9 par une nouvelle plainte","og_description":"Jaouher Ben Mbarek et Ghazi Chaouachi sont incarc\u00e9r\u00e9s depuis le 24 f\u00e9vrier 2023","og_url":"https:\/\/www.webdo.tn\/fr\/actualite\/national\/tunisie-jaouher-ben-mbarek-vise-par-une-nouvelle-plainte\/211633\/","og_site_name":"webdo","article_publisher":"https:\/\/www.facebook.com\/webdotn","article_published_time":"2024-01-18T09:19:00+00:00","article_modified_time":"2025-05-20T22:11:27+00:00","og_image":[{"width":750,"height":400,"url":"https:\/\/www.webdo.tn\/fr\/wp-content\/uploads\/2024\/01\/4cb4aad753f8a0f4707b8455b517f4cc.jpg","type":"image\/jpeg"}],"author":"MC","twitter_card":"summary_large_image","twitter_creator":"@webdo_tn","twitter_site":"@webdo_tn","twitter_misc":{"\u00c9crit par":"MC","Dur\u00e9e de lecture estim\u00e9e":"1 minute"},"schema":{"@context":"https:\/\/schema.org","@graph":[{"@type":"NewsArticle","@id":"https:\/\/www.webdo.tn\/fr\/actualite\/national\/tunisie-jaouher-ben-mbarek-vise-par-une-nouvelle-plainte\/211633\/#article","isPartOf":{"@id":"https:\/\/www.webdo.tn\/fr\/actualite\/national\/tunisie-jaouher-ben-mbarek-vise-par-une-nouvelle-plainte\/211633\/"},"author":{"name":"MC","@id":"https:\/\/www.webdo.tn\/fr\/#\/schema\/person\/2c4929cbf5a809e3bd38617c6ce150f6"},"headline":"Tunisie : Jaouher Ben Mbarek vis\u00e9 par une nouvelle plainte","datePublished":"2024-01-18T09:19:00+00:00","dateModified":"2025-05-20T22:11:27+00:00","mainEntityOfPage":{"@id":"https:\/\/www.webdo.tn\/fr\/actualite\/national\/tunisie-jaouher-ben-mbarek-vise-par-une-nouvelle-plainte\/211633\/"},"wordCount":213,"commentCount":0,"publisher":{"@id":"https:\/\/www.webdo.tn\/fr\/#organization"},"image":{"@id":"https:\/\/www.webdo.tn\/fr\/actualite\/national\/tunisie-jaouher-ben-mbarek-vise-par-une-nouvelle-plainte\/211633\/#primaryimage"},"thumbnailUrl":"https:\/\/www.webdo.tn\/fr\/wp-content\/uploads\/2024\/01\/4cb4aad753f8a0f4707b8455b517f4cc.jpg","keywords":["Ghazi Chaouachi","ISIE","jaouher ben mbarek"],"articleSection":["National"],"inLanguage":"fr-FR"},{"@type":"WebPage","@id":"https:\/\/www.webdo.tn\/fr\/actualite\/national\/tunisie-jaouher-ben-mbarek-vise-par-une-nouvelle-plainte\/211633\/","url":"https:\/\/www.webdo.tn\/fr\/actualite\/national\/tunisie-jaouher-ben-mbarek-vise-par-une-nouvelle-plainte\/211633\/","name":"Tunisie : Jaouher Ben Mbarek vis\u00e9 par une nouvelle plainte","isPartOf":{"@id":"https:\/\/www.webdo.tn\/fr\/#website"},"primaryImageOfPage":{"@id":"https:\/\/www.webdo.tn\/fr\/actualite\/national\/tunisie-jaouher-ben-mbarek-vise-par-une-nouvelle-plainte\/211633\/#primaryimage"},"image":{"@id":"https:\/\/www.webdo.tn\/fr\/actualite\/national\/tunisie-jaouher-ben-mbarek-vise-par-une-nouvelle-plainte\/211633\/#primaryimage"},"thumbnailUrl":"https:\/\/www.webdo.tn\/fr\/wp-content\/uploads\/2024\/01\/4cb4aad753f8a0f4707b8455b517f4cc.jpg","datePublished":"2024-01-18T09:19:00+00:00","dateModified":"2025-05-20T22:11:27+00:00","description":"Jaouher Ben Mbarek et Ghazi Chaouachi sont incarc\u00e9r\u00e9s depuis le 24 f\u00e9vrier 2023","breadcrumb":{"@id":"https:\/\/www.webdo.tn\/fr\/actualite\/national\/tunisie-jaouher-ben-mbarek-vise-par-une-nouvelle-plainte\/211633\/#breadcrumb"},"inLanguage":"fr-FR","potentialAction":[{"@type":"ReadAction","target":["https:\/\/www.webdo.tn\/fr\/actualite\/national\/tunisie-jaouher-ben-mbarek-vise-par-une-nouvelle-plainte\/211633\/"]}]},{"@type":"ImageObject","inLanguage":"fr-FR","@id":"https:\/\/www.webdo.tn\/fr\/actualite\/national\/tunisie-jaouher-ben-mbarek-vise-par-une-nouvelle-plainte\/211633\/#primaryimage","url":"https:\/\/www.webdo.tn\/fr\/wp-content\/uploads\/2024\/01\/4cb4aad753f8a0f4707b8455b517f4cc.jpg","contentUrl":"https:\/\/www.webdo.tn\/fr\/wp-content\/uploads\/2024\/01\/4cb4aad753f8a0f4707b8455b517f4cc.jpg","width":750,"height":400,"caption":"Tunisie : Jaouher Ben Mbarek vis\u00e9 par une nouvelle plainte"},{"@type":"BreadcrumbList","@id":"https:\/\/www.webdo.tn\/fr\/actualite\/national\/tunisie-jaouher-ben-mbarek-vise-par-une-nouvelle-plainte\/211633\/#breadcrumb","itemListElement":[{"@type":"ListItem","position":1,"name":"Accueil","item":"https:\/\/www.webdo.tn\/fr\/"},{"@type":"ListItem","position":2,"name":"Tunisie : Jaouher Ben Mbarek vis\u00e9 par une nouvelle plainte"}]},{"@type":"WebSite","@id":"https:\/\/www.webdo.tn\/fr\/#website","url":"https:\/\/www.webdo.tn\/fr\/","name":"webdo","description":"Tunisie - News en Tunisie et \u00e0 l&#039;international sur Webdo.tn","publisher":{"@id":"https:\/\/www.webdo.tn\/fr\/#organization"},"potentialAction":[{"@type":"SearchAction","target":{"@type":"EntryPoint","urlTemplate":"https:\/\/www.webdo.tn\/fr\/?s={search_term_string}"},"query-input":{"@type":"PropertyValueSpecification","valueRequired":true,"valueName":"search_term_string"}}],"inLanguage":"fr-FR"},{"@type":"Organization","@id":"https:\/\/www.webdo.tn\/fr\/#organization","name":"Webdo","alternateName":"Webdo.tn","url":"https:\/\/www.webdo.tn\/fr\/","logo":{"@type":"ImageObject","inLanguage":"fr-FR","@id":"https:\/\/www.webdo.tn\/fr\/#\/schema\/logo\/image\/","url":"https:\/\/www.webdo.tn\/fr\/wp-content\/uploads\/2025\/06\/Webdo-Tunisie_168377.jpg","contentUrl":"https:\/\/www.webdo.tn\/fr\/wp-content\/uploads\/2025\/06\/Webdo-Tunisie_168377.jpg","width":301,"height":301,"caption":"Webdo"},"image":{"@id":"https:\/\/www.webdo.tn\/fr\/#\/schema\/logo\/image\/"},"sameAs":["https:\/\/www.facebook.com\/webdotn","https:\/\/x.com\/webdo_tn"],"description":"Webdo est un m\u00e9dia num\u00e9rique tunisien fond\u00e9 en 2010, sp\u00e9cialis\u00e9 dans l\u2019actualit\u00e9 nationale et internationale, l\u2019\u00e9conomie, la soci\u00e9t\u00e9 et les analyses politiques. Le site s\u2019adresse \u00e0 un large public francophone et couvre l\u2019information tunisienne en temps r\u00e9el.","email":"redac@webdo.tn","legalName":"YNJ SARL","foundingDate":"2010-09-06","numberOfEmployees":{"@type":"QuantitativeValue","minValue":"11","maxValue":"50"}},{"@type":"Person","@id":"https:\/\/www.webdo.tn\/fr\/#\/schema\/person\/2c4929cbf5a809e3bd38617c6ce150f6","name":"MC","image":{"@type":"ImageObject","inLanguage":"fr-FR","@id":"https:\/\/secure.gravatar.com\/avatar\/a545bbb6f84efdd5553dbbc2895e3ca8f1d12c5215e00a041c9670b54aa9b18a?s=96&d=mm&r=g","url":"https:\/\/secure.gravatar.com\/avatar\/a545bbb6f84efdd5553dbbc2895e3ca8f1d12c5215e00a041c9670b54aa9b18a?s=96&d=mm&r=g","contentUrl":"https:\/\/secure.gravatar.com\/avatar\/a545bbb6f84efdd5553dbbc2895e3ca8f1d12c5215e00a041c9670b54aa9b18a?s=96&d=mm&r=g","caption":"MC"},"url":"https:\/\/www.webdo.tn\/fr\/actualite\/author\/mc\/"}]}},"_links":{"self":[{"href":"https:\/\/www.webdo.tn\/fr\/wp-json\/wp\/v2\/posts\/211633","targetHints":{"allow":["GET"]}}],"collection":[{"href":"https:\/\/www.webdo.tn\/fr\/wp-json\/wp\/v2\/posts"}],"about":[{"href":"https:\/\/www.webdo.tn\/fr\/wp-json\/wp\/v2\/types\/post"}],"author":[{"embeddable":true,"href":"https:\/\/www.webdo.tn\/fr\/wp-json\/wp\/v2\/users\/3162"}],"replies":[{"embeddable":true,"href":"https:\/\/www.webdo.tn\/fr\/wp-json\/wp\/v2\/comments?post=211633"}],"version-history":[{"count":0,"href":"https:\/\/www.webdo.tn\/fr\/wp-json\/wp\/v2\/posts\/211633\/revisions"}],"wp:featuredmedia":[{"embeddable":true,"href":"https:\/\/www.webdo.tn\/fr\/wp-json\/wp\/v2\/media\/290096"}],"wp:attachment":[{"href":"https:\/\/www.webdo.tn\/fr\/wp-json\/wp\/v2\/media?parent=211633"}],"wp:term":[{"taxonomy":"category","embeddable":true,"href":"https:\/\/www.webdo.tn\/fr\/wp-json\/wp\/v2\/categories?post=211633"},{"taxonomy":"post_tag","embeddable":true,"href":"https:\/\/www.webdo.tn\/fr\/wp-json\/wp\/v2\/tags?post=211633"}],"curies":[{"name":"wp","href":"https:\/\/api.w.org\/{rel}","templated":true}]}}