{"id":211602,"date":"2024-01-17T07:39:00","date_gmt":"2024-01-17T07:39:00","guid":{"rendered":"https:\/\/www.webdo.tn\/fr\/blog\/kristalina-georgieva-la-tunisie-a-pu-realiser-des-resultats-economiques-positifs\/211602\/"},"modified":"2025-05-20T22:38:15","modified_gmt":"2025-05-20T22:38:15","slug":"kristalina-georgieva-la-tunisie-a-pu-realiser-des-resultats-economiques-positifs","status":"publish","type":"post","link":"https:\/\/www.webdo.tn\/fr\/actualite\/national\/kristalina-georgieva-la-tunisie-a-pu-realiser-des-resultats-economiques-positifs\/211602\/","title":{"rendered":"Kristalina Georgieva : \u00ab\u00a0La Tunisie a pu r\u00e9aliser des r\u00e9sultats \u00e9conomiques positifs\u00a0\u00bb"},"content":{"rendered":"<p>Le chef du gouvernement, Ahmed Hachani s\u2019est entretenu, mardi 16 janvier, avec plusieurs responsables d\u2019Etat et d\u2019Institutions financi\u00e8res internationales, \u00e0 l\u2019occasion de sa participation \u00e0 la 54\u00e8 \u00e9dition du Forum \u00e9conomique mondial de Davos.<\/p>\n<p>\t\t\t\t\t\t\t\t\tHachani qui participe, du 16 au 18 janvier courant, \u00e0 ce conclave \u00e9conomique, a notamment rencontr\u00e9 la directrice g\u00e9n\u00e9rale du Fonds mon\u00e9taire international (FMI), Kristalina Georgieva.\u00a0<\/p>\n<p>Ces entrevues ont permis d\u2019\u00e9voquer le financement du processus de d\u00e9veloppement en Tunisie dans toutes ses dimensions, notamment, la dimension sociale et passer en revue le renforcement de la coop\u00e9ration financi\u00e8re et technique.<\/p>\n<p>A cet effet, le chef du gouvernement a soulign\u00e9 \u00e0 Georgieva que la Tunisie a pu honorer tous ses engagements financiers pour 2023, comme elle s\u2019engage \u00e0 le faire durant cette ann\u00e9e.\u00a0<\/p>\n<p>Pour sa part, Kristalina Georgieva a not\u00e9 que la Tunisie figure parmi les pays qui ont pu r\u00e9aliser des r\u00e9sultats \u00e9conomiques positifs en d\u00e9pit des probl\u00e8mes et difficult\u00e9s issus de la conjoncture internationale. Et d\u2019ajouter que le FMI reste ouvert \u00e0 toutes les propositions de coop\u00e9ration avec la Tunisie loin de tout diktat.\u00a0<\/p>\n<p>A cette occasion, le chef du gouvernement a dress\u00e9 les difficult\u00e9s rencontr\u00e9es par la Tunisie notamment en mati\u00e8re de finance publique suite aux tensions g\u00e9opolitiques mondiales.<\/p>\n","protected":false},"excerpt":{"rendered":"<p>Hachani qui participe, du 16 au 18 janvier courant, \u00e0 ce conclave \u00e9conomique, a notamment rencontr\u00e9 la directrice g\u00e9n\u00e9rale du Fonds mon\u00e9taire international (FMI&#8230;<\/p>\n","protected":false},"author":3175,"featured_media":248221,"comment_status":"open","ping_status":"closed","sticky":false,"template":"","format":"standard","meta":{"footnotes":""},"categories":[44],"tags":[4233,7178,2608],"class_list":["post-211602","post","type-post","status-publish","format-standard","has-post-thumbnail","hentry","category-national","tag-fmi","tag-negociations","tag-tunisie"],"yoast_head":"<!-- This site is optimized with the Yoast SEO Premium plugin v27.5 (Yoast SEO v27.5) - https:\/\/yoast.com\/product\/yoast-seo-premium-wordpress\/ -->\n<title>Kristalina Georgieva : La Tunisie a pu r\u00e9aliser des r\u00e9sultats \u00e9conomiques positifs<\/title>\n<meta name=\"description\" content=\"Hachani qui participe, du 16 au 18 janvier courant, \u00e0 ce conclave \u00e9conomique, a notamment rencontr\u00e9 la directrice g\u00e9n\u00e9rale du Fonds mon\u00e9taire international (FMI...\" \/>\n<link rel=\"canonical\" href=\"https:\/\/www.webdo.tn\/fr\/actualite\/national\/kristalina-georgieva-la-tunisie-a-pu-realiser-des-resultats-economiques-positifs\/211602\/\" \/>\n<meta property=\"og:locale\" content=\"fr_FR\" \/>\n<meta property=\"og:type\" content=\"article\" \/>\n<meta property=\"og:title\" content=\"Kristalina Georgieva : &quot;La Tunisie a pu r\u00e9aliser des r\u00e9sultats \u00e9conomiques positifs&quot;\" \/>\n<meta property=\"og:description\" content=\"Hachani qui participe, du 16 au 18 janvier courant, \u00e0 ce conclave \u00e9conomique, a notamment rencontr\u00e9 la directrice g\u00e9n\u00e9rale du Fonds mon\u00e9taire international (FMI...\" \/>\n<meta property=\"og:url\" content=\"https:\/\/www.webdo.tn\/fr\/actualite\/national\/kristalina-georgieva-la-tunisie-a-pu-realiser-des-resultats-economiques-positifs\/211602\/\" \/>\n<meta property=\"og:site_name\" content=\"webdo\" \/>\n<meta property=\"article:publisher\" content=\"https:\/\/www.facebook.com\/webdotn\" \/>\n<meta property=\"article:published_time\" content=\"2024-01-17T07:39:00+00:00\" \/>\n<meta property=\"article:modified_time\" content=\"2025-05-20T22:38:15+00:00\" \/>\n<meta property=\"og:image\" content=\"https:\/\/www.webdo.tn\/fr\/wp-content\/uploads\/2024\/01\/413d0c8c7a876f4288ea069de43341af.jpg\" \/>\n\t<meta property=\"og:image:width\" content=\"750\" \/>\n\t<meta property=\"og:image:height\" content=\"400\" \/>\n\t<meta property=\"og:image:type\" content=\"image\/jpeg\" \/>\n<meta name=\"author\" content=\"CL\" \/>\n<meta name=\"twitter:card\" content=\"summary_large_image\" \/>\n<meta name=\"twitter:creator\" content=\"@webdo_tn\" \/>\n<meta name=\"twitter:site\" content=\"@webdo_tn\" \/>\n<meta name=\"twitter:label1\" content=\"\u00c9crit par\" \/>\n\t<meta name=\"twitter:data1\" content=\"CL\" \/>\n\t<meta name=\"twitter:label2\" content=\"Dur\u00e9e de lecture estim\u00e9e\" \/>\n\t<meta name=\"twitter:data2\" content=\"1 minute\" \/>\n<script type=\"application\/ld+json\" class=\"yoast-schema-graph\">{\"@context\":\"https:\\\/\\\/schema.org\",\"@graph\":[{\"@type\":\"NewsArticle\",\"@id\":\"https:\\\/\\\/www.webdo.tn\\\/fr\\\/actualite\\\/national\\\/kristalina-georgieva-la-tunisie-a-pu-realiser-des-resultats-economiques-positifs\\\/211602\\\/#article\",\"isPartOf\":{\"@id\":\"https:\\\/\\\/www.webdo.tn\\\/fr\\\/actualite\\\/national\\\/kristalina-georgieva-la-tunisie-a-pu-realiser-des-resultats-economiques-positifs\\\/211602\\\/\"},\"author\":{\"name\":\"CL\",\"@id\":\"https:\\\/\\\/www.webdo.tn\\\/fr\\\/#\\\/schema\\\/person\\\/f35b42a42c5e2511bbd282959d6385cc\"},\"headline\":\"Kristalina Georgieva : \u00ab\u00a0La Tunisie a pu r\u00e9aliser des r\u00e9sultats \u00e9conomiques positifs\u00a0\u00bb\",\"datePublished\":\"2024-01-17T07:39:00+00:00\",\"dateModified\":\"2025-05-20T22:38:15+00:00\",\"mainEntityOfPage\":{\"@id\":\"https:\\\/\\\/www.webdo.tn\\\/fr\\\/actualite\\\/national\\\/kristalina-georgieva-la-tunisie-a-pu-realiser-des-resultats-economiques-positifs\\\/211602\\\/\"},\"wordCount\":231,\"commentCount\":0,\"publisher\":{\"@id\":\"https:\\\/\\\/www.webdo.tn\\\/fr\\\/#organization\"},\"image\":{\"@id\":\"https:\\\/\\\/www.webdo.tn\\\/fr\\\/actualite\\\/national\\\/kristalina-georgieva-la-tunisie-a-pu-realiser-des-resultats-economiques-positifs\\\/211602\\\/#primaryimage\"},\"thumbnailUrl\":\"https:\\\/\\\/www.webdo.tn\\\/fr\\\/wp-content\\\/uploads\\\/2024\\\/01\\\/413d0c8c7a876f4288ea069de43341af.jpg\",\"keywords\":[\"FMI\",\"N\u00e9gociations\",\"Tunisie\"],\"articleSection\":[\"National\"],\"inLanguage\":\"fr-FR\"},{\"@type\":\"WebPage\",\"@id\":\"https:\\\/\\\/www.webdo.tn\\\/fr\\\/actualite\\\/national\\\/kristalina-georgieva-la-tunisie-a-pu-realiser-des-resultats-economiques-positifs\\\/211602\\\/\",\"url\":\"https:\\\/\\\/www.webdo.tn\\\/fr\\\/actualite\\\/national\\\/kristalina-georgieva-la-tunisie-a-pu-realiser-des-resultats-economiques-positifs\\\/211602\\\/\",\"name\":\"Kristalina Georgieva : La Tunisie a pu r\u00e9aliser des r\u00e9sultats \u00e9conomiques positifs\",\"isPartOf\":{\"@id\":\"https:\\\/\\\/www.webdo.tn\\\/fr\\\/#website\"},\"primaryImageOfPage\":{\"@id\":\"https:\\\/\\\/www.webdo.tn\\\/fr\\\/actualite\\\/national\\\/kristalina-georgieva-la-tunisie-a-pu-realiser-des-resultats-economiques-positifs\\\/211602\\\/#primaryimage\"},\"image\":{\"@id\":\"https:\\\/\\\/www.webdo.tn\\\/fr\\\/actualite\\\/national\\\/kristalina-georgieva-la-tunisie-a-pu-realiser-des-resultats-economiques-positifs\\\/211602\\\/#primaryimage\"},\"thumbnailUrl\":\"https:\\\/\\\/www.webdo.tn\\\/fr\\\/wp-content\\\/uploads\\\/2024\\\/01\\\/413d0c8c7a876f4288ea069de43341af.jpg\",\"datePublished\":\"2024-01-17T07:39:00+00:00\",\"dateModified\":\"2025-05-20T22:38:15+00:00\",\"description\":\"Hachani qui participe, du 16 au 18 janvier courant, \u00e0 ce conclave \u00e9conomique, a notamment rencontr\u00e9 la directrice g\u00e9n\u00e9rale du Fonds mon\u00e9taire international (FMI...\",\"breadcrumb\":{\"@id\":\"https:\\\/\\\/www.webdo.tn\\\/fr\\\/actualite\\\/national\\\/kristalina-georgieva-la-tunisie-a-pu-realiser-des-resultats-economiques-positifs\\\/211602\\\/#breadcrumb\"},\"inLanguage\":\"fr-FR\",\"potentialAction\":[{\"@type\":\"ReadAction\",\"target\":[\"https:\\\/\\\/www.webdo.tn\\\/fr\\\/actualite\\\/national\\\/kristalina-georgieva-la-tunisie-a-pu-realiser-des-resultats-economiques-positifs\\\/211602\\\/\"]}]},{\"@type\":\"ImageObject\",\"inLanguage\":\"fr-FR\",\"@id\":\"https:\\\/\\\/www.webdo.tn\\\/fr\\\/actualite\\\/national\\\/kristalina-georgieva-la-tunisie-a-pu-realiser-des-resultats-economiques-positifs\\\/211602\\\/#primaryimage\",\"url\":\"https:\\\/\\\/www.webdo.tn\\\/fr\\\/wp-content\\\/uploads\\\/2024\\\/01\\\/413d0c8c7a876f4288ea069de43341af.jpg\",\"contentUrl\":\"https:\\\/\\\/www.webdo.tn\\\/fr\\\/wp-content\\\/uploads\\\/2024\\\/01\\\/413d0c8c7a876f4288ea069de43341af.jpg\",\"width\":750,\"height\":400,\"caption\":\"Kristalina Georgieva : \\\"La Tunisie a pu r\u00e9aliser des r\u00e9sultats \u00e9conomiques positifs\\\"\"},{\"@type\":\"BreadcrumbList\",\"@id\":\"https:\\\/\\\/www.webdo.tn\\\/fr\\\/actualite\\\/national\\\/kristalina-georgieva-la-tunisie-a-pu-realiser-des-resultats-economiques-positifs\\\/211602\\\/#breadcrumb\",\"itemListElement\":[{\"@type\":\"ListItem\",\"position\":1,\"name\":\"Accueil\",\"item\":\"https:\\\/\\\/www.webdo.tn\\\/fr\\\/\"},{\"@type\":\"ListItem\",\"position\":2,\"name\":\"Kristalina Georgieva : &#8220;La Tunisie a pu r\u00e9aliser des r\u00e9sultats \u00e9conomiques positifs&#8221;\"}]},{\"@type\":\"WebSite\",\"@id\":\"https:\\\/\\\/www.webdo.tn\\\/fr\\\/#website\",\"url\":\"https:\\\/\\\/www.webdo.tn\\\/fr\\\/\",\"name\":\"webdo\",\"description\":\"Tunisie - News en Tunisie et \u00e0 l&#039;international sur Webdo.tn\",\"publisher\":{\"@id\":\"https:\\\/\\\/www.webdo.tn\\\/fr\\\/#organization\"},\"potentialAction\":[{\"@type\":\"SearchAction\",\"target\":{\"@type\":\"EntryPoint\",\"urlTemplate\":\"https:\\\/\\\/www.webdo.tn\\\/fr\\\/?s={search_term_string}\"},\"query-input\":{\"@type\":\"PropertyValueSpecification\",\"valueRequired\":true,\"valueName\":\"search_term_string\"}}],\"inLanguage\":\"fr-FR\"},{\"@type\":\"Organization\",\"@id\":\"https:\\\/\\\/www.webdo.tn\\\/fr\\\/#organization\",\"name\":\"Webdo\",\"alternateName\":\"Webdo.tn\",\"url\":\"https:\\\/\\\/www.webdo.tn\\\/fr\\\/\",\"logo\":{\"@type\":\"ImageObject\",\"inLanguage\":\"fr-FR\",\"@id\":\"https:\\\/\\\/www.webdo.tn\\\/fr\\\/#\\\/schema\\\/logo\\\/image\\\/\",\"url\":\"https:\\\/\\\/www.webdo.tn\\\/fr\\\/wp-content\\\/uploads\\\/2025\\\/06\\\/Webdo-Tunisie_168377.jpg\",\"contentUrl\":\"https:\\\/\\\/www.webdo.tn\\\/fr\\\/wp-content\\\/uploads\\\/2025\\\/06\\\/Webdo-Tunisie_168377.jpg\",\"width\":301,\"height\":301,\"caption\":\"Webdo\"},\"image\":{\"@id\":\"https:\\\/\\\/www.webdo.tn\\\/fr\\\/#\\\/schema\\\/logo\\\/image\\\/\"},\"sameAs\":[\"https:\\\/\\\/www.facebook.com\\\/webdotn\",\"https:\\\/\\\/x.com\\\/webdo_tn\"],\"description\":\"Webdo est un m\u00e9dia num\u00e9rique tunisien fond\u00e9 en 2010, sp\u00e9cialis\u00e9 dans l\u2019actualit\u00e9 nationale et internationale, l\u2019\u00e9conomie, la soci\u00e9t\u00e9 et les analyses politiques. Le site s\u2019adresse \u00e0 un large public francophone et couvre l\u2019information tunisienne en temps r\u00e9el.\",\"email\":\"redac@webdo.tn\",\"legalName\":\"YNJ SARL\",\"foundingDate\":\"2010-09-06\",\"numberOfEmployees\":{\"@type\":\"QuantitativeValue\",\"minValue\":\"11\",\"maxValue\":\"50\"}},{\"@type\":\"Person\",\"@id\":\"https:\\\/\\\/www.webdo.tn\\\/fr\\\/#\\\/schema\\\/person\\\/f35b42a42c5e2511bbd282959d6385cc\",\"name\":\"CL\",\"image\":{\"@type\":\"ImageObject\",\"inLanguage\":\"fr-FR\",\"@id\":\"https:\\\/\\\/secure.gravatar.com\\\/avatar\\\/1447a49909b67aa657c488aec6512e1dd6143a480c1ecfee9b5b5cd74eb3b59e?s=96&d=mm&r=g\",\"url\":\"https:\\\/\\\/secure.gravatar.com\\\/avatar\\\/1447a49909b67aa657c488aec6512e1dd6143a480c1ecfee9b5b5cd74eb3b59e?s=96&d=mm&r=g\",\"contentUrl\":\"https:\\\/\\\/secure.gravatar.com\\\/avatar\\\/1447a49909b67aa657c488aec6512e1dd6143a480c1ecfee9b5b5cd74eb3b59e?s=96&d=mm&r=g\",\"caption\":\"CL\"},\"url\":\"https:\\\/\\\/www.webdo.tn\\\/fr\\\/actualite\\\/author\\\/cl\\\/\"}]}<\/script>\n<!-- \/ Yoast SEO Premium plugin. -->","yoast_head_json":{"title":"Kristalina Georgieva : La Tunisie a pu r\u00e9aliser des r\u00e9sultats \u00e9conomiques positifs","description":"Hachani qui participe, du 16 au 18 janvier courant, \u00e0 ce conclave \u00e9conomique, a notamment rencontr\u00e9 la directrice g\u00e9n\u00e9rale du Fonds mon\u00e9taire international (FMI...","canonical":"https:\/\/www.webdo.tn\/fr\/actualite\/national\/kristalina-georgieva-la-tunisie-a-pu-realiser-des-resultats-economiques-positifs\/211602\/","og_locale":"fr_FR","og_type":"article","og_title":"Kristalina Georgieva : \"La Tunisie a pu r\u00e9aliser des r\u00e9sultats \u00e9conomiques positifs\"","og_description":"Hachani qui participe, du 16 au 18 janvier courant, \u00e0 ce conclave \u00e9conomique, a notamment rencontr\u00e9 la directrice g\u00e9n\u00e9rale du Fonds mon\u00e9taire international (FMI...","og_url":"https:\/\/www.webdo.tn\/fr\/actualite\/national\/kristalina-georgieva-la-tunisie-a-pu-realiser-des-resultats-economiques-positifs\/211602\/","og_site_name":"webdo","article_publisher":"https:\/\/www.facebook.com\/webdotn","article_published_time":"2024-01-17T07:39:00+00:00","article_modified_time":"2025-05-20T22:38:15+00:00","og_image":[{"width":750,"height":400,"url":"https:\/\/www.webdo.tn\/fr\/wp-content\/uploads\/2024\/01\/413d0c8c7a876f4288ea069de43341af.jpg","type":"image\/jpeg"}],"author":"CL","twitter_card":"summary_large_image","twitter_creator":"@webdo_tn","twitter_site":"@webdo_tn","twitter_misc":{"\u00c9crit par":"CL","Dur\u00e9e de lecture estim\u00e9e":"1 minute"},"schema":{"@context":"https:\/\/schema.org","@graph":[{"@type":"NewsArticle","@id":"https:\/\/www.webdo.tn\/fr\/actualite\/national\/kristalina-georgieva-la-tunisie-a-pu-realiser-des-resultats-economiques-positifs\/211602\/#article","isPartOf":{"@id":"https:\/\/www.webdo.tn\/fr\/actualite\/national\/kristalina-georgieva-la-tunisie-a-pu-realiser-des-resultats-economiques-positifs\/211602\/"},"author":{"name":"CL","@id":"https:\/\/www.webdo.tn\/fr\/#\/schema\/person\/f35b42a42c5e2511bbd282959d6385cc"},"headline":"Kristalina Georgieva : \u00ab\u00a0La Tunisie a pu r\u00e9aliser des r\u00e9sultats \u00e9conomiques positifs\u00a0\u00bb","datePublished":"2024-01-17T07:39:00+00:00","dateModified":"2025-05-20T22:38:15+00:00","mainEntityOfPage":{"@id":"https:\/\/www.webdo.tn\/fr\/actualite\/national\/kristalina-georgieva-la-tunisie-a-pu-realiser-des-resultats-economiques-positifs\/211602\/"},"wordCount":231,"commentCount":0,"publisher":{"@id":"https:\/\/www.webdo.tn\/fr\/#organization"},"image":{"@id":"https:\/\/www.webdo.tn\/fr\/actualite\/national\/kristalina-georgieva-la-tunisie-a-pu-realiser-des-resultats-economiques-positifs\/211602\/#primaryimage"},"thumbnailUrl":"https:\/\/www.webdo.tn\/fr\/wp-content\/uploads\/2024\/01\/413d0c8c7a876f4288ea069de43341af.jpg","keywords":["FMI","N\u00e9gociations","Tunisie"],"articleSection":["National"],"inLanguage":"fr-FR"},{"@type":"WebPage","@id":"https:\/\/www.webdo.tn\/fr\/actualite\/national\/kristalina-georgieva-la-tunisie-a-pu-realiser-des-resultats-economiques-positifs\/211602\/","url":"https:\/\/www.webdo.tn\/fr\/actualite\/national\/kristalina-georgieva-la-tunisie-a-pu-realiser-des-resultats-economiques-positifs\/211602\/","name":"Kristalina Georgieva : La Tunisie a pu r\u00e9aliser des r\u00e9sultats \u00e9conomiques positifs","isPartOf":{"@id":"https:\/\/www.webdo.tn\/fr\/#website"},"primaryImageOfPage":{"@id":"https:\/\/www.webdo.tn\/fr\/actualite\/national\/kristalina-georgieva-la-tunisie-a-pu-realiser-des-resultats-economiques-positifs\/211602\/#primaryimage"},"image":{"@id":"https:\/\/www.webdo.tn\/fr\/actualite\/national\/kristalina-georgieva-la-tunisie-a-pu-realiser-des-resultats-economiques-positifs\/211602\/#primaryimage"},"thumbnailUrl":"https:\/\/www.webdo.tn\/fr\/wp-content\/uploads\/2024\/01\/413d0c8c7a876f4288ea069de43341af.jpg","datePublished":"2024-01-17T07:39:00+00:00","dateModified":"2025-05-20T22:38:15+00:00","description":"Hachani qui participe, du 16 au 18 janvier courant, \u00e0 ce conclave \u00e9conomique, a notamment rencontr\u00e9 la directrice g\u00e9n\u00e9rale du Fonds mon\u00e9taire international (FMI...","breadcrumb":{"@id":"https:\/\/www.webdo.tn\/fr\/actualite\/national\/kristalina-georgieva-la-tunisie-a-pu-realiser-des-resultats-economiques-positifs\/211602\/#breadcrumb"},"inLanguage":"fr-FR","potentialAction":[{"@type":"ReadAction","target":["https:\/\/www.webdo.tn\/fr\/actualite\/national\/kristalina-georgieva-la-tunisie-a-pu-realiser-des-resultats-economiques-positifs\/211602\/"]}]},{"@type":"ImageObject","inLanguage":"fr-FR","@id":"https:\/\/www.webdo.tn\/fr\/actualite\/national\/kristalina-georgieva-la-tunisie-a-pu-realiser-des-resultats-economiques-positifs\/211602\/#primaryimage","url":"https:\/\/www.webdo.tn\/fr\/wp-content\/uploads\/2024\/01\/413d0c8c7a876f4288ea069de43341af.jpg","contentUrl":"https:\/\/www.webdo.tn\/fr\/wp-content\/uploads\/2024\/01\/413d0c8c7a876f4288ea069de43341af.jpg","width":750,"height":400,"caption":"Kristalina Georgieva : \"La Tunisie a pu r\u00e9aliser des r\u00e9sultats \u00e9conomiques positifs\""},{"@type":"BreadcrumbList","@id":"https:\/\/www.webdo.tn\/fr\/actualite\/national\/kristalina-georgieva-la-tunisie-a-pu-realiser-des-resultats-economiques-positifs\/211602\/#breadcrumb","itemListElement":[{"@type":"ListItem","position":1,"name":"Accueil","item":"https:\/\/www.webdo.tn\/fr\/"},{"@type":"ListItem","position":2,"name":"Kristalina Georgieva : &#8220;La Tunisie a pu r\u00e9aliser des r\u00e9sultats \u00e9conomiques positifs&#8221;"}]},{"@type":"WebSite","@id":"https:\/\/www.webdo.tn\/fr\/#website","url":"https:\/\/www.webdo.tn\/fr\/","name":"webdo","description":"Tunisie - News en Tunisie et \u00e0 l&#039;international sur Webdo.tn","publisher":{"@id":"https:\/\/www.webdo.tn\/fr\/#organization"},"potentialAction":[{"@type":"SearchAction","target":{"@type":"EntryPoint","urlTemplate":"https:\/\/www.webdo.tn\/fr\/?s={search_term_string}"},"query-input":{"@type":"PropertyValueSpecification","valueRequired":true,"valueName":"search_term_string"}}],"inLanguage":"fr-FR"},{"@type":"Organization","@id":"https:\/\/www.webdo.tn\/fr\/#organization","name":"Webdo","alternateName":"Webdo.tn","url":"https:\/\/www.webdo.tn\/fr\/","logo":{"@type":"ImageObject","inLanguage":"fr-FR","@id":"https:\/\/www.webdo.tn\/fr\/#\/schema\/logo\/image\/","url":"https:\/\/www.webdo.tn\/fr\/wp-content\/uploads\/2025\/06\/Webdo-Tunisie_168377.jpg","contentUrl":"https:\/\/www.webdo.tn\/fr\/wp-content\/uploads\/2025\/06\/Webdo-Tunisie_168377.jpg","width":301,"height":301,"caption":"Webdo"},"image":{"@id":"https:\/\/www.webdo.tn\/fr\/#\/schema\/logo\/image\/"},"sameAs":["https:\/\/www.facebook.com\/webdotn","https:\/\/x.com\/webdo_tn"],"description":"Webdo est un m\u00e9dia num\u00e9rique tunisien fond\u00e9 en 2010, sp\u00e9cialis\u00e9 dans l\u2019actualit\u00e9 nationale et internationale, l\u2019\u00e9conomie, la soci\u00e9t\u00e9 et les analyses politiques. Le site s\u2019adresse \u00e0 un large public francophone et couvre l\u2019information tunisienne en temps r\u00e9el.","email":"redac@webdo.tn","legalName":"YNJ SARL","foundingDate":"2010-09-06","numberOfEmployees":{"@type":"QuantitativeValue","minValue":"11","maxValue":"50"}},{"@type":"Person","@id":"https:\/\/www.webdo.tn\/fr\/#\/schema\/person\/f35b42a42c5e2511bbd282959d6385cc","name":"CL","image":{"@type":"ImageObject","inLanguage":"fr-FR","@id":"https:\/\/secure.gravatar.com\/avatar\/1447a49909b67aa657c488aec6512e1dd6143a480c1ecfee9b5b5cd74eb3b59e?s=96&d=mm&r=g","url":"https:\/\/secure.gravatar.com\/avatar\/1447a49909b67aa657c488aec6512e1dd6143a480c1ecfee9b5b5cd74eb3b59e?s=96&d=mm&r=g","contentUrl":"https:\/\/secure.gravatar.com\/avatar\/1447a49909b67aa657c488aec6512e1dd6143a480c1ecfee9b5b5cd74eb3b59e?s=96&d=mm&r=g","caption":"CL"},"url":"https:\/\/www.webdo.tn\/fr\/actualite\/author\/cl\/"}]}},"_links":{"self":[{"href":"https:\/\/www.webdo.tn\/fr\/wp-json\/wp\/v2\/posts\/211602","targetHints":{"allow":["GET"]}}],"collection":[{"href":"https:\/\/www.webdo.tn\/fr\/wp-json\/wp\/v2\/posts"}],"about":[{"href":"https:\/\/www.webdo.tn\/fr\/wp-json\/wp\/v2\/types\/post"}],"author":[{"embeddable":true,"href":"https:\/\/www.webdo.tn\/fr\/wp-json\/wp\/v2\/users\/3175"}],"replies":[{"embeddable":true,"href":"https:\/\/www.webdo.tn\/fr\/wp-json\/wp\/v2\/comments?post=211602"}],"version-history":[{"count":0,"href":"https:\/\/www.webdo.tn\/fr\/wp-json\/wp\/v2\/posts\/211602\/revisions"}],"wp:featuredmedia":[{"embeddable":true,"href":"https:\/\/www.webdo.tn\/fr\/wp-json\/wp\/v2\/media\/248221"}],"wp:attachment":[{"href":"https:\/\/www.webdo.tn\/fr\/wp-json\/wp\/v2\/media?parent=211602"}],"wp:term":[{"taxonomy":"category","embeddable":true,"href":"https:\/\/www.webdo.tn\/fr\/wp-json\/wp\/v2\/categories?post=211602"},{"taxonomy":"post_tag","embeddable":true,"href":"https:\/\/www.webdo.tn\/fr\/wp-json\/wp\/v2\/tags?post=211602"}],"curies":[{"name":"wp","href":"https:\/\/api.w.org\/{rel}","templated":true}]}}