{"id":211598,"date":"2024-01-16T20:30:00","date_gmt":"2024-01-16T20:30:00","guid":{"rendered":"https:\/\/www.webdo.tn\/fr\/blog\/tunisie-40-migrants-toujours-portes-disparus-au-large-de-sfax\/211598\/"},"modified":"2025-05-20T22:55:36","modified_gmt":"2025-05-20T22:55:36","slug":"tunisie-40-migrants-toujours-portes-disparus-au-large-de-sfax","status":"publish","type":"post","link":"https:\/\/www.webdo.tn\/fr\/actualite\/national\/tunisie-40-migrants-toujours-portes-disparus-au-large-de-sfax\/211598\/","title":{"rendered":"Tunisie : 40 migrants toujours port\u00e9s disparus au large de Sfax"},"content":{"rendered":"<p>La direction g\u00e9n\u00e9rale de la Garde nationale (DGGN) a indiqu\u00e9, dans un communiqu\u00e9 publi\u00e9 ce mardi 16 janvier 2024, que les recherches se poursuivent pour retrouver les 40 migrants disparus depuis maintenant une semaine.<\/p>\n<p>\t\t\t\t\t\t\t\t\tLes 40 migrants irr\u00e9guliers ont embarqu\u00e9 dans la nuit du 10 au 11 janvier, des c\u00f4tes sfaxiennes, et\u00a0n\u2019ont plus donn\u00e9 signe de vie depuis.\u00a0<\/p>\n<p>La DGGN a soulign\u00e9 que tous les moyens ont \u00e9t\u00e9 d\u00e9ploy\u00e9s pour les retrouver.<\/p>\n<p>Aujourd\u2019hui, les familles de ces migrants irr\u00e9guliers disparus ont bloqu\u00e9 la route et mis le feu \u00e0 des pneus dans le centre-ville d\u2019El Hencha dans le gouvernorat de Sfax. Les protestataires ont exig\u00e9 des autorit\u00e9s l\u2019intensification des op\u00e9rations de recherches et de ratissage.<\/p>\n","protected":false},"excerpt":{"rendered":"<p>Les 40 migrants irr\u00e9guliers, qui ont embarqu\u00e9 dans la nuit du 10 au 11 janvier, des c\u00f4tes sfaxiennes, n\u2019ont plus donn\u00e9 signe de vie depuis une semaine.\u00a0<\/p>\n","protected":false},"author":3182,"featured_media":248219,"comment_status":"open","ping_status":"closed","sticky":false,"template":"","format":"standard","meta":{"footnotes":""},"categories":[44],"tags":[7177,2615,2675],"class_list":["post-211598","post","type-post","status-publish","format-standard","has-post-thumbnail","hentry","category-national","tag-disparus","tag-migration","tag-sfax"],"yoast_head":"<!-- This site is optimized with the Yoast SEO Premium plugin v27.5 (Yoast SEO v27.5) - https:\/\/yoast.com\/product\/yoast-seo-premium-wordpress\/ -->\n<title>Tunisie : 40 migrants toujours port\u00e9s disparus au large de Sfax<\/title>\n<meta name=\"description\" content=\"Les 40 migrants irr\u00e9guliers, qui ont embarqu\u00e9 dans la nuit du 10 au 11 janvier, des c\u00f4tes sfaxiennes, n\u2019ont plus donn\u00e9 signe de vie depuis une semaine.\u00a0\" \/>\n<link rel=\"canonical\" href=\"https:\/\/www.webdo.tn\/fr\/actualite\/national\/tunisie-40-migrants-toujours-portes-disparus-au-large-de-sfax\/211598\/\" \/>\n<meta property=\"og:locale\" content=\"fr_FR\" \/>\n<meta property=\"og:type\" content=\"article\" \/>\n<meta property=\"og:title\" content=\"Tunisie : 40 migrants toujours port\u00e9s disparus au large de Sfax\" \/>\n<meta property=\"og:description\" content=\"Les 40 migrants irr\u00e9guliers, qui ont embarqu\u00e9 dans la nuit du 10 au 11 janvier, des c\u00f4tes sfaxiennes, n\u2019ont plus donn\u00e9 signe de vie depuis une semaine.\u00a0\" \/>\n<meta property=\"og:url\" content=\"https:\/\/www.webdo.tn\/fr\/actualite\/national\/tunisie-40-migrants-toujours-portes-disparus-au-large-de-sfax\/211598\/\" \/>\n<meta property=\"og:site_name\" content=\"webdo\" \/>\n<meta property=\"article:publisher\" content=\"https:\/\/www.facebook.com\/webdotn\" \/>\n<meta property=\"article:published_time\" content=\"2024-01-16T20:30:00+00:00\" \/>\n<meta property=\"article:modified_time\" content=\"2025-05-20T22:55:36+00:00\" \/>\n<meta property=\"og:image\" content=\"https:\/\/www.webdo.tn\/fr\/wp-content\/uploads\/2024\/01\/dc71931286517c9ed5222ac42baa2b6e.jpg\" \/>\n\t<meta property=\"og:image:width\" content=\"750\" \/>\n\t<meta property=\"og:image:height\" content=\"400\" \/>\n\t<meta property=\"og:image:type\" content=\"image\/jpeg\" \/>\n<meta name=\"author\" content=\"WB\" \/>\n<meta name=\"twitter:card\" content=\"summary_large_image\" \/>\n<meta name=\"twitter:creator\" content=\"@webdo_tn\" \/>\n<meta name=\"twitter:site\" content=\"@webdo_tn\" \/>\n<meta name=\"twitter:label1\" content=\"\u00c9crit par\" \/>\n\t<meta name=\"twitter:data1\" content=\"WB\" \/>\n\t<meta name=\"twitter:label2\" content=\"Dur\u00e9e de lecture estim\u00e9e\" \/>\n\t<meta name=\"twitter:data2\" content=\"1 minute\" \/>\n<script type=\"application\/ld+json\" class=\"yoast-schema-graph\">{\"@context\":\"https:\\\/\\\/schema.org\",\"@graph\":[{\"@type\":\"NewsArticle\",\"@id\":\"https:\\\/\\\/www.webdo.tn\\\/fr\\\/actualite\\\/national\\\/tunisie-40-migrants-toujours-portes-disparus-au-large-de-sfax\\\/211598\\\/#article\",\"isPartOf\":{\"@id\":\"https:\\\/\\\/www.webdo.tn\\\/fr\\\/actualite\\\/national\\\/tunisie-40-migrants-toujours-portes-disparus-au-large-de-sfax\\\/211598\\\/\"},\"author\":{\"name\":\"WB\",\"@id\":\"https:\\\/\\\/www.webdo.tn\\\/fr\\\/#\\\/schema\\\/person\\\/f16bf91e3b3c6347371884777659f9d8\"},\"headline\":\"Tunisie : 40 migrants toujours port\u00e9s disparus au large de Sfax\",\"datePublished\":\"2024-01-16T20:30:00+00:00\",\"dateModified\":\"2025-05-20T22:55:36+00:00\",\"mainEntityOfPage\":{\"@id\":\"https:\\\/\\\/www.webdo.tn\\\/fr\\\/actualite\\\/national\\\/tunisie-40-migrants-toujours-portes-disparus-au-large-de-sfax\\\/211598\\\/\"},\"wordCount\":132,\"commentCount\":0,\"publisher\":{\"@id\":\"https:\\\/\\\/www.webdo.tn\\\/fr\\\/#organization\"},\"image\":{\"@id\":\"https:\\\/\\\/www.webdo.tn\\\/fr\\\/actualite\\\/national\\\/tunisie-40-migrants-toujours-portes-disparus-au-large-de-sfax\\\/211598\\\/#primaryimage\"},\"thumbnailUrl\":\"https:\\\/\\\/www.webdo.tn\\\/fr\\\/wp-content\\\/uploads\\\/2024\\\/01\\\/dc71931286517c9ed5222ac42baa2b6e.jpg\",\"keywords\":[\"disparus\",\"Migration\",\"Sfax\"],\"articleSection\":[\"National\"],\"inLanguage\":\"fr-FR\"},{\"@type\":\"WebPage\",\"@id\":\"https:\\\/\\\/www.webdo.tn\\\/fr\\\/actualite\\\/national\\\/tunisie-40-migrants-toujours-portes-disparus-au-large-de-sfax\\\/211598\\\/\",\"url\":\"https:\\\/\\\/www.webdo.tn\\\/fr\\\/actualite\\\/national\\\/tunisie-40-migrants-toujours-portes-disparus-au-large-de-sfax\\\/211598\\\/\",\"name\":\"Tunisie : 40 migrants toujours port\u00e9s disparus au large de Sfax\",\"isPartOf\":{\"@id\":\"https:\\\/\\\/www.webdo.tn\\\/fr\\\/#website\"},\"primaryImageOfPage\":{\"@id\":\"https:\\\/\\\/www.webdo.tn\\\/fr\\\/actualite\\\/national\\\/tunisie-40-migrants-toujours-portes-disparus-au-large-de-sfax\\\/211598\\\/#primaryimage\"},\"image\":{\"@id\":\"https:\\\/\\\/www.webdo.tn\\\/fr\\\/actualite\\\/national\\\/tunisie-40-migrants-toujours-portes-disparus-au-large-de-sfax\\\/211598\\\/#primaryimage\"},\"thumbnailUrl\":\"https:\\\/\\\/www.webdo.tn\\\/fr\\\/wp-content\\\/uploads\\\/2024\\\/01\\\/dc71931286517c9ed5222ac42baa2b6e.jpg\",\"datePublished\":\"2024-01-16T20:30:00+00:00\",\"dateModified\":\"2025-05-20T22:55:36+00:00\",\"description\":\"Les 40 migrants irr\u00e9guliers, qui ont embarqu\u00e9 dans la nuit du 10 au 11 janvier, des c\u00f4tes sfaxiennes, n\u2019ont plus donn\u00e9 signe de vie depuis une semaine.\u00a0\",\"breadcrumb\":{\"@id\":\"https:\\\/\\\/www.webdo.tn\\\/fr\\\/actualite\\\/national\\\/tunisie-40-migrants-toujours-portes-disparus-au-large-de-sfax\\\/211598\\\/#breadcrumb\"},\"inLanguage\":\"fr-FR\",\"potentialAction\":[{\"@type\":\"ReadAction\",\"target\":[\"https:\\\/\\\/www.webdo.tn\\\/fr\\\/actualite\\\/national\\\/tunisie-40-migrants-toujours-portes-disparus-au-large-de-sfax\\\/211598\\\/\"]}]},{\"@type\":\"ImageObject\",\"inLanguage\":\"fr-FR\",\"@id\":\"https:\\\/\\\/www.webdo.tn\\\/fr\\\/actualite\\\/national\\\/tunisie-40-migrants-toujours-portes-disparus-au-large-de-sfax\\\/211598\\\/#primaryimage\",\"url\":\"https:\\\/\\\/www.webdo.tn\\\/fr\\\/wp-content\\\/uploads\\\/2024\\\/01\\\/dc71931286517c9ed5222ac42baa2b6e.jpg\",\"contentUrl\":\"https:\\\/\\\/www.webdo.tn\\\/fr\\\/wp-content\\\/uploads\\\/2024\\\/01\\\/dc71931286517c9ed5222ac42baa2b6e.jpg\",\"width\":750,\"height\":400,\"caption\":\"migration\"},{\"@type\":\"BreadcrumbList\",\"@id\":\"https:\\\/\\\/www.webdo.tn\\\/fr\\\/actualite\\\/national\\\/tunisie-40-migrants-toujours-portes-disparus-au-large-de-sfax\\\/211598\\\/#breadcrumb\",\"itemListElement\":[{\"@type\":\"ListItem\",\"position\":1,\"name\":\"Accueil\",\"item\":\"https:\\\/\\\/www.webdo.tn\\\/fr\\\/\"},{\"@type\":\"ListItem\",\"position\":2,\"name\":\"Tunisie : 40 migrants toujours port\u00e9s disparus au large de Sfax\"}]},{\"@type\":\"WebSite\",\"@id\":\"https:\\\/\\\/www.webdo.tn\\\/fr\\\/#website\",\"url\":\"https:\\\/\\\/www.webdo.tn\\\/fr\\\/\",\"name\":\"webdo\",\"description\":\"Tunisie - News en Tunisie et \u00e0 l&#039;international sur Webdo.tn\",\"publisher\":{\"@id\":\"https:\\\/\\\/www.webdo.tn\\\/fr\\\/#organization\"},\"potentialAction\":[{\"@type\":\"SearchAction\",\"target\":{\"@type\":\"EntryPoint\",\"urlTemplate\":\"https:\\\/\\\/www.webdo.tn\\\/fr\\\/?s={search_term_string}\"},\"query-input\":{\"@type\":\"PropertyValueSpecification\",\"valueRequired\":true,\"valueName\":\"search_term_string\"}}],\"inLanguage\":\"fr-FR\"},{\"@type\":\"Organization\",\"@id\":\"https:\\\/\\\/www.webdo.tn\\\/fr\\\/#organization\",\"name\":\"Webdo\",\"alternateName\":\"Webdo.tn\",\"url\":\"https:\\\/\\\/www.webdo.tn\\\/fr\\\/\",\"logo\":{\"@type\":\"ImageObject\",\"inLanguage\":\"fr-FR\",\"@id\":\"https:\\\/\\\/www.webdo.tn\\\/fr\\\/#\\\/schema\\\/logo\\\/image\\\/\",\"url\":\"https:\\\/\\\/www.webdo.tn\\\/fr\\\/wp-content\\\/uploads\\\/2025\\\/06\\\/Webdo-Tunisie_168377.jpg\",\"contentUrl\":\"https:\\\/\\\/www.webdo.tn\\\/fr\\\/wp-content\\\/uploads\\\/2025\\\/06\\\/Webdo-Tunisie_168377.jpg\",\"width\":301,\"height\":301,\"caption\":\"Webdo\"},\"image\":{\"@id\":\"https:\\\/\\\/www.webdo.tn\\\/fr\\\/#\\\/schema\\\/logo\\\/image\\\/\"},\"sameAs\":[\"https:\\\/\\\/www.facebook.com\\\/webdotn\",\"https:\\\/\\\/x.com\\\/webdo_tn\"],\"description\":\"Webdo est un m\u00e9dia num\u00e9rique tunisien fond\u00e9 en 2010, sp\u00e9cialis\u00e9 dans l\u2019actualit\u00e9 nationale et internationale, l\u2019\u00e9conomie, la soci\u00e9t\u00e9 et les analyses politiques. Le site s\u2019adresse \u00e0 un large public francophone et couvre l\u2019information tunisienne en temps r\u00e9el.\",\"email\":\"redac@webdo.tn\",\"legalName\":\"YNJ SARL\",\"foundingDate\":\"2010-09-06\",\"numberOfEmployees\":{\"@type\":\"QuantitativeValue\",\"minValue\":\"11\",\"maxValue\":\"50\"}},{\"@type\":\"Person\",\"@id\":\"https:\\\/\\\/www.webdo.tn\\\/fr\\\/#\\\/schema\\\/person\\\/f16bf91e3b3c6347371884777659f9d8\",\"name\":\"WB\",\"image\":{\"@type\":\"ImageObject\",\"inLanguage\":\"fr-FR\",\"@id\":\"https:\\\/\\\/secure.gravatar.com\\\/avatar\\\/fd3caf00dbfd4b6d6ce43e8ea4748ed2e4d0fae2c3a87c1e2f6ba0a54c3ab5cb?s=96&d=mm&r=g\",\"url\":\"https:\\\/\\\/secure.gravatar.com\\\/avatar\\\/fd3caf00dbfd4b6d6ce43e8ea4748ed2e4d0fae2c3a87c1e2f6ba0a54c3ab5cb?s=96&d=mm&r=g\",\"contentUrl\":\"https:\\\/\\\/secure.gravatar.com\\\/avatar\\\/fd3caf00dbfd4b6d6ce43e8ea4748ed2e4d0fae2c3a87c1e2f6ba0a54c3ab5cb?s=96&d=mm&r=g\",\"caption\":\"WB\"},\"url\":\"https:\\\/\\\/www.webdo.tn\\\/fr\\\/actualite\\\/author\\\/wb\\\/\"}]}<\/script>\n<!-- \/ Yoast SEO Premium plugin. -->","yoast_head_json":{"title":"Tunisie : 40 migrants toujours port\u00e9s disparus au large de Sfax","description":"Les 40 migrants irr\u00e9guliers, qui ont embarqu\u00e9 dans la nuit du 10 au 11 janvier, des c\u00f4tes sfaxiennes, n\u2019ont plus donn\u00e9 signe de vie depuis une semaine.\u00a0","canonical":"https:\/\/www.webdo.tn\/fr\/actualite\/national\/tunisie-40-migrants-toujours-portes-disparus-au-large-de-sfax\/211598\/","og_locale":"fr_FR","og_type":"article","og_title":"Tunisie : 40 migrants toujours port\u00e9s disparus au large de Sfax","og_description":"Les 40 migrants irr\u00e9guliers, qui ont embarqu\u00e9 dans la nuit du 10 au 11 janvier, des c\u00f4tes sfaxiennes, n\u2019ont plus donn\u00e9 signe de vie depuis une semaine.\u00a0","og_url":"https:\/\/www.webdo.tn\/fr\/actualite\/national\/tunisie-40-migrants-toujours-portes-disparus-au-large-de-sfax\/211598\/","og_site_name":"webdo","article_publisher":"https:\/\/www.facebook.com\/webdotn","article_published_time":"2024-01-16T20:30:00+00:00","article_modified_time":"2025-05-20T22:55:36+00:00","og_image":[{"width":750,"height":400,"url":"https:\/\/www.webdo.tn\/fr\/wp-content\/uploads\/2024\/01\/dc71931286517c9ed5222ac42baa2b6e.jpg","type":"image\/jpeg"}],"author":"WB","twitter_card":"summary_large_image","twitter_creator":"@webdo_tn","twitter_site":"@webdo_tn","twitter_misc":{"\u00c9crit par":"WB","Dur\u00e9e de lecture estim\u00e9e":"1 minute"},"schema":{"@context":"https:\/\/schema.org","@graph":[{"@type":"NewsArticle","@id":"https:\/\/www.webdo.tn\/fr\/actualite\/national\/tunisie-40-migrants-toujours-portes-disparus-au-large-de-sfax\/211598\/#article","isPartOf":{"@id":"https:\/\/www.webdo.tn\/fr\/actualite\/national\/tunisie-40-migrants-toujours-portes-disparus-au-large-de-sfax\/211598\/"},"author":{"name":"WB","@id":"https:\/\/www.webdo.tn\/fr\/#\/schema\/person\/f16bf91e3b3c6347371884777659f9d8"},"headline":"Tunisie : 40 migrants toujours port\u00e9s disparus au large de Sfax","datePublished":"2024-01-16T20:30:00+00:00","dateModified":"2025-05-20T22:55:36+00:00","mainEntityOfPage":{"@id":"https:\/\/www.webdo.tn\/fr\/actualite\/national\/tunisie-40-migrants-toujours-portes-disparus-au-large-de-sfax\/211598\/"},"wordCount":132,"commentCount":0,"publisher":{"@id":"https:\/\/www.webdo.tn\/fr\/#organization"},"image":{"@id":"https:\/\/www.webdo.tn\/fr\/actualite\/national\/tunisie-40-migrants-toujours-portes-disparus-au-large-de-sfax\/211598\/#primaryimage"},"thumbnailUrl":"https:\/\/www.webdo.tn\/fr\/wp-content\/uploads\/2024\/01\/dc71931286517c9ed5222ac42baa2b6e.jpg","keywords":["disparus","Migration","Sfax"],"articleSection":["National"],"inLanguage":"fr-FR"},{"@type":"WebPage","@id":"https:\/\/www.webdo.tn\/fr\/actualite\/national\/tunisie-40-migrants-toujours-portes-disparus-au-large-de-sfax\/211598\/","url":"https:\/\/www.webdo.tn\/fr\/actualite\/national\/tunisie-40-migrants-toujours-portes-disparus-au-large-de-sfax\/211598\/","name":"Tunisie : 40 migrants toujours port\u00e9s disparus au large de Sfax","isPartOf":{"@id":"https:\/\/www.webdo.tn\/fr\/#website"},"primaryImageOfPage":{"@id":"https:\/\/www.webdo.tn\/fr\/actualite\/national\/tunisie-40-migrants-toujours-portes-disparus-au-large-de-sfax\/211598\/#primaryimage"},"image":{"@id":"https:\/\/www.webdo.tn\/fr\/actualite\/national\/tunisie-40-migrants-toujours-portes-disparus-au-large-de-sfax\/211598\/#primaryimage"},"thumbnailUrl":"https:\/\/www.webdo.tn\/fr\/wp-content\/uploads\/2024\/01\/dc71931286517c9ed5222ac42baa2b6e.jpg","datePublished":"2024-01-16T20:30:00+00:00","dateModified":"2025-05-20T22:55:36+00:00","description":"Les 40 migrants irr\u00e9guliers, qui ont embarqu\u00e9 dans la nuit du 10 au 11 janvier, des c\u00f4tes sfaxiennes, n\u2019ont plus donn\u00e9 signe de vie depuis une semaine.\u00a0","breadcrumb":{"@id":"https:\/\/www.webdo.tn\/fr\/actualite\/national\/tunisie-40-migrants-toujours-portes-disparus-au-large-de-sfax\/211598\/#breadcrumb"},"inLanguage":"fr-FR","potentialAction":[{"@type":"ReadAction","target":["https:\/\/www.webdo.tn\/fr\/actualite\/national\/tunisie-40-migrants-toujours-portes-disparus-au-large-de-sfax\/211598\/"]}]},{"@type":"ImageObject","inLanguage":"fr-FR","@id":"https:\/\/www.webdo.tn\/fr\/actualite\/national\/tunisie-40-migrants-toujours-portes-disparus-au-large-de-sfax\/211598\/#primaryimage","url":"https:\/\/www.webdo.tn\/fr\/wp-content\/uploads\/2024\/01\/dc71931286517c9ed5222ac42baa2b6e.jpg","contentUrl":"https:\/\/www.webdo.tn\/fr\/wp-content\/uploads\/2024\/01\/dc71931286517c9ed5222ac42baa2b6e.jpg","width":750,"height":400,"caption":"migration"},{"@type":"BreadcrumbList","@id":"https:\/\/www.webdo.tn\/fr\/actualite\/national\/tunisie-40-migrants-toujours-portes-disparus-au-large-de-sfax\/211598\/#breadcrumb","itemListElement":[{"@type":"ListItem","position":1,"name":"Accueil","item":"https:\/\/www.webdo.tn\/fr\/"},{"@type":"ListItem","position":2,"name":"Tunisie : 40 migrants toujours port\u00e9s disparus au large de Sfax"}]},{"@type":"WebSite","@id":"https:\/\/www.webdo.tn\/fr\/#website","url":"https:\/\/www.webdo.tn\/fr\/","name":"webdo","description":"Tunisie - News en Tunisie et \u00e0 l&#039;international sur Webdo.tn","publisher":{"@id":"https:\/\/www.webdo.tn\/fr\/#organization"},"potentialAction":[{"@type":"SearchAction","target":{"@type":"EntryPoint","urlTemplate":"https:\/\/www.webdo.tn\/fr\/?s={search_term_string}"},"query-input":{"@type":"PropertyValueSpecification","valueRequired":true,"valueName":"search_term_string"}}],"inLanguage":"fr-FR"},{"@type":"Organization","@id":"https:\/\/www.webdo.tn\/fr\/#organization","name":"Webdo","alternateName":"Webdo.tn","url":"https:\/\/www.webdo.tn\/fr\/","logo":{"@type":"ImageObject","inLanguage":"fr-FR","@id":"https:\/\/www.webdo.tn\/fr\/#\/schema\/logo\/image\/","url":"https:\/\/www.webdo.tn\/fr\/wp-content\/uploads\/2025\/06\/Webdo-Tunisie_168377.jpg","contentUrl":"https:\/\/www.webdo.tn\/fr\/wp-content\/uploads\/2025\/06\/Webdo-Tunisie_168377.jpg","width":301,"height":301,"caption":"Webdo"},"image":{"@id":"https:\/\/www.webdo.tn\/fr\/#\/schema\/logo\/image\/"},"sameAs":["https:\/\/www.facebook.com\/webdotn","https:\/\/x.com\/webdo_tn"],"description":"Webdo est un m\u00e9dia num\u00e9rique tunisien fond\u00e9 en 2010, sp\u00e9cialis\u00e9 dans l\u2019actualit\u00e9 nationale et internationale, l\u2019\u00e9conomie, la soci\u00e9t\u00e9 et les analyses politiques. Le site s\u2019adresse \u00e0 un large public francophone et couvre l\u2019information tunisienne en temps r\u00e9el.","email":"redac@webdo.tn","legalName":"YNJ SARL","foundingDate":"2010-09-06","numberOfEmployees":{"@type":"QuantitativeValue","minValue":"11","maxValue":"50"}},{"@type":"Person","@id":"https:\/\/www.webdo.tn\/fr\/#\/schema\/person\/f16bf91e3b3c6347371884777659f9d8","name":"WB","image":{"@type":"ImageObject","inLanguage":"fr-FR","@id":"https:\/\/secure.gravatar.com\/avatar\/fd3caf00dbfd4b6d6ce43e8ea4748ed2e4d0fae2c3a87c1e2f6ba0a54c3ab5cb?s=96&d=mm&r=g","url":"https:\/\/secure.gravatar.com\/avatar\/fd3caf00dbfd4b6d6ce43e8ea4748ed2e4d0fae2c3a87c1e2f6ba0a54c3ab5cb?s=96&d=mm&r=g","contentUrl":"https:\/\/secure.gravatar.com\/avatar\/fd3caf00dbfd4b6d6ce43e8ea4748ed2e4d0fae2c3a87c1e2f6ba0a54c3ab5cb?s=96&d=mm&r=g","caption":"WB"},"url":"https:\/\/www.webdo.tn\/fr\/actualite\/author\/wb\/"}]}},"_links":{"self":[{"href":"https:\/\/www.webdo.tn\/fr\/wp-json\/wp\/v2\/posts\/211598","targetHints":{"allow":["GET"]}}],"collection":[{"href":"https:\/\/www.webdo.tn\/fr\/wp-json\/wp\/v2\/posts"}],"about":[{"href":"https:\/\/www.webdo.tn\/fr\/wp-json\/wp\/v2\/types\/post"}],"author":[{"embeddable":true,"href":"https:\/\/www.webdo.tn\/fr\/wp-json\/wp\/v2\/users\/3182"}],"replies":[{"embeddable":true,"href":"https:\/\/www.webdo.tn\/fr\/wp-json\/wp\/v2\/comments?post=211598"}],"version-history":[{"count":0,"href":"https:\/\/www.webdo.tn\/fr\/wp-json\/wp\/v2\/posts\/211598\/revisions"}],"wp:featuredmedia":[{"embeddable":true,"href":"https:\/\/www.webdo.tn\/fr\/wp-json\/wp\/v2\/media\/248219"}],"wp:attachment":[{"href":"https:\/\/www.webdo.tn\/fr\/wp-json\/wp\/v2\/media?parent=211598"}],"wp:term":[{"taxonomy":"category","embeddable":true,"href":"https:\/\/www.webdo.tn\/fr\/wp-json\/wp\/v2\/categories?post=211598"},{"taxonomy":"post_tag","embeddable":true,"href":"https:\/\/www.webdo.tn\/fr\/wp-json\/wp\/v2\/tags?post=211598"}],"curies":[{"name":"wp","href":"https:\/\/api.w.org\/{rel}","templated":true}]}}