{"id":211587,"date":"2024-01-16T12:44:00","date_gmt":"2024-01-16T12:44:00","guid":{"rendered":"https:\/\/www.webdo.tn\/fr\/blog\/tunisie-la-ministre-leila-jaffel-poursuit-en-justice-sonia-dahmani\/211587\/"},"modified":"2025-05-20T22:11:25","modified_gmt":"2025-05-20T22:11:25","slug":"tunisie-la-ministre-leila-jaffel-poursuit-en-justice-sonia-dahmani","status":"publish","type":"post","link":"https:\/\/www.webdo.tn\/fr\/actualite\/national\/tunisie-la-ministre-leila-jaffel-poursuit-en-justice-sonia-dahmani\/211587\/","title":{"rendered":"Tunisie : La ministre Leila Jaffel poursuit en justice Sonia Dahmani"},"content":{"rendered":"<p>L\u2019avocate Sonia Dahmani doit compara\u00eetre devant le juge d\u2019instruction le 24 janvier prochain suite \u00e0 une plainte d\u00e9pos\u00e9e contre elle par la ministre de la Justice Leila Jaffel.<\/p>\n<p>\t\t\t\t\t\t\t\t\tL\u2019avocate et chroniqueuse sur la radio IFM, Sonia Dahmani, a annonc\u00e9, ce mardi 16 janvier 2024, sur les ondes de cette radio, qu\u2019elle doit compara\u00eetre le 24 janvier prochain devant le juge d\u2019instruction dans le cadre d\u2019une plainte \u00e9manant de la ministre de la Justice.<\/p>\n<p>Sonia Dahmani n\u2019a pas r\u00e9v\u00e9l\u00e9 la teneur de la plainte mais a indiqu\u00e9 qu\u2019elle est poursuivie conform\u00e9ment aux dispositions de l\u2019article 24 du d\u00e9cret 54 pour des propos tenus \u00e0 l&rsquo;antenne.<\/p>\n","protected":false},"excerpt":{"rendered":"<p>L\u2019avocate Sonia Dahmani doit compara\u00eetre le 24 janvier prochain devant le juge d\u2019instruction dans le cadre d\u2019une plainte \u00e9manant de la ministre de la Justice.<\/p>\n","protected":false},"author":3162,"featured_media":290086,"comment_status":"open","ping_status":"closed","sticky":false,"template":"","format":"standard","meta":{"footnotes":""},"categories":[44],"tags":[5018,4755,3313],"class_list":["post-211587","post","type-post","status-publish","format-standard","has-post-thumbnail","hentry","category-national","tag-leila-jaffel","tag-plainte","tag-sonia-dahmani"],"yoast_head":"<!-- This site is optimized with the Yoast SEO Premium plugin v27.5 (Yoast SEO v27.5) - https:\/\/yoast.com\/product\/yoast-seo-premium-wordpress\/ -->\n<title>Tunisie : La ministre Leila Jaffel poursuit en justice Sonia Dahmani<\/title>\n<meta name=\"description\" content=\"L\u2019avocate Sonia Dahmani doit compara\u00eetre le 24 janvier prochain devant le juge d\u2019instruction dans le cadre d\u2019une plainte \u00e9manant de la ministre de la Justice.\" \/>\n<link rel=\"canonical\" href=\"https:\/\/www.webdo.tn\/fr\/actualite\/national\/tunisie-la-ministre-leila-jaffel-poursuit-en-justice-sonia-dahmani\/211587\/\" \/>\n<meta property=\"og:locale\" content=\"fr_FR\" \/>\n<meta property=\"og:type\" content=\"article\" \/>\n<meta property=\"og:title\" content=\"Tunisie : La ministre Leila Jaffel poursuit en justice Sonia Dahmani\" \/>\n<meta property=\"og:description\" content=\"L\u2019avocate Sonia Dahmani doit compara\u00eetre le 24 janvier prochain devant le juge d\u2019instruction dans le cadre d\u2019une plainte \u00e9manant de la ministre de la Justice.\" \/>\n<meta property=\"og:url\" content=\"https:\/\/www.webdo.tn\/fr\/actualite\/national\/tunisie-la-ministre-leila-jaffel-poursuit-en-justice-sonia-dahmani\/211587\/\" \/>\n<meta property=\"og:site_name\" content=\"webdo\" \/>\n<meta property=\"article:publisher\" content=\"https:\/\/www.facebook.com\/webdotn\" \/>\n<meta property=\"article:published_time\" content=\"2024-01-16T12:44:00+00:00\" \/>\n<meta property=\"article:modified_time\" content=\"2025-05-20T22:11:25+00:00\" \/>\n<meta property=\"og:image\" content=\"https:\/\/www.webdo.tn\/fr\/wp-content\/uploads\/2024\/01\/651557f7aaec832c20f7b0f09e29ed63.jpg\" \/>\n\t<meta property=\"og:image:width\" content=\"750\" \/>\n\t<meta property=\"og:image:height\" content=\"400\" \/>\n\t<meta property=\"og:image:type\" content=\"image\/jpeg\" \/>\n<meta name=\"author\" content=\"MC\" \/>\n<meta name=\"twitter:card\" content=\"summary_large_image\" \/>\n<meta name=\"twitter:creator\" content=\"@webdo_tn\" \/>\n<meta name=\"twitter:site\" content=\"@webdo_tn\" \/>\n<meta name=\"twitter:label1\" content=\"\u00c9crit par\" \/>\n\t<meta name=\"twitter:data1\" content=\"MC\" \/>\n\t<meta name=\"twitter:label2\" content=\"Dur\u00e9e de lecture estim\u00e9e\" \/>\n\t<meta name=\"twitter:data2\" content=\"1 minute\" \/>\n<script type=\"application\/ld+json\" class=\"yoast-schema-graph\">{\"@context\":\"https:\\\/\\\/schema.org\",\"@graph\":[{\"@type\":\"NewsArticle\",\"@id\":\"https:\\\/\\\/www.webdo.tn\\\/fr\\\/actualite\\\/national\\\/tunisie-la-ministre-leila-jaffel-poursuit-en-justice-sonia-dahmani\\\/211587\\\/#article\",\"isPartOf\":{\"@id\":\"https:\\\/\\\/www.webdo.tn\\\/fr\\\/actualite\\\/national\\\/tunisie-la-ministre-leila-jaffel-poursuit-en-justice-sonia-dahmani\\\/211587\\\/\"},\"author\":{\"name\":\"MC\",\"@id\":\"https:\\\/\\\/www.webdo.tn\\\/fr\\\/#\\\/schema\\\/person\\\/2c4929cbf5a809e3bd38617c6ce150f6\"},\"headline\":\"Tunisie : La ministre Leila Jaffel poursuit en justice Sonia Dahmani\",\"datePublished\":\"2024-01-16T12:44:00+00:00\",\"dateModified\":\"2025-05-20T22:11:25+00:00\",\"mainEntityOfPage\":{\"@id\":\"https:\\\/\\\/www.webdo.tn\\\/fr\\\/actualite\\\/national\\\/tunisie-la-ministre-leila-jaffel-poursuit-en-justice-sonia-dahmani\\\/211587\\\/\"},\"wordCount\":124,\"commentCount\":0,\"publisher\":{\"@id\":\"https:\\\/\\\/www.webdo.tn\\\/fr\\\/#organization\"},\"image\":{\"@id\":\"https:\\\/\\\/www.webdo.tn\\\/fr\\\/actualite\\\/national\\\/tunisie-la-ministre-leila-jaffel-poursuit-en-justice-sonia-dahmani\\\/211587\\\/#primaryimage\"},\"thumbnailUrl\":\"https:\\\/\\\/www.webdo.tn\\\/fr\\\/wp-content\\\/uploads\\\/2024\\\/01\\\/651557f7aaec832c20f7b0f09e29ed63.jpg\",\"keywords\":[\"Leila Jaffel\",\"plainte\",\"sonia dahmani\"],\"articleSection\":[\"National\"],\"inLanguage\":\"fr-FR\"},{\"@type\":\"WebPage\",\"@id\":\"https:\\\/\\\/www.webdo.tn\\\/fr\\\/actualite\\\/national\\\/tunisie-la-ministre-leila-jaffel-poursuit-en-justice-sonia-dahmani\\\/211587\\\/\",\"url\":\"https:\\\/\\\/www.webdo.tn\\\/fr\\\/actualite\\\/national\\\/tunisie-la-ministre-leila-jaffel-poursuit-en-justice-sonia-dahmani\\\/211587\\\/\",\"name\":\"Tunisie : La ministre Leila Jaffel poursuit en justice Sonia Dahmani\",\"isPartOf\":{\"@id\":\"https:\\\/\\\/www.webdo.tn\\\/fr\\\/#website\"},\"primaryImageOfPage\":{\"@id\":\"https:\\\/\\\/www.webdo.tn\\\/fr\\\/actualite\\\/national\\\/tunisie-la-ministre-leila-jaffel-poursuit-en-justice-sonia-dahmani\\\/211587\\\/#primaryimage\"},\"image\":{\"@id\":\"https:\\\/\\\/www.webdo.tn\\\/fr\\\/actualite\\\/national\\\/tunisie-la-ministre-leila-jaffel-poursuit-en-justice-sonia-dahmani\\\/211587\\\/#primaryimage\"},\"thumbnailUrl\":\"https:\\\/\\\/www.webdo.tn\\\/fr\\\/wp-content\\\/uploads\\\/2024\\\/01\\\/651557f7aaec832c20f7b0f09e29ed63.jpg\",\"datePublished\":\"2024-01-16T12:44:00+00:00\",\"dateModified\":\"2025-05-20T22:11:25+00:00\",\"description\":\"L\u2019avocate Sonia Dahmani doit compara\u00eetre le 24 janvier prochain devant le juge d\u2019instruction dans le cadre d\u2019une plainte \u00e9manant de la ministre de la Justice.\",\"breadcrumb\":{\"@id\":\"https:\\\/\\\/www.webdo.tn\\\/fr\\\/actualite\\\/national\\\/tunisie-la-ministre-leila-jaffel-poursuit-en-justice-sonia-dahmani\\\/211587\\\/#breadcrumb\"},\"inLanguage\":\"fr-FR\",\"potentialAction\":[{\"@type\":\"ReadAction\",\"target\":[\"https:\\\/\\\/www.webdo.tn\\\/fr\\\/actualite\\\/national\\\/tunisie-la-ministre-leila-jaffel-poursuit-en-justice-sonia-dahmani\\\/211587\\\/\"]}]},{\"@type\":\"ImageObject\",\"inLanguage\":\"fr-FR\",\"@id\":\"https:\\\/\\\/www.webdo.tn\\\/fr\\\/actualite\\\/national\\\/tunisie-la-ministre-leila-jaffel-poursuit-en-justice-sonia-dahmani\\\/211587\\\/#primaryimage\",\"url\":\"https:\\\/\\\/www.webdo.tn\\\/fr\\\/wp-content\\\/uploads\\\/2024\\\/01\\\/651557f7aaec832c20f7b0f09e29ed63.jpg\",\"contentUrl\":\"https:\\\/\\\/www.webdo.tn\\\/fr\\\/wp-content\\\/uploads\\\/2024\\\/01\\\/651557f7aaec832c20f7b0f09e29ed63.jpg\",\"width\":750,\"height\":400,\"caption\":\"Tunisie : La ministre Leila Jaffel poursuit en justice Sonia Dahmani\"},{\"@type\":\"BreadcrumbList\",\"@id\":\"https:\\\/\\\/www.webdo.tn\\\/fr\\\/actualite\\\/national\\\/tunisie-la-ministre-leila-jaffel-poursuit-en-justice-sonia-dahmani\\\/211587\\\/#breadcrumb\",\"itemListElement\":[{\"@type\":\"ListItem\",\"position\":1,\"name\":\"Accueil\",\"item\":\"https:\\\/\\\/www.webdo.tn\\\/fr\\\/\"},{\"@type\":\"ListItem\",\"position\":2,\"name\":\"Tunisie : La ministre Leila Jaffel poursuit en justice Sonia Dahmani\"}]},{\"@type\":\"WebSite\",\"@id\":\"https:\\\/\\\/www.webdo.tn\\\/fr\\\/#website\",\"url\":\"https:\\\/\\\/www.webdo.tn\\\/fr\\\/\",\"name\":\"webdo\",\"description\":\"Tunisie - News en Tunisie et \u00e0 l&#039;international sur Webdo.tn\",\"publisher\":{\"@id\":\"https:\\\/\\\/www.webdo.tn\\\/fr\\\/#organization\"},\"potentialAction\":[{\"@type\":\"SearchAction\",\"target\":{\"@type\":\"EntryPoint\",\"urlTemplate\":\"https:\\\/\\\/www.webdo.tn\\\/fr\\\/?s={search_term_string}\"},\"query-input\":{\"@type\":\"PropertyValueSpecification\",\"valueRequired\":true,\"valueName\":\"search_term_string\"}}],\"inLanguage\":\"fr-FR\"},{\"@type\":\"Organization\",\"@id\":\"https:\\\/\\\/www.webdo.tn\\\/fr\\\/#organization\",\"name\":\"Webdo\",\"alternateName\":\"Webdo.tn\",\"url\":\"https:\\\/\\\/www.webdo.tn\\\/fr\\\/\",\"logo\":{\"@type\":\"ImageObject\",\"inLanguage\":\"fr-FR\",\"@id\":\"https:\\\/\\\/www.webdo.tn\\\/fr\\\/#\\\/schema\\\/logo\\\/image\\\/\",\"url\":\"https:\\\/\\\/www.webdo.tn\\\/fr\\\/wp-content\\\/uploads\\\/2025\\\/06\\\/Webdo-Tunisie_168377.jpg\",\"contentUrl\":\"https:\\\/\\\/www.webdo.tn\\\/fr\\\/wp-content\\\/uploads\\\/2025\\\/06\\\/Webdo-Tunisie_168377.jpg\",\"width\":301,\"height\":301,\"caption\":\"Webdo\"},\"image\":{\"@id\":\"https:\\\/\\\/www.webdo.tn\\\/fr\\\/#\\\/schema\\\/logo\\\/image\\\/\"},\"sameAs\":[\"https:\\\/\\\/www.facebook.com\\\/webdotn\",\"https:\\\/\\\/x.com\\\/webdo_tn\"],\"description\":\"Webdo est un m\u00e9dia num\u00e9rique tunisien fond\u00e9 en 2010, sp\u00e9cialis\u00e9 dans l\u2019actualit\u00e9 nationale et internationale, l\u2019\u00e9conomie, la soci\u00e9t\u00e9 et les analyses politiques. Le site s\u2019adresse \u00e0 un large public francophone et couvre l\u2019information tunisienne en temps r\u00e9el.\",\"email\":\"redac@webdo.tn\",\"legalName\":\"YNJ SARL\",\"foundingDate\":\"2010-09-06\",\"numberOfEmployees\":{\"@type\":\"QuantitativeValue\",\"minValue\":\"11\",\"maxValue\":\"50\"}},{\"@type\":\"Person\",\"@id\":\"https:\\\/\\\/www.webdo.tn\\\/fr\\\/#\\\/schema\\\/person\\\/2c4929cbf5a809e3bd38617c6ce150f6\",\"name\":\"MC\",\"image\":{\"@type\":\"ImageObject\",\"inLanguage\":\"fr-FR\",\"@id\":\"https:\\\/\\\/secure.gravatar.com\\\/avatar\\\/a545bbb6f84efdd5553dbbc2895e3ca8f1d12c5215e00a041c9670b54aa9b18a?s=96&d=mm&r=g\",\"url\":\"https:\\\/\\\/secure.gravatar.com\\\/avatar\\\/a545bbb6f84efdd5553dbbc2895e3ca8f1d12c5215e00a041c9670b54aa9b18a?s=96&d=mm&r=g\",\"contentUrl\":\"https:\\\/\\\/secure.gravatar.com\\\/avatar\\\/a545bbb6f84efdd5553dbbc2895e3ca8f1d12c5215e00a041c9670b54aa9b18a?s=96&d=mm&r=g\",\"caption\":\"MC\"},\"url\":\"https:\\\/\\\/www.webdo.tn\\\/fr\\\/actualite\\\/author\\\/mc\\\/\"}]}<\/script>\n<!-- \/ Yoast SEO Premium plugin. -->","yoast_head_json":{"title":"Tunisie : La ministre Leila Jaffel poursuit en justice Sonia Dahmani","description":"L\u2019avocate Sonia Dahmani doit compara\u00eetre le 24 janvier prochain devant le juge d\u2019instruction dans le cadre d\u2019une plainte \u00e9manant de la ministre de la Justice.","canonical":"https:\/\/www.webdo.tn\/fr\/actualite\/national\/tunisie-la-ministre-leila-jaffel-poursuit-en-justice-sonia-dahmani\/211587\/","og_locale":"fr_FR","og_type":"article","og_title":"Tunisie : La ministre Leila Jaffel poursuit en justice Sonia Dahmani","og_description":"L\u2019avocate Sonia Dahmani doit compara\u00eetre le 24 janvier prochain devant le juge d\u2019instruction dans le cadre d\u2019une plainte \u00e9manant de la ministre de la Justice.","og_url":"https:\/\/www.webdo.tn\/fr\/actualite\/national\/tunisie-la-ministre-leila-jaffel-poursuit-en-justice-sonia-dahmani\/211587\/","og_site_name":"webdo","article_publisher":"https:\/\/www.facebook.com\/webdotn","article_published_time":"2024-01-16T12:44:00+00:00","article_modified_time":"2025-05-20T22:11:25+00:00","og_image":[{"width":750,"height":400,"url":"https:\/\/www.webdo.tn\/fr\/wp-content\/uploads\/2024\/01\/651557f7aaec832c20f7b0f09e29ed63.jpg","type":"image\/jpeg"}],"author":"MC","twitter_card":"summary_large_image","twitter_creator":"@webdo_tn","twitter_site":"@webdo_tn","twitter_misc":{"\u00c9crit par":"MC","Dur\u00e9e de lecture estim\u00e9e":"1 minute"},"schema":{"@context":"https:\/\/schema.org","@graph":[{"@type":"NewsArticle","@id":"https:\/\/www.webdo.tn\/fr\/actualite\/national\/tunisie-la-ministre-leila-jaffel-poursuit-en-justice-sonia-dahmani\/211587\/#article","isPartOf":{"@id":"https:\/\/www.webdo.tn\/fr\/actualite\/national\/tunisie-la-ministre-leila-jaffel-poursuit-en-justice-sonia-dahmani\/211587\/"},"author":{"name":"MC","@id":"https:\/\/www.webdo.tn\/fr\/#\/schema\/person\/2c4929cbf5a809e3bd38617c6ce150f6"},"headline":"Tunisie : La ministre Leila Jaffel poursuit en justice Sonia Dahmani","datePublished":"2024-01-16T12:44:00+00:00","dateModified":"2025-05-20T22:11:25+00:00","mainEntityOfPage":{"@id":"https:\/\/www.webdo.tn\/fr\/actualite\/national\/tunisie-la-ministre-leila-jaffel-poursuit-en-justice-sonia-dahmani\/211587\/"},"wordCount":124,"commentCount":0,"publisher":{"@id":"https:\/\/www.webdo.tn\/fr\/#organization"},"image":{"@id":"https:\/\/www.webdo.tn\/fr\/actualite\/national\/tunisie-la-ministre-leila-jaffel-poursuit-en-justice-sonia-dahmani\/211587\/#primaryimage"},"thumbnailUrl":"https:\/\/www.webdo.tn\/fr\/wp-content\/uploads\/2024\/01\/651557f7aaec832c20f7b0f09e29ed63.jpg","keywords":["Leila Jaffel","plainte","sonia dahmani"],"articleSection":["National"],"inLanguage":"fr-FR"},{"@type":"WebPage","@id":"https:\/\/www.webdo.tn\/fr\/actualite\/national\/tunisie-la-ministre-leila-jaffel-poursuit-en-justice-sonia-dahmani\/211587\/","url":"https:\/\/www.webdo.tn\/fr\/actualite\/national\/tunisie-la-ministre-leila-jaffel-poursuit-en-justice-sonia-dahmani\/211587\/","name":"Tunisie : La ministre Leila Jaffel poursuit en justice Sonia Dahmani","isPartOf":{"@id":"https:\/\/www.webdo.tn\/fr\/#website"},"primaryImageOfPage":{"@id":"https:\/\/www.webdo.tn\/fr\/actualite\/national\/tunisie-la-ministre-leila-jaffel-poursuit-en-justice-sonia-dahmani\/211587\/#primaryimage"},"image":{"@id":"https:\/\/www.webdo.tn\/fr\/actualite\/national\/tunisie-la-ministre-leila-jaffel-poursuit-en-justice-sonia-dahmani\/211587\/#primaryimage"},"thumbnailUrl":"https:\/\/www.webdo.tn\/fr\/wp-content\/uploads\/2024\/01\/651557f7aaec832c20f7b0f09e29ed63.jpg","datePublished":"2024-01-16T12:44:00+00:00","dateModified":"2025-05-20T22:11:25+00:00","description":"L\u2019avocate Sonia Dahmani doit compara\u00eetre le 24 janvier prochain devant le juge d\u2019instruction dans le cadre d\u2019une plainte \u00e9manant de la ministre de la Justice.","breadcrumb":{"@id":"https:\/\/www.webdo.tn\/fr\/actualite\/national\/tunisie-la-ministre-leila-jaffel-poursuit-en-justice-sonia-dahmani\/211587\/#breadcrumb"},"inLanguage":"fr-FR","potentialAction":[{"@type":"ReadAction","target":["https:\/\/www.webdo.tn\/fr\/actualite\/national\/tunisie-la-ministre-leila-jaffel-poursuit-en-justice-sonia-dahmani\/211587\/"]}]},{"@type":"ImageObject","inLanguage":"fr-FR","@id":"https:\/\/www.webdo.tn\/fr\/actualite\/national\/tunisie-la-ministre-leila-jaffel-poursuit-en-justice-sonia-dahmani\/211587\/#primaryimage","url":"https:\/\/www.webdo.tn\/fr\/wp-content\/uploads\/2024\/01\/651557f7aaec832c20f7b0f09e29ed63.jpg","contentUrl":"https:\/\/www.webdo.tn\/fr\/wp-content\/uploads\/2024\/01\/651557f7aaec832c20f7b0f09e29ed63.jpg","width":750,"height":400,"caption":"Tunisie : La ministre Leila Jaffel poursuit en justice Sonia Dahmani"},{"@type":"BreadcrumbList","@id":"https:\/\/www.webdo.tn\/fr\/actualite\/national\/tunisie-la-ministre-leila-jaffel-poursuit-en-justice-sonia-dahmani\/211587\/#breadcrumb","itemListElement":[{"@type":"ListItem","position":1,"name":"Accueil","item":"https:\/\/www.webdo.tn\/fr\/"},{"@type":"ListItem","position":2,"name":"Tunisie : La ministre Leila Jaffel poursuit en justice Sonia Dahmani"}]},{"@type":"WebSite","@id":"https:\/\/www.webdo.tn\/fr\/#website","url":"https:\/\/www.webdo.tn\/fr\/","name":"webdo","description":"Tunisie - News en Tunisie et \u00e0 l&#039;international sur Webdo.tn","publisher":{"@id":"https:\/\/www.webdo.tn\/fr\/#organization"},"potentialAction":[{"@type":"SearchAction","target":{"@type":"EntryPoint","urlTemplate":"https:\/\/www.webdo.tn\/fr\/?s={search_term_string}"},"query-input":{"@type":"PropertyValueSpecification","valueRequired":true,"valueName":"search_term_string"}}],"inLanguage":"fr-FR"},{"@type":"Organization","@id":"https:\/\/www.webdo.tn\/fr\/#organization","name":"Webdo","alternateName":"Webdo.tn","url":"https:\/\/www.webdo.tn\/fr\/","logo":{"@type":"ImageObject","inLanguage":"fr-FR","@id":"https:\/\/www.webdo.tn\/fr\/#\/schema\/logo\/image\/","url":"https:\/\/www.webdo.tn\/fr\/wp-content\/uploads\/2025\/06\/Webdo-Tunisie_168377.jpg","contentUrl":"https:\/\/www.webdo.tn\/fr\/wp-content\/uploads\/2025\/06\/Webdo-Tunisie_168377.jpg","width":301,"height":301,"caption":"Webdo"},"image":{"@id":"https:\/\/www.webdo.tn\/fr\/#\/schema\/logo\/image\/"},"sameAs":["https:\/\/www.facebook.com\/webdotn","https:\/\/x.com\/webdo_tn"],"description":"Webdo est un m\u00e9dia num\u00e9rique tunisien fond\u00e9 en 2010, sp\u00e9cialis\u00e9 dans l\u2019actualit\u00e9 nationale et internationale, l\u2019\u00e9conomie, la soci\u00e9t\u00e9 et les analyses politiques. Le site s\u2019adresse \u00e0 un large public francophone et couvre l\u2019information tunisienne en temps r\u00e9el.","email":"redac@webdo.tn","legalName":"YNJ SARL","foundingDate":"2010-09-06","numberOfEmployees":{"@type":"QuantitativeValue","minValue":"11","maxValue":"50"}},{"@type":"Person","@id":"https:\/\/www.webdo.tn\/fr\/#\/schema\/person\/2c4929cbf5a809e3bd38617c6ce150f6","name":"MC","image":{"@type":"ImageObject","inLanguage":"fr-FR","@id":"https:\/\/secure.gravatar.com\/avatar\/a545bbb6f84efdd5553dbbc2895e3ca8f1d12c5215e00a041c9670b54aa9b18a?s=96&d=mm&r=g","url":"https:\/\/secure.gravatar.com\/avatar\/a545bbb6f84efdd5553dbbc2895e3ca8f1d12c5215e00a041c9670b54aa9b18a?s=96&d=mm&r=g","contentUrl":"https:\/\/secure.gravatar.com\/avatar\/a545bbb6f84efdd5553dbbc2895e3ca8f1d12c5215e00a041c9670b54aa9b18a?s=96&d=mm&r=g","caption":"MC"},"url":"https:\/\/www.webdo.tn\/fr\/actualite\/author\/mc\/"}]}},"_links":{"self":[{"href":"https:\/\/www.webdo.tn\/fr\/wp-json\/wp\/v2\/posts\/211587","targetHints":{"allow":["GET"]}}],"collection":[{"href":"https:\/\/www.webdo.tn\/fr\/wp-json\/wp\/v2\/posts"}],"about":[{"href":"https:\/\/www.webdo.tn\/fr\/wp-json\/wp\/v2\/types\/post"}],"author":[{"embeddable":true,"href":"https:\/\/www.webdo.tn\/fr\/wp-json\/wp\/v2\/users\/3162"}],"replies":[{"embeddable":true,"href":"https:\/\/www.webdo.tn\/fr\/wp-json\/wp\/v2\/comments?post=211587"}],"version-history":[{"count":0,"href":"https:\/\/www.webdo.tn\/fr\/wp-json\/wp\/v2\/posts\/211587\/revisions"}],"wp:featuredmedia":[{"embeddable":true,"href":"https:\/\/www.webdo.tn\/fr\/wp-json\/wp\/v2\/media\/290086"}],"wp:attachment":[{"href":"https:\/\/www.webdo.tn\/fr\/wp-json\/wp\/v2\/media?parent=211587"}],"wp:term":[{"taxonomy":"category","embeddable":true,"href":"https:\/\/www.webdo.tn\/fr\/wp-json\/wp\/v2\/categories?post=211587"},{"taxonomy":"post_tag","embeddable":true,"href":"https:\/\/www.webdo.tn\/fr\/wp-json\/wp\/v2\/tags?post=211587"}],"curies":[{"name":"wp","href":"https:\/\/api.w.org\/{rel}","templated":true}]}}