{"id":211581,"date":"2024-01-16T11:07:00","date_gmt":"2024-01-16T11:07:00","guid":{"rendered":"https:\/\/www.webdo.tn\/fr\/blog\/reouverture-imminente-de-l-ancienne-cathedrale-de-carthage\/211581\/"},"modified":"2024-01-16T11:07:00","modified_gmt":"2024-01-16T11:07:00","slug":"reouverture-imminente-de-l-ancienne-cathedrale-de-carthage","status":"publish","type":"post","link":"https:\/\/www.webdo.tn\/fr\/actualite\/culture\/reouverture-imminente-de-l-ancienne-cathedrale-de-carthage\/211581\/","title":{"rendered":"R\u00e9ouverture imminente de l&rsquo;ancienne cath\u00e9drale de Carthage"},"content":{"rendered":"<p>Apr\u00e8s une fermeture compl\u00e8te et des travaux de restauration, l&rsquo;ancienne cath\u00e9drale de Carthage devrait rouvrir ses portes au public.<\/p>\n<p>\t\t\t\t\t\t\t\t\tFerm\u00e9e depuis trois ans, l&rsquo;ancienne cath\u00e9drale Saint-Louis de Carthage devrait ouvrir \u00e0 titre \u00ab\u00a0partiel et temporaire\u00a0\u00bb \u00e0 la fin du mois de janvier 2024.<\/p>\n<p>C&rsquo;est le minist\u00e8re des Affaires culturelles qui a pris l&rsquo;initiative de cette r\u00e9ouverture qui ne concerne qu&rsquo;une partie de la cath\u00e9drale puisque la zone de l&rsquo;abside sera inaccessible au public.<\/p>\n<p>Les travaux de restauration de l&rsquo;ancienne cath\u00e9drale se poursuivent \u00e0 l&rsquo;heure actuelle alors que le mus\u00e9e de Carthage fait \u00e9galement l&rsquo;objet d&rsquo;une r\u00e9novation et d&rsquo;un inventaire de ses collections.<\/p>\n<p>La r\u00e9ouverture compl\u00e8te du mus\u00e9e est pr\u00e9vue \u00e0 l&rsquo;horizon 2026 alors que selon nos sources, l&rsquo;ancienne cath\u00e9drale de Carthage devrait \u00eatre prochainement remise en concession.<\/p>\n<p>Apr\u00e8s avoir accueilli l&rsquo;Acropolium cr\u00e9\u00e9 par Mustapha El Okby en 1995, dans le cadre d&rsquo;une concession qui a \u00e9t\u00e9 interrompue en 2021, l&rsquo;ancienne cath\u00e9drale devrait ainsi reprendre bient\u00f4t du service avec un nouveau cahier des charges et de nouveaux exploitants.<\/p>\n<p>Pour l&rsquo;heure, ce monument historique devrait retrouver de l&rsquo;animation gr\u00e2ce \u00e0 des m\u00e9diateurs qui accompagneront les visiteurs.<\/p>\n<p>Les horaires d&rsquo;ouverture de l&rsquo;ancienne cath\u00e9drale Saint-Louis seront similaires \u00e0 ceux du mus\u00e9e voisin. Une bonne nouvelle \u00e0 mettre \u00e0 l&rsquo;actif du minist\u00e8re des Affaires culturelles qui, ces derniers mois, a \u00e9galement proc\u00e9d\u00e9 \u00e0 la r\u00e9ouverture du mus\u00e9e du Bardo et du mus\u00e9e de Tourbet El Bey.<\/p>\n","protected":false},"excerpt":{"rendered":"<p>Ferm\u00e9e depuis trois ans, l&rsquo;ancienne cath\u00e9drale Saint-Louis de Carthage devrait ouvrir \u00e0 titre  partiel et temporaire  \u00e0 la fin du mois de janvier 2024.<\/p>\n","protected":false},"author":3229,"featured_media":290083,"comment_status":"open","ping_status":"closed","sticky":false,"template":"","format":"standard","meta":{"footnotes":""},"categories":[2594],"tags":[5271],"class_list":["post-211581","post","type-post","status-publish","format-standard","has-post-thumbnail","hentry","category-culture","tag-cathedrale-de-carthage"],"yoast_head":"<!-- This site is optimized with the Yoast SEO Premium plugin v27.5 (Yoast SEO v27.5) - https:\/\/yoast.com\/product\/yoast-seo-premium-wordpress\/ -->\n<title>R\u00e9ouverture imminente de l&#039;ancienne cath\u00e9drale de Carthage<\/title>\n<meta name=\"description\" content=\"Ferm\u00e9e depuis trois ans, l&#039;ancienne cath\u00e9drale Saint-Louis de Carthage devrait ouvrir \u00e0 titre partiel et temporaire \u00e0 la fin du mois de janvier 2024.\" \/>\n<link rel=\"canonical\" href=\"https:\/\/www.webdo.tn\/fr\/actualite\/culture\/reouverture-imminente-de-l-ancienne-cathedrale-de-carthage\/211581\/\" \/>\n<meta property=\"og:locale\" content=\"fr_FR\" \/>\n<meta property=\"og:type\" content=\"article\" \/>\n<meta property=\"og:title\" content=\"R\u00e9ouverture imminente de l&#039;ancienne cath\u00e9drale de Carthage\" \/>\n<meta property=\"og:description\" content=\"Ferm\u00e9e depuis trois ans, l&#039;ancienne cath\u00e9drale Saint-Louis de Carthage devrait ouvrir \u00e0 titre partiel et temporaire \u00e0 la fin du mois de janvier 2024.\" \/>\n<meta property=\"og:url\" content=\"https:\/\/www.webdo.tn\/fr\/actualite\/culture\/reouverture-imminente-de-l-ancienne-cathedrale-de-carthage\/211581\/\" \/>\n<meta property=\"og:site_name\" content=\"webdo\" \/>\n<meta property=\"article:publisher\" content=\"https:\/\/www.facebook.com\/webdotn\" \/>\n<meta property=\"article:author\" content=\"https:\/\/www.facebook.com\/hatem.bourial.2025\" \/>\n<meta property=\"article:published_time\" content=\"2024-01-16T11:07:00+00:00\" \/>\n<meta property=\"og:image\" content=\"https:\/\/www.webdo.tn\/fr\/wp-content\/uploads\/2024\/01\/f7fe574ec1fc8528e59563c073bbc01e.jpg\" \/>\n\t<meta property=\"og:image:width\" content=\"750\" \/>\n\t<meta property=\"og:image:height\" content=\"400\" \/>\n\t<meta property=\"og:image:type\" content=\"image\/jpeg\" \/>\n<meta name=\"author\" content=\"Hatem Bourial\" \/>\n<meta name=\"twitter:card\" content=\"summary_large_image\" \/>\n<meta name=\"twitter:creator\" content=\"@webdo_tn\" \/>\n<meta name=\"twitter:site\" content=\"@webdo_tn\" \/>\n<meta name=\"twitter:label1\" content=\"\u00c9crit par\" \/>\n\t<meta name=\"twitter:data1\" content=\"Hatem Bourial\" \/>\n\t<meta name=\"twitter:label2\" content=\"Dur\u00e9e de lecture estim\u00e9e\" \/>\n\t<meta name=\"twitter:data2\" content=\"1 minute\" \/>\n<script type=\"application\/ld+json\" class=\"yoast-schema-graph\">{\"@context\":\"https:\\\/\\\/schema.org\",\"@graph\":[{\"@type\":\"NewsArticle\",\"@id\":\"https:\\\/\\\/www.webdo.tn\\\/fr\\\/actualite\\\/culture\\\/reouverture-imminente-de-l-ancienne-cathedrale-de-carthage\\\/211581\\\/#article\",\"isPartOf\":{\"@id\":\"https:\\\/\\\/www.webdo.tn\\\/fr\\\/actualite\\\/culture\\\/reouverture-imminente-de-l-ancienne-cathedrale-de-carthage\\\/211581\\\/\"},\"author\":{\"name\":\"Hatem Bourial\",\"@id\":\"https:\\\/\\\/www.webdo.tn\\\/fr\\\/#\\\/schema\\\/person\\\/6bc0beba2cd23aec27cb5df85ca2554f\"},\"headline\":\"R\u00e9ouverture imminente de l&rsquo;ancienne cath\u00e9drale de Carthage\",\"datePublished\":\"2024-01-16T11:07:00+00:00\",\"mainEntityOfPage\":{\"@id\":\"https:\\\/\\\/www.webdo.tn\\\/fr\\\/actualite\\\/culture\\\/reouverture-imminente-de-l-ancienne-cathedrale-de-carthage\\\/211581\\\/\"},\"wordCount\":277,\"commentCount\":0,\"publisher\":{\"@id\":\"https:\\\/\\\/www.webdo.tn\\\/fr\\\/#organization\"},\"image\":{\"@id\":\"https:\\\/\\\/www.webdo.tn\\\/fr\\\/actualite\\\/culture\\\/reouverture-imminente-de-l-ancienne-cathedrale-de-carthage\\\/211581\\\/#primaryimage\"},\"thumbnailUrl\":\"https:\\\/\\\/www.webdo.tn\\\/fr\\\/wp-content\\\/uploads\\\/2024\\\/01\\\/f7fe574ec1fc8528e59563c073bbc01e.jpg\",\"keywords\":[\"cath\u00e9drale de carthage\"],\"articleSection\":[\"Culture\"],\"inLanguage\":\"fr-FR\"},{\"@type\":\"WebPage\",\"@id\":\"https:\\\/\\\/www.webdo.tn\\\/fr\\\/actualite\\\/culture\\\/reouverture-imminente-de-l-ancienne-cathedrale-de-carthage\\\/211581\\\/\",\"url\":\"https:\\\/\\\/www.webdo.tn\\\/fr\\\/actualite\\\/culture\\\/reouverture-imminente-de-l-ancienne-cathedrale-de-carthage\\\/211581\\\/\",\"name\":\"R\u00e9ouverture imminente de l'ancienne cath\u00e9drale de Carthage\",\"isPartOf\":{\"@id\":\"https:\\\/\\\/www.webdo.tn\\\/fr\\\/#website\"},\"primaryImageOfPage\":{\"@id\":\"https:\\\/\\\/www.webdo.tn\\\/fr\\\/actualite\\\/culture\\\/reouverture-imminente-de-l-ancienne-cathedrale-de-carthage\\\/211581\\\/#primaryimage\"},\"image\":{\"@id\":\"https:\\\/\\\/www.webdo.tn\\\/fr\\\/actualite\\\/culture\\\/reouverture-imminente-de-l-ancienne-cathedrale-de-carthage\\\/211581\\\/#primaryimage\"},\"thumbnailUrl\":\"https:\\\/\\\/www.webdo.tn\\\/fr\\\/wp-content\\\/uploads\\\/2024\\\/01\\\/f7fe574ec1fc8528e59563c073bbc01e.jpg\",\"datePublished\":\"2024-01-16T11:07:00+00:00\",\"description\":\"Ferm\u00e9e depuis trois ans, l'ancienne cath\u00e9drale Saint-Louis de Carthage devrait ouvrir \u00e0 titre partiel et temporaire \u00e0 la fin du mois de janvier 2024.\",\"breadcrumb\":{\"@id\":\"https:\\\/\\\/www.webdo.tn\\\/fr\\\/actualite\\\/culture\\\/reouverture-imminente-de-l-ancienne-cathedrale-de-carthage\\\/211581\\\/#breadcrumb\"},\"inLanguage\":\"fr-FR\",\"potentialAction\":[{\"@type\":\"ReadAction\",\"target\":[\"https:\\\/\\\/www.webdo.tn\\\/fr\\\/actualite\\\/culture\\\/reouverture-imminente-de-l-ancienne-cathedrale-de-carthage\\\/211581\\\/\"]}]},{\"@type\":\"ImageObject\",\"inLanguage\":\"fr-FR\",\"@id\":\"https:\\\/\\\/www.webdo.tn\\\/fr\\\/actualite\\\/culture\\\/reouverture-imminente-de-l-ancienne-cathedrale-de-carthage\\\/211581\\\/#primaryimage\",\"url\":\"https:\\\/\\\/www.webdo.tn\\\/fr\\\/wp-content\\\/uploads\\\/2024\\\/01\\\/f7fe574ec1fc8528e59563c073bbc01e.jpg\",\"contentUrl\":\"https:\\\/\\\/www.webdo.tn\\\/fr\\\/wp-content\\\/uploads\\\/2024\\\/01\\\/f7fe574ec1fc8528e59563c073bbc01e.jpg\",\"width\":750,\"height\":400,\"caption\":\"R\u00e9ouverture imminente de l'ancienne cath\u00e9drale de Carthage\"},{\"@type\":\"BreadcrumbList\",\"@id\":\"https:\\\/\\\/www.webdo.tn\\\/fr\\\/actualite\\\/culture\\\/reouverture-imminente-de-l-ancienne-cathedrale-de-carthage\\\/211581\\\/#breadcrumb\",\"itemListElement\":[{\"@type\":\"ListItem\",\"position\":1,\"name\":\"Accueil\",\"item\":\"https:\\\/\\\/www.webdo.tn\\\/fr\\\/\"},{\"@type\":\"ListItem\",\"position\":2,\"name\":\"R\u00e9ouverture imminente de l&rsquo;ancienne cath\u00e9drale de Carthage\"}]},{\"@type\":\"WebSite\",\"@id\":\"https:\\\/\\\/www.webdo.tn\\\/fr\\\/#website\",\"url\":\"https:\\\/\\\/www.webdo.tn\\\/fr\\\/\",\"name\":\"webdo\",\"description\":\"Tunisie - News en Tunisie et \u00e0 l&#039;international sur Webdo.tn\",\"publisher\":{\"@id\":\"https:\\\/\\\/www.webdo.tn\\\/fr\\\/#organization\"},\"potentialAction\":[{\"@type\":\"SearchAction\",\"target\":{\"@type\":\"EntryPoint\",\"urlTemplate\":\"https:\\\/\\\/www.webdo.tn\\\/fr\\\/?s={search_term_string}\"},\"query-input\":{\"@type\":\"PropertyValueSpecification\",\"valueRequired\":true,\"valueName\":\"search_term_string\"}}],\"inLanguage\":\"fr-FR\"},{\"@type\":\"Organization\",\"@id\":\"https:\\\/\\\/www.webdo.tn\\\/fr\\\/#organization\",\"name\":\"Webdo\",\"alternateName\":\"Webdo.tn\",\"url\":\"https:\\\/\\\/www.webdo.tn\\\/fr\\\/\",\"logo\":{\"@type\":\"ImageObject\",\"inLanguage\":\"fr-FR\",\"@id\":\"https:\\\/\\\/www.webdo.tn\\\/fr\\\/#\\\/schema\\\/logo\\\/image\\\/\",\"url\":\"https:\\\/\\\/www.webdo.tn\\\/fr\\\/wp-content\\\/uploads\\\/2025\\\/06\\\/Webdo-Tunisie_168377.jpg\",\"contentUrl\":\"https:\\\/\\\/www.webdo.tn\\\/fr\\\/wp-content\\\/uploads\\\/2025\\\/06\\\/Webdo-Tunisie_168377.jpg\",\"width\":301,\"height\":301,\"caption\":\"Webdo\"},\"image\":{\"@id\":\"https:\\\/\\\/www.webdo.tn\\\/fr\\\/#\\\/schema\\\/logo\\\/image\\\/\"},\"sameAs\":[\"https:\\\/\\\/www.facebook.com\\\/webdotn\",\"https:\\\/\\\/x.com\\\/webdo_tn\"],\"description\":\"Webdo est un m\u00e9dia num\u00e9rique tunisien fond\u00e9 en 2010, sp\u00e9cialis\u00e9 dans l\u2019actualit\u00e9 nationale et internationale, l\u2019\u00e9conomie, la soci\u00e9t\u00e9 et les analyses politiques. Le site s\u2019adresse \u00e0 un large public francophone et couvre l\u2019information tunisienne en temps r\u00e9el.\",\"email\":\"redac@webdo.tn\",\"legalName\":\"YNJ SARL\",\"foundingDate\":\"2010-09-06\",\"numberOfEmployees\":{\"@type\":\"QuantitativeValue\",\"minValue\":\"11\",\"maxValue\":\"50\"}},{\"@type\":\"Person\",\"@id\":\"https:\\\/\\\/www.webdo.tn\\\/fr\\\/#\\\/schema\\\/person\\\/6bc0beba2cd23aec27cb5df85ca2554f\",\"name\":\"Hatem Bourial\",\"image\":{\"@type\":\"ImageObject\",\"inLanguage\":\"fr-FR\",\"@id\":\"https:\\\/\\\/www.webdo.tn\\\/fr\\\/wp-content\\\/uploads\\\/2026\\\/04\\\/hatem-bourial_avatar-96x96.jpg\",\"url\":\"https:\\\/\\\/www.webdo.tn\\\/fr\\\/wp-content\\\/uploads\\\/2026\\\/04\\\/hatem-bourial_avatar-96x96.jpg\",\"contentUrl\":\"https:\\\/\\\/www.webdo.tn\\\/fr\\\/wp-content\\\/uploads\\\/2026\\\/04\\\/hatem-bourial_avatar-96x96.jpg\",\"caption\":\"Hatem Bourial\"},\"description\":\"Hatem Bourial est journaliste, \u00e9crivain et chroniqueur tunisien. Actif depuis plusieurs d\u00e9cennies, il s\u2019est impos\u00e9 comme un observateur attentif de la soci\u00e9t\u00e9 tunisienne, m\u00ealant dans ses \u00e9crits m\u00e9moire, culture et analyse du quotidien. Auteur de nombreux ouvrages, il d\u00e9veloppe une \u0153uvre \u00e0 la crois\u00e9e du r\u00e9cit, de la po\u00e9sie et de l\u2019observation sociologique. Parall\u00e8lement \u00e0 ses contributions dans la presse, il intervient r\u00e9guli\u00e8rement \u00e0 la radio et dans des espaces culturels, o\u00f9 il explore les enjeux li\u00e9s au patrimoine, \u00e0 l\u2019identit\u00e9 et aux transformations du monde contemporain. \u00c0 travers ses chroniques, Hatem Bourial propose une lecture sensible et approfondie de l\u2019actualit\u00e9, nourrie par une exp\u00e9rience journalistique et litt\u00e9raire reconnue. \ud83d\udd17 Facebook : https:\\\/\\\/www.facebook.com\\\/hatem.bourial.2025\",\"sameAs\":[\"https:\\\/\\\/www.facebook.com\\\/hatem.bourial.2025\",\"https:\\\/\\\/fr.wikipedia.org\\\/wiki\\\/Fichier:Hatem_Bourial.jpg\"],\"knowsAbout\":[\"Culture & patrimoine tunisien\",\"Chronique soci\u00e9tale\",\"Litt\u00e9rature & m\u00e9moire\",\"Cin\u00e9ma & critique culturelle\",\"Identit\u00e9 & mutations sociales\"],\"knowsLanguage\":[\"Arabe\",\"Fran\u00e7ais\",\"Anglais\",\"Italien\",\"Polonais\"],\"jobTitle\":\"Journaliste, \u00e9crivain et chroniqueur culturel\",\"worksFor\":\"Webdo\",\"url\":\"https:\\\/\\\/www.webdo.tn\\\/fr\\\/actualite\\\/author\\\/hatem-bourial-2\\\/\"}]}<\/script>\n<!-- \/ Yoast SEO Premium plugin. -->","yoast_head_json":{"title":"R\u00e9ouverture imminente de l'ancienne cath\u00e9drale de Carthage","description":"Ferm\u00e9e depuis trois ans, l'ancienne cath\u00e9drale Saint-Louis de Carthage devrait ouvrir \u00e0 titre partiel et temporaire \u00e0 la fin du mois de janvier 2024.","canonical":"https:\/\/www.webdo.tn\/fr\/actualite\/culture\/reouverture-imminente-de-l-ancienne-cathedrale-de-carthage\/211581\/","og_locale":"fr_FR","og_type":"article","og_title":"R\u00e9ouverture imminente de l'ancienne cath\u00e9drale de Carthage","og_description":"Ferm\u00e9e depuis trois ans, l'ancienne cath\u00e9drale Saint-Louis de Carthage devrait ouvrir \u00e0 titre partiel et temporaire \u00e0 la fin du mois de janvier 2024.","og_url":"https:\/\/www.webdo.tn\/fr\/actualite\/culture\/reouverture-imminente-de-l-ancienne-cathedrale-de-carthage\/211581\/","og_site_name":"webdo","article_publisher":"https:\/\/www.facebook.com\/webdotn","article_author":"https:\/\/www.facebook.com\/hatem.bourial.2025","article_published_time":"2024-01-16T11:07:00+00:00","og_image":[{"width":750,"height":400,"url":"https:\/\/www.webdo.tn\/fr\/wp-content\/uploads\/2024\/01\/f7fe574ec1fc8528e59563c073bbc01e.jpg","type":"image\/jpeg"}],"author":"Hatem Bourial","twitter_card":"summary_large_image","twitter_creator":"@webdo_tn","twitter_site":"@webdo_tn","twitter_misc":{"\u00c9crit par":"Hatem Bourial","Dur\u00e9e de lecture estim\u00e9e":"1 minute"},"schema":{"@context":"https:\/\/schema.org","@graph":[{"@type":"NewsArticle","@id":"https:\/\/www.webdo.tn\/fr\/actualite\/culture\/reouverture-imminente-de-l-ancienne-cathedrale-de-carthage\/211581\/#article","isPartOf":{"@id":"https:\/\/www.webdo.tn\/fr\/actualite\/culture\/reouverture-imminente-de-l-ancienne-cathedrale-de-carthage\/211581\/"},"author":{"name":"Hatem Bourial","@id":"https:\/\/www.webdo.tn\/fr\/#\/schema\/person\/6bc0beba2cd23aec27cb5df85ca2554f"},"headline":"R\u00e9ouverture imminente de l&rsquo;ancienne cath\u00e9drale de Carthage","datePublished":"2024-01-16T11:07:00+00:00","mainEntityOfPage":{"@id":"https:\/\/www.webdo.tn\/fr\/actualite\/culture\/reouverture-imminente-de-l-ancienne-cathedrale-de-carthage\/211581\/"},"wordCount":277,"commentCount":0,"publisher":{"@id":"https:\/\/www.webdo.tn\/fr\/#organization"},"image":{"@id":"https:\/\/www.webdo.tn\/fr\/actualite\/culture\/reouverture-imminente-de-l-ancienne-cathedrale-de-carthage\/211581\/#primaryimage"},"thumbnailUrl":"https:\/\/www.webdo.tn\/fr\/wp-content\/uploads\/2024\/01\/f7fe574ec1fc8528e59563c073bbc01e.jpg","keywords":["cath\u00e9drale de carthage"],"articleSection":["Culture"],"inLanguage":"fr-FR"},{"@type":"WebPage","@id":"https:\/\/www.webdo.tn\/fr\/actualite\/culture\/reouverture-imminente-de-l-ancienne-cathedrale-de-carthage\/211581\/","url":"https:\/\/www.webdo.tn\/fr\/actualite\/culture\/reouverture-imminente-de-l-ancienne-cathedrale-de-carthage\/211581\/","name":"R\u00e9ouverture imminente de l'ancienne cath\u00e9drale de Carthage","isPartOf":{"@id":"https:\/\/www.webdo.tn\/fr\/#website"},"primaryImageOfPage":{"@id":"https:\/\/www.webdo.tn\/fr\/actualite\/culture\/reouverture-imminente-de-l-ancienne-cathedrale-de-carthage\/211581\/#primaryimage"},"image":{"@id":"https:\/\/www.webdo.tn\/fr\/actualite\/culture\/reouverture-imminente-de-l-ancienne-cathedrale-de-carthage\/211581\/#primaryimage"},"thumbnailUrl":"https:\/\/www.webdo.tn\/fr\/wp-content\/uploads\/2024\/01\/f7fe574ec1fc8528e59563c073bbc01e.jpg","datePublished":"2024-01-16T11:07:00+00:00","description":"Ferm\u00e9e depuis trois ans, l'ancienne cath\u00e9drale Saint-Louis de Carthage devrait ouvrir \u00e0 titre partiel et temporaire \u00e0 la fin du mois de janvier 2024.","breadcrumb":{"@id":"https:\/\/www.webdo.tn\/fr\/actualite\/culture\/reouverture-imminente-de-l-ancienne-cathedrale-de-carthage\/211581\/#breadcrumb"},"inLanguage":"fr-FR","potentialAction":[{"@type":"ReadAction","target":["https:\/\/www.webdo.tn\/fr\/actualite\/culture\/reouverture-imminente-de-l-ancienne-cathedrale-de-carthage\/211581\/"]}]},{"@type":"ImageObject","inLanguage":"fr-FR","@id":"https:\/\/www.webdo.tn\/fr\/actualite\/culture\/reouverture-imminente-de-l-ancienne-cathedrale-de-carthage\/211581\/#primaryimage","url":"https:\/\/www.webdo.tn\/fr\/wp-content\/uploads\/2024\/01\/f7fe574ec1fc8528e59563c073bbc01e.jpg","contentUrl":"https:\/\/www.webdo.tn\/fr\/wp-content\/uploads\/2024\/01\/f7fe574ec1fc8528e59563c073bbc01e.jpg","width":750,"height":400,"caption":"R\u00e9ouverture imminente de l'ancienne cath\u00e9drale de Carthage"},{"@type":"BreadcrumbList","@id":"https:\/\/www.webdo.tn\/fr\/actualite\/culture\/reouverture-imminente-de-l-ancienne-cathedrale-de-carthage\/211581\/#breadcrumb","itemListElement":[{"@type":"ListItem","position":1,"name":"Accueil","item":"https:\/\/www.webdo.tn\/fr\/"},{"@type":"ListItem","position":2,"name":"R\u00e9ouverture imminente de l&rsquo;ancienne cath\u00e9drale de Carthage"}]},{"@type":"WebSite","@id":"https:\/\/www.webdo.tn\/fr\/#website","url":"https:\/\/www.webdo.tn\/fr\/","name":"webdo","description":"Tunisie - News en Tunisie et \u00e0 l&#039;international sur Webdo.tn","publisher":{"@id":"https:\/\/www.webdo.tn\/fr\/#organization"},"potentialAction":[{"@type":"SearchAction","target":{"@type":"EntryPoint","urlTemplate":"https:\/\/www.webdo.tn\/fr\/?s={search_term_string}"},"query-input":{"@type":"PropertyValueSpecification","valueRequired":true,"valueName":"search_term_string"}}],"inLanguage":"fr-FR"},{"@type":"Organization","@id":"https:\/\/www.webdo.tn\/fr\/#organization","name":"Webdo","alternateName":"Webdo.tn","url":"https:\/\/www.webdo.tn\/fr\/","logo":{"@type":"ImageObject","inLanguage":"fr-FR","@id":"https:\/\/www.webdo.tn\/fr\/#\/schema\/logo\/image\/","url":"https:\/\/www.webdo.tn\/fr\/wp-content\/uploads\/2025\/06\/Webdo-Tunisie_168377.jpg","contentUrl":"https:\/\/www.webdo.tn\/fr\/wp-content\/uploads\/2025\/06\/Webdo-Tunisie_168377.jpg","width":301,"height":301,"caption":"Webdo"},"image":{"@id":"https:\/\/www.webdo.tn\/fr\/#\/schema\/logo\/image\/"},"sameAs":["https:\/\/www.facebook.com\/webdotn","https:\/\/x.com\/webdo_tn"],"description":"Webdo est un m\u00e9dia num\u00e9rique tunisien fond\u00e9 en 2010, sp\u00e9cialis\u00e9 dans l\u2019actualit\u00e9 nationale et internationale, l\u2019\u00e9conomie, la soci\u00e9t\u00e9 et les analyses politiques. Le site s\u2019adresse \u00e0 un large public francophone et couvre l\u2019information tunisienne en temps r\u00e9el.","email":"redac@webdo.tn","legalName":"YNJ SARL","foundingDate":"2010-09-06","numberOfEmployees":{"@type":"QuantitativeValue","minValue":"11","maxValue":"50"}},{"@type":"Person","@id":"https:\/\/www.webdo.tn\/fr\/#\/schema\/person\/6bc0beba2cd23aec27cb5df85ca2554f","name":"Hatem Bourial","image":{"@type":"ImageObject","inLanguage":"fr-FR","@id":"https:\/\/www.webdo.tn\/fr\/wp-content\/uploads\/2026\/04\/hatem-bourial_avatar-96x96.jpg","url":"https:\/\/www.webdo.tn\/fr\/wp-content\/uploads\/2026\/04\/hatem-bourial_avatar-96x96.jpg","contentUrl":"https:\/\/www.webdo.tn\/fr\/wp-content\/uploads\/2026\/04\/hatem-bourial_avatar-96x96.jpg","caption":"Hatem Bourial"},"description":"Hatem Bourial est journaliste, \u00e9crivain et chroniqueur tunisien. Actif depuis plusieurs d\u00e9cennies, il s\u2019est impos\u00e9 comme un observateur attentif de la soci\u00e9t\u00e9 tunisienne, m\u00ealant dans ses \u00e9crits m\u00e9moire, culture et analyse du quotidien. Auteur de nombreux ouvrages, il d\u00e9veloppe une \u0153uvre \u00e0 la crois\u00e9e du r\u00e9cit, de la po\u00e9sie et de l\u2019observation sociologique. Parall\u00e8lement \u00e0 ses contributions dans la presse, il intervient r\u00e9guli\u00e8rement \u00e0 la radio et dans des espaces culturels, o\u00f9 il explore les enjeux li\u00e9s au patrimoine, \u00e0 l\u2019identit\u00e9 et aux transformations du monde contemporain. \u00c0 travers ses chroniques, Hatem Bourial propose une lecture sensible et approfondie de l\u2019actualit\u00e9, nourrie par une exp\u00e9rience journalistique et litt\u00e9raire reconnue. \ud83d\udd17 Facebook : https:\/\/www.facebook.com\/hatem.bourial.2025","sameAs":["https:\/\/www.facebook.com\/hatem.bourial.2025","https:\/\/fr.wikipedia.org\/wiki\/Fichier:Hatem_Bourial.jpg"],"knowsAbout":["Culture & patrimoine tunisien","Chronique soci\u00e9tale","Litt\u00e9rature & m\u00e9moire","Cin\u00e9ma & critique culturelle","Identit\u00e9 & mutations sociales"],"knowsLanguage":["Arabe","Fran\u00e7ais","Anglais","Italien","Polonais"],"jobTitle":"Journaliste, \u00e9crivain et chroniqueur culturel","worksFor":"Webdo","url":"https:\/\/www.webdo.tn\/fr\/actualite\/author\/hatem-bourial-2\/"}]}},"_links":{"self":[{"href":"https:\/\/www.webdo.tn\/fr\/wp-json\/wp\/v2\/posts\/211581","targetHints":{"allow":["GET"]}}],"collection":[{"href":"https:\/\/www.webdo.tn\/fr\/wp-json\/wp\/v2\/posts"}],"about":[{"href":"https:\/\/www.webdo.tn\/fr\/wp-json\/wp\/v2\/types\/post"}],"author":[{"embeddable":true,"href":"https:\/\/www.webdo.tn\/fr\/wp-json\/wp\/v2\/users\/3229"}],"replies":[{"embeddable":true,"href":"https:\/\/www.webdo.tn\/fr\/wp-json\/wp\/v2\/comments?post=211581"}],"version-history":[{"count":0,"href":"https:\/\/www.webdo.tn\/fr\/wp-json\/wp\/v2\/posts\/211581\/revisions"}],"wp:featuredmedia":[{"embeddable":true,"href":"https:\/\/www.webdo.tn\/fr\/wp-json\/wp\/v2\/media\/290083"}],"wp:attachment":[{"href":"https:\/\/www.webdo.tn\/fr\/wp-json\/wp\/v2\/media?parent=211581"}],"wp:term":[{"taxonomy":"category","embeddable":true,"href":"https:\/\/www.webdo.tn\/fr\/wp-json\/wp\/v2\/categories?post=211581"},{"taxonomy":"post_tag","embeddable":true,"href":"https:\/\/www.webdo.tn\/fr\/wp-json\/wp\/v2\/tags?post=211581"}],"curies":[{"name":"wp","href":"https:\/\/api.w.org\/{rel}","templated":true}]}}