{"id":211578,"date":"2024-01-16T10:30:00","date_gmt":"2024-01-16T10:30:00","guid":{"rendered":"https:\/\/www.webdo.tn\/fr\/blog\/can-2023-1-la-tunisie-entre-en-lice-face-a-la-namibie\/211578\/"},"modified":"2025-05-20T22:33:26","modified_gmt":"2025-05-20T22:33:26","slug":"can-2023-1-la-tunisie-entre-en-lice-face-a-la-namibie","status":"publish","type":"post","link":"https:\/\/www.webdo.tn\/fr\/actualite\/sport\/can-2023-1-la-tunisie-entre-en-lice-face-a-la-namibie\/211578\/","title":{"rendered":"CAN 2023+1 : La Tunisie entre en lice face \u00e0 la Namibie"},"content":{"rendered":"<p>L\u2019histoire des confrontations entre la Tunisie et la Namibie est insignifiante. Les deux s\u00e9lections ne se sont rencontr\u00e9es qu\u2019\u00e0 une seule reprise, c\u2019\u00e9tait le 17 novembre 2007 en amical \u00e0 Rad\u00e8s. Victoire des n\u00f4tres 2-0, buts de Alaeddine Yahia et Jem\u00e2a du temps du s\u00e9lectionneur Roger Lemerre.<\/p>\n<p>\t\t\t\t\t\t\t\t\tCe soir, \u00e7a sera la seconde confrontation entre les deux s\u00e9lections, cette fois dans un cadre diff\u00e9rent, s\u2019agissant du match du premier tour de la CAN 2023.<\/p>\n<p>La Tunisie aura pour adversaires lors de cette CAN les s\u00e9lections de la Namibie, du Mali et de l\u2019Afrique du Sud dans un Gr. E loin d\u2019\u00eatre une sin\u00e9cure.<\/p>\n<p>Talon d\u2019Achille, l\u2019animation offensive !<\/p>\n<p>Pour son entr\u00e9e en mati\u00e8re dans la comp\u00e9tition, le Onze national sera \u00e0 l\u2019\u00e9preuve d\u2019une formule qu\u2019il n\u2019a pas eu le temps suffisant de mettre \u00e0 l\u2019\u0153uvre.<\/p>\n<p>Jouer avec un seul pivot d\u00e9fensif &#8211; Skhiri en sentinelle &#8211; et deux joueurs de couloir &#8211; Ben Slimane \u00e0 droite et Rafia\u00e2 \u00e0 gauche-. Une formule qui a donn\u00e9 satisfaction en amical contre le Cap-Vert, contrairement au match Tunisie-Mauritanie o\u00f9 l\u2019association Skhiri-La\u00efdouni au milieu n\u2019a pas \u00e9t\u00e9 efficace au niveau de l\u2019animation offensive.<\/p>\n<p>L\u2019autre nouveaut\u00e9 au sein de l\u2019Equipe nationale est celle relative au positionnement de Youssef M\u2019sakni. Le capitaine de la s\u00e9lection \u00e9voluera probablement en tant que play-maker, il sera appel\u00e9 \u00e0 s\u2019investir dans l\u2019animation et dans la construction du jeu.<\/p>\n<p>Ce positionnement aura un double effet. Le premier : donner de l\u2019ampleur et de la profondeur au jeu de l\u2019\u00e9quipe, deux aspects dans lesquels p\u00e2tit la s\u00e9lection. Le second : lib\u00e9rer le couloir gauche \u00e0 Elias Achouri pour qu\u2019il puisse faire valoir sa vitesse et mettre \u00e0 profit sa technique de dribble.<\/p>\n<p>Bien entendu, tout cela n\u2019est que pure th\u00e9orie. Entendez des sch\u00e9mas qu\u2019il faudra mettre en application. Ce dispositif peut r\u00e9ussir si l\u2019\u00e9quipe d\u2019en face ne trouve pas la &#8211; ou les &#8211; solution (s) pour le contrecarrer, comme il peut \u00e9chouer si notre \u00e9quipe joue de travers ou tombe dans l\u2019approximation et la pr\u00e9cipitation.<\/p>\n<p>Ma\u00e2loul et Abdi en ballottage<\/p>\n<p>Si le quatuor de l\u2019entrejeu &#8211; Skhiri, Ben Slimane, Rafia\u00e2 et M\u2019sakni &#8211; part avec les faveurs de Kadri, le s\u00e9lectionneur aura \u00e0 trancher entre Jouini et Khenissi au poste d\u2019avant-centre pour \u00e9pauler l\u2019attaquant de couloir Achouri.<\/p>\n<p>Jouini est un joueur de station et il est plus fort dans la zone fatidique, alors que Khenissi semble \u00eatre plus \u00e0 l\u2019aise dans le jeu de transition et les appels de balle \u00e0 la limite du hors-jeu.<\/p>\n<p>En d\u00e9fense, la seule incertitude concerne le poste de lat\u00e9ral gauche. Qui aura les faveurs de Kadri entre M\u00e2aloul et Abdi ? Le premier est plus fort dans la construction et les balles arr\u00eat\u00e9es alors que le second est plus solide en phase d\u00e9fensive.<\/p>\n<p>Les autres postes de la d\u00e9fense ne devraient pas conna\u00eetre de changements. Ben Sa\u00efd gardera les cages devant la paire axiale Meriah-Talbi. Sur le couloir droit, Kechrida part titulaire.<\/p>\n<p>Que peut-on dire de la s\u00e9lection namibienne, si ce n\u2019est qu\u2019elle est modeste (115\u00e8me au classement FIFA). Elle n\u2019a \u00e0 son actif que trois qualifications \u00e0 une phase finale de la CAN, toutes sanctionn\u00e9es par une \u00e9limination d\u00e8s le premier tour. Pour les Tunisiens, c\u2019est un match \u00e0 gagner absolument.<\/p>\n<p>Formation probable<\/p>\n<p>Tunisie : Ben Sa\u00efd, Kechrida, M\u00e2aloul (Abdi), Meriah, Talbi, Skhiri, Ben Slimane, Rafi\u00e2a (Ben Romdhane), M\u2019sakni, Achouri, Jouini (Khenissi).<\/p>\n<p>Tunisie &#8211; Namibie d\u00e9marre \u00e0 18h00 et sera retransmis sur beIN Sports ar Max 1, 2, beIN Sports fr 2, Sport TV 1 et Sport Digital.<\/p>\n<p>Chahir CHAKROUN<\/p>\n","protected":false},"excerpt":{"rendered":"<p>L\u2019histoire des confrontations entre la Tunisie et la Namibie est insignifiante. Les deux s\u00e9lections ne se sont rencontr\u00e9es qu\u2019\u00e0 une seule reprise, c\u2019\u00e9tait le 17&#8230;<\/p>\n","protected":false},"author":3169,"featured_media":290081,"comment_status":"open","ping_status":"closed","sticky":false,"template":"","format":"standard","meta":{"footnotes":""},"categories":[2593],"tags":[9941,7305,7011,2608],"class_list":["post-211578","post","type-post","status-publish","format-standard","has-post-thumbnail","hentry","category-sport","tag-namibie","tag-can-2023","tag-can-20231","tag-tunisie"],"yoast_head":"<!-- This site is optimized with the Yoast SEO Premium plugin v27.5 (Yoast SEO v27.5) - https:\/\/yoast.com\/product\/yoast-seo-premium-wordpress\/ -->\n<title>CAN 2023+1 : La Tunisie entre en lice face \u00e0 la Namibie<\/title>\n<meta name=\"description\" content=\"L\u2019histoire des confrontations entre la Tunisie et la Namibie est insignifiante. Les deux s\u00e9lections ne se sont rencontr\u00e9es qu\u2019\u00e0 une seule reprise, c\u2019\u00e9tait le 17...\" \/>\n<link rel=\"canonical\" href=\"https:\/\/www.webdo.tn\/fr\/actualite\/sport\/can-2023-1-la-tunisie-entre-en-lice-face-a-la-namibie\/211578\/\" \/>\n<meta property=\"og:locale\" content=\"fr_FR\" \/>\n<meta property=\"og:type\" content=\"article\" \/>\n<meta property=\"og:title\" content=\"CAN 2023+1 : La Tunisie entre en lice face \u00e0 la Namibie\" \/>\n<meta property=\"og:description\" content=\"L\u2019histoire des confrontations entre la Tunisie et la Namibie est insignifiante. Les deux s\u00e9lections ne se sont rencontr\u00e9es qu\u2019\u00e0 une seule reprise, c\u2019\u00e9tait le 17...\" \/>\n<meta property=\"og:url\" content=\"https:\/\/www.webdo.tn\/fr\/actualite\/sport\/can-2023-1-la-tunisie-entre-en-lice-face-a-la-namibie\/211578\/\" \/>\n<meta property=\"og:site_name\" content=\"webdo\" \/>\n<meta property=\"article:publisher\" content=\"https:\/\/www.facebook.com\/webdotn\" \/>\n<meta property=\"article:published_time\" content=\"2024-01-16T10:30:00+00:00\" \/>\n<meta property=\"article:modified_time\" content=\"2025-05-20T22:33:26+00:00\" \/>\n<meta property=\"og:image\" content=\"https:\/\/www.webdo.tn\/fr\/wp-content\/uploads\/2024\/01\/ad085e0f521cb4a66e0b1917ba2f034e.jpg\" \/>\n\t<meta property=\"og:image:width\" content=\"750\" \/>\n\t<meta property=\"og:image:height\" content=\"400\" \/>\n\t<meta property=\"og:image:type\" content=\"image\/jpeg\" \/>\n<meta name=\"author\" content=\"Webdo\" \/>\n<meta name=\"twitter:card\" content=\"summary_large_image\" \/>\n<meta name=\"twitter:creator\" content=\"@webdo_tn\" \/>\n<meta name=\"twitter:site\" content=\"@webdo_tn\" \/>\n<meta name=\"twitter:label1\" content=\"\u00c9crit par\" \/>\n\t<meta name=\"twitter:data1\" content=\"Webdo\" \/>\n\t<meta name=\"twitter:label2\" content=\"Dur\u00e9e de lecture estim\u00e9e\" \/>\n\t<meta name=\"twitter:data2\" content=\"3 minutes\" \/>\n<script type=\"application\/ld+json\" class=\"yoast-schema-graph\">{\"@context\":\"https:\\\/\\\/schema.org\",\"@graph\":[{\"@type\":\"NewsArticle\",\"@id\":\"https:\\\/\\\/www.webdo.tn\\\/fr\\\/actualite\\\/sport\\\/can-2023-1-la-tunisie-entre-en-lice-face-a-la-namibie\\\/211578\\\/#article\",\"isPartOf\":{\"@id\":\"https:\\\/\\\/www.webdo.tn\\\/fr\\\/actualite\\\/sport\\\/can-2023-1-la-tunisie-entre-en-lice-face-a-la-namibie\\\/211578\\\/\"},\"author\":{\"name\":\"Webdo\",\"@id\":\"https:\\\/\\\/www.webdo.tn\\\/fr\\\/#\\\/schema\\\/person\\\/1f4e491e0907b413d61089e8eb573acc\"},\"headline\":\"CAN 2023+1 : La Tunisie entre en lice face \u00e0 la Namibie\",\"datePublished\":\"2024-01-16T10:30:00+00:00\",\"dateModified\":\"2025-05-20T22:33:26+00:00\",\"mainEntityOfPage\":{\"@id\":\"https:\\\/\\\/www.webdo.tn\\\/fr\\\/actualite\\\/sport\\\/can-2023-1-la-tunisie-entre-en-lice-face-a-la-namibie\\\/211578\\\/\"},\"wordCount\":647,\"commentCount\":0,\"publisher\":{\"@id\":\"https:\\\/\\\/www.webdo.tn\\\/fr\\\/#organization\"},\"image\":{\"@id\":\"https:\\\/\\\/www.webdo.tn\\\/fr\\\/actualite\\\/sport\\\/can-2023-1-la-tunisie-entre-en-lice-face-a-la-namibie\\\/211578\\\/#primaryimage\"},\"thumbnailUrl\":\"https:\\\/\\\/www.webdo.tn\\\/fr\\\/wp-content\\\/uploads\\\/2024\\\/01\\\/ad085e0f521cb4a66e0b1917ba2f034e.jpg\",\"keywords\":[\"'Namibie']\",\"can 2023\",\"CAN 2023+1\",\"Tunisie\"],\"articleSection\":[\"Sport\"],\"inLanguage\":\"fr-FR\"},{\"@type\":\"WebPage\",\"@id\":\"https:\\\/\\\/www.webdo.tn\\\/fr\\\/actualite\\\/sport\\\/can-2023-1-la-tunisie-entre-en-lice-face-a-la-namibie\\\/211578\\\/\",\"url\":\"https:\\\/\\\/www.webdo.tn\\\/fr\\\/actualite\\\/sport\\\/can-2023-1-la-tunisie-entre-en-lice-face-a-la-namibie\\\/211578\\\/\",\"name\":\"CAN 2023+1 : La Tunisie entre en lice face \u00e0 la Namibie\",\"isPartOf\":{\"@id\":\"https:\\\/\\\/www.webdo.tn\\\/fr\\\/#website\"},\"primaryImageOfPage\":{\"@id\":\"https:\\\/\\\/www.webdo.tn\\\/fr\\\/actualite\\\/sport\\\/can-2023-1-la-tunisie-entre-en-lice-face-a-la-namibie\\\/211578\\\/#primaryimage\"},\"image\":{\"@id\":\"https:\\\/\\\/www.webdo.tn\\\/fr\\\/actualite\\\/sport\\\/can-2023-1-la-tunisie-entre-en-lice-face-a-la-namibie\\\/211578\\\/#primaryimage\"},\"thumbnailUrl\":\"https:\\\/\\\/www.webdo.tn\\\/fr\\\/wp-content\\\/uploads\\\/2024\\\/01\\\/ad085e0f521cb4a66e0b1917ba2f034e.jpg\",\"datePublished\":\"2024-01-16T10:30:00+00:00\",\"dateModified\":\"2025-05-20T22:33:26+00:00\",\"description\":\"L\u2019histoire des confrontations entre la Tunisie et la Namibie est insignifiante. Les deux s\u00e9lections ne se sont rencontr\u00e9es qu\u2019\u00e0 une seule reprise, c\u2019\u00e9tait le 17...\",\"breadcrumb\":{\"@id\":\"https:\\\/\\\/www.webdo.tn\\\/fr\\\/actualite\\\/sport\\\/can-2023-1-la-tunisie-entre-en-lice-face-a-la-namibie\\\/211578\\\/#breadcrumb\"},\"inLanguage\":\"fr-FR\",\"potentialAction\":[{\"@type\":\"ReadAction\",\"target\":[\"https:\\\/\\\/www.webdo.tn\\\/fr\\\/actualite\\\/sport\\\/can-2023-1-la-tunisie-entre-en-lice-face-a-la-namibie\\\/211578\\\/\"]}]},{\"@type\":\"ImageObject\",\"inLanguage\":\"fr-FR\",\"@id\":\"https:\\\/\\\/www.webdo.tn\\\/fr\\\/actualite\\\/sport\\\/can-2023-1-la-tunisie-entre-en-lice-face-a-la-namibie\\\/211578\\\/#primaryimage\",\"url\":\"https:\\\/\\\/www.webdo.tn\\\/fr\\\/wp-content\\\/uploads\\\/2024\\\/01\\\/ad085e0f521cb4a66e0b1917ba2f034e.jpg\",\"contentUrl\":\"https:\\\/\\\/www.webdo.tn\\\/fr\\\/wp-content\\\/uploads\\\/2024\\\/01\\\/ad085e0f521cb4a66e0b1917ba2f034e.jpg\",\"width\":750,\"height\":400,\"caption\":\"CAN 2023+1 : La Tunisie entre en lice face \u00e0 la Namibie\"},{\"@type\":\"BreadcrumbList\",\"@id\":\"https:\\\/\\\/www.webdo.tn\\\/fr\\\/actualite\\\/sport\\\/can-2023-1-la-tunisie-entre-en-lice-face-a-la-namibie\\\/211578\\\/#breadcrumb\",\"itemListElement\":[{\"@type\":\"ListItem\",\"position\":1,\"name\":\"Accueil\",\"item\":\"https:\\\/\\\/www.webdo.tn\\\/fr\\\/\"},{\"@type\":\"ListItem\",\"position\":2,\"name\":\"CAN 2023+1 : La Tunisie entre en lice face \u00e0 la Namibie\"}]},{\"@type\":\"WebSite\",\"@id\":\"https:\\\/\\\/www.webdo.tn\\\/fr\\\/#website\",\"url\":\"https:\\\/\\\/www.webdo.tn\\\/fr\\\/\",\"name\":\"webdo\",\"description\":\"Tunisie - News en Tunisie et \u00e0 l&#039;international sur Webdo.tn\",\"publisher\":{\"@id\":\"https:\\\/\\\/www.webdo.tn\\\/fr\\\/#organization\"},\"potentialAction\":[{\"@type\":\"SearchAction\",\"target\":{\"@type\":\"EntryPoint\",\"urlTemplate\":\"https:\\\/\\\/www.webdo.tn\\\/fr\\\/?s={search_term_string}\"},\"query-input\":{\"@type\":\"PropertyValueSpecification\",\"valueRequired\":true,\"valueName\":\"search_term_string\"}}],\"inLanguage\":\"fr-FR\"},{\"@type\":\"Organization\",\"@id\":\"https:\\\/\\\/www.webdo.tn\\\/fr\\\/#organization\",\"name\":\"Webdo\",\"alternateName\":\"Webdo.tn\",\"url\":\"https:\\\/\\\/www.webdo.tn\\\/fr\\\/\",\"logo\":{\"@type\":\"ImageObject\",\"inLanguage\":\"fr-FR\",\"@id\":\"https:\\\/\\\/www.webdo.tn\\\/fr\\\/#\\\/schema\\\/logo\\\/image\\\/\",\"url\":\"https:\\\/\\\/www.webdo.tn\\\/fr\\\/wp-content\\\/uploads\\\/2025\\\/06\\\/Webdo-Tunisie_168377.jpg\",\"contentUrl\":\"https:\\\/\\\/www.webdo.tn\\\/fr\\\/wp-content\\\/uploads\\\/2025\\\/06\\\/Webdo-Tunisie_168377.jpg\",\"width\":301,\"height\":301,\"caption\":\"Webdo\"},\"image\":{\"@id\":\"https:\\\/\\\/www.webdo.tn\\\/fr\\\/#\\\/schema\\\/logo\\\/image\\\/\"},\"sameAs\":[\"https:\\\/\\\/www.facebook.com\\\/webdotn\",\"https:\\\/\\\/x.com\\\/webdo_tn\"],\"description\":\"Webdo est un m\u00e9dia num\u00e9rique tunisien fond\u00e9 en 2010, sp\u00e9cialis\u00e9 dans l\u2019actualit\u00e9 nationale et internationale, l\u2019\u00e9conomie, la soci\u00e9t\u00e9 et les analyses politiques. Le site s\u2019adresse \u00e0 un large public francophone et couvre l\u2019information tunisienne en temps r\u00e9el.\",\"email\":\"redac@webdo.tn\",\"legalName\":\"YNJ SARL\",\"foundingDate\":\"2010-09-06\",\"numberOfEmployees\":{\"@type\":\"QuantitativeValue\",\"minValue\":\"11\",\"maxValue\":\"50\"}},{\"@type\":\"Person\",\"@id\":\"https:\\\/\\\/www.webdo.tn\\\/fr\\\/#\\\/schema\\\/person\\\/1f4e491e0907b413d61089e8eb573acc\",\"name\":\"Webdo\",\"image\":{\"@type\":\"ImageObject\",\"inLanguage\":\"fr-FR\",\"@id\":\"https:\\\/\\\/secure.gravatar.com\\\/avatar\\\/de97aeec1bb80978a9dbb127e47dfc88aaacb2f3c29aac907d8d3222e3495d49?s=96&d=mm&r=g\",\"url\":\"https:\\\/\\\/secure.gravatar.com\\\/avatar\\\/de97aeec1bb80978a9dbb127e47dfc88aaacb2f3c29aac907d8d3222e3495d49?s=96&d=mm&r=g\",\"contentUrl\":\"https:\\\/\\\/secure.gravatar.com\\\/avatar\\\/de97aeec1bb80978a9dbb127e47dfc88aaacb2f3c29aac907d8d3222e3495d49?s=96&d=mm&r=g\",\"caption\":\"Webdo\"},\"url\":\"https:\\\/\\\/www.webdo.tn\\\/fr\\\/actualite\\\/author\\\/webdo\\\/\"}]}<\/script>\n<!-- \/ Yoast SEO Premium plugin. -->","yoast_head_json":{"title":"CAN 2023+1 : La Tunisie entre en lice face \u00e0 la Namibie","description":"L\u2019histoire des confrontations entre la Tunisie et la Namibie est insignifiante. Les deux s\u00e9lections ne se sont rencontr\u00e9es qu\u2019\u00e0 une seule reprise, c\u2019\u00e9tait le 17...","canonical":"https:\/\/www.webdo.tn\/fr\/actualite\/sport\/can-2023-1-la-tunisie-entre-en-lice-face-a-la-namibie\/211578\/","og_locale":"fr_FR","og_type":"article","og_title":"CAN 2023+1 : La Tunisie entre en lice face \u00e0 la Namibie","og_description":"L\u2019histoire des confrontations entre la Tunisie et la Namibie est insignifiante. Les deux s\u00e9lections ne se sont rencontr\u00e9es qu\u2019\u00e0 une seule reprise, c\u2019\u00e9tait le 17...","og_url":"https:\/\/www.webdo.tn\/fr\/actualite\/sport\/can-2023-1-la-tunisie-entre-en-lice-face-a-la-namibie\/211578\/","og_site_name":"webdo","article_publisher":"https:\/\/www.facebook.com\/webdotn","article_published_time":"2024-01-16T10:30:00+00:00","article_modified_time":"2025-05-20T22:33:26+00:00","og_image":[{"width":750,"height":400,"url":"https:\/\/www.webdo.tn\/fr\/wp-content\/uploads\/2024\/01\/ad085e0f521cb4a66e0b1917ba2f034e.jpg","type":"image\/jpeg"}],"author":"Webdo","twitter_card":"summary_large_image","twitter_creator":"@webdo_tn","twitter_site":"@webdo_tn","twitter_misc":{"\u00c9crit par":"Webdo","Dur\u00e9e de lecture estim\u00e9e":"3 minutes"},"schema":{"@context":"https:\/\/schema.org","@graph":[{"@type":"NewsArticle","@id":"https:\/\/www.webdo.tn\/fr\/actualite\/sport\/can-2023-1-la-tunisie-entre-en-lice-face-a-la-namibie\/211578\/#article","isPartOf":{"@id":"https:\/\/www.webdo.tn\/fr\/actualite\/sport\/can-2023-1-la-tunisie-entre-en-lice-face-a-la-namibie\/211578\/"},"author":{"name":"Webdo","@id":"https:\/\/www.webdo.tn\/fr\/#\/schema\/person\/1f4e491e0907b413d61089e8eb573acc"},"headline":"CAN 2023+1 : La Tunisie entre en lice face \u00e0 la Namibie","datePublished":"2024-01-16T10:30:00+00:00","dateModified":"2025-05-20T22:33:26+00:00","mainEntityOfPage":{"@id":"https:\/\/www.webdo.tn\/fr\/actualite\/sport\/can-2023-1-la-tunisie-entre-en-lice-face-a-la-namibie\/211578\/"},"wordCount":647,"commentCount":0,"publisher":{"@id":"https:\/\/www.webdo.tn\/fr\/#organization"},"image":{"@id":"https:\/\/www.webdo.tn\/fr\/actualite\/sport\/can-2023-1-la-tunisie-entre-en-lice-face-a-la-namibie\/211578\/#primaryimage"},"thumbnailUrl":"https:\/\/www.webdo.tn\/fr\/wp-content\/uploads\/2024\/01\/ad085e0f521cb4a66e0b1917ba2f034e.jpg","keywords":["'Namibie']","can 2023","CAN 2023+1","Tunisie"],"articleSection":["Sport"],"inLanguage":"fr-FR"},{"@type":"WebPage","@id":"https:\/\/www.webdo.tn\/fr\/actualite\/sport\/can-2023-1-la-tunisie-entre-en-lice-face-a-la-namibie\/211578\/","url":"https:\/\/www.webdo.tn\/fr\/actualite\/sport\/can-2023-1-la-tunisie-entre-en-lice-face-a-la-namibie\/211578\/","name":"CAN 2023+1 : La Tunisie entre en lice face \u00e0 la Namibie","isPartOf":{"@id":"https:\/\/www.webdo.tn\/fr\/#website"},"primaryImageOfPage":{"@id":"https:\/\/www.webdo.tn\/fr\/actualite\/sport\/can-2023-1-la-tunisie-entre-en-lice-face-a-la-namibie\/211578\/#primaryimage"},"image":{"@id":"https:\/\/www.webdo.tn\/fr\/actualite\/sport\/can-2023-1-la-tunisie-entre-en-lice-face-a-la-namibie\/211578\/#primaryimage"},"thumbnailUrl":"https:\/\/www.webdo.tn\/fr\/wp-content\/uploads\/2024\/01\/ad085e0f521cb4a66e0b1917ba2f034e.jpg","datePublished":"2024-01-16T10:30:00+00:00","dateModified":"2025-05-20T22:33:26+00:00","description":"L\u2019histoire des confrontations entre la Tunisie et la Namibie est insignifiante. Les deux s\u00e9lections ne se sont rencontr\u00e9es qu\u2019\u00e0 une seule reprise, c\u2019\u00e9tait le 17...","breadcrumb":{"@id":"https:\/\/www.webdo.tn\/fr\/actualite\/sport\/can-2023-1-la-tunisie-entre-en-lice-face-a-la-namibie\/211578\/#breadcrumb"},"inLanguage":"fr-FR","potentialAction":[{"@type":"ReadAction","target":["https:\/\/www.webdo.tn\/fr\/actualite\/sport\/can-2023-1-la-tunisie-entre-en-lice-face-a-la-namibie\/211578\/"]}]},{"@type":"ImageObject","inLanguage":"fr-FR","@id":"https:\/\/www.webdo.tn\/fr\/actualite\/sport\/can-2023-1-la-tunisie-entre-en-lice-face-a-la-namibie\/211578\/#primaryimage","url":"https:\/\/www.webdo.tn\/fr\/wp-content\/uploads\/2024\/01\/ad085e0f521cb4a66e0b1917ba2f034e.jpg","contentUrl":"https:\/\/www.webdo.tn\/fr\/wp-content\/uploads\/2024\/01\/ad085e0f521cb4a66e0b1917ba2f034e.jpg","width":750,"height":400,"caption":"CAN 2023+1 : La Tunisie entre en lice face \u00e0 la Namibie"},{"@type":"BreadcrumbList","@id":"https:\/\/www.webdo.tn\/fr\/actualite\/sport\/can-2023-1-la-tunisie-entre-en-lice-face-a-la-namibie\/211578\/#breadcrumb","itemListElement":[{"@type":"ListItem","position":1,"name":"Accueil","item":"https:\/\/www.webdo.tn\/fr\/"},{"@type":"ListItem","position":2,"name":"CAN 2023+1 : La Tunisie entre en lice face \u00e0 la Namibie"}]},{"@type":"WebSite","@id":"https:\/\/www.webdo.tn\/fr\/#website","url":"https:\/\/www.webdo.tn\/fr\/","name":"webdo","description":"Tunisie - News en Tunisie et \u00e0 l&#039;international sur Webdo.tn","publisher":{"@id":"https:\/\/www.webdo.tn\/fr\/#organization"},"potentialAction":[{"@type":"SearchAction","target":{"@type":"EntryPoint","urlTemplate":"https:\/\/www.webdo.tn\/fr\/?s={search_term_string}"},"query-input":{"@type":"PropertyValueSpecification","valueRequired":true,"valueName":"search_term_string"}}],"inLanguage":"fr-FR"},{"@type":"Organization","@id":"https:\/\/www.webdo.tn\/fr\/#organization","name":"Webdo","alternateName":"Webdo.tn","url":"https:\/\/www.webdo.tn\/fr\/","logo":{"@type":"ImageObject","inLanguage":"fr-FR","@id":"https:\/\/www.webdo.tn\/fr\/#\/schema\/logo\/image\/","url":"https:\/\/www.webdo.tn\/fr\/wp-content\/uploads\/2025\/06\/Webdo-Tunisie_168377.jpg","contentUrl":"https:\/\/www.webdo.tn\/fr\/wp-content\/uploads\/2025\/06\/Webdo-Tunisie_168377.jpg","width":301,"height":301,"caption":"Webdo"},"image":{"@id":"https:\/\/www.webdo.tn\/fr\/#\/schema\/logo\/image\/"},"sameAs":["https:\/\/www.facebook.com\/webdotn","https:\/\/x.com\/webdo_tn"],"description":"Webdo est un m\u00e9dia num\u00e9rique tunisien fond\u00e9 en 2010, sp\u00e9cialis\u00e9 dans l\u2019actualit\u00e9 nationale et internationale, l\u2019\u00e9conomie, la soci\u00e9t\u00e9 et les analyses politiques. Le site s\u2019adresse \u00e0 un large public francophone et couvre l\u2019information tunisienne en temps r\u00e9el.","email":"redac@webdo.tn","legalName":"YNJ SARL","foundingDate":"2010-09-06","numberOfEmployees":{"@type":"QuantitativeValue","minValue":"11","maxValue":"50"}},{"@type":"Person","@id":"https:\/\/www.webdo.tn\/fr\/#\/schema\/person\/1f4e491e0907b413d61089e8eb573acc","name":"Webdo","image":{"@type":"ImageObject","inLanguage":"fr-FR","@id":"https:\/\/secure.gravatar.com\/avatar\/de97aeec1bb80978a9dbb127e47dfc88aaacb2f3c29aac907d8d3222e3495d49?s=96&d=mm&r=g","url":"https:\/\/secure.gravatar.com\/avatar\/de97aeec1bb80978a9dbb127e47dfc88aaacb2f3c29aac907d8d3222e3495d49?s=96&d=mm&r=g","contentUrl":"https:\/\/secure.gravatar.com\/avatar\/de97aeec1bb80978a9dbb127e47dfc88aaacb2f3c29aac907d8d3222e3495d49?s=96&d=mm&r=g","caption":"Webdo"},"url":"https:\/\/www.webdo.tn\/fr\/actualite\/author\/webdo\/"}]}},"_links":{"self":[{"href":"https:\/\/www.webdo.tn\/fr\/wp-json\/wp\/v2\/posts\/211578","targetHints":{"allow":["GET"]}}],"collection":[{"href":"https:\/\/www.webdo.tn\/fr\/wp-json\/wp\/v2\/posts"}],"about":[{"href":"https:\/\/www.webdo.tn\/fr\/wp-json\/wp\/v2\/types\/post"}],"author":[{"embeddable":true,"href":"https:\/\/www.webdo.tn\/fr\/wp-json\/wp\/v2\/users\/3169"}],"replies":[{"embeddable":true,"href":"https:\/\/www.webdo.tn\/fr\/wp-json\/wp\/v2\/comments?post=211578"}],"version-history":[{"count":0,"href":"https:\/\/www.webdo.tn\/fr\/wp-json\/wp\/v2\/posts\/211578\/revisions"}],"wp:featuredmedia":[{"embeddable":true,"href":"https:\/\/www.webdo.tn\/fr\/wp-json\/wp\/v2\/media\/290081"}],"wp:attachment":[{"href":"https:\/\/www.webdo.tn\/fr\/wp-json\/wp\/v2\/media?parent=211578"}],"wp:term":[{"taxonomy":"category","embeddable":true,"href":"https:\/\/www.webdo.tn\/fr\/wp-json\/wp\/v2\/categories?post=211578"},{"taxonomy":"post_tag","embeddable":true,"href":"https:\/\/www.webdo.tn\/fr\/wp-json\/wp\/v2\/tags?post=211578"}],"curies":[{"name":"wp","href":"https:\/\/api.w.org\/{rel}","templated":true}]}}