{"id":211574,"date":"2024-01-16T09:11:00","date_gmt":"2024-01-16T09:11:00","guid":{"rendered":"https:\/\/www.webdo.tn\/fr\/blog\/tunisie-cnam-augmentation-du-plafond-annuel-des-montants-des-services-de-sante\/211574\/"},"modified":"2025-05-20T21:53:53","modified_gmt":"2025-05-20T21:53:53","slug":"tunisie-cnam-augmentation-du-plafond-annuel-des-montants-des-services-de-sante","status":"publish","type":"post","link":"https:\/\/www.webdo.tn\/fr\/actualite\/national\/tunisie-cnam-augmentation-du-plafond-annuel-des-montants-des-services-de-sante\/211574\/","title":{"rendered":"Tunisie &#8211; CNAM : Augmentation du plafond annuel des montants des services de sant\u00e9"},"content":{"rendered":"<p>Le minist\u00e8re des affaires sociales a annonc\u00e9, dans un communiqu\u00e9 publi\u00e9 lundi 15 janvier 2024, l&rsquo;augmentation du plafond annuel des montants des services de sant\u00e9 externes pris en charge dans le cadre du r\u00e9gime d&rsquo;assurance maladie.<\/p>\n<p>\t\t\t\t\t\t\t\t\tCette d\u00e9cision concerne le r\u00e9gime de remboursement des frais de soins ou le syst\u00e8me priv\u00e9 des soins et sera applicable \u00e0 partir du 1er f\u00e9vrier 2024.<\/p>\n<p>Ces augmentations sont comme suit :<\/p>\n<p>\t450 dinars pour un assur\u00e9 social sans personne \u00e0 charge au lieu de 350 dinars actuellement<br \/>\n\t675 dinars pour un assur\u00e9 social avec une personne \u00e0 charge au lieu de 375 dinars actuellement<br \/>\n\t900 dinars pour un assur\u00e9 social avec deux personnes \u00e0 charge au lieu de 450 dinars actuellement<br \/>\n\t1125 dinars pour un assur\u00e9 social avec trois personnes \u00e0 charge au lieu de 525 dinars actuellement<br \/>\n\t1350 dinars pour un assur\u00e9 social avec quatre personnes ou plus \u00e0 charge au lieu de 600 dinars actuellement<\/p>\n<p>Le communiqu\u00e9 ajoute que le plafond annuel sera ajust\u00e9 en ajoutant les montants suivants en fonction des cas:<\/p>\n<p>\t100 dinars pour chaque personne prise en charge (ascendant)<br \/>\n\t100 dinars pour chaque enfant \u00e0 charge en situation de handicap<br \/>\n\t150 dinars pour les frais de soins dentaires<br \/>\n\t150 dinars pour les frais de suivi de grossesse ou \u00e9pouses d&rsquo;assur\u00e9s sociaux<\/p>\n<p>Le minist\u00e8re des Affaires sociales a annonc\u00e9 \u00e9galement l&rsquo;augmentation des montants de prise en charge des lunettes de vue de 50 \u00e0 200 dinars, pr\u00e9cisant que les frais de prise en charge de l&rsquo;IRM et du scanner seront r\u00e9vis\u00e9s avant fin f\u00e9vrier 2024.<\/p>\n","protected":false},"excerpt":{"rendered":"<p>Le minist\u00e8re des affaires sociales a annonc\u00e9, dans un communiqu\u00e9 publi\u00e9 lundi 15 janvier 2024, l&rsquo;augmentation du plafond annuel des montants des services de san&#8230;<\/p>\n","protected":false},"author":3162,"featured_media":248237,"comment_status":"open","ping_status":"closed","sticky":false,"template":"","format":"standard","meta":{"footnotes":""},"categories":[44],"tags":[5371,4588,5445],"class_list":["post-211574","post","type-post","status-publish","format-standard","has-post-thumbnail","hentry","category-national","tag-assurance-maladie","tag-cnam","tag-remboursement"],"yoast_head":"<!-- This site is optimized with the Yoast SEO Premium plugin v27.4 (Yoast SEO v27.5) - https:\/\/yoast.com\/product\/yoast-seo-premium-wordpress\/ -->\n<title>Tunisie - CNAM : Augmentation du plafond annuel des montants des services de sant\u00e9<\/title>\n<meta name=\"description\" content=\"Le minist\u00e8re des affaires sociales a annonc\u00e9, dans un communiqu\u00e9 publi\u00e9 lundi 15 janvier 2024, l&#039;augmentation du plafond annuel des montants des services de san...\" \/>\n<link rel=\"canonical\" href=\"https:\/\/www.webdo.tn\/fr\/actualite\/national\/tunisie-cnam-augmentation-du-plafond-annuel-des-montants-des-services-de-sante\/211574\/\" \/>\n<meta property=\"og:locale\" content=\"fr_FR\" \/>\n<meta property=\"og:type\" content=\"article\" \/>\n<meta property=\"og:title\" content=\"Tunisie - CNAM : Augmentation du plafond annuel des montants des services de sant\u00e9\" \/>\n<meta property=\"og:description\" content=\"Le minist\u00e8re des affaires sociales a annonc\u00e9, dans un communiqu\u00e9 publi\u00e9 lundi 15 janvier 2024, l&#039;augmentation du plafond annuel des montants des services de san...\" \/>\n<meta property=\"og:url\" content=\"https:\/\/www.webdo.tn\/fr\/actualite\/national\/tunisie-cnam-augmentation-du-plafond-annuel-des-montants-des-services-de-sante\/211574\/\" \/>\n<meta property=\"og:site_name\" content=\"webdo\" \/>\n<meta property=\"article:publisher\" content=\"https:\/\/www.facebook.com\/webdotn\" \/>\n<meta property=\"article:published_time\" content=\"2024-01-16T09:11:00+00:00\" \/>\n<meta property=\"article:modified_time\" content=\"2025-05-20T21:53:53+00:00\" \/>\n<meta property=\"og:image\" content=\"https:\/\/www.webdo.tn\/fr\/wp-content\/uploads\/2024\/01\/2cd76e87edb7895e6c1b0e9cea512bb9.jpg\" \/>\n\t<meta property=\"og:image:width\" content=\"750\" \/>\n\t<meta property=\"og:image:height\" content=\"400\" \/>\n\t<meta property=\"og:image:type\" content=\"image\/jpeg\" \/>\n<meta name=\"author\" content=\"MC\" \/>\n<meta name=\"twitter:card\" content=\"summary_large_image\" \/>\n<meta name=\"twitter:creator\" content=\"@webdo_tn\" \/>\n<meta name=\"twitter:site\" content=\"@webdo_tn\" \/>\n<meta name=\"twitter:label1\" content=\"\u00c9crit par\" \/>\n\t<meta name=\"twitter:data1\" content=\"MC\" \/>\n\t<meta name=\"twitter:label2\" content=\"Dur\u00e9e de lecture estim\u00e9e\" \/>\n\t<meta name=\"twitter:data2\" content=\"1 minute\" \/>\n<script type=\"application\/ld+json\" class=\"yoast-schema-graph\">{\"@context\":\"https:\\\/\\\/schema.org\",\"@graph\":[{\"@type\":\"NewsArticle\",\"@id\":\"https:\\\/\\\/www.webdo.tn\\\/fr\\\/actualite\\\/national\\\/tunisie-cnam-augmentation-du-plafond-annuel-des-montants-des-services-de-sante\\\/211574\\\/#article\",\"isPartOf\":{\"@id\":\"https:\\\/\\\/www.webdo.tn\\\/fr\\\/actualite\\\/national\\\/tunisie-cnam-augmentation-du-plafond-annuel-des-montants-des-services-de-sante\\\/211574\\\/\"},\"author\":{\"name\":\"MC\",\"@id\":\"https:\\\/\\\/www.webdo.tn\\\/fr\\\/#\\\/schema\\\/person\\\/2c4929cbf5a809e3bd38617c6ce150f6\"},\"headline\":\"Tunisie &#8211; CNAM : Augmentation du plafond annuel des montants des services de sant\u00e9\",\"datePublished\":\"2024-01-16T09:11:00+00:00\",\"dateModified\":\"2025-05-20T21:53:53+00:00\",\"mainEntityOfPage\":{\"@id\":\"https:\\\/\\\/www.webdo.tn\\\/fr\\\/actualite\\\/national\\\/tunisie-cnam-augmentation-du-plafond-annuel-des-montants-des-services-de-sante\\\/211574\\\/\"},\"wordCount\":257,\"commentCount\":0,\"publisher\":{\"@id\":\"https:\\\/\\\/www.webdo.tn\\\/fr\\\/#organization\"},\"image\":{\"@id\":\"https:\\\/\\\/www.webdo.tn\\\/fr\\\/actualite\\\/national\\\/tunisie-cnam-augmentation-du-plafond-annuel-des-montants-des-services-de-sante\\\/211574\\\/#primaryimage\"},\"thumbnailUrl\":\"https:\\\/\\\/www.webdo.tn\\\/fr\\\/wp-content\\\/uploads\\\/2024\\\/01\\\/2cd76e87edb7895e6c1b0e9cea512bb9.jpg\",\"keywords\":[\"assurance maladie\",\"CNAM\",\"remboursement\"],\"articleSection\":[\"National\"],\"inLanguage\":\"fr-FR\"},{\"@type\":\"WebPage\",\"@id\":\"https:\\\/\\\/www.webdo.tn\\\/fr\\\/actualite\\\/national\\\/tunisie-cnam-augmentation-du-plafond-annuel-des-montants-des-services-de-sante\\\/211574\\\/\",\"url\":\"https:\\\/\\\/www.webdo.tn\\\/fr\\\/actualite\\\/national\\\/tunisie-cnam-augmentation-du-plafond-annuel-des-montants-des-services-de-sante\\\/211574\\\/\",\"name\":\"Tunisie - CNAM : Augmentation du plafond annuel des montants des services de sant\u00e9\",\"isPartOf\":{\"@id\":\"https:\\\/\\\/www.webdo.tn\\\/fr\\\/#website\"},\"primaryImageOfPage\":{\"@id\":\"https:\\\/\\\/www.webdo.tn\\\/fr\\\/actualite\\\/national\\\/tunisie-cnam-augmentation-du-plafond-annuel-des-montants-des-services-de-sante\\\/211574\\\/#primaryimage\"},\"image\":{\"@id\":\"https:\\\/\\\/www.webdo.tn\\\/fr\\\/actualite\\\/national\\\/tunisie-cnam-augmentation-du-plafond-annuel-des-montants-des-services-de-sante\\\/211574\\\/#primaryimage\"},\"thumbnailUrl\":\"https:\\\/\\\/www.webdo.tn\\\/fr\\\/wp-content\\\/uploads\\\/2024\\\/01\\\/2cd76e87edb7895e6c1b0e9cea512bb9.jpg\",\"datePublished\":\"2024-01-16T09:11:00+00:00\",\"dateModified\":\"2025-05-20T21:53:53+00:00\",\"description\":\"Le minist\u00e8re des affaires sociales a annonc\u00e9, dans un communiqu\u00e9 publi\u00e9 lundi 15 janvier 2024, l'augmentation du plafond annuel des montants des services de san...\",\"breadcrumb\":{\"@id\":\"https:\\\/\\\/www.webdo.tn\\\/fr\\\/actualite\\\/national\\\/tunisie-cnam-augmentation-du-plafond-annuel-des-montants-des-services-de-sante\\\/211574\\\/#breadcrumb\"},\"inLanguage\":\"fr-FR\",\"potentialAction\":[{\"@type\":\"ReadAction\",\"target\":[\"https:\\\/\\\/www.webdo.tn\\\/fr\\\/actualite\\\/national\\\/tunisie-cnam-augmentation-du-plafond-annuel-des-montants-des-services-de-sante\\\/211574\\\/\"]}]},{\"@type\":\"ImageObject\",\"inLanguage\":\"fr-FR\",\"@id\":\"https:\\\/\\\/www.webdo.tn\\\/fr\\\/actualite\\\/national\\\/tunisie-cnam-augmentation-du-plafond-annuel-des-montants-des-services-de-sante\\\/211574\\\/#primaryimage\",\"url\":\"https:\\\/\\\/www.webdo.tn\\\/fr\\\/wp-content\\\/uploads\\\/2024\\\/01\\\/2cd76e87edb7895e6c1b0e9cea512bb9.jpg\",\"contentUrl\":\"https:\\\/\\\/www.webdo.tn\\\/fr\\\/wp-content\\\/uploads\\\/2024\\\/01\\\/2cd76e87edb7895e6c1b0e9cea512bb9.jpg\",\"width\":750,\"height\":400,\"caption\":\"Tunisie - CNAM : Augmentation du plafond annuel des montants des services de sant\u00e9\"},{\"@type\":\"BreadcrumbList\",\"@id\":\"https:\\\/\\\/www.webdo.tn\\\/fr\\\/actualite\\\/national\\\/tunisie-cnam-augmentation-du-plafond-annuel-des-montants-des-services-de-sante\\\/211574\\\/#breadcrumb\",\"itemListElement\":[{\"@type\":\"ListItem\",\"position\":1,\"name\":\"Accueil\",\"item\":\"https:\\\/\\\/www.webdo.tn\\\/fr\\\/\"},{\"@type\":\"ListItem\",\"position\":2,\"name\":\"Tunisie &#8211; CNAM : Augmentation du plafond annuel des montants des services de sant\u00e9\"}]},{\"@type\":\"WebSite\",\"@id\":\"https:\\\/\\\/www.webdo.tn\\\/fr\\\/#website\",\"url\":\"https:\\\/\\\/www.webdo.tn\\\/fr\\\/\",\"name\":\"webdo\",\"description\":\"Tunisie - News en Tunisie et \u00e0 l&#039;international sur Webdo.tn\",\"publisher\":{\"@id\":\"https:\\\/\\\/www.webdo.tn\\\/fr\\\/#organization\"},\"potentialAction\":[{\"@type\":\"SearchAction\",\"target\":{\"@type\":\"EntryPoint\",\"urlTemplate\":\"https:\\\/\\\/www.webdo.tn\\\/fr\\\/?s={search_term_string}\"},\"query-input\":{\"@type\":\"PropertyValueSpecification\",\"valueRequired\":true,\"valueName\":\"search_term_string\"}}],\"inLanguage\":\"fr-FR\"},{\"@type\":\"Organization\",\"@id\":\"https:\\\/\\\/www.webdo.tn\\\/fr\\\/#organization\",\"name\":\"Webdo\",\"alternateName\":\"Webdo.tn\",\"url\":\"https:\\\/\\\/www.webdo.tn\\\/fr\\\/\",\"logo\":{\"@type\":\"ImageObject\",\"inLanguage\":\"fr-FR\",\"@id\":\"https:\\\/\\\/www.webdo.tn\\\/fr\\\/#\\\/schema\\\/logo\\\/image\\\/\",\"url\":\"https:\\\/\\\/www.webdo.tn\\\/fr\\\/wp-content\\\/uploads\\\/2025\\\/06\\\/Webdo-Tunisie_168377.jpg\",\"contentUrl\":\"https:\\\/\\\/www.webdo.tn\\\/fr\\\/wp-content\\\/uploads\\\/2025\\\/06\\\/Webdo-Tunisie_168377.jpg\",\"width\":301,\"height\":301,\"caption\":\"Webdo\"},\"image\":{\"@id\":\"https:\\\/\\\/www.webdo.tn\\\/fr\\\/#\\\/schema\\\/logo\\\/image\\\/\"},\"sameAs\":[\"https:\\\/\\\/www.facebook.com\\\/webdotn\",\"https:\\\/\\\/x.com\\\/webdo_tn\"],\"description\":\"Webdo est un m\u00e9dia num\u00e9rique tunisien fond\u00e9 en 2010, sp\u00e9cialis\u00e9 dans l\u2019actualit\u00e9 nationale et internationale, l\u2019\u00e9conomie, la soci\u00e9t\u00e9 et les analyses politiques. Le site s\u2019adresse \u00e0 un large public francophone et couvre l\u2019information tunisienne en temps r\u00e9el.\",\"email\":\"redac@webdo.tn\",\"legalName\":\"YNJ SARL\",\"foundingDate\":\"2010-09-06\",\"numberOfEmployees\":{\"@type\":\"QuantitativeValue\",\"minValue\":\"11\",\"maxValue\":\"50\"}},{\"@type\":\"Person\",\"@id\":\"https:\\\/\\\/www.webdo.tn\\\/fr\\\/#\\\/schema\\\/person\\\/2c4929cbf5a809e3bd38617c6ce150f6\",\"name\":\"MC\",\"image\":{\"@type\":\"ImageObject\",\"inLanguage\":\"fr-FR\",\"@id\":\"https:\\\/\\\/secure.gravatar.com\\\/avatar\\\/a545bbb6f84efdd5553dbbc2895e3ca8f1d12c5215e00a041c9670b54aa9b18a?s=96&d=mm&r=g\",\"url\":\"https:\\\/\\\/secure.gravatar.com\\\/avatar\\\/a545bbb6f84efdd5553dbbc2895e3ca8f1d12c5215e00a041c9670b54aa9b18a?s=96&d=mm&r=g\",\"contentUrl\":\"https:\\\/\\\/secure.gravatar.com\\\/avatar\\\/a545bbb6f84efdd5553dbbc2895e3ca8f1d12c5215e00a041c9670b54aa9b18a?s=96&d=mm&r=g\",\"caption\":\"MC\"},\"url\":\"https:\\\/\\\/www.webdo.tn\\\/fr\\\/actualite\\\/author\\\/mc\\\/\"}]}<\/script>\n<!-- \/ Yoast SEO Premium plugin. -->","yoast_head_json":{"title":"Tunisie - CNAM : Augmentation du plafond annuel des montants des services de sant\u00e9","description":"Le minist\u00e8re des affaires sociales a annonc\u00e9, dans un communiqu\u00e9 publi\u00e9 lundi 15 janvier 2024, l'augmentation du plafond annuel des montants des services de san...","canonical":"https:\/\/www.webdo.tn\/fr\/actualite\/national\/tunisie-cnam-augmentation-du-plafond-annuel-des-montants-des-services-de-sante\/211574\/","og_locale":"fr_FR","og_type":"article","og_title":"Tunisie - CNAM : Augmentation du plafond annuel des montants des services de sant\u00e9","og_description":"Le minist\u00e8re des affaires sociales a annonc\u00e9, dans un communiqu\u00e9 publi\u00e9 lundi 15 janvier 2024, l'augmentation du plafond annuel des montants des services de san...","og_url":"https:\/\/www.webdo.tn\/fr\/actualite\/national\/tunisie-cnam-augmentation-du-plafond-annuel-des-montants-des-services-de-sante\/211574\/","og_site_name":"webdo","article_publisher":"https:\/\/www.facebook.com\/webdotn","article_published_time":"2024-01-16T09:11:00+00:00","article_modified_time":"2025-05-20T21:53:53+00:00","og_image":[{"width":750,"height":400,"url":"https:\/\/www.webdo.tn\/fr\/wp-content\/uploads\/2024\/01\/2cd76e87edb7895e6c1b0e9cea512bb9.jpg","type":"image\/jpeg"}],"author":"MC","twitter_card":"summary_large_image","twitter_creator":"@webdo_tn","twitter_site":"@webdo_tn","twitter_misc":{"\u00c9crit par":"MC","Dur\u00e9e de lecture estim\u00e9e":"1 minute"},"schema":{"@context":"https:\/\/schema.org","@graph":[{"@type":"NewsArticle","@id":"https:\/\/www.webdo.tn\/fr\/actualite\/national\/tunisie-cnam-augmentation-du-plafond-annuel-des-montants-des-services-de-sante\/211574\/#article","isPartOf":{"@id":"https:\/\/www.webdo.tn\/fr\/actualite\/national\/tunisie-cnam-augmentation-du-plafond-annuel-des-montants-des-services-de-sante\/211574\/"},"author":{"name":"MC","@id":"https:\/\/www.webdo.tn\/fr\/#\/schema\/person\/2c4929cbf5a809e3bd38617c6ce150f6"},"headline":"Tunisie &#8211; CNAM : Augmentation du plafond annuel des montants des services de sant\u00e9","datePublished":"2024-01-16T09:11:00+00:00","dateModified":"2025-05-20T21:53:53+00:00","mainEntityOfPage":{"@id":"https:\/\/www.webdo.tn\/fr\/actualite\/national\/tunisie-cnam-augmentation-du-plafond-annuel-des-montants-des-services-de-sante\/211574\/"},"wordCount":257,"commentCount":0,"publisher":{"@id":"https:\/\/www.webdo.tn\/fr\/#organization"},"image":{"@id":"https:\/\/www.webdo.tn\/fr\/actualite\/national\/tunisie-cnam-augmentation-du-plafond-annuel-des-montants-des-services-de-sante\/211574\/#primaryimage"},"thumbnailUrl":"https:\/\/www.webdo.tn\/fr\/wp-content\/uploads\/2024\/01\/2cd76e87edb7895e6c1b0e9cea512bb9.jpg","keywords":["assurance maladie","CNAM","remboursement"],"articleSection":["National"],"inLanguage":"fr-FR"},{"@type":"WebPage","@id":"https:\/\/www.webdo.tn\/fr\/actualite\/national\/tunisie-cnam-augmentation-du-plafond-annuel-des-montants-des-services-de-sante\/211574\/","url":"https:\/\/www.webdo.tn\/fr\/actualite\/national\/tunisie-cnam-augmentation-du-plafond-annuel-des-montants-des-services-de-sante\/211574\/","name":"Tunisie - CNAM : Augmentation du plafond annuel des montants des services de sant\u00e9","isPartOf":{"@id":"https:\/\/www.webdo.tn\/fr\/#website"},"primaryImageOfPage":{"@id":"https:\/\/www.webdo.tn\/fr\/actualite\/national\/tunisie-cnam-augmentation-du-plafond-annuel-des-montants-des-services-de-sante\/211574\/#primaryimage"},"image":{"@id":"https:\/\/www.webdo.tn\/fr\/actualite\/national\/tunisie-cnam-augmentation-du-plafond-annuel-des-montants-des-services-de-sante\/211574\/#primaryimage"},"thumbnailUrl":"https:\/\/www.webdo.tn\/fr\/wp-content\/uploads\/2024\/01\/2cd76e87edb7895e6c1b0e9cea512bb9.jpg","datePublished":"2024-01-16T09:11:00+00:00","dateModified":"2025-05-20T21:53:53+00:00","description":"Le minist\u00e8re des affaires sociales a annonc\u00e9, dans un communiqu\u00e9 publi\u00e9 lundi 15 janvier 2024, l'augmentation du plafond annuel des montants des services de san...","breadcrumb":{"@id":"https:\/\/www.webdo.tn\/fr\/actualite\/national\/tunisie-cnam-augmentation-du-plafond-annuel-des-montants-des-services-de-sante\/211574\/#breadcrumb"},"inLanguage":"fr-FR","potentialAction":[{"@type":"ReadAction","target":["https:\/\/www.webdo.tn\/fr\/actualite\/national\/tunisie-cnam-augmentation-du-plafond-annuel-des-montants-des-services-de-sante\/211574\/"]}]},{"@type":"ImageObject","inLanguage":"fr-FR","@id":"https:\/\/www.webdo.tn\/fr\/actualite\/national\/tunisie-cnam-augmentation-du-plafond-annuel-des-montants-des-services-de-sante\/211574\/#primaryimage","url":"https:\/\/www.webdo.tn\/fr\/wp-content\/uploads\/2024\/01\/2cd76e87edb7895e6c1b0e9cea512bb9.jpg","contentUrl":"https:\/\/www.webdo.tn\/fr\/wp-content\/uploads\/2024\/01\/2cd76e87edb7895e6c1b0e9cea512bb9.jpg","width":750,"height":400,"caption":"Tunisie - CNAM : Augmentation du plafond annuel des montants des services de sant\u00e9"},{"@type":"BreadcrumbList","@id":"https:\/\/www.webdo.tn\/fr\/actualite\/national\/tunisie-cnam-augmentation-du-plafond-annuel-des-montants-des-services-de-sante\/211574\/#breadcrumb","itemListElement":[{"@type":"ListItem","position":1,"name":"Accueil","item":"https:\/\/www.webdo.tn\/fr\/"},{"@type":"ListItem","position":2,"name":"Tunisie &#8211; CNAM : Augmentation du plafond annuel des montants des services de sant\u00e9"}]},{"@type":"WebSite","@id":"https:\/\/www.webdo.tn\/fr\/#website","url":"https:\/\/www.webdo.tn\/fr\/","name":"webdo","description":"Tunisie - News en Tunisie et \u00e0 l&#039;international sur Webdo.tn","publisher":{"@id":"https:\/\/www.webdo.tn\/fr\/#organization"},"potentialAction":[{"@type":"SearchAction","target":{"@type":"EntryPoint","urlTemplate":"https:\/\/www.webdo.tn\/fr\/?s={search_term_string}"},"query-input":{"@type":"PropertyValueSpecification","valueRequired":true,"valueName":"search_term_string"}}],"inLanguage":"fr-FR"},{"@type":"Organization","@id":"https:\/\/www.webdo.tn\/fr\/#organization","name":"Webdo","alternateName":"Webdo.tn","url":"https:\/\/www.webdo.tn\/fr\/","logo":{"@type":"ImageObject","inLanguage":"fr-FR","@id":"https:\/\/www.webdo.tn\/fr\/#\/schema\/logo\/image\/","url":"https:\/\/www.webdo.tn\/fr\/wp-content\/uploads\/2025\/06\/Webdo-Tunisie_168377.jpg","contentUrl":"https:\/\/www.webdo.tn\/fr\/wp-content\/uploads\/2025\/06\/Webdo-Tunisie_168377.jpg","width":301,"height":301,"caption":"Webdo"},"image":{"@id":"https:\/\/www.webdo.tn\/fr\/#\/schema\/logo\/image\/"},"sameAs":["https:\/\/www.facebook.com\/webdotn","https:\/\/x.com\/webdo_tn"],"description":"Webdo est un m\u00e9dia num\u00e9rique tunisien fond\u00e9 en 2010, sp\u00e9cialis\u00e9 dans l\u2019actualit\u00e9 nationale et internationale, l\u2019\u00e9conomie, la soci\u00e9t\u00e9 et les analyses politiques. Le site s\u2019adresse \u00e0 un large public francophone et couvre l\u2019information tunisienne en temps r\u00e9el.","email":"redac@webdo.tn","legalName":"YNJ SARL","foundingDate":"2010-09-06","numberOfEmployees":{"@type":"QuantitativeValue","minValue":"11","maxValue":"50"}},{"@type":"Person","@id":"https:\/\/www.webdo.tn\/fr\/#\/schema\/person\/2c4929cbf5a809e3bd38617c6ce150f6","name":"MC","image":{"@type":"ImageObject","inLanguage":"fr-FR","@id":"https:\/\/secure.gravatar.com\/avatar\/a545bbb6f84efdd5553dbbc2895e3ca8f1d12c5215e00a041c9670b54aa9b18a?s=96&d=mm&r=g","url":"https:\/\/secure.gravatar.com\/avatar\/a545bbb6f84efdd5553dbbc2895e3ca8f1d12c5215e00a041c9670b54aa9b18a?s=96&d=mm&r=g","contentUrl":"https:\/\/secure.gravatar.com\/avatar\/a545bbb6f84efdd5553dbbc2895e3ca8f1d12c5215e00a041c9670b54aa9b18a?s=96&d=mm&r=g","caption":"MC"},"url":"https:\/\/www.webdo.tn\/fr\/actualite\/author\/mc\/"}]}},"_links":{"self":[{"href":"https:\/\/www.webdo.tn\/fr\/wp-json\/wp\/v2\/posts\/211574","targetHints":{"allow":["GET"]}}],"collection":[{"href":"https:\/\/www.webdo.tn\/fr\/wp-json\/wp\/v2\/posts"}],"about":[{"href":"https:\/\/www.webdo.tn\/fr\/wp-json\/wp\/v2\/types\/post"}],"author":[{"embeddable":true,"href":"https:\/\/www.webdo.tn\/fr\/wp-json\/wp\/v2\/users\/3162"}],"replies":[{"embeddable":true,"href":"https:\/\/www.webdo.tn\/fr\/wp-json\/wp\/v2\/comments?post=211574"}],"version-history":[{"count":0,"href":"https:\/\/www.webdo.tn\/fr\/wp-json\/wp\/v2\/posts\/211574\/revisions"}],"wp:featuredmedia":[{"embeddable":true,"href":"https:\/\/www.webdo.tn\/fr\/wp-json\/wp\/v2\/media\/248237"}],"wp:attachment":[{"href":"https:\/\/www.webdo.tn\/fr\/wp-json\/wp\/v2\/media?parent=211574"}],"wp:term":[{"taxonomy":"category","embeddable":true,"href":"https:\/\/www.webdo.tn\/fr\/wp-json\/wp\/v2\/categories?post=211574"},{"taxonomy":"post_tag","embeddable":true,"href":"https:\/\/www.webdo.tn\/fr\/wp-json\/wp\/v2\/tags?post=211574"}],"curies":[{"name":"wp","href":"https:\/\/api.w.org\/{rel}","templated":true}]}}