{"id":211564,"date":"2024-01-15T19:33:00","date_gmt":"2024-01-15T19:33:00","guid":{"rendered":"https:\/\/www.webdo.tn\/fr\/blog\/le-stade-chedly-zouiten-pret-a-accueillir-des-matchs-officiels\/211564\/"},"modified":"2025-05-20T22:38:18","modified_gmt":"2025-05-20T22:38:18","slug":"le-stade-chedly-zouiten-pret-a-accueillir-des-matchs-officiels","status":"publish","type":"post","link":"https:\/\/www.webdo.tn\/fr\/actualite\/sport\/le-stade-chedly-zouiten-pret-a-accueillir-des-matchs-officiels\/211564\/","title":{"rendered":"Le stade Chedly Zouiten pr\u00eat \u00e0 accueillir des matchs officiels"},"content":{"rendered":"<p>Le stade Chedly Zouiten est fin pr\u00eat pour accueillir des rencontres de football, a annonc\u00e9 ce lundi 15 janvier 2024, le minist\u00e8re de la Jeunesse et des sports.\u00a0<\/p>\n<p>Le d\u00e9partement pr\u00e9cise que cette d\u00e9cision a \u00e9t\u00e9 prise comme convenu pr\u00e9alablement entre toutes les parties intervenantes et ce, par une capacit\u00e9 d&rsquo;accueil r\u00e9duite qui se restreindra aux gradins.<\/p>\n<p>\u00ab\u00a0La commission d&rsquo;homologation des stades devrait donner, d&rsquo;ici la semaine \u00e0 venir, son accord technique pour l&rsquo;ouverture officielle du stade\u00a0\u00bb, a-t-on pr\u00e9cis\u00e9.\u00a0<\/p>\n<p>Selon le MJS, cette capacit\u00e9 sera revue \u00e0 la hausse progressivement apr\u00e8s le parach\u00e8vement des travaux en cours, au niveau des vestiaires, la sur\u00e9l\u00e9vation de la ceinture de s\u00e9curit\u00e9 des tribunes non couvertes.<\/p>\n<p>Kais Saied s\u2019\u00e9tait d\u00e9plac\u00e9, le 16 novembre dernier sur le chantier du stade olympique de\u2019El-Menzah pour \u00e9valuer l\u2019avanc\u00e9e des travaux et surtout constater l\u2019immense retard pris dans la r\u00e9novation de l\u2019ar\u00e8ne.<\/p>\n<p>Ce jour-l\u00e0, le Chef de l\u2019Etat passe un savon \u00e0 son ministre des Sports, Kamel Deguiche quant aux diff\u00e9rents d\u00e9passements relatifs au chantier du stade d\u2019El-Menzah et lui donne aussit\u00f4t un ultimatum quant \u00e0 la r\u00e9ouverture du stade Chedly Zouiten.<\/p>\n","protected":false},"excerpt":{"rendered":"<p>Le d\u00e9partement pr\u00e9cise que cette d\u00e9cision a \u00e9t\u00e9 prise comme convenu pr\u00e9alablement entre toutes les parties intervenantes et ce, par une capacit\u00e9 d&rsquo;accueil r\u00e9dui&#8230;<\/p>\n","protected":false},"author":3175,"featured_media":248233,"comment_status":"open","ping_status":"closed","sticky":false,"template":"","format":"standard","meta":{"footnotes":""},"categories":[2593],"tags":[7183,5754,2608],"class_list":["post-211564","post","type-post","status-publish","format-standard","has-post-thumbnail","hentry","category-sport","tag-chedly-zouiten","tag-stade","tag-tunisie"],"yoast_head":"<!-- This site is optimized with the Yoast SEO Premium plugin v27.4 (Yoast SEO v27.5) - https:\/\/yoast.com\/product\/yoast-seo-premium-wordpress\/ -->\n<title>Le stade Chedly Zouiten pr\u00eat \u00e0 accueillir des matchs officiels<\/title>\n<meta name=\"description\" content=\"Le d\u00e9partement pr\u00e9cise que cette d\u00e9cision a \u00e9t\u00e9 prise comme convenu pr\u00e9alablement entre toutes les parties intervenantes et ce, par une capacit\u00e9 d&#039;accueil r\u00e9dui...\" \/>\n<link rel=\"canonical\" href=\"https:\/\/www.webdo.tn\/fr\/actualite\/sport\/le-stade-chedly-zouiten-pret-a-accueillir-des-matchs-officiels\/211564\/\" \/>\n<meta property=\"og:locale\" content=\"fr_FR\" \/>\n<meta property=\"og:type\" content=\"article\" \/>\n<meta property=\"og:title\" content=\"Le stade Chedly Zouiten pr\u00eat \u00e0 accueillir des matchs officiels\" \/>\n<meta property=\"og:description\" content=\"Le d\u00e9partement pr\u00e9cise que cette d\u00e9cision a \u00e9t\u00e9 prise comme convenu pr\u00e9alablement entre toutes les parties intervenantes et ce, par une capacit\u00e9 d&#039;accueil r\u00e9dui...\" \/>\n<meta property=\"og:url\" content=\"https:\/\/www.webdo.tn\/fr\/actualite\/sport\/le-stade-chedly-zouiten-pret-a-accueillir-des-matchs-officiels\/211564\/\" \/>\n<meta property=\"og:site_name\" content=\"webdo\" \/>\n<meta property=\"article:publisher\" content=\"https:\/\/www.facebook.com\/webdotn\" \/>\n<meta property=\"article:published_time\" content=\"2024-01-15T19:33:00+00:00\" \/>\n<meta property=\"article:modified_time\" content=\"2025-05-20T22:38:18+00:00\" \/>\n<meta property=\"og:image\" content=\"https:\/\/www.webdo.tn\/fr\/wp-content\/uploads\/2024\/01\/9c1731d585be7153f7fdc5db91289bae.jpg\" \/>\n\t<meta property=\"og:image:width\" content=\"750\" \/>\n\t<meta property=\"og:image:height\" content=\"400\" \/>\n\t<meta property=\"og:image:type\" content=\"image\/jpeg\" \/>\n<meta name=\"author\" content=\"CL\" \/>\n<meta name=\"twitter:card\" content=\"summary_large_image\" \/>\n<meta name=\"twitter:creator\" content=\"@webdo_tn\" \/>\n<meta name=\"twitter:site\" content=\"@webdo_tn\" \/>\n<meta name=\"twitter:label1\" content=\"\u00c9crit par\" \/>\n\t<meta name=\"twitter:data1\" content=\"CL\" \/>\n\t<meta name=\"twitter:label2\" content=\"Dur\u00e9e de lecture estim\u00e9e\" \/>\n\t<meta name=\"twitter:data2\" content=\"1 minute\" \/>\n<script type=\"application\/ld+json\" class=\"yoast-schema-graph\">{\"@context\":\"https:\\\/\\\/schema.org\",\"@graph\":[{\"@type\":\"NewsArticle\",\"@id\":\"https:\\\/\\\/www.webdo.tn\\\/fr\\\/actualite\\\/sport\\\/le-stade-chedly-zouiten-pret-a-accueillir-des-matchs-officiels\\\/211564\\\/#article\",\"isPartOf\":{\"@id\":\"https:\\\/\\\/www.webdo.tn\\\/fr\\\/actualite\\\/sport\\\/le-stade-chedly-zouiten-pret-a-accueillir-des-matchs-officiels\\\/211564\\\/\"},\"author\":{\"name\":\"CL\",\"@id\":\"https:\\\/\\\/www.webdo.tn\\\/fr\\\/#\\\/schema\\\/person\\\/f35b42a42c5e2511bbd282959d6385cc\"},\"headline\":\"Le stade Chedly Zouiten pr\u00eat \u00e0 accueillir des matchs officiels\",\"datePublished\":\"2024-01-15T19:33:00+00:00\",\"dateModified\":\"2025-05-20T22:38:18+00:00\",\"mainEntityOfPage\":{\"@id\":\"https:\\\/\\\/www.webdo.tn\\\/fr\\\/actualite\\\/sport\\\/le-stade-chedly-zouiten-pret-a-accueillir-des-matchs-officiels\\\/211564\\\/\"},\"wordCount\":218,\"commentCount\":0,\"publisher\":{\"@id\":\"https:\\\/\\\/www.webdo.tn\\\/fr\\\/#organization\"},\"image\":{\"@id\":\"https:\\\/\\\/www.webdo.tn\\\/fr\\\/actualite\\\/sport\\\/le-stade-chedly-zouiten-pret-a-accueillir-des-matchs-officiels\\\/211564\\\/#primaryimage\"},\"thumbnailUrl\":\"https:\\\/\\\/www.webdo.tn\\\/fr\\\/wp-content\\\/uploads\\\/2024\\\/01\\\/9c1731d585be7153f7fdc5db91289bae.jpg\",\"keywords\":[\"chedly zouiten\",\"stade\",\"Tunisie\"],\"articleSection\":[\"Sport\"],\"inLanguage\":\"fr-FR\"},{\"@type\":\"WebPage\",\"@id\":\"https:\\\/\\\/www.webdo.tn\\\/fr\\\/actualite\\\/sport\\\/le-stade-chedly-zouiten-pret-a-accueillir-des-matchs-officiels\\\/211564\\\/\",\"url\":\"https:\\\/\\\/www.webdo.tn\\\/fr\\\/actualite\\\/sport\\\/le-stade-chedly-zouiten-pret-a-accueillir-des-matchs-officiels\\\/211564\\\/\",\"name\":\"Le stade Chedly Zouiten pr\u00eat \u00e0 accueillir des matchs officiels\",\"isPartOf\":{\"@id\":\"https:\\\/\\\/www.webdo.tn\\\/fr\\\/#website\"},\"primaryImageOfPage\":{\"@id\":\"https:\\\/\\\/www.webdo.tn\\\/fr\\\/actualite\\\/sport\\\/le-stade-chedly-zouiten-pret-a-accueillir-des-matchs-officiels\\\/211564\\\/#primaryimage\"},\"image\":{\"@id\":\"https:\\\/\\\/www.webdo.tn\\\/fr\\\/actualite\\\/sport\\\/le-stade-chedly-zouiten-pret-a-accueillir-des-matchs-officiels\\\/211564\\\/#primaryimage\"},\"thumbnailUrl\":\"https:\\\/\\\/www.webdo.tn\\\/fr\\\/wp-content\\\/uploads\\\/2024\\\/01\\\/9c1731d585be7153f7fdc5db91289bae.jpg\",\"datePublished\":\"2024-01-15T19:33:00+00:00\",\"dateModified\":\"2025-05-20T22:38:18+00:00\",\"description\":\"Le d\u00e9partement pr\u00e9cise que cette d\u00e9cision a \u00e9t\u00e9 prise comme convenu pr\u00e9alablement entre toutes les parties intervenantes et ce, par une capacit\u00e9 d'accueil r\u00e9dui...\",\"breadcrumb\":{\"@id\":\"https:\\\/\\\/www.webdo.tn\\\/fr\\\/actualite\\\/sport\\\/le-stade-chedly-zouiten-pret-a-accueillir-des-matchs-officiels\\\/211564\\\/#breadcrumb\"},\"inLanguage\":\"fr-FR\",\"potentialAction\":[{\"@type\":\"ReadAction\",\"target\":[\"https:\\\/\\\/www.webdo.tn\\\/fr\\\/actualite\\\/sport\\\/le-stade-chedly-zouiten-pret-a-accueillir-des-matchs-officiels\\\/211564\\\/\"]}]},{\"@type\":\"ImageObject\",\"inLanguage\":\"fr-FR\",\"@id\":\"https:\\\/\\\/www.webdo.tn\\\/fr\\\/actualite\\\/sport\\\/le-stade-chedly-zouiten-pret-a-accueillir-des-matchs-officiels\\\/211564\\\/#primaryimage\",\"url\":\"https:\\\/\\\/www.webdo.tn\\\/fr\\\/wp-content\\\/uploads\\\/2024\\\/01\\\/9c1731d585be7153f7fdc5db91289bae.jpg\",\"contentUrl\":\"https:\\\/\\\/www.webdo.tn\\\/fr\\\/wp-content\\\/uploads\\\/2024\\\/01\\\/9c1731d585be7153f7fdc5db91289bae.jpg\",\"width\":750,\"height\":400,\"caption\":\"Le stade Chedly Zouiten pr\u00eat \u00e0 accueillir des matchs officiels\"},{\"@type\":\"BreadcrumbList\",\"@id\":\"https:\\\/\\\/www.webdo.tn\\\/fr\\\/actualite\\\/sport\\\/le-stade-chedly-zouiten-pret-a-accueillir-des-matchs-officiels\\\/211564\\\/#breadcrumb\",\"itemListElement\":[{\"@type\":\"ListItem\",\"position\":1,\"name\":\"Accueil\",\"item\":\"https:\\\/\\\/www.webdo.tn\\\/fr\\\/\"},{\"@type\":\"ListItem\",\"position\":2,\"name\":\"Le stade Chedly Zouiten pr\u00eat \u00e0 accueillir des matchs officiels\"}]},{\"@type\":\"WebSite\",\"@id\":\"https:\\\/\\\/www.webdo.tn\\\/fr\\\/#website\",\"url\":\"https:\\\/\\\/www.webdo.tn\\\/fr\\\/\",\"name\":\"webdo\",\"description\":\"Tunisie - News en Tunisie et \u00e0 l&#039;international sur Webdo.tn\",\"publisher\":{\"@id\":\"https:\\\/\\\/www.webdo.tn\\\/fr\\\/#organization\"},\"potentialAction\":[{\"@type\":\"SearchAction\",\"target\":{\"@type\":\"EntryPoint\",\"urlTemplate\":\"https:\\\/\\\/www.webdo.tn\\\/fr\\\/?s={search_term_string}\"},\"query-input\":{\"@type\":\"PropertyValueSpecification\",\"valueRequired\":true,\"valueName\":\"search_term_string\"}}],\"inLanguage\":\"fr-FR\"},{\"@type\":\"Organization\",\"@id\":\"https:\\\/\\\/www.webdo.tn\\\/fr\\\/#organization\",\"name\":\"Webdo\",\"alternateName\":\"Webdo.tn\",\"url\":\"https:\\\/\\\/www.webdo.tn\\\/fr\\\/\",\"logo\":{\"@type\":\"ImageObject\",\"inLanguage\":\"fr-FR\",\"@id\":\"https:\\\/\\\/www.webdo.tn\\\/fr\\\/#\\\/schema\\\/logo\\\/image\\\/\",\"url\":\"https:\\\/\\\/www.webdo.tn\\\/fr\\\/wp-content\\\/uploads\\\/2025\\\/06\\\/Webdo-Tunisie_168377.jpg\",\"contentUrl\":\"https:\\\/\\\/www.webdo.tn\\\/fr\\\/wp-content\\\/uploads\\\/2025\\\/06\\\/Webdo-Tunisie_168377.jpg\",\"width\":301,\"height\":301,\"caption\":\"Webdo\"},\"image\":{\"@id\":\"https:\\\/\\\/www.webdo.tn\\\/fr\\\/#\\\/schema\\\/logo\\\/image\\\/\"},\"sameAs\":[\"https:\\\/\\\/www.facebook.com\\\/webdotn\",\"https:\\\/\\\/x.com\\\/webdo_tn\"],\"description\":\"Webdo est un m\u00e9dia num\u00e9rique tunisien fond\u00e9 en 2010, sp\u00e9cialis\u00e9 dans l\u2019actualit\u00e9 nationale et internationale, l\u2019\u00e9conomie, la soci\u00e9t\u00e9 et les analyses politiques. Le site s\u2019adresse \u00e0 un large public francophone et couvre l\u2019information tunisienne en temps r\u00e9el.\",\"email\":\"redac@webdo.tn\",\"legalName\":\"YNJ SARL\",\"foundingDate\":\"2010-09-06\",\"numberOfEmployees\":{\"@type\":\"QuantitativeValue\",\"minValue\":\"11\",\"maxValue\":\"50\"}},{\"@type\":\"Person\",\"@id\":\"https:\\\/\\\/www.webdo.tn\\\/fr\\\/#\\\/schema\\\/person\\\/f35b42a42c5e2511bbd282959d6385cc\",\"name\":\"CL\",\"image\":{\"@type\":\"ImageObject\",\"inLanguage\":\"fr-FR\",\"@id\":\"https:\\\/\\\/secure.gravatar.com\\\/avatar\\\/1447a49909b67aa657c488aec6512e1dd6143a480c1ecfee9b5b5cd74eb3b59e?s=96&d=mm&r=g\",\"url\":\"https:\\\/\\\/secure.gravatar.com\\\/avatar\\\/1447a49909b67aa657c488aec6512e1dd6143a480c1ecfee9b5b5cd74eb3b59e?s=96&d=mm&r=g\",\"contentUrl\":\"https:\\\/\\\/secure.gravatar.com\\\/avatar\\\/1447a49909b67aa657c488aec6512e1dd6143a480c1ecfee9b5b5cd74eb3b59e?s=96&d=mm&r=g\",\"caption\":\"CL\"},\"url\":\"https:\\\/\\\/www.webdo.tn\\\/fr\\\/actualite\\\/author\\\/cl\\\/\"}]}<\/script>\n<!-- \/ Yoast SEO Premium plugin. -->","yoast_head_json":{"title":"Le stade Chedly Zouiten pr\u00eat \u00e0 accueillir des matchs officiels","description":"Le d\u00e9partement pr\u00e9cise que cette d\u00e9cision a \u00e9t\u00e9 prise comme convenu pr\u00e9alablement entre toutes les parties intervenantes et ce, par une capacit\u00e9 d'accueil r\u00e9dui...","canonical":"https:\/\/www.webdo.tn\/fr\/actualite\/sport\/le-stade-chedly-zouiten-pret-a-accueillir-des-matchs-officiels\/211564\/","og_locale":"fr_FR","og_type":"article","og_title":"Le stade Chedly Zouiten pr\u00eat \u00e0 accueillir des matchs officiels","og_description":"Le d\u00e9partement pr\u00e9cise que cette d\u00e9cision a \u00e9t\u00e9 prise comme convenu pr\u00e9alablement entre toutes les parties intervenantes et ce, par une capacit\u00e9 d'accueil r\u00e9dui...","og_url":"https:\/\/www.webdo.tn\/fr\/actualite\/sport\/le-stade-chedly-zouiten-pret-a-accueillir-des-matchs-officiels\/211564\/","og_site_name":"webdo","article_publisher":"https:\/\/www.facebook.com\/webdotn","article_published_time":"2024-01-15T19:33:00+00:00","article_modified_time":"2025-05-20T22:38:18+00:00","og_image":[{"width":750,"height":400,"url":"https:\/\/www.webdo.tn\/fr\/wp-content\/uploads\/2024\/01\/9c1731d585be7153f7fdc5db91289bae.jpg","type":"image\/jpeg"}],"author":"CL","twitter_card":"summary_large_image","twitter_creator":"@webdo_tn","twitter_site":"@webdo_tn","twitter_misc":{"\u00c9crit par":"CL","Dur\u00e9e de lecture estim\u00e9e":"1 minute"},"schema":{"@context":"https:\/\/schema.org","@graph":[{"@type":"NewsArticle","@id":"https:\/\/www.webdo.tn\/fr\/actualite\/sport\/le-stade-chedly-zouiten-pret-a-accueillir-des-matchs-officiels\/211564\/#article","isPartOf":{"@id":"https:\/\/www.webdo.tn\/fr\/actualite\/sport\/le-stade-chedly-zouiten-pret-a-accueillir-des-matchs-officiels\/211564\/"},"author":{"name":"CL","@id":"https:\/\/www.webdo.tn\/fr\/#\/schema\/person\/f35b42a42c5e2511bbd282959d6385cc"},"headline":"Le stade Chedly Zouiten pr\u00eat \u00e0 accueillir des matchs officiels","datePublished":"2024-01-15T19:33:00+00:00","dateModified":"2025-05-20T22:38:18+00:00","mainEntityOfPage":{"@id":"https:\/\/www.webdo.tn\/fr\/actualite\/sport\/le-stade-chedly-zouiten-pret-a-accueillir-des-matchs-officiels\/211564\/"},"wordCount":218,"commentCount":0,"publisher":{"@id":"https:\/\/www.webdo.tn\/fr\/#organization"},"image":{"@id":"https:\/\/www.webdo.tn\/fr\/actualite\/sport\/le-stade-chedly-zouiten-pret-a-accueillir-des-matchs-officiels\/211564\/#primaryimage"},"thumbnailUrl":"https:\/\/www.webdo.tn\/fr\/wp-content\/uploads\/2024\/01\/9c1731d585be7153f7fdc5db91289bae.jpg","keywords":["chedly zouiten","stade","Tunisie"],"articleSection":["Sport"],"inLanguage":"fr-FR"},{"@type":"WebPage","@id":"https:\/\/www.webdo.tn\/fr\/actualite\/sport\/le-stade-chedly-zouiten-pret-a-accueillir-des-matchs-officiels\/211564\/","url":"https:\/\/www.webdo.tn\/fr\/actualite\/sport\/le-stade-chedly-zouiten-pret-a-accueillir-des-matchs-officiels\/211564\/","name":"Le stade Chedly Zouiten pr\u00eat \u00e0 accueillir des matchs officiels","isPartOf":{"@id":"https:\/\/www.webdo.tn\/fr\/#website"},"primaryImageOfPage":{"@id":"https:\/\/www.webdo.tn\/fr\/actualite\/sport\/le-stade-chedly-zouiten-pret-a-accueillir-des-matchs-officiels\/211564\/#primaryimage"},"image":{"@id":"https:\/\/www.webdo.tn\/fr\/actualite\/sport\/le-stade-chedly-zouiten-pret-a-accueillir-des-matchs-officiels\/211564\/#primaryimage"},"thumbnailUrl":"https:\/\/www.webdo.tn\/fr\/wp-content\/uploads\/2024\/01\/9c1731d585be7153f7fdc5db91289bae.jpg","datePublished":"2024-01-15T19:33:00+00:00","dateModified":"2025-05-20T22:38:18+00:00","description":"Le d\u00e9partement pr\u00e9cise que cette d\u00e9cision a \u00e9t\u00e9 prise comme convenu pr\u00e9alablement entre toutes les parties intervenantes et ce, par une capacit\u00e9 d'accueil r\u00e9dui...","breadcrumb":{"@id":"https:\/\/www.webdo.tn\/fr\/actualite\/sport\/le-stade-chedly-zouiten-pret-a-accueillir-des-matchs-officiels\/211564\/#breadcrumb"},"inLanguage":"fr-FR","potentialAction":[{"@type":"ReadAction","target":["https:\/\/www.webdo.tn\/fr\/actualite\/sport\/le-stade-chedly-zouiten-pret-a-accueillir-des-matchs-officiels\/211564\/"]}]},{"@type":"ImageObject","inLanguage":"fr-FR","@id":"https:\/\/www.webdo.tn\/fr\/actualite\/sport\/le-stade-chedly-zouiten-pret-a-accueillir-des-matchs-officiels\/211564\/#primaryimage","url":"https:\/\/www.webdo.tn\/fr\/wp-content\/uploads\/2024\/01\/9c1731d585be7153f7fdc5db91289bae.jpg","contentUrl":"https:\/\/www.webdo.tn\/fr\/wp-content\/uploads\/2024\/01\/9c1731d585be7153f7fdc5db91289bae.jpg","width":750,"height":400,"caption":"Le stade Chedly Zouiten pr\u00eat \u00e0 accueillir des matchs officiels"},{"@type":"BreadcrumbList","@id":"https:\/\/www.webdo.tn\/fr\/actualite\/sport\/le-stade-chedly-zouiten-pret-a-accueillir-des-matchs-officiels\/211564\/#breadcrumb","itemListElement":[{"@type":"ListItem","position":1,"name":"Accueil","item":"https:\/\/www.webdo.tn\/fr\/"},{"@type":"ListItem","position":2,"name":"Le stade Chedly Zouiten pr\u00eat \u00e0 accueillir des matchs officiels"}]},{"@type":"WebSite","@id":"https:\/\/www.webdo.tn\/fr\/#website","url":"https:\/\/www.webdo.tn\/fr\/","name":"webdo","description":"Tunisie - News en Tunisie et \u00e0 l&#039;international sur Webdo.tn","publisher":{"@id":"https:\/\/www.webdo.tn\/fr\/#organization"},"potentialAction":[{"@type":"SearchAction","target":{"@type":"EntryPoint","urlTemplate":"https:\/\/www.webdo.tn\/fr\/?s={search_term_string}"},"query-input":{"@type":"PropertyValueSpecification","valueRequired":true,"valueName":"search_term_string"}}],"inLanguage":"fr-FR"},{"@type":"Organization","@id":"https:\/\/www.webdo.tn\/fr\/#organization","name":"Webdo","alternateName":"Webdo.tn","url":"https:\/\/www.webdo.tn\/fr\/","logo":{"@type":"ImageObject","inLanguage":"fr-FR","@id":"https:\/\/www.webdo.tn\/fr\/#\/schema\/logo\/image\/","url":"https:\/\/www.webdo.tn\/fr\/wp-content\/uploads\/2025\/06\/Webdo-Tunisie_168377.jpg","contentUrl":"https:\/\/www.webdo.tn\/fr\/wp-content\/uploads\/2025\/06\/Webdo-Tunisie_168377.jpg","width":301,"height":301,"caption":"Webdo"},"image":{"@id":"https:\/\/www.webdo.tn\/fr\/#\/schema\/logo\/image\/"},"sameAs":["https:\/\/www.facebook.com\/webdotn","https:\/\/x.com\/webdo_tn"],"description":"Webdo est un m\u00e9dia num\u00e9rique tunisien fond\u00e9 en 2010, sp\u00e9cialis\u00e9 dans l\u2019actualit\u00e9 nationale et internationale, l\u2019\u00e9conomie, la soci\u00e9t\u00e9 et les analyses politiques. Le site s\u2019adresse \u00e0 un large public francophone et couvre l\u2019information tunisienne en temps r\u00e9el.","email":"redac@webdo.tn","legalName":"YNJ SARL","foundingDate":"2010-09-06","numberOfEmployees":{"@type":"QuantitativeValue","minValue":"11","maxValue":"50"}},{"@type":"Person","@id":"https:\/\/www.webdo.tn\/fr\/#\/schema\/person\/f35b42a42c5e2511bbd282959d6385cc","name":"CL","image":{"@type":"ImageObject","inLanguage":"fr-FR","@id":"https:\/\/secure.gravatar.com\/avatar\/1447a49909b67aa657c488aec6512e1dd6143a480c1ecfee9b5b5cd74eb3b59e?s=96&d=mm&r=g","url":"https:\/\/secure.gravatar.com\/avatar\/1447a49909b67aa657c488aec6512e1dd6143a480c1ecfee9b5b5cd74eb3b59e?s=96&d=mm&r=g","contentUrl":"https:\/\/secure.gravatar.com\/avatar\/1447a49909b67aa657c488aec6512e1dd6143a480c1ecfee9b5b5cd74eb3b59e?s=96&d=mm&r=g","caption":"CL"},"url":"https:\/\/www.webdo.tn\/fr\/actualite\/author\/cl\/"}]}},"_links":{"self":[{"href":"https:\/\/www.webdo.tn\/fr\/wp-json\/wp\/v2\/posts\/211564","targetHints":{"allow":["GET"]}}],"collection":[{"href":"https:\/\/www.webdo.tn\/fr\/wp-json\/wp\/v2\/posts"}],"about":[{"href":"https:\/\/www.webdo.tn\/fr\/wp-json\/wp\/v2\/types\/post"}],"author":[{"embeddable":true,"href":"https:\/\/www.webdo.tn\/fr\/wp-json\/wp\/v2\/users\/3175"}],"replies":[{"embeddable":true,"href":"https:\/\/www.webdo.tn\/fr\/wp-json\/wp\/v2\/comments?post=211564"}],"version-history":[{"count":0,"href":"https:\/\/www.webdo.tn\/fr\/wp-json\/wp\/v2\/posts\/211564\/revisions"}],"wp:featuredmedia":[{"embeddable":true,"href":"https:\/\/www.webdo.tn\/fr\/wp-json\/wp\/v2\/media\/248233"}],"wp:attachment":[{"href":"https:\/\/www.webdo.tn\/fr\/wp-json\/wp\/v2\/media?parent=211564"}],"wp:term":[{"taxonomy":"category","embeddable":true,"href":"https:\/\/www.webdo.tn\/fr\/wp-json\/wp\/v2\/categories?post=211564"},{"taxonomy":"post_tag","embeddable":true,"href":"https:\/\/www.webdo.tn\/fr\/wp-json\/wp\/v2\/tags?post=211564"}],"curies":[{"name":"wp","href":"https:\/\/api.w.org\/{rel}","templated":true}]}}