{"id":211555,"date":"2024-01-15T14:23:00","date_gmt":"2024-01-15T14:23:00","guid":{"rendered":"https:\/\/www.webdo.tn\/fr\/blog\/arp-pleniere-consacree-au-projet-de-loi-amendant-le-decret-loi-sur-la-reconciliation-penale\/211555\/"},"modified":"2025-05-20T21:53:52","modified_gmt":"2025-05-20T21:53:52","slug":"arp-pleniere-consacree-au-projet-de-loi-amendant-le-decret-loi-sur-la-reconciliation-penale","status":"publish","type":"post","link":"https:\/\/www.webdo.tn\/fr\/actualite\/national\/arp-pleniere-consacree-au-projet-de-loi-amendant-le-decret-loi-sur-la-reconciliation-penale\/211555\/","title":{"rendered":"ARP : Pl\u00e9ni\u00e8re consacr\u00e9e au projet de loi amendant le d\u00e9cret-loi sur la r\u00e9conciliation p\u00e9nale"},"content":{"rendered":"<p>L&rsquo;Assembl\u00e9e des repr\u00e9sentants du peuple (ARP), tiendra, mardi 16 et mercredi 17 janvier 2024, une s\u00e9ance pl\u00e9ni\u00e8re consacr\u00e9e \u00e0 l&rsquo;examen de trois projets de loi.<\/p>\n<p>\t\t\t\t\t\t\t\t\tLe Parlement, indique dans un communiqu\u00e9, que trois projets de loi seront examin\u00e9s dont le projet de loi organique portant approbation d&rsquo;un accord d&rsquo;extradition de prisonniers entre la Tunisie et l&rsquo;Alg\u00e9rie.<\/p>\n<p>L\u2019examen du projet de loi amendant le d\u00e9cret-loi n\u00b013 portant sur la r\u00e9conciliation p\u00e9nale et l&rsquo;affectation de ses revenus sera \u00e9galement au menu de ces deux pl\u00e9ni\u00e8res sachant que la Commission de l\u00e9gislation g\u00e9n\u00e9rale a adopt\u00e9, le 8 janvier dernier, le projet de loi amendant le d\u00e9cret-loi sur la r\u00e9conciliation p\u00e9nale et l&rsquo;affectation de ses revenus.<\/p>\n<p>Le Parlement examinera, mercredi, en pl\u00e9ni\u00e8re le projet de loi portant approbation d&rsquo;\u00e9change de m\u00e9morandums sur l&rsquo;amendement du protocole d&rsquo;accord conclu, le 25 novembre 2011, entre le gouvernement tunisien et le gouvernement italien, pour l&rsquo;octroi d&rsquo;une ligne de cr\u00e9dit aux petites et moyennes entreprises.<\/p>\n","protected":false},"excerpt":{"rendered":"<p>Trois projets de loi seront examin\u00e9s, mardi et mercredi par l&rsquo;ARP.<\/p>\n","protected":false},"author":3162,"featured_media":248228,"comment_status":"open","ping_status":"closed","sticky":false,"template":"","format":"standard","meta":{"footnotes":""},"categories":[44],"tags":[2813,3432,7181],"class_list":["post-211555","post","type-post","status-publish","format-standard","has-post-thumbnail","hentry","category-national","tag-arp","tag-projet-de-loi","tag-reconciliation-penale"],"yoast_head":"<!-- This site is optimized with the Yoast SEO Premium plugin v27.4 (Yoast SEO v27.5) - https:\/\/yoast.com\/product\/yoast-seo-premium-wordpress\/ -->\n<title>ARP : Pl\u00e9ni\u00e8re consacr\u00e9e au projet de loi amendant le d\u00e9cret-loi sur la r\u00e9conciliation p\u00e9nale<\/title>\n<meta name=\"description\" content=\"Trois projets de loi seront examin\u00e9s, mardi et mercredi par l&#039;ARP.\" \/>\n<link rel=\"canonical\" href=\"https:\/\/www.webdo.tn\/fr\/actualite\/national\/arp-pleniere-consacree-au-projet-de-loi-amendant-le-decret-loi-sur-la-reconciliation-penale\/211555\/\" \/>\n<meta property=\"og:locale\" content=\"fr_FR\" \/>\n<meta property=\"og:type\" content=\"article\" \/>\n<meta property=\"og:title\" content=\"ARP : Pl\u00e9ni\u00e8re consacr\u00e9e au projet de loi amendant le d\u00e9cret-loi sur la r\u00e9conciliation p\u00e9nale\" \/>\n<meta property=\"og:description\" content=\"Trois projets de loi seront examin\u00e9s, mardi et mercredi par l&#039;ARP.\" \/>\n<meta property=\"og:url\" content=\"https:\/\/www.webdo.tn\/fr\/actualite\/national\/arp-pleniere-consacree-au-projet-de-loi-amendant-le-decret-loi-sur-la-reconciliation-penale\/211555\/\" \/>\n<meta property=\"og:site_name\" content=\"webdo\" \/>\n<meta property=\"article:publisher\" content=\"https:\/\/www.facebook.com\/webdotn\" \/>\n<meta property=\"article:published_time\" content=\"2024-01-15T14:23:00+00:00\" \/>\n<meta property=\"article:modified_time\" content=\"2025-05-20T21:53:52+00:00\" \/>\n<meta property=\"og:image\" content=\"https:\/\/www.webdo.tn\/fr\/wp-content\/uploads\/2024\/01\/ffd443683d84667ea24715a846db0712.jpg\" \/>\n\t<meta property=\"og:image:width\" content=\"750\" \/>\n\t<meta property=\"og:image:height\" content=\"400\" \/>\n\t<meta property=\"og:image:type\" content=\"image\/jpeg\" \/>\n<meta name=\"author\" content=\"MC\" \/>\n<meta name=\"twitter:card\" content=\"summary_large_image\" \/>\n<meta name=\"twitter:creator\" content=\"@webdo_tn\" \/>\n<meta name=\"twitter:site\" content=\"@webdo_tn\" \/>\n<meta name=\"twitter:label1\" content=\"\u00c9crit par\" \/>\n\t<meta name=\"twitter:data1\" content=\"MC\" \/>\n\t<meta name=\"twitter:label2\" content=\"Dur\u00e9e de lecture estim\u00e9e\" \/>\n\t<meta name=\"twitter:data2\" content=\"1 minute\" \/>\n<script type=\"application\/ld+json\" class=\"yoast-schema-graph\">{\"@context\":\"https:\\\/\\\/schema.org\",\"@graph\":[{\"@type\":\"NewsArticle\",\"@id\":\"https:\\\/\\\/www.webdo.tn\\\/fr\\\/actualite\\\/national\\\/arp-pleniere-consacree-au-projet-de-loi-amendant-le-decret-loi-sur-la-reconciliation-penale\\\/211555\\\/#article\",\"isPartOf\":{\"@id\":\"https:\\\/\\\/www.webdo.tn\\\/fr\\\/actualite\\\/national\\\/arp-pleniere-consacree-au-projet-de-loi-amendant-le-decret-loi-sur-la-reconciliation-penale\\\/211555\\\/\"},\"author\":{\"name\":\"MC\",\"@id\":\"https:\\\/\\\/www.webdo.tn\\\/fr\\\/#\\\/schema\\\/person\\\/2c4929cbf5a809e3bd38617c6ce150f6\"},\"headline\":\"ARP : Pl\u00e9ni\u00e8re consacr\u00e9e au projet de loi amendant le d\u00e9cret-loi sur la r\u00e9conciliation p\u00e9nale\",\"datePublished\":\"2024-01-15T14:23:00+00:00\",\"dateModified\":\"2025-05-20T21:53:52+00:00\",\"mainEntityOfPage\":{\"@id\":\"https:\\\/\\\/www.webdo.tn\\\/fr\\\/actualite\\\/national\\\/arp-pleniere-consacree-au-projet-de-loi-amendant-le-decret-loi-sur-la-reconciliation-penale\\\/211555\\\/\"},\"wordCount\":205,\"commentCount\":0,\"publisher\":{\"@id\":\"https:\\\/\\\/www.webdo.tn\\\/fr\\\/#organization\"},\"image\":{\"@id\":\"https:\\\/\\\/www.webdo.tn\\\/fr\\\/actualite\\\/national\\\/arp-pleniere-consacree-au-projet-de-loi-amendant-le-decret-loi-sur-la-reconciliation-penale\\\/211555\\\/#primaryimage\"},\"thumbnailUrl\":\"https:\\\/\\\/www.webdo.tn\\\/fr\\\/wp-content\\\/uploads\\\/2024\\\/01\\\/ffd443683d84667ea24715a846db0712.jpg\",\"keywords\":[\"ARP\",\"projet de loi\",\"r\u00e9conciliation p\u00e9nale\"],\"articleSection\":[\"National\"],\"inLanguage\":\"fr-FR\"},{\"@type\":\"WebPage\",\"@id\":\"https:\\\/\\\/www.webdo.tn\\\/fr\\\/actualite\\\/national\\\/arp-pleniere-consacree-au-projet-de-loi-amendant-le-decret-loi-sur-la-reconciliation-penale\\\/211555\\\/\",\"url\":\"https:\\\/\\\/www.webdo.tn\\\/fr\\\/actualite\\\/national\\\/arp-pleniere-consacree-au-projet-de-loi-amendant-le-decret-loi-sur-la-reconciliation-penale\\\/211555\\\/\",\"name\":\"ARP : Pl\u00e9ni\u00e8re consacr\u00e9e au projet de loi amendant le d\u00e9cret-loi sur la r\u00e9conciliation p\u00e9nale\",\"isPartOf\":{\"@id\":\"https:\\\/\\\/www.webdo.tn\\\/fr\\\/#website\"},\"primaryImageOfPage\":{\"@id\":\"https:\\\/\\\/www.webdo.tn\\\/fr\\\/actualite\\\/national\\\/arp-pleniere-consacree-au-projet-de-loi-amendant-le-decret-loi-sur-la-reconciliation-penale\\\/211555\\\/#primaryimage\"},\"image\":{\"@id\":\"https:\\\/\\\/www.webdo.tn\\\/fr\\\/actualite\\\/national\\\/arp-pleniere-consacree-au-projet-de-loi-amendant-le-decret-loi-sur-la-reconciliation-penale\\\/211555\\\/#primaryimage\"},\"thumbnailUrl\":\"https:\\\/\\\/www.webdo.tn\\\/fr\\\/wp-content\\\/uploads\\\/2024\\\/01\\\/ffd443683d84667ea24715a846db0712.jpg\",\"datePublished\":\"2024-01-15T14:23:00+00:00\",\"dateModified\":\"2025-05-20T21:53:52+00:00\",\"description\":\"Trois projets de loi seront examin\u00e9s, mardi et mercredi par l'ARP.\",\"breadcrumb\":{\"@id\":\"https:\\\/\\\/www.webdo.tn\\\/fr\\\/actualite\\\/national\\\/arp-pleniere-consacree-au-projet-de-loi-amendant-le-decret-loi-sur-la-reconciliation-penale\\\/211555\\\/#breadcrumb\"},\"inLanguage\":\"fr-FR\",\"potentialAction\":[{\"@type\":\"ReadAction\",\"target\":[\"https:\\\/\\\/www.webdo.tn\\\/fr\\\/actualite\\\/national\\\/arp-pleniere-consacree-au-projet-de-loi-amendant-le-decret-loi-sur-la-reconciliation-penale\\\/211555\\\/\"]}]},{\"@type\":\"ImageObject\",\"inLanguage\":\"fr-FR\",\"@id\":\"https:\\\/\\\/www.webdo.tn\\\/fr\\\/actualite\\\/national\\\/arp-pleniere-consacree-au-projet-de-loi-amendant-le-decret-loi-sur-la-reconciliation-penale\\\/211555\\\/#primaryimage\",\"url\":\"https:\\\/\\\/www.webdo.tn\\\/fr\\\/wp-content\\\/uploads\\\/2024\\\/01\\\/ffd443683d84667ea24715a846db0712.jpg\",\"contentUrl\":\"https:\\\/\\\/www.webdo.tn\\\/fr\\\/wp-content\\\/uploads\\\/2024\\\/01\\\/ffd443683d84667ea24715a846db0712.jpg\",\"width\":750,\"height\":400,\"caption\":\"ARP : Pl\u00e9ni\u00e8re consacr\u00e9e au projet de loi amendant le d\u00e9cret-loi sur la r\u00e9conciliation p\u00e9nale\"},{\"@type\":\"BreadcrumbList\",\"@id\":\"https:\\\/\\\/www.webdo.tn\\\/fr\\\/actualite\\\/national\\\/arp-pleniere-consacree-au-projet-de-loi-amendant-le-decret-loi-sur-la-reconciliation-penale\\\/211555\\\/#breadcrumb\",\"itemListElement\":[{\"@type\":\"ListItem\",\"position\":1,\"name\":\"Accueil\",\"item\":\"https:\\\/\\\/www.webdo.tn\\\/fr\\\/\"},{\"@type\":\"ListItem\",\"position\":2,\"name\":\"ARP : Pl\u00e9ni\u00e8re consacr\u00e9e au projet de loi amendant le d\u00e9cret-loi sur la r\u00e9conciliation p\u00e9nale\"}]},{\"@type\":\"WebSite\",\"@id\":\"https:\\\/\\\/www.webdo.tn\\\/fr\\\/#website\",\"url\":\"https:\\\/\\\/www.webdo.tn\\\/fr\\\/\",\"name\":\"webdo\",\"description\":\"Tunisie - News en Tunisie et \u00e0 l&#039;international sur Webdo.tn\",\"publisher\":{\"@id\":\"https:\\\/\\\/www.webdo.tn\\\/fr\\\/#organization\"},\"potentialAction\":[{\"@type\":\"SearchAction\",\"target\":{\"@type\":\"EntryPoint\",\"urlTemplate\":\"https:\\\/\\\/www.webdo.tn\\\/fr\\\/?s={search_term_string}\"},\"query-input\":{\"@type\":\"PropertyValueSpecification\",\"valueRequired\":true,\"valueName\":\"search_term_string\"}}],\"inLanguage\":\"fr-FR\"},{\"@type\":\"Organization\",\"@id\":\"https:\\\/\\\/www.webdo.tn\\\/fr\\\/#organization\",\"name\":\"Webdo\",\"alternateName\":\"Webdo.tn\",\"url\":\"https:\\\/\\\/www.webdo.tn\\\/fr\\\/\",\"logo\":{\"@type\":\"ImageObject\",\"inLanguage\":\"fr-FR\",\"@id\":\"https:\\\/\\\/www.webdo.tn\\\/fr\\\/#\\\/schema\\\/logo\\\/image\\\/\",\"url\":\"https:\\\/\\\/www.webdo.tn\\\/fr\\\/wp-content\\\/uploads\\\/2025\\\/06\\\/Webdo-Tunisie_168377.jpg\",\"contentUrl\":\"https:\\\/\\\/www.webdo.tn\\\/fr\\\/wp-content\\\/uploads\\\/2025\\\/06\\\/Webdo-Tunisie_168377.jpg\",\"width\":301,\"height\":301,\"caption\":\"Webdo\"},\"image\":{\"@id\":\"https:\\\/\\\/www.webdo.tn\\\/fr\\\/#\\\/schema\\\/logo\\\/image\\\/\"},\"sameAs\":[\"https:\\\/\\\/www.facebook.com\\\/webdotn\",\"https:\\\/\\\/x.com\\\/webdo_tn\"],\"description\":\"Webdo est un m\u00e9dia num\u00e9rique tunisien fond\u00e9 en 2010, sp\u00e9cialis\u00e9 dans l\u2019actualit\u00e9 nationale et internationale, l\u2019\u00e9conomie, la soci\u00e9t\u00e9 et les analyses politiques. Le site s\u2019adresse \u00e0 un large public francophone et couvre l\u2019information tunisienne en temps r\u00e9el.\",\"email\":\"redac@webdo.tn\",\"legalName\":\"YNJ SARL\",\"foundingDate\":\"2010-09-06\",\"numberOfEmployees\":{\"@type\":\"QuantitativeValue\",\"minValue\":\"11\",\"maxValue\":\"50\"}},{\"@type\":\"Person\",\"@id\":\"https:\\\/\\\/www.webdo.tn\\\/fr\\\/#\\\/schema\\\/person\\\/2c4929cbf5a809e3bd38617c6ce150f6\",\"name\":\"MC\",\"image\":{\"@type\":\"ImageObject\",\"inLanguage\":\"fr-FR\",\"@id\":\"https:\\\/\\\/secure.gravatar.com\\\/avatar\\\/a545bbb6f84efdd5553dbbc2895e3ca8f1d12c5215e00a041c9670b54aa9b18a?s=96&d=mm&r=g\",\"url\":\"https:\\\/\\\/secure.gravatar.com\\\/avatar\\\/a545bbb6f84efdd5553dbbc2895e3ca8f1d12c5215e00a041c9670b54aa9b18a?s=96&d=mm&r=g\",\"contentUrl\":\"https:\\\/\\\/secure.gravatar.com\\\/avatar\\\/a545bbb6f84efdd5553dbbc2895e3ca8f1d12c5215e00a041c9670b54aa9b18a?s=96&d=mm&r=g\",\"caption\":\"MC\"},\"url\":\"https:\\\/\\\/www.webdo.tn\\\/fr\\\/actualite\\\/author\\\/mc\\\/\"}]}<\/script>\n<!-- \/ Yoast SEO Premium plugin. -->","yoast_head_json":{"title":"ARP : Pl\u00e9ni\u00e8re consacr\u00e9e au projet de loi amendant le d\u00e9cret-loi sur la r\u00e9conciliation p\u00e9nale","description":"Trois projets de loi seront examin\u00e9s, mardi et mercredi par l'ARP.","canonical":"https:\/\/www.webdo.tn\/fr\/actualite\/national\/arp-pleniere-consacree-au-projet-de-loi-amendant-le-decret-loi-sur-la-reconciliation-penale\/211555\/","og_locale":"fr_FR","og_type":"article","og_title":"ARP : Pl\u00e9ni\u00e8re consacr\u00e9e au projet de loi amendant le d\u00e9cret-loi sur la r\u00e9conciliation p\u00e9nale","og_description":"Trois projets de loi seront examin\u00e9s, mardi et mercredi par l'ARP.","og_url":"https:\/\/www.webdo.tn\/fr\/actualite\/national\/arp-pleniere-consacree-au-projet-de-loi-amendant-le-decret-loi-sur-la-reconciliation-penale\/211555\/","og_site_name":"webdo","article_publisher":"https:\/\/www.facebook.com\/webdotn","article_published_time":"2024-01-15T14:23:00+00:00","article_modified_time":"2025-05-20T21:53:52+00:00","og_image":[{"width":750,"height":400,"url":"https:\/\/www.webdo.tn\/fr\/wp-content\/uploads\/2024\/01\/ffd443683d84667ea24715a846db0712.jpg","type":"image\/jpeg"}],"author":"MC","twitter_card":"summary_large_image","twitter_creator":"@webdo_tn","twitter_site":"@webdo_tn","twitter_misc":{"\u00c9crit par":"MC","Dur\u00e9e de lecture estim\u00e9e":"1 minute"},"schema":{"@context":"https:\/\/schema.org","@graph":[{"@type":"NewsArticle","@id":"https:\/\/www.webdo.tn\/fr\/actualite\/national\/arp-pleniere-consacree-au-projet-de-loi-amendant-le-decret-loi-sur-la-reconciliation-penale\/211555\/#article","isPartOf":{"@id":"https:\/\/www.webdo.tn\/fr\/actualite\/national\/arp-pleniere-consacree-au-projet-de-loi-amendant-le-decret-loi-sur-la-reconciliation-penale\/211555\/"},"author":{"name":"MC","@id":"https:\/\/www.webdo.tn\/fr\/#\/schema\/person\/2c4929cbf5a809e3bd38617c6ce150f6"},"headline":"ARP : Pl\u00e9ni\u00e8re consacr\u00e9e au projet de loi amendant le d\u00e9cret-loi sur la r\u00e9conciliation p\u00e9nale","datePublished":"2024-01-15T14:23:00+00:00","dateModified":"2025-05-20T21:53:52+00:00","mainEntityOfPage":{"@id":"https:\/\/www.webdo.tn\/fr\/actualite\/national\/arp-pleniere-consacree-au-projet-de-loi-amendant-le-decret-loi-sur-la-reconciliation-penale\/211555\/"},"wordCount":205,"commentCount":0,"publisher":{"@id":"https:\/\/www.webdo.tn\/fr\/#organization"},"image":{"@id":"https:\/\/www.webdo.tn\/fr\/actualite\/national\/arp-pleniere-consacree-au-projet-de-loi-amendant-le-decret-loi-sur-la-reconciliation-penale\/211555\/#primaryimage"},"thumbnailUrl":"https:\/\/www.webdo.tn\/fr\/wp-content\/uploads\/2024\/01\/ffd443683d84667ea24715a846db0712.jpg","keywords":["ARP","projet de loi","r\u00e9conciliation p\u00e9nale"],"articleSection":["National"],"inLanguage":"fr-FR"},{"@type":"WebPage","@id":"https:\/\/www.webdo.tn\/fr\/actualite\/national\/arp-pleniere-consacree-au-projet-de-loi-amendant-le-decret-loi-sur-la-reconciliation-penale\/211555\/","url":"https:\/\/www.webdo.tn\/fr\/actualite\/national\/arp-pleniere-consacree-au-projet-de-loi-amendant-le-decret-loi-sur-la-reconciliation-penale\/211555\/","name":"ARP : Pl\u00e9ni\u00e8re consacr\u00e9e au projet de loi amendant le d\u00e9cret-loi sur la r\u00e9conciliation p\u00e9nale","isPartOf":{"@id":"https:\/\/www.webdo.tn\/fr\/#website"},"primaryImageOfPage":{"@id":"https:\/\/www.webdo.tn\/fr\/actualite\/national\/arp-pleniere-consacree-au-projet-de-loi-amendant-le-decret-loi-sur-la-reconciliation-penale\/211555\/#primaryimage"},"image":{"@id":"https:\/\/www.webdo.tn\/fr\/actualite\/national\/arp-pleniere-consacree-au-projet-de-loi-amendant-le-decret-loi-sur-la-reconciliation-penale\/211555\/#primaryimage"},"thumbnailUrl":"https:\/\/www.webdo.tn\/fr\/wp-content\/uploads\/2024\/01\/ffd443683d84667ea24715a846db0712.jpg","datePublished":"2024-01-15T14:23:00+00:00","dateModified":"2025-05-20T21:53:52+00:00","description":"Trois projets de loi seront examin\u00e9s, mardi et mercredi par l'ARP.","breadcrumb":{"@id":"https:\/\/www.webdo.tn\/fr\/actualite\/national\/arp-pleniere-consacree-au-projet-de-loi-amendant-le-decret-loi-sur-la-reconciliation-penale\/211555\/#breadcrumb"},"inLanguage":"fr-FR","potentialAction":[{"@type":"ReadAction","target":["https:\/\/www.webdo.tn\/fr\/actualite\/national\/arp-pleniere-consacree-au-projet-de-loi-amendant-le-decret-loi-sur-la-reconciliation-penale\/211555\/"]}]},{"@type":"ImageObject","inLanguage":"fr-FR","@id":"https:\/\/www.webdo.tn\/fr\/actualite\/national\/arp-pleniere-consacree-au-projet-de-loi-amendant-le-decret-loi-sur-la-reconciliation-penale\/211555\/#primaryimage","url":"https:\/\/www.webdo.tn\/fr\/wp-content\/uploads\/2024\/01\/ffd443683d84667ea24715a846db0712.jpg","contentUrl":"https:\/\/www.webdo.tn\/fr\/wp-content\/uploads\/2024\/01\/ffd443683d84667ea24715a846db0712.jpg","width":750,"height":400,"caption":"ARP : Pl\u00e9ni\u00e8re consacr\u00e9e au projet de loi amendant le d\u00e9cret-loi sur la r\u00e9conciliation p\u00e9nale"},{"@type":"BreadcrumbList","@id":"https:\/\/www.webdo.tn\/fr\/actualite\/national\/arp-pleniere-consacree-au-projet-de-loi-amendant-le-decret-loi-sur-la-reconciliation-penale\/211555\/#breadcrumb","itemListElement":[{"@type":"ListItem","position":1,"name":"Accueil","item":"https:\/\/www.webdo.tn\/fr\/"},{"@type":"ListItem","position":2,"name":"ARP : Pl\u00e9ni\u00e8re consacr\u00e9e au projet de loi amendant le d\u00e9cret-loi sur la r\u00e9conciliation p\u00e9nale"}]},{"@type":"WebSite","@id":"https:\/\/www.webdo.tn\/fr\/#website","url":"https:\/\/www.webdo.tn\/fr\/","name":"webdo","description":"Tunisie - News en Tunisie et \u00e0 l&#039;international sur Webdo.tn","publisher":{"@id":"https:\/\/www.webdo.tn\/fr\/#organization"},"potentialAction":[{"@type":"SearchAction","target":{"@type":"EntryPoint","urlTemplate":"https:\/\/www.webdo.tn\/fr\/?s={search_term_string}"},"query-input":{"@type":"PropertyValueSpecification","valueRequired":true,"valueName":"search_term_string"}}],"inLanguage":"fr-FR"},{"@type":"Organization","@id":"https:\/\/www.webdo.tn\/fr\/#organization","name":"Webdo","alternateName":"Webdo.tn","url":"https:\/\/www.webdo.tn\/fr\/","logo":{"@type":"ImageObject","inLanguage":"fr-FR","@id":"https:\/\/www.webdo.tn\/fr\/#\/schema\/logo\/image\/","url":"https:\/\/www.webdo.tn\/fr\/wp-content\/uploads\/2025\/06\/Webdo-Tunisie_168377.jpg","contentUrl":"https:\/\/www.webdo.tn\/fr\/wp-content\/uploads\/2025\/06\/Webdo-Tunisie_168377.jpg","width":301,"height":301,"caption":"Webdo"},"image":{"@id":"https:\/\/www.webdo.tn\/fr\/#\/schema\/logo\/image\/"},"sameAs":["https:\/\/www.facebook.com\/webdotn","https:\/\/x.com\/webdo_tn"],"description":"Webdo est un m\u00e9dia num\u00e9rique tunisien fond\u00e9 en 2010, sp\u00e9cialis\u00e9 dans l\u2019actualit\u00e9 nationale et internationale, l\u2019\u00e9conomie, la soci\u00e9t\u00e9 et les analyses politiques. Le site s\u2019adresse \u00e0 un large public francophone et couvre l\u2019information tunisienne en temps r\u00e9el.","email":"redac@webdo.tn","legalName":"YNJ SARL","foundingDate":"2010-09-06","numberOfEmployees":{"@type":"QuantitativeValue","minValue":"11","maxValue":"50"}},{"@type":"Person","@id":"https:\/\/www.webdo.tn\/fr\/#\/schema\/person\/2c4929cbf5a809e3bd38617c6ce150f6","name":"MC","image":{"@type":"ImageObject","inLanguage":"fr-FR","@id":"https:\/\/secure.gravatar.com\/avatar\/a545bbb6f84efdd5553dbbc2895e3ca8f1d12c5215e00a041c9670b54aa9b18a?s=96&d=mm&r=g","url":"https:\/\/secure.gravatar.com\/avatar\/a545bbb6f84efdd5553dbbc2895e3ca8f1d12c5215e00a041c9670b54aa9b18a?s=96&d=mm&r=g","contentUrl":"https:\/\/secure.gravatar.com\/avatar\/a545bbb6f84efdd5553dbbc2895e3ca8f1d12c5215e00a041c9670b54aa9b18a?s=96&d=mm&r=g","caption":"MC"},"url":"https:\/\/www.webdo.tn\/fr\/actualite\/author\/mc\/"}]}},"_links":{"self":[{"href":"https:\/\/www.webdo.tn\/fr\/wp-json\/wp\/v2\/posts\/211555","targetHints":{"allow":["GET"]}}],"collection":[{"href":"https:\/\/www.webdo.tn\/fr\/wp-json\/wp\/v2\/posts"}],"about":[{"href":"https:\/\/www.webdo.tn\/fr\/wp-json\/wp\/v2\/types\/post"}],"author":[{"embeddable":true,"href":"https:\/\/www.webdo.tn\/fr\/wp-json\/wp\/v2\/users\/3162"}],"replies":[{"embeddable":true,"href":"https:\/\/www.webdo.tn\/fr\/wp-json\/wp\/v2\/comments?post=211555"}],"version-history":[{"count":0,"href":"https:\/\/www.webdo.tn\/fr\/wp-json\/wp\/v2\/posts\/211555\/revisions"}],"wp:featuredmedia":[{"embeddable":true,"href":"https:\/\/www.webdo.tn\/fr\/wp-json\/wp\/v2\/media\/248228"}],"wp:attachment":[{"href":"https:\/\/www.webdo.tn\/fr\/wp-json\/wp\/v2\/media?parent=211555"}],"wp:term":[{"taxonomy":"category","embeddable":true,"href":"https:\/\/www.webdo.tn\/fr\/wp-json\/wp\/v2\/categories?post=211555"},{"taxonomy":"post_tag","embeddable":true,"href":"https:\/\/www.webdo.tn\/fr\/wp-json\/wp\/v2\/tags?post=211555"}],"curies":[{"name":"wp","href":"https:\/\/api.w.org\/{rel}","templated":true}]}}