{"id":211546,"date":"2024-01-15T10:57:00","date_gmt":"2024-01-15T10:57:00","guid":{"rendered":"https:\/\/www.webdo.tn\/fr\/blog\/tunisie-haythem-el-mekki-devant-la-brigade-de-recherches-judiciaires-pour-publication-de-photos-de-migrants\/211546\/"},"modified":"2025-05-20T22:11:24","modified_gmt":"2025-05-20T22:11:24","slug":"tunisie-haythem-el-mekki-devant-la-brigade-de-recherches-judiciaires-pour-publication-de-photos-de-migrants","status":"publish","type":"post","link":"https:\/\/www.webdo.tn\/fr\/actualite\/national\/tunisie-haythem-el-mekki-devant-la-brigade-de-recherches-judiciaires-pour-publication-de-photos-de-migrants\/211546\/","title":{"rendered":"Tunisie : Haythem El Mekki devant la brigade de recherches judiciaires pour \u00ab\u00a0publication de photos de migrants\u00a0\u00bb"},"content":{"rendered":"<p>Le chroniqueur de Mosaique fm, Haythem El Mekki, compara\u00eet, aujourd\u2019hui, lundi 15 janvier 2024, devant la brigade de recherches judiciaires relevant du district de la Garde nationale de Sfax pour \u00eatre auditionn\u00e9 en tant que suspect.<\/p>\n<p>\t\t\t\t\t\t\t\t\tHaythem El Mekki a re\u00e7u une convocation \u00e0 compara\u00eetre, vendredi dernier sans conna\u00eetre l\u2019objet de la convocation, qui est en rapport avec une plainte \u00e9manant de l\u2019H\u00f4pital universitaire Habib Bourguiba de Sfax.<\/p>\n<p>Selon l\u2019avocat de Haythem El Mekki, dont les propos ont \u00e9t\u00e9 rapport\u00e9s par Mosaique fm, le chroniqueur de la radio compara\u00eet suite \u00e0 une plainte du CHU Habib Bourguiba de Sfax pour \u00ab\u00a0publication de photos de migrants subsahariens sans autorisation et dans le but d\u2019influencer l\u2019opinion publique\u00a0\u00bb.<\/p>\n<p>Il faut savoir que Haythem El Mekki a \u00e9t\u00e9 confront\u00e9, en mai dernier, \u00e0 une plainte d\u00e9pos\u00e9e par le Syndicat du secr\u00e9tariat g\u00e9n\u00e9ral des forces de s\u00e9curit\u00e9 int\u00e9rieure \u00e0 propos du contenu journalistique d\u2019une \u00e9mission sur Mosaique fm. Le minist\u00e8re public avait d\u00e9cid\u00e9 de le maintenir en \u00e9tat de libert\u00e9.<\/p>\n","protected":false},"excerpt":{"rendered":"<p>Haythem El Mekki doit compara\u00eetre, aujourd\u2019hui, devant la brigade de recherches judiciaires relevant du district de la Garde nationale de Sfax suite \u00e0 une plain&#8230;<\/p>\n","protected":false},"author":3162,"featured_media":290082,"comment_status":"open","ping_status":"closed","sticky":false,"template":"","format":"standard","meta":{"footnotes":""},"categories":[44],"tags":[9942,7197,2894,7390,4755],"class_list":["post-211546","post","type-post","status-publish","format-standard","has-post-thumbnail","hentry","category-national","tag-chu-sfax","tag-haythem-el-mekki","tag-migrants","tag-photos","tag-plainte"],"yoast_head":"<!-- This site is optimized with the Yoast SEO Premium plugin v27.4 (Yoast SEO v27.5) - https:\/\/yoast.com\/product\/yoast-seo-premium-wordpress\/ -->\n<title>Tunisie : Haythem El Mekki devant la brigade de recherches judiciaires pour publication de photos de migrants<\/title>\n<meta name=\"description\" content=\"Haythem El Mekki doit compara\u00eetre, aujourd\u2019hui, devant la brigade de recherches judiciaires relevant du district de la Garde nationale de Sfax suite \u00e0 une plain...\" \/>\n<link rel=\"canonical\" href=\"https:\/\/www.webdo.tn\/fr\/actualite\/national\/tunisie-haythem-el-mekki-devant-la-brigade-de-recherches-judiciaires-pour-publication-de-photos-de-migrants\/211546\/\" \/>\n<meta property=\"og:locale\" content=\"fr_FR\" \/>\n<meta property=\"og:type\" content=\"article\" \/>\n<meta property=\"og:title\" content=\"Tunisie : Haythem El Mekki devant la brigade de recherches judiciaires pour &quot;publication de photos de migrants&quot;\" \/>\n<meta property=\"og:description\" content=\"Haythem El Mekki doit compara\u00eetre, aujourd\u2019hui, devant la brigade de recherches judiciaires relevant du district de la Garde nationale de Sfax suite \u00e0 une plain...\" \/>\n<meta property=\"og:url\" content=\"https:\/\/www.webdo.tn\/fr\/actualite\/national\/tunisie-haythem-el-mekki-devant-la-brigade-de-recherches-judiciaires-pour-publication-de-photos-de-migrants\/211546\/\" \/>\n<meta property=\"og:site_name\" content=\"webdo\" \/>\n<meta property=\"article:publisher\" content=\"https:\/\/www.facebook.com\/webdotn\" \/>\n<meta property=\"article:published_time\" content=\"2024-01-15T10:57:00+00:00\" \/>\n<meta property=\"article:modified_time\" content=\"2025-05-20T22:11:24+00:00\" \/>\n<meta property=\"og:image\" content=\"https:\/\/www.webdo.tn\/fr\/wp-content\/uploads\/2024\/01\/5ef1a7ad1f3b48aa02bd4525046381d0.jpeg\" \/>\n\t<meta property=\"og:image:width\" content=\"750\" \/>\n\t<meta property=\"og:image:height\" content=\"400\" \/>\n\t<meta property=\"og:image:type\" content=\"image\/jpeg\" \/>\n<meta name=\"author\" content=\"MC\" \/>\n<meta name=\"twitter:card\" content=\"summary_large_image\" \/>\n<meta name=\"twitter:creator\" content=\"@webdo_tn\" \/>\n<meta name=\"twitter:site\" content=\"@webdo_tn\" \/>\n<meta name=\"twitter:label1\" content=\"\u00c9crit par\" \/>\n\t<meta name=\"twitter:data1\" content=\"MC\" \/>\n\t<meta name=\"twitter:label2\" content=\"Dur\u00e9e de lecture estim\u00e9e\" \/>\n\t<meta name=\"twitter:data2\" content=\"1 minute\" \/>\n<script type=\"application\/ld+json\" class=\"yoast-schema-graph\">{\"@context\":\"https:\\\/\\\/schema.org\",\"@graph\":[{\"@type\":\"NewsArticle\",\"@id\":\"https:\\\/\\\/www.webdo.tn\\\/fr\\\/actualite\\\/national\\\/tunisie-haythem-el-mekki-devant-la-brigade-de-recherches-judiciaires-pour-publication-de-photos-de-migrants\\\/211546\\\/#article\",\"isPartOf\":{\"@id\":\"https:\\\/\\\/www.webdo.tn\\\/fr\\\/actualite\\\/national\\\/tunisie-haythem-el-mekki-devant-la-brigade-de-recherches-judiciaires-pour-publication-de-photos-de-migrants\\\/211546\\\/\"},\"author\":{\"name\":\"MC\",\"@id\":\"https:\\\/\\\/www.webdo.tn\\\/fr\\\/#\\\/schema\\\/person\\\/2c4929cbf5a809e3bd38617c6ce150f6\"},\"headline\":\"Tunisie : Haythem El Mekki devant la brigade de recherches judiciaires pour \u00ab\u00a0publication de photos de migrants\u00a0\u00bb\",\"datePublished\":\"2024-01-15T10:57:00+00:00\",\"dateModified\":\"2025-05-20T22:11:24+00:00\",\"mainEntityOfPage\":{\"@id\":\"https:\\\/\\\/www.webdo.tn\\\/fr\\\/actualite\\\/national\\\/tunisie-haythem-el-mekki-devant-la-brigade-de-recherches-judiciaires-pour-publication-de-photos-de-migrants\\\/211546\\\/\"},\"wordCount\":198,\"commentCount\":0,\"publisher\":{\"@id\":\"https:\\\/\\\/www.webdo.tn\\\/fr\\\/#organization\"},\"image\":{\"@id\":\"https:\\\/\\\/www.webdo.tn\\\/fr\\\/actualite\\\/national\\\/tunisie-haythem-el-mekki-devant-la-brigade-de-recherches-judiciaires-pour-publication-de-photos-de-migrants\\\/211546\\\/#primaryimage\"},\"thumbnailUrl\":\"https:\\\/\\\/www.webdo.tn\\\/fr\\\/wp-content\\\/uploads\\\/2024\\\/01\\\/5ef1a7ad1f3b48aa02bd4525046381d0.jpeg\",\"keywords\":[\"'CHU Sfax']\",\"Haythem El Mekki\",\"migrants\",\"Photos\",\"plainte\"],\"articleSection\":[\"National\"],\"inLanguage\":\"fr-FR\"},{\"@type\":\"WebPage\",\"@id\":\"https:\\\/\\\/www.webdo.tn\\\/fr\\\/actualite\\\/national\\\/tunisie-haythem-el-mekki-devant-la-brigade-de-recherches-judiciaires-pour-publication-de-photos-de-migrants\\\/211546\\\/\",\"url\":\"https:\\\/\\\/www.webdo.tn\\\/fr\\\/actualite\\\/national\\\/tunisie-haythem-el-mekki-devant-la-brigade-de-recherches-judiciaires-pour-publication-de-photos-de-migrants\\\/211546\\\/\",\"name\":\"Tunisie : Haythem El Mekki devant la brigade de recherches judiciaires pour publication de photos de migrants\",\"isPartOf\":{\"@id\":\"https:\\\/\\\/www.webdo.tn\\\/fr\\\/#website\"},\"primaryImageOfPage\":{\"@id\":\"https:\\\/\\\/www.webdo.tn\\\/fr\\\/actualite\\\/national\\\/tunisie-haythem-el-mekki-devant-la-brigade-de-recherches-judiciaires-pour-publication-de-photos-de-migrants\\\/211546\\\/#primaryimage\"},\"image\":{\"@id\":\"https:\\\/\\\/www.webdo.tn\\\/fr\\\/actualite\\\/national\\\/tunisie-haythem-el-mekki-devant-la-brigade-de-recherches-judiciaires-pour-publication-de-photos-de-migrants\\\/211546\\\/#primaryimage\"},\"thumbnailUrl\":\"https:\\\/\\\/www.webdo.tn\\\/fr\\\/wp-content\\\/uploads\\\/2024\\\/01\\\/5ef1a7ad1f3b48aa02bd4525046381d0.jpeg\",\"datePublished\":\"2024-01-15T10:57:00+00:00\",\"dateModified\":\"2025-05-20T22:11:24+00:00\",\"description\":\"Haythem El Mekki doit compara\u00eetre, aujourd\u2019hui, devant la brigade de recherches judiciaires relevant du district de la Garde nationale de Sfax suite \u00e0 une plain...\",\"breadcrumb\":{\"@id\":\"https:\\\/\\\/www.webdo.tn\\\/fr\\\/actualite\\\/national\\\/tunisie-haythem-el-mekki-devant-la-brigade-de-recherches-judiciaires-pour-publication-de-photos-de-migrants\\\/211546\\\/#breadcrumb\"},\"inLanguage\":\"fr-FR\",\"potentialAction\":[{\"@type\":\"ReadAction\",\"target\":[\"https:\\\/\\\/www.webdo.tn\\\/fr\\\/actualite\\\/national\\\/tunisie-haythem-el-mekki-devant-la-brigade-de-recherches-judiciaires-pour-publication-de-photos-de-migrants\\\/211546\\\/\"]}]},{\"@type\":\"ImageObject\",\"inLanguage\":\"fr-FR\",\"@id\":\"https:\\\/\\\/www.webdo.tn\\\/fr\\\/actualite\\\/national\\\/tunisie-haythem-el-mekki-devant-la-brigade-de-recherches-judiciaires-pour-publication-de-photos-de-migrants\\\/211546\\\/#primaryimage\",\"url\":\"https:\\\/\\\/www.webdo.tn\\\/fr\\\/wp-content\\\/uploads\\\/2024\\\/01\\\/5ef1a7ad1f3b48aa02bd4525046381d0.jpeg\",\"contentUrl\":\"https:\\\/\\\/www.webdo.tn\\\/fr\\\/wp-content\\\/uploads\\\/2024\\\/01\\\/5ef1a7ad1f3b48aa02bd4525046381d0.jpeg\",\"width\":750,\"height\":400,\"caption\":\"Tunisie : Haythem El Mekki devant la brigade de recherches judiciaires pour \\\"publication de photos de migrants\\\"\"},{\"@type\":\"BreadcrumbList\",\"@id\":\"https:\\\/\\\/www.webdo.tn\\\/fr\\\/actualite\\\/national\\\/tunisie-haythem-el-mekki-devant-la-brigade-de-recherches-judiciaires-pour-publication-de-photos-de-migrants\\\/211546\\\/#breadcrumb\",\"itemListElement\":[{\"@type\":\"ListItem\",\"position\":1,\"name\":\"Accueil\",\"item\":\"https:\\\/\\\/www.webdo.tn\\\/fr\\\/\"},{\"@type\":\"ListItem\",\"position\":2,\"name\":\"Tunisie : Haythem El Mekki devant la brigade de recherches judiciaires pour \u00ab\u00a0publication de photos de migrants\u00a0\u00bb\"}]},{\"@type\":\"WebSite\",\"@id\":\"https:\\\/\\\/www.webdo.tn\\\/fr\\\/#website\",\"url\":\"https:\\\/\\\/www.webdo.tn\\\/fr\\\/\",\"name\":\"webdo\",\"description\":\"Tunisie - News en Tunisie et \u00e0 l&#039;international sur Webdo.tn\",\"publisher\":{\"@id\":\"https:\\\/\\\/www.webdo.tn\\\/fr\\\/#organization\"},\"potentialAction\":[{\"@type\":\"SearchAction\",\"target\":{\"@type\":\"EntryPoint\",\"urlTemplate\":\"https:\\\/\\\/www.webdo.tn\\\/fr\\\/?s={search_term_string}\"},\"query-input\":{\"@type\":\"PropertyValueSpecification\",\"valueRequired\":true,\"valueName\":\"search_term_string\"}}],\"inLanguage\":\"fr-FR\"},{\"@type\":\"Organization\",\"@id\":\"https:\\\/\\\/www.webdo.tn\\\/fr\\\/#organization\",\"name\":\"Webdo\",\"alternateName\":\"Webdo.tn\",\"url\":\"https:\\\/\\\/www.webdo.tn\\\/fr\\\/\",\"logo\":{\"@type\":\"ImageObject\",\"inLanguage\":\"fr-FR\",\"@id\":\"https:\\\/\\\/www.webdo.tn\\\/fr\\\/#\\\/schema\\\/logo\\\/image\\\/\",\"url\":\"https:\\\/\\\/www.webdo.tn\\\/fr\\\/wp-content\\\/uploads\\\/2025\\\/06\\\/Webdo-Tunisie_168377.jpg\",\"contentUrl\":\"https:\\\/\\\/www.webdo.tn\\\/fr\\\/wp-content\\\/uploads\\\/2025\\\/06\\\/Webdo-Tunisie_168377.jpg\",\"width\":301,\"height\":301,\"caption\":\"Webdo\"},\"image\":{\"@id\":\"https:\\\/\\\/www.webdo.tn\\\/fr\\\/#\\\/schema\\\/logo\\\/image\\\/\"},\"sameAs\":[\"https:\\\/\\\/www.facebook.com\\\/webdotn\",\"https:\\\/\\\/x.com\\\/webdo_tn\"],\"description\":\"Webdo est un m\u00e9dia num\u00e9rique tunisien fond\u00e9 en 2010, sp\u00e9cialis\u00e9 dans l\u2019actualit\u00e9 nationale et internationale, l\u2019\u00e9conomie, la soci\u00e9t\u00e9 et les analyses politiques. Le site s\u2019adresse \u00e0 un large public francophone et couvre l\u2019information tunisienne en temps r\u00e9el.\",\"email\":\"redac@webdo.tn\",\"legalName\":\"YNJ SARL\",\"foundingDate\":\"2010-09-06\",\"numberOfEmployees\":{\"@type\":\"QuantitativeValue\",\"minValue\":\"11\",\"maxValue\":\"50\"}},{\"@type\":\"Person\",\"@id\":\"https:\\\/\\\/www.webdo.tn\\\/fr\\\/#\\\/schema\\\/person\\\/2c4929cbf5a809e3bd38617c6ce150f6\",\"name\":\"MC\",\"image\":{\"@type\":\"ImageObject\",\"inLanguage\":\"fr-FR\",\"@id\":\"https:\\\/\\\/secure.gravatar.com\\\/avatar\\\/a545bbb6f84efdd5553dbbc2895e3ca8f1d12c5215e00a041c9670b54aa9b18a?s=96&d=mm&r=g\",\"url\":\"https:\\\/\\\/secure.gravatar.com\\\/avatar\\\/a545bbb6f84efdd5553dbbc2895e3ca8f1d12c5215e00a041c9670b54aa9b18a?s=96&d=mm&r=g\",\"contentUrl\":\"https:\\\/\\\/secure.gravatar.com\\\/avatar\\\/a545bbb6f84efdd5553dbbc2895e3ca8f1d12c5215e00a041c9670b54aa9b18a?s=96&d=mm&r=g\",\"caption\":\"MC\"},\"url\":\"https:\\\/\\\/www.webdo.tn\\\/fr\\\/actualite\\\/author\\\/mc\\\/\"}]}<\/script>\n<!-- \/ Yoast SEO Premium plugin. -->","yoast_head_json":{"title":"Tunisie : Haythem El Mekki devant la brigade de recherches judiciaires pour publication de photos de migrants","description":"Haythem El Mekki doit compara\u00eetre, aujourd\u2019hui, devant la brigade de recherches judiciaires relevant du district de la Garde nationale de Sfax suite \u00e0 une plain...","canonical":"https:\/\/www.webdo.tn\/fr\/actualite\/national\/tunisie-haythem-el-mekki-devant-la-brigade-de-recherches-judiciaires-pour-publication-de-photos-de-migrants\/211546\/","og_locale":"fr_FR","og_type":"article","og_title":"Tunisie : Haythem El Mekki devant la brigade de recherches judiciaires pour \"publication de photos de migrants\"","og_description":"Haythem El Mekki doit compara\u00eetre, aujourd\u2019hui, devant la brigade de recherches judiciaires relevant du district de la Garde nationale de Sfax suite \u00e0 une plain...","og_url":"https:\/\/www.webdo.tn\/fr\/actualite\/national\/tunisie-haythem-el-mekki-devant-la-brigade-de-recherches-judiciaires-pour-publication-de-photos-de-migrants\/211546\/","og_site_name":"webdo","article_publisher":"https:\/\/www.facebook.com\/webdotn","article_published_time":"2024-01-15T10:57:00+00:00","article_modified_time":"2025-05-20T22:11:24+00:00","og_image":[{"width":750,"height":400,"url":"https:\/\/www.webdo.tn\/fr\/wp-content\/uploads\/2024\/01\/5ef1a7ad1f3b48aa02bd4525046381d0.jpeg","type":"image\/jpeg"}],"author":"MC","twitter_card":"summary_large_image","twitter_creator":"@webdo_tn","twitter_site":"@webdo_tn","twitter_misc":{"\u00c9crit par":"MC","Dur\u00e9e de lecture estim\u00e9e":"1 minute"},"schema":{"@context":"https:\/\/schema.org","@graph":[{"@type":"NewsArticle","@id":"https:\/\/www.webdo.tn\/fr\/actualite\/national\/tunisie-haythem-el-mekki-devant-la-brigade-de-recherches-judiciaires-pour-publication-de-photos-de-migrants\/211546\/#article","isPartOf":{"@id":"https:\/\/www.webdo.tn\/fr\/actualite\/national\/tunisie-haythem-el-mekki-devant-la-brigade-de-recherches-judiciaires-pour-publication-de-photos-de-migrants\/211546\/"},"author":{"name":"MC","@id":"https:\/\/www.webdo.tn\/fr\/#\/schema\/person\/2c4929cbf5a809e3bd38617c6ce150f6"},"headline":"Tunisie : Haythem El Mekki devant la brigade de recherches judiciaires pour \u00ab\u00a0publication de photos de migrants\u00a0\u00bb","datePublished":"2024-01-15T10:57:00+00:00","dateModified":"2025-05-20T22:11:24+00:00","mainEntityOfPage":{"@id":"https:\/\/www.webdo.tn\/fr\/actualite\/national\/tunisie-haythem-el-mekki-devant-la-brigade-de-recherches-judiciaires-pour-publication-de-photos-de-migrants\/211546\/"},"wordCount":198,"commentCount":0,"publisher":{"@id":"https:\/\/www.webdo.tn\/fr\/#organization"},"image":{"@id":"https:\/\/www.webdo.tn\/fr\/actualite\/national\/tunisie-haythem-el-mekki-devant-la-brigade-de-recherches-judiciaires-pour-publication-de-photos-de-migrants\/211546\/#primaryimage"},"thumbnailUrl":"https:\/\/www.webdo.tn\/fr\/wp-content\/uploads\/2024\/01\/5ef1a7ad1f3b48aa02bd4525046381d0.jpeg","keywords":["'CHU Sfax']","Haythem El Mekki","migrants","Photos","plainte"],"articleSection":["National"],"inLanguage":"fr-FR"},{"@type":"WebPage","@id":"https:\/\/www.webdo.tn\/fr\/actualite\/national\/tunisie-haythem-el-mekki-devant-la-brigade-de-recherches-judiciaires-pour-publication-de-photos-de-migrants\/211546\/","url":"https:\/\/www.webdo.tn\/fr\/actualite\/national\/tunisie-haythem-el-mekki-devant-la-brigade-de-recherches-judiciaires-pour-publication-de-photos-de-migrants\/211546\/","name":"Tunisie : Haythem El Mekki devant la brigade de recherches judiciaires pour publication de photos de migrants","isPartOf":{"@id":"https:\/\/www.webdo.tn\/fr\/#website"},"primaryImageOfPage":{"@id":"https:\/\/www.webdo.tn\/fr\/actualite\/national\/tunisie-haythem-el-mekki-devant-la-brigade-de-recherches-judiciaires-pour-publication-de-photos-de-migrants\/211546\/#primaryimage"},"image":{"@id":"https:\/\/www.webdo.tn\/fr\/actualite\/national\/tunisie-haythem-el-mekki-devant-la-brigade-de-recherches-judiciaires-pour-publication-de-photos-de-migrants\/211546\/#primaryimage"},"thumbnailUrl":"https:\/\/www.webdo.tn\/fr\/wp-content\/uploads\/2024\/01\/5ef1a7ad1f3b48aa02bd4525046381d0.jpeg","datePublished":"2024-01-15T10:57:00+00:00","dateModified":"2025-05-20T22:11:24+00:00","description":"Haythem El Mekki doit compara\u00eetre, aujourd\u2019hui, devant la brigade de recherches judiciaires relevant du district de la Garde nationale de Sfax suite \u00e0 une plain...","breadcrumb":{"@id":"https:\/\/www.webdo.tn\/fr\/actualite\/national\/tunisie-haythem-el-mekki-devant-la-brigade-de-recherches-judiciaires-pour-publication-de-photos-de-migrants\/211546\/#breadcrumb"},"inLanguage":"fr-FR","potentialAction":[{"@type":"ReadAction","target":["https:\/\/www.webdo.tn\/fr\/actualite\/national\/tunisie-haythem-el-mekki-devant-la-brigade-de-recherches-judiciaires-pour-publication-de-photos-de-migrants\/211546\/"]}]},{"@type":"ImageObject","inLanguage":"fr-FR","@id":"https:\/\/www.webdo.tn\/fr\/actualite\/national\/tunisie-haythem-el-mekki-devant-la-brigade-de-recherches-judiciaires-pour-publication-de-photos-de-migrants\/211546\/#primaryimage","url":"https:\/\/www.webdo.tn\/fr\/wp-content\/uploads\/2024\/01\/5ef1a7ad1f3b48aa02bd4525046381d0.jpeg","contentUrl":"https:\/\/www.webdo.tn\/fr\/wp-content\/uploads\/2024\/01\/5ef1a7ad1f3b48aa02bd4525046381d0.jpeg","width":750,"height":400,"caption":"Tunisie : Haythem El Mekki devant la brigade de recherches judiciaires pour \"publication de photos de migrants\""},{"@type":"BreadcrumbList","@id":"https:\/\/www.webdo.tn\/fr\/actualite\/national\/tunisie-haythem-el-mekki-devant-la-brigade-de-recherches-judiciaires-pour-publication-de-photos-de-migrants\/211546\/#breadcrumb","itemListElement":[{"@type":"ListItem","position":1,"name":"Accueil","item":"https:\/\/www.webdo.tn\/fr\/"},{"@type":"ListItem","position":2,"name":"Tunisie : Haythem El Mekki devant la brigade de recherches judiciaires pour \u00ab\u00a0publication de photos de migrants\u00a0\u00bb"}]},{"@type":"WebSite","@id":"https:\/\/www.webdo.tn\/fr\/#website","url":"https:\/\/www.webdo.tn\/fr\/","name":"webdo","description":"Tunisie - News en Tunisie et \u00e0 l&#039;international sur Webdo.tn","publisher":{"@id":"https:\/\/www.webdo.tn\/fr\/#organization"},"potentialAction":[{"@type":"SearchAction","target":{"@type":"EntryPoint","urlTemplate":"https:\/\/www.webdo.tn\/fr\/?s={search_term_string}"},"query-input":{"@type":"PropertyValueSpecification","valueRequired":true,"valueName":"search_term_string"}}],"inLanguage":"fr-FR"},{"@type":"Organization","@id":"https:\/\/www.webdo.tn\/fr\/#organization","name":"Webdo","alternateName":"Webdo.tn","url":"https:\/\/www.webdo.tn\/fr\/","logo":{"@type":"ImageObject","inLanguage":"fr-FR","@id":"https:\/\/www.webdo.tn\/fr\/#\/schema\/logo\/image\/","url":"https:\/\/www.webdo.tn\/fr\/wp-content\/uploads\/2025\/06\/Webdo-Tunisie_168377.jpg","contentUrl":"https:\/\/www.webdo.tn\/fr\/wp-content\/uploads\/2025\/06\/Webdo-Tunisie_168377.jpg","width":301,"height":301,"caption":"Webdo"},"image":{"@id":"https:\/\/www.webdo.tn\/fr\/#\/schema\/logo\/image\/"},"sameAs":["https:\/\/www.facebook.com\/webdotn","https:\/\/x.com\/webdo_tn"],"description":"Webdo est un m\u00e9dia num\u00e9rique tunisien fond\u00e9 en 2010, sp\u00e9cialis\u00e9 dans l\u2019actualit\u00e9 nationale et internationale, l\u2019\u00e9conomie, la soci\u00e9t\u00e9 et les analyses politiques. Le site s\u2019adresse \u00e0 un large public francophone et couvre l\u2019information tunisienne en temps r\u00e9el.","email":"redac@webdo.tn","legalName":"YNJ SARL","foundingDate":"2010-09-06","numberOfEmployees":{"@type":"QuantitativeValue","minValue":"11","maxValue":"50"}},{"@type":"Person","@id":"https:\/\/www.webdo.tn\/fr\/#\/schema\/person\/2c4929cbf5a809e3bd38617c6ce150f6","name":"MC","image":{"@type":"ImageObject","inLanguage":"fr-FR","@id":"https:\/\/secure.gravatar.com\/avatar\/a545bbb6f84efdd5553dbbc2895e3ca8f1d12c5215e00a041c9670b54aa9b18a?s=96&d=mm&r=g","url":"https:\/\/secure.gravatar.com\/avatar\/a545bbb6f84efdd5553dbbc2895e3ca8f1d12c5215e00a041c9670b54aa9b18a?s=96&d=mm&r=g","contentUrl":"https:\/\/secure.gravatar.com\/avatar\/a545bbb6f84efdd5553dbbc2895e3ca8f1d12c5215e00a041c9670b54aa9b18a?s=96&d=mm&r=g","caption":"MC"},"url":"https:\/\/www.webdo.tn\/fr\/actualite\/author\/mc\/"}]}},"_links":{"self":[{"href":"https:\/\/www.webdo.tn\/fr\/wp-json\/wp\/v2\/posts\/211546","targetHints":{"allow":["GET"]}}],"collection":[{"href":"https:\/\/www.webdo.tn\/fr\/wp-json\/wp\/v2\/posts"}],"about":[{"href":"https:\/\/www.webdo.tn\/fr\/wp-json\/wp\/v2\/types\/post"}],"author":[{"embeddable":true,"href":"https:\/\/www.webdo.tn\/fr\/wp-json\/wp\/v2\/users\/3162"}],"replies":[{"embeddable":true,"href":"https:\/\/www.webdo.tn\/fr\/wp-json\/wp\/v2\/comments?post=211546"}],"version-history":[{"count":0,"href":"https:\/\/www.webdo.tn\/fr\/wp-json\/wp\/v2\/posts\/211546\/revisions"}],"wp:featuredmedia":[{"embeddable":true,"href":"https:\/\/www.webdo.tn\/fr\/wp-json\/wp\/v2\/media\/290082"}],"wp:attachment":[{"href":"https:\/\/www.webdo.tn\/fr\/wp-json\/wp\/v2\/media?parent=211546"}],"wp:term":[{"taxonomy":"category","embeddable":true,"href":"https:\/\/www.webdo.tn\/fr\/wp-json\/wp\/v2\/categories?post=211546"},{"taxonomy":"post_tag","embeddable":true,"href":"https:\/\/www.webdo.tn\/fr\/wp-json\/wp\/v2\/tags?post=211546"}],"curies":[{"name":"wp","href":"https:\/\/api.w.org\/{rel}","templated":true}]}}