{"id":211542,"date":"2024-01-15T09:50:00","date_gmt":"2024-01-15T09:50:00","guid":{"rendered":"https:\/\/www.webdo.tn\/fr\/blog\/ligue-1-le-calendrier-du-play-off-et-du-play-out\/211542\/"},"modified":"2025-05-20T22:11:23","modified_gmt":"2025-05-20T22:11:23","slug":"ligue-1-le-calendrier-du-play-off-et-du-play-out","status":"publish","type":"post","link":"https:\/\/www.webdo.tn\/fr\/actualite\/sport\/ligue-1-le-calendrier-du-play-off-et-du-play-out\/211542\/","title":{"rendered":"Ligue 1 : Le calendrier du play-off et du play-out"},"content":{"rendered":"<p>La Ligue nationale de football professionnel a proc\u00e9d\u00e9, dans la soir\u00e9e de dimanche 14 janvier 2024, au tirage au sort de la deuxi\u00e8me phase du Championnat de football (play-off et play-out).<\/p>\n<p>\t\t\t\t\t\t\t\t\tPlay-off<\/p>\n<p>Le play-off d\u00e9marrera le 17 f\u00e9vrier avec un clasico entre le CSS et le CA et le derby entre l\u2019EST et le ST.<\/p>\n<p>Le clasico entre l\u2019ESS et l\u2019EST aura lieu lors de la 2\u00e8me journ\u00e9e alors que le derby de la capitale entre l\u2019EST et le CA est programm\u00e9 pour la 3\u00e8me journ\u00e9e.<\/p>\n<p>Lors de la derni\u00e8re journ\u00e9e, deux clasicos sont au programme avec EST-CSS et ESS-CA.<\/p>\n<p>L\u2019ESS et l\u2019EST entameront le play-off avec un bonus de 3 points ; le ST et l\u2019USMo avec 2 points ; le CA et le CSS avec 1 point.<\/p>\n<p>\t1\u00e8re journ\u00e9e : CSS-CA \/ USMo-ESS \/ EST-ST<br \/>\n\t2\u00e8me journ\u00e9e : ST-CSS \/ CA-USMo \/ ESS-EST<br \/>\n\t3\u00e8me journ\u00e9e : CSS-USMo \/ EST-CA \/ ST-ESS<br \/>\n\t4\u00e8me journ\u00e9e : USMo-EST \/ CA-ST \/ CSS-ESS<br \/>\n\t5\u00e8me journ\u00e9e : EST-CSS \/ ST-USMo \/ ESS-CA<\/p>\n<p>Play-out<\/p>\n<p>Le play-out ou lutte pour le maintien d\u00e9marrera le 3 f\u00e9vrier prochain.<\/p>\n<p>L\u2019USBG et le CAB entameront cette phase avec un bonus de 4 points ; l\u2019OB et l\u2019ESM avec 3 points ; EGSG et l\u2019UST avec 2 points ; et enfin l\u2019ASS et l\u2019ASM avec 0 point.<\/p>\n<p>\t1\u00e8re journ\u00e9e : CAB-ESM \/ ASS-OB \/ EGSG-USBG \/ UST-ASM<br \/>\n\t2\u00e8me journ\u00e9e : ASM-EGSG \/ OB-CAB \/ USBG-ASS \/ ESM-UST<br \/>\n\t3\u00e8me journ\u00e9e : ESM-ASM \/ CAB-USBG \/ UST-OB \/ ASS-EGSG<br \/>\n\t4\u00e8me journ\u00e9e : EGSG-CAB \/ ASM-ASS \/ USBG-UST \/ OB-ESM<br \/>\n\t5\u00e8me journ\u00e9e : ESM-USBG \/ UST-EGSG \/ CAB-ASS \/ OB-ASM<br \/>\n\t6\u00e8me journ\u00e9e : EGSG-ESM \/ CAB-ASM \/ USBG-OB \/ ASS-UST<br \/>\n\t7\u00e8me journ\u00e9e : ASM-USBG \/ ESM-ASS \/ UST-CAB \/ OB-EGSG<\/p>\n","protected":false},"excerpt":{"rendered":"<p>Le derby entre l&rsquo;EST et le CA est programm\u00e9 \u00e0 la 3\u00e8me journ\u00e9e.<\/p>\n","protected":false},"author":3162,"featured_media":290076,"comment_status":"open","ping_status":"closed","sticky":false,"template":"","format":"standard","meta":{"footnotes":""},"categories":[2593],"tags":[4507,2777,6308,7051],"class_list":["post-211542","post","type-post","status-publish","format-standard","has-post-thumbnail","hentry","category-sport","tag-calendrier","tag-ligue-1","tag-play-off","tag-play-out"],"yoast_head":"<!-- This site is optimized with the Yoast SEO Premium plugin v27.4 (Yoast SEO v27.5) - https:\/\/yoast.com\/product\/yoast-seo-premium-wordpress\/ -->\n<title>Ligue 1 : Le calendrier du play-off et du play-out<\/title>\n<meta name=\"description\" content=\"Le derby entre l&#039;EST et le CA est programm\u00e9 \u00e0 la 3\u00e8me journ\u00e9e.\" \/>\n<link rel=\"canonical\" href=\"https:\/\/www.webdo.tn\/fr\/actualite\/sport\/ligue-1-le-calendrier-du-play-off-et-du-play-out\/211542\/\" \/>\n<meta property=\"og:locale\" content=\"fr_FR\" \/>\n<meta property=\"og:type\" content=\"article\" \/>\n<meta property=\"og:title\" content=\"Ligue 1 : Le calendrier du play-off et du play-out\" \/>\n<meta property=\"og:description\" content=\"Le derby entre l&#039;EST et le CA est programm\u00e9 \u00e0 la 3\u00e8me journ\u00e9e.\" \/>\n<meta property=\"og:url\" content=\"https:\/\/www.webdo.tn\/fr\/actualite\/sport\/ligue-1-le-calendrier-du-play-off-et-du-play-out\/211542\/\" \/>\n<meta property=\"og:site_name\" content=\"webdo\" \/>\n<meta property=\"article:publisher\" content=\"https:\/\/www.facebook.com\/webdotn\" \/>\n<meta property=\"article:published_time\" content=\"2024-01-15T09:50:00+00:00\" \/>\n<meta property=\"article:modified_time\" content=\"2025-05-20T22:11:23+00:00\" \/>\n<meta property=\"og:image\" content=\"https:\/\/www.webdo.tn\/fr\/wp-content\/uploads\/2024\/01\/dba62052e7a4b21aee4629fd03d25757.jpg\" \/>\n\t<meta property=\"og:image:width\" content=\"750\" \/>\n\t<meta property=\"og:image:height\" content=\"400\" \/>\n\t<meta property=\"og:image:type\" content=\"image\/jpeg\" \/>\n<meta name=\"author\" content=\"MC\" \/>\n<meta name=\"twitter:card\" content=\"summary_large_image\" \/>\n<meta name=\"twitter:creator\" content=\"@webdo_tn\" \/>\n<meta name=\"twitter:site\" content=\"@webdo_tn\" \/>\n<meta name=\"twitter:label1\" content=\"\u00c9crit par\" \/>\n\t<meta name=\"twitter:data1\" content=\"MC\" \/>\n\t<meta name=\"twitter:label2\" content=\"Dur\u00e9e de lecture estim\u00e9e\" \/>\n\t<meta name=\"twitter:data2\" content=\"1 minute\" \/>\n<script type=\"application\/ld+json\" class=\"yoast-schema-graph\">{\"@context\":\"https:\\\/\\\/schema.org\",\"@graph\":[{\"@type\":\"NewsArticle\",\"@id\":\"https:\\\/\\\/www.webdo.tn\\\/fr\\\/actualite\\\/sport\\\/ligue-1-le-calendrier-du-play-off-et-du-play-out\\\/211542\\\/#article\",\"isPartOf\":{\"@id\":\"https:\\\/\\\/www.webdo.tn\\\/fr\\\/actualite\\\/sport\\\/ligue-1-le-calendrier-du-play-off-et-du-play-out\\\/211542\\\/\"},\"author\":{\"name\":\"MC\",\"@id\":\"https:\\\/\\\/www.webdo.tn\\\/fr\\\/#\\\/schema\\\/person\\\/2c4929cbf5a809e3bd38617c6ce150f6\"},\"headline\":\"Ligue 1 : Le calendrier du play-off et du play-out\",\"datePublished\":\"2024-01-15T09:50:00+00:00\",\"dateModified\":\"2025-05-20T22:11:23+00:00\",\"mainEntityOfPage\":{\"@id\":\"https:\\\/\\\/www.webdo.tn\\\/fr\\\/actualite\\\/sport\\\/ligue-1-le-calendrier-du-play-off-et-du-play-out\\\/211542\\\/\"},\"wordCount\":273,\"commentCount\":0,\"publisher\":{\"@id\":\"https:\\\/\\\/www.webdo.tn\\\/fr\\\/#organization\"},\"image\":{\"@id\":\"https:\\\/\\\/www.webdo.tn\\\/fr\\\/actualite\\\/sport\\\/ligue-1-le-calendrier-du-play-off-et-du-play-out\\\/211542\\\/#primaryimage\"},\"thumbnailUrl\":\"https:\\\/\\\/www.webdo.tn\\\/fr\\\/wp-content\\\/uploads\\\/2024\\\/01\\\/dba62052e7a4b21aee4629fd03d25757.jpg\",\"keywords\":[\"calendrier\",\"Ligue 1\",\"play-off\",\"play-out\"],\"articleSection\":[\"Sport\"],\"inLanguage\":\"fr-FR\"},{\"@type\":\"WebPage\",\"@id\":\"https:\\\/\\\/www.webdo.tn\\\/fr\\\/actualite\\\/sport\\\/ligue-1-le-calendrier-du-play-off-et-du-play-out\\\/211542\\\/\",\"url\":\"https:\\\/\\\/www.webdo.tn\\\/fr\\\/actualite\\\/sport\\\/ligue-1-le-calendrier-du-play-off-et-du-play-out\\\/211542\\\/\",\"name\":\"Ligue 1 : Le calendrier du play-off et du play-out\",\"isPartOf\":{\"@id\":\"https:\\\/\\\/www.webdo.tn\\\/fr\\\/#website\"},\"primaryImageOfPage\":{\"@id\":\"https:\\\/\\\/www.webdo.tn\\\/fr\\\/actualite\\\/sport\\\/ligue-1-le-calendrier-du-play-off-et-du-play-out\\\/211542\\\/#primaryimage\"},\"image\":{\"@id\":\"https:\\\/\\\/www.webdo.tn\\\/fr\\\/actualite\\\/sport\\\/ligue-1-le-calendrier-du-play-off-et-du-play-out\\\/211542\\\/#primaryimage\"},\"thumbnailUrl\":\"https:\\\/\\\/www.webdo.tn\\\/fr\\\/wp-content\\\/uploads\\\/2024\\\/01\\\/dba62052e7a4b21aee4629fd03d25757.jpg\",\"datePublished\":\"2024-01-15T09:50:00+00:00\",\"dateModified\":\"2025-05-20T22:11:23+00:00\",\"description\":\"Le derby entre l'EST et le CA est programm\u00e9 \u00e0 la 3\u00e8me journ\u00e9e.\",\"breadcrumb\":{\"@id\":\"https:\\\/\\\/www.webdo.tn\\\/fr\\\/actualite\\\/sport\\\/ligue-1-le-calendrier-du-play-off-et-du-play-out\\\/211542\\\/#breadcrumb\"},\"inLanguage\":\"fr-FR\",\"potentialAction\":[{\"@type\":\"ReadAction\",\"target\":[\"https:\\\/\\\/www.webdo.tn\\\/fr\\\/actualite\\\/sport\\\/ligue-1-le-calendrier-du-play-off-et-du-play-out\\\/211542\\\/\"]}]},{\"@type\":\"ImageObject\",\"inLanguage\":\"fr-FR\",\"@id\":\"https:\\\/\\\/www.webdo.tn\\\/fr\\\/actualite\\\/sport\\\/ligue-1-le-calendrier-du-play-off-et-du-play-out\\\/211542\\\/#primaryimage\",\"url\":\"https:\\\/\\\/www.webdo.tn\\\/fr\\\/wp-content\\\/uploads\\\/2024\\\/01\\\/dba62052e7a4b21aee4629fd03d25757.jpg\",\"contentUrl\":\"https:\\\/\\\/www.webdo.tn\\\/fr\\\/wp-content\\\/uploads\\\/2024\\\/01\\\/dba62052e7a4b21aee4629fd03d25757.jpg\",\"width\":750,\"height\":400,\"caption\":\"Ligue 1 : Le calendrier du play-off et du play-out\"},{\"@type\":\"BreadcrumbList\",\"@id\":\"https:\\\/\\\/www.webdo.tn\\\/fr\\\/actualite\\\/sport\\\/ligue-1-le-calendrier-du-play-off-et-du-play-out\\\/211542\\\/#breadcrumb\",\"itemListElement\":[{\"@type\":\"ListItem\",\"position\":1,\"name\":\"Accueil\",\"item\":\"https:\\\/\\\/www.webdo.tn\\\/fr\\\/\"},{\"@type\":\"ListItem\",\"position\":2,\"name\":\"Ligue 1 : Le calendrier du play-off et du play-out\"}]},{\"@type\":\"WebSite\",\"@id\":\"https:\\\/\\\/www.webdo.tn\\\/fr\\\/#website\",\"url\":\"https:\\\/\\\/www.webdo.tn\\\/fr\\\/\",\"name\":\"webdo\",\"description\":\"Tunisie - News en Tunisie et \u00e0 l&#039;international sur Webdo.tn\",\"publisher\":{\"@id\":\"https:\\\/\\\/www.webdo.tn\\\/fr\\\/#organization\"},\"potentialAction\":[{\"@type\":\"SearchAction\",\"target\":{\"@type\":\"EntryPoint\",\"urlTemplate\":\"https:\\\/\\\/www.webdo.tn\\\/fr\\\/?s={search_term_string}\"},\"query-input\":{\"@type\":\"PropertyValueSpecification\",\"valueRequired\":true,\"valueName\":\"search_term_string\"}}],\"inLanguage\":\"fr-FR\"},{\"@type\":\"Organization\",\"@id\":\"https:\\\/\\\/www.webdo.tn\\\/fr\\\/#organization\",\"name\":\"Webdo\",\"alternateName\":\"Webdo.tn\",\"url\":\"https:\\\/\\\/www.webdo.tn\\\/fr\\\/\",\"logo\":{\"@type\":\"ImageObject\",\"inLanguage\":\"fr-FR\",\"@id\":\"https:\\\/\\\/www.webdo.tn\\\/fr\\\/#\\\/schema\\\/logo\\\/image\\\/\",\"url\":\"https:\\\/\\\/www.webdo.tn\\\/fr\\\/wp-content\\\/uploads\\\/2025\\\/06\\\/Webdo-Tunisie_168377.jpg\",\"contentUrl\":\"https:\\\/\\\/www.webdo.tn\\\/fr\\\/wp-content\\\/uploads\\\/2025\\\/06\\\/Webdo-Tunisie_168377.jpg\",\"width\":301,\"height\":301,\"caption\":\"Webdo\"},\"image\":{\"@id\":\"https:\\\/\\\/www.webdo.tn\\\/fr\\\/#\\\/schema\\\/logo\\\/image\\\/\"},\"sameAs\":[\"https:\\\/\\\/www.facebook.com\\\/webdotn\",\"https:\\\/\\\/x.com\\\/webdo_tn\"],\"description\":\"Webdo est un m\u00e9dia num\u00e9rique tunisien fond\u00e9 en 2010, sp\u00e9cialis\u00e9 dans l\u2019actualit\u00e9 nationale et internationale, l\u2019\u00e9conomie, la soci\u00e9t\u00e9 et les analyses politiques. Le site s\u2019adresse \u00e0 un large public francophone et couvre l\u2019information tunisienne en temps r\u00e9el.\",\"email\":\"redac@webdo.tn\",\"legalName\":\"YNJ SARL\",\"foundingDate\":\"2010-09-06\",\"numberOfEmployees\":{\"@type\":\"QuantitativeValue\",\"minValue\":\"11\",\"maxValue\":\"50\"}},{\"@type\":\"Person\",\"@id\":\"https:\\\/\\\/www.webdo.tn\\\/fr\\\/#\\\/schema\\\/person\\\/2c4929cbf5a809e3bd38617c6ce150f6\",\"name\":\"MC\",\"image\":{\"@type\":\"ImageObject\",\"inLanguage\":\"fr-FR\",\"@id\":\"https:\\\/\\\/secure.gravatar.com\\\/avatar\\\/a545bbb6f84efdd5553dbbc2895e3ca8f1d12c5215e00a041c9670b54aa9b18a?s=96&d=mm&r=g\",\"url\":\"https:\\\/\\\/secure.gravatar.com\\\/avatar\\\/a545bbb6f84efdd5553dbbc2895e3ca8f1d12c5215e00a041c9670b54aa9b18a?s=96&d=mm&r=g\",\"contentUrl\":\"https:\\\/\\\/secure.gravatar.com\\\/avatar\\\/a545bbb6f84efdd5553dbbc2895e3ca8f1d12c5215e00a041c9670b54aa9b18a?s=96&d=mm&r=g\",\"caption\":\"MC\"},\"url\":\"https:\\\/\\\/www.webdo.tn\\\/fr\\\/actualite\\\/author\\\/mc\\\/\"}]}<\/script>\n<!-- \/ Yoast SEO Premium plugin. -->","yoast_head_json":{"title":"Ligue 1 : Le calendrier du play-off et du play-out","description":"Le derby entre l'EST et le CA est programm\u00e9 \u00e0 la 3\u00e8me journ\u00e9e.","canonical":"https:\/\/www.webdo.tn\/fr\/actualite\/sport\/ligue-1-le-calendrier-du-play-off-et-du-play-out\/211542\/","og_locale":"fr_FR","og_type":"article","og_title":"Ligue 1 : Le calendrier du play-off et du play-out","og_description":"Le derby entre l'EST et le CA est programm\u00e9 \u00e0 la 3\u00e8me journ\u00e9e.","og_url":"https:\/\/www.webdo.tn\/fr\/actualite\/sport\/ligue-1-le-calendrier-du-play-off-et-du-play-out\/211542\/","og_site_name":"webdo","article_publisher":"https:\/\/www.facebook.com\/webdotn","article_published_time":"2024-01-15T09:50:00+00:00","article_modified_time":"2025-05-20T22:11:23+00:00","og_image":[{"width":750,"height":400,"url":"https:\/\/www.webdo.tn\/fr\/wp-content\/uploads\/2024\/01\/dba62052e7a4b21aee4629fd03d25757.jpg","type":"image\/jpeg"}],"author":"MC","twitter_card":"summary_large_image","twitter_creator":"@webdo_tn","twitter_site":"@webdo_tn","twitter_misc":{"\u00c9crit par":"MC","Dur\u00e9e de lecture estim\u00e9e":"1 minute"},"schema":{"@context":"https:\/\/schema.org","@graph":[{"@type":"NewsArticle","@id":"https:\/\/www.webdo.tn\/fr\/actualite\/sport\/ligue-1-le-calendrier-du-play-off-et-du-play-out\/211542\/#article","isPartOf":{"@id":"https:\/\/www.webdo.tn\/fr\/actualite\/sport\/ligue-1-le-calendrier-du-play-off-et-du-play-out\/211542\/"},"author":{"name":"MC","@id":"https:\/\/www.webdo.tn\/fr\/#\/schema\/person\/2c4929cbf5a809e3bd38617c6ce150f6"},"headline":"Ligue 1 : Le calendrier du play-off et du play-out","datePublished":"2024-01-15T09:50:00+00:00","dateModified":"2025-05-20T22:11:23+00:00","mainEntityOfPage":{"@id":"https:\/\/www.webdo.tn\/fr\/actualite\/sport\/ligue-1-le-calendrier-du-play-off-et-du-play-out\/211542\/"},"wordCount":273,"commentCount":0,"publisher":{"@id":"https:\/\/www.webdo.tn\/fr\/#organization"},"image":{"@id":"https:\/\/www.webdo.tn\/fr\/actualite\/sport\/ligue-1-le-calendrier-du-play-off-et-du-play-out\/211542\/#primaryimage"},"thumbnailUrl":"https:\/\/www.webdo.tn\/fr\/wp-content\/uploads\/2024\/01\/dba62052e7a4b21aee4629fd03d25757.jpg","keywords":["calendrier","Ligue 1","play-off","play-out"],"articleSection":["Sport"],"inLanguage":"fr-FR"},{"@type":"WebPage","@id":"https:\/\/www.webdo.tn\/fr\/actualite\/sport\/ligue-1-le-calendrier-du-play-off-et-du-play-out\/211542\/","url":"https:\/\/www.webdo.tn\/fr\/actualite\/sport\/ligue-1-le-calendrier-du-play-off-et-du-play-out\/211542\/","name":"Ligue 1 : Le calendrier du play-off et du play-out","isPartOf":{"@id":"https:\/\/www.webdo.tn\/fr\/#website"},"primaryImageOfPage":{"@id":"https:\/\/www.webdo.tn\/fr\/actualite\/sport\/ligue-1-le-calendrier-du-play-off-et-du-play-out\/211542\/#primaryimage"},"image":{"@id":"https:\/\/www.webdo.tn\/fr\/actualite\/sport\/ligue-1-le-calendrier-du-play-off-et-du-play-out\/211542\/#primaryimage"},"thumbnailUrl":"https:\/\/www.webdo.tn\/fr\/wp-content\/uploads\/2024\/01\/dba62052e7a4b21aee4629fd03d25757.jpg","datePublished":"2024-01-15T09:50:00+00:00","dateModified":"2025-05-20T22:11:23+00:00","description":"Le derby entre l'EST et le CA est programm\u00e9 \u00e0 la 3\u00e8me journ\u00e9e.","breadcrumb":{"@id":"https:\/\/www.webdo.tn\/fr\/actualite\/sport\/ligue-1-le-calendrier-du-play-off-et-du-play-out\/211542\/#breadcrumb"},"inLanguage":"fr-FR","potentialAction":[{"@type":"ReadAction","target":["https:\/\/www.webdo.tn\/fr\/actualite\/sport\/ligue-1-le-calendrier-du-play-off-et-du-play-out\/211542\/"]}]},{"@type":"ImageObject","inLanguage":"fr-FR","@id":"https:\/\/www.webdo.tn\/fr\/actualite\/sport\/ligue-1-le-calendrier-du-play-off-et-du-play-out\/211542\/#primaryimage","url":"https:\/\/www.webdo.tn\/fr\/wp-content\/uploads\/2024\/01\/dba62052e7a4b21aee4629fd03d25757.jpg","contentUrl":"https:\/\/www.webdo.tn\/fr\/wp-content\/uploads\/2024\/01\/dba62052e7a4b21aee4629fd03d25757.jpg","width":750,"height":400,"caption":"Ligue 1 : Le calendrier du play-off et du play-out"},{"@type":"BreadcrumbList","@id":"https:\/\/www.webdo.tn\/fr\/actualite\/sport\/ligue-1-le-calendrier-du-play-off-et-du-play-out\/211542\/#breadcrumb","itemListElement":[{"@type":"ListItem","position":1,"name":"Accueil","item":"https:\/\/www.webdo.tn\/fr\/"},{"@type":"ListItem","position":2,"name":"Ligue 1 : Le calendrier du play-off et du play-out"}]},{"@type":"WebSite","@id":"https:\/\/www.webdo.tn\/fr\/#website","url":"https:\/\/www.webdo.tn\/fr\/","name":"webdo","description":"Tunisie - News en Tunisie et \u00e0 l&#039;international sur Webdo.tn","publisher":{"@id":"https:\/\/www.webdo.tn\/fr\/#organization"},"potentialAction":[{"@type":"SearchAction","target":{"@type":"EntryPoint","urlTemplate":"https:\/\/www.webdo.tn\/fr\/?s={search_term_string}"},"query-input":{"@type":"PropertyValueSpecification","valueRequired":true,"valueName":"search_term_string"}}],"inLanguage":"fr-FR"},{"@type":"Organization","@id":"https:\/\/www.webdo.tn\/fr\/#organization","name":"Webdo","alternateName":"Webdo.tn","url":"https:\/\/www.webdo.tn\/fr\/","logo":{"@type":"ImageObject","inLanguage":"fr-FR","@id":"https:\/\/www.webdo.tn\/fr\/#\/schema\/logo\/image\/","url":"https:\/\/www.webdo.tn\/fr\/wp-content\/uploads\/2025\/06\/Webdo-Tunisie_168377.jpg","contentUrl":"https:\/\/www.webdo.tn\/fr\/wp-content\/uploads\/2025\/06\/Webdo-Tunisie_168377.jpg","width":301,"height":301,"caption":"Webdo"},"image":{"@id":"https:\/\/www.webdo.tn\/fr\/#\/schema\/logo\/image\/"},"sameAs":["https:\/\/www.facebook.com\/webdotn","https:\/\/x.com\/webdo_tn"],"description":"Webdo est un m\u00e9dia num\u00e9rique tunisien fond\u00e9 en 2010, sp\u00e9cialis\u00e9 dans l\u2019actualit\u00e9 nationale et internationale, l\u2019\u00e9conomie, la soci\u00e9t\u00e9 et les analyses politiques. Le site s\u2019adresse \u00e0 un large public francophone et couvre l\u2019information tunisienne en temps r\u00e9el.","email":"redac@webdo.tn","legalName":"YNJ SARL","foundingDate":"2010-09-06","numberOfEmployees":{"@type":"QuantitativeValue","minValue":"11","maxValue":"50"}},{"@type":"Person","@id":"https:\/\/www.webdo.tn\/fr\/#\/schema\/person\/2c4929cbf5a809e3bd38617c6ce150f6","name":"MC","image":{"@type":"ImageObject","inLanguage":"fr-FR","@id":"https:\/\/secure.gravatar.com\/avatar\/a545bbb6f84efdd5553dbbc2895e3ca8f1d12c5215e00a041c9670b54aa9b18a?s=96&d=mm&r=g","url":"https:\/\/secure.gravatar.com\/avatar\/a545bbb6f84efdd5553dbbc2895e3ca8f1d12c5215e00a041c9670b54aa9b18a?s=96&d=mm&r=g","contentUrl":"https:\/\/secure.gravatar.com\/avatar\/a545bbb6f84efdd5553dbbc2895e3ca8f1d12c5215e00a041c9670b54aa9b18a?s=96&d=mm&r=g","caption":"MC"},"url":"https:\/\/www.webdo.tn\/fr\/actualite\/author\/mc\/"}]}},"_links":{"self":[{"href":"https:\/\/www.webdo.tn\/fr\/wp-json\/wp\/v2\/posts\/211542","targetHints":{"allow":["GET"]}}],"collection":[{"href":"https:\/\/www.webdo.tn\/fr\/wp-json\/wp\/v2\/posts"}],"about":[{"href":"https:\/\/www.webdo.tn\/fr\/wp-json\/wp\/v2\/types\/post"}],"author":[{"embeddable":true,"href":"https:\/\/www.webdo.tn\/fr\/wp-json\/wp\/v2\/users\/3162"}],"replies":[{"embeddable":true,"href":"https:\/\/www.webdo.tn\/fr\/wp-json\/wp\/v2\/comments?post=211542"}],"version-history":[{"count":0,"href":"https:\/\/www.webdo.tn\/fr\/wp-json\/wp\/v2\/posts\/211542\/revisions"}],"wp:featuredmedia":[{"embeddable":true,"href":"https:\/\/www.webdo.tn\/fr\/wp-json\/wp\/v2\/media\/290076"}],"wp:attachment":[{"href":"https:\/\/www.webdo.tn\/fr\/wp-json\/wp\/v2\/media?parent=211542"}],"wp:term":[{"taxonomy":"category","embeddable":true,"href":"https:\/\/www.webdo.tn\/fr\/wp-json\/wp\/v2\/categories?post=211542"},{"taxonomy":"post_tag","embeddable":true,"href":"https:\/\/www.webdo.tn\/fr\/wp-json\/wp\/v2\/tags?post=211542"}],"curies":[{"name":"wp","href":"https:\/\/api.w.org\/{rel}","templated":true}]}}