{"id":211537,"date":"2024-01-15T00:05:00","date_gmt":"2024-01-15T00:05:00","guid":{"rendered":"https:\/\/www.webdo.tn\/fr\/blog\/el-gouna-2023-christophe-lambert\/211537\/"},"modified":"2025-05-21T08:57:20","modified_gmt":"2025-05-21T08:57:20","slug":"el-gouna-2023-christophe-lambert","status":"publish","type":"post","link":"https:\/\/www.webdo.tn\/fr\/actualite\/culture\/el-gouna-2023-christophe-lambert\/211537\/","title":{"rendered":"El Gouna 2023 &#8211; Conversation avec Christophe Lambert"},"content":{"rendered":"<div class=\"single-body entry-content typography-copy\" itemprop=\"articleBody\">\n<p style=\"font-weight: bold; text-align: justify\">\n\t\t\t\t\t\t\t\t\tLa 6\u00e8me \u00e9dition du Festival d&rsquo;El Gouna, qui s&rsquo;est exceptionnellement d\u00e9roul\u00e9e du 14 au 21 d\u00e9cembre 2023, a \u00e9t\u00e9 marqu\u00e9e par la pr\u00e9sence de l\u2019acteur international Christophe Lambert.\n\t\t\t\t\t\t\t\t<\/p>\n<div class=\"coprs\" style=\"text-align: center\"><\/div>\n<div class=\"coprs\" style=\"text-align: justify\">\n<p><span><span><a href=\"https:\/\/www.webdo.tn\/fr\/actualite\/culture\/el-gouna-2023-ceremonie-de-cloture\/211024\">Lors de la c\u00e9r\u00e9monie de cl\u00f4ture, un hommage a \u00e9t\u00e9 rendu \u00e0 Christophe Lambert. Marianne Khoury, directrice artistique du Festival d&rsquo;El Gouna, lui a remis un prix d\u2019honneur, mettant en lumi\u00e8re sa longue carri\u00e8re artistique et ses comp\u00e9tences exceptionnelles.<\/a><\/span><\/span><\/p>\n<p><span><span>Le parcours de Christophe Lambert a \u00e9t\u00e9 retrac\u00e9 par l&rsquo;acteur lui-m\u00eame, soulignant son \u00e9tonnement d&rsquo;enfant face \u00e0 l&rsquo;id\u00e9e que la cam\u00e9ra puisse capturer les \u00e9motions d&rsquo;un acteur \u00e0 l&rsquo;\u00e9cran. Il a \u00e9galement salu\u00e9 l&rsquo;organisation du Festival d&rsquo;El Gouna, mettant en avant l&rsquo;importance d&rsquo;un festival centr\u00e9 sur l&rsquo;humanit\u00e9, un th\u00e8me qui a profond\u00e9ment motiv\u00e9 sa carri\u00e8re cin\u00e9matographique.<\/span><\/span><\/p>\n<p><span><span>La veille de la cl\u00f4ture, une conversation avec Christophe Lambert, a eu \u00e0 l&rsquo;amphith\u00e9\u00e2tre Plaza, et a captiv\u00e9 l&rsquo;attention des cin\u00e9philes et des passionn\u00e9s du septi\u00e8me art. Cet \u00e9change a offert un moment privil\u00e9gi\u00e9 pour plonger dans l&rsquo;univers fascinant de cet acteur international aux multiples facettes.<\/span><\/span><\/p>\n<p>\u00a0<\/p>\n<p><img decoding=\"async\" alt=\"\" height=\"1024\" src=\"\/assets\/uploads\/images\/\/Neila\/Christophe%20Lambert%20Affiche.jpeg\" width=\"819\"><\/p>\n<p>\u00a0<\/p>\n<p><span><span>Reconnu pour ses r\u00f4les embl\u00e9matiques dans des films tels que <em>Greystoke : La L\u00e9gende de Tarzan, seigneur des singes<\/em> (1984), <em>Highlander<\/em> (1986) et <em>Subway<\/em> (1985), Christophe Lambert a charm\u00e9 l&rsquo;audience en partageant les d\u00e9tails de son parcours atypique. \u00ab\u00a0<em>Je ne peux pas tout vous raconter, je suis n\u00e9 \u00e0 New York, \u00e9lev\u00e9 en \u00c9cosse, ensuite en Suisse&#8230; en fait, j&rsquo;ai v\u00e9cu dans un avion, et j&rsquo;aime cela. J&rsquo;ai \u00e9t\u00e9 d&rsquo;un pays \u00e0 un autre, j&rsquo;ai rencontr\u00e9 tellement de gens diff\u00e9rents. Et je pense que cela m&rsquo;a enrichi et m&rsquo;a aid\u00e9 dans ma carri\u00e8re,<\/em>\u00a0\u00bb a-t-il d\u00e9clar\u00e9 avec son charme caract\u00e9ristique.<\/span><\/span><\/p>\n<p><span><span>L&rsquo;acteur a partag\u00e9 sa vision singuli\u00e8re du \u00ab\u00a0chez soi\u00a0\u00bb, affirmant avec humour que son chez lui \u00e9tait \u00ab\u00a0dans un avion\u00a0\u00bb, tout en ajoutant une touche personnelle en mentionnant que sa v\u00e9ritable demeure \u00e9tait l\u00e0 o\u00f9 se trouvait sa fille, actuellement \u00e0 New York, qu&rsquo;il visitait fr\u00e9quemment.<\/span><\/span><\/p>\n<p><span><span>La conversation a ensuite plong\u00e9 dans les d\u00e9buts de Christophe Lambert dans le monde du cin\u00e9ma. \u00ab\u00a0<em>J&rsquo;ai voulu \u00eatre acteur \u00e0 l&rsquo;\u00e2ge de 12 ans, et j&rsquo;ai d\u00e9cid\u00e9 que je serais un acteur de cin\u00e9ma. J&rsquo;ai d\u2019abord \u00e9t\u00e9 \u00e0 l&rsquo;\u00e9cole, et vers 19 ans, j&rsquo;ai \u00e9t\u00e9 \u00e0 Paris et j&rsquo;ai int\u00e9gr\u00e9 une bonne \u00e9cole d&rsquo;interpr\u00e9tation : le conservatoire. Je voulais faire du cin\u00e9ma, cela me faisait r\u00eaver. J&rsquo;aimais rencontrer des acteurs, des producteurs&#8230;<\/em> \u00ab\u00a0. Ces anecdotes ont transport\u00e9 le public dans le pass\u00e9 de l&rsquo;acteur, offrant un aper\u00e7u de ses r\u00eaves de jeunesse.<\/span><\/span><\/p>\n<p>\u00a0<\/p>\n<p><img decoding=\"async\" alt=\"\" height=\"923\" src=\"\/assets\/uploads\/images\/\/Neila\/Christophe%20Lambert%201.jpeg\" width=\"923\"><\/p>\n<p>\u00a0<\/p>\n<p><span><span>Un moment particuli\u00e8rement fascinant de la conversation a \u00e9t\u00e9 la discussion sur la pr\u00e9paration de Christophe Lambert pour son r\u00f4le dans <em>Greystoke, la l\u00e9gende de Tarzan.<\/em> \u00ab\u00a0<em>En r\u00e9alit\u00e9, la meilleure \u00e9cole de cin\u00e9ma est le &lsquo;chimpanz\u00e9&rsquo;<\/em>,\u00a0\u00bb a-t-il racont\u00e9 avec enthousiasme. Il a d\u00e9clar\u00e9 : \u00ab\u00a0<em>Les le\u00e7ons d&rsquo;acteur les plus profondes que j&rsquo;ai re\u00e7ues \u00e9taient pendant mon temps pass\u00e9 avec les chimpanz\u00e9s parce que les animaux ne trichent pas et ne mentent pas. La cl\u00e9 n&rsquo;est pas d&rsquo;essayer d&rsquo;\u00eatre quelqu&rsquo;un d&rsquo;autre, mais d&rsquo;\u00eatre vous-m\u00eame et d&rsquo;ajouter des parties de vous-m\u00eame dans le personnage. Pr\u00e9parer ce r\u00f4le a \u00e9t\u00e9 tr\u00e8s important, parce qu&rsquo;\u00eatre un singe est vivre sinc\u00e8rement. J&rsquo;ai pass\u00e9 deux mois avec un tr\u00e8s c\u00e9l\u00e8bre v\u00e9t\u00e9rinaire au Texas, et tous les jours, entra\u00eenement intensif pour r\u00e9agir comme un singe. Un des singes \u00e9tait devenu mon ami. Le film a \u00e9t\u00e9 tourn\u00e9 en \u00c9cosse et en Angleterre, et nous avons fait un tv show pour promouvoir le film, et lorsque ce singe qui \u00e9tait devenu mon ami m&rsquo;a vu, il m\u2019a reconnu, il est venu dans mes bras pendant toute l&rsquo;\u00e9mission <\/em>\u00bb.<\/span><\/span><\/p>\n<p><span><span>Il a \u00e9galement d\u00e9taill\u00e9 son entra\u00eenement intensif avec un v\u00e9t\u00e9rinaire au Texas pour apprendre \u00e0 r\u00e9agir et se comporter comme un singe. Les s\u00e9ances d&rsquo;entra\u00eenement quotidiennes, les mois de pr\u00e9paration, et m\u00eame l&rsquo;anecdote touchante d&rsquo;un singe devenant son ami ont ajout\u00e9 une dimension unique \u00e0 l&rsquo;exp\u00e9rience de l&rsquo;acteur.<\/span><\/span><\/p>\n<p>\u00a0<\/p>\n<p><img decoding=\"async\" alt=\"\" height=\"921\" src=\"\/assets\/uploads\/images\/\/Neila\/Christophe%20Lambert%202.jpeg\" width=\"921\"><\/p>\n<p>\u00a0<\/p>\n<p><span><span>Le mod\u00e9rateur a abord\u00e9 le d\u00e9fi de la myopie de Lambert, et paradoxalement, il a entendu dire que Christophe Lambert a \u00e9t\u00e9 choisi pour le r\u00f4le de Tarzan pour sa myopie. Christophe a racont\u00e9 qu\u2019il a \u00e9t\u00e9 confront\u00e9 \u00e0 des commentaires sur sa myopie depuis sa premi\u00e8re jeunesse, qu\u2019il en avait gard\u00e9 un petit complexe, et qu\u2019il refusait d\u2019enlever ses lunettes, y compris lors de castings. \u00ab\u00a0<em>J&rsquo;ai toujours eu un probl\u00e8me avec mes yeux, depuis que j&rsquo;\u00e9tais gosse<\/em>,\u00a0\u00bb a-t-il r\u00e9v\u00e9l\u00e9, \u00ab <em>\u00c0 l&rsquo;\u00e9cole, une fille s&rsquo;est moqu\u00e9e de moi, et m&rsquo;a demand\u00e9 pourquoi je croisais mes yeux. Je ne voulais jamais enlever mes lunettes, et aux castings, je ne voulais pas non plus enlever mes lunettes lorsque on me le demandait<\/em> \u00bb a-t-il ajout\u00e9. Le mod\u00e9rateur: Comment faites-vous toutes ces sc\u00e8nes d&rsquo;action avec votre probl\u00e8me de vue? Christophe: \u00ab <em>Je suis chanceux! Et je suis tellement bien entra\u00een\u00e9 que je n&rsquo;ai pas besoin de voir, mais de sentir<\/em> \u00bb.<\/span><\/span><\/p>\n<p><span><span>L&rsquo;\u00e9change a ensuite explor\u00e9 la carri\u00e8re internationale de Christophe Lambert, depuis ses r\u00f4les \u00e0 Hollywood jusqu&rsquo;\u00e0 son retour en France. Des films embl\u00e9matiques comme <em>Subway<\/em> et \u00a0<em>Highlander<\/em> ont \u00e9t\u00e9 \u00e9voqu\u00e9s, mettant en lumi\u00e8re la polyvalence de l&rsquo;acteur. \u00ab\u00a0<em>Les films que j&rsquo;ai faits sont les films que je voulais faire. Jouer, c&rsquo;est devenir une autre personne,\u00a0\u00bb a d\u00e9clar\u00e9 Lambert, soulignant l&rsquo;essence m\u00eame de son m\u00e9tier.<\/em><\/span><\/span><\/p>\n<p><span><span>La discussion s&rsquo;est pench\u00e9e sur les choix de films de Lambert, r\u00e9v\u00e9lant une approche consciente et d\u00e9lib\u00e9r\u00e9e. \u00ab\u00a0<em>Toutes mes d\u00e9cisions \u00e9taient compl\u00e8tement consciencieuses. Je choisissais en fonction du fun. Lorsque je sentais que je m&rsquo;amusais, je le faisais. Toute ma vie a \u00e9t\u00e9 bas\u00e9e sur ce principe de l\u2019amusement. Lorsque j&rsquo;\u00e9tais enfant, mon p\u00e8re me le reprochait, il me disait que je ne r\u00e9ussirais pas en m&rsquo;amusant. Mais pourtant c&rsquo;est ce que j&rsquo;ai fait. Je me suis toujours amus\u00e9. J&rsquo;ai aussi toujours \u00e9t\u00e9 ce que j&rsquo;\u00e9tais, c&rsquo;est-\u00e0-dire moi-m\u00eame. J&rsquo;\u00e9tais le seul dans la famille qui \u00e9tait s\u00fbr de ce qu&rsquo;il voulait faire<\/em> \u00bb. Ces r\u00e9flexions ont apport\u00e9 un \u00e9clairage int\u00e9ressant sur la philosophie de l&rsquo;acteur et sa recherche constante du plaisir dans son travail et dans sa vie.<\/span><\/span><\/p>\n<p><span><span>La discussion s&rsquo;est cl\u00f4tur\u00e9e par des r\u00e9flexions profondes sur la carri\u00e8re de Christophe Lambert, abordant ses doutes au fil des ann\u00e9es et ses projets les plus r\u00e9cents. Le mod\u00e9rateur a pos\u00e9 une question cl\u00e9 : \u00ab\u00a0<em>Avez-vous d\u00e9j\u00e0 eu des doutes quant \u00e0 votre carri\u00e8re? Pensez-vous que vous auriez pu faire diff\u00e9remment ou mieux?<\/em>\u00a0\u00bb. Lambert a r\u00e9pondu avec une sinc\u00e9rit\u00e9 touchante, affirmant\u00a0: \u00ab\u00a0<em>Les doutes sont in\u00e9vitables. Ils ont fait partie de mon parcours. Aujourd&rsquo;hui, ils sont moins pr\u00e9sents dans mes pens\u00e9es<\/em>\u00a0\u00bb. <\/span><\/span><\/p>\n<p><span><span>Concernant la possibilit\u00e9 de refaire ses choix si sa carri\u00e8re d\u00e9butait aujourd&rsquo;hui, Lambert a partag\u00e9, \u00ab\u00a0<em>En France, peut-\u00eatre que j&rsquo;aurais tent\u00e9 la com\u00e9die. Cependant, je crois que, fondamentalement, mes choix auraient \u00e9t\u00e9 similaires. J&rsquo;ai une inclination pour l&rsquo;action. Peut-\u00eatre que j&rsquo;aurais explor\u00e9 un peu plus la com\u00e9die. Mais au fond, je n&rsquo;ai pas chang\u00e9. Je recherche toujours le plaisir et, si je pense que je ne m&rsquo;amuserais pas en faisant un film, je d\u00e9clinerai l&rsquo;opportunit\u00e9<\/em>.\u00a0\u00bb<\/span><\/span><\/p>\n<p><span><span>Interrog\u00e9 sur la perspective d&rsquo;accepter des r\u00f4les de moindre envergure apr\u00e8s 44 ans de carri\u00e8re, Lambert a r\u00e9pondu de mani\u00e8re positive, d\u00e9clarant, \u00ab\u00a0<em>Oui, bien s\u00fbr, d\u2019autant plus que je ne suis pas certain d&rsquo;avoir le temps et la patience pour des semaines de tournage tr\u00e8s \u00e9tendues. L&rsquo;essentiel pour moi est d&rsquo;agir avec passion, si quelque chose me pla\u00eet, je le ferais, quelle que soit l&rsquo;importance du r\u00f4le<\/em>.\u00a0\u00bb<\/span><\/span><\/p>\n<p><span><span>Le mod\u00e9rateur a \u00e9galement abord\u00e9 une question d&rsquo;actualit\u00e9 en demandant \u00e0 Lambert son point de vue sur la situation \u00e0 Gaza. Celui-ci a exprim\u00e9 la conviction que les acteurs peuvent jouer un r\u00f4le dans la d\u00e9fense d&rsquo;une cause, mais il a soulign\u00e9, \u00ab\u00a0<em>Je ne pense pas avoir \u00e0 m&rsquo;immiscer si je ne peux pas changer les choses. C&rsquo;est une situation horrible, mais que puis-je faire?<\/em>\u00ab\u00a0<\/span><\/span><\/p>\n<p><span><span>La conversation avec Christophe Lambert \u00e0 El Gouna a offert une plong\u00e9e profonde dans la vie et la carri\u00e8re de l&rsquo;acteur, m\u00ealant des anecdotes m\u00e9morables \u00e0 des r\u00e9flexions sinc\u00e8res. Cet \u00e9change authentique a enrichi l&rsquo;exp\u00e9rience des festivaliers, contribuant \u00e0 faire de la 6\u00e8me \u00e9dition du Festival d&rsquo;El Gouna un moment inoubliable pour les cin\u00e9philes du monde entier.<\/span><\/span><\/p>\n<p><span><span><strong>Ne\u00efla Driss<\/strong><\/span><\/span><\/p>\n<\/p><\/div>\n<div class=\"coprs\" style=\"text-align: center\"><\/div><\/div>\n","protected":false},"excerpt":{"rendered":"<p>La 6\u00e8me \u00e9dition du Festival d&rsquo;El Gouna, qui s&rsquo;est exceptionnellement d\u00e9roul\u00e9e du 14 au 21 d\u00e9cembre 2023, a \u00e9t\u00e9 marqu\u00e9e par la pr\u00e9sence de l\u2019acteur international&#8230;<\/p>\n","protected":false},"author":3164,"featured_media":290072,"comment_status":"open","ping_status":"closed","sticky":false,"template":"","format":"standard","meta":{"footnotes":""},"categories":[2594],"tags":[9936,6648,7281,3258,3259,7280],"class_list":["post-211537","post","type-post","status-publish","format-standard","has-post-thumbnail","hentry","category-culture","tag-christophe-lambert","tag-el-gouna","tag-el-gouna-2023","tag-festival-du-film-del-gouna","tag-gff","tag-gff-2023"],"yoast_head":"<!-- This site is optimized with the Yoast SEO Premium plugin v27.5 (Yoast SEO v27.5) - https:\/\/yoast.com\/product\/yoast-seo-premium-wordpress\/ -->\n<title>El Gouna 2023 - Conversation avec Christophe Lambert<\/title>\n<meta name=\"description\" content=\"La 6\u00e8me \u00e9dition du Festival d&#039;El Gouna, qui s&#039;est exceptionnellement d\u00e9roul\u00e9e du 14 au 21 d\u00e9cembre 2023, a \u00e9t\u00e9 marqu\u00e9e par la pr\u00e9sence de l\u2019acteur international...\" \/>\n<link rel=\"canonical\" href=\"https:\/\/www.webdo.tn\/fr\/actualite\/culture\/el-gouna-2023-christophe-lambert\/211537\/\" \/>\n<meta property=\"og:locale\" content=\"fr_FR\" \/>\n<meta property=\"og:type\" content=\"article\" \/>\n<meta property=\"og:title\" content=\"El Gouna 2023 - Conversation avec Christophe Lambert\" \/>\n<meta property=\"og:description\" content=\"La 6\u00e8me \u00e9dition du Festival d&#039;El Gouna, qui s&#039;est exceptionnellement d\u00e9roul\u00e9e du 14 au 21 d\u00e9cembre 2023, a \u00e9t\u00e9 marqu\u00e9e par la pr\u00e9sence de l\u2019acteur international...\" \/>\n<meta property=\"og:url\" content=\"https:\/\/www.webdo.tn\/fr\/actualite\/culture\/el-gouna-2023-christophe-lambert\/211537\/\" \/>\n<meta property=\"og:site_name\" content=\"webdo\" \/>\n<meta property=\"article:publisher\" content=\"https:\/\/www.facebook.com\/webdotn\" \/>\n<meta property=\"article:author\" content=\"https:\/\/www.facebook.com\/massir.destiniii\/\" \/>\n<meta property=\"article:published_time\" content=\"2024-01-15T00:05:00+00:00\" \/>\n<meta property=\"article:modified_time\" content=\"2025-05-21T08:57:20+00:00\" \/>\n<meta property=\"og:image\" content=\"https:\/\/www.webdo.tn\/fr\/wp-content\/uploads\/2024\/01\/c7fd23dd26c00d74495f3e20d71c7706.jpeg\" \/>\n\t<meta property=\"og:image:width\" content=\"750\" \/>\n\t<meta property=\"og:image:height\" content=\"400\" \/>\n\t<meta property=\"og:image:type\" content=\"image\/jpeg\" \/>\n<meta name=\"author\" content=\"Ne\u00efla DRISS\" \/>\n<meta name=\"twitter:card\" content=\"summary_large_image\" \/>\n<meta name=\"twitter:creator\" content=\"@https:\/\/x.com\/MassirDestin\" \/>\n<meta name=\"twitter:site\" content=\"@webdo_tn\" \/>\n<meta name=\"twitter:label1\" content=\"\u00c9crit par\" \/>\n\t<meta name=\"twitter:data1\" content=\"Ne\u00efla DRISS\" \/>\n\t<meta name=\"twitter:label2\" content=\"Dur\u00e9e de lecture estim\u00e9e\" \/>\n\t<meta name=\"twitter:data2\" content=\"7 minutes\" \/>\n<script type=\"application\/ld+json\" class=\"yoast-schema-graph\">{\"@context\":\"https:\\\/\\\/schema.org\",\"@graph\":[{\"@type\":\"NewsArticle\",\"@id\":\"https:\\\/\\\/www.webdo.tn\\\/fr\\\/actualite\\\/culture\\\/el-gouna-2023-christophe-lambert\\\/211537\\\/#article\",\"isPartOf\":{\"@id\":\"https:\\\/\\\/www.webdo.tn\\\/fr\\\/actualite\\\/culture\\\/el-gouna-2023-christophe-lambert\\\/211537\\\/\"},\"author\":{\"name\":\"Ne\u00efla DRISS\",\"@id\":\"https:\\\/\\\/www.webdo.tn\\\/fr\\\/#\\\/schema\\\/person\\\/60d5ba619ed3f58783b0dc82b7dada80\"},\"headline\":\"El Gouna 2023 &#8211; Conversation avec Christophe Lambert\",\"datePublished\":\"2024-01-15T00:05:00+00:00\",\"dateModified\":\"2025-05-21T08:57:20+00:00\",\"mainEntityOfPage\":{\"@id\":\"https:\\\/\\\/www.webdo.tn\\\/fr\\\/actualite\\\/culture\\\/el-gouna-2023-christophe-lambert\\\/211537\\\/\"},\"wordCount\":1566,\"commentCount\":0,\"publisher\":{\"@id\":\"https:\\\/\\\/www.webdo.tn\\\/fr\\\/#organization\"},\"image\":{\"@id\":\"https:\\\/\\\/www.webdo.tn\\\/fr\\\/actualite\\\/culture\\\/el-gouna-2023-christophe-lambert\\\/211537\\\/#primaryimage\"},\"thumbnailUrl\":\"https:\\\/\\\/www.webdo.tn\\\/fr\\\/wp-content\\\/uploads\\\/2024\\\/01\\\/c7fd23dd26c00d74495f3e20d71c7706.jpeg\",\"keywords\":[\"'Christophe Lambert']\",\"El Gouna\",\"El Gouna 2023\",\"Festival du Film d'El Gouna\",\"GFF\",\"GFF 2023\"],\"articleSection\":[\"Culture\"],\"inLanguage\":\"fr-FR\"},{\"@type\":\"WebPage\",\"@id\":\"https:\\\/\\\/www.webdo.tn\\\/fr\\\/actualite\\\/culture\\\/el-gouna-2023-christophe-lambert\\\/211537\\\/\",\"url\":\"https:\\\/\\\/www.webdo.tn\\\/fr\\\/actualite\\\/culture\\\/el-gouna-2023-christophe-lambert\\\/211537\\\/\",\"name\":\"El Gouna 2023 - Conversation avec Christophe Lambert\",\"isPartOf\":{\"@id\":\"https:\\\/\\\/www.webdo.tn\\\/fr\\\/#website\"},\"primaryImageOfPage\":{\"@id\":\"https:\\\/\\\/www.webdo.tn\\\/fr\\\/actualite\\\/culture\\\/el-gouna-2023-christophe-lambert\\\/211537\\\/#primaryimage\"},\"image\":{\"@id\":\"https:\\\/\\\/www.webdo.tn\\\/fr\\\/actualite\\\/culture\\\/el-gouna-2023-christophe-lambert\\\/211537\\\/#primaryimage\"},\"thumbnailUrl\":\"https:\\\/\\\/www.webdo.tn\\\/fr\\\/wp-content\\\/uploads\\\/2024\\\/01\\\/c7fd23dd26c00d74495f3e20d71c7706.jpeg\",\"datePublished\":\"2024-01-15T00:05:00+00:00\",\"dateModified\":\"2025-05-21T08:57:20+00:00\",\"description\":\"La 6\u00e8me \u00e9dition du Festival d'El Gouna, qui s'est exceptionnellement d\u00e9roul\u00e9e du 14 au 21 d\u00e9cembre 2023, a \u00e9t\u00e9 marqu\u00e9e par la pr\u00e9sence de l\u2019acteur international...\",\"breadcrumb\":{\"@id\":\"https:\\\/\\\/www.webdo.tn\\\/fr\\\/actualite\\\/culture\\\/el-gouna-2023-christophe-lambert\\\/211537\\\/#breadcrumb\"},\"inLanguage\":\"fr-FR\",\"potentialAction\":[{\"@type\":\"ReadAction\",\"target\":[\"https:\\\/\\\/www.webdo.tn\\\/fr\\\/actualite\\\/culture\\\/el-gouna-2023-christophe-lambert\\\/211537\\\/\"]}]},{\"@type\":\"ImageObject\",\"inLanguage\":\"fr-FR\",\"@id\":\"https:\\\/\\\/www.webdo.tn\\\/fr\\\/actualite\\\/culture\\\/el-gouna-2023-christophe-lambert\\\/211537\\\/#primaryimage\",\"url\":\"https:\\\/\\\/www.webdo.tn\\\/fr\\\/wp-content\\\/uploads\\\/2024\\\/01\\\/c7fd23dd26c00d74495f3e20d71c7706.jpeg\",\"contentUrl\":\"https:\\\/\\\/www.webdo.tn\\\/fr\\\/wp-content\\\/uploads\\\/2024\\\/01\\\/c7fd23dd26c00d74495f3e20d71c7706.jpeg\",\"width\":750,\"height\":400,\"caption\":\"El Gouna 2023 - Conversation avec Christophe Lambert\"},{\"@type\":\"BreadcrumbList\",\"@id\":\"https:\\\/\\\/www.webdo.tn\\\/fr\\\/actualite\\\/culture\\\/el-gouna-2023-christophe-lambert\\\/211537\\\/#breadcrumb\",\"itemListElement\":[{\"@type\":\"ListItem\",\"position\":1,\"name\":\"Accueil\",\"item\":\"https:\\\/\\\/www.webdo.tn\\\/fr\\\/\"},{\"@type\":\"ListItem\",\"position\":2,\"name\":\"El Gouna 2023 &#8211; Conversation avec Christophe Lambert\"}]},{\"@type\":\"WebSite\",\"@id\":\"https:\\\/\\\/www.webdo.tn\\\/fr\\\/#website\",\"url\":\"https:\\\/\\\/www.webdo.tn\\\/fr\\\/\",\"name\":\"webdo\",\"description\":\"Tunisie - News en Tunisie et \u00e0 l&#039;international sur Webdo.tn\",\"publisher\":{\"@id\":\"https:\\\/\\\/www.webdo.tn\\\/fr\\\/#organization\"},\"potentialAction\":[{\"@type\":\"SearchAction\",\"target\":{\"@type\":\"EntryPoint\",\"urlTemplate\":\"https:\\\/\\\/www.webdo.tn\\\/fr\\\/?s={search_term_string}\"},\"query-input\":{\"@type\":\"PropertyValueSpecification\",\"valueRequired\":true,\"valueName\":\"search_term_string\"}}],\"inLanguage\":\"fr-FR\"},{\"@type\":\"Organization\",\"@id\":\"https:\\\/\\\/www.webdo.tn\\\/fr\\\/#organization\",\"name\":\"Webdo\",\"alternateName\":\"Webdo.tn\",\"url\":\"https:\\\/\\\/www.webdo.tn\\\/fr\\\/\",\"logo\":{\"@type\":\"ImageObject\",\"inLanguage\":\"fr-FR\",\"@id\":\"https:\\\/\\\/www.webdo.tn\\\/fr\\\/#\\\/schema\\\/logo\\\/image\\\/\",\"url\":\"https:\\\/\\\/www.webdo.tn\\\/fr\\\/wp-content\\\/uploads\\\/2025\\\/06\\\/Webdo-Tunisie_168377.jpg\",\"contentUrl\":\"https:\\\/\\\/www.webdo.tn\\\/fr\\\/wp-content\\\/uploads\\\/2025\\\/06\\\/Webdo-Tunisie_168377.jpg\",\"width\":301,\"height\":301,\"caption\":\"Webdo\"},\"image\":{\"@id\":\"https:\\\/\\\/www.webdo.tn\\\/fr\\\/#\\\/schema\\\/logo\\\/image\\\/\"},\"sameAs\":[\"https:\\\/\\\/www.facebook.com\\\/webdotn\",\"https:\\\/\\\/x.com\\\/webdo_tn\"],\"description\":\"Webdo est un m\u00e9dia num\u00e9rique tunisien fond\u00e9 en 2010, sp\u00e9cialis\u00e9 dans l\u2019actualit\u00e9 nationale et internationale, l\u2019\u00e9conomie, la soci\u00e9t\u00e9 et les analyses politiques. Le site s\u2019adresse \u00e0 un large public francophone et couvre l\u2019information tunisienne en temps r\u00e9el.\",\"email\":\"redac@webdo.tn\",\"legalName\":\"YNJ SARL\",\"foundingDate\":\"2010-09-06\",\"numberOfEmployees\":{\"@type\":\"QuantitativeValue\",\"minValue\":\"11\",\"maxValue\":\"50\"}},{\"@type\":\"Person\",\"@id\":\"https:\\\/\\\/www.webdo.tn\\\/fr\\\/#\\\/schema\\\/person\\\/60d5ba619ed3f58783b0dc82b7dada80\",\"name\":\"Ne\u00efla DRISS\",\"image\":{\"@type\":\"ImageObject\",\"inLanguage\":\"fr-FR\",\"@id\":\"https:\\\/\\\/www.webdo.tn\\\/fr\\\/wp-content\\\/uploads\\\/2026\\\/04\\\/neila-driss_avatar-96x96.jpg\",\"url\":\"https:\\\/\\\/www.webdo.tn\\\/fr\\\/wp-content\\\/uploads\\\/2026\\\/04\\\/neila-driss_avatar-96x96.jpg\",\"contentUrl\":\"https:\\\/\\\/www.webdo.tn\\\/fr\\\/wp-content\\\/uploads\\\/2026\\\/04\\\/neila-driss_avatar-96x96.jpg\",\"caption\":\"Ne\u00efla DRISS\"},\"description\":\"Ne\u00efla Driss est juriste, journaliste culturelle et critique de cin\u00e9ma tunisienne. Titulaire d\u2019un DEA en droit priv\u00e9 de l\u2019Universit\u00e9 Paris II et d\u2019un DESS de l\u2019IHEC Carthage, elle d\u00e9bute sa carri\u00e8re comme juriste sp\u00e9cialis\u00e9e en gestion de patrimoine immobilier. Elle s\u2019oriente ensuite vers l\u2019\u00e9criture en ligne, o\u00f9 elle se distingue d\u00e8s 2006 aux Tunisia Blog Awards, avant de se consacrer au journalisme culturel, avec une sp\u00e9cialisation dans la critique cin\u00e9matographique. Elle couvre r\u00e9guli\u00e8rement les grands festivals internationaux, notamment le Festival de Cannes, les Journ\u00e9es Cin\u00e9matographiques de Carthage et le Festival du film du Caire. Membre de l\u2019ATPCC et de la FIPRESCI, elle participe \u00e0 des jurys et initiatives internationales de critique. Depuis 2024, elle est \u00e9lectrice internationale aux Golden Globes. Facebook : https:\\\/\\\/www.facebook.com\\\/massir.destiniii\\\/ X : https:\\\/\\\/x.com\\\/MassirDestin\",\"sameAs\":[\"https:\\\/\\\/www.facebook.com\\\/massir.destiniii\\\/\",\"https:\\\/\\\/www.instagram.com\\\/neila.driss\\\/?hl=fr\",\"https:\\\/\\\/www.linkedin.com\\\/in\\\/neila-driss-22606a80\\\/\",\"https:\\\/\\\/x.com\\\/https:\\\/\\\/x.com\\\/MassirDestin\"],\"knowsAbout\":[\"Cin\u00e9ma international\",\"critique cin\u00e9matographique\",\"festivals de cin\u00e9ma\",\"journalisme culturel\"],\"knowsLanguage\":[\"Fran\u00e7ais\",\"Arabe\",\"Anglais\"],\"jobTitle\":\"Journaliste culturelle et critique de cin\u00e9ma\",\"worksFor\":\"Webdo\",\"url\":\"https:\\\/\\\/www.webdo.tn\\\/fr\\\/actualite\\\/author\\\/neila-driss\\\/\"}]}<\/script>\n<!-- \/ Yoast SEO Premium plugin. -->","yoast_head_json":{"title":"El Gouna 2023 - Conversation avec Christophe Lambert","description":"La 6\u00e8me \u00e9dition du Festival d'El Gouna, qui s'est exceptionnellement d\u00e9roul\u00e9e du 14 au 21 d\u00e9cembre 2023, a \u00e9t\u00e9 marqu\u00e9e par la pr\u00e9sence de l\u2019acteur international...","canonical":"https:\/\/www.webdo.tn\/fr\/actualite\/culture\/el-gouna-2023-christophe-lambert\/211537\/","og_locale":"fr_FR","og_type":"article","og_title":"El Gouna 2023 - Conversation avec Christophe Lambert","og_description":"La 6\u00e8me \u00e9dition du Festival d'El Gouna, qui s'est exceptionnellement d\u00e9roul\u00e9e du 14 au 21 d\u00e9cembre 2023, a \u00e9t\u00e9 marqu\u00e9e par la pr\u00e9sence de l\u2019acteur international...","og_url":"https:\/\/www.webdo.tn\/fr\/actualite\/culture\/el-gouna-2023-christophe-lambert\/211537\/","og_site_name":"webdo","article_publisher":"https:\/\/www.facebook.com\/webdotn","article_author":"https:\/\/www.facebook.com\/massir.destiniii\/","article_published_time":"2024-01-15T00:05:00+00:00","article_modified_time":"2025-05-21T08:57:20+00:00","og_image":[{"width":750,"height":400,"url":"https:\/\/www.webdo.tn\/fr\/wp-content\/uploads\/2024\/01\/c7fd23dd26c00d74495f3e20d71c7706.jpeg","type":"image\/jpeg"}],"author":"Ne\u00efla DRISS","twitter_card":"summary_large_image","twitter_creator":"@https:\/\/x.com\/MassirDestin","twitter_site":"@webdo_tn","twitter_misc":{"\u00c9crit par":"Ne\u00efla DRISS","Dur\u00e9e de lecture estim\u00e9e":"7 minutes"},"schema":{"@context":"https:\/\/schema.org","@graph":[{"@type":"NewsArticle","@id":"https:\/\/www.webdo.tn\/fr\/actualite\/culture\/el-gouna-2023-christophe-lambert\/211537\/#article","isPartOf":{"@id":"https:\/\/www.webdo.tn\/fr\/actualite\/culture\/el-gouna-2023-christophe-lambert\/211537\/"},"author":{"name":"Ne\u00efla DRISS","@id":"https:\/\/www.webdo.tn\/fr\/#\/schema\/person\/60d5ba619ed3f58783b0dc82b7dada80"},"headline":"El Gouna 2023 &#8211; Conversation avec Christophe Lambert","datePublished":"2024-01-15T00:05:00+00:00","dateModified":"2025-05-21T08:57:20+00:00","mainEntityOfPage":{"@id":"https:\/\/www.webdo.tn\/fr\/actualite\/culture\/el-gouna-2023-christophe-lambert\/211537\/"},"wordCount":1566,"commentCount":0,"publisher":{"@id":"https:\/\/www.webdo.tn\/fr\/#organization"},"image":{"@id":"https:\/\/www.webdo.tn\/fr\/actualite\/culture\/el-gouna-2023-christophe-lambert\/211537\/#primaryimage"},"thumbnailUrl":"https:\/\/www.webdo.tn\/fr\/wp-content\/uploads\/2024\/01\/c7fd23dd26c00d74495f3e20d71c7706.jpeg","keywords":["'Christophe Lambert']","El Gouna","El Gouna 2023","Festival du Film d'El Gouna","GFF","GFF 2023"],"articleSection":["Culture"],"inLanguage":"fr-FR"},{"@type":"WebPage","@id":"https:\/\/www.webdo.tn\/fr\/actualite\/culture\/el-gouna-2023-christophe-lambert\/211537\/","url":"https:\/\/www.webdo.tn\/fr\/actualite\/culture\/el-gouna-2023-christophe-lambert\/211537\/","name":"El Gouna 2023 - Conversation avec Christophe Lambert","isPartOf":{"@id":"https:\/\/www.webdo.tn\/fr\/#website"},"primaryImageOfPage":{"@id":"https:\/\/www.webdo.tn\/fr\/actualite\/culture\/el-gouna-2023-christophe-lambert\/211537\/#primaryimage"},"image":{"@id":"https:\/\/www.webdo.tn\/fr\/actualite\/culture\/el-gouna-2023-christophe-lambert\/211537\/#primaryimage"},"thumbnailUrl":"https:\/\/www.webdo.tn\/fr\/wp-content\/uploads\/2024\/01\/c7fd23dd26c00d74495f3e20d71c7706.jpeg","datePublished":"2024-01-15T00:05:00+00:00","dateModified":"2025-05-21T08:57:20+00:00","description":"La 6\u00e8me \u00e9dition du Festival d'El Gouna, qui s'est exceptionnellement d\u00e9roul\u00e9e du 14 au 21 d\u00e9cembre 2023, a \u00e9t\u00e9 marqu\u00e9e par la pr\u00e9sence de l\u2019acteur international...","breadcrumb":{"@id":"https:\/\/www.webdo.tn\/fr\/actualite\/culture\/el-gouna-2023-christophe-lambert\/211537\/#breadcrumb"},"inLanguage":"fr-FR","potentialAction":[{"@type":"ReadAction","target":["https:\/\/www.webdo.tn\/fr\/actualite\/culture\/el-gouna-2023-christophe-lambert\/211537\/"]}]},{"@type":"ImageObject","inLanguage":"fr-FR","@id":"https:\/\/www.webdo.tn\/fr\/actualite\/culture\/el-gouna-2023-christophe-lambert\/211537\/#primaryimage","url":"https:\/\/www.webdo.tn\/fr\/wp-content\/uploads\/2024\/01\/c7fd23dd26c00d74495f3e20d71c7706.jpeg","contentUrl":"https:\/\/www.webdo.tn\/fr\/wp-content\/uploads\/2024\/01\/c7fd23dd26c00d74495f3e20d71c7706.jpeg","width":750,"height":400,"caption":"El Gouna 2023 - Conversation avec Christophe Lambert"},{"@type":"BreadcrumbList","@id":"https:\/\/www.webdo.tn\/fr\/actualite\/culture\/el-gouna-2023-christophe-lambert\/211537\/#breadcrumb","itemListElement":[{"@type":"ListItem","position":1,"name":"Accueil","item":"https:\/\/www.webdo.tn\/fr\/"},{"@type":"ListItem","position":2,"name":"El Gouna 2023 &#8211; Conversation avec Christophe Lambert"}]},{"@type":"WebSite","@id":"https:\/\/www.webdo.tn\/fr\/#website","url":"https:\/\/www.webdo.tn\/fr\/","name":"webdo","description":"Tunisie - News en Tunisie et \u00e0 l&#039;international sur Webdo.tn","publisher":{"@id":"https:\/\/www.webdo.tn\/fr\/#organization"},"potentialAction":[{"@type":"SearchAction","target":{"@type":"EntryPoint","urlTemplate":"https:\/\/www.webdo.tn\/fr\/?s={search_term_string}"},"query-input":{"@type":"PropertyValueSpecification","valueRequired":true,"valueName":"search_term_string"}}],"inLanguage":"fr-FR"},{"@type":"Organization","@id":"https:\/\/www.webdo.tn\/fr\/#organization","name":"Webdo","alternateName":"Webdo.tn","url":"https:\/\/www.webdo.tn\/fr\/","logo":{"@type":"ImageObject","inLanguage":"fr-FR","@id":"https:\/\/www.webdo.tn\/fr\/#\/schema\/logo\/image\/","url":"https:\/\/www.webdo.tn\/fr\/wp-content\/uploads\/2025\/06\/Webdo-Tunisie_168377.jpg","contentUrl":"https:\/\/www.webdo.tn\/fr\/wp-content\/uploads\/2025\/06\/Webdo-Tunisie_168377.jpg","width":301,"height":301,"caption":"Webdo"},"image":{"@id":"https:\/\/www.webdo.tn\/fr\/#\/schema\/logo\/image\/"},"sameAs":["https:\/\/www.facebook.com\/webdotn","https:\/\/x.com\/webdo_tn"],"description":"Webdo est un m\u00e9dia num\u00e9rique tunisien fond\u00e9 en 2010, sp\u00e9cialis\u00e9 dans l\u2019actualit\u00e9 nationale et internationale, l\u2019\u00e9conomie, la soci\u00e9t\u00e9 et les analyses politiques. Le site s\u2019adresse \u00e0 un large public francophone et couvre l\u2019information tunisienne en temps r\u00e9el.","email":"redac@webdo.tn","legalName":"YNJ SARL","foundingDate":"2010-09-06","numberOfEmployees":{"@type":"QuantitativeValue","minValue":"11","maxValue":"50"}},{"@type":"Person","@id":"https:\/\/www.webdo.tn\/fr\/#\/schema\/person\/60d5ba619ed3f58783b0dc82b7dada80","name":"Ne\u00efla DRISS","image":{"@type":"ImageObject","inLanguage":"fr-FR","@id":"https:\/\/www.webdo.tn\/fr\/wp-content\/uploads\/2026\/04\/neila-driss_avatar-96x96.jpg","url":"https:\/\/www.webdo.tn\/fr\/wp-content\/uploads\/2026\/04\/neila-driss_avatar-96x96.jpg","contentUrl":"https:\/\/www.webdo.tn\/fr\/wp-content\/uploads\/2026\/04\/neila-driss_avatar-96x96.jpg","caption":"Ne\u00efla DRISS"},"description":"Ne\u00efla Driss est juriste, journaliste culturelle et critique de cin\u00e9ma tunisienne. Titulaire d\u2019un DEA en droit priv\u00e9 de l\u2019Universit\u00e9 Paris II et d\u2019un DESS de l\u2019IHEC Carthage, elle d\u00e9bute sa carri\u00e8re comme juriste sp\u00e9cialis\u00e9e en gestion de patrimoine immobilier. Elle s\u2019oriente ensuite vers l\u2019\u00e9criture en ligne, o\u00f9 elle se distingue d\u00e8s 2006 aux Tunisia Blog Awards, avant de se consacrer au journalisme culturel, avec une sp\u00e9cialisation dans la critique cin\u00e9matographique. Elle couvre r\u00e9guli\u00e8rement les grands festivals internationaux, notamment le Festival de Cannes, les Journ\u00e9es Cin\u00e9matographiques de Carthage et le Festival du film du Caire. Membre de l\u2019ATPCC et de la FIPRESCI, elle participe \u00e0 des jurys et initiatives internationales de critique. Depuis 2024, elle est \u00e9lectrice internationale aux Golden Globes. Facebook : https:\/\/www.facebook.com\/massir.destiniii\/ X : https:\/\/x.com\/MassirDestin","sameAs":["https:\/\/www.facebook.com\/massir.destiniii\/","https:\/\/www.instagram.com\/neila.driss\/?hl=fr","https:\/\/www.linkedin.com\/in\/neila-driss-22606a80\/","https:\/\/x.com\/https:\/\/x.com\/MassirDestin"],"knowsAbout":["Cin\u00e9ma international","critique cin\u00e9matographique","festivals de cin\u00e9ma","journalisme culturel"],"knowsLanguage":["Fran\u00e7ais","Arabe","Anglais"],"jobTitle":"Journaliste culturelle et critique de cin\u00e9ma","worksFor":"Webdo","url":"https:\/\/www.webdo.tn\/fr\/actualite\/author\/neila-driss\/"}]}},"_links":{"self":[{"href":"https:\/\/www.webdo.tn\/fr\/wp-json\/wp\/v2\/posts\/211537","targetHints":{"allow":["GET"]}}],"collection":[{"href":"https:\/\/www.webdo.tn\/fr\/wp-json\/wp\/v2\/posts"}],"about":[{"href":"https:\/\/www.webdo.tn\/fr\/wp-json\/wp\/v2\/types\/post"}],"author":[{"embeddable":true,"href":"https:\/\/www.webdo.tn\/fr\/wp-json\/wp\/v2\/users\/3164"}],"replies":[{"embeddable":true,"href":"https:\/\/www.webdo.tn\/fr\/wp-json\/wp\/v2\/comments?post=211537"}],"version-history":[{"count":0,"href":"https:\/\/www.webdo.tn\/fr\/wp-json\/wp\/v2\/posts\/211537\/revisions"}],"wp:featuredmedia":[{"embeddable":true,"href":"https:\/\/www.webdo.tn\/fr\/wp-json\/wp\/v2\/media\/290072"}],"wp:attachment":[{"href":"https:\/\/www.webdo.tn\/fr\/wp-json\/wp\/v2\/media?parent=211537"}],"wp:term":[{"taxonomy":"category","embeddable":true,"href":"https:\/\/www.webdo.tn\/fr\/wp-json\/wp\/v2\/categories?post=211537"},{"taxonomy":"post_tag","embeddable":true,"href":"https:\/\/www.webdo.tn\/fr\/wp-json\/wp\/v2\/tags?post=211537"}],"curies":[{"name":"wp","href":"https:\/\/api.w.org\/{rel}","templated":true}]}}