{"id":211530,"date":"2024-01-14T12:32:00","date_gmt":"2024-01-14T12:32:00","guid":{"rendered":"https:\/\/www.webdo.tn\/fr\/blog\/fete-de-la-revolution-le-front-de-salut-manifeste-a-tunis\/211530\/"},"modified":"2025-05-20T22:38:22","modified_gmt":"2025-05-20T22:38:22","slug":"fete-de-la-revolution-le-front-de-salut-manifeste-a-tunis","status":"publish","type":"post","link":"https:\/\/www.webdo.tn\/fr\/actualite\/national\/fete-de-la-revolution-le-front-de-salut-manifeste-a-tunis\/211530\/","title":{"rendered":"F\u00eate de la R\u00e9volution : Le Front de Salut manifeste \u00e0 Tunis\u00a0"},"content":{"rendered":"<p>Pour c\u00e9l\u00e9brer la r\u00e9volution tunisienne, le Front de Salut a observ\u00e9 ce dimanche 14 janvier 2024, une marche protestataire \u00e0 Tunis.\u00a0<\/p>\n<p>En effet, les diff\u00e9rentes figures du Front ont renouvel\u00e9 leur refus des dispositions du 25 juillet et de tout le processus engag\u00e9 par le chef de l\u2019Etat Kais Saied.\u00a0<\/p>\n<p>A cet effet, le porte-parole du Front Nejib Chebbi a d\u00e9clar\u00e9 qu\u2019ils sont en train d\u2019\u00e9tudier leur participation aux prochaines \u00e9lections pr\u00e9sidentielles, laissant croire que des conditions doivent \u00eatre r\u00e9unies comme la lib\u00e9ration de \u00ab tous les d\u00e9tenus politiques \u00bb.\u00a0<\/p>\n<p>Chebbi a \u00e9galement d\u00e9nonc\u00e9 ce qu\u2019il a appel\u00e9 les arrestations arbitraires des opposants politiques appelant \u00e0 mettre fin d\u2019urgence \u00e0 cette situation. \u00a0<\/p>\n<p>Treize ans d\u00e9j\u00e0 depuis les \u00e9v\u00e8nements du 14 janvier. Alors, les Tunisiens esp\u00e9raient voir leur pays se mettre sur les rails du d\u00e9veloppement, de la prosp\u00e9rit\u00e9 et du progr\u00e8s, aujourd\u2019hui, la date symbolique de la fuite de Ben Ali n\u2019est plus c\u00e9l\u00e9br\u00e9e.<\/p>\n","protected":false},"excerpt":{"rendered":"<p>En effet, les diff\u00e9rentes figures du Front ont renouvel\u00e9 leur refus des dispositions du 25 juillet et de tout le processus engag\u00e9 par le chef de l\u2019Etat Kais Sai&#8230;<\/p>\n","protected":false},"author":3175,"featured_media":248249,"comment_status":"open","ping_status":"closed","sticky":false,"template":"","format":"standard","meta":{"footnotes":""},"categories":[44],"tags":[5999,2608],"class_list":["post-211530","post","type-post","status-publish","format-standard","has-post-thumbnail","hentry","category-national","tag-front-de-salut","tag-tunisie"],"yoast_head":"<!-- This site is optimized with the Yoast SEO Premium plugin v27.4 (Yoast SEO v27.4) - https:\/\/yoast.com\/product\/yoast-seo-premium-wordpress\/ -->\n<title>F\u00eate de la R\u00e9volution : Le Front de Salut manifeste \u00e0 Tunis\u00a0<\/title>\n<meta name=\"description\" content=\"En effet, les diff\u00e9rentes figures du Front ont renouvel\u00e9 leur refus des dispositions du 25 juillet et de tout le processus engag\u00e9 par le chef de l\u2019Etat Kais Sai...\" \/>\n<link rel=\"canonical\" href=\"https:\/\/www.webdo.tn\/fr\/actualite\/national\/fete-de-la-revolution-le-front-de-salut-manifeste-a-tunis\/211530\/\" \/>\n<meta property=\"og:locale\" content=\"fr_FR\" \/>\n<meta property=\"og:type\" content=\"article\" \/>\n<meta property=\"og:title\" content=\"F\u00eate de la R\u00e9volution : Le Front de Salut manifeste \u00e0 Tunis\u00a0\" \/>\n<meta property=\"og:description\" content=\"En effet, les diff\u00e9rentes figures du Front ont renouvel\u00e9 leur refus des dispositions du 25 juillet et de tout le processus engag\u00e9 par le chef de l\u2019Etat Kais Sai...\" \/>\n<meta property=\"og:url\" content=\"https:\/\/www.webdo.tn\/fr\/actualite\/national\/fete-de-la-revolution-le-front-de-salut-manifeste-a-tunis\/211530\/\" \/>\n<meta property=\"og:site_name\" content=\"webdo\" \/>\n<meta property=\"article:publisher\" content=\"https:\/\/www.facebook.com\/webdotn\" \/>\n<meta property=\"article:published_time\" content=\"2024-01-14T12:32:00+00:00\" \/>\n<meta property=\"article:modified_time\" content=\"2025-05-20T22:38:22+00:00\" \/>\n<meta property=\"og:image\" content=\"https:\/\/www.webdo.tn\/fr\/wp-content\/uploads\/2024\/01\/56b72cfc3f9bda131047a74138c541bc.jpg\" \/>\n\t<meta property=\"og:image:width\" content=\"750\" \/>\n\t<meta property=\"og:image:height\" content=\"400\" \/>\n\t<meta property=\"og:image:type\" content=\"image\/jpeg\" \/>\n<meta name=\"author\" content=\"CL\" \/>\n<meta name=\"twitter:card\" content=\"summary_large_image\" \/>\n<meta name=\"twitter:creator\" content=\"@webdo_tn\" \/>\n<meta name=\"twitter:site\" content=\"@webdo_tn\" \/>\n<meta name=\"twitter:label1\" content=\"\u00c9crit par\" \/>\n\t<meta name=\"twitter:data1\" content=\"CL\" \/>\n\t<meta name=\"twitter:label2\" content=\"Dur\u00e9e de lecture estim\u00e9e\" \/>\n\t<meta name=\"twitter:data2\" content=\"1 minute\" \/>\n<script type=\"application\/ld+json\" class=\"yoast-schema-graph\">{\"@context\":\"https:\\\/\\\/schema.org\",\"@graph\":[{\"@type\":\"NewsArticle\",\"@id\":\"https:\\\/\\\/www.webdo.tn\\\/fr\\\/actualite\\\/national\\\/fete-de-la-revolution-le-front-de-salut-manifeste-a-tunis\\\/211530\\\/#article\",\"isPartOf\":{\"@id\":\"https:\\\/\\\/www.webdo.tn\\\/fr\\\/actualite\\\/national\\\/fete-de-la-revolution-le-front-de-salut-manifeste-a-tunis\\\/211530\\\/\"},\"author\":{\"name\":\"CL\",\"@id\":\"https:\\\/\\\/www.webdo.tn\\\/fr\\\/#\\\/schema\\\/person\\\/f35b42a42c5e2511bbd282959d6385cc\"},\"headline\":\"F\u00eate de la R\u00e9volution : Le Front de Salut manifeste \u00e0 Tunis\u00a0\",\"datePublished\":\"2024-01-14T12:32:00+00:00\",\"dateModified\":\"2025-05-20T22:38:22+00:00\",\"mainEntityOfPage\":{\"@id\":\"https:\\\/\\\/www.webdo.tn\\\/fr\\\/actualite\\\/national\\\/fete-de-la-revolution-le-front-de-salut-manifeste-a-tunis\\\/211530\\\/\"},\"wordCount\":183,\"commentCount\":0,\"publisher\":{\"@id\":\"https:\\\/\\\/www.webdo.tn\\\/fr\\\/#organization\"},\"image\":{\"@id\":\"https:\\\/\\\/www.webdo.tn\\\/fr\\\/actualite\\\/national\\\/fete-de-la-revolution-le-front-de-salut-manifeste-a-tunis\\\/211530\\\/#primaryimage\"},\"thumbnailUrl\":\"https:\\\/\\\/www.webdo.tn\\\/fr\\\/wp-content\\\/uploads\\\/2024\\\/01\\\/56b72cfc3f9bda131047a74138c541bc.jpg\",\"keywords\":[\"Front de salut\",\"Tunisie\"],\"articleSection\":[\"National\"],\"inLanguage\":\"fr-FR\"},{\"@type\":\"WebPage\",\"@id\":\"https:\\\/\\\/www.webdo.tn\\\/fr\\\/actualite\\\/national\\\/fete-de-la-revolution-le-front-de-salut-manifeste-a-tunis\\\/211530\\\/\",\"url\":\"https:\\\/\\\/www.webdo.tn\\\/fr\\\/actualite\\\/national\\\/fete-de-la-revolution-le-front-de-salut-manifeste-a-tunis\\\/211530\\\/\",\"name\":\"F\u00eate de la R\u00e9volution : Le Front de Salut manifeste \u00e0 Tunis\u00a0\",\"isPartOf\":{\"@id\":\"https:\\\/\\\/www.webdo.tn\\\/fr\\\/#website\"},\"primaryImageOfPage\":{\"@id\":\"https:\\\/\\\/www.webdo.tn\\\/fr\\\/actualite\\\/national\\\/fete-de-la-revolution-le-front-de-salut-manifeste-a-tunis\\\/211530\\\/#primaryimage\"},\"image\":{\"@id\":\"https:\\\/\\\/www.webdo.tn\\\/fr\\\/actualite\\\/national\\\/fete-de-la-revolution-le-front-de-salut-manifeste-a-tunis\\\/211530\\\/#primaryimage\"},\"thumbnailUrl\":\"https:\\\/\\\/www.webdo.tn\\\/fr\\\/wp-content\\\/uploads\\\/2024\\\/01\\\/56b72cfc3f9bda131047a74138c541bc.jpg\",\"datePublished\":\"2024-01-14T12:32:00+00:00\",\"dateModified\":\"2025-05-20T22:38:22+00:00\",\"description\":\"En effet, les diff\u00e9rentes figures du Front ont renouvel\u00e9 leur refus des dispositions du 25 juillet et de tout le processus engag\u00e9 par le chef de l\u2019Etat Kais Sai...\",\"breadcrumb\":{\"@id\":\"https:\\\/\\\/www.webdo.tn\\\/fr\\\/actualite\\\/national\\\/fete-de-la-revolution-le-front-de-salut-manifeste-a-tunis\\\/211530\\\/#breadcrumb\"},\"inLanguage\":\"fr-FR\",\"potentialAction\":[{\"@type\":\"ReadAction\",\"target\":[\"https:\\\/\\\/www.webdo.tn\\\/fr\\\/actualite\\\/national\\\/fete-de-la-revolution-le-front-de-salut-manifeste-a-tunis\\\/211530\\\/\"]}]},{\"@type\":\"ImageObject\",\"inLanguage\":\"fr-FR\",\"@id\":\"https:\\\/\\\/www.webdo.tn\\\/fr\\\/actualite\\\/national\\\/fete-de-la-revolution-le-front-de-salut-manifeste-a-tunis\\\/211530\\\/#primaryimage\",\"url\":\"https:\\\/\\\/www.webdo.tn\\\/fr\\\/wp-content\\\/uploads\\\/2024\\\/01\\\/56b72cfc3f9bda131047a74138c541bc.jpg\",\"contentUrl\":\"https:\\\/\\\/www.webdo.tn\\\/fr\\\/wp-content\\\/uploads\\\/2024\\\/01\\\/56b72cfc3f9bda131047a74138c541bc.jpg\",\"width\":750,\"height\":400,\"caption\":\"F\u00eate de la R\u00e9volution : Le Front de Salut manifeste \u00e0 Tunis\u00a0\"},{\"@type\":\"BreadcrumbList\",\"@id\":\"https:\\\/\\\/www.webdo.tn\\\/fr\\\/actualite\\\/national\\\/fete-de-la-revolution-le-front-de-salut-manifeste-a-tunis\\\/211530\\\/#breadcrumb\",\"itemListElement\":[{\"@type\":\"ListItem\",\"position\":1,\"name\":\"Accueil\",\"item\":\"https:\\\/\\\/www.webdo.tn\\\/fr\\\/\"},{\"@type\":\"ListItem\",\"position\":2,\"name\":\"F\u00eate de la R\u00e9volution : Le Front de Salut manifeste \u00e0 Tunis\u00a0\"}]},{\"@type\":\"WebSite\",\"@id\":\"https:\\\/\\\/www.webdo.tn\\\/fr\\\/#website\",\"url\":\"https:\\\/\\\/www.webdo.tn\\\/fr\\\/\",\"name\":\"webdo\",\"description\":\"Tunisie - News en Tunisie et \u00e0 l&#039;international sur Webdo.tn\",\"publisher\":{\"@id\":\"https:\\\/\\\/www.webdo.tn\\\/fr\\\/#organization\"},\"potentialAction\":[{\"@type\":\"SearchAction\",\"target\":{\"@type\":\"EntryPoint\",\"urlTemplate\":\"https:\\\/\\\/www.webdo.tn\\\/fr\\\/?s={search_term_string}\"},\"query-input\":{\"@type\":\"PropertyValueSpecification\",\"valueRequired\":true,\"valueName\":\"search_term_string\"}}],\"inLanguage\":\"fr-FR\"},{\"@type\":\"Organization\",\"@id\":\"https:\\\/\\\/www.webdo.tn\\\/fr\\\/#organization\",\"name\":\"Webdo\",\"alternateName\":\"Webdo.tn\",\"url\":\"https:\\\/\\\/www.webdo.tn\\\/fr\\\/\",\"logo\":{\"@type\":\"ImageObject\",\"inLanguage\":\"fr-FR\",\"@id\":\"https:\\\/\\\/www.webdo.tn\\\/fr\\\/#\\\/schema\\\/logo\\\/image\\\/\",\"url\":\"https:\\\/\\\/www.webdo.tn\\\/fr\\\/wp-content\\\/uploads\\\/2025\\\/06\\\/Webdo-Tunisie_168377.jpg\",\"contentUrl\":\"https:\\\/\\\/www.webdo.tn\\\/fr\\\/wp-content\\\/uploads\\\/2025\\\/06\\\/Webdo-Tunisie_168377.jpg\",\"width\":301,\"height\":301,\"caption\":\"Webdo\"},\"image\":{\"@id\":\"https:\\\/\\\/www.webdo.tn\\\/fr\\\/#\\\/schema\\\/logo\\\/image\\\/\"},\"sameAs\":[\"https:\\\/\\\/www.facebook.com\\\/webdotn\",\"https:\\\/\\\/x.com\\\/webdo_tn\"],\"description\":\"Webdo est un m\u00e9dia num\u00e9rique tunisien fond\u00e9 en 2010, sp\u00e9cialis\u00e9 dans l\u2019actualit\u00e9 nationale et internationale, l\u2019\u00e9conomie, la soci\u00e9t\u00e9 et les analyses politiques. Le site s\u2019adresse \u00e0 un large public francophone et couvre l\u2019information tunisienne en temps r\u00e9el.\",\"email\":\"redac@webdo.tn\",\"legalName\":\"YNJ SARL\",\"foundingDate\":\"2010-09-06\",\"numberOfEmployees\":{\"@type\":\"QuantitativeValue\",\"minValue\":\"11\",\"maxValue\":\"50\"}},{\"@type\":\"Person\",\"@id\":\"https:\\\/\\\/www.webdo.tn\\\/fr\\\/#\\\/schema\\\/person\\\/f35b42a42c5e2511bbd282959d6385cc\",\"name\":\"CL\",\"image\":{\"@type\":\"ImageObject\",\"inLanguage\":\"fr-FR\",\"@id\":\"https:\\\/\\\/secure.gravatar.com\\\/avatar\\\/1447a49909b67aa657c488aec6512e1dd6143a480c1ecfee9b5b5cd74eb3b59e?s=96&d=mm&r=g\",\"url\":\"https:\\\/\\\/secure.gravatar.com\\\/avatar\\\/1447a49909b67aa657c488aec6512e1dd6143a480c1ecfee9b5b5cd74eb3b59e?s=96&d=mm&r=g\",\"contentUrl\":\"https:\\\/\\\/secure.gravatar.com\\\/avatar\\\/1447a49909b67aa657c488aec6512e1dd6143a480c1ecfee9b5b5cd74eb3b59e?s=96&d=mm&r=g\",\"caption\":\"CL\"},\"url\":\"https:\\\/\\\/www.webdo.tn\\\/fr\\\/actualite\\\/author\\\/cl\\\/\"}]}<\/script>\n<!-- \/ Yoast SEO Premium plugin. -->","yoast_head_json":{"title":"F\u00eate de la R\u00e9volution : Le Front de Salut manifeste \u00e0 Tunis\u00a0","description":"En effet, les diff\u00e9rentes figures du Front ont renouvel\u00e9 leur refus des dispositions du 25 juillet et de tout le processus engag\u00e9 par le chef de l\u2019Etat Kais Sai...","canonical":"https:\/\/www.webdo.tn\/fr\/actualite\/national\/fete-de-la-revolution-le-front-de-salut-manifeste-a-tunis\/211530\/","og_locale":"fr_FR","og_type":"article","og_title":"F\u00eate de la R\u00e9volution : Le Front de Salut manifeste \u00e0 Tunis\u00a0","og_description":"En effet, les diff\u00e9rentes figures du Front ont renouvel\u00e9 leur refus des dispositions du 25 juillet et de tout le processus engag\u00e9 par le chef de l\u2019Etat Kais Sai...","og_url":"https:\/\/www.webdo.tn\/fr\/actualite\/national\/fete-de-la-revolution-le-front-de-salut-manifeste-a-tunis\/211530\/","og_site_name":"webdo","article_publisher":"https:\/\/www.facebook.com\/webdotn","article_published_time":"2024-01-14T12:32:00+00:00","article_modified_time":"2025-05-20T22:38:22+00:00","og_image":[{"width":750,"height":400,"url":"https:\/\/www.webdo.tn\/fr\/wp-content\/uploads\/2024\/01\/56b72cfc3f9bda131047a74138c541bc.jpg","type":"image\/jpeg"}],"author":"CL","twitter_card":"summary_large_image","twitter_creator":"@webdo_tn","twitter_site":"@webdo_tn","twitter_misc":{"\u00c9crit par":"CL","Dur\u00e9e de lecture estim\u00e9e":"1 minute"},"schema":{"@context":"https:\/\/schema.org","@graph":[{"@type":"NewsArticle","@id":"https:\/\/www.webdo.tn\/fr\/actualite\/national\/fete-de-la-revolution-le-front-de-salut-manifeste-a-tunis\/211530\/#article","isPartOf":{"@id":"https:\/\/www.webdo.tn\/fr\/actualite\/national\/fete-de-la-revolution-le-front-de-salut-manifeste-a-tunis\/211530\/"},"author":{"name":"CL","@id":"https:\/\/www.webdo.tn\/fr\/#\/schema\/person\/f35b42a42c5e2511bbd282959d6385cc"},"headline":"F\u00eate de la R\u00e9volution : Le Front de Salut manifeste \u00e0 Tunis\u00a0","datePublished":"2024-01-14T12:32:00+00:00","dateModified":"2025-05-20T22:38:22+00:00","mainEntityOfPage":{"@id":"https:\/\/www.webdo.tn\/fr\/actualite\/national\/fete-de-la-revolution-le-front-de-salut-manifeste-a-tunis\/211530\/"},"wordCount":183,"commentCount":0,"publisher":{"@id":"https:\/\/www.webdo.tn\/fr\/#organization"},"image":{"@id":"https:\/\/www.webdo.tn\/fr\/actualite\/national\/fete-de-la-revolution-le-front-de-salut-manifeste-a-tunis\/211530\/#primaryimage"},"thumbnailUrl":"https:\/\/www.webdo.tn\/fr\/wp-content\/uploads\/2024\/01\/56b72cfc3f9bda131047a74138c541bc.jpg","keywords":["Front de salut","Tunisie"],"articleSection":["National"],"inLanguage":"fr-FR"},{"@type":"WebPage","@id":"https:\/\/www.webdo.tn\/fr\/actualite\/national\/fete-de-la-revolution-le-front-de-salut-manifeste-a-tunis\/211530\/","url":"https:\/\/www.webdo.tn\/fr\/actualite\/national\/fete-de-la-revolution-le-front-de-salut-manifeste-a-tunis\/211530\/","name":"F\u00eate de la R\u00e9volution : Le Front de Salut manifeste \u00e0 Tunis\u00a0","isPartOf":{"@id":"https:\/\/www.webdo.tn\/fr\/#website"},"primaryImageOfPage":{"@id":"https:\/\/www.webdo.tn\/fr\/actualite\/national\/fete-de-la-revolution-le-front-de-salut-manifeste-a-tunis\/211530\/#primaryimage"},"image":{"@id":"https:\/\/www.webdo.tn\/fr\/actualite\/national\/fete-de-la-revolution-le-front-de-salut-manifeste-a-tunis\/211530\/#primaryimage"},"thumbnailUrl":"https:\/\/www.webdo.tn\/fr\/wp-content\/uploads\/2024\/01\/56b72cfc3f9bda131047a74138c541bc.jpg","datePublished":"2024-01-14T12:32:00+00:00","dateModified":"2025-05-20T22:38:22+00:00","description":"En effet, les diff\u00e9rentes figures du Front ont renouvel\u00e9 leur refus des dispositions du 25 juillet et de tout le processus engag\u00e9 par le chef de l\u2019Etat Kais Sai...","breadcrumb":{"@id":"https:\/\/www.webdo.tn\/fr\/actualite\/national\/fete-de-la-revolution-le-front-de-salut-manifeste-a-tunis\/211530\/#breadcrumb"},"inLanguage":"fr-FR","potentialAction":[{"@type":"ReadAction","target":["https:\/\/www.webdo.tn\/fr\/actualite\/national\/fete-de-la-revolution-le-front-de-salut-manifeste-a-tunis\/211530\/"]}]},{"@type":"ImageObject","inLanguage":"fr-FR","@id":"https:\/\/www.webdo.tn\/fr\/actualite\/national\/fete-de-la-revolution-le-front-de-salut-manifeste-a-tunis\/211530\/#primaryimage","url":"https:\/\/www.webdo.tn\/fr\/wp-content\/uploads\/2024\/01\/56b72cfc3f9bda131047a74138c541bc.jpg","contentUrl":"https:\/\/www.webdo.tn\/fr\/wp-content\/uploads\/2024\/01\/56b72cfc3f9bda131047a74138c541bc.jpg","width":750,"height":400,"caption":"F\u00eate de la R\u00e9volution : Le Front de Salut manifeste \u00e0 Tunis\u00a0"},{"@type":"BreadcrumbList","@id":"https:\/\/www.webdo.tn\/fr\/actualite\/national\/fete-de-la-revolution-le-front-de-salut-manifeste-a-tunis\/211530\/#breadcrumb","itemListElement":[{"@type":"ListItem","position":1,"name":"Accueil","item":"https:\/\/www.webdo.tn\/fr\/"},{"@type":"ListItem","position":2,"name":"F\u00eate de la R\u00e9volution : Le Front de Salut manifeste \u00e0 Tunis\u00a0"}]},{"@type":"WebSite","@id":"https:\/\/www.webdo.tn\/fr\/#website","url":"https:\/\/www.webdo.tn\/fr\/","name":"webdo","description":"Tunisie - News en Tunisie et \u00e0 l&#039;international sur Webdo.tn","publisher":{"@id":"https:\/\/www.webdo.tn\/fr\/#organization"},"potentialAction":[{"@type":"SearchAction","target":{"@type":"EntryPoint","urlTemplate":"https:\/\/www.webdo.tn\/fr\/?s={search_term_string}"},"query-input":{"@type":"PropertyValueSpecification","valueRequired":true,"valueName":"search_term_string"}}],"inLanguage":"fr-FR"},{"@type":"Organization","@id":"https:\/\/www.webdo.tn\/fr\/#organization","name":"Webdo","alternateName":"Webdo.tn","url":"https:\/\/www.webdo.tn\/fr\/","logo":{"@type":"ImageObject","inLanguage":"fr-FR","@id":"https:\/\/www.webdo.tn\/fr\/#\/schema\/logo\/image\/","url":"https:\/\/www.webdo.tn\/fr\/wp-content\/uploads\/2025\/06\/Webdo-Tunisie_168377.jpg","contentUrl":"https:\/\/www.webdo.tn\/fr\/wp-content\/uploads\/2025\/06\/Webdo-Tunisie_168377.jpg","width":301,"height":301,"caption":"Webdo"},"image":{"@id":"https:\/\/www.webdo.tn\/fr\/#\/schema\/logo\/image\/"},"sameAs":["https:\/\/www.facebook.com\/webdotn","https:\/\/x.com\/webdo_tn"],"description":"Webdo est un m\u00e9dia num\u00e9rique tunisien fond\u00e9 en 2010, sp\u00e9cialis\u00e9 dans l\u2019actualit\u00e9 nationale et internationale, l\u2019\u00e9conomie, la soci\u00e9t\u00e9 et les analyses politiques. Le site s\u2019adresse \u00e0 un large public francophone et couvre l\u2019information tunisienne en temps r\u00e9el.","email":"redac@webdo.tn","legalName":"YNJ SARL","foundingDate":"2010-09-06","numberOfEmployees":{"@type":"QuantitativeValue","minValue":"11","maxValue":"50"}},{"@type":"Person","@id":"https:\/\/www.webdo.tn\/fr\/#\/schema\/person\/f35b42a42c5e2511bbd282959d6385cc","name":"CL","image":{"@type":"ImageObject","inLanguage":"fr-FR","@id":"https:\/\/secure.gravatar.com\/avatar\/1447a49909b67aa657c488aec6512e1dd6143a480c1ecfee9b5b5cd74eb3b59e?s=96&d=mm&r=g","url":"https:\/\/secure.gravatar.com\/avatar\/1447a49909b67aa657c488aec6512e1dd6143a480c1ecfee9b5b5cd74eb3b59e?s=96&d=mm&r=g","contentUrl":"https:\/\/secure.gravatar.com\/avatar\/1447a49909b67aa657c488aec6512e1dd6143a480c1ecfee9b5b5cd74eb3b59e?s=96&d=mm&r=g","caption":"CL"},"url":"https:\/\/www.webdo.tn\/fr\/actualite\/author\/cl\/"}]}},"_links":{"self":[{"href":"https:\/\/www.webdo.tn\/fr\/wp-json\/wp\/v2\/posts\/211530","targetHints":{"allow":["GET"]}}],"collection":[{"href":"https:\/\/www.webdo.tn\/fr\/wp-json\/wp\/v2\/posts"}],"about":[{"href":"https:\/\/www.webdo.tn\/fr\/wp-json\/wp\/v2\/types\/post"}],"author":[{"embeddable":true,"href":"https:\/\/www.webdo.tn\/fr\/wp-json\/wp\/v2\/users\/3175"}],"replies":[{"embeddable":true,"href":"https:\/\/www.webdo.tn\/fr\/wp-json\/wp\/v2\/comments?post=211530"}],"version-history":[{"count":0,"href":"https:\/\/www.webdo.tn\/fr\/wp-json\/wp\/v2\/posts\/211530\/revisions"}],"wp:featuredmedia":[{"embeddable":true,"href":"https:\/\/www.webdo.tn\/fr\/wp-json\/wp\/v2\/media\/248249"}],"wp:attachment":[{"href":"https:\/\/www.webdo.tn\/fr\/wp-json\/wp\/v2\/media?parent=211530"}],"wp:term":[{"taxonomy":"category","embeddable":true,"href":"https:\/\/www.webdo.tn\/fr\/wp-json\/wp\/v2\/categories?post=211530"},{"taxonomy":"post_tag","embeddable":true,"href":"https:\/\/www.webdo.tn\/fr\/wp-json\/wp\/v2\/tags?post=211530"}],"curies":[{"name":"wp","href":"https:\/\/api.w.org\/{rel}","templated":true}]}}