{"id":211527,"date":"2024-01-14T10:13:00","date_gmt":"2024-01-14T10:13:00","guid":{"rendered":"https:\/\/www.webdo.tn\/fr\/blog\/tunisie-progression-record-du-trafic-aerien-des-passagers\/211527\/"},"modified":"2025-05-20T22:38:21","modified_gmt":"2025-05-20T22:38:21","slug":"tunisie-progression-record-du-trafic-aerien-des-passagers","status":"publish","type":"post","link":"https:\/\/www.webdo.tn\/fr\/actualite\/national\/tunisie-progression-record-du-trafic-aerien-des-passagers\/211527\/","title":{"rendered":"Tunisie : Progression record du trafic a\u00e9rien des passagers"},"content":{"rendered":"<p>Depuis la cr\u00e9ation de l\u2019Office de l\u2019aviation civile et des a\u00e9roports (OACA), ce chiffre n\u2019a jamais \u00e9t\u00e9 atteint.\u00a0<\/p>\n<p>En 2023, le trafic a\u00e9rien des passagers via les a\u00e9roports tunisiens a progress\u00e9 de 21,9%, par rapport \u00e0 l&rsquo;ann\u00e9e 2022, atteignant ainsi un record, pour s\u2019\u00e9tablir \u00e0 8.813.040 \u00ab\u00a0mouvements passagers\u00a0\u00bb, selon les donn\u00e9es publi\u00e9es, samedi, par l\u2019Office.<\/p>\n<p>Cette tendance haussi\u00e8re a marqu\u00e9 le trafic a\u00e9rien dans la majorit\u00e9 des a\u00e9roports tunisiens, avec une augmentation de 19,7% pour l\u2019a\u00e9roport international de Tunis Carthage (6649912 mouvements passagers), de 28,4% pour l\u2019a\u00e9roport international de Djerba-Zarzis (1964 347 mouvements passagers), de 46,1% pour l\u2019a\u00e9roport international de Sfax-Thyna (173 984 mouvements).<\/p>\n<p>Pour \u00a0\u00bb les mouvements avions \u00ab\u00a0, les a\u00e9roports tunisiens exploit\u00e9s par l\u2019OACA ont enregistr\u00e9, en 2023, une hausse du nombre total des avions de 15,68% par rapport l\u2019ann\u00e9e 2022 pour se situer \u00e0 75372 vols.<\/p>\n<p>Le trafic \u00ab\u00a0mouvements avions\u00a0\u00bb a progress\u00e9, ainsi, de 17,4% pour l\u2019a\u00e9roport international de Tunis Carthage (55961 mouvements), de 15,5% pour l\u2019a\u00e9roport international de Djerba-Zarzis (14 939 mouvements) et de 2% pour l\u2019a\u00e9roport international de Sfax-Thyna (3 810 mouvements).<\/p>\n","protected":false},"excerpt":{"rendered":"<p>En 2023, le trafic a\u00e9rien des passagers via les a\u00e9roports tunisiens a progress\u00e9 de 21,9%, par rapport \u00e0 l&rsquo;ann\u00e9e 2022, atteignant ainsi un record, pour s\u2019\u00e9tablir&#8230;<\/p>\n","protected":false},"author":3175,"featured_media":248245,"comment_status":"open","ping_status":"closed","sticky":false,"template":"","format":"standard","meta":{"footnotes":""},"categories":[44],"tags":[6388,4502,2608],"class_list":["post-211527","post","type-post","status-publish","format-standard","has-post-thumbnail","hentry","category-national","tag-record","tag-trafic-aerien","tag-tunisie"],"yoast_head":"<!-- This site is optimized with the Yoast SEO Premium plugin v27.5 (Yoast SEO v27.5) - https:\/\/yoast.com\/product\/yoast-seo-premium-wordpress\/ -->\n<title>Tunisie : Progression record du trafic a\u00e9rien des passagers<\/title>\n<meta name=\"description\" content=\"En 2023, le trafic a\u00e9rien des passagers via les a\u00e9roports tunisiens a progress\u00e9 de 21,9%, par rapport \u00e0 l&#039;ann\u00e9e 2022, atteignant ainsi un record, pour s\u2019\u00e9tablir...\" \/>\n<link rel=\"canonical\" href=\"https:\/\/www.webdo.tn\/fr\/actualite\/national\/tunisie-progression-record-du-trafic-aerien-des-passagers\/211527\/\" \/>\n<meta property=\"og:locale\" content=\"fr_FR\" \/>\n<meta property=\"og:type\" content=\"article\" \/>\n<meta property=\"og:title\" content=\"Tunisie : Progression record du trafic a\u00e9rien des passagers\" \/>\n<meta property=\"og:description\" content=\"En 2023, le trafic a\u00e9rien des passagers via les a\u00e9roports tunisiens a progress\u00e9 de 21,9%, par rapport \u00e0 l&#039;ann\u00e9e 2022, atteignant ainsi un record, pour s\u2019\u00e9tablir...\" \/>\n<meta property=\"og:url\" content=\"https:\/\/www.webdo.tn\/fr\/actualite\/national\/tunisie-progression-record-du-trafic-aerien-des-passagers\/211527\/\" \/>\n<meta property=\"og:site_name\" content=\"webdo\" \/>\n<meta property=\"article:publisher\" content=\"https:\/\/www.facebook.com\/webdotn\" \/>\n<meta property=\"article:published_time\" content=\"2024-01-14T10:13:00+00:00\" \/>\n<meta property=\"article:modified_time\" content=\"2025-05-20T22:38:21+00:00\" \/>\n<meta property=\"og:image\" content=\"https:\/\/www.webdo.tn\/fr\/wp-content\/uploads\/2024\/01\/20af70b8f94fa732bc799bf793112ff5.jpg\" \/>\n\t<meta property=\"og:image:width\" content=\"750\" \/>\n\t<meta property=\"og:image:height\" content=\"400\" \/>\n\t<meta property=\"og:image:type\" content=\"image\/jpeg\" \/>\n<meta name=\"author\" content=\"CL\" \/>\n<meta name=\"twitter:card\" content=\"summary_large_image\" \/>\n<meta name=\"twitter:creator\" content=\"@webdo_tn\" \/>\n<meta name=\"twitter:site\" content=\"@webdo_tn\" \/>\n<meta name=\"twitter:label1\" content=\"\u00c9crit par\" \/>\n\t<meta name=\"twitter:data1\" content=\"CL\" \/>\n\t<meta name=\"twitter:label2\" content=\"Dur\u00e9e de lecture estim\u00e9e\" \/>\n\t<meta name=\"twitter:data2\" content=\"1 minute\" \/>\n<script type=\"application\/ld+json\" class=\"yoast-schema-graph\">{\"@context\":\"https:\\\/\\\/schema.org\",\"@graph\":[{\"@type\":\"NewsArticle\",\"@id\":\"https:\\\/\\\/www.webdo.tn\\\/fr\\\/actualite\\\/national\\\/tunisie-progression-record-du-trafic-aerien-des-passagers\\\/211527\\\/#article\",\"isPartOf\":{\"@id\":\"https:\\\/\\\/www.webdo.tn\\\/fr\\\/actualite\\\/national\\\/tunisie-progression-record-du-trafic-aerien-des-passagers\\\/211527\\\/\"},\"author\":{\"name\":\"CL\",\"@id\":\"https:\\\/\\\/www.webdo.tn\\\/fr\\\/#\\\/schema\\\/person\\\/f35b42a42c5e2511bbd282959d6385cc\"},\"headline\":\"Tunisie : Progression record du trafic a\u00e9rien des passagers\",\"datePublished\":\"2024-01-14T10:13:00+00:00\",\"dateModified\":\"2025-05-20T22:38:21+00:00\",\"mainEntityOfPage\":{\"@id\":\"https:\\\/\\\/www.webdo.tn\\\/fr\\\/actualite\\\/national\\\/tunisie-progression-record-du-trafic-aerien-des-passagers\\\/211527\\\/\"},\"wordCount\":190,\"commentCount\":0,\"publisher\":{\"@id\":\"https:\\\/\\\/www.webdo.tn\\\/fr\\\/#organization\"},\"image\":{\"@id\":\"https:\\\/\\\/www.webdo.tn\\\/fr\\\/actualite\\\/national\\\/tunisie-progression-record-du-trafic-aerien-des-passagers\\\/211527\\\/#primaryimage\"},\"thumbnailUrl\":\"https:\\\/\\\/www.webdo.tn\\\/fr\\\/wp-content\\\/uploads\\\/2024\\\/01\\\/20af70b8f94fa732bc799bf793112ff5.jpg\",\"keywords\":[\"record\",\"trafic a\u00e9rien\",\"Tunisie\"],\"articleSection\":[\"National\"],\"inLanguage\":\"fr-FR\"},{\"@type\":\"WebPage\",\"@id\":\"https:\\\/\\\/www.webdo.tn\\\/fr\\\/actualite\\\/national\\\/tunisie-progression-record-du-trafic-aerien-des-passagers\\\/211527\\\/\",\"url\":\"https:\\\/\\\/www.webdo.tn\\\/fr\\\/actualite\\\/national\\\/tunisie-progression-record-du-trafic-aerien-des-passagers\\\/211527\\\/\",\"name\":\"Tunisie : Progression record du trafic a\u00e9rien des passagers\",\"isPartOf\":{\"@id\":\"https:\\\/\\\/www.webdo.tn\\\/fr\\\/#website\"},\"primaryImageOfPage\":{\"@id\":\"https:\\\/\\\/www.webdo.tn\\\/fr\\\/actualite\\\/national\\\/tunisie-progression-record-du-trafic-aerien-des-passagers\\\/211527\\\/#primaryimage\"},\"image\":{\"@id\":\"https:\\\/\\\/www.webdo.tn\\\/fr\\\/actualite\\\/national\\\/tunisie-progression-record-du-trafic-aerien-des-passagers\\\/211527\\\/#primaryimage\"},\"thumbnailUrl\":\"https:\\\/\\\/www.webdo.tn\\\/fr\\\/wp-content\\\/uploads\\\/2024\\\/01\\\/20af70b8f94fa732bc799bf793112ff5.jpg\",\"datePublished\":\"2024-01-14T10:13:00+00:00\",\"dateModified\":\"2025-05-20T22:38:21+00:00\",\"description\":\"En 2023, le trafic a\u00e9rien des passagers via les a\u00e9roports tunisiens a progress\u00e9 de 21,9%, par rapport \u00e0 l'ann\u00e9e 2022, atteignant ainsi un record, pour s\u2019\u00e9tablir...\",\"breadcrumb\":{\"@id\":\"https:\\\/\\\/www.webdo.tn\\\/fr\\\/actualite\\\/national\\\/tunisie-progression-record-du-trafic-aerien-des-passagers\\\/211527\\\/#breadcrumb\"},\"inLanguage\":\"fr-FR\",\"potentialAction\":[{\"@type\":\"ReadAction\",\"target\":[\"https:\\\/\\\/www.webdo.tn\\\/fr\\\/actualite\\\/national\\\/tunisie-progression-record-du-trafic-aerien-des-passagers\\\/211527\\\/\"]}]},{\"@type\":\"ImageObject\",\"inLanguage\":\"fr-FR\",\"@id\":\"https:\\\/\\\/www.webdo.tn\\\/fr\\\/actualite\\\/national\\\/tunisie-progression-record-du-trafic-aerien-des-passagers\\\/211527\\\/#primaryimage\",\"url\":\"https:\\\/\\\/www.webdo.tn\\\/fr\\\/wp-content\\\/uploads\\\/2024\\\/01\\\/20af70b8f94fa732bc799bf793112ff5.jpg\",\"contentUrl\":\"https:\\\/\\\/www.webdo.tn\\\/fr\\\/wp-content\\\/uploads\\\/2024\\\/01\\\/20af70b8f94fa732bc799bf793112ff5.jpg\",\"width\":750,\"height\":400,\"caption\":\"Tunisie : Progression record du trafic a\u00e9rien des passagers\"},{\"@type\":\"BreadcrumbList\",\"@id\":\"https:\\\/\\\/www.webdo.tn\\\/fr\\\/actualite\\\/national\\\/tunisie-progression-record-du-trafic-aerien-des-passagers\\\/211527\\\/#breadcrumb\",\"itemListElement\":[{\"@type\":\"ListItem\",\"position\":1,\"name\":\"Accueil\",\"item\":\"https:\\\/\\\/www.webdo.tn\\\/fr\\\/\"},{\"@type\":\"ListItem\",\"position\":2,\"name\":\"Tunisie : Progression record du trafic a\u00e9rien des passagers\"}]},{\"@type\":\"WebSite\",\"@id\":\"https:\\\/\\\/www.webdo.tn\\\/fr\\\/#website\",\"url\":\"https:\\\/\\\/www.webdo.tn\\\/fr\\\/\",\"name\":\"webdo\",\"description\":\"Tunisie - News en Tunisie et \u00e0 l&#039;international sur Webdo.tn\",\"publisher\":{\"@id\":\"https:\\\/\\\/www.webdo.tn\\\/fr\\\/#organization\"},\"potentialAction\":[{\"@type\":\"SearchAction\",\"target\":{\"@type\":\"EntryPoint\",\"urlTemplate\":\"https:\\\/\\\/www.webdo.tn\\\/fr\\\/?s={search_term_string}\"},\"query-input\":{\"@type\":\"PropertyValueSpecification\",\"valueRequired\":true,\"valueName\":\"search_term_string\"}}],\"inLanguage\":\"fr-FR\"},{\"@type\":\"Organization\",\"@id\":\"https:\\\/\\\/www.webdo.tn\\\/fr\\\/#organization\",\"name\":\"Webdo\",\"alternateName\":\"Webdo.tn\",\"url\":\"https:\\\/\\\/www.webdo.tn\\\/fr\\\/\",\"logo\":{\"@type\":\"ImageObject\",\"inLanguage\":\"fr-FR\",\"@id\":\"https:\\\/\\\/www.webdo.tn\\\/fr\\\/#\\\/schema\\\/logo\\\/image\\\/\",\"url\":\"https:\\\/\\\/www.webdo.tn\\\/fr\\\/wp-content\\\/uploads\\\/2025\\\/06\\\/Webdo-Tunisie_168377.jpg\",\"contentUrl\":\"https:\\\/\\\/www.webdo.tn\\\/fr\\\/wp-content\\\/uploads\\\/2025\\\/06\\\/Webdo-Tunisie_168377.jpg\",\"width\":301,\"height\":301,\"caption\":\"Webdo\"},\"image\":{\"@id\":\"https:\\\/\\\/www.webdo.tn\\\/fr\\\/#\\\/schema\\\/logo\\\/image\\\/\"},\"sameAs\":[\"https:\\\/\\\/www.facebook.com\\\/webdotn\",\"https:\\\/\\\/x.com\\\/webdo_tn\"],\"description\":\"Webdo est un m\u00e9dia num\u00e9rique tunisien fond\u00e9 en 2010, sp\u00e9cialis\u00e9 dans l\u2019actualit\u00e9 nationale et internationale, l\u2019\u00e9conomie, la soci\u00e9t\u00e9 et les analyses politiques. Le site s\u2019adresse \u00e0 un large public francophone et couvre l\u2019information tunisienne en temps r\u00e9el.\",\"email\":\"redac@webdo.tn\",\"legalName\":\"YNJ SARL\",\"foundingDate\":\"2010-09-06\",\"numberOfEmployees\":{\"@type\":\"QuantitativeValue\",\"minValue\":\"11\",\"maxValue\":\"50\"}},{\"@type\":\"Person\",\"@id\":\"https:\\\/\\\/www.webdo.tn\\\/fr\\\/#\\\/schema\\\/person\\\/f35b42a42c5e2511bbd282959d6385cc\",\"name\":\"CL\",\"image\":{\"@type\":\"ImageObject\",\"inLanguage\":\"fr-FR\",\"@id\":\"https:\\\/\\\/secure.gravatar.com\\\/avatar\\\/1447a49909b67aa657c488aec6512e1dd6143a480c1ecfee9b5b5cd74eb3b59e?s=96&d=mm&r=g\",\"url\":\"https:\\\/\\\/secure.gravatar.com\\\/avatar\\\/1447a49909b67aa657c488aec6512e1dd6143a480c1ecfee9b5b5cd74eb3b59e?s=96&d=mm&r=g\",\"contentUrl\":\"https:\\\/\\\/secure.gravatar.com\\\/avatar\\\/1447a49909b67aa657c488aec6512e1dd6143a480c1ecfee9b5b5cd74eb3b59e?s=96&d=mm&r=g\",\"caption\":\"CL\"},\"url\":\"https:\\\/\\\/www.webdo.tn\\\/fr\\\/actualite\\\/author\\\/cl\\\/\"}]}<\/script>\n<!-- \/ Yoast SEO Premium plugin. -->","yoast_head_json":{"title":"Tunisie : Progression record du trafic a\u00e9rien des passagers","description":"En 2023, le trafic a\u00e9rien des passagers via les a\u00e9roports tunisiens a progress\u00e9 de 21,9%, par rapport \u00e0 l'ann\u00e9e 2022, atteignant ainsi un record, pour s\u2019\u00e9tablir...","canonical":"https:\/\/www.webdo.tn\/fr\/actualite\/national\/tunisie-progression-record-du-trafic-aerien-des-passagers\/211527\/","og_locale":"fr_FR","og_type":"article","og_title":"Tunisie : Progression record du trafic a\u00e9rien des passagers","og_description":"En 2023, le trafic a\u00e9rien des passagers via les a\u00e9roports tunisiens a progress\u00e9 de 21,9%, par rapport \u00e0 l'ann\u00e9e 2022, atteignant ainsi un record, pour s\u2019\u00e9tablir...","og_url":"https:\/\/www.webdo.tn\/fr\/actualite\/national\/tunisie-progression-record-du-trafic-aerien-des-passagers\/211527\/","og_site_name":"webdo","article_publisher":"https:\/\/www.facebook.com\/webdotn","article_published_time":"2024-01-14T10:13:00+00:00","article_modified_time":"2025-05-20T22:38:21+00:00","og_image":[{"width":750,"height":400,"url":"https:\/\/www.webdo.tn\/fr\/wp-content\/uploads\/2024\/01\/20af70b8f94fa732bc799bf793112ff5.jpg","type":"image\/jpeg"}],"author":"CL","twitter_card":"summary_large_image","twitter_creator":"@webdo_tn","twitter_site":"@webdo_tn","twitter_misc":{"\u00c9crit par":"CL","Dur\u00e9e de lecture estim\u00e9e":"1 minute"},"schema":{"@context":"https:\/\/schema.org","@graph":[{"@type":"NewsArticle","@id":"https:\/\/www.webdo.tn\/fr\/actualite\/national\/tunisie-progression-record-du-trafic-aerien-des-passagers\/211527\/#article","isPartOf":{"@id":"https:\/\/www.webdo.tn\/fr\/actualite\/national\/tunisie-progression-record-du-trafic-aerien-des-passagers\/211527\/"},"author":{"name":"CL","@id":"https:\/\/www.webdo.tn\/fr\/#\/schema\/person\/f35b42a42c5e2511bbd282959d6385cc"},"headline":"Tunisie : Progression record du trafic a\u00e9rien des passagers","datePublished":"2024-01-14T10:13:00+00:00","dateModified":"2025-05-20T22:38:21+00:00","mainEntityOfPage":{"@id":"https:\/\/www.webdo.tn\/fr\/actualite\/national\/tunisie-progression-record-du-trafic-aerien-des-passagers\/211527\/"},"wordCount":190,"commentCount":0,"publisher":{"@id":"https:\/\/www.webdo.tn\/fr\/#organization"},"image":{"@id":"https:\/\/www.webdo.tn\/fr\/actualite\/national\/tunisie-progression-record-du-trafic-aerien-des-passagers\/211527\/#primaryimage"},"thumbnailUrl":"https:\/\/www.webdo.tn\/fr\/wp-content\/uploads\/2024\/01\/20af70b8f94fa732bc799bf793112ff5.jpg","keywords":["record","trafic a\u00e9rien","Tunisie"],"articleSection":["National"],"inLanguage":"fr-FR"},{"@type":"WebPage","@id":"https:\/\/www.webdo.tn\/fr\/actualite\/national\/tunisie-progression-record-du-trafic-aerien-des-passagers\/211527\/","url":"https:\/\/www.webdo.tn\/fr\/actualite\/national\/tunisie-progression-record-du-trafic-aerien-des-passagers\/211527\/","name":"Tunisie : Progression record du trafic a\u00e9rien des passagers","isPartOf":{"@id":"https:\/\/www.webdo.tn\/fr\/#website"},"primaryImageOfPage":{"@id":"https:\/\/www.webdo.tn\/fr\/actualite\/national\/tunisie-progression-record-du-trafic-aerien-des-passagers\/211527\/#primaryimage"},"image":{"@id":"https:\/\/www.webdo.tn\/fr\/actualite\/national\/tunisie-progression-record-du-trafic-aerien-des-passagers\/211527\/#primaryimage"},"thumbnailUrl":"https:\/\/www.webdo.tn\/fr\/wp-content\/uploads\/2024\/01\/20af70b8f94fa732bc799bf793112ff5.jpg","datePublished":"2024-01-14T10:13:00+00:00","dateModified":"2025-05-20T22:38:21+00:00","description":"En 2023, le trafic a\u00e9rien des passagers via les a\u00e9roports tunisiens a progress\u00e9 de 21,9%, par rapport \u00e0 l'ann\u00e9e 2022, atteignant ainsi un record, pour s\u2019\u00e9tablir...","breadcrumb":{"@id":"https:\/\/www.webdo.tn\/fr\/actualite\/national\/tunisie-progression-record-du-trafic-aerien-des-passagers\/211527\/#breadcrumb"},"inLanguage":"fr-FR","potentialAction":[{"@type":"ReadAction","target":["https:\/\/www.webdo.tn\/fr\/actualite\/national\/tunisie-progression-record-du-trafic-aerien-des-passagers\/211527\/"]}]},{"@type":"ImageObject","inLanguage":"fr-FR","@id":"https:\/\/www.webdo.tn\/fr\/actualite\/national\/tunisie-progression-record-du-trafic-aerien-des-passagers\/211527\/#primaryimage","url":"https:\/\/www.webdo.tn\/fr\/wp-content\/uploads\/2024\/01\/20af70b8f94fa732bc799bf793112ff5.jpg","contentUrl":"https:\/\/www.webdo.tn\/fr\/wp-content\/uploads\/2024\/01\/20af70b8f94fa732bc799bf793112ff5.jpg","width":750,"height":400,"caption":"Tunisie : Progression record du trafic a\u00e9rien des passagers"},{"@type":"BreadcrumbList","@id":"https:\/\/www.webdo.tn\/fr\/actualite\/national\/tunisie-progression-record-du-trafic-aerien-des-passagers\/211527\/#breadcrumb","itemListElement":[{"@type":"ListItem","position":1,"name":"Accueil","item":"https:\/\/www.webdo.tn\/fr\/"},{"@type":"ListItem","position":2,"name":"Tunisie : Progression record du trafic a\u00e9rien des passagers"}]},{"@type":"WebSite","@id":"https:\/\/www.webdo.tn\/fr\/#website","url":"https:\/\/www.webdo.tn\/fr\/","name":"webdo","description":"Tunisie - News en Tunisie et \u00e0 l&#039;international sur Webdo.tn","publisher":{"@id":"https:\/\/www.webdo.tn\/fr\/#organization"},"potentialAction":[{"@type":"SearchAction","target":{"@type":"EntryPoint","urlTemplate":"https:\/\/www.webdo.tn\/fr\/?s={search_term_string}"},"query-input":{"@type":"PropertyValueSpecification","valueRequired":true,"valueName":"search_term_string"}}],"inLanguage":"fr-FR"},{"@type":"Organization","@id":"https:\/\/www.webdo.tn\/fr\/#organization","name":"Webdo","alternateName":"Webdo.tn","url":"https:\/\/www.webdo.tn\/fr\/","logo":{"@type":"ImageObject","inLanguage":"fr-FR","@id":"https:\/\/www.webdo.tn\/fr\/#\/schema\/logo\/image\/","url":"https:\/\/www.webdo.tn\/fr\/wp-content\/uploads\/2025\/06\/Webdo-Tunisie_168377.jpg","contentUrl":"https:\/\/www.webdo.tn\/fr\/wp-content\/uploads\/2025\/06\/Webdo-Tunisie_168377.jpg","width":301,"height":301,"caption":"Webdo"},"image":{"@id":"https:\/\/www.webdo.tn\/fr\/#\/schema\/logo\/image\/"},"sameAs":["https:\/\/www.facebook.com\/webdotn","https:\/\/x.com\/webdo_tn"],"description":"Webdo est un m\u00e9dia num\u00e9rique tunisien fond\u00e9 en 2010, sp\u00e9cialis\u00e9 dans l\u2019actualit\u00e9 nationale et internationale, l\u2019\u00e9conomie, la soci\u00e9t\u00e9 et les analyses politiques. Le site s\u2019adresse \u00e0 un large public francophone et couvre l\u2019information tunisienne en temps r\u00e9el.","email":"redac@webdo.tn","legalName":"YNJ SARL","foundingDate":"2010-09-06","numberOfEmployees":{"@type":"QuantitativeValue","minValue":"11","maxValue":"50"}},{"@type":"Person","@id":"https:\/\/www.webdo.tn\/fr\/#\/schema\/person\/f35b42a42c5e2511bbd282959d6385cc","name":"CL","image":{"@type":"ImageObject","inLanguage":"fr-FR","@id":"https:\/\/secure.gravatar.com\/avatar\/1447a49909b67aa657c488aec6512e1dd6143a480c1ecfee9b5b5cd74eb3b59e?s=96&d=mm&r=g","url":"https:\/\/secure.gravatar.com\/avatar\/1447a49909b67aa657c488aec6512e1dd6143a480c1ecfee9b5b5cd74eb3b59e?s=96&d=mm&r=g","contentUrl":"https:\/\/secure.gravatar.com\/avatar\/1447a49909b67aa657c488aec6512e1dd6143a480c1ecfee9b5b5cd74eb3b59e?s=96&d=mm&r=g","caption":"CL"},"url":"https:\/\/www.webdo.tn\/fr\/actualite\/author\/cl\/"}]}},"_links":{"self":[{"href":"https:\/\/www.webdo.tn\/fr\/wp-json\/wp\/v2\/posts\/211527","targetHints":{"allow":["GET"]}}],"collection":[{"href":"https:\/\/www.webdo.tn\/fr\/wp-json\/wp\/v2\/posts"}],"about":[{"href":"https:\/\/www.webdo.tn\/fr\/wp-json\/wp\/v2\/types\/post"}],"author":[{"embeddable":true,"href":"https:\/\/www.webdo.tn\/fr\/wp-json\/wp\/v2\/users\/3175"}],"replies":[{"embeddable":true,"href":"https:\/\/www.webdo.tn\/fr\/wp-json\/wp\/v2\/comments?post=211527"}],"version-history":[{"count":0,"href":"https:\/\/www.webdo.tn\/fr\/wp-json\/wp\/v2\/posts\/211527\/revisions"}],"wp:featuredmedia":[{"embeddable":true,"href":"https:\/\/www.webdo.tn\/fr\/wp-json\/wp\/v2\/media\/248245"}],"wp:attachment":[{"href":"https:\/\/www.webdo.tn\/fr\/wp-json\/wp\/v2\/media?parent=211527"}],"wp:term":[{"taxonomy":"category","embeddable":true,"href":"https:\/\/www.webdo.tn\/fr\/wp-json\/wp\/v2\/categories?post=211527"},{"taxonomy":"post_tag","embeddable":true,"href":"https:\/\/www.webdo.tn\/fr\/wp-json\/wp\/v2\/tags?post=211527"}],"curies":[{"name":"wp","href":"https:\/\/api.w.org\/{rel}","templated":true}]}}