{"id":211516,"date":"2024-01-13T09:12:00","date_gmt":"2024-01-13T09:12:00","guid":{"rendered":"https:\/\/www.webdo.tn\/fr\/blog\/le-portugais-miguel-cardoso-nouvel-entraineur-de-l-esperance-st\/211516\/"},"modified":"2025-05-20T22:11:22","modified_gmt":"2025-05-20T22:11:22","slug":"le-portugais-miguel-cardoso-nouvel-entraineur-de-l-esperance-st","status":"publish","type":"post","link":"https:\/\/www.webdo.tn\/fr\/actualite\/sport\/le-portugais-miguel-cardoso-nouvel-entraineur-de-l-esperance-st\/211516\/","title":{"rendered":"Le Portugais Miguel Cardoso, nouvel entra\u00eeneur de l&rsquo;Esp\u00e9rance ST"},"content":{"rendered":"<p>L\u2019Esp\u00e9rance de Tunis a un nouvel entra\u00eeneur, le troisi\u00e8me de la saison apr\u00e8s Mouine Cha\u00e2bani et Tarek Thabet.<\/p>\n<p>\t\t\t\t\t\t\t\t\tIl s\u2019agit du Portugais Miguel Cardoso dont l\u2019arriv\u00e9e a \u00e9t\u00e9 officialis\u00e9e ce vendredi 12 janvier. Il remplace Tarek Thabet et assurera sa premi\u00e8re s\u00e9ance d\u2019entra\u00eenement, lundi 15 janvier.<\/p>\n<p>Cardoso sera accompagn\u00e9 dans sa t\u00e2che, de Fabio Fernandez et Chamseddine Dhaouadi comme entraineurs adjoints ; Carlos Miguel et Sabri Bouazizi comme pr\u00e9parateurs physiques ; Wassim Naouara comme entraineur des gardiens ; et Wissem Safoua comme analyste vid\u00e9o.<\/p>\n","protected":false},"excerpt":{"rendered":"<p>Le Portugais Miguel Cardoso est le nouvel entra\u00eeneur de l\u2019Esp\u00e9rance de Tunis.<\/p>\n","protected":false},"author":3162,"featured_media":290071,"comment_status":"open","ping_status":"closed","sticky":false,"template":"","format":"standard","meta":{"footnotes":""},"categories":[2593],"tags":[9935,3102],"class_list":["post-211516","post","type-post","status-publish","format-standard","has-post-thumbnail","hentry","category-sport","tag-miguel-cardoso","tag-esperance-st"],"yoast_head":"<!-- This site is optimized with the Yoast SEO Premium plugin v27.5 (Yoast SEO v27.5) - https:\/\/yoast.com\/product\/yoast-seo-premium-wordpress\/ -->\n<title>Le Portugais Miguel Cardoso, nouvel entra\u00eeneur de l&#039;Esp\u00e9rance ST<\/title>\n<meta name=\"description\" content=\"Le Portugais Miguel Cardoso est le nouvel entra\u00eeneur de l\u2019Esp\u00e9rance de Tunis.\" \/>\n<link rel=\"canonical\" href=\"https:\/\/www.webdo.tn\/fr\/actualite\/sport\/le-portugais-miguel-cardoso-nouvel-entraineur-de-l-esperance-st\/211516\/\" \/>\n<meta property=\"og:locale\" content=\"fr_FR\" \/>\n<meta property=\"og:type\" content=\"article\" \/>\n<meta property=\"og:title\" content=\"Le Portugais Miguel Cardoso, nouvel entra\u00eeneur de l&#039;Esp\u00e9rance ST\" \/>\n<meta property=\"og:description\" content=\"Le Portugais Miguel Cardoso est le nouvel entra\u00eeneur de l\u2019Esp\u00e9rance de Tunis.\" \/>\n<meta property=\"og:url\" content=\"https:\/\/www.webdo.tn\/fr\/actualite\/sport\/le-portugais-miguel-cardoso-nouvel-entraineur-de-l-esperance-st\/211516\/\" \/>\n<meta property=\"og:site_name\" content=\"webdo\" \/>\n<meta property=\"article:publisher\" content=\"https:\/\/www.facebook.com\/webdotn\" \/>\n<meta property=\"article:published_time\" content=\"2024-01-13T09:12:00+00:00\" \/>\n<meta property=\"article:modified_time\" content=\"2025-05-20T22:11:22+00:00\" \/>\n<meta property=\"og:image\" content=\"https:\/\/www.webdo.tn\/fr\/wp-content\/uploads\/2024\/01\/2aa6efe9661f71c142d15b9aff15423d.jpg\" \/>\n\t<meta property=\"og:image:width\" content=\"609\" \/>\n\t<meta property=\"og:image:height\" content=\"325\" \/>\n\t<meta property=\"og:image:type\" content=\"image\/jpeg\" \/>\n<meta name=\"author\" content=\"MC\" \/>\n<meta name=\"twitter:card\" content=\"summary_large_image\" \/>\n<meta name=\"twitter:creator\" content=\"@webdo_tn\" \/>\n<meta name=\"twitter:site\" content=\"@webdo_tn\" \/>\n<meta name=\"twitter:label1\" content=\"\u00c9crit par\" \/>\n\t<meta name=\"twitter:data1\" content=\"MC\" \/>\n<script type=\"application\/ld+json\" class=\"yoast-schema-graph\">{\"@context\":\"https:\\\/\\\/schema.org\",\"@graph\":[{\"@type\":\"NewsArticle\",\"@id\":\"https:\\\/\\\/www.webdo.tn\\\/fr\\\/actualite\\\/sport\\\/le-portugais-miguel-cardoso-nouvel-entraineur-de-l-esperance-st\\\/211516\\\/#article\",\"isPartOf\":{\"@id\":\"https:\\\/\\\/www.webdo.tn\\\/fr\\\/actualite\\\/sport\\\/le-portugais-miguel-cardoso-nouvel-entraineur-de-l-esperance-st\\\/211516\\\/\"},\"author\":{\"name\":\"MC\",\"@id\":\"https:\\\/\\\/www.webdo.tn\\\/fr\\\/#\\\/schema\\\/person\\\/2c4929cbf5a809e3bd38617c6ce150f6\"},\"headline\":\"Le Portugais Miguel Cardoso, nouvel entra\u00eeneur de l&rsquo;Esp\u00e9rance ST\",\"datePublished\":\"2024-01-13T09:12:00+00:00\",\"dateModified\":\"2025-05-20T22:11:22+00:00\",\"mainEntityOfPage\":{\"@id\":\"https:\\\/\\\/www.webdo.tn\\\/fr\\\/actualite\\\/sport\\\/le-portugais-miguel-cardoso-nouvel-entraineur-de-l-esperance-st\\\/211516\\\/\"},\"wordCount\":108,\"commentCount\":0,\"publisher\":{\"@id\":\"https:\\\/\\\/www.webdo.tn\\\/fr\\\/#organization\"},\"image\":{\"@id\":\"https:\\\/\\\/www.webdo.tn\\\/fr\\\/actualite\\\/sport\\\/le-portugais-miguel-cardoso-nouvel-entraineur-de-l-esperance-st\\\/211516\\\/#primaryimage\"},\"thumbnailUrl\":\"https:\\\/\\\/www.webdo.tn\\\/fr\\\/wp-content\\\/uploads\\\/2024\\\/01\\\/2aa6efe9661f71c142d15b9aff15423d.jpg\",\"keywords\":[\"'Miguel Cardoso']\",\"esp\u00e9rance st\"],\"articleSection\":[\"Sport\"],\"inLanguage\":\"fr-FR\"},{\"@type\":\"WebPage\",\"@id\":\"https:\\\/\\\/www.webdo.tn\\\/fr\\\/actualite\\\/sport\\\/le-portugais-miguel-cardoso-nouvel-entraineur-de-l-esperance-st\\\/211516\\\/\",\"url\":\"https:\\\/\\\/www.webdo.tn\\\/fr\\\/actualite\\\/sport\\\/le-portugais-miguel-cardoso-nouvel-entraineur-de-l-esperance-st\\\/211516\\\/\",\"name\":\"Le Portugais Miguel Cardoso, nouvel entra\u00eeneur de l'Esp\u00e9rance ST\",\"isPartOf\":{\"@id\":\"https:\\\/\\\/www.webdo.tn\\\/fr\\\/#website\"},\"primaryImageOfPage\":{\"@id\":\"https:\\\/\\\/www.webdo.tn\\\/fr\\\/actualite\\\/sport\\\/le-portugais-miguel-cardoso-nouvel-entraineur-de-l-esperance-st\\\/211516\\\/#primaryimage\"},\"image\":{\"@id\":\"https:\\\/\\\/www.webdo.tn\\\/fr\\\/actualite\\\/sport\\\/le-portugais-miguel-cardoso-nouvel-entraineur-de-l-esperance-st\\\/211516\\\/#primaryimage\"},\"thumbnailUrl\":\"https:\\\/\\\/www.webdo.tn\\\/fr\\\/wp-content\\\/uploads\\\/2024\\\/01\\\/2aa6efe9661f71c142d15b9aff15423d.jpg\",\"datePublished\":\"2024-01-13T09:12:00+00:00\",\"dateModified\":\"2025-05-20T22:11:22+00:00\",\"description\":\"Le Portugais Miguel Cardoso est le nouvel entra\u00eeneur de l\u2019Esp\u00e9rance de Tunis.\",\"breadcrumb\":{\"@id\":\"https:\\\/\\\/www.webdo.tn\\\/fr\\\/actualite\\\/sport\\\/le-portugais-miguel-cardoso-nouvel-entraineur-de-l-esperance-st\\\/211516\\\/#breadcrumb\"},\"inLanguage\":\"fr-FR\",\"potentialAction\":[{\"@type\":\"ReadAction\",\"target\":[\"https:\\\/\\\/www.webdo.tn\\\/fr\\\/actualite\\\/sport\\\/le-portugais-miguel-cardoso-nouvel-entraineur-de-l-esperance-st\\\/211516\\\/\"]}]},{\"@type\":\"ImageObject\",\"inLanguage\":\"fr-FR\",\"@id\":\"https:\\\/\\\/www.webdo.tn\\\/fr\\\/actualite\\\/sport\\\/le-portugais-miguel-cardoso-nouvel-entraineur-de-l-esperance-st\\\/211516\\\/#primaryimage\",\"url\":\"https:\\\/\\\/www.webdo.tn\\\/fr\\\/wp-content\\\/uploads\\\/2024\\\/01\\\/2aa6efe9661f71c142d15b9aff15423d.jpg\",\"contentUrl\":\"https:\\\/\\\/www.webdo.tn\\\/fr\\\/wp-content\\\/uploads\\\/2024\\\/01\\\/2aa6efe9661f71c142d15b9aff15423d.jpg\",\"width\":609,\"height\":325,\"caption\":\"Le Portugais Miguel Cardoso, nouvel entra\u00eeneur de l'Esp\u00e9rance ST\"},{\"@type\":\"BreadcrumbList\",\"@id\":\"https:\\\/\\\/www.webdo.tn\\\/fr\\\/actualite\\\/sport\\\/le-portugais-miguel-cardoso-nouvel-entraineur-de-l-esperance-st\\\/211516\\\/#breadcrumb\",\"itemListElement\":[{\"@type\":\"ListItem\",\"position\":1,\"name\":\"Accueil\",\"item\":\"https:\\\/\\\/www.webdo.tn\\\/fr\\\/\"},{\"@type\":\"ListItem\",\"position\":2,\"name\":\"Le Portugais Miguel Cardoso, nouvel entra\u00eeneur de l&rsquo;Esp\u00e9rance ST\"}]},{\"@type\":\"WebSite\",\"@id\":\"https:\\\/\\\/www.webdo.tn\\\/fr\\\/#website\",\"url\":\"https:\\\/\\\/www.webdo.tn\\\/fr\\\/\",\"name\":\"webdo\",\"description\":\"Tunisie - News en Tunisie et \u00e0 l&#039;international sur Webdo.tn\",\"publisher\":{\"@id\":\"https:\\\/\\\/www.webdo.tn\\\/fr\\\/#organization\"},\"potentialAction\":[{\"@type\":\"SearchAction\",\"target\":{\"@type\":\"EntryPoint\",\"urlTemplate\":\"https:\\\/\\\/www.webdo.tn\\\/fr\\\/?s={search_term_string}\"},\"query-input\":{\"@type\":\"PropertyValueSpecification\",\"valueRequired\":true,\"valueName\":\"search_term_string\"}}],\"inLanguage\":\"fr-FR\"},{\"@type\":\"Organization\",\"@id\":\"https:\\\/\\\/www.webdo.tn\\\/fr\\\/#organization\",\"name\":\"Webdo\",\"alternateName\":\"Webdo.tn\",\"url\":\"https:\\\/\\\/www.webdo.tn\\\/fr\\\/\",\"logo\":{\"@type\":\"ImageObject\",\"inLanguage\":\"fr-FR\",\"@id\":\"https:\\\/\\\/www.webdo.tn\\\/fr\\\/#\\\/schema\\\/logo\\\/image\\\/\",\"url\":\"https:\\\/\\\/www.webdo.tn\\\/fr\\\/wp-content\\\/uploads\\\/2025\\\/06\\\/Webdo-Tunisie_168377.jpg\",\"contentUrl\":\"https:\\\/\\\/www.webdo.tn\\\/fr\\\/wp-content\\\/uploads\\\/2025\\\/06\\\/Webdo-Tunisie_168377.jpg\",\"width\":301,\"height\":301,\"caption\":\"Webdo\"},\"image\":{\"@id\":\"https:\\\/\\\/www.webdo.tn\\\/fr\\\/#\\\/schema\\\/logo\\\/image\\\/\"},\"sameAs\":[\"https:\\\/\\\/www.facebook.com\\\/webdotn\",\"https:\\\/\\\/x.com\\\/webdo_tn\"],\"description\":\"Webdo est un m\u00e9dia num\u00e9rique tunisien fond\u00e9 en 2010, sp\u00e9cialis\u00e9 dans l\u2019actualit\u00e9 nationale et internationale, l\u2019\u00e9conomie, la soci\u00e9t\u00e9 et les analyses politiques. Le site s\u2019adresse \u00e0 un large public francophone et couvre l\u2019information tunisienne en temps r\u00e9el.\",\"email\":\"redac@webdo.tn\",\"legalName\":\"YNJ SARL\",\"foundingDate\":\"2010-09-06\",\"numberOfEmployees\":{\"@type\":\"QuantitativeValue\",\"minValue\":\"11\",\"maxValue\":\"50\"}},{\"@type\":\"Person\",\"@id\":\"https:\\\/\\\/www.webdo.tn\\\/fr\\\/#\\\/schema\\\/person\\\/2c4929cbf5a809e3bd38617c6ce150f6\",\"name\":\"MC\",\"image\":{\"@type\":\"ImageObject\",\"inLanguage\":\"fr-FR\",\"@id\":\"https:\\\/\\\/secure.gravatar.com\\\/avatar\\\/a545bbb6f84efdd5553dbbc2895e3ca8f1d12c5215e00a041c9670b54aa9b18a?s=96&d=mm&r=g\",\"url\":\"https:\\\/\\\/secure.gravatar.com\\\/avatar\\\/a545bbb6f84efdd5553dbbc2895e3ca8f1d12c5215e00a041c9670b54aa9b18a?s=96&d=mm&r=g\",\"contentUrl\":\"https:\\\/\\\/secure.gravatar.com\\\/avatar\\\/a545bbb6f84efdd5553dbbc2895e3ca8f1d12c5215e00a041c9670b54aa9b18a?s=96&d=mm&r=g\",\"caption\":\"MC\"},\"url\":\"https:\\\/\\\/www.webdo.tn\\\/fr\\\/actualite\\\/author\\\/mc\\\/\"}]}<\/script>\n<!-- \/ Yoast SEO Premium plugin. -->","yoast_head_json":{"title":"Le Portugais Miguel Cardoso, nouvel entra\u00eeneur de l'Esp\u00e9rance ST","description":"Le Portugais Miguel Cardoso est le nouvel entra\u00eeneur de l\u2019Esp\u00e9rance de Tunis.","canonical":"https:\/\/www.webdo.tn\/fr\/actualite\/sport\/le-portugais-miguel-cardoso-nouvel-entraineur-de-l-esperance-st\/211516\/","og_locale":"fr_FR","og_type":"article","og_title":"Le Portugais Miguel Cardoso, nouvel entra\u00eeneur de l'Esp\u00e9rance ST","og_description":"Le Portugais Miguel Cardoso est le nouvel entra\u00eeneur de l\u2019Esp\u00e9rance de Tunis.","og_url":"https:\/\/www.webdo.tn\/fr\/actualite\/sport\/le-portugais-miguel-cardoso-nouvel-entraineur-de-l-esperance-st\/211516\/","og_site_name":"webdo","article_publisher":"https:\/\/www.facebook.com\/webdotn","article_published_time":"2024-01-13T09:12:00+00:00","article_modified_time":"2025-05-20T22:11:22+00:00","og_image":[{"width":609,"height":325,"url":"https:\/\/www.webdo.tn\/fr\/wp-content\/uploads\/2024\/01\/2aa6efe9661f71c142d15b9aff15423d.jpg","type":"image\/jpeg"}],"author":"MC","twitter_card":"summary_large_image","twitter_creator":"@webdo_tn","twitter_site":"@webdo_tn","twitter_misc":{"\u00c9crit par":"MC"},"schema":{"@context":"https:\/\/schema.org","@graph":[{"@type":"NewsArticle","@id":"https:\/\/www.webdo.tn\/fr\/actualite\/sport\/le-portugais-miguel-cardoso-nouvel-entraineur-de-l-esperance-st\/211516\/#article","isPartOf":{"@id":"https:\/\/www.webdo.tn\/fr\/actualite\/sport\/le-portugais-miguel-cardoso-nouvel-entraineur-de-l-esperance-st\/211516\/"},"author":{"name":"MC","@id":"https:\/\/www.webdo.tn\/fr\/#\/schema\/person\/2c4929cbf5a809e3bd38617c6ce150f6"},"headline":"Le Portugais Miguel Cardoso, nouvel entra\u00eeneur de l&rsquo;Esp\u00e9rance ST","datePublished":"2024-01-13T09:12:00+00:00","dateModified":"2025-05-20T22:11:22+00:00","mainEntityOfPage":{"@id":"https:\/\/www.webdo.tn\/fr\/actualite\/sport\/le-portugais-miguel-cardoso-nouvel-entraineur-de-l-esperance-st\/211516\/"},"wordCount":108,"commentCount":0,"publisher":{"@id":"https:\/\/www.webdo.tn\/fr\/#organization"},"image":{"@id":"https:\/\/www.webdo.tn\/fr\/actualite\/sport\/le-portugais-miguel-cardoso-nouvel-entraineur-de-l-esperance-st\/211516\/#primaryimage"},"thumbnailUrl":"https:\/\/www.webdo.tn\/fr\/wp-content\/uploads\/2024\/01\/2aa6efe9661f71c142d15b9aff15423d.jpg","keywords":["'Miguel Cardoso']","esp\u00e9rance st"],"articleSection":["Sport"],"inLanguage":"fr-FR"},{"@type":"WebPage","@id":"https:\/\/www.webdo.tn\/fr\/actualite\/sport\/le-portugais-miguel-cardoso-nouvel-entraineur-de-l-esperance-st\/211516\/","url":"https:\/\/www.webdo.tn\/fr\/actualite\/sport\/le-portugais-miguel-cardoso-nouvel-entraineur-de-l-esperance-st\/211516\/","name":"Le Portugais Miguel Cardoso, nouvel entra\u00eeneur de l'Esp\u00e9rance ST","isPartOf":{"@id":"https:\/\/www.webdo.tn\/fr\/#website"},"primaryImageOfPage":{"@id":"https:\/\/www.webdo.tn\/fr\/actualite\/sport\/le-portugais-miguel-cardoso-nouvel-entraineur-de-l-esperance-st\/211516\/#primaryimage"},"image":{"@id":"https:\/\/www.webdo.tn\/fr\/actualite\/sport\/le-portugais-miguel-cardoso-nouvel-entraineur-de-l-esperance-st\/211516\/#primaryimage"},"thumbnailUrl":"https:\/\/www.webdo.tn\/fr\/wp-content\/uploads\/2024\/01\/2aa6efe9661f71c142d15b9aff15423d.jpg","datePublished":"2024-01-13T09:12:00+00:00","dateModified":"2025-05-20T22:11:22+00:00","description":"Le Portugais Miguel Cardoso est le nouvel entra\u00eeneur de l\u2019Esp\u00e9rance de Tunis.","breadcrumb":{"@id":"https:\/\/www.webdo.tn\/fr\/actualite\/sport\/le-portugais-miguel-cardoso-nouvel-entraineur-de-l-esperance-st\/211516\/#breadcrumb"},"inLanguage":"fr-FR","potentialAction":[{"@type":"ReadAction","target":["https:\/\/www.webdo.tn\/fr\/actualite\/sport\/le-portugais-miguel-cardoso-nouvel-entraineur-de-l-esperance-st\/211516\/"]}]},{"@type":"ImageObject","inLanguage":"fr-FR","@id":"https:\/\/www.webdo.tn\/fr\/actualite\/sport\/le-portugais-miguel-cardoso-nouvel-entraineur-de-l-esperance-st\/211516\/#primaryimage","url":"https:\/\/www.webdo.tn\/fr\/wp-content\/uploads\/2024\/01\/2aa6efe9661f71c142d15b9aff15423d.jpg","contentUrl":"https:\/\/www.webdo.tn\/fr\/wp-content\/uploads\/2024\/01\/2aa6efe9661f71c142d15b9aff15423d.jpg","width":609,"height":325,"caption":"Le Portugais Miguel Cardoso, nouvel entra\u00eeneur de l'Esp\u00e9rance ST"},{"@type":"BreadcrumbList","@id":"https:\/\/www.webdo.tn\/fr\/actualite\/sport\/le-portugais-miguel-cardoso-nouvel-entraineur-de-l-esperance-st\/211516\/#breadcrumb","itemListElement":[{"@type":"ListItem","position":1,"name":"Accueil","item":"https:\/\/www.webdo.tn\/fr\/"},{"@type":"ListItem","position":2,"name":"Le Portugais Miguel Cardoso, nouvel entra\u00eeneur de l&rsquo;Esp\u00e9rance ST"}]},{"@type":"WebSite","@id":"https:\/\/www.webdo.tn\/fr\/#website","url":"https:\/\/www.webdo.tn\/fr\/","name":"webdo","description":"Tunisie - News en Tunisie et \u00e0 l&#039;international sur Webdo.tn","publisher":{"@id":"https:\/\/www.webdo.tn\/fr\/#organization"},"potentialAction":[{"@type":"SearchAction","target":{"@type":"EntryPoint","urlTemplate":"https:\/\/www.webdo.tn\/fr\/?s={search_term_string}"},"query-input":{"@type":"PropertyValueSpecification","valueRequired":true,"valueName":"search_term_string"}}],"inLanguage":"fr-FR"},{"@type":"Organization","@id":"https:\/\/www.webdo.tn\/fr\/#organization","name":"Webdo","alternateName":"Webdo.tn","url":"https:\/\/www.webdo.tn\/fr\/","logo":{"@type":"ImageObject","inLanguage":"fr-FR","@id":"https:\/\/www.webdo.tn\/fr\/#\/schema\/logo\/image\/","url":"https:\/\/www.webdo.tn\/fr\/wp-content\/uploads\/2025\/06\/Webdo-Tunisie_168377.jpg","contentUrl":"https:\/\/www.webdo.tn\/fr\/wp-content\/uploads\/2025\/06\/Webdo-Tunisie_168377.jpg","width":301,"height":301,"caption":"Webdo"},"image":{"@id":"https:\/\/www.webdo.tn\/fr\/#\/schema\/logo\/image\/"},"sameAs":["https:\/\/www.facebook.com\/webdotn","https:\/\/x.com\/webdo_tn"],"description":"Webdo est un m\u00e9dia num\u00e9rique tunisien fond\u00e9 en 2010, sp\u00e9cialis\u00e9 dans l\u2019actualit\u00e9 nationale et internationale, l\u2019\u00e9conomie, la soci\u00e9t\u00e9 et les analyses politiques. Le site s\u2019adresse \u00e0 un large public francophone et couvre l\u2019information tunisienne en temps r\u00e9el.","email":"redac@webdo.tn","legalName":"YNJ SARL","foundingDate":"2010-09-06","numberOfEmployees":{"@type":"QuantitativeValue","minValue":"11","maxValue":"50"}},{"@type":"Person","@id":"https:\/\/www.webdo.tn\/fr\/#\/schema\/person\/2c4929cbf5a809e3bd38617c6ce150f6","name":"MC","image":{"@type":"ImageObject","inLanguage":"fr-FR","@id":"https:\/\/secure.gravatar.com\/avatar\/a545bbb6f84efdd5553dbbc2895e3ca8f1d12c5215e00a041c9670b54aa9b18a?s=96&d=mm&r=g","url":"https:\/\/secure.gravatar.com\/avatar\/a545bbb6f84efdd5553dbbc2895e3ca8f1d12c5215e00a041c9670b54aa9b18a?s=96&d=mm&r=g","contentUrl":"https:\/\/secure.gravatar.com\/avatar\/a545bbb6f84efdd5553dbbc2895e3ca8f1d12c5215e00a041c9670b54aa9b18a?s=96&d=mm&r=g","caption":"MC"},"url":"https:\/\/www.webdo.tn\/fr\/actualite\/author\/mc\/"}]}},"_links":{"self":[{"href":"https:\/\/www.webdo.tn\/fr\/wp-json\/wp\/v2\/posts\/211516","targetHints":{"allow":["GET"]}}],"collection":[{"href":"https:\/\/www.webdo.tn\/fr\/wp-json\/wp\/v2\/posts"}],"about":[{"href":"https:\/\/www.webdo.tn\/fr\/wp-json\/wp\/v2\/types\/post"}],"author":[{"embeddable":true,"href":"https:\/\/www.webdo.tn\/fr\/wp-json\/wp\/v2\/users\/3162"}],"replies":[{"embeddable":true,"href":"https:\/\/www.webdo.tn\/fr\/wp-json\/wp\/v2\/comments?post=211516"}],"version-history":[{"count":0,"href":"https:\/\/www.webdo.tn\/fr\/wp-json\/wp\/v2\/posts\/211516\/revisions"}],"wp:featuredmedia":[{"embeddable":true,"href":"https:\/\/www.webdo.tn\/fr\/wp-json\/wp\/v2\/media\/290071"}],"wp:attachment":[{"href":"https:\/\/www.webdo.tn\/fr\/wp-json\/wp\/v2\/media?parent=211516"}],"wp:term":[{"taxonomy":"category","embeddable":true,"href":"https:\/\/www.webdo.tn\/fr\/wp-json\/wp\/v2\/categories?post=211516"},{"taxonomy":"post_tag","embeddable":true,"href":"https:\/\/www.webdo.tn\/fr\/wp-json\/wp\/v2\/tags?post=211516"}],"curies":[{"name":"wp","href":"https:\/\/api.w.org\/{rel}","templated":true}]}}