{"id":211511,"date":"2024-01-12T20:51:00","date_gmt":"2024-01-12T20:51:00","guid":{"rendered":"https:\/\/www.webdo.tn\/fr\/blog\/arp-reprise-de-la-pleniere-consacree-au-projet-de-loi-incriminant-la-normalisation-avec-israel\/211511\/"},"modified":"2025-05-20T22:56:02","modified_gmt":"2025-05-20T22:56:02","slug":"arp-reprise-de-la-pleniere-consacree-au-projet-de-loi-incriminant-la-normalisation-avec-israel","status":"publish","type":"post","link":"https:\/\/www.webdo.tn\/fr\/actualite\/national\/arp-reprise-de-la-pleniere-consacree-au-projet-de-loi-incriminant-la-normalisation-avec-israel\/211511\/","title":{"rendered":"ARP : Reprise de la pl\u00e9ni\u00e8re consacr\u00e9e au projet de loi incriminant la normalisation avec Isra\u00ebl"},"content":{"rendered":"<p>L\u2019Assembl\u00e9e des repr\u00e9sentants du peuple (ARP) reprendra lundi 26 f\u00e9vrier 2024 la s\u00e9ance pl\u00e9ni\u00e8re d\u00e9di\u00e9e \u00e0 l&rsquo;examen de la proposition de loi criminalisant la normalisation avec l&rsquo;entit\u00e9 sioniste.<\/p>\n<p>\t\t\t\t\t\t\t\t\tLe pr\u00e9sident de l\u2019Assembl\u00e9e des repr\u00e9sentants du peuple (ARP), Brahim Bouderbala a supervis\u00e9, ce vendredi 12 janvier, la r\u00e9union du bureau de l\u2019assembl\u00e9e ayant permis de discuter de plusieurs projets de lois.<\/p>\n<p>Dans ce contexte, le bureau a discut\u00e9 de la reprise de la s\u00e9ance pl\u00e9ni\u00e8re d\u00e9di\u00e9e \u00e0 l&rsquo;examen de la proposition de loi criminalisant la normalisation avec l&rsquo;entit\u00e9 sioniste. Il a \u00e9t\u00e9 unanimement d\u00e9cid\u00e9 que cela se tiendrait le lundi 26 f\u00e9vrier 2024.\u00a0<\/p>\n<p>La reprise de la pl\u00e9ni\u00e8re doit \u00eatre pr\u00e9c\u00e9d\u00e9e par des consultations intensives entre les diff\u00e9rentes parties concern\u00e9es, afin d&rsquo;assurer son succ\u00e8s tant sur le plan de forme que sur le fond, pr\u00e9cise le communiqu\u00e9 du parlement.<\/p>\n<p>Rappelons que la pl\u00e9ni\u00e8re qui devait poursuivre l\u2019examen de la proposition de loi criminalisant la normalisation avec Isra\u00ebl, le 3 novembre 2023, n\u2019a pas eu lieu apr\u00e8s sa suspension la veille, par Brahim Bouderbala.\u00a0 En effet, de nombreux d\u00e9put\u00e9s avaient affirm\u00e9 avoir \u00e9t\u00e9 menac\u00e9s pour laisser tomber ce projet de loi ou du moins le modifier.\u00a0<br \/>\nDe sa part, d&rsquo;apr\u00e8s Brahim Bouderbala, le pr\u00e9sident de la R\u00e9publique Kais Saied aurait montr\u00e9 son refus cat\u00e9gorique \u00e0 cette loi dans sa version actuelle.\u00a0\u00ab La proposition de loi de criminalisation de la normalisation portera atteinte aux int\u00e9r\u00eats ext\u00e9rieurs de la Tunisie, nous a affirm\u00e9s Kais Saied \u00bb, a-t-il annonc\u00e9 en pleine pl\u00e9ni\u00e8re.<\/p>\n<p>Ce projet de loi consid\u00e8re comme un crime et punit d&rsquo;une peine de prison, pouvant aller jusqu&rsquo;\u00e0 la perp\u00e9tuit\u00e9, toute normalisation avec Isra\u00ebl.<\/p>\n","protected":false},"excerpt":{"rendered":"<p>Rappelons que la pl\u00e9ni\u00e8re qui devait poursuivre l\u2019examen de la proposition de loi criminalisant la normalisation avec Isra\u00ebl, le 3 novembre 2023, n\u2019a pas eu lie&#8230;<\/p>\n","protected":false},"author":3182,"featured_media":290070,"comment_status":"open","ping_status":"closed","sticky":false,"template":"","format":"standard","meta":{"footnotes":""},"categories":[44],"tags":[2813,3033,3729,2608],"class_list":["post-211511","post","type-post","status-publish","format-standard","has-post-thumbnail","hentry","category-national","tag-arp","tag-loi","tag-normalisation","tag-tunisie"],"yoast_head":"<!-- This site is optimized with the Yoast SEO Premium plugin v27.5 (Yoast SEO v27.5) - https:\/\/yoast.com\/product\/yoast-seo-premium-wordpress\/ -->\n<title>ARP : Reprise de la pl\u00e9ni\u00e8re consacr\u00e9e au projet de loi incriminant la normalisation avec Isra\u00ebl<\/title>\n<meta name=\"description\" content=\"Rappelons que la pl\u00e9ni\u00e8re qui devait poursuivre l\u2019examen de la proposition de loi criminalisant la normalisation avec Isra\u00ebl, le 3 novembre 2023, n\u2019a pas eu lie...\" \/>\n<link rel=\"canonical\" href=\"https:\/\/www.webdo.tn\/fr\/actualite\/national\/arp-reprise-de-la-pleniere-consacree-au-projet-de-loi-incriminant-la-normalisation-avec-israel\/211511\/\" \/>\n<meta property=\"og:locale\" content=\"fr_FR\" \/>\n<meta property=\"og:type\" content=\"article\" \/>\n<meta property=\"og:title\" content=\"ARP : Reprise de la pl\u00e9ni\u00e8re consacr\u00e9e au projet de loi incriminant la normalisation avec Isra\u00ebl\" \/>\n<meta property=\"og:description\" content=\"Rappelons que la pl\u00e9ni\u00e8re qui devait poursuivre l\u2019examen de la proposition de loi criminalisant la normalisation avec Isra\u00ebl, le 3 novembre 2023, n\u2019a pas eu lie...\" \/>\n<meta property=\"og:url\" content=\"https:\/\/www.webdo.tn\/fr\/actualite\/national\/arp-reprise-de-la-pleniere-consacree-au-projet-de-loi-incriminant-la-normalisation-avec-israel\/211511\/\" \/>\n<meta property=\"og:site_name\" content=\"webdo\" \/>\n<meta property=\"article:publisher\" content=\"https:\/\/www.facebook.com\/webdotn\" \/>\n<meta property=\"article:published_time\" content=\"2024-01-12T20:51:00+00:00\" \/>\n<meta property=\"article:modified_time\" content=\"2025-05-20T22:56:02+00:00\" \/>\n<meta property=\"og:image\" content=\"https:\/\/www.webdo.tn\/fr\/wp-content\/uploads\/2024\/01\/0045fe5556397ede64717342fbf2fc10.jpg\" \/>\n\t<meta property=\"og:image:width\" content=\"750\" \/>\n\t<meta property=\"og:image:height\" content=\"400\" \/>\n\t<meta property=\"og:image:type\" content=\"image\/jpeg\" \/>\n<meta name=\"author\" content=\"WB\" \/>\n<meta name=\"twitter:card\" content=\"summary_large_image\" \/>\n<meta name=\"twitter:creator\" content=\"@webdo_tn\" \/>\n<meta name=\"twitter:site\" content=\"@webdo_tn\" \/>\n<meta name=\"twitter:label1\" content=\"\u00c9crit par\" \/>\n\t<meta name=\"twitter:data1\" content=\"WB\" \/>\n\t<meta name=\"twitter:label2\" content=\"Dur\u00e9e de lecture estim\u00e9e\" \/>\n\t<meta name=\"twitter:data2\" content=\"2 minutes\" \/>\n<script type=\"application\/ld+json\" class=\"yoast-schema-graph\">{\"@context\":\"https:\\\/\\\/schema.org\",\"@graph\":[{\"@type\":\"NewsArticle\",\"@id\":\"https:\\\/\\\/www.webdo.tn\\\/fr\\\/actualite\\\/national\\\/arp-reprise-de-la-pleniere-consacree-au-projet-de-loi-incriminant-la-normalisation-avec-israel\\\/211511\\\/#article\",\"isPartOf\":{\"@id\":\"https:\\\/\\\/www.webdo.tn\\\/fr\\\/actualite\\\/national\\\/arp-reprise-de-la-pleniere-consacree-au-projet-de-loi-incriminant-la-normalisation-avec-israel\\\/211511\\\/\"},\"author\":{\"name\":\"WB\",\"@id\":\"https:\\\/\\\/www.webdo.tn\\\/fr\\\/#\\\/schema\\\/person\\\/f16bf91e3b3c6347371884777659f9d8\"},\"headline\":\"ARP : Reprise de la pl\u00e9ni\u00e8re consacr\u00e9e au projet de loi incriminant la normalisation avec Isra\u00ebl\",\"datePublished\":\"2024-01-12T20:51:00+00:00\",\"dateModified\":\"2025-05-20T22:56:02+00:00\",\"mainEntityOfPage\":{\"@id\":\"https:\\\/\\\/www.webdo.tn\\\/fr\\\/actualite\\\/national\\\/arp-reprise-de-la-pleniere-consacree-au-projet-de-loi-incriminant-la-normalisation-avec-israel\\\/211511\\\/\"},\"wordCount\":339,\"commentCount\":0,\"publisher\":{\"@id\":\"https:\\\/\\\/www.webdo.tn\\\/fr\\\/#organization\"},\"image\":{\"@id\":\"https:\\\/\\\/www.webdo.tn\\\/fr\\\/actualite\\\/national\\\/arp-reprise-de-la-pleniere-consacree-au-projet-de-loi-incriminant-la-normalisation-avec-israel\\\/211511\\\/#primaryimage\"},\"thumbnailUrl\":\"https:\\\/\\\/www.webdo.tn\\\/fr\\\/wp-content\\\/uploads\\\/2024\\\/01\\\/0045fe5556397ede64717342fbf2fc10.jpg\",\"keywords\":[\"ARP\",\"loi\",\"normalisation\",\"Tunisie\"],\"articleSection\":[\"National\"],\"inLanguage\":\"fr-FR\"},{\"@type\":\"WebPage\",\"@id\":\"https:\\\/\\\/www.webdo.tn\\\/fr\\\/actualite\\\/national\\\/arp-reprise-de-la-pleniere-consacree-au-projet-de-loi-incriminant-la-normalisation-avec-israel\\\/211511\\\/\",\"url\":\"https:\\\/\\\/www.webdo.tn\\\/fr\\\/actualite\\\/national\\\/arp-reprise-de-la-pleniere-consacree-au-projet-de-loi-incriminant-la-normalisation-avec-israel\\\/211511\\\/\",\"name\":\"ARP : Reprise de la pl\u00e9ni\u00e8re consacr\u00e9e au projet de loi incriminant la normalisation avec Isra\u00ebl\",\"isPartOf\":{\"@id\":\"https:\\\/\\\/www.webdo.tn\\\/fr\\\/#website\"},\"primaryImageOfPage\":{\"@id\":\"https:\\\/\\\/www.webdo.tn\\\/fr\\\/actualite\\\/national\\\/arp-reprise-de-la-pleniere-consacree-au-projet-de-loi-incriminant-la-normalisation-avec-israel\\\/211511\\\/#primaryimage\"},\"image\":{\"@id\":\"https:\\\/\\\/www.webdo.tn\\\/fr\\\/actualite\\\/national\\\/arp-reprise-de-la-pleniere-consacree-au-projet-de-loi-incriminant-la-normalisation-avec-israel\\\/211511\\\/#primaryimage\"},\"thumbnailUrl\":\"https:\\\/\\\/www.webdo.tn\\\/fr\\\/wp-content\\\/uploads\\\/2024\\\/01\\\/0045fe5556397ede64717342fbf2fc10.jpg\",\"datePublished\":\"2024-01-12T20:51:00+00:00\",\"dateModified\":\"2025-05-20T22:56:02+00:00\",\"description\":\"Rappelons que la pl\u00e9ni\u00e8re qui devait poursuivre l\u2019examen de la proposition de loi criminalisant la normalisation avec Isra\u00ebl, le 3 novembre 2023, n\u2019a pas eu lie...\",\"breadcrumb\":{\"@id\":\"https:\\\/\\\/www.webdo.tn\\\/fr\\\/actualite\\\/national\\\/arp-reprise-de-la-pleniere-consacree-au-projet-de-loi-incriminant-la-normalisation-avec-israel\\\/211511\\\/#breadcrumb\"},\"inLanguage\":\"fr-FR\",\"potentialAction\":[{\"@type\":\"ReadAction\",\"target\":[\"https:\\\/\\\/www.webdo.tn\\\/fr\\\/actualite\\\/national\\\/arp-reprise-de-la-pleniere-consacree-au-projet-de-loi-incriminant-la-normalisation-avec-israel\\\/211511\\\/\"]}]},{\"@type\":\"ImageObject\",\"inLanguage\":\"fr-FR\",\"@id\":\"https:\\\/\\\/www.webdo.tn\\\/fr\\\/actualite\\\/national\\\/arp-reprise-de-la-pleniere-consacree-au-projet-de-loi-incriminant-la-normalisation-avec-israel\\\/211511\\\/#primaryimage\",\"url\":\"https:\\\/\\\/www.webdo.tn\\\/fr\\\/wp-content\\\/uploads\\\/2024\\\/01\\\/0045fe5556397ede64717342fbf2fc10.jpg\",\"contentUrl\":\"https:\\\/\\\/www.webdo.tn\\\/fr\\\/wp-content\\\/uploads\\\/2024\\\/01\\\/0045fe5556397ede64717342fbf2fc10.jpg\",\"width\":750,\"height\":400,\"caption\":\"ARP\"},{\"@type\":\"BreadcrumbList\",\"@id\":\"https:\\\/\\\/www.webdo.tn\\\/fr\\\/actualite\\\/national\\\/arp-reprise-de-la-pleniere-consacree-au-projet-de-loi-incriminant-la-normalisation-avec-israel\\\/211511\\\/#breadcrumb\",\"itemListElement\":[{\"@type\":\"ListItem\",\"position\":1,\"name\":\"Accueil\",\"item\":\"https:\\\/\\\/www.webdo.tn\\\/fr\\\/\"},{\"@type\":\"ListItem\",\"position\":2,\"name\":\"ARP : Reprise de la pl\u00e9ni\u00e8re consacr\u00e9e au projet de loi incriminant la normalisation avec Isra\u00ebl\"}]},{\"@type\":\"WebSite\",\"@id\":\"https:\\\/\\\/www.webdo.tn\\\/fr\\\/#website\",\"url\":\"https:\\\/\\\/www.webdo.tn\\\/fr\\\/\",\"name\":\"webdo\",\"description\":\"Tunisie - News en Tunisie et \u00e0 l&#039;international sur Webdo.tn\",\"publisher\":{\"@id\":\"https:\\\/\\\/www.webdo.tn\\\/fr\\\/#organization\"},\"potentialAction\":[{\"@type\":\"SearchAction\",\"target\":{\"@type\":\"EntryPoint\",\"urlTemplate\":\"https:\\\/\\\/www.webdo.tn\\\/fr\\\/?s={search_term_string}\"},\"query-input\":{\"@type\":\"PropertyValueSpecification\",\"valueRequired\":true,\"valueName\":\"search_term_string\"}}],\"inLanguage\":\"fr-FR\"},{\"@type\":\"Organization\",\"@id\":\"https:\\\/\\\/www.webdo.tn\\\/fr\\\/#organization\",\"name\":\"Webdo\",\"alternateName\":\"Webdo.tn\",\"url\":\"https:\\\/\\\/www.webdo.tn\\\/fr\\\/\",\"logo\":{\"@type\":\"ImageObject\",\"inLanguage\":\"fr-FR\",\"@id\":\"https:\\\/\\\/www.webdo.tn\\\/fr\\\/#\\\/schema\\\/logo\\\/image\\\/\",\"url\":\"https:\\\/\\\/www.webdo.tn\\\/fr\\\/wp-content\\\/uploads\\\/2025\\\/06\\\/Webdo-Tunisie_168377.jpg\",\"contentUrl\":\"https:\\\/\\\/www.webdo.tn\\\/fr\\\/wp-content\\\/uploads\\\/2025\\\/06\\\/Webdo-Tunisie_168377.jpg\",\"width\":301,\"height\":301,\"caption\":\"Webdo\"},\"image\":{\"@id\":\"https:\\\/\\\/www.webdo.tn\\\/fr\\\/#\\\/schema\\\/logo\\\/image\\\/\"},\"sameAs\":[\"https:\\\/\\\/www.facebook.com\\\/webdotn\",\"https:\\\/\\\/x.com\\\/webdo_tn\"],\"description\":\"Webdo est un m\u00e9dia num\u00e9rique tunisien fond\u00e9 en 2010, sp\u00e9cialis\u00e9 dans l\u2019actualit\u00e9 nationale et internationale, l\u2019\u00e9conomie, la soci\u00e9t\u00e9 et les analyses politiques. Le site s\u2019adresse \u00e0 un large public francophone et couvre l\u2019information tunisienne en temps r\u00e9el.\",\"email\":\"redac@webdo.tn\",\"legalName\":\"YNJ SARL\",\"foundingDate\":\"2010-09-06\",\"numberOfEmployees\":{\"@type\":\"QuantitativeValue\",\"minValue\":\"11\",\"maxValue\":\"50\"}},{\"@type\":\"Person\",\"@id\":\"https:\\\/\\\/www.webdo.tn\\\/fr\\\/#\\\/schema\\\/person\\\/f16bf91e3b3c6347371884777659f9d8\",\"name\":\"WB\",\"image\":{\"@type\":\"ImageObject\",\"inLanguage\":\"fr-FR\",\"@id\":\"https:\\\/\\\/secure.gravatar.com\\\/avatar\\\/fd3caf00dbfd4b6d6ce43e8ea4748ed2e4d0fae2c3a87c1e2f6ba0a54c3ab5cb?s=96&d=mm&r=g\",\"url\":\"https:\\\/\\\/secure.gravatar.com\\\/avatar\\\/fd3caf00dbfd4b6d6ce43e8ea4748ed2e4d0fae2c3a87c1e2f6ba0a54c3ab5cb?s=96&d=mm&r=g\",\"contentUrl\":\"https:\\\/\\\/secure.gravatar.com\\\/avatar\\\/fd3caf00dbfd4b6d6ce43e8ea4748ed2e4d0fae2c3a87c1e2f6ba0a54c3ab5cb?s=96&d=mm&r=g\",\"caption\":\"WB\"},\"url\":\"https:\\\/\\\/www.webdo.tn\\\/fr\\\/actualite\\\/author\\\/wb\\\/\"}]}<\/script>\n<!-- \/ Yoast SEO Premium plugin. -->","yoast_head_json":{"title":"ARP : Reprise de la pl\u00e9ni\u00e8re consacr\u00e9e au projet de loi incriminant la normalisation avec Isra\u00ebl","description":"Rappelons que la pl\u00e9ni\u00e8re qui devait poursuivre l\u2019examen de la proposition de loi criminalisant la normalisation avec Isra\u00ebl, le 3 novembre 2023, n\u2019a pas eu lie...","canonical":"https:\/\/www.webdo.tn\/fr\/actualite\/national\/arp-reprise-de-la-pleniere-consacree-au-projet-de-loi-incriminant-la-normalisation-avec-israel\/211511\/","og_locale":"fr_FR","og_type":"article","og_title":"ARP : Reprise de la pl\u00e9ni\u00e8re consacr\u00e9e au projet de loi incriminant la normalisation avec Isra\u00ebl","og_description":"Rappelons que la pl\u00e9ni\u00e8re qui devait poursuivre l\u2019examen de la proposition de loi criminalisant la normalisation avec Isra\u00ebl, le 3 novembre 2023, n\u2019a pas eu lie...","og_url":"https:\/\/www.webdo.tn\/fr\/actualite\/national\/arp-reprise-de-la-pleniere-consacree-au-projet-de-loi-incriminant-la-normalisation-avec-israel\/211511\/","og_site_name":"webdo","article_publisher":"https:\/\/www.facebook.com\/webdotn","article_published_time":"2024-01-12T20:51:00+00:00","article_modified_time":"2025-05-20T22:56:02+00:00","og_image":[{"width":750,"height":400,"url":"https:\/\/www.webdo.tn\/fr\/wp-content\/uploads\/2024\/01\/0045fe5556397ede64717342fbf2fc10.jpg","type":"image\/jpeg"}],"author":"WB","twitter_card":"summary_large_image","twitter_creator":"@webdo_tn","twitter_site":"@webdo_tn","twitter_misc":{"\u00c9crit par":"WB","Dur\u00e9e de lecture estim\u00e9e":"2 minutes"},"schema":{"@context":"https:\/\/schema.org","@graph":[{"@type":"NewsArticle","@id":"https:\/\/www.webdo.tn\/fr\/actualite\/national\/arp-reprise-de-la-pleniere-consacree-au-projet-de-loi-incriminant-la-normalisation-avec-israel\/211511\/#article","isPartOf":{"@id":"https:\/\/www.webdo.tn\/fr\/actualite\/national\/arp-reprise-de-la-pleniere-consacree-au-projet-de-loi-incriminant-la-normalisation-avec-israel\/211511\/"},"author":{"name":"WB","@id":"https:\/\/www.webdo.tn\/fr\/#\/schema\/person\/f16bf91e3b3c6347371884777659f9d8"},"headline":"ARP : Reprise de la pl\u00e9ni\u00e8re consacr\u00e9e au projet de loi incriminant la normalisation avec Isra\u00ebl","datePublished":"2024-01-12T20:51:00+00:00","dateModified":"2025-05-20T22:56:02+00:00","mainEntityOfPage":{"@id":"https:\/\/www.webdo.tn\/fr\/actualite\/national\/arp-reprise-de-la-pleniere-consacree-au-projet-de-loi-incriminant-la-normalisation-avec-israel\/211511\/"},"wordCount":339,"commentCount":0,"publisher":{"@id":"https:\/\/www.webdo.tn\/fr\/#organization"},"image":{"@id":"https:\/\/www.webdo.tn\/fr\/actualite\/national\/arp-reprise-de-la-pleniere-consacree-au-projet-de-loi-incriminant-la-normalisation-avec-israel\/211511\/#primaryimage"},"thumbnailUrl":"https:\/\/www.webdo.tn\/fr\/wp-content\/uploads\/2024\/01\/0045fe5556397ede64717342fbf2fc10.jpg","keywords":["ARP","loi","normalisation","Tunisie"],"articleSection":["National"],"inLanguage":"fr-FR"},{"@type":"WebPage","@id":"https:\/\/www.webdo.tn\/fr\/actualite\/national\/arp-reprise-de-la-pleniere-consacree-au-projet-de-loi-incriminant-la-normalisation-avec-israel\/211511\/","url":"https:\/\/www.webdo.tn\/fr\/actualite\/national\/arp-reprise-de-la-pleniere-consacree-au-projet-de-loi-incriminant-la-normalisation-avec-israel\/211511\/","name":"ARP : Reprise de la pl\u00e9ni\u00e8re consacr\u00e9e au projet de loi incriminant la normalisation avec Isra\u00ebl","isPartOf":{"@id":"https:\/\/www.webdo.tn\/fr\/#website"},"primaryImageOfPage":{"@id":"https:\/\/www.webdo.tn\/fr\/actualite\/national\/arp-reprise-de-la-pleniere-consacree-au-projet-de-loi-incriminant-la-normalisation-avec-israel\/211511\/#primaryimage"},"image":{"@id":"https:\/\/www.webdo.tn\/fr\/actualite\/national\/arp-reprise-de-la-pleniere-consacree-au-projet-de-loi-incriminant-la-normalisation-avec-israel\/211511\/#primaryimage"},"thumbnailUrl":"https:\/\/www.webdo.tn\/fr\/wp-content\/uploads\/2024\/01\/0045fe5556397ede64717342fbf2fc10.jpg","datePublished":"2024-01-12T20:51:00+00:00","dateModified":"2025-05-20T22:56:02+00:00","description":"Rappelons que la pl\u00e9ni\u00e8re qui devait poursuivre l\u2019examen de la proposition de loi criminalisant la normalisation avec Isra\u00ebl, le 3 novembre 2023, n\u2019a pas eu lie...","breadcrumb":{"@id":"https:\/\/www.webdo.tn\/fr\/actualite\/national\/arp-reprise-de-la-pleniere-consacree-au-projet-de-loi-incriminant-la-normalisation-avec-israel\/211511\/#breadcrumb"},"inLanguage":"fr-FR","potentialAction":[{"@type":"ReadAction","target":["https:\/\/www.webdo.tn\/fr\/actualite\/national\/arp-reprise-de-la-pleniere-consacree-au-projet-de-loi-incriminant-la-normalisation-avec-israel\/211511\/"]}]},{"@type":"ImageObject","inLanguage":"fr-FR","@id":"https:\/\/www.webdo.tn\/fr\/actualite\/national\/arp-reprise-de-la-pleniere-consacree-au-projet-de-loi-incriminant-la-normalisation-avec-israel\/211511\/#primaryimage","url":"https:\/\/www.webdo.tn\/fr\/wp-content\/uploads\/2024\/01\/0045fe5556397ede64717342fbf2fc10.jpg","contentUrl":"https:\/\/www.webdo.tn\/fr\/wp-content\/uploads\/2024\/01\/0045fe5556397ede64717342fbf2fc10.jpg","width":750,"height":400,"caption":"ARP"},{"@type":"BreadcrumbList","@id":"https:\/\/www.webdo.tn\/fr\/actualite\/national\/arp-reprise-de-la-pleniere-consacree-au-projet-de-loi-incriminant-la-normalisation-avec-israel\/211511\/#breadcrumb","itemListElement":[{"@type":"ListItem","position":1,"name":"Accueil","item":"https:\/\/www.webdo.tn\/fr\/"},{"@type":"ListItem","position":2,"name":"ARP : Reprise de la pl\u00e9ni\u00e8re consacr\u00e9e au projet de loi incriminant la normalisation avec Isra\u00ebl"}]},{"@type":"WebSite","@id":"https:\/\/www.webdo.tn\/fr\/#website","url":"https:\/\/www.webdo.tn\/fr\/","name":"webdo","description":"Tunisie - News en Tunisie et \u00e0 l&#039;international sur Webdo.tn","publisher":{"@id":"https:\/\/www.webdo.tn\/fr\/#organization"},"potentialAction":[{"@type":"SearchAction","target":{"@type":"EntryPoint","urlTemplate":"https:\/\/www.webdo.tn\/fr\/?s={search_term_string}"},"query-input":{"@type":"PropertyValueSpecification","valueRequired":true,"valueName":"search_term_string"}}],"inLanguage":"fr-FR"},{"@type":"Organization","@id":"https:\/\/www.webdo.tn\/fr\/#organization","name":"Webdo","alternateName":"Webdo.tn","url":"https:\/\/www.webdo.tn\/fr\/","logo":{"@type":"ImageObject","inLanguage":"fr-FR","@id":"https:\/\/www.webdo.tn\/fr\/#\/schema\/logo\/image\/","url":"https:\/\/www.webdo.tn\/fr\/wp-content\/uploads\/2025\/06\/Webdo-Tunisie_168377.jpg","contentUrl":"https:\/\/www.webdo.tn\/fr\/wp-content\/uploads\/2025\/06\/Webdo-Tunisie_168377.jpg","width":301,"height":301,"caption":"Webdo"},"image":{"@id":"https:\/\/www.webdo.tn\/fr\/#\/schema\/logo\/image\/"},"sameAs":["https:\/\/www.facebook.com\/webdotn","https:\/\/x.com\/webdo_tn"],"description":"Webdo est un m\u00e9dia num\u00e9rique tunisien fond\u00e9 en 2010, sp\u00e9cialis\u00e9 dans l\u2019actualit\u00e9 nationale et internationale, l\u2019\u00e9conomie, la soci\u00e9t\u00e9 et les analyses politiques. Le site s\u2019adresse \u00e0 un large public francophone et couvre l\u2019information tunisienne en temps r\u00e9el.","email":"redac@webdo.tn","legalName":"YNJ SARL","foundingDate":"2010-09-06","numberOfEmployees":{"@type":"QuantitativeValue","minValue":"11","maxValue":"50"}},{"@type":"Person","@id":"https:\/\/www.webdo.tn\/fr\/#\/schema\/person\/f16bf91e3b3c6347371884777659f9d8","name":"WB","image":{"@type":"ImageObject","inLanguage":"fr-FR","@id":"https:\/\/secure.gravatar.com\/avatar\/fd3caf00dbfd4b6d6ce43e8ea4748ed2e4d0fae2c3a87c1e2f6ba0a54c3ab5cb?s=96&d=mm&r=g","url":"https:\/\/secure.gravatar.com\/avatar\/fd3caf00dbfd4b6d6ce43e8ea4748ed2e4d0fae2c3a87c1e2f6ba0a54c3ab5cb?s=96&d=mm&r=g","contentUrl":"https:\/\/secure.gravatar.com\/avatar\/fd3caf00dbfd4b6d6ce43e8ea4748ed2e4d0fae2c3a87c1e2f6ba0a54c3ab5cb?s=96&d=mm&r=g","caption":"WB"},"url":"https:\/\/www.webdo.tn\/fr\/actualite\/author\/wb\/"}]}},"_links":{"self":[{"href":"https:\/\/www.webdo.tn\/fr\/wp-json\/wp\/v2\/posts\/211511","targetHints":{"allow":["GET"]}}],"collection":[{"href":"https:\/\/www.webdo.tn\/fr\/wp-json\/wp\/v2\/posts"}],"about":[{"href":"https:\/\/www.webdo.tn\/fr\/wp-json\/wp\/v2\/types\/post"}],"author":[{"embeddable":true,"href":"https:\/\/www.webdo.tn\/fr\/wp-json\/wp\/v2\/users\/3182"}],"replies":[{"embeddable":true,"href":"https:\/\/www.webdo.tn\/fr\/wp-json\/wp\/v2\/comments?post=211511"}],"version-history":[{"count":0,"href":"https:\/\/www.webdo.tn\/fr\/wp-json\/wp\/v2\/posts\/211511\/revisions"}],"wp:featuredmedia":[{"embeddable":true,"href":"https:\/\/www.webdo.tn\/fr\/wp-json\/wp\/v2\/media\/290070"}],"wp:attachment":[{"href":"https:\/\/www.webdo.tn\/fr\/wp-json\/wp\/v2\/media?parent=211511"}],"wp:term":[{"taxonomy":"category","embeddable":true,"href":"https:\/\/www.webdo.tn\/fr\/wp-json\/wp\/v2\/categories?post=211511"},{"taxonomy":"post_tag","embeddable":true,"href":"https:\/\/www.webdo.tn\/fr\/wp-json\/wp\/v2\/tags?post=211511"}],"curies":[{"name":"wp","href":"https:\/\/api.w.org\/{rel}","templated":true}]}}