{"id":211501,"date":"2024-01-12T11:14:00","date_gmt":"2024-01-12T11:14:00","guid":{"rendered":"https:\/\/www.webdo.tn\/fr\/blog\/can-2023-1-le-calendrier-et-le-programme-tv-de-la-competition\/211501\/"},"modified":"2025-05-20T21:53:57","modified_gmt":"2025-05-20T21:53:57","slug":"can-2023-1-le-calendrier-et-le-programme-tv-de-la-competition","status":"publish","type":"post","link":"https:\/\/www.webdo.tn\/fr\/actualite\/sport\/can-2023-1-le-calendrier-et-le-programme-tv-de-la-competition\/211501\/","title":{"rendered":"CAN 2023+1 : Le calendrier et le programme TV de la comp\u00e9tition"},"content":{"rendered":"<p>La Coupe d&rsquo;Afrique des nations d\u00e9bute, demain, samedi 13 janvier en C\u00f4te d&rsquo;Ivoire. Pendant pr\u00e8s d&rsquo;un mois, les 52 matchs du tournoi seront diffus\u00e9s sur beIN Sports.<\/p>\n<p>\t\t\t\t\t\t\t\t\tGroupe A<\/p>\n<p>Journ\u00e9e 1<\/p>\n<p>\t13 janvier \u00e0 21h00 : C\u00f4te d&rsquo;Ivoire &#8211; Guin\u00e9e Bissau (beinsports ar Max 1, beIN Sports fr 1, Sport Digital)<br \/>\n\t14 janvier \u00e0 15h00 : Nigeria &#8211; Guin\u00e9e \u00e9quatoriale (beIN Sports ar Max 1, beIN Sports fr 1, Sport TV 3, Sport Digital)<\/p>\n<p>Journ\u00e9e 2<\/p>\n<p>\t18 janvier \u00e0 15h00 : Guin\u00e9e \u00e9quatoriale &#8211; Guin\u00e9e-Bissau (beIN Sports ar Max 1, beIN Sports fr 1, Sport TV 1)<br \/>\n\t18 janvier \u00e0 18h00 : C\u00f4te d\u2019Ivoire &#8211; Nigeria (beIN Sports ar Max 1, beIN Sports fr 2, Sport TV 1, Sport Digital)<\/p>\n<p>Journ\u00e9e 3<\/p>\n<p>\t22 janvier \u00e0 18h00 : Guin\u00e9e Bissau &#8211; Nigeria (beIN Sports ar Max 2, beIN Sports fr 3, Sport TV 2, Sport Digital)<br \/>\n\t22 janvier \u00e0 18h00 : Guin\u00e9e \u00e9quatoriale &#8211; C\u00f4te d&rsquo;Ivoire (beIN Sports ar Max 1, beIN Sports fr 2, Sport TV 3, Sport Digital)<\/p>\n<p>Groupe B<\/p>\n<p>Journ\u00e9e 1<\/p>\n<p>\t14 janvier \u00e0 18h00 : \u00c9gypte &#8211; Mozambique (beIN Sports ar Max 1, beIN Sports fr 2, Sport TV 5, Sport Digital)<br \/>\n\t14 janvier \u00e0 21h00 : Ghana &#8211; Cap Vert (beIN Sports ar Max 1, beIN Sports fr 2, Sport TV 5)<\/p>\n<p>Journ\u00e9e 2<\/p>\n<p>\t18 janvier \u00e0 21h00 : \u00c9gypte &#8211; Ghana (beIN Sports ar Max 1, beIN Sports fr 1, Sport TV 3)<br \/>\n\t19 janvier \u00e0 15h00 : Cap Vert &#8211; Mozambique (beIN Sports ar Max 1, beIN Sports fr 1, Sport TV 1)<\/p>\n<p>Journ\u00e9e 3<\/p>\n<p>\t22 janvier \u00e0 21h00 : Mozambique &#8211; Ghana (beIN Sports ar Max 2, beIN Sports fr 3, Sport TV 2, Sport Digital)<br \/>\n\t22 janvier \u00e0 21h00 : Cap Vert &#8211; \u00c9gypte (beIN Sports ar Max 1, beIN Sports fr 2, Sport TV 3, Sport Digital)<\/p>\n<p>Groupe C<\/p>\n<p>Journ\u00e9e 1<\/p>\n<p>\t15 janvier \u00e0 15h00 : S\u00e9n\u00e9gal &#8211; Gambie (beIN Sports ar Max 1, beinsports fr 1, Sport TV 1, Sport Digital)<br \/>\n\t15 janvier \u00e0 18h00 : Cameroun &#8211; Guin\u00e9e (beIN Sports ar Max 1, beinsports fr 1, Sport TV 1, Sport Digital)<\/p>\n<p>Journ\u00e9e 2<\/p>\n<p>\t19 janvier \u00e0 18h00 : S\u00e9n\u00e9gal &#8211; Cameroun (beIN Sports ar Max 1, beIN Sports fr 1, Sport TV 1)<br \/>\n\t19 janvier \u00e0 21h00 : Guin\u00e9e &#8211; Gambie (beIN Sports ar Max 1, beIN Sports fr 2, Sport TV 1)<\/p>\n<p>Journ\u00e9e 3<\/p>\n<p>\t23 janvier \u00e0 18h00 : Guin\u00e9e &#8211; S\u00e9n\u00e9gal (beIN Sports ar Max 1, beIN Sports fr 1, Sport TV 3, Sport Digital)<br \/>\n\t23 janvier \u00e0 18h00 : Gambie &#8211; Cameroun (beIN Sports ar Max 2, beIN Sports fr 2, Sport TV 2, Sport Digital)<\/p>\n<p>Groupe D<\/p>\n<p>Journ\u00e9e 1<\/p>\n<p>\t15 janvier \u00e0 21h00 : Alg\u00e9rie &#8211; Angola (beIN Sports ar Max 1, beinsports fr 1, Sport TV 4, Sport Digital)<br \/>\n\t16 janvier \u00e0 15h00 : Burkina Faso &#8211; Mauritanie (beIN Sports ar Max 1, 2, beIN Sports fr 1, Sport TV 1, Sport Digital)<\/p>\n<p>Journ\u00e9e 2<\/p>\n<p>\t20 janvier \u00e0 15h00 : Alg\u00e9rie &#8211; Burkina Faso (beIN Sports ar Max 1, beIN Sports fr 1, Sport TV 4, Sport Digital)<br \/>\n\t20 janvier \u00e0 18h00 : Angola &#8211; Mauritanie (beIN Sports ar Max 1, beIN Sports fr 9, Sport TV 4, Sport Digital)<\/p>\n<p>Journ\u00e9e 3<\/p>\n<p>23 janvier \u00e0 21h00 : Alg\u00e9rie &#8211; Mauritanie (beIN Sports ar Max 1, beIN Sports fr 1, Sport TV 5, Sport Digital)<br \/>\n23 janvier \u00e0 21h00 : Burkina Faso &#8211; Angola (beIN Sports ar Max 2, beIN Sports fr 6, Sport TV 3, Sport Digital)<\/p>\n<p>Groupe E<\/p>\n<p>Journ\u00e9e 1<\/p>\n<p>\t16 janvier \u00e0 18h00 : Tunisie &#8211; Namibie (beIN Sports ar Max 1, 2, beIN Sports fr 2, Sport TV 1, Sport Digital)<br \/>\n\t16 janvier \u00e0 21h00 : Mali &#8211; Afrique du Sud (beIN Sports ar Max 1, 2, beIN Sports fr 2, Sport TV 1, Sport Digital)<\/p>\n<p>Journ\u00e9e 2<\/p>\n<p>\t20 janvier \u00e0 21h00 : Tunisie &#8211; Mali (beIN Sports ar Max 1, beIN Sports fr 2, Sport TV 4, Sport Digital)<br \/>\n\t21 janvier \u00e0 21h00 : Afrique du Sud &#8211; Namibie (beIN Sports ar Max 1, beIN Sports fr 2, Sport Digital, Sport TV 5)<\/p>\n<p>Journ\u00e9e 3<\/p>\n<p>\t24 janvier \u00e0 18h00 : Afrique du Sud &#8211; Tunisie (beIN Sports ar Max 1, beIN Sports fr 2, Sport Digital, Sport TV 2)<br \/>\n\t24 janvier \u00e0 18h00 : Namibie &#8211; Mali (beIN Sports ar Max 2, beIN Sports fr 3, Sport Digital, Sport TV)<\/p>\n<p>Groupe F<\/p>\n<p>Journ\u00e9e 1<\/p>\n<p>\t17 janvier \u00e0 18h00 : Maroc &#8211; Tanzanie (beIN Sports ar Max 1, beIN Sports fr 1, Sport TV 1, Sport Digital)<br \/>\n\t17 janvier \u00e0 21h00 : RD Congo &#8211; Zambie (beIN Sports ar Max 1, beIN Sports fr 1, Sport TV 2)<\/p>\n<p>Journ\u00e9e 2<\/p>\n<p>\t21 janvier \u00e0 15h00 : Maroc &#8211; RD Congo (beIN Sports ar Max 1, beIN Sports fr 1, Sport TV 4)<br \/>\n\t21 janvier \u00e0 18h00 : Zambie &#8211; Tanzanie (beIN Sports ar Max 1, beIN Sports fr 7, Sport TV 4)<\/p>\n<p>Journ\u00e9e 3<\/p>\n<p>\t24 janvier \u00e0 21h00 : Tanzanie &#8211; RD Congo (beIN Sports ar Max 2, beIN Sports fr 3, Sport Digital, Sport TV)<br \/>\n\t24 janvier \u00e0 21h00 : Zambie &#8211; Maroc (beIN Sports ar Max 1, beIN Sports fr 1, Sport Digital, Tipik, Sport TV)<\/p>\n<p>Huiti\u00e8mes de finale<\/p>\n<p>\t27 janvier \u00e0 18h00 : 1er groupe D &#8211; 3e groupe B\/E\/F (beIN Sports 2)<br \/>\n\t27 janvier \u00e0 21h00 : 2e groupe A &#8211; 2e groupe C (beIN Sports 2)<br \/>\n\t28 janvier \u00e0 18h00 : 1er groupe A &#8211; 3e groupe C\/D\/E (beIN Sports 2)<br \/>\n\t28 janvier \u00e0 21h00 : 2e groupe B &#8211; 2e groupe F (beIN Sports 2)<br \/>\n\t29 janvier \u00e0 18h00 : 1er groupe B &#8211; 3e groupe A\/C\/D (beIN Sports 2)<br \/>\n\t29 janvier \u00e0 21h00 : 1er groupe C &#8211; 3e groupe A\/B\/F (beIN Sports 2)<br \/>\n\t30 janvier \u00e0 18h00 : 1er groupe E &#8211; 2e groupe D (beIN Sports 2)<br \/>\n\t30 janvier \u00e0 21h00 : 1er groupe F &#8211; 2e groupe E (beIN Sports 2)<\/p>\n<p>Quarts de finale<\/p>\n<p>\t2 f\u00e9vrier \u00e0 18h00 : Vainqueur 8e de finale 1 &#8211; Vainqueur 8e de finale 2 (beIN Sports 2)<br \/>\n\t2 f\u00e9vrier \u00e0 21h00 : Vainqueur 8e de finale 3 &#8211; Vainqueur 8e de finale 4 (beIN Sports 2)<br \/>\n\t3 f\u00e9vrier \u00e0 18h00 : Vainqueur 8e de finale 6 &#8211; Vainqueur 8e de finale 7 (beIN Sports 2)<br \/>\n\t3 f\u00e9vrier \u00e0 21h00 : Vainqueur 8e de finale 5 &#8211; Vainqueur 8e de finale 8 (beIN Sports 2)<\/p>\n<p>Demi-finales<\/p>\n<p>\t7 f\u00e9vrier \u00e0 18h00 : Vainqueur quart de finale 1 &#8211; Vainqueur quart de finale 4 (beIN Sports 2)<br \/>\n\t7 f\u00e9vrier \u00e0 21h00 : Vainqueur quart de finale 2 &#8211; Vainqueur quart de finale 3, (beIN Sports 2)<\/p>\n<p>Match pour la 3e place<\/p>\n<p>\t10 f\u00e9vrier \u00e0 21h sur beIN Sports 2<\/p>\n<p>Finale<\/p>\n<p>\t11 f\u00e9vrier \u00e0 21h sur beIN Sports 1 et TMC<\/p>\n","protected":false},"excerpt":{"rendered":"<p>La Coupe d&rsquo;Afrique des nations d\u00e9bute, ce samedi 13 janvier 2024 en C\u00f4te d&rsquo;Ivoire o\u00f9 24 nations vont s&rsquo;affronter pour remporter le titre supr\u00eame.<\/p>\n","protected":false},"author":3162,"featured_media":248262,"comment_status":"open","ping_status":"closed","sticky":false,"template":"","format":"standard","meta":{"footnotes":""},"categories":[2593],"tags":[4507,7200,7035,7199],"class_list":["post-211501","post","type-post","status-publish","format-standard","has-post-thumbnail","hentry","category-sport","tag-calendrier","tag-can20231","tag-coupe-dafrique-des-nations","tag-programme-tv"],"yoast_head":"<!-- This site is optimized with the Yoast SEO Premium plugin v27.5 (Yoast SEO v27.5) - https:\/\/yoast.com\/product\/yoast-seo-premium-wordpress\/ -->\n<title>CAN 2023+1 : Le calendrier et le programme TV de la comp\u00e9tition<\/title>\n<meta name=\"description\" content=\"La Coupe d&#039;Afrique des nations d\u00e9bute, ce samedi 13 janvier 2024 en C\u00f4te d&#039;Ivoire o\u00f9 24 nations vont s&#039;affronter pour remporter le titre supr\u00eame.\" \/>\n<link rel=\"canonical\" href=\"https:\/\/www.webdo.tn\/fr\/actualite\/sport\/can-2023-1-le-calendrier-et-le-programme-tv-de-la-competition\/211501\/\" \/>\n<meta property=\"og:locale\" content=\"fr_FR\" \/>\n<meta property=\"og:type\" content=\"article\" \/>\n<meta property=\"og:title\" content=\"CAN 2023+1 : Le calendrier et le programme TV de la comp\u00e9tition\" \/>\n<meta property=\"og:description\" content=\"La Coupe d&#039;Afrique des nations d\u00e9bute, ce samedi 13 janvier 2024 en C\u00f4te d&#039;Ivoire o\u00f9 24 nations vont s&#039;affronter pour remporter le titre supr\u00eame.\" \/>\n<meta property=\"og:url\" content=\"https:\/\/www.webdo.tn\/fr\/actualite\/sport\/can-2023-1-le-calendrier-et-le-programme-tv-de-la-competition\/211501\/\" \/>\n<meta property=\"og:site_name\" content=\"webdo\" \/>\n<meta property=\"article:publisher\" content=\"https:\/\/www.facebook.com\/webdotn\" \/>\n<meta property=\"article:published_time\" content=\"2024-01-12T11:14:00+00:00\" \/>\n<meta property=\"article:modified_time\" content=\"2025-05-20T21:53:57+00:00\" \/>\n<meta property=\"og:image\" content=\"https:\/\/www.webdo.tn\/fr\/wp-content\/uploads\/2024\/01\/2dddbf80da4d95126aeddbd455aff2da.jpg\" \/>\n\t<meta property=\"og:image:width\" content=\"750\" \/>\n\t<meta property=\"og:image:height\" content=\"400\" \/>\n\t<meta property=\"og:image:type\" content=\"image\/jpeg\" \/>\n<meta name=\"author\" content=\"MC\" \/>\n<meta name=\"twitter:card\" content=\"summary_large_image\" \/>\n<meta name=\"twitter:creator\" content=\"@webdo_tn\" \/>\n<meta name=\"twitter:site\" content=\"@webdo_tn\" \/>\n<meta name=\"twitter:label1\" content=\"\u00c9crit par\" \/>\n\t<meta name=\"twitter:data1\" content=\"MC\" \/>\n\t<meta name=\"twitter:label2\" content=\"Dur\u00e9e de lecture estim\u00e9e\" \/>\n\t<meta name=\"twitter:data2\" content=\"4 minutes\" \/>\n<script type=\"application\/ld+json\" class=\"yoast-schema-graph\">{\"@context\":\"https:\\\/\\\/schema.org\",\"@graph\":[{\"@type\":\"NewsArticle\",\"@id\":\"https:\\\/\\\/www.webdo.tn\\\/fr\\\/actualite\\\/sport\\\/can-2023-1-le-calendrier-et-le-programme-tv-de-la-competition\\\/211501\\\/#article\",\"isPartOf\":{\"@id\":\"https:\\\/\\\/www.webdo.tn\\\/fr\\\/actualite\\\/sport\\\/can-2023-1-le-calendrier-et-le-programme-tv-de-la-competition\\\/211501\\\/\"},\"author\":{\"name\":\"MC\",\"@id\":\"https:\\\/\\\/www.webdo.tn\\\/fr\\\/#\\\/schema\\\/person\\\/2c4929cbf5a809e3bd38617c6ce150f6\"},\"headline\":\"CAN 2023+1 : Le calendrier et le programme TV de la comp\u00e9tition\",\"datePublished\":\"2024-01-12T11:14:00+00:00\",\"dateModified\":\"2025-05-20T21:53:57+00:00\",\"mainEntityOfPage\":{\"@id\":\"https:\\\/\\\/www.webdo.tn\\\/fr\\\/actualite\\\/sport\\\/can-2023-1-le-calendrier-et-le-programme-tv-de-la-competition\\\/211501\\\/\"},\"wordCount\":899,\"commentCount\":0,\"publisher\":{\"@id\":\"https:\\\/\\\/www.webdo.tn\\\/fr\\\/#organization\"},\"image\":{\"@id\":\"https:\\\/\\\/www.webdo.tn\\\/fr\\\/actualite\\\/sport\\\/can-2023-1-le-calendrier-et-le-programme-tv-de-la-competition\\\/211501\\\/#primaryimage\"},\"thumbnailUrl\":\"https:\\\/\\\/www.webdo.tn\\\/fr\\\/wp-content\\\/uploads\\\/2024\\\/01\\\/2dddbf80da4d95126aeddbd455aff2da.jpg\",\"keywords\":[\"calendrier\",\"CAN2023+1\",\"coupe d'afrique des nations\",\"Programme TV\"],\"articleSection\":[\"Sport\"],\"inLanguage\":\"fr-FR\"},{\"@type\":\"WebPage\",\"@id\":\"https:\\\/\\\/www.webdo.tn\\\/fr\\\/actualite\\\/sport\\\/can-2023-1-le-calendrier-et-le-programme-tv-de-la-competition\\\/211501\\\/\",\"url\":\"https:\\\/\\\/www.webdo.tn\\\/fr\\\/actualite\\\/sport\\\/can-2023-1-le-calendrier-et-le-programme-tv-de-la-competition\\\/211501\\\/\",\"name\":\"CAN 2023+1 : Le calendrier et le programme TV de la comp\u00e9tition\",\"isPartOf\":{\"@id\":\"https:\\\/\\\/www.webdo.tn\\\/fr\\\/#website\"},\"primaryImageOfPage\":{\"@id\":\"https:\\\/\\\/www.webdo.tn\\\/fr\\\/actualite\\\/sport\\\/can-2023-1-le-calendrier-et-le-programme-tv-de-la-competition\\\/211501\\\/#primaryimage\"},\"image\":{\"@id\":\"https:\\\/\\\/www.webdo.tn\\\/fr\\\/actualite\\\/sport\\\/can-2023-1-le-calendrier-et-le-programme-tv-de-la-competition\\\/211501\\\/#primaryimage\"},\"thumbnailUrl\":\"https:\\\/\\\/www.webdo.tn\\\/fr\\\/wp-content\\\/uploads\\\/2024\\\/01\\\/2dddbf80da4d95126aeddbd455aff2da.jpg\",\"datePublished\":\"2024-01-12T11:14:00+00:00\",\"dateModified\":\"2025-05-20T21:53:57+00:00\",\"description\":\"La Coupe d'Afrique des nations d\u00e9bute, ce samedi 13 janvier 2024 en C\u00f4te d'Ivoire o\u00f9 24 nations vont s'affronter pour remporter le titre supr\u00eame.\",\"breadcrumb\":{\"@id\":\"https:\\\/\\\/www.webdo.tn\\\/fr\\\/actualite\\\/sport\\\/can-2023-1-le-calendrier-et-le-programme-tv-de-la-competition\\\/211501\\\/#breadcrumb\"},\"inLanguage\":\"fr-FR\",\"potentialAction\":[{\"@type\":\"ReadAction\",\"target\":[\"https:\\\/\\\/www.webdo.tn\\\/fr\\\/actualite\\\/sport\\\/can-2023-1-le-calendrier-et-le-programme-tv-de-la-competition\\\/211501\\\/\"]}]},{\"@type\":\"ImageObject\",\"inLanguage\":\"fr-FR\",\"@id\":\"https:\\\/\\\/www.webdo.tn\\\/fr\\\/actualite\\\/sport\\\/can-2023-1-le-calendrier-et-le-programme-tv-de-la-competition\\\/211501\\\/#primaryimage\",\"url\":\"https:\\\/\\\/www.webdo.tn\\\/fr\\\/wp-content\\\/uploads\\\/2024\\\/01\\\/2dddbf80da4d95126aeddbd455aff2da.jpg\",\"contentUrl\":\"https:\\\/\\\/www.webdo.tn\\\/fr\\\/wp-content\\\/uploads\\\/2024\\\/01\\\/2dddbf80da4d95126aeddbd455aff2da.jpg\",\"width\":750,\"height\":400,\"caption\":\"CAN 2023+1 : Le calendrier et le programme TV de la comp\u00e9tition\"},{\"@type\":\"BreadcrumbList\",\"@id\":\"https:\\\/\\\/www.webdo.tn\\\/fr\\\/actualite\\\/sport\\\/can-2023-1-le-calendrier-et-le-programme-tv-de-la-competition\\\/211501\\\/#breadcrumb\",\"itemListElement\":[{\"@type\":\"ListItem\",\"position\":1,\"name\":\"Accueil\",\"item\":\"https:\\\/\\\/www.webdo.tn\\\/fr\\\/\"},{\"@type\":\"ListItem\",\"position\":2,\"name\":\"CAN 2023+1 : Le calendrier et le programme TV de la comp\u00e9tition\"}]},{\"@type\":\"WebSite\",\"@id\":\"https:\\\/\\\/www.webdo.tn\\\/fr\\\/#website\",\"url\":\"https:\\\/\\\/www.webdo.tn\\\/fr\\\/\",\"name\":\"webdo\",\"description\":\"Tunisie - News en Tunisie et \u00e0 l&#039;international sur Webdo.tn\",\"publisher\":{\"@id\":\"https:\\\/\\\/www.webdo.tn\\\/fr\\\/#organization\"},\"potentialAction\":[{\"@type\":\"SearchAction\",\"target\":{\"@type\":\"EntryPoint\",\"urlTemplate\":\"https:\\\/\\\/www.webdo.tn\\\/fr\\\/?s={search_term_string}\"},\"query-input\":{\"@type\":\"PropertyValueSpecification\",\"valueRequired\":true,\"valueName\":\"search_term_string\"}}],\"inLanguage\":\"fr-FR\"},{\"@type\":\"Organization\",\"@id\":\"https:\\\/\\\/www.webdo.tn\\\/fr\\\/#organization\",\"name\":\"Webdo\",\"alternateName\":\"Webdo.tn\",\"url\":\"https:\\\/\\\/www.webdo.tn\\\/fr\\\/\",\"logo\":{\"@type\":\"ImageObject\",\"inLanguage\":\"fr-FR\",\"@id\":\"https:\\\/\\\/www.webdo.tn\\\/fr\\\/#\\\/schema\\\/logo\\\/image\\\/\",\"url\":\"https:\\\/\\\/www.webdo.tn\\\/fr\\\/wp-content\\\/uploads\\\/2025\\\/06\\\/Webdo-Tunisie_168377.jpg\",\"contentUrl\":\"https:\\\/\\\/www.webdo.tn\\\/fr\\\/wp-content\\\/uploads\\\/2025\\\/06\\\/Webdo-Tunisie_168377.jpg\",\"width\":301,\"height\":301,\"caption\":\"Webdo\"},\"image\":{\"@id\":\"https:\\\/\\\/www.webdo.tn\\\/fr\\\/#\\\/schema\\\/logo\\\/image\\\/\"},\"sameAs\":[\"https:\\\/\\\/www.facebook.com\\\/webdotn\",\"https:\\\/\\\/x.com\\\/webdo_tn\"],\"description\":\"Webdo est un m\u00e9dia num\u00e9rique tunisien fond\u00e9 en 2010, sp\u00e9cialis\u00e9 dans l\u2019actualit\u00e9 nationale et internationale, l\u2019\u00e9conomie, la soci\u00e9t\u00e9 et les analyses politiques. Le site s\u2019adresse \u00e0 un large public francophone et couvre l\u2019information tunisienne en temps r\u00e9el.\",\"email\":\"redac@webdo.tn\",\"legalName\":\"YNJ SARL\",\"foundingDate\":\"2010-09-06\",\"numberOfEmployees\":{\"@type\":\"QuantitativeValue\",\"minValue\":\"11\",\"maxValue\":\"50\"}},{\"@type\":\"Person\",\"@id\":\"https:\\\/\\\/www.webdo.tn\\\/fr\\\/#\\\/schema\\\/person\\\/2c4929cbf5a809e3bd38617c6ce150f6\",\"name\":\"MC\",\"image\":{\"@type\":\"ImageObject\",\"inLanguage\":\"fr-FR\",\"@id\":\"https:\\\/\\\/secure.gravatar.com\\\/avatar\\\/a545bbb6f84efdd5553dbbc2895e3ca8f1d12c5215e00a041c9670b54aa9b18a?s=96&d=mm&r=g\",\"url\":\"https:\\\/\\\/secure.gravatar.com\\\/avatar\\\/a545bbb6f84efdd5553dbbc2895e3ca8f1d12c5215e00a041c9670b54aa9b18a?s=96&d=mm&r=g\",\"contentUrl\":\"https:\\\/\\\/secure.gravatar.com\\\/avatar\\\/a545bbb6f84efdd5553dbbc2895e3ca8f1d12c5215e00a041c9670b54aa9b18a?s=96&d=mm&r=g\",\"caption\":\"MC\"},\"url\":\"https:\\\/\\\/www.webdo.tn\\\/fr\\\/actualite\\\/author\\\/mc\\\/\"}]}<\/script>\n<!-- \/ Yoast SEO Premium plugin. -->","yoast_head_json":{"title":"CAN 2023+1 : Le calendrier et le programme TV de la comp\u00e9tition","description":"La Coupe d'Afrique des nations d\u00e9bute, ce samedi 13 janvier 2024 en C\u00f4te d'Ivoire o\u00f9 24 nations vont s'affronter pour remporter le titre supr\u00eame.","canonical":"https:\/\/www.webdo.tn\/fr\/actualite\/sport\/can-2023-1-le-calendrier-et-le-programme-tv-de-la-competition\/211501\/","og_locale":"fr_FR","og_type":"article","og_title":"CAN 2023+1 : Le calendrier et le programme TV de la comp\u00e9tition","og_description":"La Coupe d'Afrique des nations d\u00e9bute, ce samedi 13 janvier 2024 en C\u00f4te d'Ivoire o\u00f9 24 nations vont s'affronter pour remporter le titre supr\u00eame.","og_url":"https:\/\/www.webdo.tn\/fr\/actualite\/sport\/can-2023-1-le-calendrier-et-le-programme-tv-de-la-competition\/211501\/","og_site_name":"webdo","article_publisher":"https:\/\/www.facebook.com\/webdotn","article_published_time":"2024-01-12T11:14:00+00:00","article_modified_time":"2025-05-20T21:53:57+00:00","og_image":[{"width":750,"height":400,"url":"https:\/\/www.webdo.tn\/fr\/wp-content\/uploads\/2024\/01\/2dddbf80da4d95126aeddbd455aff2da.jpg","type":"image\/jpeg"}],"author":"MC","twitter_card":"summary_large_image","twitter_creator":"@webdo_tn","twitter_site":"@webdo_tn","twitter_misc":{"\u00c9crit par":"MC","Dur\u00e9e de lecture estim\u00e9e":"4 minutes"},"schema":{"@context":"https:\/\/schema.org","@graph":[{"@type":"NewsArticle","@id":"https:\/\/www.webdo.tn\/fr\/actualite\/sport\/can-2023-1-le-calendrier-et-le-programme-tv-de-la-competition\/211501\/#article","isPartOf":{"@id":"https:\/\/www.webdo.tn\/fr\/actualite\/sport\/can-2023-1-le-calendrier-et-le-programme-tv-de-la-competition\/211501\/"},"author":{"name":"MC","@id":"https:\/\/www.webdo.tn\/fr\/#\/schema\/person\/2c4929cbf5a809e3bd38617c6ce150f6"},"headline":"CAN 2023+1 : Le calendrier et le programme TV de la comp\u00e9tition","datePublished":"2024-01-12T11:14:00+00:00","dateModified":"2025-05-20T21:53:57+00:00","mainEntityOfPage":{"@id":"https:\/\/www.webdo.tn\/fr\/actualite\/sport\/can-2023-1-le-calendrier-et-le-programme-tv-de-la-competition\/211501\/"},"wordCount":899,"commentCount":0,"publisher":{"@id":"https:\/\/www.webdo.tn\/fr\/#organization"},"image":{"@id":"https:\/\/www.webdo.tn\/fr\/actualite\/sport\/can-2023-1-le-calendrier-et-le-programme-tv-de-la-competition\/211501\/#primaryimage"},"thumbnailUrl":"https:\/\/www.webdo.tn\/fr\/wp-content\/uploads\/2024\/01\/2dddbf80da4d95126aeddbd455aff2da.jpg","keywords":["calendrier","CAN2023+1","coupe d'afrique des nations","Programme TV"],"articleSection":["Sport"],"inLanguage":"fr-FR"},{"@type":"WebPage","@id":"https:\/\/www.webdo.tn\/fr\/actualite\/sport\/can-2023-1-le-calendrier-et-le-programme-tv-de-la-competition\/211501\/","url":"https:\/\/www.webdo.tn\/fr\/actualite\/sport\/can-2023-1-le-calendrier-et-le-programme-tv-de-la-competition\/211501\/","name":"CAN 2023+1 : Le calendrier et le programme TV de la comp\u00e9tition","isPartOf":{"@id":"https:\/\/www.webdo.tn\/fr\/#website"},"primaryImageOfPage":{"@id":"https:\/\/www.webdo.tn\/fr\/actualite\/sport\/can-2023-1-le-calendrier-et-le-programme-tv-de-la-competition\/211501\/#primaryimage"},"image":{"@id":"https:\/\/www.webdo.tn\/fr\/actualite\/sport\/can-2023-1-le-calendrier-et-le-programme-tv-de-la-competition\/211501\/#primaryimage"},"thumbnailUrl":"https:\/\/www.webdo.tn\/fr\/wp-content\/uploads\/2024\/01\/2dddbf80da4d95126aeddbd455aff2da.jpg","datePublished":"2024-01-12T11:14:00+00:00","dateModified":"2025-05-20T21:53:57+00:00","description":"La Coupe d'Afrique des nations d\u00e9bute, ce samedi 13 janvier 2024 en C\u00f4te d'Ivoire o\u00f9 24 nations vont s'affronter pour remporter le titre supr\u00eame.","breadcrumb":{"@id":"https:\/\/www.webdo.tn\/fr\/actualite\/sport\/can-2023-1-le-calendrier-et-le-programme-tv-de-la-competition\/211501\/#breadcrumb"},"inLanguage":"fr-FR","potentialAction":[{"@type":"ReadAction","target":["https:\/\/www.webdo.tn\/fr\/actualite\/sport\/can-2023-1-le-calendrier-et-le-programme-tv-de-la-competition\/211501\/"]}]},{"@type":"ImageObject","inLanguage":"fr-FR","@id":"https:\/\/www.webdo.tn\/fr\/actualite\/sport\/can-2023-1-le-calendrier-et-le-programme-tv-de-la-competition\/211501\/#primaryimage","url":"https:\/\/www.webdo.tn\/fr\/wp-content\/uploads\/2024\/01\/2dddbf80da4d95126aeddbd455aff2da.jpg","contentUrl":"https:\/\/www.webdo.tn\/fr\/wp-content\/uploads\/2024\/01\/2dddbf80da4d95126aeddbd455aff2da.jpg","width":750,"height":400,"caption":"CAN 2023+1 : Le calendrier et le programme TV de la comp\u00e9tition"},{"@type":"BreadcrumbList","@id":"https:\/\/www.webdo.tn\/fr\/actualite\/sport\/can-2023-1-le-calendrier-et-le-programme-tv-de-la-competition\/211501\/#breadcrumb","itemListElement":[{"@type":"ListItem","position":1,"name":"Accueil","item":"https:\/\/www.webdo.tn\/fr\/"},{"@type":"ListItem","position":2,"name":"CAN 2023+1 : Le calendrier et le programme TV de la comp\u00e9tition"}]},{"@type":"WebSite","@id":"https:\/\/www.webdo.tn\/fr\/#website","url":"https:\/\/www.webdo.tn\/fr\/","name":"webdo","description":"Tunisie - News en Tunisie et \u00e0 l&#039;international sur Webdo.tn","publisher":{"@id":"https:\/\/www.webdo.tn\/fr\/#organization"},"potentialAction":[{"@type":"SearchAction","target":{"@type":"EntryPoint","urlTemplate":"https:\/\/www.webdo.tn\/fr\/?s={search_term_string}"},"query-input":{"@type":"PropertyValueSpecification","valueRequired":true,"valueName":"search_term_string"}}],"inLanguage":"fr-FR"},{"@type":"Organization","@id":"https:\/\/www.webdo.tn\/fr\/#organization","name":"Webdo","alternateName":"Webdo.tn","url":"https:\/\/www.webdo.tn\/fr\/","logo":{"@type":"ImageObject","inLanguage":"fr-FR","@id":"https:\/\/www.webdo.tn\/fr\/#\/schema\/logo\/image\/","url":"https:\/\/www.webdo.tn\/fr\/wp-content\/uploads\/2025\/06\/Webdo-Tunisie_168377.jpg","contentUrl":"https:\/\/www.webdo.tn\/fr\/wp-content\/uploads\/2025\/06\/Webdo-Tunisie_168377.jpg","width":301,"height":301,"caption":"Webdo"},"image":{"@id":"https:\/\/www.webdo.tn\/fr\/#\/schema\/logo\/image\/"},"sameAs":["https:\/\/www.facebook.com\/webdotn","https:\/\/x.com\/webdo_tn"],"description":"Webdo est un m\u00e9dia num\u00e9rique tunisien fond\u00e9 en 2010, sp\u00e9cialis\u00e9 dans l\u2019actualit\u00e9 nationale et internationale, l\u2019\u00e9conomie, la soci\u00e9t\u00e9 et les analyses politiques. Le site s\u2019adresse \u00e0 un large public francophone et couvre l\u2019information tunisienne en temps r\u00e9el.","email":"redac@webdo.tn","legalName":"YNJ SARL","foundingDate":"2010-09-06","numberOfEmployees":{"@type":"QuantitativeValue","minValue":"11","maxValue":"50"}},{"@type":"Person","@id":"https:\/\/www.webdo.tn\/fr\/#\/schema\/person\/2c4929cbf5a809e3bd38617c6ce150f6","name":"MC","image":{"@type":"ImageObject","inLanguage":"fr-FR","@id":"https:\/\/secure.gravatar.com\/avatar\/a545bbb6f84efdd5553dbbc2895e3ca8f1d12c5215e00a041c9670b54aa9b18a?s=96&d=mm&r=g","url":"https:\/\/secure.gravatar.com\/avatar\/a545bbb6f84efdd5553dbbc2895e3ca8f1d12c5215e00a041c9670b54aa9b18a?s=96&d=mm&r=g","contentUrl":"https:\/\/secure.gravatar.com\/avatar\/a545bbb6f84efdd5553dbbc2895e3ca8f1d12c5215e00a041c9670b54aa9b18a?s=96&d=mm&r=g","caption":"MC"},"url":"https:\/\/www.webdo.tn\/fr\/actualite\/author\/mc\/"}]}},"_links":{"self":[{"href":"https:\/\/www.webdo.tn\/fr\/wp-json\/wp\/v2\/posts\/211501","targetHints":{"allow":["GET"]}}],"collection":[{"href":"https:\/\/www.webdo.tn\/fr\/wp-json\/wp\/v2\/posts"}],"about":[{"href":"https:\/\/www.webdo.tn\/fr\/wp-json\/wp\/v2\/types\/post"}],"author":[{"embeddable":true,"href":"https:\/\/www.webdo.tn\/fr\/wp-json\/wp\/v2\/users\/3162"}],"replies":[{"embeddable":true,"href":"https:\/\/www.webdo.tn\/fr\/wp-json\/wp\/v2\/comments?post=211501"}],"version-history":[{"count":0,"href":"https:\/\/www.webdo.tn\/fr\/wp-json\/wp\/v2\/posts\/211501\/revisions"}],"wp:featuredmedia":[{"embeddable":true,"href":"https:\/\/www.webdo.tn\/fr\/wp-json\/wp\/v2\/media\/248262"}],"wp:attachment":[{"href":"https:\/\/www.webdo.tn\/fr\/wp-json\/wp\/v2\/media?parent=211501"}],"wp:term":[{"taxonomy":"category","embeddable":true,"href":"https:\/\/www.webdo.tn\/fr\/wp-json\/wp\/v2\/categories?post=211501"},{"taxonomy":"post_tag","embeddable":true,"href":"https:\/\/www.webdo.tn\/fr\/wp-json\/wp\/v2\/tags?post=211501"}],"curies":[{"name":"wp","href":"https:\/\/api.w.org\/{rel}","templated":true}]}}