{"id":211491,"date":"2024-01-12T08:40:00","date_gmt":"2024-01-12T08:40:00","guid":{"rendered":"https:\/\/www.webdo.tn\/fr\/blog\/des-frappes-americano-britanniques-contre-les-houthis-au-yemen\/211491\/"},"modified":"2025-05-20T22:38:26","modified_gmt":"2025-05-20T22:38:26","slug":"des-frappes-americano-britanniques-contre-les-houthis-au-yemen","status":"publish","type":"post","link":"https:\/\/www.webdo.tn\/fr\/actualite\/international\/des-frappes-americano-britanniques-contre-les-houthis-au-yemen\/211491\/","title":{"rendered":"Des frappes am\u00e9ricano-britanniques contre les Houthis au Y\u00e9men"},"content":{"rendered":"<p>Les \u00c9tats-Unis et le Royaume-Uni ont annonc\u00e9 avoir men\u00e9 \u00e0 l\u2019aube de ce vendredi 12 janvier 2024 des frappes sur les rebelles Houthis au Y\u00e9men pour mettre fin \u00e0 leurs attaques en mer rouge.\u00a0<\/p>\n<p>\t\t\t\t\t\t\t\t\tLes frappes ont \u00e9t\u00e9 men\u00e9es \u00e0 l\u2019aide d\u2019avions de combat et de missiles Tomahawk, ont indiqu\u00e9 plusieurs m\u00e9dias am\u00e9ricains. Elles ont b\u00e9n\u00e9fici\u00e9 du \u00ab soutien \u00bb de l\u2019Australie, de Bahre\u00efn, du Canada et des Pays-Bas, a pr\u00e9cis\u00e9 la Maison-Blanche.<\/p>\n<p>Toujours selon la m\u00eame source, ces frappes ont cibl\u00e9 des sites militaires dans plusieurs villes contr\u00f4l\u00e9es par les Houthis.\u00a0<\/p>\n<p>L\u2019op\u00e9ration am\u00e9ricano-britannique a \u00e9t\u00e9 men\u00e9e \u00ab avec succ\u00e8s \u00bb, en r\u00e9ponse \u00ab directe aux attaques sans pr\u00e9c\u00e9dent des Houthis sur des navires internationaux en mer Rouge \u00bb, a affirm\u00e9 le pr\u00e9sident am\u00e9ricain Joe Biden dans un communiqu\u00e9.\u00a0<\/p>\n<p>Pour leur part, les Houthis ont d\u00e9nonc\u00e9 ces frappes mena\u00e7ant d\u2019\u00e9largir leurs op\u00e9rations en mer rouge et de riposter \u00e0 ces attaques.<\/p>\n","protected":false},"excerpt":{"rendered":"<p>Les frappes ont \u00e9t\u00e9 men\u00e9es \u00e0 l\u2019aide d\u2019avions de combat et de missiles Tomahawk, ont indiqu\u00e9 plusieurs m\u00e9dias am\u00e9ricains. Elles ont b\u00e9n\u00e9fici\u00e9 du \u00ab soutien \u00bb de l&#8230;<\/p>\n","protected":false},"author":3175,"featured_media":248258,"comment_status":"open","ping_status":"closed","sticky":false,"template":"","format":"standard","meta":{"footnotes":""},"categories":[2598],"tags":[7167,2638,3061,2637],"class_list":["post-211491","post","type-post","status-publish","format-standard","has-post-thumbnail","hentry","category-international","tag-frappes","tag-houthis","tag-usa","tag-yemen"],"yoast_head":"<!-- This site is optimized with the Yoast SEO Premium plugin v27.5 (Yoast SEO v27.5) - https:\/\/yoast.com\/product\/yoast-seo-premium-wordpress\/ -->\n<title>Des frappes am\u00e9ricano-britanniques contre les Houthis au Y\u00e9men<\/title>\n<meta name=\"description\" content=\"Les frappes ont \u00e9t\u00e9 men\u00e9es \u00e0 l\u2019aide d\u2019avions de combat et de missiles Tomahawk, ont indiqu\u00e9 plusieurs m\u00e9dias am\u00e9ricains. Elles ont b\u00e9n\u00e9fici\u00e9 du \u00ab soutien \u00bb de l...\" \/>\n<link rel=\"canonical\" href=\"https:\/\/www.webdo.tn\/fr\/actualite\/international\/des-frappes-americano-britanniques-contre-les-houthis-au-yemen\/211491\/\" \/>\n<meta property=\"og:locale\" content=\"fr_FR\" \/>\n<meta property=\"og:type\" content=\"article\" \/>\n<meta property=\"og:title\" content=\"Des frappes am\u00e9ricano-britanniques contre les Houthis au Y\u00e9men\" \/>\n<meta property=\"og:description\" content=\"Les frappes ont \u00e9t\u00e9 men\u00e9es \u00e0 l\u2019aide d\u2019avions de combat et de missiles Tomahawk, ont indiqu\u00e9 plusieurs m\u00e9dias am\u00e9ricains. Elles ont b\u00e9n\u00e9fici\u00e9 du \u00ab soutien \u00bb de l...\" \/>\n<meta property=\"og:url\" content=\"https:\/\/www.webdo.tn\/fr\/actualite\/international\/des-frappes-americano-britanniques-contre-les-houthis-au-yemen\/211491\/\" \/>\n<meta property=\"og:site_name\" content=\"webdo\" \/>\n<meta property=\"article:publisher\" content=\"https:\/\/www.facebook.com\/webdotn\" \/>\n<meta property=\"article:published_time\" content=\"2024-01-12T08:40:00+00:00\" \/>\n<meta property=\"article:modified_time\" content=\"2025-05-20T22:38:26+00:00\" \/>\n<meta property=\"og:image\" content=\"https:\/\/www.webdo.tn\/fr\/wp-content\/uploads\/2024\/01\/2d3e61e23bd0457aaff09a26113b608c.png\" \/>\n\t<meta property=\"og:image:width\" content=\"750\" \/>\n\t<meta property=\"og:image:height\" content=\"400\" \/>\n\t<meta property=\"og:image:type\" content=\"image\/png\" \/>\n<meta name=\"author\" content=\"CL\" \/>\n<meta name=\"twitter:card\" content=\"summary_large_image\" \/>\n<meta name=\"twitter:creator\" content=\"@webdo_tn\" \/>\n<meta name=\"twitter:site\" content=\"@webdo_tn\" \/>\n<meta name=\"twitter:label1\" content=\"\u00c9crit par\" \/>\n\t<meta name=\"twitter:data1\" content=\"CL\" \/>\n\t<meta name=\"twitter:label2\" content=\"Dur\u00e9e de lecture estim\u00e9e\" \/>\n\t<meta name=\"twitter:data2\" content=\"1 minute\" \/>\n<script type=\"application\/ld+json\" class=\"yoast-schema-graph\">{\"@context\":\"https:\\\/\\\/schema.org\",\"@graph\":[{\"@type\":\"NewsArticle\",\"@id\":\"https:\\\/\\\/www.webdo.tn\\\/fr\\\/actualite\\\/international\\\/des-frappes-americano-britanniques-contre-les-houthis-au-yemen\\\/211491\\\/#article\",\"isPartOf\":{\"@id\":\"https:\\\/\\\/www.webdo.tn\\\/fr\\\/actualite\\\/international\\\/des-frappes-americano-britanniques-contre-les-houthis-au-yemen\\\/211491\\\/\"},\"author\":{\"name\":\"CL\",\"@id\":\"https:\\\/\\\/www.webdo.tn\\\/fr\\\/#\\\/schema\\\/person\\\/f35b42a42c5e2511bbd282959d6385cc\"},\"headline\":\"Des frappes am\u00e9ricano-britanniques contre les Houthis au Y\u00e9men\",\"datePublished\":\"2024-01-12T08:40:00+00:00\",\"dateModified\":\"2025-05-20T22:38:26+00:00\",\"mainEntityOfPage\":{\"@id\":\"https:\\\/\\\/www.webdo.tn\\\/fr\\\/actualite\\\/international\\\/des-frappes-americano-britanniques-contre-les-houthis-au-yemen\\\/211491\\\/\"},\"wordCount\":178,\"commentCount\":0,\"publisher\":{\"@id\":\"https:\\\/\\\/www.webdo.tn\\\/fr\\\/#organization\"},\"image\":{\"@id\":\"https:\\\/\\\/www.webdo.tn\\\/fr\\\/actualite\\\/international\\\/des-frappes-americano-britanniques-contre-les-houthis-au-yemen\\\/211491\\\/#primaryimage\"},\"thumbnailUrl\":\"https:\\\/\\\/www.webdo.tn\\\/fr\\\/wp-content\\\/uploads\\\/2024\\\/01\\\/2d3e61e23bd0457aaff09a26113b608c.png\",\"keywords\":[\"Frappes\",\"houthis\",\"USA\",\"y\u00e9men\"],\"articleSection\":[\"International\"],\"inLanguage\":\"fr-FR\"},{\"@type\":\"WebPage\",\"@id\":\"https:\\\/\\\/www.webdo.tn\\\/fr\\\/actualite\\\/international\\\/des-frappes-americano-britanniques-contre-les-houthis-au-yemen\\\/211491\\\/\",\"url\":\"https:\\\/\\\/www.webdo.tn\\\/fr\\\/actualite\\\/international\\\/des-frappes-americano-britanniques-contre-les-houthis-au-yemen\\\/211491\\\/\",\"name\":\"Des frappes am\u00e9ricano-britanniques contre les Houthis au Y\u00e9men\",\"isPartOf\":{\"@id\":\"https:\\\/\\\/www.webdo.tn\\\/fr\\\/#website\"},\"primaryImageOfPage\":{\"@id\":\"https:\\\/\\\/www.webdo.tn\\\/fr\\\/actualite\\\/international\\\/des-frappes-americano-britanniques-contre-les-houthis-au-yemen\\\/211491\\\/#primaryimage\"},\"image\":{\"@id\":\"https:\\\/\\\/www.webdo.tn\\\/fr\\\/actualite\\\/international\\\/des-frappes-americano-britanniques-contre-les-houthis-au-yemen\\\/211491\\\/#primaryimage\"},\"thumbnailUrl\":\"https:\\\/\\\/www.webdo.tn\\\/fr\\\/wp-content\\\/uploads\\\/2024\\\/01\\\/2d3e61e23bd0457aaff09a26113b608c.png\",\"datePublished\":\"2024-01-12T08:40:00+00:00\",\"dateModified\":\"2025-05-20T22:38:26+00:00\",\"description\":\"Les frappes ont \u00e9t\u00e9 men\u00e9es \u00e0 l\u2019aide d\u2019avions de combat et de missiles Tomahawk, ont indiqu\u00e9 plusieurs m\u00e9dias am\u00e9ricains. Elles ont b\u00e9n\u00e9fici\u00e9 du \u00ab soutien \u00bb de l...\",\"breadcrumb\":{\"@id\":\"https:\\\/\\\/www.webdo.tn\\\/fr\\\/actualite\\\/international\\\/des-frappes-americano-britanniques-contre-les-houthis-au-yemen\\\/211491\\\/#breadcrumb\"},\"inLanguage\":\"fr-FR\",\"potentialAction\":[{\"@type\":\"ReadAction\",\"target\":[\"https:\\\/\\\/www.webdo.tn\\\/fr\\\/actualite\\\/international\\\/des-frappes-americano-britanniques-contre-les-houthis-au-yemen\\\/211491\\\/\"]}]},{\"@type\":\"ImageObject\",\"inLanguage\":\"fr-FR\",\"@id\":\"https:\\\/\\\/www.webdo.tn\\\/fr\\\/actualite\\\/international\\\/des-frappes-americano-britanniques-contre-les-houthis-au-yemen\\\/211491\\\/#primaryimage\",\"url\":\"https:\\\/\\\/www.webdo.tn\\\/fr\\\/wp-content\\\/uploads\\\/2024\\\/01\\\/2d3e61e23bd0457aaff09a26113b608c.png\",\"contentUrl\":\"https:\\\/\\\/www.webdo.tn\\\/fr\\\/wp-content\\\/uploads\\\/2024\\\/01\\\/2d3e61e23bd0457aaff09a26113b608c.png\",\"width\":750,\"height\":400,\"caption\":\"Des frappes am\u00e9ricano-britanniques contre les Houthis au Y\u00e9men\"},{\"@type\":\"BreadcrumbList\",\"@id\":\"https:\\\/\\\/www.webdo.tn\\\/fr\\\/actualite\\\/international\\\/des-frappes-americano-britanniques-contre-les-houthis-au-yemen\\\/211491\\\/#breadcrumb\",\"itemListElement\":[{\"@type\":\"ListItem\",\"position\":1,\"name\":\"Accueil\",\"item\":\"https:\\\/\\\/www.webdo.tn\\\/fr\\\/\"},{\"@type\":\"ListItem\",\"position\":2,\"name\":\"Des frappes am\u00e9ricano-britanniques contre les Houthis au Y\u00e9men\"}]},{\"@type\":\"WebSite\",\"@id\":\"https:\\\/\\\/www.webdo.tn\\\/fr\\\/#website\",\"url\":\"https:\\\/\\\/www.webdo.tn\\\/fr\\\/\",\"name\":\"webdo\",\"description\":\"Tunisie - News en Tunisie et \u00e0 l&#039;international sur Webdo.tn\",\"publisher\":{\"@id\":\"https:\\\/\\\/www.webdo.tn\\\/fr\\\/#organization\"},\"potentialAction\":[{\"@type\":\"SearchAction\",\"target\":{\"@type\":\"EntryPoint\",\"urlTemplate\":\"https:\\\/\\\/www.webdo.tn\\\/fr\\\/?s={search_term_string}\"},\"query-input\":{\"@type\":\"PropertyValueSpecification\",\"valueRequired\":true,\"valueName\":\"search_term_string\"}}],\"inLanguage\":\"fr-FR\"},{\"@type\":\"Organization\",\"@id\":\"https:\\\/\\\/www.webdo.tn\\\/fr\\\/#organization\",\"name\":\"Webdo\",\"alternateName\":\"Webdo.tn\",\"url\":\"https:\\\/\\\/www.webdo.tn\\\/fr\\\/\",\"logo\":{\"@type\":\"ImageObject\",\"inLanguage\":\"fr-FR\",\"@id\":\"https:\\\/\\\/www.webdo.tn\\\/fr\\\/#\\\/schema\\\/logo\\\/image\\\/\",\"url\":\"https:\\\/\\\/www.webdo.tn\\\/fr\\\/wp-content\\\/uploads\\\/2025\\\/06\\\/Webdo-Tunisie_168377.jpg\",\"contentUrl\":\"https:\\\/\\\/www.webdo.tn\\\/fr\\\/wp-content\\\/uploads\\\/2025\\\/06\\\/Webdo-Tunisie_168377.jpg\",\"width\":301,\"height\":301,\"caption\":\"Webdo\"},\"image\":{\"@id\":\"https:\\\/\\\/www.webdo.tn\\\/fr\\\/#\\\/schema\\\/logo\\\/image\\\/\"},\"sameAs\":[\"https:\\\/\\\/www.facebook.com\\\/webdotn\",\"https:\\\/\\\/x.com\\\/webdo_tn\"],\"description\":\"Webdo est un m\u00e9dia num\u00e9rique tunisien fond\u00e9 en 2010, sp\u00e9cialis\u00e9 dans l\u2019actualit\u00e9 nationale et internationale, l\u2019\u00e9conomie, la soci\u00e9t\u00e9 et les analyses politiques. Le site s\u2019adresse \u00e0 un large public francophone et couvre l\u2019information tunisienne en temps r\u00e9el.\",\"email\":\"redac@webdo.tn\",\"legalName\":\"YNJ SARL\",\"foundingDate\":\"2010-09-06\",\"numberOfEmployees\":{\"@type\":\"QuantitativeValue\",\"minValue\":\"11\",\"maxValue\":\"50\"}},{\"@type\":\"Person\",\"@id\":\"https:\\\/\\\/www.webdo.tn\\\/fr\\\/#\\\/schema\\\/person\\\/f35b42a42c5e2511bbd282959d6385cc\",\"name\":\"CL\",\"image\":{\"@type\":\"ImageObject\",\"inLanguage\":\"fr-FR\",\"@id\":\"https:\\\/\\\/secure.gravatar.com\\\/avatar\\\/1447a49909b67aa657c488aec6512e1dd6143a480c1ecfee9b5b5cd74eb3b59e?s=96&d=mm&r=g\",\"url\":\"https:\\\/\\\/secure.gravatar.com\\\/avatar\\\/1447a49909b67aa657c488aec6512e1dd6143a480c1ecfee9b5b5cd74eb3b59e?s=96&d=mm&r=g\",\"contentUrl\":\"https:\\\/\\\/secure.gravatar.com\\\/avatar\\\/1447a49909b67aa657c488aec6512e1dd6143a480c1ecfee9b5b5cd74eb3b59e?s=96&d=mm&r=g\",\"caption\":\"CL\"},\"url\":\"https:\\\/\\\/www.webdo.tn\\\/fr\\\/actualite\\\/author\\\/cl\\\/\"}]}<\/script>\n<!-- \/ Yoast SEO Premium plugin. -->","yoast_head_json":{"title":"Des frappes am\u00e9ricano-britanniques contre les Houthis au Y\u00e9men","description":"Les frappes ont \u00e9t\u00e9 men\u00e9es \u00e0 l\u2019aide d\u2019avions de combat et de missiles Tomahawk, ont indiqu\u00e9 plusieurs m\u00e9dias am\u00e9ricains. Elles ont b\u00e9n\u00e9fici\u00e9 du \u00ab soutien \u00bb de l...","canonical":"https:\/\/www.webdo.tn\/fr\/actualite\/international\/des-frappes-americano-britanniques-contre-les-houthis-au-yemen\/211491\/","og_locale":"fr_FR","og_type":"article","og_title":"Des frappes am\u00e9ricano-britanniques contre les Houthis au Y\u00e9men","og_description":"Les frappes ont \u00e9t\u00e9 men\u00e9es \u00e0 l\u2019aide d\u2019avions de combat et de missiles Tomahawk, ont indiqu\u00e9 plusieurs m\u00e9dias am\u00e9ricains. Elles ont b\u00e9n\u00e9fici\u00e9 du \u00ab soutien \u00bb de l...","og_url":"https:\/\/www.webdo.tn\/fr\/actualite\/international\/des-frappes-americano-britanniques-contre-les-houthis-au-yemen\/211491\/","og_site_name":"webdo","article_publisher":"https:\/\/www.facebook.com\/webdotn","article_published_time":"2024-01-12T08:40:00+00:00","article_modified_time":"2025-05-20T22:38:26+00:00","og_image":[{"width":750,"height":400,"url":"https:\/\/www.webdo.tn\/fr\/wp-content\/uploads\/2024\/01\/2d3e61e23bd0457aaff09a26113b608c.png","type":"image\/png"}],"author":"CL","twitter_card":"summary_large_image","twitter_creator":"@webdo_tn","twitter_site":"@webdo_tn","twitter_misc":{"\u00c9crit par":"CL","Dur\u00e9e de lecture estim\u00e9e":"1 minute"},"schema":{"@context":"https:\/\/schema.org","@graph":[{"@type":"NewsArticle","@id":"https:\/\/www.webdo.tn\/fr\/actualite\/international\/des-frappes-americano-britanniques-contre-les-houthis-au-yemen\/211491\/#article","isPartOf":{"@id":"https:\/\/www.webdo.tn\/fr\/actualite\/international\/des-frappes-americano-britanniques-contre-les-houthis-au-yemen\/211491\/"},"author":{"name":"CL","@id":"https:\/\/www.webdo.tn\/fr\/#\/schema\/person\/f35b42a42c5e2511bbd282959d6385cc"},"headline":"Des frappes am\u00e9ricano-britanniques contre les Houthis au Y\u00e9men","datePublished":"2024-01-12T08:40:00+00:00","dateModified":"2025-05-20T22:38:26+00:00","mainEntityOfPage":{"@id":"https:\/\/www.webdo.tn\/fr\/actualite\/international\/des-frappes-americano-britanniques-contre-les-houthis-au-yemen\/211491\/"},"wordCount":178,"commentCount":0,"publisher":{"@id":"https:\/\/www.webdo.tn\/fr\/#organization"},"image":{"@id":"https:\/\/www.webdo.tn\/fr\/actualite\/international\/des-frappes-americano-britanniques-contre-les-houthis-au-yemen\/211491\/#primaryimage"},"thumbnailUrl":"https:\/\/www.webdo.tn\/fr\/wp-content\/uploads\/2024\/01\/2d3e61e23bd0457aaff09a26113b608c.png","keywords":["Frappes","houthis","USA","y\u00e9men"],"articleSection":["International"],"inLanguage":"fr-FR"},{"@type":"WebPage","@id":"https:\/\/www.webdo.tn\/fr\/actualite\/international\/des-frappes-americano-britanniques-contre-les-houthis-au-yemen\/211491\/","url":"https:\/\/www.webdo.tn\/fr\/actualite\/international\/des-frappes-americano-britanniques-contre-les-houthis-au-yemen\/211491\/","name":"Des frappes am\u00e9ricano-britanniques contre les Houthis au Y\u00e9men","isPartOf":{"@id":"https:\/\/www.webdo.tn\/fr\/#website"},"primaryImageOfPage":{"@id":"https:\/\/www.webdo.tn\/fr\/actualite\/international\/des-frappes-americano-britanniques-contre-les-houthis-au-yemen\/211491\/#primaryimage"},"image":{"@id":"https:\/\/www.webdo.tn\/fr\/actualite\/international\/des-frappes-americano-britanniques-contre-les-houthis-au-yemen\/211491\/#primaryimage"},"thumbnailUrl":"https:\/\/www.webdo.tn\/fr\/wp-content\/uploads\/2024\/01\/2d3e61e23bd0457aaff09a26113b608c.png","datePublished":"2024-01-12T08:40:00+00:00","dateModified":"2025-05-20T22:38:26+00:00","description":"Les frappes ont \u00e9t\u00e9 men\u00e9es \u00e0 l\u2019aide d\u2019avions de combat et de missiles Tomahawk, ont indiqu\u00e9 plusieurs m\u00e9dias am\u00e9ricains. Elles ont b\u00e9n\u00e9fici\u00e9 du \u00ab soutien \u00bb de l...","breadcrumb":{"@id":"https:\/\/www.webdo.tn\/fr\/actualite\/international\/des-frappes-americano-britanniques-contre-les-houthis-au-yemen\/211491\/#breadcrumb"},"inLanguage":"fr-FR","potentialAction":[{"@type":"ReadAction","target":["https:\/\/www.webdo.tn\/fr\/actualite\/international\/des-frappes-americano-britanniques-contre-les-houthis-au-yemen\/211491\/"]}]},{"@type":"ImageObject","inLanguage":"fr-FR","@id":"https:\/\/www.webdo.tn\/fr\/actualite\/international\/des-frappes-americano-britanniques-contre-les-houthis-au-yemen\/211491\/#primaryimage","url":"https:\/\/www.webdo.tn\/fr\/wp-content\/uploads\/2024\/01\/2d3e61e23bd0457aaff09a26113b608c.png","contentUrl":"https:\/\/www.webdo.tn\/fr\/wp-content\/uploads\/2024\/01\/2d3e61e23bd0457aaff09a26113b608c.png","width":750,"height":400,"caption":"Des frappes am\u00e9ricano-britanniques contre les Houthis au Y\u00e9men"},{"@type":"BreadcrumbList","@id":"https:\/\/www.webdo.tn\/fr\/actualite\/international\/des-frappes-americano-britanniques-contre-les-houthis-au-yemen\/211491\/#breadcrumb","itemListElement":[{"@type":"ListItem","position":1,"name":"Accueil","item":"https:\/\/www.webdo.tn\/fr\/"},{"@type":"ListItem","position":2,"name":"Des frappes am\u00e9ricano-britanniques contre les Houthis au Y\u00e9men"}]},{"@type":"WebSite","@id":"https:\/\/www.webdo.tn\/fr\/#website","url":"https:\/\/www.webdo.tn\/fr\/","name":"webdo","description":"Tunisie - News en Tunisie et \u00e0 l&#039;international sur Webdo.tn","publisher":{"@id":"https:\/\/www.webdo.tn\/fr\/#organization"},"potentialAction":[{"@type":"SearchAction","target":{"@type":"EntryPoint","urlTemplate":"https:\/\/www.webdo.tn\/fr\/?s={search_term_string}"},"query-input":{"@type":"PropertyValueSpecification","valueRequired":true,"valueName":"search_term_string"}}],"inLanguage":"fr-FR"},{"@type":"Organization","@id":"https:\/\/www.webdo.tn\/fr\/#organization","name":"Webdo","alternateName":"Webdo.tn","url":"https:\/\/www.webdo.tn\/fr\/","logo":{"@type":"ImageObject","inLanguage":"fr-FR","@id":"https:\/\/www.webdo.tn\/fr\/#\/schema\/logo\/image\/","url":"https:\/\/www.webdo.tn\/fr\/wp-content\/uploads\/2025\/06\/Webdo-Tunisie_168377.jpg","contentUrl":"https:\/\/www.webdo.tn\/fr\/wp-content\/uploads\/2025\/06\/Webdo-Tunisie_168377.jpg","width":301,"height":301,"caption":"Webdo"},"image":{"@id":"https:\/\/www.webdo.tn\/fr\/#\/schema\/logo\/image\/"},"sameAs":["https:\/\/www.facebook.com\/webdotn","https:\/\/x.com\/webdo_tn"],"description":"Webdo est un m\u00e9dia num\u00e9rique tunisien fond\u00e9 en 2010, sp\u00e9cialis\u00e9 dans l\u2019actualit\u00e9 nationale et internationale, l\u2019\u00e9conomie, la soci\u00e9t\u00e9 et les analyses politiques. Le site s\u2019adresse \u00e0 un large public francophone et couvre l\u2019information tunisienne en temps r\u00e9el.","email":"redac@webdo.tn","legalName":"YNJ SARL","foundingDate":"2010-09-06","numberOfEmployees":{"@type":"QuantitativeValue","minValue":"11","maxValue":"50"}},{"@type":"Person","@id":"https:\/\/www.webdo.tn\/fr\/#\/schema\/person\/f35b42a42c5e2511bbd282959d6385cc","name":"CL","image":{"@type":"ImageObject","inLanguage":"fr-FR","@id":"https:\/\/secure.gravatar.com\/avatar\/1447a49909b67aa657c488aec6512e1dd6143a480c1ecfee9b5b5cd74eb3b59e?s=96&d=mm&r=g","url":"https:\/\/secure.gravatar.com\/avatar\/1447a49909b67aa657c488aec6512e1dd6143a480c1ecfee9b5b5cd74eb3b59e?s=96&d=mm&r=g","contentUrl":"https:\/\/secure.gravatar.com\/avatar\/1447a49909b67aa657c488aec6512e1dd6143a480c1ecfee9b5b5cd74eb3b59e?s=96&d=mm&r=g","caption":"CL"},"url":"https:\/\/www.webdo.tn\/fr\/actualite\/author\/cl\/"}]}},"_links":{"self":[{"href":"https:\/\/www.webdo.tn\/fr\/wp-json\/wp\/v2\/posts\/211491","targetHints":{"allow":["GET"]}}],"collection":[{"href":"https:\/\/www.webdo.tn\/fr\/wp-json\/wp\/v2\/posts"}],"about":[{"href":"https:\/\/www.webdo.tn\/fr\/wp-json\/wp\/v2\/types\/post"}],"author":[{"embeddable":true,"href":"https:\/\/www.webdo.tn\/fr\/wp-json\/wp\/v2\/users\/3175"}],"replies":[{"embeddable":true,"href":"https:\/\/www.webdo.tn\/fr\/wp-json\/wp\/v2\/comments?post=211491"}],"version-history":[{"count":0,"href":"https:\/\/www.webdo.tn\/fr\/wp-json\/wp\/v2\/posts\/211491\/revisions"}],"wp:featuredmedia":[{"embeddable":true,"href":"https:\/\/www.webdo.tn\/fr\/wp-json\/wp\/v2\/media\/248258"}],"wp:attachment":[{"href":"https:\/\/www.webdo.tn\/fr\/wp-json\/wp\/v2\/media?parent=211491"}],"wp:term":[{"taxonomy":"category","embeddable":true,"href":"https:\/\/www.webdo.tn\/fr\/wp-json\/wp\/v2\/categories?post=211491"},{"taxonomy":"post_tag","embeddable":true,"href":"https:\/\/www.webdo.tn\/fr\/wp-json\/wp\/v2\/tags?post=211491"}],"curies":[{"name":"wp","href":"https:\/\/api.w.org\/{rel}","templated":true}]}}