{"id":211484,"date":"2024-01-11T20:16:00","date_gmt":"2024-01-11T20:16:00","guid":{"rendered":"https:\/\/www.webdo.tn\/fr\/blog\/accusations-de-genocide-l-entite-sioniste-repond-a-l-afrique-du-sud\/211484\/"},"modified":"2025-05-20T22:38:25","modified_gmt":"2025-05-20T22:38:25","slug":"accusations-de-genocide-l-entite-sioniste-repond-a-l-afrique-du-sud","status":"publish","type":"post","link":"https:\/\/www.webdo.tn\/fr\/actualite\/international\/accusations-de-genocide-l-entite-sioniste-repond-a-l-afrique-du-sud\/211484\/","title":{"rendered":"Accusations de g\u00e9nocide : L&rsquo;entit\u00e9 sioniste r\u00e9pond \u00e0 l\u2019Afrique du Sud"},"content":{"rendered":"<p>\u00ab Isra\u00ebl est accus\u00e9 de g\u00e9nocide au moment o\u00f9 il combat le g\u00e9nocide \u00bb, a pr\u00e9tendu ce jeudi 11 janvier 2024, le Premier ministre isra\u00e9lien Benyamin Netanyahou dont le pays est accus\u00e9 par l\u2019Afrique du Sud de g\u00e9nocide sur fond de sa guerre sauvage contre Gaza.\u00a0<\/p>\n<p>\u00ab Une organisation terroriste a commis le pire crime contre le peuple juif depuis l\u2019Holocauste et voici que quelqu\u2019un vient la d\u00e9fendre au nom de l\u2019Holocauste. Quel culot ! \u00bb, a r\u00e9agi dans un communiqu\u00e9 Benyamin Netanyahou.\u00a0<\/p>\n<p>La Cour internationale de justice (CIJ) a tenu jeudi \u00e0 La Haye sa premi\u00e8re audience, saisie par l\u2019Afrique du Sud qui accuse Isra\u00ebl de violer la Convention des Nations unies sur le g\u00e9nocide.<\/p>\n<p>En effet, l&rsquo;Afrique du Sud a officiellement accus\u00e9 Isra\u00ebl devant la Cour internationale de justice \u00e0 travers une requ\u00eate d\u00e9pos\u00e9e le 29 d\u00e9cembre 2023 dans laquelle elle a d\u00e9nonc\u00e9 l\u2019entit\u00e9 sioniste de se livrer \u00e0 des \u00ab\u00a0actes de g\u00e9nocide contre le peuple palestinien \u00e0 Gaza\u00a0\u00bb.<\/p>\n<p>Dans cette requ\u00eate d\u00e9pos\u00e9e au sein de l\u2019organe judiciaire principal des Nations unies, l&rsquo;Afrique du Sud affirme que les \u00ab\u00a0actes et omissions d&rsquo;Isra\u00ebl rev\u00eatent un caract\u00e8re g\u00e9nocidaire, car ils s&rsquo;accompagnent de l&rsquo;intention sp\u00e9cifique requise (&#8230;) de d\u00e9truire les Palestiniens de Gaza en tant que partie du groupe national, racial et ethnique plus large des Palestiniens\u00a0\u00bb.<\/p>\n","protected":false},"excerpt":{"rendered":"<p>\u00ab Une organisation terroriste a commis le pire crime contre le peuple juif depuis l\u2019Holocauste et voici que quelqu\u2019un vient la d\u00e9fendre au nom de l\u2019Holocauste&#8230;.<\/p>\n","protected":false},"author":3175,"featured_media":248255,"comment_status":"open","ping_status":"closed","sticky":false,"template":"","format":"standard","meta":{"footnotes":""},"categories":[2598],"tags":[3629,7196,2636],"class_list":["post-211484","post","type-post","status-publish","format-standard","has-post-thumbnail","hentry","category-international","tag-afrique-du-sud","tag-genocide","tag-israel"],"yoast_head":"<!-- This site is optimized with the Yoast SEO Premium plugin v27.5 (Yoast SEO v27.5) - https:\/\/yoast.com\/product\/yoast-seo-premium-wordpress\/ -->\n<title>Accusations de g\u00e9nocide : L&#039;entit\u00e9 sioniste r\u00e9pond \u00e0 l\u2019Afrique du Sud<\/title>\n<meta name=\"description\" content=\"\u00ab Une organisation terroriste a commis le pire crime contre le peuple juif depuis l\u2019Holocauste et voici que quelqu\u2019un vient la d\u00e9fendre au nom de l\u2019Holocauste....\" \/>\n<link rel=\"canonical\" href=\"https:\/\/www.webdo.tn\/fr\/actualite\/international\/accusations-de-genocide-l-entite-sioniste-repond-a-l-afrique-du-sud\/211484\/\" \/>\n<meta property=\"og:locale\" content=\"fr_FR\" \/>\n<meta property=\"og:type\" content=\"article\" \/>\n<meta property=\"og:title\" content=\"Accusations de g\u00e9nocide : L&#039;entit\u00e9 sioniste r\u00e9pond \u00e0 l\u2019Afrique du Sud\" \/>\n<meta property=\"og:description\" content=\"\u00ab Une organisation terroriste a commis le pire crime contre le peuple juif depuis l\u2019Holocauste et voici que quelqu\u2019un vient la d\u00e9fendre au nom de l\u2019Holocauste....\" \/>\n<meta property=\"og:url\" content=\"https:\/\/www.webdo.tn\/fr\/actualite\/international\/accusations-de-genocide-l-entite-sioniste-repond-a-l-afrique-du-sud\/211484\/\" \/>\n<meta property=\"og:site_name\" content=\"webdo\" \/>\n<meta property=\"article:publisher\" content=\"https:\/\/www.facebook.com\/webdotn\" \/>\n<meta property=\"article:published_time\" content=\"2024-01-11T20:16:00+00:00\" \/>\n<meta property=\"article:modified_time\" content=\"2025-05-20T22:38:25+00:00\" \/>\n<meta property=\"og:image\" content=\"https:\/\/www.webdo.tn\/fr\/wp-content\/uploads\/2024\/01\/e38200d9426ce1abab8a94fcecb525be.png\" \/>\n\t<meta property=\"og:image:width\" content=\"750\" \/>\n\t<meta property=\"og:image:height\" content=\"400\" \/>\n\t<meta property=\"og:image:type\" content=\"image\/png\" \/>\n<meta name=\"author\" content=\"CL\" \/>\n<meta name=\"twitter:card\" content=\"summary_large_image\" \/>\n<meta name=\"twitter:creator\" content=\"@webdo_tn\" \/>\n<meta name=\"twitter:site\" content=\"@webdo_tn\" \/>\n<meta name=\"twitter:label1\" content=\"\u00c9crit par\" \/>\n\t<meta name=\"twitter:data1\" content=\"CL\" \/>\n\t<meta name=\"twitter:label2\" content=\"Dur\u00e9e de lecture estim\u00e9e\" \/>\n\t<meta name=\"twitter:data2\" content=\"1 minute\" \/>\n<script type=\"application\/ld+json\" class=\"yoast-schema-graph\">{\"@context\":\"https:\\\/\\\/schema.org\",\"@graph\":[{\"@type\":\"NewsArticle\",\"@id\":\"https:\\\/\\\/www.webdo.tn\\\/fr\\\/actualite\\\/international\\\/accusations-de-genocide-l-entite-sioniste-repond-a-l-afrique-du-sud\\\/211484\\\/#article\",\"isPartOf\":{\"@id\":\"https:\\\/\\\/www.webdo.tn\\\/fr\\\/actualite\\\/international\\\/accusations-de-genocide-l-entite-sioniste-repond-a-l-afrique-du-sud\\\/211484\\\/\"},\"author\":{\"name\":\"CL\",\"@id\":\"https:\\\/\\\/www.webdo.tn\\\/fr\\\/#\\\/schema\\\/person\\\/f35b42a42c5e2511bbd282959d6385cc\"},\"headline\":\"Accusations de g\u00e9nocide : L&rsquo;entit\u00e9 sioniste r\u00e9pond \u00e0 l\u2019Afrique du Sud\",\"datePublished\":\"2024-01-11T20:16:00+00:00\",\"dateModified\":\"2025-05-20T22:38:25+00:00\",\"mainEntityOfPage\":{\"@id\":\"https:\\\/\\\/www.webdo.tn\\\/fr\\\/actualite\\\/international\\\/accusations-de-genocide-l-entite-sioniste-repond-a-l-afrique-du-sud\\\/211484\\\/\"},\"wordCount\":254,\"commentCount\":0,\"publisher\":{\"@id\":\"https:\\\/\\\/www.webdo.tn\\\/fr\\\/#organization\"},\"image\":{\"@id\":\"https:\\\/\\\/www.webdo.tn\\\/fr\\\/actualite\\\/international\\\/accusations-de-genocide-l-entite-sioniste-repond-a-l-afrique-du-sud\\\/211484\\\/#primaryimage\"},\"thumbnailUrl\":\"https:\\\/\\\/www.webdo.tn\\\/fr\\\/wp-content\\\/uploads\\\/2024\\\/01\\\/e38200d9426ce1abab8a94fcecb525be.png\",\"keywords\":[\"afrique du sud\",\"G\u00e9nocide\",\"isra\u00ebl\"],\"articleSection\":[\"International\"],\"inLanguage\":\"fr-FR\"},{\"@type\":\"WebPage\",\"@id\":\"https:\\\/\\\/www.webdo.tn\\\/fr\\\/actualite\\\/international\\\/accusations-de-genocide-l-entite-sioniste-repond-a-l-afrique-du-sud\\\/211484\\\/\",\"url\":\"https:\\\/\\\/www.webdo.tn\\\/fr\\\/actualite\\\/international\\\/accusations-de-genocide-l-entite-sioniste-repond-a-l-afrique-du-sud\\\/211484\\\/\",\"name\":\"Accusations de g\u00e9nocide : L'entit\u00e9 sioniste r\u00e9pond \u00e0 l\u2019Afrique du Sud\",\"isPartOf\":{\"@id\":\"https:\\\/\\\/www.webdo.tn\\\/fr\\\/#website\"},\"primaryImageOfPage\":{\"@id\":\"https:\\\/\\\/www.webdo.tn\\\/fr\\\/actualite\\\/international\\\/accusations-de-genocide-l-entite-sioniste-repond-a-l-afrique-du-sud\\\/211484\\\/#primaryimage\"},\"image\":{\"@id\":\"https:\\\/\\\/www.webdo.tn\\\/fr\\\/actualite\\\/international\\\/accusations-de-genocide-l-entite-sioniste-repond-a-l-afrique-du-sud\\\/211484\\\/#primaryimage\"},\"thumbnailUrl\":\"https:\\\/\\\/www.webdo.tn\\\/fr\\\/wp-content\\\/uploads\\\/2024\\\/01\\\/e38200d9426ce1abab8a94fcecb525be.png\",\"datePublished\":\"2024-01-11T20:16:00+00:00\",\"dateModified\":\"2025-05-20T22:38:25+00:00\",\"description\":\"\u00ab Une organisation terroriste a commis le pire crime contre le peuple juif depuis l\u2019Holocauste et voici que quelqu\u2019un vient la d\u00e9fendre au nom de l\u2019Holocauste....\",\"breadcrumb\":{\"@id\":\"https:\\\/\\\/www.webdo.tn\\\/fr\\\/actualite\\\/international\\\/accusations-de-genocide-l-entite-sioniste-repond-a-l-afrique-du-sud\\\/211484\\\/#breadcrumb\"},\"inLanguage\":\"fr-FR\",\"potentialAction\":[{\"@type\":\"ReadAction\",\"target\":[\"https:\\\/\\\/www.webdo.tn\\\/fr\\\/actualite\\\/international\\\/accusations-de-genocide-l-entite-sioniste-repond-a-l-afrique-du-sud\\\/211484\\\/\"]}]},{\"@type\":\"ImageObject\",\"inLanguage\":\"fr-FR\",\"@id\":\"https:\\\/\\\/www.webdo.tn\\\/fr\\\/actualite\\\/international\\\/accusations-de-genocide-l-entite-sioniste-repond-a-l-afrique-du-sud\\\/211484\\\/#primaryimage\",\"url\":\"https:\\\/\\\/www.webdo.tn\\\/fr\\\/wp-content\\\/uploads\\\/2024\\\/01\\\/e38200d9426ce1abab8a94fcecb525be.png\",\"contentUrl\":\"https:\\\/\\\/www.webdo.tn\\\/fr\\\/wp-content\\\/uploads\\\/2024\\\/01\\\/e38200d9426ce1abab8a94fcecb525be.png\",\"width\":750,\"height\":400,\"caption\":\"Accusations de g\u00e9nocide : L'entit\u00e9 sioniste r\u00e9pond \u00e0 l\u2019Afrique du Sud\"},{\"@type\":\"BreadcrumbList\",\"@id\":\"https:\\\/\\\/www.webdo.tn\\\/fr\\\/actualite\\\/international\\\/accusations-de-genocide-l-entite-sioniste-repond-a-l-afrique-du-sud\\\/211484\\\/#breadcrumb\",\"itemListElement\":[{\"@type\":\"ListItem\",\"position\":1,\"name\":\"Accueil\",\"item\":\"https:\\\/\\\/www.webdo.tn\\\/fr\\\/\"},{\"@type\":\"ListItem\",\"position\":2,\"name\":\"Accusations de g\u00e9nocide : L&rsquo;entit\u00e9 sioniste r\u00e9pond \u00e0 l\u2019Afrique du Sud\"}]},{\"@type\":\"WebSite\",\"@id\":\"https:\\\/\\\/www.webdo.tn\\\/fr\\\/#website\",\"url\":\"https:\\\/\\\/www.webdo.tn\\\/fr\\\/\",\"name\":\"webdo\",\"description\":\"Tunisie - News en Tunisie et \u00e0 l&#039;international sur Webdo.tn\",\"publisher\":{\"@id\":\"https:\\\/\\\/www.webdo.tn\\\/fr\\\/#organization\"},\"potentialAction\":[{\"@type\":\"SearchAction\",\"target\":{\"@type\":\"EntryPoint\",\"urlTemplate\":\"https:\\\/\\\/www.webdo.tn\\\/fr\\\/?s={search_term_string}\"},\"query-input\":{\"@type\":\"PropertyValueSpecification\",\"valueRequired\":true,\"valueName\":\"search_term_string\"}}],\"inLanguage\":\"fr-FR\"},{\"@type\":\"Organization\",\"@id\":\"https:\\\/\\\/www.webdo.tn\\\/fr\\\/#organization\",\"name\":\"Webdo\",\"alternateName\":\"Webdo.tn\",\"url\":\"https:\\\/\\\/www.webdo.tn\\\/fr\\\/\",\"logo\":{\"@type\":\"ImageObject\",\"inLanguage\":\"fr-FR\",\"@id\":\"https:\\\/\\\/www.webdo.tn\\\/fr\\\/#\\\/schema\\\/logo\\\/image\\\/\",\"url\":\"https:\\\/\\\/www.webdo.tn\\\/fr\\\/wp-content\\\/uploads\\\/2025\\\/06\\\/Webdo-Tunisie_168377.jpg\",\"contentUrl\":\"https:\\\/\\\/www.webdo.tn\\\/fr\\\/wp-content\\\/uploads\\\/2025\\\/06\\\/Webdo-Tunisie_168377.jpg\",\"width\":301,\"height\":301,\"caption\":\"Webdo\"},\"image\":{\"@id\":\"https:\\\/\\\/www.webdo.tn\\\/fr\\\/#\\\/schema\\\/logo\\\/image\\\/\"},\"sameAs\":[\"https:\\\/\\\/www.facebook.com\\\/webdotn\",\"https:\\\/\\\/x.com\\\/webdo_tn\"],\"description\":\"Webdo est un m\u00e9dia num\u00e9rique tunisien fond\u00e9 en 2010, sp\u00e9cialis\u00e9 dans l\u2019actualit\u00e9 nationale et internationale, l\u2019\u00e9conomie, la soci\u00e9t\u00e9 et les analyses politiques. Le site s\u2019adresse \u00e0 un large public francophone et couvre l\u2019information tunisienne en temps r\u00e9el.\",\"email\":\"redac@webdo.tn\",\"legalName\":\"YNJ SARL\",\"foundingDate\":\"2010-09-06\",\"numberOfEmployees\":{\"@type\":\"QuantitativeValue\",\"minValue\":\"11\",\"maxValue\":\"50\"}},{\"@type\":\"Person\",\"@id\":\"https:\\\/\\\/www.webdo.tn\\\/fr\\\/#\\\/schema\\\/person\\\/f35b42a42c5e2511bbd282959d6385cc\",\"name\":\"CL\",\"image\":{\"@type\":\"ImageObject\",\"inLanguage\":\"fr-FR\",\"@id\":\"https:\\\/\\\/secure.gravatar.com\\\/avatar\\\/1447a49909b67aa657c488aec6512e1dd6143a480c1ecfee9b5b5cd74eb3b59e?s=96&d=mm&r=g\",\"url\":\"https:\\\/\\\/secure.gravatar.com\\\/avatar\\\/1447a49909b67aa657c488aec6512e1dd6143a480c1ecfee9b5b5cd74eb3b59e?s=96&d=mm&r=g\",\"contentUrl\":\"https:\\\/\\\/secure.gravatar.com\\\/avatar\\\/1447a49909b67aa657c488aec6512e1dd6143a480c1ecfee9b5b5cd74eb3b59e?s=96&d=mm&r=g\",\"caption\":\"CL\"},\"url\":\"https:\\\/\\\/www.webdo.tn\\\/fr\\\/actualite\\\/author\\\/cl\\\/\"}]}<\/script>\n<!-- \/ Yoast SEO Premium plugin. -->","yoast_head_json":{"title":"Accusations de g\u00e9nocide : L'entit\u00e9 sioniste r\u00e9pond \u00e0 l\u2019Afrique du Sud","description":"\u00ab Une organisation terroriste a commis le pire crime contre le peuple juif depuis l\u2019Holocauste et voici que quelqu\u2019un vient la d\u00e9fendre au nom de l\u2019Holocauste....","canonical":"https:\/\/www.webdo.tn\/fr\/actualite\/international\/accusations-de-genocide-l-entite-sioniste-repond-a-l-afrique-du-sud\/211484\/","og_locale":"fr_FR","og_type":"article","og_title":"Accusations de g\u00e9nocide : L'entit\u00e9 sioniste r\u00e9pond \u00e0 l\u2019Afrique du Sud","og_description":"\u00ab Une organisation terroriste a commis le pire crime contre le peuple juif depuis l\u2019Holocauste et voici que quelqu\u2019un vient la d\u00e9fendre au nom de l\u2019Holocauste....","og_url":"https:\/\/www.webdo.tn\/fr\/actualite\/international\/accusations-de-genocide-l-entite-sioniste-repond-a-l-afrique-du-sud\/211484\/","og_site_name":"webdo","article_publisher":"https:\/\/www.facebook.com\/webdotn","article_published_time":"2024-01-11T20:16:00+00:00","article_modified_time":"2025-05-20T22:38:25+00:00","og_image":[{"width":750,"height":400,"url":"https:\/\/www.webdo.tn\/fr\/wp-content\/uploads\/2024\/01\/e38200d9426ce1abab8a94fcecb525be.png","type":"image\/png"}],"author":"CL","twitter_card":"summary_large_image","twitter_creator":"@webdo_tn","twitter_site":"@webdo_tn","twitter_misc":{"\u00c9crit par":"CL","Dur\u00e9e de lecture estim\u00e9e":"1 minute"},"schema":{"@context":"https:\/\/schema.org","@graph":[{"@type":"NewsArticle","@id":"https:\/\/www.webdo.tn\/fr\/actualite\/international\/accusations-de-genocide-l-entite-sioniste-repond-a-l-afrique-du-sud\/211484\/#article","isPartOf":{"@id":"https:\/\/www.webdo.tn\/fr\/actualite\/international\/accusations-de-genocide-l-entite-sioniste-repond-a-l-afrique-du-sud\/211484\/"},"author":{"name":"CL","@id":"https:\/\/www.webdo.tn\/fr\/#\/schema\/person\/f35b42a42c5e2511bbd282959d6385cc"},"headline":"Accusations de g\u00e9nocide : L&rsquo;entit\u00e9 sioniste r\u00e9pond \u00e0 l\u2019Afrique du Sud","datePublished":"2024-01-11T20:16:00+00:00","dateModified":"2025-05-20T22:38:25+00:00","mainEntityOfPage":{"@id":"https:\/\/www.webdo.tn\/fr\/actualite\/international\/accusations-de-genocide-l-entite-sioniste-repond-a-l-afrique-du-sud\/211484\/"},"wordCount":254,"commentCount":0,"publisher":{"@id":"https:\/\/www.webdo.tn\/fr\/#organization"},"image":{"@id":"https:\/\/www.webdo.tn\/fr\/actualite\/international\/accusations-de-genocide-l-entite-sioniste-repond-a-l-afrique-du-sud\/211484\/#primaryimage"},"thumbnailUrl":"https:\/\/www.webdo.tn\/fr\/wp-content\/uploads\/2024\/01\/e38200d9426ce1abab8a94fcecb525be.png","keywords":["afrique du sud","G\u00e9nocide","isra\u00ebl"],"articleSection":["International"],"inLanguage":"fr-FR"},{"@type":"WebPage","@id":"https:\/\/www.webdo.tn\/fr\/actualite\/international\/accusations-de-genocide-l-entite-sioniste-repond-a-l-afrique-du-sud\/211484\/","url":"https:\/\/www.webdo.tn\/fr\/actualite\/international\/accusations-de-genocide-l-entite-sioniste-repond-a-l-afrique-du-sud\/211484\/","name":"Accusations de g\u00e9nocide : L'entit\u00e9 sioniste r\u00e9pond \u00e0 l\u2019Afrique du Sud","isPartOf":{"@id":"https:\/\/www.webdo.tn\/fr\/#website"},"primaryImageOfPage":{"@id":"https:\/\/www.webdo.tn\/fr\/actualite\/international\/accusations-de-genocide-l-entite-sioniste-repond-a-l-afrique-du-sud\/211484\/#primaryimage"},"image":{"@id":"https:\/\/www.webdo.tn\/fr\/actualite\/international\/accusations-de-genocide-l-entite-sioniste-repond-a-l-afrique-du-sud\/211484\/#primaryimage"},"thumbnailUrl":"https:\/\/www.webdo.tn\/fr\/wp-content\/uploads\/2024\/01\/e38200d9426ce1abab8a94fcecb525be.png","datePublished":"2024-01-11T20:16:00+00:00","dateModified":"2025-05-20T22:38:25+00:00","description":"\u00ab Une organisation terroriste a commis le pire crime contre le peuple juif depuis l\u2019Holocauste et voici que quelqu\u2019un vient la d\u00e9fendre au nom de l\u2019Holocauste....","breadcrumb":{"@id":"https:\/\/www.webdo.tn\/fr\/actualite\/international\/accusations-de-genocide-l-entite-sioniste-repond-a-l-afrique-du-sud\/211484\/#breadcrumb"},"inLanguage":"fr-FR","potentialAction":[{"@type":"ReadAction","target":["https:\/\/www.webdo.tn\/fr\/actualite\/international\/accusations-de-genocide-l-entite-sioniste-repond-a-l-afrique-du-sud\/211484\/"]}]},{"@type":"ImageObject","inLanguage":"fr-FR","@id":"https:\/\/www.webdo.tn\/fr\/actualite\/international\/accusations-de-genocide-l-entite-sioniste-repond-a-l-afrique-du-sud\/211484\/#primaryimage","url":"https:\/\/www.webdo.tn\/fr\/wp-content\/uploads\/2024\/01\/e38200d9426ce1abab8a94fcecb525be.png","contentUrl":"https:\/\/www.webdo.tn\/fr\/wp-content\/uploads\/2024\/01\/e38200d9426ce1abab8a94fcecb525be.png","width":750,"height":400,"caption":"Accusations de g\u00e9nocide : L'entit\u00e9 sioniste r\u00e9pond \u00e0 l\u2019Afrique du Sud"},{"@type":"BreadcrumbList","@id":"https:\/\/www.webdo.tn\/fr\/actualite\/international\/accusations-de-genocide-l-entite-sioniste-repond-a-l-afrique-du-sud\/211484\/#breadcrumb","itemListElement":[{"@type":"ListItem","position":1,"name":"Accueil","item":"https:\/\/www.webdo.tn\/fr\/"},{"@type":"ListItem","position":2,"name":"Accusations de g\u00e9nocide : L&rsquo;entit\u00e9 sioniste r\u00e9pond \u00e0 l\u2019Afrique du Sud"}]},{"@type":"WebSite","@id":"https:\/\/www.webdo.tn\/fr\/#website","url":"https:\/\/www.webdo.tn\/fr\/","name":"webdo","description":"Tunisie - News en Tunisie et \u00e0 l&#039;international sur Webdo.tn","publisher":{"@id":"https:\/\/www.webdo.tn\/fr\/#organization"},"potentialAction":[{"@type":"SearchAction","target":{"@type":"EntryPoint","urlTemplate":"https:\/\/www.webdo.tn\/fr\/?s={search_term_string}"},"query-input":{"@type":"PropertyValueSpecification","valueRequired":true,"valueName":"search_term_string"}}],"inLanguage":"fr-FR"},{"@type":"Organization","@id":"https:\/\/www.webdo.tn\/fr\/#organization","name":"Webdo","alternateName":"Webdo.tn","url":"https:\/\/www.webdo.tn\/fr\/","logo":{"@type":"ImageObject","inLanguage":"fr-FR","@id":"https:\/\/www.webdo.tn\/fr\/#\/schema\/logo\/image\/","url":"https:\/\/www.webdo.tn\/fr\/wp-content\/uploads\/2025\/06\/Webdo-Tunisie_168377.jpg","contentUrl":"https:\/\/www.webdo.tn\/fr\/wp-content\/uploads\/2025\/06\/Webdo-Tunisie_168377.jpg","width":301,"height":301,"caption":"Webdo"},"image":{"@id":"https:\/\/www.webdo.tn\/fr\/#\/schema\/logo\/image\/"},"sameAs":["https:\/\/www.facebook.com\/webdotn","https:\/\/x.com\/webdo_tn"],"description":"Webdo est un m\u00e9dia num\u00e9rique tunisien fond\u00e9 en 2010, sp\u00e9cialis\u00e9 dans l\u2019actualit\u00e9 nationale et internationale, l\u2019\u00e9conomie, la soci\u00e9t\u00e9 et les analyses politiques. Le site s\u2019adresse \u00e0 un large public francophone et couvre l\u2019information tunisienne en temps r\u00e9el.","email":"redac@webdo.tn","legalName":"YNJ SARL","foundingDate":"2010-09-06","numberOfEmployees":{"@type":"QuantitativeValue","minValue":"11","maxValue":"50"}},{"@type":"Person","@id":"https:\/\/www.webdo.tn\/fr\/#\/schema\/person\/f35b42a42c5e2511bbd282959d6385cc","name":"CL","image":{"@type":"ImageObject","inLanguage":"fr-FR","@id":"https:\/\/secure.gravatar.com\/avatar\/1447a49909b67aa657c488aec6512e1dd6143a480c1ecfee9b5b5cd74eb3b59e?s=96&d=mm&r=g","url":"https:\/\/secure.gravatar.com\/avatar\/1447a49909b67aa657c488aec6512e1dd6143a480c1ecfee9b5b5cd74eb3b59e?s=96&d=mm&r=g","contentUrl":"https:\/\/secure.gravatar.com\/avatar\/1447a49909b67aa657c488aec6512e1dd6143a480c1ecfee9b5b5cd74eb3b59e?s=96&d=mm&r=g","caption":"CL"},"url":"https:\/\/www.webdo.tn\/fr\/actualite\/author\/cl\/"}]}},"_links":{"self":[{"href":"https:\/\/www.webdo.tn\/fr\/wp-json\/wp\/v2\/posts\/211484","targetHints":{"allow":["GET"]}}],"collection":[{"href":"https:\/\/www.webdo.tn\/fr\/wp-json\/wp\/v2\/posts"}],"about":[{"href":"https:\/\/www.webdo.tn\/fr\/wp-json\/wp\/v2\/types\/post"}],"author":[{"embeddable":true,"href":"https:\/\/www.webdo.tn\/fr\/wp-json\/wp\/v2\/users\/3175"}],"replies":[{"embeddable":true,"href":"https:\/\/www.webdo.tn\/fr\/wp-json\/wp\/v2\/comments?post=211484"}],"version-history":[{"count":0,"href":"https:\/\/www.webdo.tn\/fr\/wp-json\/wp\/v2\/posts\/211484\/revisions"}],"wp:featuredmedia":[{"embeddable":true,"href":"https:\/\/www.webdo.tn\/fr\/wp-json\/wp\/v2\/media\/248255"}],"wp:attachment":[{"href":"https:\/\/www.webdo.tn\/fr\/wp-json\/wp\/v2\/media?parent=211484"}],"wp:term":[{"taxonomy":"category","embeddable":true,"href":"https:\/\/www.webdo.tn\/fr\/wp-json\/wp\/v2\/categories?post=211484"},{"taxonomy":"post_tag","embeddable":true,"href":"https:\/\/www.webdo.tn\/fr\/wp-json\/wp\/v2\/tags?post=211484"}],"curies":[{"name":"wp","href":"https:\/\/api.w.org\/{rel}","templated":true}]}}