{"id":211474,"date":"2024-01-11T15:42:00","date_gmt":"2024-01-11T15:42:00","guid":{"rendered":"https:\/\/www.webdo.tn\/fr\/blog\/le-projet-d-agrandissement-de-l-aeroport-tunis-carthage-en-examen\/211474\/"},"modified":"2025-05-20T21:53:58","modified_gmt":"2025-05-20T21:53:58","slug":"le-projet-d-agrandissement-de-l-aeroport-tunis-carthage-en-examen","status":"publish","type":"post","link":"https:\/\/www.webdo.tn\/fr\/actualite\/national\/le-projet-d-agrandissement-de-l-aeroport-tunis-carthage-en-examen\/211474\/","title":{"rendered":"Tunisie : Le projet d&rsquo;agrandissement de l&rsquo;a\u00e9roport Tunis-Carthage en examen"},"content":{"rendered":"<p>Le ministre des Transports, Rabii Mjidi, a pr\u00e9sid\u00e9, ce jeudi 11 janvier 2024, une r\u00e9union consacr\u00e9e au projet d&rsquo;agrandissement de l&rsquo;a\u00e9roport international de Tunis-Carthage.<\/p>\n<p>\t\t\t\t\t\t\t\t\tCette r\u00e9union \u00e0 laquelle ont pris part le directeur g\u00e9n\u00e9ral de l&rsquo;Office national de l&rsquo;aviation civile et des a\u00e9roports, ainsi que plusieurs responsables du minist\u00e8re et de l&rsquo;office, a \u00e9t\u00e9 ax\u00e9e sur le projet d\u2019agrandissement et l\u2019identification des composantes y aff\u00e9rent.<\/p>\n<p>Le ministre du Transport a soulign\u00e9 que l&rsquo;agrandissement de l&rsquo;a\u00e9roport Tunis-Carthage s&rsquo;inscrit dans le cadre du programme de d\u00e9veloppement de l&rsquo;infrastructure a\u00e9roportuaire, soulignant la n\u00e9cessit\u00e9 d&rsquo;adopter des choix techniques conformes \u00e0 la vision du minist\u00e8re des Transports.<\/p>\n<p>De plus, il a soulign\u00e9 la n\u00e9cessit\u00e9 de prendre en compte l&rsquo;\u00e9volution du trafic a\u00e9rien, les besoins de d\u00e9veloppement des services et le renforcement de la s\u00e9curit\u00e9 tout en prenant en compte le d\u00e9veloppement urbain et \u00e9conomique de la capitale en tant que principale porte d&rsquo;entr\u00e9e du pays.<\/p>\n<p>Dans le m\u00eame contexte, le ministre a recommand\u00e9 d&rsquo;acc\u00e9l\u00e9rer la mise en place des mesures n\u00e9cessaires pour r\u00e9aliser ce projet dans les meilleurs d\u00e9lais et en respectant les normes requises, rapporte un communiqu\u00e9 du minist\u00e8re des Transports.<\/p>\n","protected":false},"excerpt":{"rendered":"<p>Le ministre du Transport a soulign\u00e9 que l&rsquo;agrandissement de l&rsquo;a\u00e9roport Tunis-Carthage s&rsquo;inscrit dans le cadre du programme de d\u00e9veloppement de l&rsquo;infrastructure&#8230;<\/p>\n","protected":false},"author":3162,"featured_media":248266,"comment_status":"open","ping_status":"closed","sticky":false,"template":"","format":"standard","meta":{"footnotes":""},"categories":[44],"tags":[3974,7202,3458],"class_list":["post-211474","post","type-post","status-publish","format-standard","has-post-thumbnail","hentry","category-national","tag-aeroport","tag-agrandissement","tag-tunis-carthage"],"yoast_head":"<!-- This site is optimized with the Yoast SEO Premium plugin v27.5 (Yoast SEO v27.5) - https:\/\/yoast.com\/product\/yoast-seo-premium-wordpress\/ -->\n<title>Tunisie : Le projet d&#039;agrandissement de l&#039;a\u00e9roport Tunis-Carthage en examen<\/title>\n<meta name=\"description\" content=\"Le ministre du Transport a soulign\u00e9 que l&#039;agrandissement de l&#039;a\u00e9roport Tunis-Carthage s&#039;inscrit dans le cadre du programme de d\u00e9veloppement de l&#039;infrastructure...\" \/>\n<link rel=\"canonical\" href=\"https:\/\/www.webdo.tn\/fr\/actualite\/national\/le-projet-d-agrandissement-de-l-aeroport-tunis-carthage-en-examen\/211474\/\" \/>\n<meta property=\"og:locale\" content=\"fr_FR\" \/>\n<meta property=\"og:type\" content=\"article\" \/>\n<meta property=\"og:title\" content=\"Tunisie : Le projet d&#039;agrandissement de l&#039;a\u00e9roport Tunis-Carthage en examen\" \/>\n<meta property=\"og:description\" content=\"Le ministre du Transport a soulign\u00e9 que l&#039;agrandissement de l&#039;a\u00e9roport Tunis-Carthage s&#039;inscrit dans le cadre du programme de d\u00e9veloppement de l&#039;infrastructure...\" \/>\n<meta property=\"og:url\" content=\"https:\/\/www.webdo.tn\/fr\/actualite\/national\/le-projet-d-agrandissement-de-l-aeroport-tunis-carthage-en-examen\/211474\/\" \/>\n<meta property=\"og:site_name\" content=\"webdo\" \/>\n<meta property=\"article:publisher\" content=\"https:\/\/www.facebook.com\/webdotn\" \/>\n<meta property=\"article:published_time\" content=\"2024-01-11T15:42:00+00:00\" \/>\n<meta property=\"article:modified_time\" content=\"2025-05-20T21:53:58+00:00\" \/>\n<meta property=\"og:image\" content=\"https:\/\/www.webdo.tn\/fr\/wp-content\/uploads\/2024\/01\/1a027ab12d1713d35343ae0aef4a0b7d.jpg\" \/>\n\t<meta property=\"og:image:width\" content=\"750\" \/>\n\t<meta property=\"og:image:height\" content=\"400\" \/>\n\t<meta property=\"og:image:type\" content=\"image\/jpeg\" \/>\n<meta name=\"author\" content=\"MC\" \/>\n<meta name=\"twitter:card\" content=\"summary_large_image\" \/>\n<meta name=\"twitter:creator\" content=\"@webdo_tn\" \/>\n<meta name=\"twitter:site\" content=\"@webdo_tn\" \/>\n<meta name=\"twitter:label1\" content=\"\u00c9crit par\" \/>\n\t<meta name=\"twitter:data1\" content=\"MC\" \/>\n\t<meta name=\"twitter:label2\" content=\"Dur\u00e9e de lecture estim\u00e9e\" \/>\n\t<meta name=\"twitter:data2\" content=\"1 minute\" \/>\n<script type=\"application\/ld+json\" class=\"yoast-schema-graph\">{\"@context\":\"https:\\\/\\\/schema.org\",\"@graph\":[{\"@type\":\"NewsArticle\",\"@id\":\"https:\\\/\\\/www.webdo.tn\\\/fr\\\/actualite\\\/national\\\/le-projet-d-agrandissement-de-l-aeroport-tunis-carthage-en-examen\\\/211474\\\/#article\",\"isPartOf\":{\"@id\":\"https:\\\/\\\/www.webdo.tn\\\/fr\\\/actualite\\\/national\\\/le-projet-d-agrandissement-de-l-aeroport-tunis-carthage-en-examen\\\/211474\\\/\"},\"author\":{\"name\":\"MC\",\"@id\":\"https:\\\/\\\/www.webdo.tn\\\/fr\\\/#\\\/schema\\\/person\\\/2c4929cbf5a809e3bd38617c6ce150f6\"},\"headline\":\"Tunisie : Le projet d&rsquo;agrandissement de l&rsquo;a\u00e9roport Tunis-Carthage en examen\",\"datePublished\":\"2024-01-11T15:42:00+00:00\",\"dateModified\":\"2025-05-20T21:53:58+00:00\",\"mainEntityOfPage\":{\"@id\":\"https:\\\/\\\/www.webdo.tn\\\/fr\\\/actualite\\\/national\\\/le-projet-d-agrandissement-de-l-aeroport-tunis-carthage-en-examen\\\/211474\\\/\"},\"wordCount\":239,\"commentCount\":0,\"publisher\":{\"@id\":\"https:\\\/\\\/www.webdo.tn\\\/fr\\\/#organization\"},\"image\":{\"@id\":\"https:\\\/\\\/www.webdo.tn\\\/fr\\\/actualite\\\/national\\\/le-projet-d-agrandissement-de-l-aeroport-tunis-carthage-en-examen\\\/211474\\\/#primaryimage\"},\"thumbnailUrl\":\"https:\\\/\\\/www.webdo.tn\\\/fr\\\/wp-content\\\/uploads\\\/2024\\\/01\\\/1a027ab12d1713d35343ae0aef4a0b7d.jpg\",\"keywords\":[\"a\u00e9roport\",\"agrandissement\",\"Tunis-Carthage\"],\"articleSection\":[\"National\"],\"inLanguage\":\"fr-FR\"},{\"@type\":\"WebPage\",\"@id\":\"https:\\\/\\\/www.webdo.tn\\\/fr\\\/actualite\\\/national\\\/le-projet-d-agrandissement-de-l-aeroport-tunis-carthage-en-examen\\\/211474\\\/\",\"url\":\"https:\\\/\\\/www.webdo.tn\\\/fr\\\/actualite\\\/national\\\/le-projet-d-agrandissement-de-l-aeroport-tunis-carthage-en-examen\\\/211474\\\/\",\"name\":\"Tunisie : Le projet d'agrandissement de l'a\u00e9roport Tunis-Carthage en examen\",\"isPartOf\":{\"@id\":\"https:\\\/\\\/www.webdo.tn\\\/fr\\\/#website\"},\"primaryImageOfPage\":{\"@id\":\"https:\\\/\\\/www.webdo.tn\\\/fr\\\/actualite\\\/national\\\/le-projet-d-agrandissement-de-l-aeroport-tunis-carthage-en-examen\\\/211474\\\/#primaryimage\"},\"image\":{\"@id\":\"https:\\\/\\\/www.webdo.tn\\\/fr\\\/actualite\\\/national\\\/le-projet-d-agrandissement-de-l-aeroport-tunis-carthage-en-examen\\\/211474\\\/#primaryimage\"},\"thumbnailUrl\":\"https:\\\/\\\/www.webdo.tn\\\/fr\\\/wp-content\\\/uploads\\\/2024\\\/01\\\/1a027ab12d1713d35343ae0aef4a0b7d.jpg\",\"datePublished\":\"2024-01-11T15:42:00+00:00\",\"dateModified\":\"2025-05-20T21:53:58+00:00\",\"description\":\"Le ministre du Transport a soulign\u00e9 que l'agrandissement de l'a\u00e9roport Tunis-Carthage s'inscrit dans le cadre du programme de d\u00e9veloppement de l'infrastructure...\",\"breadcrumb\":{\"@id\":\"https:\\\/\\\/www.webdo.tn\\\/fr\\\/actualite\\\/national\\\/le-projet-d-agrandissement-de-l-aeroport-tunis-carthage-en-examen\\\/211474\\\/#breadcrumb\"},\"inLanguage\":\"fr-FR\",\"potentialAction\":[{\"@type\":\"ReadAction\",\"target\":[\"https:\\\/\\\/www.webdo.tn\\\/fr\\\/actualite\\\/national\\\/le-projet-d-agrandissement-de-l-aeroport-tunis-carthage-en-examen\\\/211474\\\/\"]}]},{\"@type\":\"ImageObject\",\"inLanguage\":\"fr-FR\",\"@id\":\"https:\\\/\\\/www.webdo.tn\\\/fr\\\/actualite\\\/national\\\/le-projet-d-agrandissement-de-l-aeroport-tunis-carthage-en-examen\\\/211474\\\/#primaryimage\",\"url\":\"https:\\\/\\\/www.webdo.tn\\\/fr\\\/wp-content\\\/uploads\\\/2024\\\/01\\\/1a027ab12d1713d35343ae0aef4a0b7d.jpg\",\"contentUrl\":\"https:\\\/\\\/www.webdo.tn\\\/fr\\\/wp-content\\\/uploads\\\/2024\\\/01\\\/1a027ab12d1713d35343ae0aef4a0b7d.jpg\",\"width\":750,\"height\":400,\"caption\":\"Tunisie : Le projet d'agrandissement de l'a\u00e9roport Tunis-Carthage en examen\"},{\"@type\":\"BreadcrumbList\",\"@id\":\"https:\\\/\\\/www.webdo.tn\\\/fr\\\/actualite\\\/national\\\/le-projet-d-agrandissement-de-l-aeroport-tunis-carthage-en-examen\\\/211474\\\/#breadcrumb\",\"itemListElement\":[{\"@type\":\"ListItem\",\"position\":1,\"name\":\"Accueil\",\"item\":\"https:\\\/\\\/www.webdo.tn\\\/fr\\\/\"},{\"@type\":\"ListItem\",\"position\":2,\"name\":\"Tunisie : Le projet d&#8217;agrandissement de l&#8217;a\u00e9roport Tunis-Carthage en examen\"}]},{\"@type\":\"WebSite\",\"@id\":\"https:\\\/\\\/www.webdo.tn\\\/fr\\\/#website\",\"url\":\"https:\\\/\\\/www.webdo.tn\\\/fr\\\/\",\"name\":\"webdo\",\"description\":\"Tunisie - News en Tunisie et \u00e0 l&#039;international sur Webdo.tn\",\"publisher\":{\"@id\":\"https:\\\/\\\/www.webdo.tn\\\/fr\\\/#organization\"},\"potentialAction\":[{\"@type\":\"SearchAction\",\"target\":{\"@type\":\"EntryPoint\",\"urlTemplate\":\"https:\\\/\\\/www.webdo.tn\\\/fr\\\/?s={search_term_string}\"},\"query-input\":{\"@type\":\"PropertyValueSpecification\",\"valueRequired\":true,\"valueName\":\"search_term_string\"}}],\"inLanguage\":\"fr-FR\"},{\"@type\":\"Organization\",\"@id\":\"https:\\\/\\\/www.webdo.tn\\\/fr\\\/#organization\",\"name\":\"Webdo\",\"alternateName\":\"Webdo.tn\",\"url\":\"https:\\\/\\\/www.webdo.tn\\\/fr\\\/\",\"logo\":{\"@type\":\"ImageObject\",\"inLanguage\":\"fr-FR\",\"@id\":\"https:\\\/\\\/www.webdo.tn\\\/fr\\\/#\\\/schema\\\/logo\\\/image\\\/\",\"url\":\"https:\\\/\\\/www.webdo.tn\\\/fr\\\/wp-content\\\/uploads\\\/2025\\\/06\\\/Webdo-Tunisie_168377.jpg\",\"contentUrl\":\"https:\\\/\\\/www.webdo.tn\\\/fr\\\/wp-content\\\/uploads\\\/2025\\\/06\\\/Webdo-Tunisie_168377.jpg\",\"width\":301,\"height\":301,\"caption\":\"Webdo\"},\"image\":{\"@id\":\"https:\\\/\\\/www.webdo.tn\\\/fr\\\/#\\\/schema\\\/logo\\\/image\\\/\"},\"sameAs\":[\"https:\\\/\\\/www.facebook.com\\\/webdotn\",\"https:\\\/\\\/x.com\\\/webdo_tn\"],\"description\":\"Webdo est un m\u00e9dia num\u00e9rique tunisien fond\u00e9 en 2010, sp\u00e9cialis\u00e9 dans l\u2019actualit\u00e9 nationale et internationale, l\u2019\u00e9conomie, la soci\u00e9t\u00e9 et les analyses politiques. Le site s\u2019adresse \u00e0 un large public francophone et couvre l\u2019information tunisienne en temps r\u00e9el.\",\"email\":\"redac@webdo.tn\",\"legalName\":\"YNJ SARL\",\"foundingDate\":\"2010-09-06\",\"numberOfEmployees\":{\"@type\":\"QuantitativeValue\",\"minValue\":\"11\",\"maxValue\":\"50\"}},{\"@type\":\"Person\",\"@id\":\"https:\\\/\\\/www.webdo.tn\\\/fr\\\/#\\\/schema\\\/person\\\/2c4929cbf5a809e3bd38617c6ce150f6\",\"name\":\"MC\",\"image\":{\"@type\":\"ImageObject\",\"inLanguage\":\"fr-FR\",\"@id\":\"https:\\\/\\\/secure.gravatar.com\\\/avatar\\\/a545bbb6f84efdd5553dbbc2895e3ca8f1d12c5215e00a041c9670b54aa9b18a?s=96&d=mm&r=g\",\"url\":\"https:\\\/\\\/secure.gravatar.com\\\/avatar\\\/a545bbb6f84efdd5553dbbc2895e3ca8f1d12c5215e00a041c9670b54aa9b18a?s=96&d=mm&r=g\",\"contentUrl\":\"https:\\\/\\\/secure.gravatar.com\\\/avatar\\\/a545bbb6f84efdd5553dbbc2895e3ca8f1d12c5215e00a041c9670b54aa9b18a?s=96&d=mm&r=g\",\"caption\":\"MC\"},\"url\":\"https:\\\/\\\/www.webdo.tn\\\/fr\\\/actualite\\\/author\\\/mc\\\/\"}]}<\/script>\n<!-- \/ Yoast SEO Premium plugin. -->","yoast_head_json":{"title":"Tunisie : Le projet d'agrandissement de l'a\u00e9roport Tunis-Carthage en examen","description":"Le ministre du Transport a soulign\u00e9 que l'agrandissement de l'a\u00e9roport Tunis-Carthage s'inscrit dans le cadre du programme de d\u00e9veloppement de l'infrastructure...","canonical":"https:\/\/www.webdo.tn\/fr\/actualite\/national\/le-projet-d-agrandissement-de-l-aeroport-tunis-carthage-en-examen\/211474\/","og_locale":"fr_FR","og_type":"article","og_title":"Tunisie : Le projet d'agrandissement de l'a\u00e9roport Tunis-Carthage en examen","og_description":"Le ministre du Transport a soulign\u00e9 que l'agrandissement de l'a\u00e9roport Tunis-Carthage s'inscrit dans le cadre du programme de d\u00e9veloppement de l'infrastructure...","og_url":"https:\/\/www.webdo.tn\/fr\/actualite\/national\/le-projet-d-agrandissement-de-l-aeroport-tunis-carthage-en-examen\/211474\/","og_site_name":"webdo","article_publisher":"https:\/\/www.facebook.com\/webdotn","article_published_time":"2024-01-11T15:42:00+00:00","article_modified_time":"2025-05-20T21:53:58+00:00","og_image":[{"width":750,"height":400,"url":"https:\/\/www.webdo.tn\/fr\/wp-content\/uploads\/2024\/01\/1a027ab12d1713d35343ae0aef4a0b7d.jpg","type":"image\/jpeg"}],"author":"MC","twitter_card":"summary_large_image","twitter_creator":"@webdo_tn","twitter_site":"@webdo_tn","twitter_misc":{"\u00c9crit par":"MC","Dur\u00e9e de lecture estim\u00e9e":"1 minute"},"schema":{"@context":"https:\/\/schema.org","@graph":[{"@type":"NewsArticle","@id":"https:\/\/www.webdo.tn\/fr\/actualite\/national\/le-projet-d-agrandissement-de-l-aeroport-tunis-carthage-en-examen\/211474\/#article","isPartOf":{"@id":"https:\/\/www.webdo.tn\/fr\/actualite\/national\/le-projet-d-agrandissement-de-l-aeroport-tunis-carthage-en-examen\/211474\/"},"author":{"name":"MC","@id":"https:\/\/www.webdo.tn\/fr\/#\/schema\/person\/2c4929cbf5a809e3bd38617c6ce150f6"},"headline":"Tunisie : Le projet d&rsquo;agrandissement de l&rsquo;a\u00e9roport Tunis-Carthage en examen","datePublished":"2024-01-11T15:42:00+00:00","dateModified":"2025-05-20T21:53:58+00:00","mainEntityOfPage":{"@id":"https:\/\/www.webdo.tn\/fr\/actualite\/national\/le-projet-d-agrandissement-de-l-aeroport-tunis-carthage-en-examen\/211474\/"},"wordCount":239,"commentCount":0,"publisher":{"@id":"https:\/\/www.webdo.tn\/fr\/#organization"},"image":{"@id":"https:\/\/www.webdo.tn\/fr\/actualite\/national\/le-projet-d-agrandissement-de-l-aeroport-tunis-carthage-en-examen\/211474\/#primaryimage"},"thumbnailUrl":"https:\/\/www.webdo.tn\/fr\/wp-content\/uploads\/2024\/01\/1a027ab12d1713d35343ae0aef4a0b7d.jpg","keywords":["a\u00e9roport","agrandissement","Tunis-Carthage"],"articleSection":["National"],"inLanguage":"fr-FR"},{"@type":"WebPage","@id":"https:\/\/www.webdo.tn\/fr\/actualite\/national\/le-projet-d-agrandissement-de-l-aeroport-tunis-carthage-en-examen\/211474\/","url":"https:\/\/www.webdo.tn\/fr\/actualite\/national\/le-projet-d-agrandissement-de-l-aeroport-tunis-carthage-en-examen\/211474\/","name":"Tunisie : Le projet d'agrandissement de l'a\u00e9roport Tunis-Carthage en examen","isPartOf":{"@id":"https:\/\/www.webdo.tn\/fr\/#website"},"primaryImageOfPage":{"@id":"https:\/\/www.webdo.tn\/fr\/actualite\/national\/le-projet-d-agrandissement-de-l-aeroport-tunis-carthage-en-examen\/211474\/#primaryimage"},"image":{"@id":"https:\/\/www.webdo.tn\/fr\/actualite\/national\/le-projet-d-agrandissement-de-l-aeroport-tunis-carthage-en-examen\/211474\/#primaryimage"},"thumbnailUrl":"https:\/\/www.webdo.tn\/fr\/wp-content\/uploads\/2024\/01\/1a027ab12d1713d35343ae0aef4a0b7d.jpg","datePublished":"2024-01-11T15:42:00+00:00","dateModified":"2025-05-20T21:53:58+00:00","description":"Le ministre du Transport a soulign\u00e9 que l'agrandissement de l'a\u00e9roport Tunis-Carthage s'inscrit dans le cadre du programme de d\u00e9veloppement de l'infrastructure...","breadcrumb":{"@id":"https:\/\/www.webdo.tn\/fr\/actualite\/national\/le-projet-d-agrandissement-de-l-aeroport-tunis-carthage-en-examen\/211474\/#breadcrumb"},"inLanguage":"fr-FR","potentialAction":[{"@type":"ReadAction","target":["https:\/\/www.webdo.tn\/fr\/actualite\/national\/le-projet-d-agrandissement-de-l-aeroport-tunis-carthage-en-examen\/211474\/"]}]},{"@type":"ImageObject","inLanguage":"fr-FR","@id":"https:\/\/www.webdo.tn\/fr\/actualite\/national\/le-projet-d-agrandissement-de-l-aeroport-tunis-carthage-en-examen\/211474\/#primaryimage","url":"https:\/\/www.webdo.tn\/fr\/wp-content\/uploads\/2024\/01\/1a027ab12d1713d35343ae0aef4a0b7d.jpg","contentUrl":"https:\/\/www.webdo.tn\/fr\/wp-content\/uploads\/2024\/01\/1a027ab12d1713d35343ae0aef4a0b7d.jpg","width":750,"height":400,"caption":"Tunisie : Le projet d'agrandissement de l'a\u00e9roport Tunis-Carthage en examen"},{"@type":"BreadcrumbList","@id":"https:\/\/www.webdo.tn\/fr\/actualite\/national\/le-projet-d-agrandissement-de-l-aeroport-tunis-carthage-en-examen\/211474\/#breadcrumb","itemListElement":[{"@type":"ListItem","position":1,"name":"Accueil","item":"https:\/\/www.webdo.tn\/fr\/"},{"@type":"ListItem","position":2,"name":"Tunisie : Le projet d&#8217;agrandissement de l&#8217;a\u00e9roport Tunis-Carthage en examen"}]},{"@type":"WebSite","@id":"https:\/\/www.webdo.tn\/fr\/#website","url":"https:\/\/www.webdo.tn\/fr\/","name":"webdo","description":"Tunisie - News en Tunisie et \u00e0 l&#039;international sur Webdo.tn","publisher":{"@id":"https:\/\/www.webdo.tn\/fr\/#organization"},"potentialAction":[{"@type":"SearchAction","target":{"@type":"EntryPoint","urlTemplate":"https:\/\/www.webdo.tn\/fr\/?s={search_term_string}"},"query-input":{"@type":"PropertyValueSpecification","valueRequired":true,"valueName":"search_term_string"}}],"inLanguage":"fr-FR"},{"@type":"Organization","@id":"https:\/\/www.webdo.tn\/fr\/#organization","name":"Webdo","alternateName":"Webdo.tn","url":"https:\/\/www.webdo.tn\/fr\/","logo":{"@type":"ImageObject","inLanguage":"fr-FR","@id":"https:\/\/www.webdo.tn\/fr\/#\/schema\/logo\/image\/","url":"https:\/\/www.webdo.tn\/fr\/wp-content\/uploads\/2025\/06\/Webdo-Tunisie_168377.jpg","contentUrl":"https:\/\/www.webdo.tn\/fr\/wp-content\/uploads\/2025\/06\/Webdo-Tunisie_168377.jpg","width":301,"height":301,"caption":"Webdo"},"image":{"@id":"https:\/\/www.webdo.tn\/fr\/#\/schema\/logo\/image\/"},"sameAs":["https:\/\/www.facebook.com\/webdotn","https:\/\/x.com\/webdo_tn"],"description":"Webdo est un m\u00e9dia num\u00e9rique tunisien fond\u00e9 en 2010, sp\u00e9cialis\u00e9 dans l\u2019actualit\u00e9 nationale et internationale, l\u2019\u00e9conomie, la soci\u00e9t\u00e9 et les analyses politiques. Le site s\u2019adresse \u00e0 un large public francophone et couvre l\u2019information tunisienne en temps r\u00e9el.","email":"redac@webdo.tn","legalName":"YNJ SARL","foundingDate":"2010-09-06","numberOfEmployees":{"@type":"QuantitativeValue","minValue":"11","maxValue":"50"}},{"@type":"Person","@id":"https:\/\/www.webdo.tn\/fr\/#\/schema\/person\/2c4929cbf5a809e3bd38617c6ce150f6","name":"MC","image":{"@type":"ImageObject","inLanguage":"fr-FR","@id":"https:\/\/secure.gravatar.com\/avatar\/a545bbb6f84efdd5553dbbc2895e3ca8f1d12c5215e00a041c9670b54aa9b18a?s=96&d=mm&r=g","url":"https:\/\/secure.gravatar.com\/avatar\/a545bbb6f84efdd5553dbbc2895e3ca8f1d12c5215e00a041c9670b54aa9b18a?s=96&d=mm&r=g","contentUrl":"https:\/\/secure.gravatar.com\/avatar\/a545bbb6f84efdd5553dbbc2895e3ca8f1d12c5215e00a041c9670b54aa9b18a?s=96&d=mm&r=g","caption":"MC"},"url":"https:\/\/www.webdo.tn\/fr\/actualite\/author\/mc\/"}]}},"_links":{"self":[{"href":"https:\/\/www.webdo.tn\/fr\/wp-json\/wp\/v2\/posts\/211474","targetHints":{"allow":["GET"]}}],"collection":[{"href":"https:\/\/www.webdo.tn\/fr\/wp-json\/wp\/v2\/posts"}],"about":[{"href":"https:\/\/www.webdo.tn\/fr\/wp-json\/wp\/v2\/types\/post"}],"author":[{"embeddable":true,"href":"https:\/\/www.webdo.tn\/fr\/wp-json\/wp\/v2\/users\/3162"}],"replies":[{"embeddable":true,"href":"https:\/\/www.webdo.tn\/fr\/wp-json\/wp\/v2\/comments?post=211474"}],"version-history":[{"count":0,"href":"https:\/\/www.webdo.tn\/fr\/wp-json\/wp\/v2\/posts\/211474\/revisions"}],"wp:featuredmedia":[{"embeddable":true,"href":"https:\/\/www.webdo.tn\/fr\/wp-json\/wp\/v2\/media\/248266"}],"wp:attachment":[{"href":"https:\/\/www.webdo.tn\/fr\/wp-json\/wp\/v2\/media?parent=211474"}],"wp:term":[{"taxonomy":"category","embeddable":true,"href":"https:\/\/www.webdo.tn\/fr\/wp-json\/wp\/v2\/categories?post=211474"},{"taxonomy":"post_tag","embeddable":true,"href":"https:\/\/www.webdo.tn\/fr\/wp-json\/wp\/v2\/tags?post=211474"}],"curies":[{"name":"wp","href":"https:\/\/api.w.org\/{rel}","templated":true}]}}