{"id":211469,"date":"2024-01-11T14:26:00","date_gmt":"2024-01-11T14:26:00","guid":{"rendered":"https:\/\/www.webdo.tn\/fr\/blog\/la-cour-internationale-de-justice-exige-l-arret-immediat-des-attaques-sionistes-a-gaza\/211469\/"},"modified":"2025-05-20T22:11:20","modified_gmt":"2025-05-20T22:11:20","slug":"la-cour-internationale-de-justice-exige-l-arret-immediat-des-attaques-sionistes-a-gaza","status":"publish","type":"post","link":"https:\/\/www.webdo.tn\/fr\/actualite\/international\/la-cour-internationale-de-justice-exige-l-arret-immediat-des-attaques-sionistes-a-gaza\/211469\/","title":{"rendered":"La Cour internationale de Justice exige l\u2019arr\u00eat imm\u00e9diat des attaques sionistes \u00e0 Gaza"},"content":{"rendered":"<p>L&rsquo;Afrique du Sud a officiellement accus\u00e9 Isra\u00ebl devant la Cour internationale de justice (CIJ) \u00e0 travers une requ\u00eate d\u00e9pos\u00e9e le 29 d\u00e9cembre 2023 dans laquelle elle a d\u00e9nonc\u00e9 l\u2019entit\u00e9 sioniste de se livrer \u00e0 des \u00ab\u00a0actes de g\u00e9nocide contre le peuple palestinien \u00e0 Gaza\u00a0\u00bb. Aujourd\u2019hui, la CIJ a entam\u00e9 sa premi\u00e8re session pour examiner la demande de l&rsquo;Afrique du Sud.<\/p>\n<p>\t\t\t\t\t\t\t\t\tDans cette requ\u00eate d\u00e9pos\u00e9e au sein de l\u2019organe judiciaire principal des Nations unies, l&rsquo;Afrique du Sud affirme que les \u00ab\u00a0actes et omissions d&rsquo;Isra\u00ebl rev\u00eatent un caract\u00e8re g\u00e9nocidaire, car ils s&rsquo;accompagnent de l&rsquo;intention sp\u00e9cifique requise (&#8230;) de d\u00e9truire les Palestiniens de Gaza en tant que partie du groupe national, racial et ethnique plus large des Palestiniens\u00a0\u00bb.<\/p>\n<p>L\u2019Afrique du Sud consid\u00e8re en effet qu\u2019Isra\u00ebl manque aux obligations qui lui incombent au titre de la convention contre le g\u00e9nocide, qui a fait pr\u00e8s de 24.000 martyrs depuis le d\u00e9clenchement de la guerre entre le Hamas et Isra\u00ebl, le 7 octobre dans la bande de Gaza, dont une majorit\u00e9 de femmes et de mineurs.<\/p>\n<p>C\u2019est aujourd\u2019hui, jeudi 11 janvier 2024 qu\u2019Isra\u00ebl a fait face, devant la CIJ, \u00e0 ces accusations. Dans sa requ\u00eate de 84 pages adress\u00e9e \u00e0 la Cour qui si\u00e8ge \u00e0 La Haye, l\u2019Afrique du Sud exhorte les juges \u00e0 ordonner d\u2019urgence \u00e0 Isra\u00ebl de \u00ab\u00a0suspendre imm\u00e9diatement ses op\u00e9rations militaires\u00a0\u00bb dans la bande de Gaza, estimant qu\u2019Isra\u00ebl \u00ab\u00a0se livre et risque de continuer \u00e0 se livrer \u00e0 des actes de g\u00e9nocide contre le peuple palestinien \u00e0 Gaza\u00a0\u00bb.<\/p>\n<p>Le tribunal a ainsi d\u00e9clar\u00e9 que ce proc\u00e8s exige la cessation imm\u00e9diate des op\u00e9rations militaires de l\u2019entit\u00e9 sioniste, dans la bande de Gaza.<\/p>\n<p>Le sous-secr\u00e9taire d&rsquo;\u00c9tat d&rsquo;Afrique du Sud a estim\u00e9 que la \u00ab\u00a0Nakba\u00a0\u00bb s&rsquo;est poursuivie pour le peuple palestinien, depuis la colonisation de la Palestine en 1948, soulignant que le peuple palestinien a \u00e9t\u00e9 divis\u00e9 et d\u00e9plac\u00e9 et que ses droits internationaux ont \u00e9t\u00e9 viol\u00e9s, notamment les droits \u00e0 l&rsquo;autod\u00e9termination et au retour.<\/p>\n<p>Il a d\u00e9clar\u00e9 que les lois de l\u2019entit\u00e9 sioniste sont racistes, \u00e0 l\u2019\u00e9gard du peuple palestinien et que leurs violations se sont \u00e9tendues sur des d\u00e9cennies, au cours desquelles elle a \u00e9chapp\u00e9 \u00e0 toute punition, d\u00e9clarant : \u00ab\u00a0L\u2019\u00c9tat occupant a os\u00e9 r\u00e9p\u00e9ter et intensifier ses crimes en Palestine\u00a0\u00bb.<\/p>\n","protected":false},"excerpt":{"rendered":"<p>La Cour internationale de justice a exig\u00e9 l&rsquo;arr\u00eat imm\u00e9diat des attaques contre la bande de Gaza.<\/p>\n","protected":false},"author":3162,"featured_media":290066,"comment_status":"open","ping_status":"closed","sticky":false,"template":"","format":"standard","meta":{"footnotes":""},"categories":[2598],"tags":[3629,6949,2689,2636],"class_list":["post-211469","post","type-post","status-publish","format-standard","has-post-thumbnail","hentry","category-international","tag-afrique-du-sud","tag-cij","tag-gaza","tag-israel"],"yoast_head":"<!-- This site is optimized with the Yoast SEO Premium plugin v27.5 (Yoast SEO v27.5) - https:\/\/yoast.com\/product\/yoast-seo-premium-wordpress\/ -->\n<title>La Cour internationale de Justice exige l\u2019arr\u00eat imm\u00e9diat des attaques sionistes \u00e0 Gaza<\/title>\n<meta name=\"description\" content=\"La Cour internationale de justice a exig\u00e9 l&#039;arr\u00eat imm\u00e9diat des attaques contre la bande de Gaza.\" \/>\n<link rel=\"canonical\" href=\"https:\/\/www.webdo.tn\/fr\/actualite\/international\/la-cour-internationale-de-justice-exige-l-arret-immediat-des-attaques-sionistes-a-gaza\/211469\/\" \/>\n<meta property=\"og:locale\" content=\"fr_FR\" \/>\n<meta property=\"og:type\" content=\"article\" \/>\n<meta property=\"og:title\" content=\"La Cour internationale de Justice exige l\u2019arr\u00eat imm\u00e9diat des attaques sionistes \u00e0 Gaza\" \/>\n<meta property=\"og:description\" content=\"La Cour internationale de justice a exig\u00e9 l&#039;arr\u00eat imm\u00e9diat des attaques contre la bande de Gaza.\" \/>\n<meta property=\"og:url\" content=\"https:\/\/www.webdo.tn\/fr\/actualite\/international\/la-cour-internationale-de-justice-exige-l-arret-immediat-des-attaques-sionistes-a-gaza\/211469\/\" \/>\n<meta property=\"og:site_name\" content=\"webdo\" \/>\n<meta property=\"article:publisher\" content=\"https:\/\/www.facebook.com\/webdotn\" \/>\n<meta property=\"article:published_time\" content=\"2024-01-11T14:26:00+00:00\" \/>\n<meta property=\"article:modified_time\" content=\"2025-05-20T22:11:20+00:00\" \/>\n<meta property=\"og:image\" content=\"https:\/\/www.webdo.tn\/fr\/wp-content\/uploads\/2024\/01\/d751e6cdb0d50a9eda322f7703412b8a.jpg\" \/>\n\t<meta property=\"og:image:width\" content=\"750\" \/>\n\t<meta property=\"og:image:height\" content=\"400\" \/>\n\t<meta property=\"og:image:type\" content=\"image\/jpeg\" \/>\n<meta name=\"author\" content=\"MC\" \/>\n<meta name=\"twitter:card\" content=\"summary_large_image\" \/>\n<meta name=\"twitter:creator\" content=\"@webdo_tn\" \/>\n<meta name=\"twitter:site\" content=\"@webdo_tn\" \/>\n<meta name=\"twitter:label1\" content=\"\u00c9crit par\" \/>\n\t<meta name=\"twitter:data1\" content=\"MC\" \/>\n\t<meta name=\"twitter:label2\" content=\"Dur\u00e9e de lecture estim\u00e9e\" \/>\n\t<meta name=\"twitter:data2\" content=\"2 minutes\" \/>\n<script type=\"application\/ld+json\" class=\"yoast-schema-graph\">{\"@context\":\"https:\\\/\\\/schema.org\",\"@graph\":[{\"@type\":\"NewsArticle\",\"@id\":\"https:\\\/\\\/www.webdo.tn\\\/fr\\\/actualite\\\/international\\\/la-cour-internationale-de-justice-exige-l-arret-immediat-des-attaques-sionistes-a-gaza\\\/211469\\\/#article\",\"isPartOf\":{\"@id\":\"https:\\\/\\\/www.webdo.tn\\\/fr\\\/actualite\\\/international\\\/la-cour-internationale-de-justice-exige-l-arret-immediat-des-attaques-sionistes-a-gaza\\\/211469\\\/\"},\"author\":{\"name\":\"MC\",\"@id\":\"https:\\\/\\\/www.webdo.tn\\\/fr\\\/#\\\/schema\\\/person\\\/2c4929cbf5a809e3bd38617c6ce150f6\"},\"headline\":\"La Cour internationale de Justice exige l\u2019arr\u00eat imm\u00e9diat des attaques sionistes \u00e0 Gaza\",\"datePublished\":\"2024-01-11T14:26:00+00:00\",\"dateModified\":\"2025-05-20T22:11:20+00:00\",\"mainEntityOfPage\":{\"@id\":\"https:\\\/\\\/www.webdo.tn\\\/fr\\\/actualite\\\/international\\\/la-cour-internationale-de-justice-exige-l-arret-immediat-des-attaques-sionistes-a-gaza\\\/211469\\\/\"},\"wordCount\":428,\"commentCount\":0,\"publisher\":{\"@id\":\"https:\\\/\\\/www.webdo.tn\\\/fr\\\/#organization\"},\"image\":{\"@id\":\"https:\\\/\\\/www.webdo.tn\\\/fr\\\/actualite\\\/international\\\/la-cour-internationale-de-justice-exige-l-arret-immediat-des-attaques-sionistes-a-gaza\\\/211469\\\/#primaryimage\"},\"thumbnailUrl\":\"https:\\\/\\\/www.webdo.tn\\\/fr\\\/wp-content\\\/uploads\\\/2024\\\/01\\\/d751e6cdb0d50a9eda322f7703412b8a.jpg\",\"keywords\":[\"afrique du sud\",\"CIJ\",\"Gaza\",\"isra\u00ebl\"],\"articleSection\":[\"International\"],\"inLanguage\":\"fr-FR\"},{\"@type\":\"WebPage\",\"@id\":\"https:\\\/\\\/www.webdo.tn\\\/fr\\\/actualite\\\/international\\\/la-cour-internationale-de-justice-exige-l-arret-immediat-des-attaques-sionistes-a-gaza\\\/211469\\\/\",\"url\":\"https:\\\/\\\/www.webdo.tn\\\/fr\\\/actualite\\\/international\\\/la-cour-internationale-de-justice-exige-l-arret-immediat-des-attaques-sionistes-a-gaza\\\/211469\\\/\",\"name\":\"La Cour internationale de Justice exige l\u2019arr\u00eat imm\u00e9diat des attaques sionistes \u00e0 Gaza\",\"isPartOf\":{\"@id\":\"https:\\\/\\\/www.webdo.tn\\\/fr\\\/#website\"},\"primaryImageOfPage\":{\"@id\":\"https:\\\/\\\/www.webdo.tn\\\/fr\\\/actualite\\\/international\\\/la-cour-internationale-de-justice-exige-l-arret-immediat-des-attaques-sionistes-a-gaza\\\/211469\\\/#primaryimage\"},\"image\":{\"@id\":\"https:\\\/\\\/www.webdo.tn\\\/fr\\\/actualite\\\/international\\\/la-cour-internationale-de-justice-exige-l-arret-immediat-des-attaques-sionistes-a-gaza\\\/211469\\\/#primaryimage\"},\"thumbnailUrl\":\"https:\\\/\\\/www.webdo.tn\\\/fr\\\/wp-content\\\/uploads\\\/2024\\\/01\\\/d751e6cdb0d50a9eda322f7703412b8a.jpg\",\"datePublished\":\"2024-01-11T14:26:00+00:00\",\"dateModified\":\"2025-05-20T22:11:20+00:00\",\"description\":\"La Cour internationale de justice a exig\u00e9 l'arr\u00eat imm\u00e9diat des attaques contre la bande de Gaza.\",\"breadcrumb\":{\"@id\":\"https:\\\/\\\/www.webdo.tn\\\/fr\\\/actualite\\\/international\\\/la-cour-internationale-de-justice-exige-l-arret-immediat-des-attaques-sionistes-a-gaza\\\/211469\\\/#breadcrumb\"},\"inLanguage\":\"fr-FR\",\"potentialAction\":[{\"@type\":\"ReadAction\",\"target\":[\"https:\\\/\\\/www.webdo.tn\\\/fr\\\/actualite\\\/international\\\/la-cour-internationale-de-justice-exige-l-arret-immediat-des-attaques-sionistes-a-gaza\\\/211469\\\/\"]}]},{\"@type\":\"ImageObject\",\"inLanguage\":\"fr-FR\",\"@id\":\"https:\\\/\\\/www.webdo.tn\\\/fr\\\/actualite\\\/international\\\/la-cour-internationale-de-justice-exige-l-arret-immediat-des-attaques-sionistes-a-gaza\\\/211469\\\/#primaryimage\",\"url\":\"https:\\\/\\\/www.webdo.tn\\\/fr\\\/wp-content\\\/uploads\\\/2024\\\/01\\\/d751e6cdb0d50a9eda322f7703412b8a.jpg\",\"contentUrl\":\"https:\\\/\\\/www.webdo.tn\\\/fr\\\/wp-content\\\/uploads\\\/2024\\\/01\\\/d751e6cdb0d50a9eda322f7703412b8a.jpg\",\"width\":750,\"height\":400,\"caption\":\"La Cour internationale de Justice exige l\u2019arr\u00eat imm\u00e9diat des attaques sionistes \u00e0 Gaza\"},{\"@type\":\"BreadcrumbList\",\"@id\":\"https:\\\/\\\/www.webdo.tn\\\/fr\\\/actualite\\\/international\\\/la-cour-internationale-de-justice-exige-l-arret-immediat-des-attaques-sionistes-a-gaza\\\/211469\\\/#breadcrumb\",\"itemListElement\":[{\"@type\":\"ListItem\",\"position\":1,\"name\":\"Accueil\",\"item\":\"https:\\\/\\\/www.webdo.tn\\\/fr\\\/\"},{\"@type\":\"ListItem\",\"position\":2,\"name\":\"La Cour internationale de Justice exige l\u2019arr\u00eat imm\u00e9diat des attaques sionistes \u00e0 Gaza\"}]},{\"@type\":\"WebSite\",\"@id\":\"https:\\\/\\\/www.webdo.tn\\\/fr\\\/#website\",\"url\":\"https:\\\/\\\/www.webdo.tn\\\/fr\\\/\",\"name\":\"webdo\",\"description\":\"Tunisie - News en Tunisie et \u00e0 l&#039;international sur Webdo.tn\",\"publisher\":{\"@id\":\"https:\\\/\\\/www.webdo.tn\\\/fr\\\/#organization\"},\"potentialAction\":[{\"@type\":\"SearchAction\",\"target\":{\"@type\":\"EntryPoint\",\"urlTemplate\":\"https:\\\/\\\/www.webdo.tn\\\/fr\\\/?s={search_term_string}\"},\"query-input\":{\"@type\":\"PropertyValueSpecification\",\"valueRequired\":true,\"valueName\":\"search_term_string\"}}],\"inLanguage\":\"fr-FR\"},{\"@type\":\"Organization\",\"@id\":\"https:\\\/\\\/www.webdo.tn\\\/fr\\\/#organization\",\"name\":\"Webdo\",\"alternateName\":\"Webdo.tn\",\"url\":\"https:\\\/\\\/www.webdo.tn\\\/fr\\\/\",\"logo\":{\"@type\":\"ImageObject\",\"inLanguage\":\"fr-FR\",\"@id\":\"https:\\\/\\\/www.webdo.tn\\\/fr\\\/#\\\/schema\\\/logo\\\/image\\\/\",\"url\":\"https:\\\/\\\/www.webdo.tn\\\/fr\\\/wp-content\\\/uploads\\\/2025\\\/06\\\/Webdo-Tunisie_168377.jpg\",\"contentUrl\":\"https:\\\/\\\/www.webdo.tn\\\/fr\\\/wp-content\\\/uploads\\\/2025\\\/06\\\/Webdo-Tunisie_168377.jpg\",\"width\":301,\"height\":301,\"caption\":\"Webdo\"},\"image\":{\"@id\":\"https:\\\/\\\/www.webdo.tn\\\/fr\\\/#\\\/schema\\\/logo\\\/image\\\/\"},\"sameAs\":[\"https:\\\/\\\/www.facebook.com\\\/webdotn\",\"https:\\\/\\\/x.com\\\/webdo_tn\"],\"description\":\"Webdo est un m\u00e9dia num\u00e9rique tunisien fond\u00e9 en 2010, sp\u00e9cialis\u00e9 dans l\u2019actualit\u00e9 nationale et internationale, l\u2019\u00e9conomie, la soci\u00e9t\u00e9 et les analyses politiques. Le site s\u2019adresse \u00e0 un large public francophone et couvre l\u2019information tunisienne en temps r\u00e9el.\",\"email\":\"redac@webdo.tn\",\"legalName\":\"YNJ SARL\",\"foundingDate\":\"2010-09-06\",\"numberOfEmployees\":{\"@type\":\"QuantitativeValue\",\"minValue\":\"11\",\"maxValue\":\"50\"}},{\"@type\":\"Person\",\"@id\":\"https:\\\/\\\/www.webdo.tn\\\/fr\\\/#\\\/schema\\\/person\\\/2c4929cbf5a809e3bd38617c6ce150f6\",\"name\":\"MC\",\"image\":{\"@type\":\"ImageObject\",\"inLanguage\":\"fr-FR\",\"@id\":\"https:\\\/\\\/secure.gravatar.com\\\/avatar\\\/a545bbb6f84efdd5553dbbc2895e3ca8f1d12c5215e00a041c9670b54aa9b18a?s=96&d=mm&r=g\",\"url\":\"https:\\\/\\\/secure.gravatar.com\\\/avatar\\\/a545bbb6f84efdd5553dbbc2895e3ca8f1d12c5215e00a041c9670b54aa9b18a?s=96&d=mm&r=g\",\"contentUrl\":\"https:\\\/\\\/secure.gravatar.com\\\/avatar\\\/a545bbb6f84efdd5553dbbc2895e3ca8f1d12c5215e00a041c9670b54aa9b18a?s=96&d=mm&r=g\",\"caption\":\"MC\"},\"url\":\"https:\\\/\\\/www.webdo.tn\\\/fr\\\/actualite\\\/author\\\/mc\\\/\"}]}<\/script>\n<!-- \/ Yoast SEO Premium plugin. -->","yoast_head_json":{"title":"La Cour internationale de Justice exige l\u2019arr\u00eat imm\u00e9diat des attaques sionistes \u00e0 Gaza","description":"La Cour internationale de justice a exig\u00e9 l'arr\u00eat imm\u00e9diat des attaques contre la bande de Gaza.","canonical":"https:\/\/www.webdo.tn\/fr\/actualite\/international\/la-cour-internationale-de-justice-exige-l-arret-immediat-des-attaques-sionistes-a-gaza\/211469\/","og_locale":"fr_FR","og_type":"article","og_title":"La Cour internationale de Justice exige l\u2019arr\u00eat imm\u00e9diat des attaques sionistes \u00e0 Gaza","og_description":"La Cour internationale de justice a exig\u00e9 l'arr\u00eat imm\u00e9diat des attaques contre la bande de Gaza.","og_url":"https:\/\/www.webdo.tn\/fr\/actualite\/international\/la-cour-internationale-de-justice-exige-l-arret-immediat-des-attaques-sionistes-a-gaza\/211469\/","og_site_name":"webdo","article_publisher":"https:\/\/www.facebook.com\/webdotn","article_published_time":"2024-01-11T14:26:00+00:00","article_modified_time":"2025-05-20T22:11:20+00:00","og_image":[{"width":750,"height":400,"url":"https:\/\/www.webdo.tn\/fr\/wp-content\/uploads\/2024\/01\/d751e6cdb0d50a9eda322f7703412b8a.jpg","type":"image\/jpeg"}],"author":"MC","twitter_card":"summary_large_image","twitter_creator":"@webdo_tn","twitter_site":"@webdo_tn","twitter_misc":{"\u00c9crit par":"MC","Dur\u00e9e de lecture estim\u00e9e":"2 minutes"},"schema":{"@context":"https:\/\/schema.org","@graph":[{"@type":"NewsArticle","@id":"https:\/\/www.webdo.tn\/fr\/actualite\/international\/la-cour-internationale-de-justice-exige-l-arret-immediat-des-attaques-sionistes-a-gaza\/211469\/#article","isPartOf":{"@id":"https:\/\/www.webdo.tn\/fr\/actualite\/international\/la-cour-internationale-de-justice-exige-l-arret-immediat-des-attaques-sionistes-a-gaza\/211469\/"},"author":{"name":"MC","@id":"https:\/\/www.webdo.tn\/fr\/#\/schema\/person\/2c4929cbf5a809e3bd38617c6ce150f6"},"headline":"La Cour internationale de Justice exige l\u2019arr\u00eat imm\u00e9diat des attaques sionistes \u00e0 Gaza","datePublished":"2024-01-11T14:26:00+00:00","dateModified":"2025-05-20T22:11:20+00:00","mainEntityOfPage":{"@id":"https:\/\/www.webdo.tn\/fr\/actualite\/international\/la-cour-internationale-de-justice-exige-l-arret-immediat-des-attaques-sionistes-a-gaza\/211469\/"},"wordCount":428,"commentCount":0,"publisher":{"@id":"https:\/\/www.webdo.tn\/fr\/#organization"},"image":{"@id":"https:\/\/www.webdo.tn\/fr\/actualite\/international\/la-cour-internationale-de-justice-exige-l-arret-immediat-des-attaques-sionistes-a-gaza\/211469\/#primaryimage"},"thumbnailUrl":"https:\/\/www.webdo.tn\/fr\/wp-content\/uploads\/2024\/01\/d751e6cdb0d50a9eda322f7703412b8a.jpg","keywords":["afrique du sud","CIJ","Gaza","isra\u00ebl"],"articleSection":["International"],"inLanguage":"fr-FR"},{"@type":"WebPage","@id":"https:\/\/www.webdo.tn\/fr\/actualite\/international\/la-cour-internationale-de-justice-exige-l-arret-immediat-des-attaques-sionistes-a-gaza\/211469\/","url":"https:\/\/www.webdo.tn\/fr\/actualite\/international\/la-cour-internationale-de-justice-exige-l-arret-immediat-des-attaques-sionistes-a-gaza\/211469\/","name":"La Cour internationale de Justice exige l\u2019arr\u00eat imm\u00e9diat des attaques sionistes \u00e0 Gaza","isPartOf":{"@id":"https:\/\/www.webdo.tn\/fr\/#website"},"primaryImageOfPage":{"@id":"https:\/\/www.webdo.tn\/fr\/actualite\/international\/la-cour-internationale-de-justice-exige-l-arret-immediat-des-attaques-sionistes-a-gaza\/211469\/#primaryimage"},"image":{"@id":"https:\/\/www.webdo.tn\/fr\/actualite\/international\/la-cour-internationale-de-justice-exige-l-arret-immediat-des-attaques-sionistes-a-gaza\/211469\/#primaryimage"},"thumbnailUrl":"https:\/\/www.webdo.tn\/fr\/wp-content\/uploads\/2024\/01\/d751e6cdb0d50a9eda322f7703412b8a.jpg","datePublished":"2024-01-11T14:26:00+00:00","dateModified":"2025-05-20T22:11:20+00:00","description":"La Cour internationale de justice a exig\u00e9 l'arr\u00eat imm\u00e9diat des attaques contre la bande de Gaza.","breadcrumb":{"@id":"https:\/\/www.webdo.tn\/fr\/actualite\/international\/la-cour-internationale-de-justice-exige-l-arret-immediat-des-attaques-sionistes-a-gaza\/211469\/#breadcrumb"},"inLanguage":"fr-FR","potentialAction":[{"@type":"ReadAction","target":["https:\/\/www.webdo.tn\/fr\/actualite\/international\/la-cour-internationale-de-justice-exige-l-arret-immediat-des-attaques-sionistes-a-gaza\/211469\/"]}]},{"@type":"ImageObject","inLanguage":"fr-FR","@id":"https:\/\/www.webdo.tn\/fr\/actualite\/international\/la-cour-internationale-de-justice-exige-l-arret-immediat-des-attaques-sionistes-a-gaza\/211469\/#primaryimage","url":"https:\/\/www.webdo.tn\/fr\/wp-content\/uploads\/2024\/01\/d751e6cdb0d50a9eda322f7703412b8a.jpg","contentUrl":"https:\/\/www.webdo.tn\/fr\/wp-content\/uploads\/2024\/01\/d751e6cdb0d50a9eda322f7703412b8a.jpg","width":750,"height":400,"caption":"La Cour internationale de Justice exige l\u2019arr\u00eat imm\u00e9diat des attaques sionistes \u00e0 Gaza"},{"@type":"BreadcrumbList","@id":"https:\/\/www.webdo.tn\/fr\/actualite\/international\/la-cour-internationale-de-justice-exige-l-arret-immediat-des-attaques-sionistes-a-gaza\/211469\/#breadcrumb","itemListElement":[{"@type":"ListItem","position":1,"name":"Accueil","item":"https:\/\/www.webdo.tn\/fr\/"},{"@type":"ListItem","position":2,"name":"La Cour internationale de Justice exige l\u2019arr\u00eat imm\u00e9diat des attaques sionistes \u00e0 Gaza"}]},{"@type":"WebSite","@id":"https:\/\/www.webdo.tn\/fr\/#website","url":"https:\/\/www.webdo.tn\/fr\/","name":"webdo","description":"Tunisie - News en Tunisie et \u00e0 l&#039;international sur Webdo.tn","publisher":{"@id":"https:\/\/www.webdo.tn\/fr\/#organization"},"potentialAction":[{"@type":"SearchAction","target":{"@type":"EntryPoint","urlTemplate":"https:\/\/www.webdo.tn\/fr\/?s={search_term_string}"},"query-input":{"@type":"PropertyValueSpecification","valueRequired":true,"valueName":"search_term_string"}}],"inLanguage":"fr-FR"},{"@type":"Organization","@id":"https:\/\/www.webdo.tn\/fr\/#organization","name":"Webdo","alternateName":"Webdo.tn","url":"https:\/\/www.webdo.tn\/fr\/","logo":{"@type":"ImageObject","inLanguage":"fr-FR","@id":"https:\/\/www.webdo.tn\/fr\/#\/schema\/logo\/image\/","url":"https:\/\/www.webdo.tn\/fr\/wp-content\/uploads\/2025\/06\/Webdo-Tunisie_168377.jpg","contentUrl":"https:\/\/www.webdo.tn\/fr\/wp-content\/uploads\/2025\/06\/Webdo-Tunisie_168377.jpg","width":301,"height":301,"caption":"Webdo"},"image":{"@id":"https:\/\/www.webdo.tn\/fr\/#\/schema\/logo\/image\/"},"sameAs":["https:\/\/www.facebook.com\/webdotn","https:\/\/x.com\/webdo_tn"],"description":"Webdo est un m\u00e9dia num\u00e9rique tunisien fond\u00e9 en 2010, sp\u00e9cialis\u00e9 dans l\u2019actualit\u00e9 nationale et internationale, l\u2019\u00e9conomie, la soci\u00e9t\u00e9 et les analyses politiques. Le site s\u2019adresse \u00e0 un large public francophone et couvre l\u2019information tunisienne en temps r\u00e9el.","email":"redac@webdo.tn","legalName":"YNJ SARL","foundingDate":"2010-09-06","numberOfEmployees":{"@type":"QuantitativeValue","minValue":"11","maxValue":"50"}},{"@type":"Person","@id":"https:\/\/www.webdo.tn\/fr\/#\/schema\/person\/2c4929cbf5a809e3bd38617c6ce150f6","name":"MC","image":{"@type":"ImageObject","inLanguage":"fr-FR","@id":"https:\/\/secure.gravatar.com\/avatar\/a545bbb6f84efdd5553dbbc2895e3ca8f1d12c5215e00a041c9670b54aa9b18a?s=96&d=mm&r=g","url":"https:\/\/secure.gravatar.com\/avatar\/a545bbb6f84efdd5553dbbc2895e3ca8f1d12c5215e00a041c9670b54aa9b18a?s=96&d=mm&r=g","contentUrl":"https:\/\/secure.gravatar.com\/avatar\/a545bbb6f84efdd5553dbbc2895e3ca8f1d12c5215e00a041c9670b54aa9b18a?s=96&d=mm&r=g","caption":"MC"},"url":"https:\/\/www.webdo.tn\/fr\/actualite\/author\/mc\/"}]}},"_links":{"self":[{"href":"https:\/\/www.webdo.tn\/fr\/wp-json\/wp\/v2\/posts\/211469","targetHints":{"allow":["GET"]}}],"collection":[{"href":"https:\/\/www.webdo.tn\/fr\/wp-json\/wp\/v2\/posts"}],"about":[{"href":"https:\/\/www.webdo.tn\/fr\/wp-json\/wp\/v2\/types\/post"}],"author":[{"embeddable":true,"href":"https:\/\/www.webdo.tn\/fr\/wp-json\/wp\/v2\/users\/3162"}],"replies":[{"embeddable":true,"href":"https:\/\/www.webdo.tn\/fr\/wp-json\/wp\/v2\/comments?post=211469"}],"version-history":[{"count":0,"href":"https:\/\/www.webdo.tn\/fr\/wp-json\/wp\/v2\/posts\/211469\/revisions"}],"wp:featuredmedia":[{"embeddable":true,"href":"https:\/\/www.webdo.tn\/fr\/wp-json\/wp\/v2\/media\/290066"}],"wp:attachment":[{"href":"https:\/\/www.webdo.tn\/fr\/wp-json\/wp\/v2\/media?parent=211469"}],"wp:term":[{"taxonomy":"category","embeddable":true,"href":"https:\/\/www.webdo.tn\/fr\/wp-json\/wp\/v2\/categories?post=211469"},{"taxonomy":"post_tag","embeddable":true,"href":"https:\/\/www.webdo.tn\/fr\/wp-json\/wp\/v2\/tags?post=211469"}],"curies":[{"name":"wp","href":"https:\/\/api.w.org\/{rel}","templated":true}]}}