{"id":211465,"date":"2024-01-11T11:21:00","date_gmt":"2024-01-11T11:21:00","guid":{"rendered":"https:\/\/www.webdo.tn\/fr\/blog\/grace-a-l-afrique-du-sud-israel-devant-la-cij-pour-genocide\/211465\/"},"modified":"2025-05-20T22:52:47","modified_gmt":"2025-05-20T22:52:47","slug":"grace-a-l-afrique-du-sud-israel-devant-la-cij-pour-genocide","status":"publish","type":"post","link":"https:\/\/www.webdo.tn\/fr\/actualite\/international\/grace-a-l-afrique-du-sud-israel-devant-la-cij-pour-genocide\/211465\/","title":{"rendered":"Gr\u00e2ce \u00e0 l\u2019Afrique du Sud, Isra\u00ebl devant la CIJ pour g\u00e9nocide"},"content":{"rendered":"<p>Le principal organe judiciaire de l&rsquo;Organisation des Nations unies est saisi. Isra\u00ebl fait face, aujourd\u2019hui jeudi 11 janvier devant la Cour internationale de justice, \u00e0 des accusations d'\u00a0\u00bbactes g\u00e9nocidaires\u00a0\u00bb \u00e0 Gaza, formul\u00e9es par l&rsquo;Afrique du Sud et qualifi\u00e9es par le pr\u00e9sident isra\u00e9lien d'\u00a0\u00bbatroces\u00a0\u00bb et \u00ab\u00a0absurdes\u00a0\u00bb.<\/p>\n<p>\t\t\t\t\t\t\t\t\tEn effet, dans une requ\u00eate de 84 pages adress\u00e9e \u00e0 la Cour internationale de justice (CIJ) qui si\u00e8ge \u00e0 La Haye, l\u2019Afrique du Sud exhorte les juges \u00e0 ordonner d\u2019urgence \u00e0 Isra\u00ebl de \u00ab suspendre imm\u00e9diatement ses op\u00e9rations militaires \u00bb dans la bande de Gaza.\u00a0<\/p>\n<p>Pretoria estime qu\u2019Isra\u00ebl \u00ab se livre et risque de continuer \u00e0 se livrer \u00e0 des actes de g\u00e9nocide contre le peuple palestinien \u00e0 Gaza \u00bb.<\/p>\n<p>\u00c0 ce stade, \u00ab\u00a0la cour ne d\u00e9terminera pas si un g\u00e9nocide est en train de se d\u00e9rouler \u00e0 Gaza\u00a0\u00bb, a soulign\u00e9 Cecily Rose, professeure en droit international \u00e0 l&rsquo;universit\u00e9 de Leyde aux Pays-Bas.<\/p>\n<p>\u00ab\u00a0La cour \u00e9valuera seulement s&rsquo;il existe un risque de pr\u00e9judice irr\u00e9parable aux droits garantis par la Convention sur le g\u00e9nocide, en particulier le droit des Palestiniens de Gaza \u00e0 \u00eatre prot\u00e9g\u00e9s contre les actes qui menacent leur existence en tant que groupe\u00a0\u00bb, a-t-elle soulign\u00e9 aupr\u00e8s de l&rsquo;AFP.<\/p>\n","protected":false},"excerpt":{"rendered":"<p>En effet, dans une requ\u00eate de 84 pages adress\u00e9e \u00e0 la Cour internationale de justice (CIJ) qui si\u00e8ge \u00e0 La Haye, l\u2019Afrique du Sud exhorte les juges \u00e0 ordonner d\u2019u&#8230;<\/p>\n","protected":false},"author":3175,"featured_media":290062,"comment_status":"open","ping_status":"closed","sticky":false,"template":"","format":"standard","meta":{"footnotes":""},"categories":[2598],"tags":[3629,2689,7196,2636],"class_list":["post-211465","post","type-post","status-publish","format-standard","has-post-thumbnail","hentry","category-international","tag-afrique-du-sud","tag-gaza","tag-genocide","tag-israel"],"yoast_head":"<!-- This site is optimized with the Yoast SEO Premium plugin v27.5 (Yoast SEO v27.5) - https:\/\/yoast.com\/product\/yoast-seo-premium-wordpress\/ -->\n<title>Gr\u00e2ce \u00e0 l\u2019Afrique du Sud, Isra\u00ebl devant la CIJ pour g\u00e9nocide<\/title>\n<meta name=\"description\" content=\"En effet, dans une requ\u00eate de 84 pages adress\u00e9e \u00e0 la Cour internationale de justice (CIJ) qui si\u00e8ge \u00e0 La Haye, l\u2019Afrique du Sud exhorte les juges \u00e0 ordonner d\u2019u...\" \/>\n<link rel=\"canonical\" href=\"https:\/\/www.webdo.tn\/fr\/actualite\/international\/grace-a-l-afrique-du-sud-israel-devant-la-cij-pour-genocide\/211465\/\" \/>\n<meta property=\"og:locale\" content=\"fr_FR\" \/>\n<meta property=\"og:type\" content=\"article\" \/>\n<meta property=\"og:title\" content=\"Gr\u00e2ce \u00e0 l\u2019Afrique du Sud, Isra\u00ebl devant la CIJ pour g\u00e9nocide\" \/>\n<meta property=\"og:description\" content=\"En effet, dans une requ\u00eate de 84 pages adress\u00e9e \u00e0 la Cour internationale de justice (CIJ) qui si\u00e8ge \u00e0 La Haye, l\u2019Afrique du Sud exhorte les juges \u00e0 ordonner d\u2019u...\" \/>\n<meta property=\"og:url\" content=\"https:\/\/www.webdo.tn\/fr\/actualite\/international\/grace-a-l-afrique-du-sud-israel-devant-la-cij-pour-genocide\/211465\/\" \/>\n<meta property=\"og:site_name\" content=\"webdo\" \/>\n<meta property=\"article:publisher\" content=\"https:\/\/www.facebook.com\/webdotn\" \/>\n<meta property=\"article:published_time\" content=\"2024-01-11T11:21:00+00:00\" \/>\n<meta property=\"article:modified_time\" content=\"2025-05-20T22:52:47+00:00\" \/>\n<meta property=\"og:image\" content=\"https:\/\/www.webdo.tn\/fr\/wp-content\/uploads\/2024\/01\/9e6314e4893b13c6369a1133c01f4c28.jpeg\" \/>\n\t<meta property=\"og:image:width\" content=\"750\" \/>\n\t<meta property=\"og:image:height\" content=\"400\" \/>\n\t<meta property=\"og:image:type\" content=\"image\/jpeg\" \/>\n<meta name=\"author\" content=\"CL\" \/>\n<meta name=\"twitter:card\" content=\"summary_large_image\" \/>\n<meta name=\"twitter:creator\" content=\"@webdo_tn\" \/>\n<meta name=\"twitter:site\" content=\"@webdo_tn\" \/>\n<meta name=\"twitter:label1\" content=\"\u00c9crit par\" \/>\n\t<meta name=\"twitter:data1\" content=\"CL\" \/>\n\t<meta name=\"twitter:label2\" content=\"Dur\u00e9e de lecture estim\u00e9e\" \/>\n\t<meta name=\"twitter:data2\" content=\"1 minute\" \/>\n<script type=\"application\/ld+json\" class=\"yoast-schema-graph\">{\"@context\":\"https:\\\/\\\/schema.org\",\"@graph\":[{\"@type\":\"NewsArticle\",\"@id\":\"https:\\\/\\\/www.webdo.tn\\\/fr\\\/actualite\\\/international\\\/grace-a-l-afrique-du-sud-israel-devant-la-cij-pour-genocide\\\/211465\\\/#article\",\"isPartOf\":{\"@id\":\"https:\\\/\\\/www.webdo.tn\\\/fr\\\/actualite\\\/international\\\/grace-a-l-afrique-du-sud-israel-devant-la-cij-pour-genocide\\\/211465\\\/\"},\"author\":{\"name\":\"CL\",\"@id\":\"https:\\\/\\\/www.webdo.tn\\\/fr\\\/#\\\/schema\\\/person\\\/f35b42a42c5e2511bbd282959d6385cc\"},\"headline\":\"Gr\u00e2ce \u00e0 l\u2019Afrique du Sud, Isra\u00ebl devant la CIJ pour g\u00e9nocide\",\"datePublished\":\"2024-01-11T11:21:00+00:00\",\"dateModified\":\"2025-05-20T22:52:47+00:00\",\"mainEntityOfPage\":{\"@id\":\"https:\\\/\\\/www.webdo.tn\\\/fr\\\/actualite\\\/international\\\/grace-a-l-afrique-du-sud-israel-devant-la-cij-pour-genocide\\\/211465\\\/\"},\"wordCount\":224,\"commentCount\":0,\"publisher\":{\"@id\":\"https:\\\/\\\/www.webdo.tn\\\/fr\\\/#organization\"},\"image\":{\"@id\":\"https:\\\/\\\/www.webdo.tn\\\/fr\\\/actualite\\\/international\\\/grace-a-l-afrique-du-sud-israel-devant-la-cij-pour-genocide\\\/211465\\\/#primaryimage\"},\"thumbnailUrl\":\"https:\\\/\\\/www.webdo.tn\\\/fr\\\/wp-content\\\/uploads\\\/2024\\\/01\\\/9e6314e4893b13c6369a1133c01f4c28.jpeg\",\"keywords\":[\"afrique du sud\",\"Gaza\",\"G\u00e9nocide\",\"isra\u00ebl\"],\"articleSection\":[\"International\"],\"inLanguage\":\"fr-FR\"},{\"@type\":\"WebPage\",\"@id\":\"https:\\\/\\\/www.webdo.tn\\\/fr\\\/actualite\\\/international\\\/grace-a-l-afrique-du-sud-israel-devant-la-cij-pour-genocide\\\/211465\\\/\",\"url\":\"https:\\\/\\\/www.webdo.tn\\\/fr\\\/actualite\\\/international\\\/grace-a-l-afrique-du-sud-israel-devant-la-cij-pour-genocide\\\/211465\\\/\",\"name\":\"Gr\u00e2ce \u00e0 l\u2019Afrique du Sud, Isra\u00ebl devant la CIJ pour g\u00e9nocide\",\"isPartOf\":{\"@id\":\"https:\\\/\\\/www.webdo.tn\\\/fr\\\/#website\"},\"primaryImageOfPage\":{\"@id\":\"https:\\\/\\\/www.webdo.tn\\\/fr\\\/actualite\\\/international\\\/grace-a-l-afrique-du-sud-israel-devant-la-cij-pour-genocide\\\/211465\\\/#primaryimage\"},\"image\":{\"@id\":\"https:\\\/\\\/www.webdo.tn\\\/fr\\\/actualite\\\/international\\\/grace-a-l-afrique-du-sud-israel-devant-la-cij-pour-genocide\\\/211465\\\/#primaryimage\"},\"thumbnailUrl\":\"https:\\\/\\\/www.webdo.tn\\\/fr\\\/wp-content\\\/uploads\\\/2024\\\/01\\\/9e6314e4893b13c6369a1133c01f4c28.jpeg\",\"datePublished\":\"2024-01-11T11:21:00+00:00\",\"dateModified\":\"2025-05-20T22:52:47+00:00\",\"description\":\"En effet, dans une requ\u00eate de 84 pages adress\u00e9e \u00e0 la Cour internationale de justice (CIJ) qui si\u00e8ge \u00e0 La Haye, l\u2019Afrique du Sud exhorte les juges \u00e0 ordonner d\u2019u...\",\"breadcrumb\":{\"@id\":\"https:\\\/\\\/www.webdo.tn\\\/fr\\\/actualite\\\/international\\\/grace-a-l-afrique-du-sud-israel-devant-la-cij-pour-genocide\\\/211465\\\/#breadcrumb\"},\"inLanguage\":\"fr-FR\",\"potentialAction\":[{\"@type\":\"ReadAction\",\"target\":[\"https:\\\/\\\/www.webdo.tn\\\/fr\\\/actualite\\\/international\\\/grace-a-l-afrique-du-sud-israel-devant-la-cij-pour-genocide\\\/211465\\\/\"]}]},{\"@type\":\"ImageObject\",\"inLanguage\":\"fr-FR\",\"@id\":\"https:\\\/\\\/www.webdo.tn\\\/fr\\\/actualite\\\/international\\\/grace-a-l-afrique-du-sud-israel-devant-la-cij-pour-genocide\\\/211465\\\/#primaryimage\",\"url\":\"https:\\\/\\\/www.webdo.tn\\\/fr\\\/wp-content\\\/uploads\\\/2024\\\/01\\\/9e6314e4893b13c6369a1133c01f4c28.jpeg\",\"contentUrl\":\"https:\\\/\\\/www.webdo.tn\\\/fr\\\/wp-content\\\/uploads\\\/2024\\\/01\\\/9e6314e4893b13c6369a1133c01f4c28.jpeg\",\"width\":750,\"height\":400,\"caption\":\"Gr\u00e2ce \u00e0 l\u2019Afrique du Sud, Isra\u00ebl devant la CIJ pour g\u00e9nocide\"},{\"@type\":\"BreadcrumbList\",\"@id\":\"https:\\\/\\\/www.webdo.tn\\\/fr\\\/actualite\\\/international\\\/grace-a-l-afrique-du-sud-israel-devant-la-cij-pour-genocide\\\/211465\\\/#breadcrumb\",\"itemListElement\":[{\"@type\":\"ListItem\",\"position\":1,\"name\":\"Accueil\",\"item\":\"https:\\\/\\\/www.webdo.tn\\\/fr\\\/\"},{\"@type\":\"ListItem\",\"position\":2,\"name\":\"Gr\u00e2ce \u00e0 l\u2019Afrique du Sud, Isra\u00ebl devant la CIJ pour g\u00e9nocide\"}]},{\"@type\":\"WebSite\",\"@id\":\"https:\\\/\\\/www.webdo.tn\\\/fr\\\/#website\",\"url\":\"https:\\\/\\\/www.webdo.tn\\\/fr\\\/\",\"name\":\"webdo\",\"description\":\"Tunisie - News en Tunisie et \u00e0 l&#039;international sur Webdo.tn\",\"publisher\":{\"@id\":\"https:\\\/\\\/www.webdo.tn\\\/fr\\\/#organization\"},\"potentialAction\":[{\"@type\":\"SearchAction\",\"target\":{\"@type\":\"EntryPoint\",\"urlTemplate\":\"https:\\\/\\\/www.webdo.tn\\\/fr\\\/?s={search_term_string}\"},\"query-input\":{\"@type\":\"PropertyValueSpecification\",\"valueRequired\":true,\"valueName\":\"search_term_string\"}}],\"inLanguage\":\"fr-FR\"},{\"@type\":\"Organization\",\"@id\":\"https:\\\/\\\/www.webdo.tn\\\/fr\\\/#organization\",\"name\":\"Webdo\",\"alternateName\":\"Webdo.tn\",\"url\":\"https:\\\/\\\/www.webdo.tn\\\/fr\\\/\",\"logo\":{\"@type\":\"ImageObject\",\"inLanguage\":\"fr-FR\",\"@id\":\"https:\\\/\\\/www.webdo.tn\\\/fr\\\/#\\\/schema\\\/logo\\\/image\\\/\",\"url\":\"https:\\\/\\\/www.webdo.tn\\\/fr\\\/wp-content\\\/uploads\\\/2025\\\/06\\\/Webdo-Tunisie_168377.jpg\",\"contentUrl\":\"https:\\\/\\\/www.webdo.tn\\\/fr\\\/wp-content\\\/uploads\\\/2025\\\/06\\\/Webdo-Tunisie_168377.jpg\",\"width\":301,\"height\":301,\"caption\":\"Webdo\"},\"image\":{\"@id\":\"https:\\\/\\\/www.webdo.tn\\\/fr\\\/#\\\/schema\\\/logo\\\/image\\\/\"},\"sameAs\":[\"https:\\\/\\\/www.facebook.com\\\/webdotn\",\"https:\\\/\\\/x.com\\\/webdo_tn\"],\"description\":\"Webdo est un m\u00e9dia num\u00e9rique tunisien fond\u00e9 en 2010, sp\u00e9cialis\u00e9 dans l\u2019actualit\u00e9 nationale et internationale, l\u2019\u00e9conomie, la soci\u00e9t\u00e9 et les analyses politiques. Le site s\u2019adresse \u00e0 un large public francophone et couvre l\u2019information tunisienne en temps r\u00e9el.\",\"email\":\"redac@webdo.tn\",\"legalName\":\"YNJ SARL\",\"foundingDate\":\"2010-09-06\",\"numberOfEmployees\":{\"@type\":\"QuantitativeValue\",\"minValue\":\"11\",\"maxValue\":\"50\"}},{\"@type\":\"Person\",\"@id\":\"https:\\\/\\\/www.webdo.tn\\\/fr\\\/#\\\/schema\\\/person\\\/f35b42a42c5e2511bbd282959d6385cc\",\"name\":\"CL\",\"image\":{\"@type\":\"ImageObject\",\"inLanguage\":\"fr-FR\",\"@id\":\"https:\\\/\\\/secure.gravatar.com\\\/avatar\\\/1447a49909b67aa657c488aec6512e1dd6143a480c1ecfee9b5b5cd74eb3b59e?s=96&d=mm&r=g\",\"url\":\"https:\\\/\\\/secure.gravatar.com\\\/avatar\\\/1447a49909b67aa657c488aec6512e1dd6143a480c1ecfee9b5b5cd74eb3b59e?s=96&d=mm&r=g\",\"contentUrl\":\"https:\\\/\\\/secure.gravatar.com\\\/avatar\\\/1447a49909b67aa657c488aec6512e1dd6143a480c1ecfee9b5b5cd74eb3b59e?s=96&d=mm&r=g\",\"caption\":\"CL\"},\"url\":\"https:\\\/\\\/www.webdo.tn\\\/fr\\\/actualite\\\/author\\\/cl\\\/\"}]}<\/script>\n<!-- \/ Yoast SEO Premium plugin. -->","yoast_head_json":{"title":"Gr\u00e2ce \u00e0 l\u2019Afrique du Sud, Isra\u00ebl devant la CIJ pour g\u00e9nocide","description":"En effet, dans une requ\u00eate de 84 pages adress\u00e9e \u00e0 la Cour internationale de justice (CIJ) qui si\u00e8ge \u00e0 La Haye, l\u2019Afrique du Sud exhorte les juges \u00e0 ordonner d\u2019u...","canonical":"https:\/\/www.webdo.tn\/fr\/actualite\/international\/grace-a-l-afrique-du-sud-israel-devant-la-cij-pour-genocide\/211465\/","og_locale":"fr_FR","og_type":"article","og_title":"Gr\u00e2ce \u00e0 l\u2019Afrique du Sud, Isra\u00ebl devant la CIJ pour g\u00e9nocide","og_description":"En effet, dans une requ\u00eate de 84 pages adress\u00e9e \u00e0 la Cour internationale de justice (CIJ) qui si\u00e8ge \u00e0 La Haye, l\u2019Afrique du Sud exhorte les juges \u00e0 ordonner d\u2019u...","og_url":"https:\/\/www.webdo.tn\/fr\/actualite\/international\/grace-a-l-afrique-du-sud-israel-devant-la-cij-pour-genocide\/211465\/","og_site_name":"webdo","article_publisher":"https:\/\/www.facebook.com\/webdotn","article_published_time":"2024-01-11T11:21:00+00:00","article_modified_time":"2025-05-20T22:52:47+00:00","og_image":[{"width":750,"height":400,"url":"https:\/\/www.webdo.tn\/fr\/wp-content\/uploads\/2024\/01\/9e6314e4893b13c6369a1133c01f4c28.jpeg","type":"image\/jpeg"}],"author":"CL","twitter_card":"summary_large_image","twitter_creator":"@webdo_tn","twitter_site":"@webdo_tn","twitter_misc":{"\u00c9crit par":"CL","Dur\u00e9e de lecture estim\u00e9e":"1 minute"},"schema":{"@context":"https:\/\/schema.org","@graph":[{"@type":"NewsArticle","@id":"https:\/\/www.webdo.tn\/fr\/actualite\/international\/grace-a-l-afrique-du-sud-israel-devant-la-cij-pour-genocide\/211465\/#article","isPartOf":{"@id":"https:\/\/www.webdo.tn\/fr\/actualite\/international\/grace-a-l-afrique-du-sud-israel-devant-la-cij-pour-genocide\/211465\/"},"author":{"name":"CL","@id":"https:\/\/www.webdo.tn\/fr\/#\/schema\/person\/f35b42a42c5e2511bbd282959d6385cc"},"headline":"Gr\u00e2ce \u00e0 l\u2019Afrique du Sud, Isra\u00ebl devant la CIJ pour g\u00e9nocide","datePublished":"2024-01-11T11:21:00+00:00","dateModified":"2025-05-20T22:52:47+00:00","mainEntityOfPage":{"@id":"https:\/\/www.webdo.tn\/fr\/actualite\/international\/grace-a-l-afrique-du-sud-israel-devant-la-cij-pour-genocide\/211465\/"},"wordCount":224,"commentCount":0,"publisher":{"@id":"https:\/\/www.webdo.tn\/fr\/#organization"},"image":{"@id":"https:\/\/www.webdo.tn\/fr\/actualite\/international\/grace-a-l-afrique-du-sud-israel-devant-la-cij-pour-genocide\/211465\/#primaryimage"},"thumbnailUrl":"https:\/\/www.webdo.tn\/fr\/wp-content\/uploads\/2024\/01\/9e6314e4893b13c6369a1133c01f4c28.jpeg","keywords":["afrique du sud","Gaza","G\u00e9nocide","isra\u00ebl"],"articleSection":["International"],"inLanguage":"fr-FR"},{"@type":"WebPage","@id":"https:\/\/www.webdo.tn\/fr\/actualite\/international\/grace-a-l-afrique-du-sud-israel-devant-la-cij-pour-genocide\/211465\/","url":"https:\/\/www.webdo.tn\/fr\/actualite\/international\/grace-a-l-afrique-du-sud-israel-devant-la-cij-pour-genocide\/211465\/","name":"Gr\u00e2ce \u00e0 l\u2019Afrique du Sud, Isra\u00ebl devant la CIJ pour g\u00e9nocide","isPartOf":{"@id":"https:\/\/www.webdo.tn\/fr\/#website"},"primaryImageOfPage":{"@id":"https:\/\/www.webdo.tn\/fr\/actualite\/international\/grace-a-l-afrique-du-sud-israel-devant-la-cij-pour-genocide\/211465\/#primaryimage"},"image":{"@id":"https:\/\/www.webdo.tn\/fr\/actualite\/international\/grace-a-l-afrique-du-sud-israel-devant-la-cij-pour-genocide\/211465\/#primaryimage"},"thumbnailUrl":"https:\/\/www.webdo.tn\/fr\/wp-content\/uploads\/2024\/01\/9e6314e4893b13c6369a1133c01f4c28.jpeg","datePublished":"2024-01-11T11:21:00+00:00","dateModified":"2025-05-20T22:52:47+00:00","description":"En effet, dans une requ\u00eate de 84 pages adress\u00e9e \u00e0 la Cour internationale de justice (CIJ) qui si\u00e8ge \u00e0 La Haye, l\u2019Afrique du Sud exhorte les juges \u00e0 ordonner d\u2019u...","breadcrumb":{"@id":"https:\/\/www.webdo.tn\/fr\/actualite\/international\/grace-a-l-afrique-du-sud-israel-devant-la-cij-pour-genocide\/211465\/#breadcrumb"},"inLanguage":"fr-FR","potentialAction":[{"@type":"ReadAction","target":["https:\/\/www.webdo.tn\/fr\/actualite\/international\/grace-a-l-afrique-du-sud-israel-devant-la-cij-pour-genocide\/211465\/"]}]},{"@type":"ImageObject","inLanguage":"fr-FR","@id":"https:\/\/www.webdo.tn\/fr\/actualite\/international\/grace-a-l-afrique-du-sud-israel-devant-la-cij-pour-genocide\/211465\/#primaryimage","url":"https:\/\/www.webdo.tn\/fr\/wp-content\/uploads\/2024\/01\/9e6314e4893b13c6369a1133c01f4c28.jpeg","contentUrl":"https:\/\/www.webdo.tn\/fr\/wp-content\/uploads\/2024\/01\/9e6314e4893b13c6369a1133c01f4c28.jpeg","width":750,"height":400,"caption":"Gr\u00e2ce \u00e0 l\u2019Afrique du Sud, Isra\u00ebl devant la CIJ pour g\u00e9nocide"},{"@type":"BreadcrumbList","@id":"https:\/\/www.webdo.tn\/fr\/actualite\/international\/grace-a-l-afrique-du-sud-israel-devant-la-cij-pour-genocide\/211465\/#breadcrumb","itemListElement":[{"@type":"ListItem","position":1,"name":"Accueil","item":"https:\/\/www.webdo.tn\/fr\/"},{"@type":"ListItem","position":2,"name":"Gr\u00e2ce \u00e0 l\u2019Afrique du Sud, Isra\u00ebl devant la CIJ pour g\u00e9nocide"}]},{"@type":"WebSite","@id":"https:\/\/www.webdo.tn\/fr\/#website","url":"https:\/\/www.webdo.tn\/fr\/","name":"webdo","description":"Tunisie - News en Tunisie et \u00e0 l&#039;international sur Webdo.tn","publisher":{"@id":"https:\/\/www.webdo.tn\/fr\/#organization"},"potentialAction":[{"@type":"SearchAction","target":{"@type":"EntryPoint","urlTemplate":"https:\/\/www.webdo.tn\/fr\/?s={search_term_string}"},"query-input":{"@type":"PropertyValueSpecification","valueRequired":true,"valueName":"search_term_string"}}],"inLanguage":"fr-FR"},{"@type":"Organization","@id":"https:\/\/www.webdo.tn\/fr\/#organization","name":"Webdo","alternateName":"Webdo.tn","url":"https:\/\/www.webdo.tn\/fr\/","logo":{"@type":"ImageObject","inLanguage":"fr-FR","@id":"https:\/\/www.webdo.tn\/fr\/#\/schema\/logo\/image\/","url":"https:\/\/www.webdo.tn\/fr\/wp-content\/uploads\/2025\/06\/Webdo-Tunisie_168377.jpg","contentUrl":"https:\/\/www.webdo.tn\/fr\/wp-content\/uploads\/2025\/06\/Webdo-Tunisie_168377.jpg","width":301,"height":301,"caption":"Webdo"},"image":{"@id":"https:\/\/www.webdo.tn\/fr\/#\/schema\/logo\/image\/"},"sameAs":["https:\/\/www.facebook.com\/webdotn","https:\/\/x.com\/webdo_tn"],"description":"Webdo est un m\u00e9dia num\u00e9rique tunisien fond\u00e9 en 2010, sp\u00e9cialis\u00e9 dans l\u2019actualit\u00e9 nationale et internationale, l\u2019\u00e9conomie, la soci\u00e9t\u00e9 et les analyses politiques. Le site s\u2019adresse \u00e0 un large public francophone et couvre l\u2019information tunisienne en temps r\u00e9el.","email":"redac@webdo.tn","legalName":"YNJ SARL","foundingDate":"2010-09-06","numberOfEmployees":{"@type":"QuantitativeValue","minValue":"11","maxValue":"50"}},{"@type":"Person","@id":"https:\/\/www.webdo.tn\/fr\/#\/schema\/person\/f35b42a42c5e2511bbd282959d6385cc","name":"CL","image":{"@type":"ImageObject","inLanguage":"fr-FR","@id":"https:\/\/secure.gravatar.com\/avatar\/1447a49909b67aa657c488aec6512e1dd6143a480c1ecfee9b5b5cd74eb3b59e?s=96&d=mm&r=g","url":"https:\/\/secure.gravatar.com\/avatar\/1447a49909b67aa657c488aec6512e1dd6143a480c1ecfee9b5b5cd74eb3b59e?s=96&d=mm&r=g","contentUrl":"https:\/\/secure.gravatar.com\/avatar\/1447a49909b67aa657c488aec6512e1dd6143a480c1ecfee9b5b5cd74eb3b59e?s=96&d=mm&r=g","caption":"CL"},"url":"https:\/\/www.webdo.tn\/fr\/actualite\/author\/cl\/"}]}},"_links":{"self":[{"href":"https:\/\/www.webdo.tn\/fr\/wp-json\/wp\/v2\/posts\/211465","targetHints":{"allow":["GET"]}}],"collection":[{"href":"https:\/\/www.webdo.tn\/fr\/wp-json\/wp\/v2\/posts"}],"about":[{"href":"https:\/\/www.webdo.tn\/fr\/wp-json\/wp\/v2\/types\/post"}],"author":[{"embeddable":true,"href":"https:\/\/www.webdo.tn\/fr\/wp-json\/wp\/v2\/users\/3175"}],"replies":[{"embeddable":true,"href":"https:\/\/www.webdo.tn\/fr\/wp-json\/wp\/v2\/comments?post=211465"}],"version-history":[{"count":0,"href":"https:\/\/www.webdo.tn\/fr\/wp-json\/wp\/v2\/posts\/211465\/revisions"}],"wp:featuredmedia":[{"embeddable":true,"href":"https:\/\/www.webdo.tn\/fr\/wp-json\/wp\/v2\/media\/290062"}],"wp:attachment":[{"href":"https:\/\/www.webdo.tn\/fr\/wp-json\/wp\/v2\/media?parent=211465"}],"wp:term":[{"taxonomy":"category","embeddable":true,"href":"https:\/\/www.webdo.tn\/fr\/wp-json\/wp\/v2\/categories?post=211465"},{"taxonomy":"post_tag","embeddable":true,"href":"https:\/\/www.webdo.tn\/fr\/wp-json\/wp\/v2\/tags?post=211465"}],"curies":[{"name":"wp","href":"https:\/\/api.w.org\/{rel}","templated":true}]}}