{"id":211453,"date":"2024-01-10T21:52:00","date_gmt":"2024-01-10T21:52:00","guid":{"rendered":"https:\/\/www.webdo.tn\/fr\/blog\/zied-el-heni-condamne-a-six-mois-de-prison-avec-sursis\/211453\/"},"modified":"2025-05-20T22:55:38","modified_gmt":"2025-05-20T22:55:38","slug":"zied-el-heni-condamne-a-six-mois-de-prison-avec-sursis","status":"publish","type":"post","link":"https:\/\/www.webdo.tn\/fr\/actualite\/national\/zied-el-heni-condamne-a-six-mois-de-prison-avec-sursis\/211453\/","title":{"rendered":"Zied El-Heni condamn\u00e9 \u00e0 six mois de prison avec sursis"},"content":{"rendered":"<p>La Chambre criminelle du Tribunal de premi\u00e8re instance de Tunis a condamn\u00e9, aujourd\u2019hui, le journaliste Zied El Heni \u00e0 six mois de prison avec sursis.<\/p>\n<p>\t\t\t\t\t\t\t\t\tLe journaliste Zied El Heni a comparu, ce mercredi 10 janvier, devant la chambre correctionnelle du Tribunal de premi\u00e8re instance de Tunis pour outrage apr\u00e8s avoir prononc\u00e9 le mot\u00a0\u00ab cazi \u00bb en r\u00e9f\u00e9rence \u00e0 la ministre du Commerce lors d\u2019un passage radio sur les ondes de IFM.<\/p>\n<p>La ministre du Commerce Kalthoum Ben Rejeb a annonc\u00e9 aujourd\u2019hui, port\u00e9 plainte contre le journaliste pour atteinte \u00e0 un fonctionnaire public conform\u00e9ment au d\u00e9cret-54.\u00a0<\/p>\n<p>Zied El-Heni a \u00e9t\u00e9 initialement traduit, le 28 d\u00e9cembre 2023, devant la justice en. Il a, par la suite, fait l\u2019objet d\u2019un mandat de d\u00e9p\u00f4t, \u00e9mis le 1er janvier 2024, sur la base de l\u2019article 86 du Code des t\u00e9l\u00e9communications.<\/p>\n","protected":false},"excerpt":{"rendered":"<p>La ministre du Commerce Kalthoum Ben Rejeb a annonc\u00e9 aujourd\u2019hui, port\u00e9 plainte contre le journaliste pour atteinte \u00e0 un fonctionnaire public conform\u00e9ment au d\u00e9&#8230;<\/p>\n","protected":false},"author":3182,"featured_media":248270,"comment_status":"open","ping_status":"closed","sticky":false,"template":"","format":"standard","meta":{"footnotes":""},"categories":[44],"tags":[7207,7205,2708,7206],"class_list":["post-211453","post","type-post","status-publish","format-standard","has-post-thumbnail","hentry","category-national","tag-cazi","tag-outrage","tag-prison","tag-zied-heni"],"yoast_head":"<!-- This site is optimized with the Yoast SEO Premium plugin v27.5 (Yoast SEO v27.5) - https:\/\/yoast.com\/product\/yoast-seo-premium-wordpress\/ -->\n<title>Zied El-Heni condamn\u00e9 \u00e0 six mois de prison avec sursis<\/title>\n<meta name=\"description\" content=\"La ministre du Commerce Kalthoum Ben Rejeb a annonc\u00e9 aujourd\u2019hui, port\u00e9 plainte contre le journaliste pour atteinte \u00e0 un fonctionnaire public conform\u00e9ment au d\u00e9...\" \/>\n<link rel=\"canonical\" href=\"https:\/\/www.webdo.tn\/fr\/actualite\/national\/zied-el-heni-condamne-a-six-mois-de-prison-avec-sursis\/211453\/\" \/>\n<meta property=\"og:locale\" content=\"fr_FR\" \/>\n<meta property=\"og:type\" content=\"article\" \/>\n<meta property=\"og:title\" content=\"Zied El-Heni condamn\u00e9 \u00e0 six mois de prison avec sursis\" \/>\n<meta property=\"og:description\" content=\"La ministre du Commerce Kalthoum Ben Rejeb a annonc\u00e9 aujourd\u2019hui, port\u00e9 plainte contre le journaliste pour atteinte \u00e0 un fonctionnaire public conform\u00e9ment au d\u00e9...\" \/>\n<meta property=\"og:url\" content=\"https:\/\/www.webdo.tn\/fr\/actualite\/national\/zied-el-heni-condamne-a-six-mois-de-prison-avec-sursis\/211453\/\" \/>\n<meta property=\"og:site_name\" content=\"webdo\" \/>\n<meta property=\"article:publisher\" content=\"https:\/\/www.facebook.com\/webdotn\" \/>\n<meta property=\"article:published_time\" content=\"2024-01-10T21:52:00+00:00\" \/>\n<meta property=\"article:modified_time\" content=\"2025-05-20T22:55:38+00:00\" \/>\n<meta property=\"og:image\" content=\"https:\/\/www.webdo.tn\/fr\/wp-content\/uploads\/2024\/01\/a2d2e8176d797470d7562914633d1004.jpg\" \/>\n\t<meta property=\"og:image:width\" content=\"710\" \/>\n\t<meta property=\"og:image:height\" content=\"379\" \/>\n\t<meta property=\"og:image:type\" content=\"image\/jpeg\" \/>\n<meta name=\"author\" content=\"WB\" \/>\n<meta name=\"twitter:card\" content=\"summary_large_image\" \/>\n<meta name=\"twitter:creator\" content=\"@webdo_tn\" \/>\n<meta name=\"twitter:site\" content=\"@webdo_tn\" \/>\n<meta name=\"twitter:label1\" content=\"\u00c9crit par\" \/>\n\t<meta name=\"twitter:data1\" content=\"WB\" \/>\n\t<meta name=\"twitter:label2\" content=\"Dur\u00e9e de lecture estim\u00e9e\" \/>\n\t<meta name=\"twitter:data2\" content=\"1 minute\" \/>\n<script type=\"application\/ld+json\" class=\"yoast-schema-graph\">{\"@context\":\"https:\\\/\\\/schema.org\",\"@graph\":[{\"@type\":\"NewsArticle\",\"@id\":\"https:\\\/\\\/www.webdo.tn\\\/fr\\\/actualite\\\/national\\\/zied-el-heni-condamne-a-six-mois-de-prison-avec-sursis\\\/211453\\\/#article\",\"isPartOf\":{\"@id\":\"https:\\\/\\\/www.webdo.tn\\\/fr\\\/actualite\\\/national\\\/zied-el-heni-condamne-a-six-mois-de-prison-avec-sursis\\\/211453\\\/\"},\"author\":{\"name\":\"WB\",\"@id\":\"https:\\\/\\\/www.webdo.tn\\\/fr\\\/#\\\/schema\\\/person\\\/f16bf91e3b3c6347371884777659f9d8\"},\"headline\":\"Zied El-Heni condamn\u00e9 \u00e0 six mois de prison avec sursis\",\"datePublished\":\"2024-01-10T21:52:00+00:00\",\"dateModified\":\"2025-05-20T22:55:38+00:00\",\"mainEntityOfPage\":{\"@id\":\"https:\\\/\\\/www.webdo.tn\\\/fr\\\/actualite\\\/national\\\/zied-el-heni-condamne-a-six-mois-de-prison-avec-sursis\\\/211453\\\/\"},\"wordCount\":154,\"commentCount\":0,\"publisher\":{\"@id\":\"https:\\\/\\\/www.webdo.tn\\\/fr\\\/#organization\"},\"image\":{\"@id\":\"https:\\\/\\\/www.webdo.tn\\\/fr\\\/actualite\\\/national\\\/zied-el-heni-condamne-a-six-mois-de-prison-avec-sursis\\\/211453\\\/#primaryimage\"},\"thumbnailUrl\":\"https:\\\/\\\/www.webdo.tn\\\/fr\\\/wp-content\\\/uploads\\\/2024\\\/01\\\/a2d2e8176d797470d7562914633d1004.jpg\",\"keywords\":[\"cazi\",\"outrage\",\"Prison\",\"Zied H\u00e9ni\"],\"articleSection\":[\"National\"],\"inLanguage\":\"fr-FR\"},{\"@type\":\"WebPage\",\"@id\":\"https:\\\/\\\/www.webdo.tn\\\/fr\\\/actualite\\\/national\\\/zied-el-heni-condamne-a-six-mois-de-prison-avec-sursis\\\/211453\\\/\",\"url\":\"https:\\\/\\\/www.webdo.tn\\\/fr\\\/actualite\\\/national\\\/zied-el-heni-condamne-a-six-mois-de-prison-avec-sursis\\\/211453\\\/\",\"name\":\"Zied El-Heni condamn\u00e9 \u00e0 six mois de prison avec sursis\",\"isPartOf\":{\"@id\":\"https:\\\/\\\/www.webdo.tn\\\/fr\\\/#website\"},\"primaryImageOfPage\":{\"@id\":\"https:\\\/\\\/www.webdo.tn\\\/fr\\\/actualite\\\/national\\\/zied-el-heni-condamne-a-six-mois-de-prison-avec-sursis\\\/211453\\\/#primaryimage\"},\"image\":{\"@id\":\"https:\\\/\\\/www.webdo.tn\\\/fr\\\/actualite\\\/national\\\/zied-el-heni-condamne-a-six-mois-de-prison-avec-sursis\\\/211453\\\/#primaryimage\"},\"thumbnailUrl\":\"https:\\\/\\\/www.webdo.tn\\\/fr\\\/wp-content\\\/uploads\\\/2024\\\/01\\\/a2d2e8176d797470d7562914633d1004.jpg\",\"datePublished\":\"2024-01-10T21:52:00+00:00\",\"dateModified\":\"2025-05-20T22:55:38+00:00\",\"description\":\"La ministre du Commerce Kalthoum Ben Rejeb a annonc\u00e9 aujourd\u2019hui, port\u00e9 plainte contre le journaliste pour atteinte \u00e0 un fonctionnaire public conform\u00e9ment au d\u00e9...\",\"breadcrumb\":{\"@id\":\"https:\\\/\\\/www.webdo.tn\\\/fr\\\/actualite\\\/national\\\/zied-el-heni-condamne-a-six-mois-de-prison-avec-sursis\\\/211453\\\/#breadcrumb\"},\"inLanguage\":\"fr-FR\",\"potentialAction\":[{\"@type\":\"ReadAction\",\"target\":[\"https:\\\/\\\/www.webdo.tn\\\/fr\\\/actualite\\\/national\\\/zied-el-heni-condamne-a-six-mois-de-prison-avec-sursis\\\/211453\\\/\"]}]},{\"@type\":\"ImageObject\",\"inLanguage\":\"fr-FR\",\"@id\":\"https:\\\/\\\/www.webdo.tn\\\/fr\\\/actualite\\\/national\\\/zied-el-heni-condamne-a-six-mois-de-prison-avec-sursis\\\/211453\\\/#primaryimage\",\"url\":\"https:\\\/\\\/www.webdo.tn\\\/fr\\\/wp-content\\\/uploads\\\/2024\\\/01\\\/a2d2e8176d797470d7562914633d1004.jpg\",\"contentUrl\":\"https:\\\/\\\/www.webdo.tn\\\/fr\\\/wp-content\\\/uploads\\\/2024\\\/01\\\/a2d2e8176d797470d7562914633d1004.jpg\",\"width\":710,\"height\":379,\"caption\":\"zied elheni\"},{\"@type\":\"BreadcrumbList\",\"@id\":\"https:\\\/\\\/www.webdo.tn\\\/fr\\\/actualite\\\/national\\\/zied-el-heni-condamne-a-six-mois-de-prison-avec-sursis\\\/211453\\\/#breadcrumb\",\"itemListElement\":[{\"@type\":\"ListItem\",\"position\":1,\"name\":\"Accueil\",\"item\":\"https:\\\/\\\/www.webdo.tn\\\/fr\\\/\"},{\"@type\":\"ListItem\",\"position\":2,\"name\":\"Zied El-Heni condamn\u00e9 \u00e0 six mois de prison avec sursis\"}]},{\"@type\":\"WebSite\",\"@id\":\"https:\\\/\\\/www.webdo.tn\\\/fr\\\/#website\",\"url\":\"https:\\\/\\\/www.webdo.tn\\\/fr\\\/\",\"name\":\"webdo\",\"description\":\"Tunisie - News en Tunisie et \u00e0 l&#039;international sur Webdo.tn\",\"publisher\":{\"@id\":\"https:\\\/\\\/www.webdo.tn\\\/fr\\\/#organization\"},\"potentialAction\":[{\"@type\":\"SearchAction\",\"target\":{\"@type\":\"EntryPoint\",\"urlTemplate\":\"https:\\\/\\\/www.webdo.tn\\\/fr\\\/?s={search_term_string}\"},\"query-input\":{\"@type\":\"PropertyValueSpecification\",\"valueRequired\":true,\"valueName\":\"search_term_string\"}}],\"inLanguage\":\"fr-FR\"},{\"@type\":\"Organization\",\"@id\":\"https:\\\/\\\/www.webdo.tn\\\/fr\\\/#organization\",\"name\":\"Webdo\",\"alternateName\":\"Webdo.tn\",\"url\":\"https:\\\/\\\/www.webdo.tn\\\/fr\\\/\",\"logo\":{\"@type\":\"ImageObject\",\"inLanguage\":\"fr-FR\",\"@id\":\"https:\\\/\\\/www.webdo.tn\\\/fr\\\/#\\\/schema\\\/logo\\\/image\\\/\",\"url\":\"https:\\\/\\\/www.webdo.tn\\\/fr\\\/wp-content\\\/uploads\\\/2025\\\/06\\\/Webdo-Tunisie_168377.jpg\",\"contentUrl\":\"https:\\\/\\\/www.webdo.tn\\\/fr\\\/wp-content\\\/uploads\\\/2025\\\/06\\\/Webdo-Tunisie_168377.jpg\",\"width\":301,\"height\":301,\"caption\":\"Webdo\"},\"image\":{\"@id\":\"https:\\\/\\\/www.webdo.tn\\\/fr\\\/#\\\/schema\\\/logo\\\/image\\\/\"},\"sameAs\":[\"https:\\\/\\\/www.facebook.com\\\/webdotn\",\"https:\\\/\\\/x.com\\\/webdo_tn\"],\"description\":\"Webdo est un m\u00e9dia num\u00e9rique tunisien fond\u00e9 en 2010, sp\u00e9cialis\u00e9 dans l\u2019actualit\u00e9 nationale et internationale, l\u2019\u00e9conomie, la soci\u00e9t\u00e9 et les analyses politiques. Le site s\u2019adresse \u00e0 un large public francophone et couvre l\u2019information tunisienne en temps r\u00e9el.\",\"email\":\"redac@webdo.tn\",\"legalName\":\"YNJ SARL\",\"foundingDate\":\"2010-09-06\",\"numberOfEmployees\":{\"@type\":\"QuantitativeValue\",\"minValue\":\"11\",\"maxValue\":\"50\"}},{\"@type\":\"Person\",\"@id\":\"https:\\\/\\\/www.webdo.tn\\\/fr\\\/#\\\/schema\\\/person\\\/f16bf91e3b3c6347371884777659f9d8\",\"name\":\"WB\",\"image\":{\"@type\":\"ImageObject\",\"inLanguage\":\"fr-FR\",\"@id\":\"https:\\\/\\\/secure.gravatar.com\\\/avatar\\\/fd3caf00dbfd4b6d6ce43e8ea4748ed2e4d0fae2c3a87c1e2f6ba0a54c3ab5cb?s=96&d=mm&r=g\",\"url\":\"https:\\\/\\\/secure.gravatar.com\\\/avatar\\\/fd3caf00dbfd4b6d6ce43e8ea4748ed2e4d0fae2c3a87c1e2f6ba0a54c3ab5cb?s=96&d=mm&r=g\",\"contentUrl\":\"https:\\\/\\\/secure.gravatar.com\\\/avatar\\\/fd3caf00dbfd4b6d6ce43e8ea4748ed2e4d0fae2c3a87c1e2f6ba0a54c3ab5cb?s=96&d=mm&r=g\",\"caption\":\"WB\"},\"url\":\"https:\\\/\\\/www.webdo.tn\\\/fr\\\/actualite\\\/author\\\/wb\\\/\"}]}<\/script>\n<!-- \/ Yoast SEO Premium plugin. -->","yoast_head_json":{"title":"Zied El-Heni condamn\u00e9 \u00e0 six mois de prison avec sursis","description":"La ministre du Commerce Kalthoum Ben Rejeb a annonc\u00e9 aujourd\u2019hui, port\u00e9 plainte contre le journaliste pour atteinte \u00e0 un fonctionnaire public conform\u00e9ment au d\u00e9...","canonical":"https:\/\/www.webdo.tn\/fr\/actualite\/national\/zied-el-heni-condamne-a-six-mois-de-prison-avec-sursis\/211453\/","og_locale":"fr_FR","og_type":"article","og_title":"Zied El-Heni condamn\u00e9 \u00e0 six mois de prison avec sursis","og_description":"La ministre du Commerce Kalthoum Ben Rejeb a annonc\u00e9 aujourd\u2019hui, port\u00e9 plainte contre le journaliste pour atteinte \u00e0 un fonctionnaire public conform\u00e9ment au d\u00e9...","og_url":"https:\/\/www.webdo.tn\/fr\/actualite\/national\/zied-el-heni-condamne-a-six-mois-de-prison-avec-sursis\/211453\/","og_site_name":"webdo","article_publisher":"https:\/\/www.facebook.com\/webdotn","article_published_time":"2024-01-10T21:52:00+00:00","article_modified_time":"2025-05-20T22:55:38+00:00","og_image":[{"width":710,"height":379,"url":"https:\/\/www.webdo.tn\/fr\/wp-content\/uploads\/2024\/01\/a2d2e8176d797470d7562914633d1004.jpg","type":"image\/jpeg"}],"author":"WB","twitter_card":"summary_large_image","twitter_creator":"@webdo_tn","twitter_site":"@webdo_tn","twitter_misc":{"\u00c9crit par":"WB","Dur\u00e9e de lecture estim\u00e9e":"1 minute"},"schema":{"@context":"https:\/\/schema.org","@graph":[{"@type":"NewsArticle","@id":"https:\/\/www.webdo.tn\/fr\/actualite\/national\/zied-el-heni-condamne-a-six-mois-de-prison-avec-sursis\/211453\/#article","isPartOf":{"@id":"https:\/\/www.webdo.tn\/fr\/actualite\/national\/zied-el-heni-condamne-a-six-mois-de-prison-avec-sursis\/211453\/"},"author":{"name":"WB","@id":"https:\/\/www.webdo.tn\/fr\/#\/schema\/person\/f16bf91e3b3c6347371884777659f9d8"},"headline":"Zied El-Heni condamn\u00e9 \u00e0 six mois de prison avec sursis","datePublished":"2024-01-10T21:52:00+00:00","dateModified":"2025-05-20T22:55:38+00:00","mainEntityOfPage":{"@id":"https:\/\/www.webdo.tn\/fr\/actualite\/national\/zied-el-heni-condamne-a-six-mois-de-prison-avec-sursis\/211453\/"},"wordCount":154,"commentCount":0,"publisher":{"@id":"https:\/\/www.webdo.tn\/fr\/#organization"},"image":{"@id":"https:\/\/www.webdo.tn\/fr\/actualite\/national\/zied-el-heni-condamne-a-six-mois-de-prison-avec-sursis\/211453\/#primaryimage"},"thumbnailUrl":"https:\/\/www.webdo.tn\/fr\/wp-content\/uploads\/2024\/01\/a2d2e8176d797470d7562914633d1004.jpg","keywords":["cazi","outrage","Prison","Zied H\u00e9ni"],"articleSection":["National"],"inLanguage":"fr-FR"},{"@type":"WebPage","@id":"https:\/\/www.webdo.tn\/fr\/actualite\/national\/zied-el-heni-condamne-a-six-mois-de-prison-avec-sursis\/211453\/","url":"https:\/\/www.webdo.tn\/fr\/actualite\/national\/zied-el-heni-condamne-a-six-mois-de-prison-avec-sursis\/211453\/","name":"Zied El-Heni condamn\u00e9 \u00e0 six mois de prison avec sursis","isPartOf":{"@id":"https:\/\/www.webdo.tn\/fr\/#website"},"primaryImageOfPage":{"@id":"https:\/\/www.webdo.tn\/fr\/actualite\/national\/zied-el-heni-condamne-a-six-mois-de-prison-avec-sursis\/211453\/#primaryimage"},"image":{"@id":"https:\/\/www.webdo.tn\/fr\/actualite\/national\/zied-el-heni-condamne-a-six-mois-de-prison-avec-sursis\/211453\/#primaryimage"},"thumbnailUrl":"https:\/\/www.webdo.tn\/fr\/wp-content\/uploads\/2024\/01\/a2d2e8176d797470d7562914633d1004.jpg","datePublished":"2024-01-10T21:52:00+00:00","dateModified":"2025-05-20T22:55:38+00:00","description":"La ministre du Commerce Kalthoum Ben Rejeb a annonc\u00e9 aujourd\u2019hui, port\u00e9 plainte contre le journaliste pour atteinte \u00e0 un fonctionnaire public conform\u00e9ment au d\u00e9...","breadcrumb":{"@id":"https:\/\/www.webdo.tn\/fr\/actualite\/national\/zied-el-heni-condamne-a-six-mois-de-prison-avec-sursis\/211453\/#breadcrumb"},"inLanguage":"fr-FR","potentialAction":[{"@type":"ReadAction","target":["https:\/\/www.webdo.tn\/fr\/actualite\/national\/zied-el-heni-condamne-a-six-mois-de-prison-avec-sursis\/211453\/"]}]},{"@type":"ImageObject","inLanguage":"fr-FR","@id":"https:\/\/www.webdo.tn\/fr\/actualite\/national\/zied-el-heni-condamne-a-six-mois-de-prison-avec-sursis\/211453\/#primaryimage","url":"https:\/\/www.webdo.tn\/fr\/wp-content\/uploads\/2024\/01\/a2d2e8176d797470d7562914633d1004.jpg","contentUrl":"https:\/\/www.webdo.tn\/fr\/wp-content\/uploads\/2024\/01\/a2d2e8176d797470d7562914633d1004.jpg","width":710,"height":379,"caption":"zied elheni"},{"@type":"BreadcrumbList","@id":"https:\/\/www.webdo.tn\/fr\/actualite\/national\/zied-el-heni-condamne-a-six-mois-de-prison-avec-sursis\/211453\/#breadcrumb","itemListElement":[{"@type":"ListItem","position":1,"name":"Accueil","item":"https:\/\/www.webdo.tn\/fr\/"},{"@type":"ListItem","position":2,"name":"Zied El-Heni condamn\u00e9 \u00e0 six mois de prison avec sursis"}]},{"@type":"WebSite","@id":"https:\/\/www.webdo.tn\/fr\/#website","url":"https:\/\/www.webdo.tn\/fr\/","name":"webdo","description":"Tunisie - News en Tunisie et \u00e0 l&#039;international sur Webdo.tn","publisher":{"@id":"https:\/\/www.webdo.tn\/fr\/#organization"},"potentialAction":[{"@type":"SearchAction","target":{"@type":"EntryPoint","urlTemplate":"https:\/\/www.webdo.tn\/fr\/?s={search_term_string}"},"query-input":{"@type":"PropertyValueSpecification","valueRequired":true,"valueName":"search_term_string"}}],"inLanguage":"fr-FR"},{"@type":"Organization","@id":"https:\/\/www.webdo.tn\/fr\/#organization","name":"Webdo","alternateName":"Webdo.tn","url":"https:\/\/www.webdo.tn\/fr\/","logo":{"@type":"ImageObject","inLanguage":"fr-FR","@id":"https:\/\/www.webdo.tn\/fr\/#\/schema\/logo\/image\/","url":"https:\/\/www.webdo.tn\/fr\/wp-content\/uploads\/2025\/06\/Webdo-Tunisie_168377.jpg","contentUrl":"https:\/\/www.webdo.tn\/fr\/wp-content\/uploads\/2025\/06\/Webdo-Tunisie_168377.jpg","width":301,"height":301,"caption":"Webdo"},"image":{"@id":"https:\/\/www.webdo.tn\/fr\/#\/schema\/logo\/image\/"},"sameAs":["https:\/\/www.facebook.com\/webdotn","https:\/\/x.com\/webdo_tn"],"description":"Webdo est un m\u00e9dia num\u00e9rique tunisien fond\u00e9 en 2010, sp\u00e9cialis\u00e9 dans l\u2019actualit\u00e9 nationale et internationale, l\u2019\u00e9conomie, la soci\u00e9t\u00e9 et les analyses politiques. Le site s\u2019adresse \u00e0 un large public francophone et couvre l\u2019information tunisienne en temps r\u00e9el.","email":"redac@webdo.tn","legalName":"YNJ SARL","foundingDate":"2010-09-06","numberOfEmployees":{"@type":"QuantitativeValue","minValue":"11","maxValue":"50"}},{"@type":"Person","@id":"https:\/\/www.webdo.tn\/fr\/#\/schema\/person\/f16bf91e3b3c6347371884777659f9d8","name":"WB","image":{"@type":"ImageObject","inLanguage":"fr-FR","@id":"https:\/\/secure.gravatar.com\/avatar\/fd3caf00dbfd4b6d6ce43e8ea4748ed2e4d0fae2c3a87c1e2f6ba0a54c3ab5cb?s=96&d=mm&r=g","url":"https:\/\/secure.gravatar.com\/avatar\/fd3caf00dbfd4b6d6ce43e8ea4748ed2e4d0fae2c3a87c1e2f6ba0a54c3ab5cb?s=96&d=mm&r=g","contentUrl":"https:\/\/secure.gravatar.com\/avatar\/fd3caf00dbfd4b6d6ce43e8ea4748ed2e4d0fae2c3a87c1e2f6ba0a54c3ab5cb?s=96&d=mm&r=g","caption":"WB"},"url":"https:\/\/www.webdo.tn\/fr\/actualite\/author\/wb\/"}]}},"_links":{"self":[{"href":"https:\/\/www.webdo.tn\/fr\/wp-json\/wp\/v2\/posts\/211453","targetHints":{"allow":["GET"]}}],"collection":[{"href":"https:\/\/www.webdo.tn\/fr\/wp-json\/wp\/v2\/posts"}],"about":[{"href":"https:\/\/www.webdo.tn\/fr\/wp-json\/wp\/v2\/types\/post"}],"author":[{"embeddable":true,"href":"https:\/\/www.webdo.tn\/fr\/wp-json\/wp\/v2\/users\/3182"}],"replies":[{"embeddable":true,"href":"https:\/\/www.webdo.tn\/fr\/wp-json\/wp\/v2\/comments?post=211453"}],"version-history":[{"count":0,"href":"https:\/\/www.webdo.tn\/fr\/wp-json\/wp\/v2\/posts\/211453\/revisions"}],"wp:featuredmedia":[{"embeddable":true,"href":"https:\/\/www.webdo.tn\/fr\/wp-json\/wp\/v2\/media\/248270"}],"wp:attachment":[{"href":"https:\/\/www.webdo.tn\/fr\/wp-json\/wp\/v2\/media?parent=211453"}],"wp:term":[{"taxonomy":"category","embeddable":true,"href":"https:\/\/www.webdo.tn\/fr\/wp-json\/wp\/v2\/categories?post=211453"},{"taxonomy":"post_tag","embeddable":true,"href":"https:\/\/www.webdo.tn\/fr\/wp-json\/wp\/v2\/tags?post=211453"}],"curies":[{"name":"wp","href":"https:\/\/api.w.org\/{rel}","templated":true}]}}