{"id":211449,"date":"2024-01-10T20:04:00","date_gmt":"2024-01-10T20:04:00","guid":{"rendered":"https:\/\/www.webdo.tn\/fr\/blog\/medenine-un-6eme-mort-dans-l-alcool-frelate\/211449\/"},"modified":"2024-01-10T20:04:00","modified_gmt":"2024-01-10T20:04:00","slug":"medenine-un-6eme-mort-dans-l-alcool-frelate","status":"publish","type":"post","link":"https:\/\/www.webdo.tn\/fr\/actualite\/national\/medenine-un-6eme-mort-dans-l-alcool-frelate\/211449\/","title":{"rendered":"Tunisie : Un 6\u00e8me d\u00e9c\u00e8s dans l&rsquo;affaire de l&rsquo;alcool frelat\u00e9"},"content":{"rendered":"<p>Une des victime d&rsquo;intoxication, dues \u00e0 la consommation d&rsquo;alcool frelat\u00e9 dans la d\u00e9l\u00e9gation de Sidi Makhlouf \u00e0 M\u00e9denine, est d\u00e9c\u00e9d\u00e9e ce mercredi 10 janvier 2024, faisant alourdir encore plus le bilan qui compte d\u00e9sormais 6 morts.<\/p>\n<p>\t\t\t\t\t\t\t\t\tIl est \u00e0 rappeler que cette affaire a \u00e9clat\u00e9 samedi dernier quand\u00a0une cinquantaine de personnes ont \u00e9t\u00e9 intoxiqu\u00e9es apr\u00e8s avoir consomm\u00e9 de l&rsquo;alcool frelat\u00e9.<\/p>\n<p>Deux personnes accus\u00e9es d\u2019avoir fabriqu\u00e9 et distribu\u00e9\u00a0de l\u2019alcool frelat\u00e9 ont \u00e9t\u00e9 arr\u00eat\u00e9es et plac\u00e9es en garde \u00e0 vue.<\/p>\n<p>Le minist\u00e8re public a ordonn\u00e9 l\u2019ouverture d\u2019une enqu\u00eate pour \u00ab\u00a0meurtre pr\u00e9m\u00e9dit\u00e9\u00a0\u00bb.<\/p>\n","protected":false},"excerpt":{"rendered":"<p>Une des victime d&rsquo;intoxication, dues \u00e0 la consommation d&rsquo;alcool frelat\u00e9 dans la d\u00e9l\u00e9gation de Sidi Makhlouf \u00e0 M\u00e9denine, est d\u00e9c\u00e9d\u00e9e ce mercredi 10 janvier 2024,&#8230;<\/p>\n","protected":false},"author":3169,"featured_media":248274,"comment_status":"open","ping_status":"closed","sticky":false,"template":"","format":"standard","meta":{"footnotes":""},"categories":[44],"tags":[7211,5941,7212,2619,3873,2985,2608],"class_list":["post-211449","post","type-post","status-publish","format-standard","has-post-thumbnail","hentry","category-national","tag-alcool","tag-bilan","tag-frelate","tag-justice","tag-medenine","tag-mort","tag-tunisie"],"yoast_head":"<!-- This site is optimized with the Yoast SEO Premium plugin v27.4 (Yoast SEO v27.5) - https:\/\/yoast.com\/product\/yoast-seo-premium-wordpress\/ -->\n<title>Tunisie : Un 6\u00e8me d\u00e9c\u00e8s dans l&#039;affaire de l&#039;alcool frelat\u00e9<\/title>\n<meta name=\"description\" content=\"Une des victime d&#039;intoxication, dues \u00e0 la consommation d&#039;alcool frelat\u00e9 dans la d\u00e9l\u00e9gation de Sidi Makhlouf \u00e0 M\u00e9denine, est d\u00e9c\u00e9d\u00e9e ce mercredi 10 janvier 2024,...\" \/>\n<link rel=\"canonical\" href=\"https:\/\/www.webdo.tn\/fr\/actualite\/national\/medenine-un-6eme-mort-dans-l-alcool-frelate\/211449\/\" \/>\n<meta property=\"og:locale\" content=\"fr_FR\" \/>\n<meta property=\"og:type\" content=\"article\" \/>\n<meta property=\"og:title\" content=\"Tunisie : Un 6\u00e8me d\u00e9c\u00e8s dans l&#039;affaire de l&#039;alcool frelat\u00e9\" \/>\n<meta property=\"og:description\" content=\"Une des victime d&#039;intoxication, dues \u00e0 la consommation d&#039;alcool frelat\u00e9 dans la d\u00e9l\u00e9gation de Sidi Makhlouf \u00e0 M\u00e9denine, est d\u00e9c\u00e9d\u00e9e ce mercredi 10 janvier 2024,...\" \/>\n<meta property=\"og:url\" content=\"https:\/\/www.webdo.tn\/fr\/actualite\/national\/medenine-un-6eme-mort-dans-l-alcool-frelate\/211449\/\" \/>\n<meta property=\"og:site_name\" content=\"webdo\" \/>\n<meta property=\"article:publisher\" content=\"https:\/\/www.facebook.com\/webdotn\" \/>\n<meta property=\"article:published_time\" content=\"2024-01-10T20:04:00+00:00\" \/>\n<meta property=\"og:image\" content=\"https:\/\/www.webdo.tn\/fr\/wp-content\/uploads\/2024\/01\/abe4f3575fad253a39e389bd38d976ae.jpg\" \/>\n\t<meta property=\"og:image:width\" content=\"750\" \/>\n\t<meta property=\"og:image:height\" content=\"400\" \/>\n\t<meta property=\"og:image:type\" content=\"image\/jpeg\" \/>\n<meta name=\"author\" content=\"Webdo\" \/>\n<meta name=\"twitter:card\" content=\"summary_large_image\" \/>\n<meta name=\"twitter:creator\" content=\"@webdo_tn\" \/>\n<meta name=\"twitter:site\" content=\"@webdo_tn\" \/>\n<meta name=\"twitter:label1\" content=\"\u00c9crit par\" \/>\n\t<meta name=\"twitter:data1\" content=\"Webdo\" \/>\n\t<meta name=\"twitter:label2\" content=\"Dur\u00e9e de lecture estim\u00e9e\" \/>\n\t<meta name=\"twitter:data2\" content=\"1 minute\" \/>\n<script type=\"application\/ld+json\" class=\"yoast-schema-graph\">{\"@context\":\"https:\\\/\\\/schema.org\",\"@graph\":[{\"@type\":\"NewsArticle\",\"@id\":\"https:\\\/\\\/www.webdo.tn\\\/fr\\\/actualite\\\/national\\\/medenine-un-6eme-mort-dans-l-alcool-frelate\\\/211449\\\/#article\",\"isPartOf\":{\"@id\":\"https:\\\/\\\/www.webdo.tn\\\/fr\\\/actualite\\\/national\\\/medenine-un-6eme-mort-dans-l-alcool-frelate\\\/211449\\\/\"},\"author\":{\"name\":\"Webdo\",\"@id\":\"https:\\\/\\\/www.webdo.tn\\\/fr\\\/#\\\/schema\\\/person\\\/1f4e491e0907b413d61089e8eb573acc\"},\"headline\":\"Tunisie : Un 6\u00e8me d\u00e9c\u00e8s dans l&rsquo;affaire de l&rsquo;alcool frelat\u00e9\",\"datePublished\":\"2024-01-10T20:04:00+00:00\",\"mainEntityOfPage\":{\"@id\":\"https:\\\/\\\/www.webdo.tn\\\/fr\\\/actualite\\\/national\\\/medenine-un-6eme-mort-dans-l-alcool-frelate\\\/211449\\\/\"},\"wordCount\":121,\"commentCount\":0,\"publisher\":{\"@id\":\"https:\\\/\\\/www.webdo.tn\\\/fr\\\/#organization\"},\"image\":{\"@id\":\"https:\\\/\\\/www.webdo.tn\\\/fr\\\/actualite\\\/national\\\/medenine-un-6eme-mort-dans-l-alcool-frelate\\\/211449\\\/#primaryimage\"},\"thumbnailUrl\":\"https:\\\/\\\/www.webdo.tn\\\/fr\\\/wp-content\\\/uploads\\\/2024\\\/01\\\/abe4f3575fad253a39e389bd38d976ae.jpg\",\"keywords\":[\"alcool\",\"bilan\",\"frelat\u00e9\",\"justice\",\"m\u00e9denine\",\"mort\",\"Tunisie\"],\"articleSection\":[\"National\"],\"inLanguage\":\"fr-FR\"},{\"@type\":\"WebPage\",\"@id\":\"https:\\\/\\\/www.webdo.tn\\\/fr\\\/actualite\\\/national\\\/medenine-un-6eme-mort-dans-l-alcool-frelate\\\/211449\\\/\",\"url\":\"https:\\\/\\\/www.webdo.tn\\\/fr\\\/actualite\\\/national\\\/medenine-un-6eme-mort-dans-l-alcool-frelate\\\/211449\\\/\",\"name\":\"Tunisie : Un 6\u00e8me d\u00e9c\u00e8s dans l'affaire de l'alcool frelat\u00e9\",\"isPartOf\":{\"@id\":\"https:\\\/\\\/www.webdo.tn\\\/fr\\\/#website\"},\"primaryImageOfPage\":{\"@id\":\"https:\\\/\\\/www.webdo.tn\\\/fr\\\/actualite\\\/national\\\/medenine-un-6eme-mort-dans-l-alcool-frelate\\\/211449\\\/#primaryimage\"},\"image\":{\"@id\":\"https:\\\/\\\/www.webdo.tn\\\/fr\\\/actualite\\\/national\\\/medenine-un-6eme-mort-dans-l-alcool-frelate\\\/211449\\\/#primaryimage\"},\"thumbnailUrl\":\"https:\\\/\\\/www.webdo.tn\\\/fr\\\/wp-content\\\/uploads\\\/2024\\\/01\\\/abe4f3575fad253a39e389bd38d976ae.jpg\",\"datePublished\":\"2024-01-10T20:04:00+00:00\",\"description\":\"Une des victime d'intoxication, dues \u00e0 la consommation d'alcool frelat\u00e9 dans la d\u00e9l\u00e9gation de Sidi Makhlouf \u00e0 M\u00e9denine, est d\u00e9c\u00e9d\u00e9e ce mercredi 10 janvier 2024,...\",\"breadcrumb\":{\"@id\":\"https:\\\/\\\/www.webdo.tn\\\/fr\\\/actualite\\\/national\\\/medenine-un-6eme-mort-dans-l-alcool-frelate\\\/211449\\\/#breadcrumb\"},\"inLanguage\":\"fr-FR\",\"potentialAction\":[{\"@type\":\"ReadAction\",\"target\":[\"https:\\\/\\\/www.webdo.tn\\\/fr\\\/actualite\\\/national\\\/medenine-un-6eme-mort-dans-l-alcool-frelate\\\/211449\\\/\"]}]},{\"@type\":\"ImageObject\",\"inLanguage\":\"fr-FR\",\"@id\":\"https:\\\/\\\/www.webdo.tn\\\/fr\\\/actualite\\\/national\\\/medenine-un-6eme-mort-dans-l-alcool-frelate\\\/211449\\\/#primaryimage\",\"url\":\"https:\\\/\\\/www.webdo.tn\\\/fr\\\/wp-content\\\/uploads\\\/2024\\\/01\\\/abe4f3575fad253a39e389bd38d976ae.jpg\",\"contentUrl\":\"https:\\\/\\\/www.webdo.tn\\\/fr\\\/wp-content\\\/uploads\\\/2024\\\/01\\\/abe4f3575fad253a39e389bd38d976ae.jpg\",\"width\":750,\"height\":400,\"caption\":\"Tunisie : Un 6\u00e8me d\u00e9c\u00e8s dans l'affaire de l'alcool frelat\u00e9\"},{\"@type\":\"BreadcrumbList\",\"@id\":\"https:\\\/\\\/www.webdo.tn\\\/fr\\\/actualite\\\/national\\\/medenine-un-6eme-mort-dans-l-alcool-frelate\\\/211449\\\/#breadcrumb\",\"itemListElement\":[{\"@type\":\"ListItem\",\"position\":1,\"name\":\"Accueil\",\"item\":\"https:\\\/\\\/www.webdo.tn\\\/fr\\\/\"},{\"@type\":\"ListItem\",\"position\":2,\"name\":\"Tunisie : Un 6\u00e8me d\u00e9c\u00e8s dans l&#8217;affaire de l&#8217;alcool frelat\u00e9\"}]},{\"@type\":\"WebSite\",\"@id\":\"https:\\\/\\\/www.webdo.tn\\\/fr\\\/#website\",\"url\":\"https:\\\/\\\/www.webdo.tn\\\/fr\\\/\",\"name\":\"webdo\",\"description\":\"Tunisie - News en Tunisie et \u00e0 l&#039;international sur Webdo.tn\",\"publisher\":{\"@id\":\"https:\\\/\\\/www.webdo.tn\\\/fr\\\/#organization\"},\"potentialAction\":[{\"@type\":\"SearchAction\",\"target\":{\"@type\":\"EntryPoint\",\"urlTemplate\":\"https:\\\/\\\/www.webdo.tn\\\/fr\\\/?s={search_term_string}\"},\"query-input\":{\"@type\":\"PropertyValueSpecification\",\"valueRequired\":true,\"valueName\":\"search_term_string\"}}],\"inLanguage\":\"fr-FR\"},{\"@type\":\"Organization\",\"@id\":\"https:\\\/\\\/www.webdo.tn\\\/fr\\\/#organization\",\"name\":\"Webdo\",\"alternateName\":\"Webdo.tn\",\"url\":\"https:\\\/\\\/www.webdo.tn\\\/fr\\\/\",\"logo\":{\"@type\":\"ImageObject\",\"inLanguage\":\"fr-FR\",\"@id\":\"https:\\\/\\\/www.webdo.tn\\\/fr\\\/#\\\/schema\\\/logo\\\/image\\\/\",\"url\":\"https:\\\/\\\/www.webdo.tn\\\/fr\\\/wp-content\\\/uploads\\\/2025\\\/06\\\/Webdo-Tunisie_168377.jpg\",\"contentUrl\":\"https:\\\/\\\/www.webdo.tn\\\/fr\\\/wp-content\\\/uploads\\\/2025\\\/06\\\/Webdo-Tunisie_168377.jpg\",\"width\":301,\"height\":301,\"caption\":\"Webdo\"},\"image\":{\"@id\":\"https:\\\/\\\/www.webdo.tn\\\/fr\\\/#\\\/schema\\\/logo\\\/image\\\/\"},\"sameAs\":[\"https:\\\/\\\/www.facebook.com\\\/webdotn\",\"https:\\\/\\\/x.com\\\/webdo_tn\"],\"description\":\"Webdo est un m\u00e9dia num\u00e9rique tunisien fond\u00e9 en 2010, sp\u00e9cialis\u00e9 dans l\u2019actualit\u00e9 nationale et internationale, l\u2019\u00e9conomie, la soci\u00e9t\u00e9 et les analyses politiques. Le site s\u2019adresse \u00e0 un large public francophone et couvre l\u2019information tunisienne en temps r\u00e9el.\",\"email\":\"redac@webdo.tn\",\"legalName\":\"YNJ SARL\",\"foundingDate\":\"2010-09-06\",\"numberOfEmployees\":{\"@type\":\"QuantitativeValue\",\"minValue\":\"11\",\"maxValue\":\"50\"}},{\"@type\":\"Person\",\"@id\":\"https:\\\/\\\/www.webdo.tn\\\/fr\\\/#\\\/schema\\\/person\\\/1f4e491e0907b413d61089e8eb573acc\",\"name\":\"Webdo\",\"image\":{\"@type\":\"ImageObject\",\"inLanguage\":\"fr-FR\",\"@id\":\"https:\\\/\\\/secure.gravatar.com\\\/avatar\\\/de97aeec1bb80978a9dbb127e47dfc88aaacb2f3c29aac907d8d3222e3495d49?s=96&d=mm&r=g\",\"url\":\"https:\\\/\\\/secure.gravatar.com\\\/avatar\\\/de97aeec1bb80978a9dbb127e47dfc88aaacb2f3c29aac907d8d3222e3495d49?s=96&d=mm&r=g\",\"contentUrl\":\"https:\\\/\\\/secure.gravatar.com\\\/avatar\\\/de97aeec1bb80978a9dbb127e47dfc88aaacb2f3c29aac907d8d3222e3495d49?s=96&d=mm&r=g\",\"caption\":\"Webdo\"},\"url\":\"https:\\\/\\\/www.webdo.tn\\\/fr\\\/actualite\\\/author\\\/webdo\\\/\"}]}<\/script>\n<!-- \/ Yoast SEO Premium plugin. -->","yoast_head_json":{"title":"Tunisie : Un 6\u00e8me d\u00e9c\u00e8s dans l'affaire de l'alcool frelat\u00e9","description":"Une des victime d'intoxication, dues \u00e0 la consommation d'alcool frelat\u00e9 dans la d\u00e9l\u00e9gation de Sidi Makhlouf \u00e0 M\u00e9denine, est d\u00e9c\u00e9d\u00e9e ce mercredi 10 janvier 2024,...","canonical":"https:\/\/www.webdo.tn\/fr\/actualite\/national\/medenine-un-6eme-mort-dans-l-alcool-frelate\/211449\/","og_locale":"fr_FR","og_type":"article","og_title":"Tunisie : Un 6\u00e8me d\u00e9c\u00e8s dans l'affaire de l'alcool frelat\u00e9","og_description":"Une des victime d'intoxication, dues \u00e0 la consommation d'alcool frelat\u00e9 dans la d\u00e9l\u00e9gation de Sidi Makhlouf \u00e0 M\u00e9denine, est d\u00e9c\u00e9d\u00e9e ce mercredi 10 janvier 2024,...","og_url":"https:\/\/www.webdo.tn\/fr\/actualite\/national\/medenine-un-6eme-mort-dans-l-alcool-frelate\/211449\/","og_site_name":"webdo","article_publisher":"https:\/\/www.facebook.com\/webdotn","article_published_time":"2024-01-10T20:04:00+00:00","og_image":[{"width":750,"height":400,"url":"https:\/\/www.webdo.tn\/fr\/wp-content\/uploads\/2024\/01\/abe4f3575fad253a39e389bd38d976ae.jpg","type":"image\/jpeg"}],"author":"Webdo","twitter_card":"summary_large_image","twitter_creator":"@webdo_tn","twitter_site":"@webdo_tn","twitter_misc":{"\u00c9crit par":"Webdo","Dur\u00e9e de lecture estim\u00e9e":"1 minute"},"schema":{"@context":"https:\/\/schema.org","@graph":[{"@type":"NewsArticle","@id":"https:\/\/www.webdo.tn\/fr\/actualite\/national\/medenine-un-6eme-mort-dans-l-alcool-frelate\/211449\/#article","isPartOf":{"@id":"https:\/\/www.webdo.tn\/fr\/actualite\/national\/medenine-un-6eme-mort-dans-l-alcool-frelate\/211449\/"},"author":{"name":"Webdo","@id":"https:\/\/www.webdo.tn\/fr\/#\/schema\/person\/1f4e491e0907b413d61089e8eb573acc"},"headline":"Tunisie : Un 6\u00e8me d\u00e9c\u00e8s dans l&rsquo;affaire de l&rsquo;alcool frelat\u00e9","datePublished":"2024-01-10T20:04:00+00:00","mainEntityOfPage":{"@id":"https:\/\/www.webdo.tn\/fr\/actualite\/national\/medenine-un-6eme-mort-dans-l-alcool-frelate\/211449\/"},"wordCount":121,"commentCount":0,"publisher":{"@id":"https:\/\/www.webdo.tn\/fr\/#organization"},"image":{"@id":"https:\/\/www.webdo.tn\/fr\/actualite\/national\/medenine-un-6eme-mort-dans-l-alcool-frelate\/211449\/#primaryimage"},"thumbnailUrl":"https:\/\/www.webdo.tn\/fr\/wp-content\/uploads\/2024\/01\/abe4f3575fad253a39e389bd38d976ae.jpg","keywords":["alcool","bilan","frelat\u00e9","justice","m\u00e9denine","mort","Tunisie"],"articleSection":["National"],"inLanguage":"fr-FR"},{"@type":"WebPage","@id":"https:\/\/www.webdo.tn\/fr\/actualite\/national\/medenine-un-6eme-mort-dans-l-alcool-frelate\/211449\/","url":"https:\/\/www.webdo.tn\/fr\/actualite\/national\/medenine-un-6eme-mort-dans-l-alcool-frelate\/211449\/","name":"Tunisie : Un 6\u00e8me d\u00e9c\u00e8s dans l'affaire de l'alcool frelat\u00e9","isPartOf":{"@id":"https:\/\/www.webdo.tn\/fr\/#website"},"primaryImageOfPage":{"@id":"https:\/\/www.webdo.tn\/fr\/actualite\/national\/medenine-un-6eme-mort-dans-l-alcool-frelate\/211449\/#primaryimage"},"image":{"@id":"https:\/\/www.webdo.tn\/fr\/actualite\/national\/medenine-un-6eme-mort-dans-l-alcool-frelate\/211449\/#primaryimage"},"thumbnailUrl":"https:\/\/www.webdo.tn\/fr\/wp-content\/uploads\/2024\/01\/abe4f3575fad253a39e389bd38d976ae.jpg","datePublished":"2024-01-10T20:04:00+00:00","description":"Une des victime d'intoxication, dues \u00e0 la consommation d'alcool frelat\u00e9 dans la d\u00e9l\u00e9gation de Sidi Makhlouf \u00e0 M\u00e9denine, est d\u00e9c\u00e9d\u00e9e ce mercredi 10 janvier 2024,...","breadcrumb":{"@id":"https:\/\/www.webdo.tn\/fr\/actualite\/national\/medenine-un-6eme-mort-dans-l-alcool-frelate\/211449\/#breadcrumb"},"inLanguage":"fr-FR","potentialAction":[{"@type":"ReadAction","target":["https:\/\/www.webdo.tn\/fr\/actualite\/national\/medenine-un-6eme-mort-dans-l-alcool-frelate\/211449\/"]}]},{"@type":"ImageObject","inLanguage":"fr-FR","@id":"https:\/\/www.webdo.tn\/fr\/actualite\/national\/medenine-un-6eme-mort-dans-l-alcool-frelate\/211449\/#primaryimage","url":"https:\/\/www.webdo.tn\/fr\/wp-content\/uploads\/2024\/01\/abe4f3575fad253a39e389bd38d976ae.jpg","contentUrl":"https:\/\/www.webdo.tn\/fr\/wp-content\/uploads\/2024\/01\/abe4f3575fad253a39e389bd38d976ae.jpg","width":750,"height":400,"caption":"Tunisie : Un 6\u00e8me d\u00e9c\u00e8s dans l'affaire de l'alcool frelat\u00e9"},{"@type":"BreadcrumbList","@id":"https:\/\/www.webdo.tn\/fr\/actualite\/national\/medenine-un-6eme-mort-dans-l-alcool-frelate\/211449\/#breadcrumb","itemListElement":[{"@type":"ListItem","position":1,"name":"Accueil","item":"https:\/\/www.webdo.tn\/fr\/"},{"@type":"ListItem","position":2,"name":"Tunisie : Un 6\u00e8me d\u00e9c\u00e8s dans l&#8217;affaire de l&#8217;alcool frelat\u00e9"}]},{"@type":"WebSite","@id":"https:\/\/www.webdo.tn\/fr\/#website","url":"https:\/\/www.webdo.tn\/fr\/","name":"webdo","description":"Tunisie - News en Tunisie et \u00e0 l&#039;international sur Webdo.tn","publisher":{"@id":"https:\/\/www.webdo.tn\/fr\/#organization"},"potentialAction":[{"@type":"SearchAction","target":{"@type":"EntryPoint","urlTemplate":"https:\/\/www.webdo.tn\/fr\/?s={search_term_string}"},"query-input":{"@type":"PropertyValueSpecification","valueRequired":true,"valueName":"search_term_string"}}],"inLanguage":"fr-FR"},{"@type":"Organization","@id":"https:\/\/www.webdo.tn\/fr\/#organization","name":"Webdo","alternateName":"Webdo.tn","url":"https:\/\/www.webdo.tn\/fr\/","logo":{"@type":"ImageObject","inLanguage":"fr-FR","@id":"https:\/\/www.webdo.tn\/fr\/#\/schema\/logo\/image\/","url":"https:\/\/www.webdo.tn\/fr\/wp-content\/uploads\/2025\/06\/Webdo-Tunisie_168377.jpg","contentUrl":"https:\/\/www.webdo.tn\/fr\/wp-content\/uploads\/2025\/06\/Webdo-Tunisie_168377.jpg","width":301,"height":301,"caption":"Webdo"},"image":{"@id":"https:\/\/www.webdo.tn\/fr\/#\/schema\/logo\/image\/"},"sameAs":["https:\/\/www.facebook.com\/webdotn","https:\/\/x.com\/webdo_tn"],"description":"Webdo est un m\u00e9dia num\u00e9rique tunisien fond\u00e9 en 2010, sp\u00e9cialis\u00e9 dans l\u2019actualit\u00e9 nationale et internationale, l\u2019\u00e9conomie, la soci\u00e9t\u00e9 et les analyses politiques. Le site s\u2019adresse \u00e0 un large public francophone et couvre l\u2019information tunisienne en temps r\u00e9el.","email":"redac@webdo.tn","legalName":"YNJ SARL","foundingDate":"2010-09-06","numberOfEmployees":{"@type":"QuantitativeValue","minValue":"11","maxValue":"50"}},{"@type":"Person","@id":"https:\/\/www.webdo.tn\/fr\/#\/schema\/person\/1f4e491e0907b413d61089e8eb573acc","name":"Webdo","image":{"@type":"ImageObject","inLanguage":"fr-FR","@id":"https:\/\/secure.gravatar.com\/avatar\/de97aeec1bb80978a9dbb127e47dfc88aaacb2f3c29aac907d8d3222e3495d49?s=96&d=mm&r=g","url":"https:\/\/secure.gravatar.com\/avatar\/de97aeec1bb80978a9dbb127e47dfc88aaacb2f3c29aac907d8d3222e3495d49?s=96&d=mm&r=g","contentUrl":"https:\/\/secure.gravatar.com\/avatar\/de97aeec1bb80978a9dbb127e47dfc88aaacb2f3c29aac907d8d3222e3495d49?s=96&d=mm&r=g","caption":"Webdo"},"url":"https:\/\/www.webdo.tn\/fr\/actualite\/author\/webdo\/"}]}},"_links":{"self":[{"href":"https:\/\/www.webdo.tn\/fr\/wp-json\/wp\/v2\/posts\/211449","targetHints":{"allow":["GET"]}}],"collection":[{"href":"https:\/\/www.webdo.tn\/fr\/wp-json\/wp\/v2\/posts"}],"about":[{"href":"https:\/\/www.webdo.tn\/fr\/wp-json\/wp\/v2\/types\/post"}],"author":[{"embeddable":true,"href":"https:\/\/www.webdo.tn\/fr\/wp-json\/wp\/v2\/users\/3169"}],"replies":[{"embeddable":true,"href":"https:\/\/www.webdo.tn\/fr\/wp-json\/wp\/v2\/comments?post=211449"}],"version-history":[{"count":0,"href":"https:\/\/www.webdo.tn\/fr\/wp-json\/wp\/v2\/posts\/211449\/revisions"}],"wp:featuredmedia":[{"embeddable":true,"href":"https:\/\/www.webdo.tn\/fr\/wp-json\/wp\/v2\/media\/248274"}],"wp:attachment":[{"href":"https:\/\/www.webdo.tn\/fr\/wp-json\/wp\/v2\/media?parent=211449"}],"wp:term":[{"taxonomy":"category","embeddable":true,"href":"https:\/\/www.webdo.tn\/fr\/wp-json\/wp\/v2\/categories?post=211449"},{"taxonomy":"post_tag","embeddable":true,"href":"https:\/\/www.webdo.tn\/fr\/wp-json\/wp\/v2\/tags?post=211449"}],"curies":[{"name":"wp","href":"https:\/\/api.w.org\/{rel}","templated":true}]}}