{"id":211446,"date":"2024-01-10T18:25:00","date_gmt":"2024-01-10T18:25:00","guid":{"rendered":"https:\/\/www.webdo.tn\/fr\/blog\/tunisie-visite-du-ministre-chinois-des-affaires-etrangeres-du-14-au-16-janvier-prochains\/211446\/"},"modified":"2024-01-10T18:25:00","modified_gmt":"2024-01-10T18:25:00","slug":"tunisie-visite-du-ministre-chinois-des-affaires-etrangeres-du-14-au-16-janvier-prochains","status":"publish","type":"post","link":"https:\/\/www.webdo.tn\/fr\/actualite\/national\/tunisie-visite-du-ministre-chinois-des-affaires-etrangeres-du-14-au-16-janvier-prochains\/211446\/","title":{"rendered":"Tunisie : Visite du ministre chinois des Affaires \u00e9trang\u00e8res le 14  janvier prochain"},"content":{"rendered":"<p>Le ministre chinois des Affaires \u00e9trang\u00e8res, Wang Yi, sera en Tunisie les 14, 15 et 16 janvier prochains, pour une visite officielle selon le communiqu\u00e9 publi\u00e9 par le minist\u00e8re des Affaires \u00e9trang\u00e8res, ce mercredi 10 janvier 2024.<\/p>\n<p>\t\t\t\t\t\t\t\t\tSelon ledit communiqu\u00e9, la visite du ministre chinois\u00a0coincide avec le 60e anniversaire de l&rsquo;\u00e9tablissement des relations diplomatiques tuniso-chinoises (depuis le 10 janvier 1964). Un annniversaire \u00e0 l&rsquo;occasion duquel\u00a0duquel le ministre des Affaires \u00e9trang\u00e8res,\u00a0Nabil Ammar, a re\u00e7u\u00a0l&rsquo;ambassadeur de Chine \u00e0 Tunis, Li Wan.<\/p>\n<p>Les deux parties ont discut\u00e9, au cours de cette entrevue, des relations d&rsquo;amiti\u00e9 et de coop\u00e9ration entre les deux pays et des\u00a0pr\u00e9paratifs pour les \u00e9ch\u00e9ances bilat\u00e9rales \u00e0 venir.<\/p>\n","protected":false},"excerpt":{"rendered":"<p>Le ministre chinois des Affaires \u00e9trang\u00e8res, Wang Yi, sera en Tunisie les 14, 15 et 16 janvier prochains, pour une visite officielle selon le communiqu\u00e9 publi\u00e9&#8230;<\/p>\n","protected":false},"author":3169,"featured_media":248272,"comment_status":"open","ping_status":"closed","sticky":false,"template":"","format":"standard","meta":{"footnotes":""},"categories":[44],"tags":[3323,4477,2694,2732,2608,4154],"class_list":["post-211446","post","type-post","status-publish","format-standard","has-post-thumbnail","hentry","category-national","tag-affaires-etrangeres","tag-celebration","tag-chine","tag-cooperation","tag-tunisie","tag-visite"],"yoast_head":"<!-- This site is optimized with the Yoast SEO Premium plugin v27.5 (Yoast SEO v27.5) - https:\/\/yoast.com\/product\/yoast-seo-premium-wordpress\/ -->\n<title>Tunisie : Visite du ministre chinois des Affaires \u00e9trang\u00e8res le 14 janvier prochain<\/title>\n<meta name=\"description\" content=\"Le ministre chinois des Affaires \u00e9trang\u00e8res, Wang Yi, sera en Tunisie les 14, 15 et 16 janvier prochains, pour une visite officielle selon le communiqu\u00e9 publi\u00e9...\" \/>\n<link rel=\"canonical\" href=\"https:\/\/www.webdo.tn\/fr\/actualite\/national\/tunisie-visite-du-ministre-chinois-des-affaires-etrangeres-du-14-au-16-janvier-prochains\/211446\/\" \/>\n<meta property=\"og:locale\" content=\"fr_FR\" \/>\n<meta property=\"og:type\" content=\"article\" \/>\n<meta property=\"og:title\" content=\"Tunisie : Visite du ministre chinois des Affaires \u00e9trang\u00e8res le 14 janvier prochain\" \/>\n<meta property=\"og:description\" content=\"Le ministre chinois des Affaires \u00e9trang\u00e8res, Wang Yi, sera en Tunisie les 14, 15 et 16 janvier prochains, pour une visite officielle selon le communiqu\u00e9 publi\u00e9...\" \/>\n<meta property=\"og:url\" content=\"https:\/\/www.webdo.tn\/fr\/actualite\/national\/tunisie-visite-du-ministre-chinois-des-affaires-etrangeres-du-14-au-16-janvier-prochains\/211446\/\" \/>\n<meta property=\"og:site_name\" content=\"webdo\" \/>\n<meta property=\"article:publisher\" content=\"https:\/\/www.facebook.com\/webdotn\" \/>\n<meta property=\"article:published_time\" content=\"2024-01-10T18:25:00+00:00\" \/>\n<meta property=\"og:image\" content=\"https:\/\/www.webdo.tn\/fr\/wp-content\/uploads\/2024\/01\/781a0ed6304cad7c66971c6d76fea245.jpg\" \/>\n\t<meta property=\"og:image:width\" content=\"750\" \/>\n\t<meta property=\"og:image:height\" content=\"400\" \/>\n\t<meta property=\"og:image:type\" content=\"image\/jpeg\" \/>\n<meta name=\"author\" content=\"Webdo\" \/>\n<meta name=\"twitter:card\" content=\"summary_large_image\" \/>\n<meta name=\"twitter:creator\" content=\"@webdo_tn\" \/>\n<meta name=\"twitter:site\" content=\"@webdo_tn\" \/>\n<meta name=\"twitter:label1\" content=\"\u00c9crit par\" \/>\n\t<meta name=\"twitter:data1\" content=\"Webdo\" \/>\n\t<meta name=\"twitter:label2\" content=\"Dur\u00e9e de lecture estim\u00e9e\" \/>\n\t<meta name=\"twitter:data2\" content=\"1 minute\" \/>\n<script type=\"application\/ld+json\" class=\"yoast-schema-graph\">{\"@context\":\"https:\\\/\\\/schema.org\",\"@graph\":[{\"@type\":\"NewsArticle\",\"@id\":\"https:\\\/\\\/www.webdo.tn\\\/fr\\\/actualite\\\/national\\\/tunisie-visite-du-ministre-chinois-des-affaires-etrangeres-du-14-au-16-janvier-prochains\\\/211446\\\/#article\",\"isPartOf\":{\"@id\":\"https:\\\/\\\/www.webdo.tn\\\/fr\\\/actualite\\\/national\\\/tunisie-visite-du-ministre-chinois-des-affaires-etrangeres-du-14-au-16-janvier-prochains\\\/211446\\\/\"},\"author\":{\"name\":\"Webdo\",\"@id\":\"https:\\\/\\\/www.webdo.tn\\\/fr\\\/#\\\/schema\\\/person\\\/1f4e491e0907b413d61089e8eb573acc\"},\"headline\":\"Tunisie : Visite du ministre chinois des Affaires \u00e9trang\u00e8res le 14 janvier prochain\",\"datePublished\":\"2024-01-10T18:25:00+00:00\",\"mainEntityOfPage\":{\"@id\":\"https:\\\/\\\/www.webdo.tn\\\/fr\\\/actualite\\\/national\\\/tunisie-visite-du-ministre-chinois-des-affaires-etrangeres-du-14-au-16-janvier-prochains\\\/211446\\\/\"},\"wordCount\":127,\"commentCount\":0,\"publisher\":{\"@id\":\"https:\\\/\\\/www.webdo.tn\\\/fr\\\/#organization\"},\"image\":{\"@id\":\"https:\\\/\\\/www.webdo.tn\\\/fr\\\/actualite\\\/national\\\/tunisie-visite-du-ministre-chinois-des-affaires-etrangeres-du-14-au-16-janvier-prochains\\\/211446\\\/#primaryimage\"},\"thumbnailUrl\":\"https:\\\/\\\/www.webdo.tn\\\/fr\\\/wp-content\\\/uploads\\\/2024\\\/01\\\/781a0ed6304cad7c66971c6d76fea245.jpg\",\"keywords\":[\"affaires \u00e9trang\u00e8res\",\"c\u00e9l\u00e9bration\",\"chine\",\"coop\u00e9ration\",\"Tunisie\",\"visite\"],\"articleSection\":[\"National\"],\"inLanguage\":\"fr-FR\"},{\"@type\":\"WebPage\",\"@id\":\"https:\\\/\\\/www.webdo.tn\\\/fr\\\/actualite\\\/national\\\/tunisie-visite-du-ministre-chinois-des-affaires-etrangeres-du-14-au-16-janvier-prochains\\\/211446\\\/\",\"url\":\"https:\\\/\\\/www.webdo.tn\\\/fr\\\/actualite\\\/national\\\/tunisie-visite-du-ministre-chinois-des-affaires-etrangeres-du-14-au-16-janvier-prochains\\\/211446\\\/\",\"name\":\"Tunisie : Visite du ministre chinois des Affaires \u00e9trang\u00e8res le 14 janvier prochain\",\"isPartOf\":{\"@id\":\"https:\\\/\\\/www.webdo.tn\\\/fr\\\/#website\"},\"primaryImageOfPage\":{\"@id\":\"https:\\\/\\\/www.webdo.tn\\\/fr\\\/actualite\\\/national\\\/tunisie-visite-du-ministre-chinois-des-affaires-etrangeres-du-14-au-16-janvier-prochains\\\/211446\\\/#primaryimage\"},\"image\":{\"@id\":\"https:\\\/\\\/www.webdo.tn\\\/fr\\\/actualite\\\/national\\\/tunisie-visite-du-ministre-chinois-des-affaires-etrangeres-du-14-au-16-janvier-prochains\\\/211446\\\/#primaryimage\"},\"thumbnailUrl\":\"https:\\\/\\\/www.webdo.tn\\\/fr\\\/wp-content\\\/uploads\\\/2024\\\/01\\\/781a0ed6304cad7c66971c6d76fea245.jpg\",\"datePublished\":\"2024-01-10T18:25:00+00:00\",\"description\":\"Le ministre chinois des Affaires \u00e9trang\u00e8res, Wang Yi, sera en Tunisie les 14, 15 et 16 janvier prochains, pour une visite officielle selon le communiqu\u00e9 publi\u00e9...\",\"breadcrumb\":{\"@id\":\"https:\\\/\\\/www.webdo.tn\\\/fr\\\/actualite\\\/national\\\/tunisie-visite-du-ministre-chinois-des-affaires-etrangeres-du-14-au-16-janvier-prochains\\\/211446\\\/#breadcrumb\"},\"inLanguage\":\"fr-FR\",\"potentialAction\":[{\"@type\":\"ReadAction\",\"target\":[\"https:\\\/\\\/www.webdo.tn\\\/fr\\\/actualite\\\/national\\\/tunisie-visite-du-ministre-chinois-des-affaires-etrangeres-du-14-au-16-janvier-prochains\\\/211446\\\/\"]}]},{\"@type\":\"ImageObject\",\"inLanguage\":\"fr-FR\",\"@id\":\"https:\\\/\\\/www.webdo.tn\\\/fr\\\/actualite\\\/national\\\/tunisie-visite-du-ministre-chinois-des-affaires-etrangeres-du-14-au-16-janvier-prochains\\\/211446\\\/#primaryimage\",\"url\":\"https:\\\/\\\/www.webdo.tn\\\/fr\\\/wp-content\\\/uploads\\\/2024\\\/01\\\/781a0ed6304cad7c66971c6d76fea245.jpg\",\"contentUrl\":\"https:\\\/\\\/www.webdo.tn\\\/fr\\\/wp-content\\\/uploads\\\/2024\\\/01\\\/781a0ed6304cad7c66971c6d76fea245.jpg\",\"width\":750,\"height\":400,\"caption\":\"Tunisie : Visite du ministre chinois des Affaires \u00e9trang\u00e8res le 14 janvier prochain\"},{\"@type\":\"BreadcrumbList\",\"@id\":\"https:\\\/\\\/www.webdo.tn\\\/fr\\\/actualite\\\/national\\\/tunisie-visite-du-ministre-chinois-des-affaires-etrangeres-du-14-au-16-janvier-prochains\\\/211446\\\/#breadcrumb\",\"itemListElement\":[{\"@type\":\"ListItem\",\"position\":1,\"name\":\"Accueil\",\"item\":\"https:\\\/\\\/www.webdo.tn\\\/fr\\\/\"},{\"@type\":\"ListItem\",\"position\":2,\"name\":\"Tunisie : Visite du ministre chinois des Affaires \u00e9trang\u00e8res le 14 janvier prochain\"}]},{\"@type\":\"WebSite\",\"@id\":\"https:\\\/\\\/www.webdo.tn\\\/fr\\\/#website\",\"url\":\"https:\\\/\\\/www.webdo.tn\\\/fr\\\/\",\"name\":\"webdo\",\"description\":\"Tunisie - News en Tunisie et \u00e0 l&#039;international sur Webdo.tn\",\"publisher\":{\"@id\":\"https:\\\/\\\/www.webdo.tn\\\/fr\\\/#organization\"},\"potentialAction\":[{\"@type\":\"SearchAction\",\"target\":{\"@type\":\"EntryPoint\",\"urlTemplate\":\"https:\\\/\\\/www.webdo.tn\\\/fr\\\/?s={search_term_string}\"},\"query-input\":{\"@type\":\"PropertyValueSpecification\",\"valueRequired\":true,\"valueName\":\"search_term_string\"}}],\"inLanguage\":\"fr-FR\"},{\"@type\":\"Organization\",\"@id\":\"https:\\\/\\\/www.webdo.tn\\\/fr\\\/#organization\",\"name\":\"Webdo\",\"alternateName\":\"Webdo.tn\",\"url\":\"https:\\\/\\\/www.webdo.tn\\\/fr\\\/\",\"logo\":{\"@type\":\"ImageObject\",\"inLanguage\":\"fr-FR\",\"@id\":\"https:\\\/\\\/www.webdo.tn\\\/fr\\\/#\\\/schema\\\/logo\\\/image\\\/\",\"url\":\"https:\\\/\\\/www.webdo.tn\\\/fr\\\/wp-content\\\/uploads\\\/2025\\\/06\\\/Webdo-Tunisie_168377.jpg\",\"contentUrl\":\"https:\\\/\\\/www.webdo.tn\\\/fr\\\/wp-content\\\/uploads\\\/2025\\\/06\\\/Webdo-Tunisie_168377.jpg\",\"width\":301,\"height\":301,\"caption\":\"Webdo\"},\"image\":{\"@id\":\"https:\\\/\\\/www.webdo.tn\\\/fr\\\/#\\\/schema\\\/logo\\\/image\\\/\"},\"sameAs\":[\"https:\\\/\\\/www.facebook.com\\\/webdotn\",\"https:\\\/\\\/x.com\\\/webdo_tn\"],\"description\":\"Webdo est un m\u00e9dia num\u00e9rique tunisien fond\u00e9 en 2010, sp\u00e9cialis\u00e9 dans l\u2019actualit\u00e9 nationale et internationale, l\u2019\u00e9conomie, la soci\u00e9t\u00e9 et les analyses politiques. Le site s\u2019adresse \u00e0 un large public francophone et couvre l\u2019information tunisienne en temps r\u00e9el.\",\"email\":\"redac@webdo.tn\",\"legalName\":\"YNJ SARL\",\"foundingDate\":\"2010-09-06\",\"numberOfEmployees\":{\"@type\":\"QuantitativeValue\",\"minValue\":\"11\",\"maxValue\":\"50\"}},{\"@type\":\"Person\",\"@id\":\"https:\\\/\\\/www.webdo.tn\\\/fr\\\/#\\\/schema\\\/person\\\/1f4e491e0907b413d61089e8eb573acc\",\"name\":\"Webdo\",\"image\":{\"@type\":\"ImageObject\",\"inLanguage\":\"fr-FR\",\"@id\":\"https:\\\/\\\/secure.gravatar.com\\\/avatar\\\/de97aeec1bb80978a9dbb127e47dfc88aaacb2f3c29aac907d8d3222e3495d49?s=96&d=mm&r=g\",\"url\":\"https:\\\/\\\/secure.gravatar.com\\\/avatar\\\/de97aeec1bb80978a9dbb127e47dfc88aaacb2f3c29aac907d8d3222e3495d49?s=96&d=mm&r=g\",\"contentUrl\":\"https:\\\/\\\/secure.gravatar.com\\\/avatar\\\/de97aeec1bb80978a9dbb127e47dfc88aaacb2f3c29aac907d8d3222e3495d49?s=96&d=mm&r=g\",\"caption\":\"Webdo\"},\"url\":\"https:\\\/\\\/www.webdo.tn\\\/fr\\\/actualite\\\/author\\\/webdo\\\/\"}]}<\/script>\n<!-- \/ Yoast SEO Premium plugin. -->","yoast_head_json":{"title":"Tunisie : Visite du ministre chinois des Affaires \u00e9trang\u00e8res le 14 janvier prochain","description":"Le ministre chinois des Affaires \u00e9trang\u00e8res, Wang Yi, sera en Tunisie les 14, 15 et 16 janvier prochains, pour une visite officielle selon le communiqu\u00e9 publi\u00e9...","canonical":"https:\/\/www.webdo.tn\/fr\/actualite\/national\/tunisie-visite-du-ministre-chinois-des-affaires-etrangeres-du-14-au-16-janvier-prochains\/211446\/","og_locale":"fr_FR","og_type":"article","og_title":"Tunisie : Visite du ministre chinois des Affaires \u00e9trang\u00e8res le 14 janvier prochain","og_description":"Le ministre chinois des Affaires \u00e9trang\u00e8res, Wang Yi, sera en Tunisie les 14, 15 et 16 janvier prochains, pour une visite officielle selon le communiqu\u00e9 publi\u00e9...","og_url":"https:\/\/www.webdo.tn\/fr\/actualite\/national\/tunisie-visite-du-ministre-chinois-des-affaires-etrangeres-du-14-au-16-janvier-prochains\/211446\/","og_site_name":"webdo","article_publisher":"https:\/\/www.facebook.com\/webdotn","article_published_time":"2024-01-10T18:25:00+00:00","og_image":[{"width":750,"height":400,"url":"https:\/\/www.webdo.tn\/fr\/wp-content\/uploads\/2024\/01\/781a0ed6304cad7c66971c6d76fea245.jpg","type":"image\/jpeg"}],"author":"Webdo","twitter_card":"summary_large_image","twitter_creator":"@webdo_tn","twitter_site":"@webdo_tn","twitter_misc":{"\u00c9crit par":"Webdo","Dur\u00e9e de lecture estim\u00e9e":"1 minute"},"schema":{"@context":"https:\/\/schema.org","@graph":[{"@type":"NewsArticle","@id":"https:\/\/www.webdo.tn\/fr\/actualite\/national\/tunisie-visite-du-ministre-chinois-des-affaires-etrangeres-du-14-au-16-janvier-prochains\/211446\/#article","isPartOf":{"@id":"https:\/\/www.webdo.tn\/fr\/actualite\/national\/tunisie-visite-du-ministre-chinois-des-affaires-etrangeres-du-14-au-16-janvier-prochains\/211446\/"},"author":{"name":"Webdo","@id":"https:\/\/www.webdo.tn\/fr\/#\/schema\/person\/1f4e491e0907b413d61089e8eb573acc"},"headline":"Tunisie : Visite du ministre chinois des Affaires \u00e9trang\u00e8res le 14 janvier prochain","datePublished":"2024-01-10T18:25:00+00:00","mainEntityOfPage":{"@id":"https:\/\/www.webdo.tn\/fr\/actualite\/national\/tunisie-visite-du-ministre-chinois-des-affaires-etrangeres-du-14-au-16-janvier-prochains\/211446\/"},"wordCount":127,"commentCount":0,"publisher":{"@id":"https:\/\/www.webdo.tn\/fr\/#organization"},"image":{"@id":"https:\/\/www.webdo.tn\/fr\/actualite\/national\/tunisie-visite-du-ministre-chinois-des-affaires-etrangeres-du-14-au-16-janvier-prochains\/211446\/#primaryimage"},"thumbnailUrl":"https:\/\/www.webdo.tn\/fr\/wp-content\/uploads\/2024\/01\/781a0ed6304cad7c66971c6d76fea245.jpg","keywords":["affaires \u00e9trang\u00e8res","c\u00e9l\u00e9bration","chine","coop\u00e9ration","Tunisie","visite"],"articleSection":["National"],"inLanguage":"fr-FR"},{"@type":"WebPage","@id":"https:\/\/www.webdo.tn\/fr\/actualite\/national\/tunisie-visite-du-ministre-chinois-des-affaires-etrangeres-du-14-au-16-janvier-prochains\/211446\/","url":"https:\/\/www.webdo.tn\/fr\/actualite\/national\/tunisie-visite-du-ministre-chinois-des-affaires-etrangeres-du-14-au-16-janvier-prochains\/211446\/","name":"Tunisie : Visite du ministre chinois des Affaires \u00e9trang\u00e8res le 14 janvier prochain","isPartOf":{"@id":"https:\/\/www.webdo.tn\/fr\/#website"},"primaryImageOfPage":{"@id":"https:\/\/www.webdo.tn\/fr\/actualite\/national\/tunisie-visite-du-ministre-chinois-des-affaires-etrangeres-du-14-au-16-janvier-prochains\/211446\/#primaryimage"},"image":{"@id":"https:\/\/www.webdo.tn\/fr\/actualite\/national\/tunisie-visite-du-ministre-chinois-des-affaires-etrangeres-du-14-au-16-janvier-prochains\/211446\/#primaryimage"},"thumbnailUrl":"https:\/\/www.webdo.tn\/fr\/wp-content\/uploads\/2024\/01\/781a0ed6304cad7c66971c6d76fea245.jpg","datePublished":"2024-01-10T18:25:00+00:00","description":"Le ministre chinois des Affaires \u00e9trang\u00e8res, Wang Yi, sera en Tunisie les 14, 15 et 16 janvier prochains, pour une visite officielle selon le communiqu\u00e9 publi\u00e9...","breadcrumb":{"@id":"https:\/\/www.webdo.tn\/fr\/actualite\/national\/tunisie-visite-du-ministre-chinois-des-affaires-etrangeres-du-14-au-16-janvier-prochains\/211446\/#breadcrumb"},"inLanguage":"fr-FR","potentialAction":[{"@type":"ReadAction","target":["https:\/\/www.webdo.tn\/fr\/actualite\/national\/tunisie-visite-du-ministre-chinois-des-affaires-etrangeres-du-14-au-16-janvier-prochains\/211446\/"]}]},{"@type":"ImageObject","inLanguage":"fr-FR","@id":"https:\/\/www.webdo.tn\/fr\/actualite\/national\/tunisie-visite-du-ministre-chinois-des-affaires-etrangeres-du-14-au-16-janvier-prochains\/211446\/#primaryimage","url":"https:\/\/www.webdo.tn\/fr\/wp-content\/uploads\/2024\/01\/781a0ed6304cad7c66971c6d76fea245.jpg","contentUrl":"https:\/\/www.webdo.tn\/fr\/wp-content\/uploads\/2024\/01\/781a0ed6304cad7c66971c6d76fea245.jpg","width":750,"height":400,"caption":"Tunisie : Visite du ministre chinois des Affaires \u00e9trang\u00e8res le 14 janvier prochain"},{"@type":"BreadcrumbList","@id":"https:\/\/www.webdo.tn\/fr\/actualite\/national\/tunisie-visite-du-ministre-chinois-des-affaires-etrangeres-du-14-au-16-janvier-prochains\/211446\/#breadcrumb","itemListElement":[{"@type":"ListItem","position":1,"name":"Accueil","item":"https:\/\/www.webdo.tn\/fr\/"},{"@type":"ListItem","position":2,"name":"Tunisie : Visite du ministre chinois des Affaires \u00e9trang\u00e8res le 14 janvier prochain"}]},{"@type":"WebSite","@id":"https:\/\/www.webdo.tn\/fr\/#website","url":"https:\/\/www.webdo.tn\/fr\/","name":"webdo","description":"Tunisie - News en Tunisie et \u00e0 l&#039;international sur Webdo.tn","publisher":{"@id":"https:\/\/www.webdo.tn\/fr\/#organization"},"potentialAction":[{"@type":"SearchAction","target":{"@type":"EntryPoint","urlTemplate":"https:\/\/www.webdo.tn\/fr\/?s={search_term_string}"},"query-input":{"@type":"PropertyValueSpecification","valueRequired":true,"valueName":"search_term_string"}}],"inLanguage":"fr-FR"},{"@type":"Organization","@id":"https:\/\/www.webdo.tn\/fr\/#organization","name":"Webdo","alternateName":"Webdo.tn","url":"https:\/\/www.webdo.tn\/fr\/","logo":{"@type":"ImageObject","inLanguage":"fr-FR","@id":"https:\/\/www.webdo.tn\/fr\/#\/schema\/logo\/image\/","url":"https:\/\/www.webdo.tn\/fr\/wp-content\/uploads\/2025\/06\/Webdo-Tunisie_168377.jpg","contentUrl":"https:\/\/www.webdo.tn\/fr\/wp-content\/uploads\/2025\/06\/Webdo-Tunisie_168377.jpg","width":301,"height":301,"caption":"Webdo"},"image":{"@id":"https:\/\/www.webdo.tn\/fr\/#\/schema\/logo\/image\/"},"sameAs":["https:\/\/www.facebook.com\/webdotn","https:\/\/x.com\/webdo_tn"],"description":"Webdo est un m\u00e9dia num\u00e9rique tunisien fond\u00e9 en 2010, sp\u00e9cialis\u00e9 dans l\u2019actualit\u00e9 nationale et internationale, l\u2019\u00e9conomie, la soci\u00e9t\u00e9 et les analyses politiques. Le site s\u2019adresse \u00e0 un large public francophone et couvre l\u2019information tunisienne en temps r\u00e9el.","email":"redac@webdo.tn","legalName":"YNJ SARL","foundingDate":"2010-09-06","numberOfEmployees":{"@type":"QuantitativeValue","minValue":"11","maxValue":"50"}},{"@type":"Person","@id":"https:\/\/www.webdo.tn\/fr\/#\/schema\/person\/1f4e491e0907b413d61089e8eb573acc","name":"Webdo","image":{"@type":"ImageObject","inLanguage":"fr-FR","@id":"https:\/\/secure.gravatar.com\/avatar\/de97aeec1bb80978a9dbb127e47dfc88aaacb2f3c29aac907d8d3222e3495d49?s=96&d=mm&r=g","url":"https:\/\/secure.gravatar.com\/avatar\/de97aeec1bb80978a9dbb127e47dfc88aaacb2f3c29aac907d8d3222e3495d49?s=96&d=mm&r=g","contentUrl":"https:\/\/secure.gravatar.com\/avatar\/de97aeec1bb80978a9dbb127e47dfc88aaacb2f3c29aac907d8d3222e3495d49?s=96&d=mm&r=g","caption":"Webdo"},"url":"https:\/\/www.webdo.tn\/fr\/actualite\/author\/webdo\/"}]}},"_links":{"self":[{"href":"https:\/\/www.webdo.tn\/fr\/wp-json\/wp\/v2\/posts\/211446","targetHints":{"allow":["GET"]}}],"collection":[{"href":"https:\/\/www.webdo.tn\/fr\/wp-json\/wp\/v2\/posts"}],"about":[{"href":"https:\/\/www.webdo.tn\/fr\/wp-json\/wp\/v2\/types\/post"}],"author":[{"embeddable":true,"href":"https:\/\/www.webdo.tn\/fr\/wp-json\/wp\/v2\/users\/3169"}],"replies":[{"embeddable":true,"href":"https:\/\/www.webdo.tn\/fr\/wp-json\/wp\/v2\/comments?post=211446"}],"version-history":[{"count":0,"href":"https:\/\/www.webdo.tn\/fr\/wp-json\/wp\/v2\/posts\/211446\/revisions"}],"wp:featuredmedia":[{"embeddable":true,"href":"https:\/\/www.webdo.tn\/fr\/wp-json\/wp\/v2\/media\/248272"}],"wp:attachment":[{"href":"https:\/\/www.webdo.tn\/fr\/wp-json\/wp\/v2\/media?parent=211446"}],"wp:term":[{"taxonomy":"category","embeddable":true,"href":"https:\/\/www.webdo.tn\/fr\/wp-json\/wp\/v2\/categories?post=211446"},{"taxonomy":"post_tag","embeddable":true,"href":"https:\/\/www.webdo.tn\/fr\/wp-json\/wp\/v2\/tags?post=211446"}],"curies":[{"name":"wp","href":"https:\/\/api.w.org\/{rel}","templated":true}]}}