{"id":211443,"date":"2024-01-10T15:28:00","date_gmt":"2024-01-10T15:28:00","guid":{"rendered":"https:\/\/www.webdo.tn\/fr\/blog\/23-357-morts-et-59-410-blesses-a-gaza\/211443\/"},"modified":"2025-05-20T21:53:59","modified_gmt":"2025-05-20T21:53:59","slug":"23-357-morts-et-59-410-blesses-a-gaza","status":"publish","type":"post","link":"https:\/\/www.webdo.tn\/fr\/actualite\/international\/23-357-morts-et-59-410-blesses-a-gaza\/211443\/","title":{"rendered":"23.357 morts et 59.410 bless\u00e9s \u00e0 Gaza"},"content":{"rendered":"<p>Le minist\u00e8re palestinien de la Sant\u00e9 annonce un nouveau bilan des victimes d&rsquo;Isra\u00ebl dans la bande de Gaza.<\/p>\n<p>\t\t\t\t\t\t\t\t\tLe minist\u00e8re palestinien de la Sant\u00e9 a annonc\u00e9, ce mercredi 10 janvier 2024, un bilan actualis\u00e9 de 23.357 personnes tu\u00e9es dans la bande de Gaza depuis le d\u00e9but de la guerre, le 7 octobre dernier.<\/p>\n<p>Outre ces pr\u00e8s de 24.000 martyrs, la m\u00eame source a fait \u00e9galement \u00e9tat de 59.410 bless\u00e9s. Les personnes tu\u00e9es sont en majorit\u00e9 des femmes, des adolescents et des enfants.<\/p>\n","protected":false},"excerpt":{"rendered":"<p>Le minist\u00e8re palestinien de la Sant\u00e9 a annonc\u00e9, ce mercredi 10 janvier 2024, un bilan actualis\u00e9 de 23.357 personnes tu\u00e9es dans la bande de Gaza depuis le d\u00e9but&#8230;<\/p>\n","protected":false},"author":3162,"featured_media":248267,"comment_status":"open","ping_status":"closed","sticky":false,"template":"","format":"standard","meta":{"footnotes":""},"categories":[2598],"tags":[2928,2689,4472],"class_list":["post-211443","post","type-post","status-publish","format-standard","has-post-thumbnail","hentry","category-international","tag-blesses","tag-gaza","tag-martyrs"],"yoast_head":"<!-- This site is optimized with the Yoast SEO Premium plugin v27.4 (Yoast SEO v27.5) - https:\/\/yoast.com\/product\/yoast-seo-premium-wordpress\/ -->\n<title>23.357 morts et 59.410 bless\u00e9s \u00e0 Gaza<\/title>\n<meta name=\"description\" content=\"Le minist\u00e8re palestinien de la Sant\u00e9 a annonc\u00e9, ce mercredi 10 janvier 2024, un bilan actualis\u00e9 de 23.357 personnes tu\u00e9es dans la bande de Gaza depuis le d\u00e9but...\" \/>\n<link rel=\"canonical\" href=\"https:\/\/www.webdo.tn\/fr\/actualite\/international\/23-357-morts-et-59-410-blesses-a-gaza\/211443\/\" \/>\n<meta property=\"og:locale\" content=\"fr_FR\" \/>\n<meta property=\"og:type\" content=\"article\" \/>\n<meta property=\"og:title\" content=\"23.357 morts et 59.410 bless\u00e9s \u00e0 Gaza\" \/>\n<meta property=\"og:description\" content=\"Le minist\u00e8re palestinien de la Sant\u00e9 a annonc\u00e9, ce mercredi 10 janvier 2024, un bilan actualis\u00e9 de 23.357 personnes tu\u00e9es dans la bande de Gaza depuis le d\u00e9but...\" \/>\n<meta property=\"og:url\" content=\"https:\/\/www.webdo.tn\/fr\/actualite\/international\/23-357-morts-et-59-410-blesses-a-gaza\/211443\/\" \/>\n<meta property=\"og:site_name\" content=\"webdo\" \/>\n<meta property=\"article:publisher\" content=\"https:\/\/www.facebook.com\/webdotn\" \/>\n<meta property=\"article:published_time\" content=\"2024-01-10T15:28:00+00:00\" \/>\n<meta property=\"article:modified_time\" content=\"2025-05-20T21:53:59+00:00\" \/>\n<meta property=\"og:image\" content=\"https:\/\/www.webdo.tn\/fr\/wp-content\/uploads\/2024\/01\/5bd04983591403df964f31c3039a5756.jpg\" \/>\n\t<meta property=\"og:image:width\" content=\"750\" \/>\n\t<meta property=\"og:image:height\" content=\"400\" \/>\n\t<meta property=\"og:image:type\" content=\"image\/jpeg\" \/>\n<meta name=\"author\" content=\"MC\" \/>\n<meta name=\"twitter:card\" content=\"summary_large_image\" \/>\n<meta name=\"twitter:creator\" content=\"@webdo_tn\" \/>\n<meta name=\"twitter:site\" content=\"@webdo_tn\" \/>\n<meta name=\"twitter:label1\" content=\"\u00c9crit par\" \/>\n\t<meta name=\"twitter:data1\" content=\"MC\" \/>\n<script type=\"application\/ld+json\" class=\"yoast-schema-graph\">{\"@context\":\"https:\\\/\\\/schema.org\",\"@graph\":[{\"@type\":\"NewsArticle\",\"@id\":\"https:\\\/\\\/www.webdo.tn\\\/fr\\\/actualite\\\/international\\\/23-357-morts-et-59-410-blesses-a-gaza\\\/211443\\\/#article\",\"isPartOf\":{\"@id\":\"https:\\\/\\\/www.webdo.tn\\\/fr\\\/actualite\\\/international\\\/23-357-morts-et-59-410-blesses-a-gaza\\\/211443\\\/\"},\"author\":{\"name\":\"MC\",\"@id\":\"https:\\\/\\\/www.webdo.tn\\\/fr\\\/#\\\/schema\\\/person\\\/2c4929cbf5a809e3bd38617c6ce150f6\"},\"headline\":\"23.357 morts et 59.410 bless\u00e9s \u00e0 Gaza\",\"datePublished\":\"2024-01-10T15:28:00+00:00\",\"dateModified\":\"2025-05-20T21:53:59+00:00\",\"mainEntityOfPage\":{\"@id\":\"https:\\\/\\\/www.webdo.tn\\\/fr\\\/actualite\\\/international\\\/23-357-morts-et-59-410-blesses-a-gaza\\\/211443\\\/\"},\"wordCount\":91,\"commentCount\":0,\"publisher\":{\"@id\":\"https:\\\/\\\/www.webdo.tn\\\/fr\\\/#organization\"},\"image\":{\"@id\":\"https:\\\/\\\/www.webdo.tn\\\/fr\\\/actualite\\\/international\\\/23-357-morts-et-59-410-blesses-a-gaza\\\/211443\\\/#primaryimage\"},\"thumbnailUrl\":\"https:\\\/\\\/www.webdo.tn\\\/fr\\\/wp-content\\\/uploads\\\/2024\\\/01\\\/5bd04983591403df964f31c3039a5756.jpg\",\"keywords\":[\"bless\u00e9s\",\"Gaza\",\"Martyrs\"],\"articleSection\":[\"International\"],\"inLanguage\":\"fr-FR\"},{\"@type\":\"WebPage\",\"@id\":\"https:\\\/\\\/www.webdo.tn\\\/fr\\\/actualite\\\/international\\\/23-357-morts-et-59-410-blesses-a-gaza\\\/211443\\\/\",\"url\":\"https:\\\/\\\/www.webdo.tn\\\/fr\\\/actualite\\\/international\\\/23-357-morts-et-59-410-blesses-a-gaza\\\/211443\\\/\",\"name\":\"23.357 morts et 59.410 bless\u00e9s \u00e0 Gaza\",\"isPartOf\":{\"@id\":\"https:\\\/\\\/www.webdo.tn\\\/fr\\\/#website\"},\"primaryImageOfPage\":{\"@id\":\"https:\\\/\\\/www.webdo.tn\\\/fr\\\/actualite\\\/international\\\/23-357-morts-et-59-410-blesses-a-gaza\\\/211443\\\/#primaryimage\"},\"image\":{\"@id\":\"https:\\\/\\\/www.webdo.tn\\\/fr\\\/actualite\\\/international\\\/23-357-morts-et-59-410-blesses-a-gaza\\\/211443\\\/#primaryimage\"},\"thumbnailUrl\":\"https:\\\/\\\/www.webdo.tn\\\/fr\\\/wp-content\\\/uploads\\\/2024\\\/01\\\/5bd04983591403df964f31c3039a5756.jpg\",\"datePublished\":\"2024-01-10T15:28:00+00:00\",\"dateModified\":\"2025-05-20T21:53:59+00:00\",\"description\":\"Le minist\u00e8re palestinien de la Sant\u00e9 a annonc\u00e9, ce mercredi 10 janvier 2024, un bilan actualis\u00e9 de 23.357 personnes tu\u00e9es dans la bande de Gaza depuis le d\u00e9but...\",\"breadcrumb\":{\"@id\":\"https:\\\/\\\/www.webdo.tn\\\/fr\\\/actualite\\\/international\\\/23-357-morts-et-59-410-blesses-a-gaza\\\/211443\\\/#breadcrumb\"},\"inLanguage\":\"fr-FR\",\"potentialAction\":[{\"@type\":\"ReadAction\",\"target\":[\"https:\\\/\\\/www.webdo.tn\\\/fr\\\/actualite\\\/international\\\/23-357-morts-et-59-410-blesses-a-gaza\\\/211443\\\/\"]}]},{\"@type\":\"ImageObject\",\"inLanguage\":\"fr-FR\",\"@id\":\"https:\\\/\\\/www.webdo.tn\\\/fr\\\/actualite\\\/international\\\/23-357-morts-et-59-410-blesses-a-gaza\\\/211443\\\/#primaryimage\",\"url\":\"https:\\\/\\\/www.webdo.tn\\\/fr\\\/wp-content\\\/uploads\\\/2024\\\/01\\\/5bd04983591403df964f31c3039a5756.jpg\",\"contentUrl\":\"https:\\\/\\\/www.webdo.tn\\\/fr\\\/wp-content\\\/uploads\\\/2024\\\/01\\\/5bd04983591403df964f31c3039a5756.jpg\",\"width\":750,\"height\":400,\"caption\":\"23.357 morts et 59.410 bless\u00e9s \u00e0 Gaza\"},{\"@type\":\"BreadcrumbList\",\"@id\":\"https:\\\/\\\/www.webdo.tn\\\/fr\\\/actualite\\\/international\\\/23-357-morts-et-59-410-blesses-a-gaza\\\/211443\\\/#breadcrumb\",\"itemListElement\":[{\"@type\":\"ListItem\",\"position\":1,\"name\":\"Accueil\",\"item\":\"https:\\\/\\\/www.webdo.tn\\\/fr\\\/\"},{\"@type\":\"ListItem\",\"position\":2,\"name\":\"23.357 morts et 59.410 bless\u00e9s \u00e0 Gaza\"}]},{\"@type\":\"WebSite\",\"@id\":\"https:\\\/\\\/www.webdo.tn\\\/fr\\\/#website\",\"url\":\"https:\\\/\\\/www.webdo.tn\\\/fr\\\/\",\"name\":\"webdo\",\"description\":\"Tunisie - News en Tunisie et \u00e0 l&#039;international sur Webdo.tn\",\"publisher\":{\"@id\":\"https:\\\/\\\/www.webdo.tn\\\/fr\\\/#organization\"},\"potentialAction\":[{\"@type\":\"SearchAction\",\"target\":{\"@type\":\"EntryPoint\",\"urlTemplate\":\"https:\\\/\\\/www.webdo.tn\\\/fr\\\/?s={search_term_string}\"},\"query-input\":{\"@type\":\"PropertyValueSpecification\",\"valueRequired\":true,\"valueName\":\"search_term_string\"}}],\"inLanguage\":\"fr-FR\"},{\"@type\":\"Organization\",\"@id\":\"https:\\\/\\\/www.webdo.tn\\\/fr\\\/#organization\",\"name\":\"Webdo\",\"alternateName\":\"Webdo.tn\",\"url\":\"https:\\\/\\\/www.webdo.tn\\\/fr\\\/\",\"logo\":{\"@type\":\"ImageObject\",\"inLanguage\":\"fr-FR\",\"@id\":\"https:\\\/\\\/www.webdo.tn\\\/fr\\\/#\\\/schema\\\/logo\\\/image\\\/\",\"url\":\"https:\\\/\\\/www.webdo.tn\\\/fr\\\/wp-content\\\/uploads\\\/2025\\\/06\\\/Webdo-Tunisie_168377.jpg\",\"contentUrl\":\"https:\\\/\\\/www.webdo.tn\\\/fr\\\/wp-content\\\/uploads\\\/2025\\\/06\\\/Webdo-Tunisie_168377.jpg\",\"width\":301,\"height\":301,\"caption\":\"Webdo\"},\"image\":{\"@id\":\"https:\\\/\\\/www.webdo.tn\\\/fr\\\/#\\\/schema\\\/logo\\\/image\\\/\"},\"sameAs\":[\"https:\\\/\\\/www.facebook.com\\\/webdotn\",\"https:\\\/\\\/x.com\\\/webdo_tn\"],\"description\":\"Webdo est un m\u00e9dia num\u00e9rique tunisien fond\u00e9 en 2010, sp\u00e9cialis\u00e9 dans l\u2019actualit\u00e9 nationale et internationale, l\u2019\u00e9conomie, la soci\u00e9t\u00e9 et les analyses politiques. Le site s\u2019adresse \u00e0 un large public francophone et couvre l\u2019information tunisienne en temps r\u00e9el.\",\"email\":\"redac@webdo.tn\",\"legalName\":\"YNJ SARL\",\"foundingDate\":\"2010-09-06\",\"numberOfEmployees\":{\"@type\":\"QuantitativeValue\",\"minValue\":\"11\",\"maxValue\":\"50\"}},{\"@type\":\"Person\",\"@id\":\"https:\\\/\\\/www.webdo.tn\\\/fr\\\/#\\\/schema\\\/person\\\/2c4929cbf5a809e3bd38617c6ce150f6\",\"name\":\"MC\",\"image\":{\"@type\":\"ImageObject\",\"inLanguage\":\"fr-FR\",\"@id\":\"https:\\\/\\\/secure.gravatar.com\\\/avatar\\\/a545bbb6f84efdd5553dbbc2895e3ca8f1d12c5215e00a041c9670b54aa9b18a?s=96&d=mm&r=g\",\"url\":\"https:\\\/\\\/secure.gravatar.com\\\/avatar\\\/a545bbb6f84efdd5553dbbc2895e3ca8f1d12c5215e00a041c9670b54aa9b18a?s=96&d=mm&r=g\",\"contentUrl\":\"https:\\\/\\\/secure.gravatar.com\\\/avatar\\\/a545bbb6f84efdd5553dbbc2895e3ca8f1d12c5215e00a041c9670b54aa9b18a?s=96&d=mm&r=g\",\"caption\":\"MC\"},\"url\":\"https:\\\/\\\/www.webdo.tn\\\/fr\\\/actualite\\\/author\\\/mc\\\/\"}]}<\/script>\n<!-- \/ Yoast SEO Premium plugin. -->","yoast_head_json":{"title":"23.357 morts et 59.410 bless\u00e9s \u00e0 Gaza","description":"Le minist\u00e8re palestinien de la Sant\u00e9 a annonc\u00e9, ce mercredi 10 janvier 2024, un bilan actualis\u00e9 de 23.357 personnes tu\u00e9es dans la bande de Gaza depuis le d\u00e9but...","canonical":"https:\/\/www.webdo.tn\/fr\/actualite\/international\/23-357-morts-et-59-410-blesses-a-gaza\/211443\/","og_locale":"fr_FR","og_type":"article","og_title":"23.357 morts et 59.410 bless\u00e9s \u00e0 Gaza","og_description":"Le minist\u00e8re palestinien de la Sant\u00e9 a annonc\u00e9, ce mercredi 10 janvier 2024, un bilan actualis\u00e9 de 23.357 personnes tu\u00e9es dans la bande de Gaza depuis le d\u00e9but...","og_url":"https:\/\/www.webdo.tn\/fr\/actualite\/international\/23-357-morts-et-59-410-blesses-a-gaza\/211443\/","og_site_name":"webdo","article_publisher":"https:\/\/www.facebook.com\/webdotn","article_published_time":"2024-01-10T15:28:00+00:00","article_modified_time":"2025-05-20T21:53:59+00:00","og_image":[{"width":750,"height":400,"url":"https:\/\/www.webdo.tn\/fr\/wp-content\/uploads\/2024\/01\/5bd04983591403df964f31c3039a5756.jpg","type":"image\/jpeg"}],"author":"MC","twitter_card":"summary_large_image","twitter_creator":"@webdo_tn","twitter_site":"@webdo_tn","twitter_misc":{"\u00c9crit par":"MC"},"schema":{"@context":"https:\/\/schema.org","@graph":[{"@type":"NewsArticle","@id":"https:\/\/www.webdo.tn\/fr\/actualite\/international\/23-357-morts-et-59-410-blesses-a-gaza\/211443\/#article","isPartOf":{"@id":"https:\/\/www.webdo.tn\/fr\/actualite\/international\/23-357-morts-et-59-410-blesses-a-gaza\/211443\/"},"author":{"name":"MC","@id":"https:\/\/www.webdo.tn\/fr\/#\/schema\/person\/2c4929cbf5a809e3bd38617c6ce150f6"},"headline":"23.357 morts et 59.410 bless\u00e9s \u00e0 Gaza","datePublished":"2024-01-10T15:28:00+00:00","dateModified":"2025-05-20T21:53:59+00:00","mainEntityOfPage":{"@id":"https:\/\/www.webdo.tn\/fr\/actualite\/international\/23-357-morts-et-59-410-blesses-a-gaza\/211443\/"},"wordCount":91,"commentCount":0,"publisher":{"@id":"https:\/\/www.webdo.tn\/fr\/#organization"},"image":{"@id":"https:\/\/www.webdo.tn\/fr\/actualite\/international\/23-357-morts-et-59-410-blesses-a-gaza\/211443\/#primaryimage"},"thumbnailUrl":"https:\/\/www.webdo.tn\/fr\/wp-content\/uploads\/2024\/01\/5bd04983591403df964f31c3039a5756.jpg","keywords":["bless\u00e9s","Gaza","Martyrs"],"articleSection":["International"],"inLanguage":"fr-FR"},{"@type":"WebPage","@id":"https:\/\/www.webdo.tn\/fr\/actualite\/international\/23-357-morts-et-59-410-blesses-a-gaza\/211443\/","url":"https:\/\/www.webdo.tn\/fr\/actualite\/international\/23-357-morts-et-59-410-blesses-a-gaza\/211443\/","name":"23.357 morts et 59.410 bless\u00e9s \u00e0 Gaza","isPartOf":{"@id":"https:\/\/www.webdo.tn\/fr\/#website"},"primaryImageOfPage":{"@id":"https:\/\/www.webdo.tn\/fr\/actualite\/international\/23-357-morts-et-59-410-blesses-a-gaza\/211443\/#primaryimage"},"image":{"@id":"https:\/\/www.webdo.tn\/fr\/actualite\/international\/23-357-morts-et-59-410-blesses-a-gaza\/211443\/#primaryimage"},"thumbnailUrl":"https:\/\/www.webdo.tn\/fr\/wp-content\/uploads\/2024\/01\/5bd04983591403df964f31c3039a5756.jpg","datePublished":"2024-01-10T15:28:00+00:00","dateModified":"2025-05-20T21:53:59+00:00","description":"Le minist\u00e8re palestinien de la Sant\u00e9 a annonc\u00e9, ce mercredi 10 janvier 2024, un bilan actualis\u00e9 de 23.357 personnes tu\u00e9es dans la bande de Gaza depuis le d\u00e9but...","breadcrumb":{"@id":"https:\/\/www.webdo.tn\/fr\/actualite\/international\/23-357-morts-et-59-410-blesses-a-gaza\/211443\/#breadcrumb"},"inLanguage":"fr-FR","potentialAction":[{"@type":"ReadAction","target":["https:\/\/www.webdo.tn\/fr\/actualite\/international\/23-357-morts-et-59-410-blesses-a-gaza\/211443\/"]}]},{"@type":"ImageObject","inLanguage":"fr-FR","@id":"https:\/\/www.webdo.tn\/fr\/actualite\/international\/23-357-morts-et-59-410-blesses-a-gaza\/211443\/#primaryimage","url":"https:\/\/www.webdo.tn\/fr\/wp-content\/uploads\/2024\/01\/5bd04983591403df964f31c3039a5756.jpg","contentUrl":"https:\/\/www.webdo.tn\/fr\/wp-content\/uploads\/2024\/01\/5bd04983591403df964f31c3039a5756.jpg","width":750,"height":400,"caption":"23.357 morts et 59.410 bless\u00e9s \u00e0 Gaza"},{"@type":"BreadcrumbList","@id":"https:\/\/www.webdo.tn\/fr\/actualite\/international\/23-357-morts-et-59-410-blesses-a-gaza\/211443\/#breadcrumb","itemListElement":[{"@type":"ListItem","position":1,"name":"Accueil","item":"https:\/\/www.webdo.tn\/fr\/"},{"@type":"ListItem","position":2,"name":"23.357 morts et 59.410 bless\u00e9s \u00e0 Gaza"}]},{"@type":"WebSite","@id":"https:\/\/www.webdo.tn\/fr\/#website","url":"https:\/\/www.webdo.tn\/fr\/","name":"webdo","description":"Tunisie - News en Tunisie et \u00e0 l&#039;international sur Webdo.tn","publisher":{"@id":"https:\/\/www.webdo.tn\/fr\/#organization"},"potentialAction":[{"@type":"SearchAction","target":{"@type":"EntryPoint","urlTemplate":"https:\/\/www.webdo.tn\/fr\/?s={search_term_string}"},"query-input":{"@type":"PropertyValueSpecification","valueRequired":true,"valueName":"search_term_string"}}],"inLanguage":"fr-FR"},{"@type":"Organization","@id":"https:\/\/www.webdo.tn\/fr\/#organization","name":"Webdo","alternateName":"Webdo.tn","url":"https:\/\/www.webdo.tn\/fr\/","logo":{"@type":"ImageObject","inLanguage":"fr-FR","@id":"https:\/\/www.webdo.tn\/fr\/#\/schema\/logo\/image\/","url":"https:\/\/www.webdo.tn\/fr\/wp-content\/uploads\/2025\/06\/Webdo-Tunisie_168377.jpg","contentUrl":"https:\/\/www.webdo.tn\/fr\/wp-content\/uploads\/2025\/06\/Webdo-Tunisie_168377.jpg","width":301,"height":301,"caption":"Webdo"},"image":{"@id":"https:\/\/www.webdo.tn\/fr\/#\/schema\/logo\/image\/"},"sameAs":["https:\/\/www.facebook.com\/webdotn","https:\/\/x.com\/webdo_tn"],"description":"Webdo est un m\u00e9dia num\u00e9rique tunisien fond\u00e9 en 2010, sp\u00e9cialis\u00e9 dans l\u2019actualit\u00e9 nationale et internationale, l\u2019\u00e9conomie, la soci\u00e9t\u00e9 et les analyses politiques. Le site s\u2019adresse \u00e0 un large public francophone et couvre l\u2019information tunisienne en temps r\u00e9el.","email":"redac@webdo.tn","legalName":"YNJ SARL","foundingDate":"2010-09-06","numberOfEmployees":{"@type":"QuantitativeValue","minValue":"11","maxValue":"50"}},{"@type":"Person","@id":"https:\/\/www.webdo.tn\/fr\/#\/schema\/person\/2c4929cbf5a809e3bd38617c6ce150f6","name":"MC","image":{"@type":"ImageObject","inLanguage":"fr-FR","@id":"https:\/\/secure.gravatar.com\/avatar\/a545bbb6f84efdd5553dbbc2895e3ca8f1d12c5215e00a041c9670b54aa9b18a?s=96&d=mm&r=g","url":"https:\/\/secure.gravatar.com\/avatar\/a545bbb6f84efdd5553dbbc2895e3ca8f1d12c5215e00a041c9670b54aa9b18a?s=96&d=mm&r=g","contentUrl":"https:\/\/secure.gravatar.com\/avatar\/a545bbb6f84efdd5553dbbc2895e3ca8f1d12c5215e00a041c9670b54aa9b18a?s=96&d=mm&r=g","caption":"MC"},"url":"https:\/\/www.webdo.tn\/fr\/actualite\/author\/mc\/"}]}},"_links":{"self":[{"href":"https:\/\/www.webdo.tn\/fr\/wp-json\/wp\/v2\/posts\/211443","targetHints":{"allow":["GET"]}}],"collection":[{"href":"https:\/\/www.webdo.tn\/fr\/wp-json\/wp\/v2\/posts"}],"about":[{"href":"https:\/\/www.webdo.tn\/fr\/wp-json\/wp\/v2\/types\/post"}],"author":[{"embeddable":true,"href":"https:\/\/www.webdo.tn\/fr\/wp-json\/wp\/v2\/users\/3162"}],"replies":[{"embeddable":true,"href":"https:\/\/www.webdo.tn\/fr\/wp-json\/wp\/v2\/comments?post=211443"}],"version-history":[{"count":0,"href":"https:\/\/www.webdo.tn\/fr\/wp-json\/wp\/v2\/posts\/211443\/revisions"}],"wp:featuredmedia":[{"embeddable":true,"href":"https:\/\/www.webdo.tn\/fr\/wp-json\/wp\/v2\/media\/248267"}],"wp:attachment":[{"href":"https:\/\/www.webdo.tn\/fr\/wp-json\/wp\/v2\/media?parent=211443"}],"wp:term":[{"taxonomy":"category","embeddable":true,"href":"https:\/\/www.webdo.tn\/fr\/wp-json\/wp\/v2\/categories?post=211443"},{"taxonomy":"post_tag","embeddable":true,"href":"https:\/\/www.webdo.tn\/fr\/wp-json\/wp\/v2\/tags?post=211443"}],"curies":[{"name":"wp","href":"https:\/\/api.w.org\/{rel}","templated":true}]}}