{"id":211439,"date":"2024-01-10T13:50:00","date_gmt":"2024-01-10T13:50:00","guid":{"rendered":"https:\/\/www.webdo.tn\/fr\/blog\/tunisie-wadii-jary-adresse-une-deuxieme-lettre-ouverte-a-kais-saied\/211439\/"},"modified":"2025-05-20T21:53:59","modified_gmt":"2025-05-20T21:53:59","slug":"tunisie-wadii-jary-adresse-une-deuxieme-lettre-ouverte-a-kais-saied","status":"publish","type":"post","link":"https:\/\/www.webdo.tn\/fr\/actualite\/sport\/tunisie-wadii-jary-adresse-une-deuxieme-lettre-ouverte-a-kais-saied\/211439\/","title":{"rendered":"Tunisie : Wadii Jary adresse une deuxi\u00e8me lettre ouverte \u00e0 Kais Saied"},"content":{"rendered":"<p>Arr\u00eat\u00e9 le 26 octobre dernier pour soup\u00e7ons de corruption financi\u00e8re et faisant l\u2019objet de deux mandats de d\u00e9p\u00f4t, le pr\u00e9sident de la FTF a adress\u00e9, hier, une lettre ouverte au pr\u00e9sident de la R\u00e9publique Kais Saied. Il r\u00e9cidive, aujourd\u2019hui en publiant sur sa page Facebook une deuxi\u00e8me lettre ouverte adress\u00e9e au Chef de l\u2019Etat.<\/p>\n<p>\t\t\t\t\t\t\t\t\tLe pr\u00e9sident de la F\u00e9d\u00e9ration tunisienne de football (FTF), Wadii Jary, fait l\u2019objet de deux mandats de d\u00e9p\u00f4t. Le premier a \u00e9t\u00e9 \u00e9mis \u00e0 son encontre le 26 octobre 2023 sur fond de suspicions de corruption concernant la signature d&rsquo;un contrat entre la FTF et un ancien directeur technique.<\/p>\n<p>Affaire pour laquelle Wadii Jary avait \u00e9t\u00e9 auditionn\u00e9 une premi\u00e8re fois \u00e0 El Gorjani, le 30 ao\u00fbt 2023 et avait \u00e9t\u00e9 maintenu en \u00e9tat de libert\u00e9, \u00e0 cette \u00e9poque.<\/p>\n<p>Mais, le pr\u00e9sident de la FTF est aussi accus\u00e9 de \u00ab\u00a0malversation de deniers publics mis \u00e0 sa disposition, en relation avec des caract\u00e9ristiques de son poste\u00a0\u00bb. Le juge d&rsquo;instruction a \u00e9mis un mandat de d\u00e9p\u00f4t contre Wadi Jary, le 28 novembre dernier dans le cadre de cette affaire.<\/p>\n<p>Cette affaire est en rapport avec une plainte d\u00e9pos\u00e9e par le minist\u00e8re de la Jeunesse et des sports contre le pr\u00e9sident de la FTF, au sujet de fonds de la Conf\u00e9d\u00e9ration africaine de football (CAF).<\/p>\n<p>Apr\u00e8s la lettre ouverte adress\u00e9e, hier au pr\u00e9sident de la R\u00e9publique, Wadii Jary publie, sur sa page Facebook, une deuxi\u00e8me lettre adress\u00e9e \u00e0 Kais Saied. Et comme pour la premi\u00e8re, il fait d\u2019abord une longue pr\u00e9sentation de sa personne, de sa r\u00e9ussite, de ses dipl\u00f4mes, de son CV, etc.<\/p>\n<p>Dans cette deuxi\u00e8me correspondance, il s\u2019interroge pourquoi apr\u00e8s toutes les r\u00e9ussites connues, certains comme le ministre de la Jeunesse et des Sports, Kamel Deguiche, lui mettent des b\u00e2tons dans les roues.<\/p>\n<p>\u00ab\u00a0Monsieur le Pr\u00e9sident de la R\u00e9publique, le ministre de la Jeunesse et des Sports, Kamel Deguiche, a d\u00e9pos\u00e9 une plainte concernant la participation de la Tunisie \u00e0 une comp\u00e9tition internationale \u00e0 vocation sportive et sociale organis\u00e9e pour la premi\u00e8re fois par la Conf\u00e9d\u00e9ration africaine de football.<\/p>\n<p>Les accusations suivantes ont \u00e9t\u00e9 port\u00e9es contre moi :<\/p>\n<p>\tSaisie et cession ill\u00e9gale de la subvention transf\u00e9r\u00e9e de la CAF aux \u00e9coles tunisiennes.<br \/>\n\tFalsification de documents.<br \/>\n\tAbus de confiance pour non distribution de 1000 ballons et 300 dossards aux \u00e9coles tunisiennes.<\/p>\n<p>La situation est la suivante :<\/p>\n<p>\tLa CAF n&rsquo;a transf\u00e9r\u00e9 aucun fonds au profit des \u00e9coles tunisiennes, ce que confirme la correspondance re\u00e7ue de la Conf\u00e9d\u00e9ration africaine. La CAF ne transf\u00e9rera aucune somme \u00e0 aucune f\u00e9d\u00e9ration africaine car elle a d\u00e9cid\u00e9 de traiter directement avec les fournisseurs.<br \/>\n\tIl n\u2019existe aucun document falsifi\u00e9 portant mon nom ou ma signature, ni aucune correspondance, quelle qu&rsquo;en soit la nature, papier, \u00e9lectronique ou autre, \u00e9mise par moi ou venant de moi.<br \/>\n\tConcernant l&rsquo;abus de confiance li\u00e9 aux 1000 ballons et 300 dossards offerts par la CAF, je confirme que la CAF a envoy\u00e9 \u00e0 la FTF, et non aux \u00e9coles, un don de 1000 ballons et 300 dossards, et le pr\u00e9sident de la FTF n&rsquo;a aucune relation ni trace \u00e9crite quant \u00e0 savoir si ce cadeau a \u00e9t\u00e9 re\u00e7u, stock\u00e9 ou distribu\u00e9, ce qui est prouv\u00e9 par tous les documents administratifs.<\/p>\n<p>Etc\u2026\u00a0\u00bb<\/p>\n","protected":false},"excerpt":{"rendered":"<p>Apr\u00e8s la lettre ouverte adress\u00e9e, hier au pr\u00e9sident de la R\u00e9publique, Wadii Jary publie, sur sa page Facebook, une deuxi\u00e8me lettre adress\u00e9e \u00e0 Kais Saied. Et com&#8230;<\/p>\n","protected":false},"author":3162,"featured_media":248268,"comment_status":"open","ping_status":"closed","sticky":false,"template":"","format":"standard","meta":{"footnotes":""},"categories":[2593],"tags":[3135,3728,2614,7203,7204,3937],"class_list":["post-211439","post","type-post","status-publish","format-standard","has-post-thumbnail","hentry","category-sport","tag-caf","tag-ftf","tag-kais-saied","tag-kamel-deguiche","tag-lettre-ouverte","tag-wadii-jary"],"yoast_head":"<!-- This site is optimized with the Yoast SEO Premium plugin v27.5 (Yoast SEO v27.5) - https:\/\/yoast.com\/product\/yoast-seo-premium-wordpress\/ -->\n<title>Tunisie : Wadii Jary adresse une deuxi\u00e8me lettre ouverte \u00e0 Kais Saied<\/title>\n<meta name=\"description\" content=\"Apr\u00e8s la lettre ouverte adress\u00e9e, hier au pr\u00e9sident de la R\u00e9publique, Wadii Jary publie, sur sa page Facebook, une deuxi\u00e8me lettre adress\u00e9e \u00e0 Kais Saied. Et com...\" \/>\n<link rel=\"canonical\" href=\"https:\/\/www.webdo.tn\/fr\/actualite\/sport\/tunisie-wadii-jary-adresse-une-deuxieme-lettre-ouverte-a-kais-saied\/211439\/\" \/>\n<meta property=\"og:locale\" content=\"fr_FR\" \/>\n<meta property=\"og:type\" content=\"article\" \/>\n<meta property=\"og:title\" content=\"Tunisie : Wadii Jary adresse une deuxi\u00e8me lettre ouverte \u00e0 Kais Saied\" \/>\n<meta property=\"og:description\" content=\"Apr\u00e8s la lettre ouverte adress\u00e9e, hier au pr\u00e9sident de la R\u00e9publique, Wadii Jary publie, sur sa page Facebook, une deuxi\u00e8me lettre adress\u00e9e \u00e0 Kais Saied. Et com...\" \/>\n<meta property=\"og:url\" content=\"https:\/\/www.webdo.tn\/fr\/actualite\/sport\/tunisie-wadii-jary-adresse-une-deuxieme-lettre-ouverte-a-kais-saied\/211439\/\" \/>\n<meta property=\"og:site_name\" content=\"webdo\" \/>\n<meta property=\"article:publisher\" content=\"https:\/\/www.facebook.com\/webdotn\" \/>\n<meta property=\"article:published_time\" content=\"2024-01-10T13:50:00+00:00\" \/>\n<meta property=\"article:modified_time\" content=\"2025-05-20T21:53:59+00:00\" \/>\n<meta property=\"og:image\" content=\"https:\/\/www.webdo.tn\/fr\/wp-content\/uploads\/2024\/01\/832e18a572fa3f566f2c89df3a687c64.jpg\" \/>\n\t<meta property=\"og:image:width\" content=\"750\" \/>\n\t<meta property=\"og:image:height\" content=\"400\" \/>\n\t<meta property=\"og:image:type\" content=\"image\/jpeg\" \/>\n<meta name=\"author\" content=\"MC\" \/>\n<meta name=\"twitter:card\" content=\"summary_large_image\" \/>\n<meta name=\"twitter:creator\" content=\"@webdo_tn\" \/>\n<meta name=\"twitter:site\" content=\"@webdo_tn\" \/>\n<meta name=\"twitter:label1\" content=\"\u00c9crit par\" \/>\n\t<meta name=\"twitter:data1\" content=\"MC\" \/>\n\t<meta name=\"twitter:label2\" content=\"Dur\u00e9e de lecture estim\u00e9e\" \/>\n\t<meta name=\"twitter:data2\" content=\"3 minutes\" \/>\n<script type=\"application\/ld+json\" class=\"yoast-schema-graph\">{\"@context\":\"https:\\\/\\\/schema.org\",\"@graph\":[{\"@type\":\"NewsArticle\",\"@id\":\"https:\\\/\\\/www.webdo.tn\\\/fr\\\/actualite\\\/sport\\\/tunisie-wadii-jary-adresse-une-deuxieme-lettre-ouverte-a-kais-saied\\\/211439\\\/#article\",\"isPartOf\":{\"@id\":\"https:\\\/\\\/www.webdo.tn\\\/fr\\\/actualite\\\/sport\\\/tunisie-wadii-jary-adresse-une-deuxieme-lettre-ouverte-a-kais-saied\\\/211439\\\/\"},\"author\":{\"name\":\"MC\",\"@id\":\"https:\\\/\\\/www.webdo.tn\\\/fr\\\/#\\\/schema\\\/person\\\/2c4929cbf5a809e3bd38617c6ce150f6\"},\"headline\":\"Tunisie : Wadii Jary adresse une deuxi\u00e8me lettre ouverte \u00e0 Kais Saied\",\"datePublished\":\"2024-01-10T13:50:00+00:00\",\"dateModified\":\"2025-05-20T21:53:59+00:00\",\"mainEntityOfPage\":{\"@id\":\"https:\\\/\\\/www.webdo.tn\\\/fr\\\/actualite\\\/sport\\\/tunisie-wadii-jary-adresse-une-deuxieme-lettre-ouverte-a-kais-saied\\\/211439\\\/\"},\"wordCount\":594,\"commentCount\":0,\"publisher\":{\"@id\":\"https:\\\/\\\/www.webdo.tn\\\/fr\\\/#organization\"},\"image\":{\"@id\":\"https:\\\/\\\/www.webdo.tn\\\/fr\\\/actualite\\\/sport\\\/tunisie-wadii-jary-adresse-une-deuxieme-lettre-ouverte-a-kais-saied\\\/211439\\\/#primaryimage\"},\"thumbnailUrl\":\"https:\\\/\\\/www.webdo.tn\\\/fr\\\/wp-content\\\/uploads\\\/2024\\\/01\\\/832e18a572fa3f566f2c89df3a687c64.jpg\",\"keywords\":[\"CAF\",\"FTF\",\"Kais Saied\",\"Kamel Deguiche\",\"Lettre ouverte\",\"wadii jary\"],\"articleSection\":[\"Sport\"],\"inLanguage\":\"fr-FR\"},{\"@type\":\"WebPage\",\"@id\":\"https:\\\/\\\/www.webdo.tn\\\/fr\\\/actualite\\\/sport\\\/tunisie-wadii-jary-adresse-une-deuxieme-lettre-ouverte-a-kais-saied\\\/211439\\\/\",\"url\":\"https:\\\/\\\/www.webdo.tn\\\/fr\\\/actualite\\\/sport\\\/tunisie-wadii-jary-adresse-une-deuxieme-lettre-ouverte-a-kais-saied\\\/211439\\\/\",\"name\":\"Tunisie : Wadii Jary adresse une deuxi\u00e8me lettre ouverte \u00e0 Kais Saied\",\"isPartOf\":{\"@id\":\"https:\\\/\\\/www.webdo.tn\\\/fr\\\/#website\"},\"primaryImageOfPage\":{\"@id\":\"https:\\\/\\\/www.webdo.tn\\\/fr\\\/actualite\\\/sport\\\/tunisie-wadii-jary-adresse-une-deuxieme-lettre-ouverte-a-kais-saied\\\/211439\\\/#primaryimage\"},\"image\":{\"@id\":\"https:\\\/\\\/www.webdo.tn\\\/fr\\\/actualite\\\/sport\\\/tunisie-wadii-jary-adresse-une-deuxieme-lettre-ouverte-a-kais-saied\\\/211439\\\/#primaryimage\"},\"thumbnailUrl\":\"https:\\\/\\\/www.webdo.tn\\\/fr\\\/wp-content\\\/uploads\\\/2024\\\/01\\\/832e18a572fa3f566f2c89df3a687c64.jpg\",\"datePublished\":\"2024-01-10T13:50:00+00:00\",\"dateModified\":\"2025-05-20T21:53:59+00:00\",\"description\":\"Apr\u00e8s la lettre ouverte adress\u00e9e, hier au pr\u00e9sident de la R\u00e9publique, Wadii Jary publie, sur sa page Facebook, une deuxi\u00e8me lettre adress\u00e9e \u00e0 Kais Saied. Et com...\",\"breadcrumb\":{\"@id\":\"https:\\\/\\\/www.webdo.tn\\\/fr\\\/actualite\\\/sport\\\/tunisie-wadii-jary-adresse-une-deuxieme-lettre-ouverte-a-kais-saied\\\/211439\\\/#breadcrumb\"},\"inLanguage\":\"fr-FR\",\"potentialAction\":[{\"@type\":\"ReadAction\",\"target\":[\"https:\\\/\\\/www.webdo.tn\\\/fr\\\/actualite\\\/sport\\\/tunisie-wadii-jary-adresse-une-deuxieme-lettre-ouverte-a-kais-saied\\\/211439\\\/\"]}]},{\"@type\":\"ImageObject\",\"inLanguage\":\"fr-FR\",\"@id\":\"https:\\\/\\\/www.webdo.tn\\\/fr\\\/actualite\\\/sport\\\/tunisie-wadii-jary-adresse-une-deuxieme-lettre-ouverte-a-kais-saied\\\/211439\\\/#primaryimage\",\"url\":\"https:\\\/\\\/www.webdo.tn\\\/fr\\\/wp-content\\\/uploads\\\/2024\\\/01\\\/832e18a572fa3f566f2c89df3a687c64.jpg\",\"contentUrl\":\"https:\\\/\\\/www.webdo.tn\\\/fr\\\/wp-content\\\/uploads\\\/2024\\\/01\\\/832e18a572fa3f566f2c89df3a687c64.jpg\",\"width\":750,\"height\":400,\"caption\":\"Tunisie : Wadii Jary adresse une deuxi\u00e8me lettre ouverte \u00e0 Kais Saied\"},{\"@type\":\"BreadcrumbList\",\"@id\":\"https:\\\/\\\/www.webdo.tn\\\/fr\\\/actualite\\\/sport\\\/tunisie-wadii-jary-adresse-une-deuxieme-lettre-ouverte-a-kais-saied\\\/211439\\\/#breadcrumb\",\"itemListElement\":[{\"@type\":\"ListItem\",\"position\":1,\"name\":\"Accueil\",\"item\":\"https:\\\/\\\/www.webdo.tn\\\/fr\\\/\"},{\"@type\":\"ListItem\",\"position\":2,\"name\":\"Tunisie : Wadii Jary adresse une deuxi\u00e8me lettre ouverte \u00e0 Kais Saied\"}]},{\"@type\":\"WebSite\",\"@id\":\"https:\\\/\\\/www.webdo.tn\\\/fr\\\/#website\",\"url\":\"https:\\\/\\\/www.webdo.tn\\\/fr\\\/\",\"name\":\"webdo\",\"description\":\"Tunisie - News en Tunisie et \u00e0 l&#039;international sur Webdo.tn\",\"publisher\":{\"@id\":\"https:\\\/\\\/www.webdo.tn\\\/fr\\\/#organization\"},\"potentialAction\":[{\"@type\":\"SearchAction\",\"target\":{\"@type\":\"EntryPoint\",\"urlTemplate\":\"https:\\\/\\\/www.webdo.tn\\\/fr\\\/?s={search_term_string}\"},\"query-input\":{\"@type\":\"PropertyValueSpecification\",\"valueRequired\":true,\"valueName\":\"search_term_string\"}}],\"inLanguage\":\"fr-FR\"},{\"@type\":\"Organization\",\"@id\":\"https:\\\/\\\/www.webdo.tn\\\/fr\\\/#organization\",\"name\":\"Webdo\",\"alternateName\":\"Webdo.tn\",\"url\":\"https:\\\/\\\/www.webdo.tn\\\/fr\\\/\",\"logo\":{\"@type\":\"ImageObject\",\"inLanguage\":\"fr-FR\",\"@id\":\"https:\\\/\\\/www.webdo.tn\\\/fr\\\/#\\\/schema\\\/logo\\\/image\\\/\",\"url\":\"https:\\\/\\\/www.webdo.tn\\\/fr\\\/wp-content\\\/uploads\\\/2025\\\/06\\\/Webdo-Tunisie_168377.jpg\",\"contentUrl\":\"https:\\\/\\\/www.webdo.tn\\\/fr\\\/wp-content\\\/uploads\\\/2025\\\/06\\\/Webdo-Tunisie_168377.jpg\",\"width\":301,\"height\":301,\"caption\":\"Webdo\"},\"image\":{\"@id\":\"https:\\\/\\\/www.webdo.tn\\\/fr\\\/#\\\/schema\\\/logo\\\/image\\\/\"},\"sameAs\":[\"https:\\\/\\\/www.facebook.com\\\/webdotn\",\"https:\\\/\\\/x.com\\\/webdo_tn\"],\"description\":\"Webdo est un m\u00e9dia num\u00e9rique tunisien fond\u00e9 en 2010, sp\u00e9cialis\u00e9 dans l\u2019actualit\u00e9 nationale et internationale, l\u2019\u00e9conomie, la soci\u00e9t\u00e9 et les analyses politiques. Le site s\u2019adresse \u00e0 un large public francophone et couvre l\u2019information tunisienne en temps r\u00e9el.\",\"email\":\"redac@webdo.tn\",\"legalName\":\"YNJ SARL\",\"foundingDate\":\"2010-09-06\",\"numberOfEmployees\":{\"@type\":\"QuantitativeValue\",\"minValue\":\"11\",\"maxValue\":\"50\"}},{\"@type\":\"Person\",\"@id\":\"https:\\\/\\\/www.webdo.tn\\\/fr\\\/#\\\/schema\\\/person\\\/2c4929cbf5a809e3bd38617c6ce150f6\",\"name\":\"MC\",\"image\":{\"@type\":\"ImageObject\",\"inLanguage\":\"fr-FR\",\"@id\":\"https:\\\/\\\/secure.gravatar.com\\\/avatar\\\/a545bbb6f84efdd5553dbbc2895e3ca8f1d12c5215e00a041c9670b54aa9b18a?s=96&d=mm&r=g\",\"url\":\"https:\\\/\\\/secure.gravatar.com\\\/avatar\\\/a545bbb6f84efdd5553dbbc2895e3ca8f1d12c5215e00a041c9670b54aa9b18a?s=96&d=mm&r=g\",\"contentUrl\":\"https:\\\/\\\/secure.gravatar.com\\\/avatar\\\/a545bbb6f84efdd5553dbbc2895e3ca8f1d12c5215e00a041c9670b54aa9b18a?s=96&d=mm&r=g\",\"caption\":\"MC\"},\"url\":\"https:\\\/\\\/www.webdo.tn\\\/fr\\\/actualite\\\/author\\\/mc\\\/\"}]}<\/script>\n<!-- \/ Yoast SEO Premium plugin. -->","yoast_head_json":{"title":"Tunisie : Wadii Jary adresse une deuxi\u00e8me lettre ouverte \u00e0 Kais Saied","description":"Apr\u00e8s la lettre ouverte adress\u00e9e, hier au pr\u00e9sident de la R\u00e9publique, Wadii Jary publie, sur sa page Facebook, une deuxi\u00e8me lettre adress\u00e9e \u00e0 Kais Saied. Et com...","canonical":"https:\/\/www.webdo.tn\/fr\/actualite\/sport\/tunisie-wadii-jary-adresse-une-deuxieme-lettre-ouverte-a-kais-saied\/211439\/","og_locale":"fr_FR","og_type":"article","og_title":"Tunisie : Wadii Jary adresse une deuxi\u00e8me lettre ouverte \u00e0 Kais Saied","og_description":"Apr\u00e8s la lettre ouverte adress\u00e9e, hier au pr\u00e9sident de la R\u00e9publique, Wadii Jary publie, sur sa page Facebook, une deuxi\u00e8me lettre adress\u00e9e \u00e0 Kais Saied. Et com...","og_url":"https:\/\/www.webdo.tn\/fr\/actualite\/sport\/tunisie-wadii-jary-adresse-une-deuxieme-lettre-ouverte-a-kais-saied\/211439\/","og_site_name":"webdo","article_publisher":"https:\/\/www.facebook.com\/webdotn","article_published_time":"2024-01-10T13:50:00+00:00","article_modified_time":"2025-05-20T21:53:59+00:00","og_image":[{"width":750,"height":400,"url":"https:\/\/www.webdo.tn\/fr\/wp-content\/uploads\/2024\/01\/832e18a572fa3f566f2c89df3a687c64.jpg","type":"image\/jpeg"}],"author":"MC","twitter_card":"summary_large_image","twitter_creator":"@webdo_tn","twitter_site":"@webdo_tn","twitter_misc":{"\u00c9crit par":"MC","Dur\u00e9e de lecture estim\u00e9e":"3 minutes"},"schema":{"@context":"https:\/\/schema.org","@graph":[{"@type":"NewsArticle","@id":"https:\/\/www.webdo.tn\/fr\/actualite\/sport\/tunisie-wadii-jary-adresse-une-deuxieme-lettre-ouverte-a-kais-saied\/211439\/#article","isPartOf":{"@id":"https:\/\/www.webdo.tn\/fr\/actualite\/sport\/tunisie-wadii-jary-adresse-une-deuxieme-lettre-ouverte-a-kais-saied\/211439\/"},"author":{"name":"MC","@id":"https:\/\/www.webdo.tn\/fr\/#\/schema\/person\/2c4929cbf5a809e3bd38617c6ce150f6"},"headline":"Tunisie : Wadii Jary adresse une deuxi\u00e8me lettre ouverte \u00e0 Kais Saied","datePublished":"2024-01-10T13:50:00+00:00","dateModified":"2025-05-20T21:53:59+00:00","mainEntityOfPage":{"@id":"https:\/\/www.webdo.tn\/fr\/actualite\/sport\/tunisie-wadii-jary-adresse-une-deuxieme-lettre-ouverte-a-kais-saied\/211439\/"},"wordCount":594,"commentCount":0,"publisher":{"@id":"https:\/\/www.webdo.tn\/fr\/#organization"},"image":{"@id":"https:\/\/www.webdo.tn\/fr\/actualite\/sport\/tunisie-wadii-jary-adresse-une-deuxieme-lettre-ouverte-a-kais-saied\/211439\/#primaryimage"},"thumbnailUrl":"https:\/\/www.webdo.tn\/fr\/wp-content\/uploads\/2024\/01\/832e18a572fa3f566f2c89df3a687c64.jpg","keywords":["CAF","FTF","Kais Saied","Kamel Deguiche","Lettre ouverte","wadii jary"],"articleSection":["Sport"],"inLanguage":"fr-FR"},{"@type":"WebPage","@id":"https:\/\/www.webdo.tn\/fr\/actualite\/sport\/tunisie-wadii-jary-adresse-une-deuxieme-lettre-ouverte-a-kais-saied\/211439\/","url":"https:\/\/www.webdo.tn\/fr\/actualite\/sport\/tunisie-wadii-jary-adresse-une-deuxieme-lettre-ouverte-a-kais-saied\/211439\/","name":"Tunisie : Wadii Jary adresse une deuxi\u00e8me lettre ouverte \u00e0 Kais Saied","isPartOf":{"@id":"https:\/\/www.webdo.tn\/fr\/#website"},"primaryImageOfPage":{"@id":"https:\/\/www.webdo.tn\/fr\/actualite\/sport\/tunisie-wadii-jary-adresse-une-deuxieme-lettre-ouverte-a-kais-saied\/211439\/#primaryimage"},"image":{"@id":"https:\/\/www.webdo.tn\/fr\/actualite\/sport\/tunisie-wadii-jary-adresse-une-deuxieme-lettre-ouverte-a-kais-saied\/211439\/#primaryimage"},"thumbnailUrl":"https:\/\/www.webdo.tn\/fr\/wp-content\/uploads\/2024\/01\/832e18a572fa3f566f2c89df3a687c64.jpg","datePublished":"2024-01-10T13:50:00+00:00","dateModified":"2025-05-20T21:53:59+00:00","description":"Apr\u00e8s la lettre ouverte adress\u00e9e, hier au pr\u00e9sident de la R\u00e9publique, Wadii Jary publie, sur sa page Facebook, une deuxi\u00e8me lettre adress\u00e9e \u00e0 Kais Saied. Et com...","breadcrumb":{"@id":"https:\/\/www.webdo.tn\/fr\/actualite\/sport\/tunisie-wadii-jary-adresse-une-deuxieme-lettre-ouverte-a-kais-saied\/211439\/#breadcrumb"},"inLanguage":"fr-FR","potentialAction":[{"@type":"ReadAction","target":["https:\/\/www.webdo.tn\/fr\/actualite\/sport\/tunisie-wadii-jary-adresse-une-deuxieme-lettre-ouverte-a-kais-saied\/211439\/"]}]},{"@type":"ImageObject","inLanguage":"fr-FR","@id":"https:\/\/www.webdo.tn\/fr\/actualite\/sport\/tunisie-wadii-jary-adresse-une-deuxieme-lettre-ouverte-a-kais-saied\/211439\/#primaryimage","url":"https:\/\/www.webdo.tn\/fr\/wp-content\/uploads\/2024\/01\/832e18a572fa3f566f2c89df3a687c64.jpg","contentUrl":"https:\/\/www.webdo.tn\/fr\/wp-content\/uploads\/2024\/01\/832e18a572fa3f566f2c89df3a687c64.jpg","width":750,"height":400,"caption":"Tunisie : Wadii Jary adresse une deuxi\u00e8me lettre ouverte \u00e0 Kais Saied"},{"@type":"BreadcrumbList","@id":"https:\/\/www.webdo.tn\/fr\/actualite\/sport\/tunisie-wadii-jary-adresse-une-deuxieme-lettre-ouverte-a-kais-saied\/211439\/#breadcrumb","itemListElement":[{"@type":"ListItem","position":1,"name":"Accueil","item":"https:\/\/www.webdo.tn\/fr\/"},{"@type":"ListItem","position":2,"name":"Tunisie : Wadii Jary adresse une deuxi\u00e8me lettre ouverte \u00e0 Kais Saied"}]},{"@type":"WebSite","@id":"https:\/\/www.webdo.tn\/fr\/#website","url":"https:\/\/www.webdo.tn\/fr\/","name":"webdo","description":"Tunisie - News en Tunisie et \u00e0 l&#039;international sur Webdo.tn","publisher":{"@id":"https:\/\/www.webdo.tn\/fr\/#organization"},"potentialAction":[{"@type":"SearchAction","target":{"@type":"EntryPoint","urlTemplate":"https:\/\/www.webdo.tn\/fr\/?s={search_term_string}"},"query-input":{"@type":"PropertyValueSpecification","valueRequired":true,"valueName":"search_term_string"}}],"inLanguage":"fr-FR"},{"@type":"Organization","@id":"https:\/\/www.webdo.tn\/fr\/#organization","name":"Webdo","alternateName":"Webdo.tn","url":"https:\/\/www.webdo.tn\/fr\/","logo":{"@type":"ImageObject","inLanguage":"fr-FR","@id":"https:\/\/www.webdo.tn\/fr\/#\/schema\/logo\/image\/","url":"https:\/\/www.webdo.tn\/fr\/wp-content\/uploads\/2025\/06\/Webdo-Tunisie_168377.jpg","contentUrl":"https:\/\/www.webdo.tn\/fr\/wp-content\/uploads\/2025\/06\/Webdo-Tunisie_168377.jpg","width":301,"height":301,"caption":"Webdo"},"image":{"@id":"https:\/\/www.webdo.tn\/fr\/#\/schema\/logo\/image\/"},"sameAs":["https:\/\/www.facebook.com\/webdotn","https:\/\/x.com\/webdo_tn"],"description":"Webdo est un m\u00e9dia num\u00e9rique tunisien fond\u00e9 en 2010, sp\u00e9cialis\u00e9 dans l\u2019actualit\u00e9 nationale et internationale, l\u2019\u00e9conomie, la soci\u00e9t\u00e9 et les analyses politiques. Le site s\u2019adresse \u00e0 un large public francophone et couvre l\u2019information tunisienne en temps r\u00e9el.","email":"redac@webdo.tn","legalName":"YNJ SARL","foundingDate":"2010-09-06","numberOfEmployees":{"@type":"QuantitativeValue","minValue":"11","maxValue":"50"}},{"@type":"Person","@id":"https:\/\/www.webdo.tn\/fr\/#\/schema\/person\/2c4929cbf5a809e3bd38617c6ce150f6","name":"MC","image":{"@type":"ImageObject","inLanguage":"fr-FR","@id":"https:\/\/secure.gravatar.com\/avatar\/a545bbb6f84efdd5553dbbc2895e3ca8f1d12c5215e00a041c9670b54aa9b18a?s=96&d=mm&r=g","url":"https:\/\/secure.gravatar.com\/avatar\/a545bbb6f84efdd5553dbbc2895e3ca8f1d12c5215e00a041c9670b54aa9b18a?s=96&d=mm&r=g","contentUrl":"https:\/\/secure.gravatar.com\/avatar\/a545bbb6f84efdd5553dbbc2895e3ca8f1d12c5215e00a041c9670b54aa9b18a?s=96&d=mm&r=g","caption":"MC"},"url":"https:\/\/www.webdo.tn\/fr\/actualite\/author\/mc\/"}]}},"_links":{"self":[{"href":"https:\/\/www.webdo.tn\/fr\/wp-json\/wp\/v2\/posts\/211439","targetHints":{"allow":["GET"]}}],"collection":[{"href":"https:\/\/www.webdo.tn\/fr\/wp-json\/wp\/v2\/posts"}],"about":[{"href":"https:\/\/www.webdo.tn\/fr\/wp-json\/wp\/v2\/types\/post"}],"author":[{"embeddable":true,"href":"https:\/\/www.webdo.tn\/fr\/wp-json\/wp\/v2\/users\/3162"}],"replies":[{"embeddable":true,"href":"https:\/\/www.webdo.tn\/fr\/wp-json\/wp\/v2\/comments?post=211439"}],"version-history":[{"count":0,"href":"https:\/\/www.webdo.tn\/fr\/wp-json\/wp\/v2\/posts\/211439\/revisions"}],"wp:featuredmedia":[{"embeddable":true,"href":"https:\/\/www.webdo.tn\/fr\/wp-json\/wp\/v2\/media\/248268"}],"wp:attachment":[{"href":"https:\/\/www.webdo.tn\/fr\/wp-json\/wp\/v2\/media?parent=211439"}],"wp:term":[{"taxonomy":"category","embeddable":true,"href":"https:\/\/www.webdo.tn\/fr\/wp-json\/wp\/v2\/categories?post=211439"},{"taxonomy":"post_tag","embeddable":true,"href":"https:\/\/www.webdo.tn\/fr\/wp-json\/wp\/v2\/tags?post=211439"}],"curies":[{"name":"wp","href":"https:\/\/api.w.org\/{rel}","templated":true}]}}