{"id":211438,"date":"2024-01-10T13:02:00","date_gmt":"2024-01-10T13:02:00","guid":{"rendered":"https:\/\/www.webdo.tn\/fr\/blog\/la-ministre-du-commerce-porte-plainte-contre-zied-el-heni\/211438\/"},"modified":"2025-05-20T22:38:27","modified_gmt":"2025-05-20T22:38:27","slug":"la-ministre-du-commerce-porte-plainte-contre-zied-el-heni","status":"publish","type":"post","link":"https:\/\/www.webdo.tn\/fr\/actualite\/national\/la-ministre-du-commerce-porte-plainte-contre-zied-el-heni\/211438\/","title":{"rendered":"La ministre du Commerce porte plainte contre Zied El-Heni"},"content":{"rendered":"<p>La ministre du Commerce Kalthoum Ben Rejeb a port\u00e9 plainte contre le journaliste Zied El-Heni pour atteinte \u00e0 un fonctionnaire public conform\u00e9ment au d\u00e9cret-54.\u00a0<\/p>\n<p>\t\t\t\t\t\t\t\t\tL\u2019information a \u00e9t\u00e9 confirm\u00e9e par le pr\u00e9sident du syndicat national des journalistes tunisiens (SNJT), Zied Dabbar qui qualifi\u00e9 cette d\u00e9cision d\u2019al\u00e9atoire mettant en garde contre l\u2019instrumentalisation de ce d\u00e9cret contre les journalistes.\u00a0<\/p>\n<p>Zied El Heni a \u00e9t\u00e9 plac\u00e9, jeudi 28 d\u00e9cembre en garde \u00e0 vue et est confront\u00e9 \u00e0 des poursuites judiciaires suite \u00e0 ses commentaires critiques envers la ministre du Commerce Kalthoum Ben Rejeb lors d\u2019une intervention sur les ondes de la radio iFM.<\/p>\n<p>Il doit comparaitre aujourd\u2019hui mardi devant le juge d\u2019instruction pour r\u00e9pondre \u00e0 ces accusations.\u00a0<\/p>\n<p>Selon son avocat, Ayachi Hammami, Zied El Heni encourt une peine qui peut aller jusqu\u2019\u00e0 dix ans de prison conform\u00e9ment aux dispositions du d\u00e9cret 54.<\/p>\n<p>L\u2019accusation dont il fait l\u2019objet est li\u00e9e au mot \u00ab\u00a0casi\u00a0\u00bb employ\u00e9 par le chroniqueur en appelant au limogeage de la ministre selon la formule suivante : \u00ab Qu\u2019on limoge alors la \u00ab\u00a0casi\u00a0\u00bb \u00bb.<\/p>\n","protected":false},"excerpt":{"rendered":"<p>L\u2019information a \u00e9t\u00e9 confirm\u00e9e par le pr\u00e9sident du syndicat national des journalistes tunisiens (SNJT), Zied Dabbar qui qualifi\u00e9 cette d\u00e9cision d\u2019al\u00e9atoire metta&#8230;<\/p>\n","protected":false},"author":3175,"featured_media":248269,"comment_status":"open","ping_status":"closed","sticky":false,"template":"","format":"standard","meta":{"footnotes":""},"categories":[44],"tags":[2619,2608,3913],"class_list":["post-211438","post","type-post","status-publish","format-standard","has-post-thumbnail","hentry","category-national","tag-justice","tag-tunisie","tag-zied-el-heni"],"yoast_head":"<!-- This site is optimized with the Yoast SEO Premium plugin v27.4 (Yoast SEO v27.4) - https:\/\/yoast.com\/product\/yoast-seo-premium-wordpress\/ -->\n<title>La ministre du Commerce porte plainte contre Zied El-Heni<\/title>\n<meta name=\"description\" content=\"L\u2019information a \u00e9t\u00e9 confirm\u00e9e par le pr\u00e9sident du syndicat national des journalistes tunisiens (SNJT), Zied Dabbar qui qualifi\u00e9 cette d\u00e9cision d\u2019al\u00e9atoire metta...\" \/>\n<link rel=\"canonical\" href=\"https:\/\/www.webdo.tn\/fr\/actualite\/national\/la-ministre-du-commerce-porte-plainte-contre-zied-el-heni\/211438\/\" \/>\n<meta property=\"og:locale\" content=\"fr_FR\" \/>\n<meta property=\"og:type\" content=\"article\" \/>\n<meta property=\"og:title\" content=\"La ministre du Commerce porte plainte contre Zied El-Heni\" \/>\n<meta property=\"og:description\" content=\"L\u2019information a \u00e9t\u00e9 confirm\u00e9e par le pr\u00e9sident du syndicat national des journalistes tunisiens (SNJT), Zied Dabbar qui qualifi\u00e9 cette d\u00e9cision d\u2019al\u00e9atoire metta...\" \/>\n<meta property=\"og:url\" content=\"https:\/\/www.webdo.tn\/fr\/actualite\/national\/la-ministre-du-commerce-porte-plainte-contre-zied-el-heni\/211438\/\" \/>\n<meta property=\"og:site_name\" content=\"webdo\" \/>\n<meta property=\"article:publisher\" content=\"https:\/\/www.facebook.com\/webdotn\" \/>\n<meta property=\"article:published_time\" content=\"2024-01-10T13:02:00+00:00\" \/>\n<meta property=\"article:modified_time\" content=\"2025-05-20T22:38:27+00:00\" \/>\n<meta property=\"og:image\" content=\"https:\/\/www.webdo.tn\/fr\/wp-content\/uploads\/2024\/01\/114562b5708eeafcdb7d166ec54a7b9f.jpg\" \/>\n\t<meta property=\"og:image:width\" content=\"750\" \/>\n\t<meta property=\"og:image:height\" content=\"400\" \/>\n\t<meta property=\"og:image:type\" content=\"image\/jpeg\" \/>\n<meta name=\"author\" content=\"CL\" \/>\n<meta name=\"twitter:card\" content=\"summary_large_image\" \/>\n<meta name=\"twitter:creator\" content=\"@webdo_tn\" \/>\n<meta name=\"twitter:site\" content=\"@webdo_tn\" \/>\n<meta name=\"twitter:label1\" content=\"\u00c9crit par\" \/>\n\t<meta name=\"twitter:data1\" content=\"CL\" \/>\n\t<meta name=\"twitter:label2\" content=\"Dur\u00e9e de lecture estim\u00e9e\" \/>\n\t<meta name=\"twitter:data2\" content=\"1 minute\" \/>\n<script type=\"application\/ld+json\" class=\"yoast-schema-graph\">{\"@context\":\"https:\\\/\\\/schema.org\",\"@graph\":[{\"@type\":\"NewsArticle\",\"@id\":\"https:\\\/\\\/www.webdo.tn\\\/fr\\\/actualite\\\/national\\\/la-ministre-du-commerce-porte-plainte-contre-zied-el-heni\\\/211438\\\/#article\",\"isPartOf\":{\"@id\":\"https:\\\/\\\/www.webdo.tn\\\/fr\\\/actualite\\\/national\\\/la-ministre-du-commerce-porte-plainte-contre-zied-el-heni\\\/211438\\\/\"},\"author\":{\"name\":\"CL\",\"@id\":\"https:\\\/\\\/www.webdo.tn\\\/fr\\\/#\\\/schema\\\/person\\\/f35b42a42c5e2511bbd282959d6385cc\"},\"headline\":\"La ministre du Commerce porte plainte contre Zied El-Heni\",\"datePublished\":\"2024-01-10T13:02:00+00:00\",\"dateModified\":\"2025-05-20T22:38:27+00:00\",\"mainEntityOfPage\":{\"@id\":\"https:\\\/\\\/www.webdo.tn\\\/fr\\\/actualite\\\/national\\\/la-ministre-du-commerce-porte-plainte-contre-zied-el-heni\\\/211438\\\/\"},\"wordCount\":191,\"commentCount\":0,\"publisher\":{\"@id\":\"https:\\\/\\\/www.webdo.tn\\\/fr\\\/#organization\"},\"image\":{\"@id\":\"https:\\\/\\\/www.webdo.tn\\\/fr\\\/actualite\\\/national\\\/la-ministre-du-commerce-porte-plainte-contre-zied-el-heni\\\/211438\\\/#primaryimage\"},\"thumbnailUrl\":\"https:\\\/\\\/www.webdo.tn\\\/fr\\\/wp-content\\\/uploads\\\/2024\\\/01\\\/114562b5708eeafcdb7d166ec54a7b9f.jpg\",\"keywords\":[\"justice\",\"Tunisie\",\"Zied El-Heni\"],\"articleSection\":[\"National\"],\"inLanguage\":\"fr-FR\"},{\"@type\":\"WebPage\",\"@id\":\"https:\\\/\\\/www.webdo.tn\\\/fr\\\/actualite\\\/national\\\/la-ministre-du-commerce-porte-plainte-contre-zied-el-heni\\\/211438\\\/\",\"url\":\"https:\\\/\\\/www.webdo.tn\\\/fr\\\/actualite\\\/national\\\/la-ministre-du-commerce-porte-plainte-contre-zied-el-heni\\\/211438\\\/\",\"name\":\"La ministre du Commerce porte plainte contre Zied El-Heni\",\"isPartOf\":{\"@id\":\"https:\\\/\\\/www.webdo.tn\\\/fr\\\/#website\"},\"primaryImageOfPage\":{\"@id\":\"https:\\\/\\\/www.webdo.tn\\\/fr\\\/actualite\\\/national\\\/la-ministre-du-commerce-porte-plainte-contre-zied-el-heni\\\/211438\\\/#primaryimage\"},\"image\":{\"@id\":\"https:\\\/\\\/www.webdo.tn\\\/fr\\\/actualite\\\/national\\\/la-ministre-du-commerce-porte-plainte-contre-zied-el-heni\\\/211438\\\/#primaryimage\"},\"thumbnailUrl\":\"https:\\\/\\\/www.webdo.tn\\\/fr\\\/wp-content\\\/uploads\\\/2024\\\/01\\\/114562b5708eeafcdb7d166ec54a7b9f.jpg\",\"datePublished\":\"2024-01-10T13:02:00+00:00\",\"dateModified\":\"2025-05-20T22:38:27+00:00\",\"description\":\"L\u2019information a \u00e9t\u00e9 confirm\u00e9e par le pr\u00e9sident du syndicat national des journalistes tunisiens (SNJT), Zied Dabbar qui qualifi\u00e9 cette d\u00e9cision d\u2019al\u00e9atoire metta...\",\"breadcrumb\":{\"@id\":\"https:\\\/\\\/www.webdo.tn\\\/fr\\\/actualite\\\/national\\\/la-ministre-du-commerce-porte-plainte-contre-zied-el-heni\\\/211438\\\/#breadcrumb\"},\"inLanguage\":\"fr-FR\",\"potentialAction\":[{\"@type\":\"ReadAction\",\"target\":[\"https:\\\/\\\/www.webdo.tn\\\/fr\\\/actualite\\\/national\\\/la-ministre-du-commerce-porte-plainte-contre-zied-el-heni\\\/211438\\\/\"]}]},{\"@type\":\"ImageObject\",\"inLanguage\":\"fr-FR\",\"@id\":\"https:\\\/\\\/www.webdo.tn\\\/fr\\\/actualite\\\/national\\\/la-ministre-du-commerce-porte-plainte-contre-zied-el-heni\\\/211438\\\/#primaryimage\",\"url\":\"https:\\\/\\\/www.webdo.tn\\\/fr\\\/wp-content\\\/uploads\\\/2024\\\/01\\\/114562b5708eeafcdb7d166ec54a7b9f.jpg\",\"contentUrl\":\"https:\\\/\\\/www.webdo.tn\\\/fr\\\/wp-content\\\/uploads\\\/2024\\\/01\\\/114562b5708eeafcdb7d166ec54a7b9f.jpg\",\"width\":750,\"height\":400,\"caption\":\"La ministre du Commerce porte plainte contre Zied El-Heni\"},{\"@type\":\"BreadcrumbList\",\"@id\":\"https:\\\/\\\/www.webdo.tn\\\/fr\\\/actualite\\\/national\\\/la-ministre-du-commerce-porte-plainte-contre-zied-el-heni\\\/211438\\\/#breadcrumb\",\"itemListElement\":[{\"@type\":\"ListItem\",\"position\":1,\"name\":\"Accueil\",\"item\":\"https:\\\/\\\/www.webdo.tn\\\/fr\\\/\"},{\"@type\":\"ListItem\",\"position\":2,\"name\":\"La ministre du Commerce porte plainte contre Zied El-Heni\"}]},{\"@type\":\"WebSite\",\"@id\":\"https:\\\/\\\/www.webdo.tn\\\/fr\\\/#website\",\"url\":\"https:\\\/\\\/www.webdo.tn\\\/fr\\\/\",\"name\":\"webdo\",\"description\":\"Tunisie - News en Tunisie et \u00e0 l&#039;international sur Webdo.tn\",\"publisher\":{\"@id\":\"https:\\\/\\\/www.webdo.tn\\\/fr\\\/#organization\"},\"potentialAction\":[{\"@type\":\"SearchAction\",\"target\":{\"@type\":\"EntryPoint\",\"urlTemplate\":\"https:\\\/\\\/www.webdo.tn\\\/fr\\\/?s={search_term_string}\"},\"query-input\":{\"@type\":\"PropertyValueSpecification\",\"valueRequired\":true,\"valueName\":\"search_term_string\"}}],\"inLanguage\":\"fr-FR\"},{\"@type\":\"Organization\",\"@id\":\"https:\\\/\\\/www.webdo.tn\\\/fr\\\/#organization\",\"name\":\"Webdo\",\"alternateName\":\"Webdo.tn\",\"url\":\"https:\\\/\\\/www.webdo.tn\\\/fr\\\/\",\"logo\":{\"@type\":\"ImageObject\",\"inLanguage\":\"fr-FR\",\"@id\":\"https:\\\/\\\/www.webdo.tn\\\/fr\\\/#\\\/schema\\\/logo\\\/image\\\/\",\"url\":\"https:\\\/\\\/www.webdo.tn\\\/fr\\\/wp-content\\\/uploads\\\/2025\\\/06\\\/Webdo-Tunisie_168377.jpg\",\"contentUrl\":\"https:\\\/\\\/www.webdo.tn\\\/fr\\\/wp-content\\\/uploads\\\/2025\\\/06\\\/Webdo-Tunisie_168377.jpg\",\"width\":301,\"height\":301,\"caption\":\"Webdo\"},\"image\":{\"@id\":\"https:\\\/\\\/www.webdo.tn\\\/fr\\\/#\\\/schema\\\/logo\\\/image\\\/\"},\"sameAs\":[\"https:\\\/\\\/www.facebook.com\\\/webdotn\",\"https:\\\/\\\/x.com\\\/webdo_tn\"],\"description\":\"Webdo est un m\u00e9dia num\u00e9rique tunisien fond\u00e9 en 2010, sp\u00e9cialis\u00e9 dans l\u2019actualit\u00e9 nationale et internationale, l\u2019\u00e9conomie, la soci\u00e9t\u00e9 et les analyses politiques. Le site s\u2019adresse \u00e0 un large public francophone et couvre l\u2019information tunisienne en temps r\u00e9el.\",\"email\":\"redac@webdo.tn\",\"legalName\":\"YNJ SARL\",\"foundingDate\":\"2010-09-06\",\"numberOfEmployees\":{\"@type\":\"QuantitativeValue\",\"minValue\":\"11\",\"maxValue\":\"50\"}},{\"@type\":\"Person\",\"@id\":\"https:\\\/\\\/www.webdo.tn\\\/fr\\\/#\\\/schema\\\/person\\\/f35b42a42c5e2511bbd282959d6385cc\",\"name\":\"CL\",\"image\":{\"@type\":\"ImageObject\",\"inLanguage\":\"fr-FR\",\"@id\":\"https:\\\/\\\/secure.gravatar.com\\\/avatar\\\/1447a49909b67aa657c488aec6512e1dd6143a480c1ecfee9b5b5cd74eb3b59e?s=96&d=mm&r=g\",\"url\":\"https:\\\/\\\/secure.gravatar.com\\\/avatar\\\/1447a49909b67aa657c488aec6512e1dd6143a480c1ecfee9b5b5cd74eb3b59e?s=96&d=mm&r=g\",\"contentUrl\":\"https:\\\/\\\/secure.gravatar.com\\\/avatar\\\/1447a49909b67aa657c488aec6512e1dd6143a480c1ecfee9b5b5cd74eb3b59e?s=96&d=mm&r=g\",\"caption\":\"CL\"},\"url\":\"https:\\\/\\\/www.webdo.tn\\\/fr\\\/actualite\\\/author\\\/cl\\\/\"}]}<\/script>\n<!-- \/ Yoast SEO Premium plugin. -->","yoast_head_json":{"title":"La ministre du Commerce porte plainte contre Zied El-Heni","description":"L\u2019information a \u00e9t\u00e9 confirm\u00e9e par le pr\u00e9sident du syndicat national des journalistes tunisiens (SNJT), Zied Dabbar qui qualifi\u00e9 cette d\u00e9cision d\u2019al\u00e9atoire metta...","canonical":"https:\/\/www.webdo.tn\/fr\/actualite\/national\/la-ministre-du-commerce-porte-plainte-contre-zied-el-heni\/211438\/","og_locale":"fr_FR","og_type":"article","og_title":"La ministre du Commerce porte plainte contre Zied El-Heni","og_description":"L\u2019information a \u00e9t\u00e9 confirm\u00e9e par le pr\u00e9sident du syndicat national des journalistes tunisiens (SNJT), Zied Dabbar qui qualifi\u00e9 cette d\u00e9cision d\u2019al\u00e9atoire metta...","og_url":"https:\/\/www.webdo.tn\/fr\/actualite\/national\/la-ministre-du-commerce-porte-plainte-contre-zied-el-heni\/211438\/","og_site_name":"webdo","article_publisher":"https:\/\/www.facebook.com\/webdotn","article_published_time":"2024-01-10T13:02:00+00:00","article_modified_time":"2025-05-20T22:38:27+00:00","og_image":[{"width":750,"height":400,"url":"https:\/\/www.webdo.tn\/fr\/wp-content\/uploads\/2024\/01\/114562b5708eeafcdb7d166ec54a7b9f.jpg","type":"image\/jpeg"}],"author":"CL","twitter_card":"summary_large_image","twitter_creator":"@webdo_tn","twitter_site":"@webdo_tn","twitter_misc":{"\u00c9crit par":"CL","Dur\u00e9e de lecture estim\u00e9e":"1 minute"},"schema":{"@context":"https:\/\/schema.org","@graph":[{"@type":"NewsArticle","@id":"https:\/\/www.webdo.tn\/fr\/actualite\/national\/la-ministre-du-commerce-porte-plainte-contre-zied-el-heni\/211438\/#article","isPartOf":{"@id":"https:\/\/www.webdo.tn\/fr\/actualite\/national\/la-ministre-du-commerce-porte-plainte-contre-zied-el-heni\/211438\/"},"author":{"name":"CL","@id":"https:\/\/www.webdo.tn\/fr\/#\/schema\/person\/f35b42a42c5e2511bbd282959d6385cc"},"headline":"La ministre du Commerce porte plainte contre Zied El-Heni","datePublished":"2024-01-10T13:02:00+00:00","dateModified":"2025-05-20T22:38:27+00:00","mainEntityOfPage":{"@id":"https:\/\/www.webdo.tn\/fr\/actualite\/national\/la-ministre-du-commerce-porte-plainte-contre-zied-el-heni\/211438\/"},"wordCount":191,"commentCount":0,"publisher":{"@id":"https:\/\/www.webdo.tn\/fr\/#organization"},"image":{"@id":"https:\/\/www.webdo.tn\/fr\/actualite\/national\/la-ministre-du-commerce-porte-plainte-contre-zied-el-heni\/211438\/#primaryimage"},"thumbnailUrl":"https:\/\/www.webdo.tn\/fr\/wp-content\/uploads\/2024\/01\/114562b5708eeafcdb7d166ec54a7b9f.jpg","keywords":["justice","Tunisie","Zied El-Heni"],"articleSection":["National"],"inLanguage":"fr-FR"},{"@type":"WebPage","@id":"https:\/\/www.webdo.tn\/fr\/actualite\/national\/la-ministre-du-commerce-porte-plainte-contre-zied-el-heni\/211438\/","url":"https:\/\/www.webdo.tn\/fr\/actualite\/national\/la-ministre-du-commerce-porte-plainte-contre-zied-el-heni\/211438\/","name":"La ministre du Commerce porte plainte contre Zied El-Heni","isPartOf":{"@id":"https:\/\/www.webdo.tn\/fr\/#website"},"primaryImageOfPage":{"@id":"https:\/\/www.webdo.tn\/fr\/actualite\/national\/la-ministre-du-commerce-porte-plainte-contre-zied-el-heni\/211438\/#primaryimage"},"image":{"@id":"https:\/\/www.webdo.tn\/fr\/actualite\/national\/la-ministre-du-commerce-porte-plainte-contre-zied-el-heni\/211438\/#primaryimage"},"thumbnailUrl":"https:\/\/www.webdo.tn\/fr\/wp-content\/uploads\/2024\/01\/114562b5708eeafcdb7d166ec54a7b9f.jpg","datePublished":"2024-01-10T13:02:00+00:00","dateModified":"2025-05-20T22:38:27+00:00","description":"L\u2019information a \u00e9t\u00e9 confirm\u00e9e par le pr\u00e9sident du syndicat national des journalistes tunisiens (SNJT), Zied Dabbar qui qualifi\u00e9 cette d\u00e9cision d\u2019al\u00e9atoire metta...","breadcrumb":{"@id":"https:\/\/www.webdo.tn\/fr\/actualite\/national\/la-ministre-du-commerce-porte-plainte-contre-zied-el-heni\/211438\/#breadcrumb"},"inLanguage":"fr-FR","potentialAction":[{"@type":"ReadAction","target":["https:\/\/www.webdo.tn\/fr\/actualite\/national\/la-ministre-du-commerce-porte-plainte-contre-zied-el-heni\/211438\/"]}]},{"@type":"ImageObject","inLanguage":"fr-FR","@id":"https:\/\/www.webdo.tn\/fr\/actualite\/national\/la-ministre-du-commerce-porte-plainte-contre-zied-el-heni\/211438\/#primaryimage","url":"https:\/\/www.webdo.tn\/fr\/wp-content\/uploads\/2024\/01\/114562b5708eeafcdb7d166ec54a7b9f.jpg","contentUrl":"https:\/\/www.webdo.tn\/fr\/wp-content\/uploads\/2024\/01\/114562b5708eeafcdb7d166ec54a7b9f.jpg","width":750,"height":400,"caption":"La ministre du Commerce porte plainte contre Zied El-Heni"},{"@type":"BreadcrumbList","@id":"https:\/\/www.webdo.tn\/fr\/actualite\/national\/la-ministre-du-commerce-porte-plainte-contre-zied-el-heni\/211438\/#breadcrumb","itemListElement":[{"@type":"ListItem","position":1,"name":"Accueil","item":"https:\/\/www.webdo.tn\/fr\/"},{"@type":"ListItem","position":2,"name":"La ministre du Commerce porte plainte contre Zied El-Heni"}]},{"@type":"WebSite","@id":"https:\/\/www.webdo.tn\/fr\/#website","url":"https:\/\/www.webdo.tn\/fr\/","name":"webdo","description":"Tunisie - News en Tunisie et \u00e0 l&#039;international sur Webdo.tn","publisher":{"@id":"https:\/\/www.webdo.tn\/fr\/#organization"},"potentialAction":[{"@type":"SearchAction","target":{"@type":"EntryPoint","urlTemplate":"https:\/\/www.webdo.tn\/fr\/?s={search_term_string}"},"query-input":{"@type":"PropertyValueSpecification","valueRequired":true,"valueName":"search_term_string"}}],"inLanguage":"fr-FR"},{"@type":"Organization","@id":"https:\/\/www.webdo.tn\/fr\/#organization","name":"Webdo","alternateName":"Webdo.tn","url":"https:\/\/www.webdo.tn\/fr\/","logo":{"@type":"ImageObject","inLanguage":"fr-FR","@id":"https:\/\/www.webdo.tn\/fr\/#\/schema\/logo\/image\/","url":"https:\/\/www.webdo.tn\/fr\/wp-content\/uploads\/2025\/06\/Webdo-Tunisie_168377.jpg","contentUrl":"https:\/\/www.webdo.tn\/fr\/wp-content\/uploads\/2025\/06\/Webdo-Tunisie_168377.jpg","width":301,"height":301,"caption":"Webdo"},"image":{"@id":"https:\/\/www.webdo.tn\/fr\/#\/schema\/logo\/image\/"},"sameAs":["https:\/\/www.facebook.com\/webdotn","https:\/\/x.com\/webdo_tn"],"description":"Webdo est un m\u00e9dia num\u00e9rique tunisien fond\u00e9 en 2010, sp\u00e9cialis\u00e9 dans l\u2019actualit\u00e9 nationale et internationale, l\u2019\u00e9conomie, la soci\u00e9t\u00e9 et les analyses politiques. Le site s\u2019adresse \u00e0 un large public francophone et couvre l\u2019information tunisienne en temps r\u00e9el.","email":"redac@webdo.tn","legalName":"YNJ SARL","foundingDate":"2010-09-06","numberOfEmployees":{"@type":"QuantitativeValue","minValue":"11","maxValue":"50"}},{"@type":"Person","@id":"https:\/\/www.webdo.tn\/fr\/#\/schema\/person\/f35b42a42c5e2511bbd282959d6385cc","name":"CL","image":{"@type":"ImageObject","inLanguage":"fr-FR","@id":"https:\/\/secure.gravatar.com\/avatar\/1447a49909b67aa657c488aec6512e1dd6143a480c1ecfee9b5b5cd74eb3b59e?s=96&d=mm&r=g","url":"https:\/\/secure.gravatar.com\/avatar\/1447a49909b67aa657c488aec6512e1dd6143a480c1ecfee9b5b5cd74eb3b59e?s=96&d=mm&r=g","contentUrl":"https:\/\/secure.gravatar.com\/avatar\/1447a49909b67aa657c488aec6512e1dd6143a480c1ecfee9b5b5cd74eb3b59e?s=96&d=mm&r=g","caption":"CL"},"url":"https:\/\/www.webdo.tn\/fr\/actualite\/author\/cl\/"}]}},"_links":{"self":[{"href":"https:\/\/www.webdo.tn\/fr\/wp-json\/wp\/v2\/posts\/211438","targetHints":{"allow":["GET"]}}],"collection":[{"href":"https:\/\/www.webdo.tn\/fr\/wp-json\/wp\/v2\/posts"}],"about":[{"href":"https:\/\/www.webdo.tn\/fr\/wp-json\/wp\/v2\/types\/post"}],"author":[{"embeddable":true,"href":"https:\/\/www.webdo.tn\/fr\/wp-json\/wp\/v2\/users\/3175"}],"replies":[{"embeddable":true,"href":"https:\/\/www.webdo.tn\/fr\/wp-json\/wp\/v2\/comments?post=211438"}],"version-history":[{"count":0,"href":"https:\/\/www.webdo.tn\/fr\/wp-json\/wp\/v2\/posts\/211438\/revisions"}],"wp:featuredmedia":[{"embeddable":true,"href":"https:\/\/www.webdo.tn\/fr\/wp-json\/wp\/v2\/media\/248269"}],"wp:attachment":[{"href":"https:\/\/www.webdo.tn\/fr\/wp-json\/wp\/v2\/media?parent=211438"}],"wp:term":[{"taxonomy":"category","embeddable":true,"href":"https:\/\/www.webdo.tn\/fr\/wp-json\/wp\/v2\/categories?post=211438"},{"taxonomy":"post_tag","embeddable":true,"href":"https:\/\/www.webdo.tn\/fr\/wp-json\/wp\/v2\/tags?post=211438"}],"curies":[{"name":"wp","href":"https:\/\/api.w.org\/{rel}","templated":true}]}}