{"id":211428,"date":"2024-01-10T08:26:00","date_gmt":"2024-01-10T08:26:00","guid":{"rendered":"https:\/\/www.webdo.tn\/fr\/blog\/la-reforme-securitaire-au-coeur-des-debats-entre-la-tunisie-et-le-pnud\/211428\/"},"modified":"2025-05-20T22:52:46","modified_gmt":"2025-05-20T22:52:46","slug":"la-reforme-securitaire-au-coeur-des-debats-entre-la-tunisie-et-le-pnud","status":"publish","type":"post","link":"https:\/\/www.webdo.tn\/fr\/actualite\/national\/la-reforme-securitaire-au-coeur-des-debats-entre-la-tunisie-et-le-pnud\/211428\/","title":{"rendered":"La r\u00e9forme s\u00e9curitaire au c\u0153ur des d\u00e9bats entre la Tunisie et le PNUD"},"content":{"rendered":"<p>L\u2019accent a \u00e9t\u00e9 mis sur la n\u00e9cessit\u00e9 de g\u00e9n\u00e9raliser l&rsquo;exp\u00e9rience de la Police de proximit\u00e9 dans tous les gouvernorats, en vue d&rsquo;instaurer un climat de confiance entre les citoyens et l&rsquo;appareil s\u00e9curitaire.<\/p>\n<p>\t\t\t\t\t\t\t\t\tLe ministre de l&rsquo;Int\u00e9rieur, Kamel Feki, s&rsquo;est entretenu, hier mardi 9 janvier avec la repr\u00e9sentante r\u00e9sidente du Programme des Nations Unies pour le D\u00e9veloppement (PNUD) en Tunisie, C\u00e9line Moyroud.<\/p>\n<p>L&rsquo;entretien a \u00e9t\u00e9 l&rsquo;occasion d&rsquo;aborder la coop\u00e9ration relative \u00e0 la r\u00e9forme du domaine s\u00e9curitaire, notamment au niveau des prestations rendues aux citoyens, \u00e0 travers l&rsquo;approche de la Police de proximit\u00e9, adopt\u00e9e dans le gouvernorat de M\u00e9denine.\u00a0<\/p>\n<p>Le ministre a soulign\u00e9, dans ce contexte, l\u2019engagement du minist\u00e8re de l\u2019Int\u00e9rieur envers la r\u00e9forme s\u00e9curitaire, conform\u00e9ment aux normes internationales.<\/p>\n<p>Aussi, l&rsquo;accent a \u00e9t\u00e9 mis sur la n\u00e9cessit\u00e9 d&rsquo;acc\u00e9l\u00e9rer la mise en \u0153uvre des activit\u00e9s pr\u00e9vues par le document de la quatri\u00e8me phase du projet de coop\u00e9ration 2023-2027.<\/p>\n<p>Le projet de la police de proximit\u00e9 entre dans le cadre de la coop\u00e9ration avec le Programme des Nations Unies pour le D\u00e9veloppement (PNUD) pour la r\u00e9forme du secteur de la s\u00e9curit\u00e9 en Tunisie, n\u2019a pas trop avanc\u00e9. Depuis 2021, on avait annonc\u00e9 que l&rsquo;exp\u00e9rience est \u00e9tendue \u00e0 toutes les r\u00e9gions.\u00a0<\/p>\n<p>18 centres pilotes ont \u00e9t\u00e9 install\u00e9s et 18 Conseils locaux de s\u00fbret\u00e9 cr\u00e9\u00e9s, outre l&rsquo;\u00e9quipement de 128 unit\u00e9s sp\u00e9ciales de lutte contre les violences faites aux femmes, dans le cadre de ce programme.\u00a0<\/p>\n<p>C&rsquo;est depuis\u00a02013, que la Tunisie s&rsquo;est pleinement engag\u00e9e dans le mod\u00e8le de la police de proximit\u00e9 avec pour objectif son \u00e9largissement \u00e0 toutes les municipalit\u00e9s. Une police r\u00e9solument plus proche des citoyennes et citoyens.<\/p>\n","protected":false},"excerpt":{"rendered":"<p>Le ministre de l&rsquo;Int\u00e9rieur, Kamel Feki, s&rsquo;est entretenu, hier mardi 9 janvier avec la repr\u00e9sentante r\u00e9sidente du Programme des Nations Unies pour le D\u00e9veloppeme&#8230;<\/p>\n","protected":false},"author":3175,"featured_media":290057,"comment_status":"open","ping_status":"closed","sticky":false,"template":"","format":"standard","meta":{"footnotes":""},"categories":[44],"tags":[9925,2643,3493,2608],"class_list":["post-211428","post","type-post","status-publish","format-standard","has-post-thumbnail","hentry","category-national","tag-pnud","tag-police","tag-reforme","tag-tunisie"],"yoast_head":"<!-- This site is optimized with the Yoast SEO Premium plugin v27.4 (Yoast SEO v27.4) - https:\/\/yoast.com\/product\/yoast-seo-premium-wordpress\/ -->\n<title>La r\u00e9forme s\u00e9curitaire au c\u0153ur des d\u00e9bats entre la Tunisie et le PNUD<\/title>\n<meta name=\"description\" content=\"Le ministre de l&#039;Int\u00e9rieur, Kamel Feki, s&#039;est entretenu, hier mardi 9 janvier avec la repr\u00e9sentante r\u00e9sidente du Programme des Nations Unies pour le D\u00e9veloppeme...\" \/>\n<link rel=\"canonical\" href=\"https:\/\/www.webdo.tn\/fr\/actualite\/national\/la-reforme-securitaire-au-coeur-des-debats-entre-la-tunisie-et-le-pnud\/211428\/\" \/>\n<meta property=\"og:locale\" content=\"fr_FR\" \/>\n<meta property=\"og:type\" content=\"article\" \/>\n<meta property=\"og:title\" content=\"La r\u00e9forme s\u00e9curitaire au c\u0153ur des d\u00e9bats entre la Tunisie et le PNUD\" \/>\n<meta property=\"og:description\" content=\"Le ministre de l&#039;Int\u00e9rieur, Kamel Feki, s&#039;est entretenu, hier mardi 9 janvier avec la repr\u00e9sentante r\u00e9sidente du Programme des Nations Unies pour le D\u00e9veloppeme...\" \/>\n<meta property=\"og:url\" content=\"https:\/\/www.webdo.tn\/fr\/actualite\/national\/la-reforme-securitaire-au-coeur-des-debats-entre-la-tunisie-et-le-pnud\/211428\/\" \/>\n<meta property=\"og:site_name\" content=\"webdo\" \/>\n<meta property=\"article:publisher\" content=\"https:\/\/www.facebook.com\/webdotn\" \/>\n<meta property=\"article:published_time\" content=\"2024-01-10T08:26:00+00:00\" \/>\n<meta property=\"article:modified_time\" content=\"2025-05-20T22:52:46+00:00\" \/>\n<meta property=\"og:image\" content=\"https:\/\/www.webdo.tn\/fr\/wp-content\/uploads\/2024\/01\/ffaad10af24dfedd2c8baaf7d879f08a.jpg\" \/>\n\t<meta property=\"og:image:width\" content=\"750\" \/>\n\t<meta property=\"og:image:height\" content=\"400\" \/>\n\t<meta property=\"og:image:type\" content=\"image\/jpeg\" \/>\n<meta name=\"author\" content=\"CL\" \/>\n<meta name=\"twitter:card\" content=\"summary_large_image\" \/>\n<meta name=\"twitter:creator\" content=\"@webdo_tn\" \/>\n<meta name=\"twitter:site\" content=\"@webdo_tn\" \/>\n<meta name=\"twitter:label1\" content=\"\u00c9crit par\" \/>\n\t<meta name=\"twitter:data1\" content=\"CL\" \/>\n\t<meta name=\"twitter:label2\" content=\"Dur\u00e9e de lecture estim\u00e9e\" \/>\n\t<meta name=\"twitter:data2\" content=\"2 minutes\" \/>\n<script type=\"application\/ld+json\" class=\"yoast-schema-graph\">{\"@context\":\"https:\\\/\\\/schema.org\",\"@graph\":[{\"@type\":\"NewsArticle\",\"@id\":\"https:\\\/\\\/www.webdo.tn\\\/fr\\\/actualite\\\/national\\\/la-reforme-securitaire-au-coeur-des-debats-entre-la-tunisie-et-le-pnud\\\/211428\\\/#article\",\"isPartOf\":{\"@id\":\"https:\\\/\\\/www.webdo.tn\\\/fr\\\/actualite\\\/national\\\/la-reforme-securitaire-au-coeur-des-debats-entre-la-tunisie-et-le-pnud\\\/211428\\\/\"},\"author\":{\"name\":\"CL\",\"@id\":\"https:\\\/\\\/www.webdo.tn\\\/fr\\\/#\\\/schema\\\/person\\\/f35b42a42c5e2511bbd282959d6385cc\"},\"headline\":\"La r\u00e9forme s\u00e9curitaire au c\u0153ur des d\u00e9bats entre la Tunisie et le PNUD\",\"datePublished\":\"2024-01-10T08:26:00+00:00\",\"dateModified\":\"2025-05-20T22:52:46+00:00\",\"mainEntityOfPage\":{\"@id\":\"https:\\\/\\\/www.webdo.tn\\\/fr\\\/actualite\\\/national\\\/la-reforme-securitaire-au-coeur-des-debats-entre-la-tunisie-et-le-pnud\\\/211428\\\/\"},\"wordCount\":332,\"commentCount\":0,\"publisher\":{\"@id\":\"https:\\\/\\\/www.webdo.tn\\\/fr\\\/#organization\"},\"image\":{\"@id\":\"https:\\\/\\\/www.webdo.tn\\\/fr\\\/actualite\\\/national\\\/la-reforme-securitaire-au-coeur-des-debats-entre-la-tunisie-et-le-pnud\\\/211428\\\/#primaryimage\"},\"thumbnailUrl\":\"https:\\\/\\\/www.webdo.tn\\\/fr\\\/wp-content\\\/uploads\\\/2024\\\/01\\\/ffaad10af24dfedd2c8baaf7d879f08a.jpg\",\"keywords\":[\"'PNUD']\",\"police\",\"r\u00e9forme\",\"Tunisie\"],\"articleSection\":[\"National\"],\"inLanguage\":\"fr-FR\"},{\"@type\":\"WebPage\",\"@id\":\"https:\\\/\\\/www.webdo.tn\\\/fr\\\/actualite\\\/national\\\/la-reforme-securitaire-au-coeur-des-debats-entre-la-tunisie-et-le-pnud\\\/211428\\\/\",\"url\":\"https:\\\/\\\/www.webdo.tn\\\/fr\\\/actualite\\\/national\\\/la-reforme-securitaire-au-coeur-des-debats-entre-la-tunisie-et-le-pnud\\\/211428\\\/\",\"name\":\"La r\u00e9forme s\u00e9curitaire au c\u0153ur des d\u00e9bats entre la Tunisie et le PNUD\",\"isPartOf\":{\"@id\":\"https:\\\/\\\/www.webdo.tn\\\/fr\\\/#website\"},\"primaryImageOfPage\":{\"@id\":\"https:\\\/\\\/www.webdo.tn\\\/fr\\\/actualite\\\/national\\\/la-reforme-securitaire-au-coeur-des-debats-entre-la-tunisie-et-le-pnud\\\/211428\\\/#primaryimage\"},\"image\":{\"@id\":\"https:\\\/\\\/www.webdo.tn\\\/fr\\\/actualite\\\/national\\\/la-reforme-securitaire-au-coeur-des-debats-entre-la-tunisie-et-le-pnud\\\/211428\\\/#primaryimage\"},\"thumbnailUrl\":\"https:\\\/\\\/www.webdo.tn\\\/fr\\\/wp-content\\\/uploads\\\/2024\\\/01\\\/ffaad10af24dfedd2c8baaf7d879f08a.jpg\",\"datePublished\":\"2024-01-10T08:26:00+00:00\",\"dateModified\":\"2025-05-20T22:52:46+00:00\",\"description\":\"Le ministre de l'Int\u00e9rieur, Kamel Feki, s'est entretenu, hier mardi 9 janvier avec la repr\u00e9sentante r\u00e9sidente du Programme des Nations Unies pour le D\u00e9veloppeme...\",\"breadcrumb\":{\"@id\":\"https:\\\/\\\/www.webdo.tn\\\/fr\\\/actualite\\\/national\\\/la-reforme-securitaire-au-coeur-des-debats-entre-la-tunisie-et-le-pnud\\\/211428\\\/#breadcrumb\"},\"inLanguage\":\"fr-FR\",\"potentialAction\":[{\"@type\":\"ReadAction\",\"target\":[\"https:\\\/\\\/www.webdo.tn\\\/fr\\\/actualite\\\/national\\\/la-reforme-securitaire-au-coeur-des-debats-entre-la-tunisie-et-le-pnud\\\/211428\\\/\"]}]},{\"@type\":\"ImageObject\",\"inLanguage\":\"fr-FR\",\"@id\":\"https:\\\/\\\/www.webdo.tn\\\/fr\\\/actualite\\\/national\\\/la-reforme-securitaire-au-coeur-des-debats-entre-la-tunisie-et-le-pnud\\\/211428\\\/#primaryimage\",\"url\":\"https:\\\/\\\/www.webdo.tn\\\/fr\\\/wp-content\\\/uploads\\\/2024\\\/01\\\/ffaad10af24dfedd2c8baaf7d879f08a.jpg\",\"contentUrl\":\"https:\\\/\\\/www.webdo.tn\\\/fr\\\/wp-content\\\/uploads\\\/2024\\\/01\\\/ffaad10af24dfedd2c8baaf7d879f08a.jpg\",\"width\":750,\"height\":400,\"caption\":\"La r\u00e9forme s\u00e9curitaire au c\u0153ur des d\u00e9bats entre la Tunisie et le PNUD\"},{\"@type\":\"BreadcrumbList\",\"@id\":\"https:\\\/\\\/www.webdo.tn\\\/fr\\\/actualite\\\/national\\\/la-reforme-securitaire-au-coeur-des-debats-entre-la-tunisie-et-le-pnud\\\/211428\\\/#breadcrumb\",\"itemListElement\":[{\"@type\":\"ListItem\",\"position\":1,\"name\":\"Accueil\",\"item\":\"https:\\\/\\\/www.webdo.tn\\\/fr\\\/\"},{\"@type\":\"ListItem\",\"position\":2,\"name\":\"La r\u00e9forme s\u00e9curitaire au c\u0153ur des d\u00e9bats entre la Tunisie et le PNUD\"}]},{\"@type\":\"WebSite\",\"@id\":\"https:\\\/\\\/www.webdo.tn\\\/fr\\\/#website\",\"url\":\"https:\\\/\\\/www.webdo.tn\\\/fr\\\/\",\"name\":\"webdo\",\"description\":\"Tunisie - News en Tunisie et \u00e0 l&#039;international sur Webdo.tn\",\"publisher\":{\"@id\":\"https:\\\/\\\/www.webdo.tn\\\/fr\\\/#organization\"},\"potentialAction\":[{\"@type\":\"SearchAction\",\"target\":{\"@type\":\"EntryPoint\",\"urlTemplate\":\"https:\\\/\\\/www.webdo.tn\\\/fr\\\/?s={search_term_string}\"},\"query-input\":{\"@type\":\"PropertyValueSpecification\",\"valueRequired\":true,\"valueName\":\"search_term_string\"}}],\"inLanguage\":\"fr-FR\"},{\"@type\":\"Organization\",\"@id\":\"https:\\\/\\\/www.webdo.tn\\\/fr\\\/#organization\",\"name\":\"Webdo\",\"alternateName\":\"Webdo.tn\",\"url\":\"https:\\\/\\\/www.webdo.tn\\\/fr\\\/\",\"logo\":{\"@type\":\"ImageObject\",\"inLanguage\":\"fr-FR\",\"@id\":\"https:\\\/\\\/www.webdo.tn\\\/fr\\\/#\\\/schema\\\/logo\\\/image\\\/\",\"url\":\"https:\\\/\\\/www.webdo.tn\\\/fr\\\/wp-content\\\/uploads\\\/2025\\\/06\\\/Webdo-Tunisie_168377.jpg\",\"contentUrl\":\"https:\\\/\\\/www.webdo.tn\\\/fr\\\/wp-content\\\/uploads\\\/2025\\\/06\\\/Webdo-Tunisie_168377.jpg\",\"width\":301,\"height\":301,\"caption\":\"Webdo\"},\"image\":{\"@id\":\"https:\\\/\\\/www.webdo.tn\\\/fr\\\/#\\\/schema\\\/logo\\\/image\\\/\"},\"sameAs\":[\"https:\\\/\\\/www.facebook.com\\\/webdotn\",\"https:\\\/\\\/x.com\\\/webdo_tn\"],\"description\":\"Webdo est un m\u00e9dia num\u00e9rique tunisien fond\u00e9 en 2010, sp\u00e9cialis\u00e9 dans l\u2019actualit\u00e9 nationale et internationale, l\u2019\u00e9conomie, la soci\u00e9t\u00e9 et les analyses politiques. Le site s\u2019adresse \u00e0 un large public francophone et couvre l\u2019information tunisienne en temps r\u00e9el.\",\"email\":\"redac@webdo.tn\",\"legalName\":\"YNJ SARL\",\"foundingDate\":\"2010-09-06\",\"numberOfEmployees\":{\"@type\":\"QuantitativeValue\",\"minValue\":\"11\",\"maxValue\":\"50\"}},{\"@type\":\"Person\",\"@id\":\"https:\\\/\\\/www.webdo.tn\\\/fr\\\/#\\\/schema\\\/person\\\/f35b42a42c5e2511bbd282959d6385cc\",\"name\":\"CL\",\"image\":{\"@type\":\"ImageObject\",\"inLanguage\":\"fr-FR\",\"@id\":\"https:\\\/\\\/secure.gravatar.com\\\/avatar\\\/1447a49909b67aa657c488aec6512e1dd6143a480c1ecfee9b5b5cd74eb3b59e?s=96&d=mm&r=g\",\"url\":\"https:\\\/\\\/secure.gravatar.com\\\/avatar\\\/1447a49909b67aa657c488aec6512e1dd6143a480c1ecfee9b5b5cd74eb3b59e?s=96&d=mm&r=g\",\"contentUrl\":\"https:\\\/\\\/secure.gravatar.com\\\/avatar\\\/1447a49909b67aa657c488aec6512e1dd6143a480c1ecfee9b5b5cd74eb3b59e?s=96&d=mm&r=g\",\"caption\":\"CL\"},\"url\":\"https:\\\/\\\/www.webdo.tn\\\/fr\\\/actualite\\\/author\\\/cl\\\/\"}]}<\/script>\n<!-- \/ Yoast SEO Premium plugin. -->","yoast_head_json":{"title":"La r\u00e9forme s\u00e9curitaire au c\u0153ur des d\u00e9bats entre la Tunisie et le PNUD","description":"Le ministre de l'Int\u00e9rieur, Kamel Feki, s'est entretenu, hier mardi 9 janvier avec la repr\u00e9sentante r\u00e9sidente du Programme des Nations Unies pour le D\u00e9veloppeme...","canonical":"https:\/\/www.webdo.tn\/fr\/actualite\/national\/la-reforme-securitaire-au-coeur-des-debats-entre-la-tunisie-et-le-pnud\/211428\/","og_locale":"fr_FR","og_type":"article","og_title":"La r\u00e9forme s\u00e9curitaire au c\u0153ur des d\u00e9bats entre la Tunisie et le PNUD","og_description":"Le ministre de l'Int\u00e9rieur, Kamel Feki, s'est entretenu, hier mardi 9 janvier avec la repr\u00e9sentante r\u00e9sidente du Programme des Nations Unies pour le D\u00e9veloppeme...","og_url":"https:\/\/www.webdo.tn\/fr\/actualite\/national\/la-reforme-securitaire-au-coeur-des-debats-entre-la-tunisie-et-le-pnud\/211428\/","og_site_name":"webdo","article_publisher":"https:\/\/www.facebook.com\/webdotn","article_published_time":"2024-01-10T08:26:00+00:00","article_modified_time":"2025-05-20T22:52:46+00:00","og_image":[{"width":750,"height":400,"url":"https:\/\/www.webdo.tn\/fr\/wp-content\/uploads\/2024\/01\/ffaad10af24dfedd2c8baaf7d879f08a.jpg","type":"image\/jpeg"}],"author":"CL","twitter_card":"summary_large_image","twitter_creator":"@webdo_tn","twitter_site":"@webdo_tn","twitter_misc":{"\u00c9crit par":"CL","Dur\u00e9e de lecture estim\u00e9e":"2 minutes"},"schema":{"@context":"https:\/\/schema.org","@graph":[{"@type":"NewsArticle","@id":"https:\/\/www.webdo.tn\/fr\/actualite\/national\/la-reforme-securitaire-au-coeur-des-debats-entre-la-tunisie-et-le-pnud\/211428\/#article","isPartOf":{"@id":"https:\/\/www.webdo.tn\/fr\/actualite\/national\/la-reforme-securitaire-au-coeur-des-debats-entre-la-tunisie-et-le-pnud\/211428\/"},"author":{"name":"CL","@id":"https:\/\/www.webdo.tn\/fr\/#\/schema\/person\/f35b42a42c5e2511bbd282959d6385cc"},"headline":"La r\u00e9forme s\u00e9curitaire au c\u0153ur des d\u00e9bats entre la Tunisie et le PNUD","datePublished":"2024-01-10T08:26:00+00:00","dateModified":"2025-05-20T22:52:46+00:00","mainEntityOfPage":{"@id":"https:\/\/www.webdo.tn\/fr\/actualite\/national\/la-reforme-securitaire-au-coeur-des-debats-entre-la-tunisie-et-le-pnud\/211428\/"},"wordCount":332,"commentCount":0,"publisher":{"@id":"https:\/\/www.webdo.tn\/fr\/#organization"},"image":{"@id":"https:\/\/www.webdo.tn\/fr\/actualite\/national\/la-reforme-securitaire-au-coeur-des-debats-entre-la-tunisie-et-le-pnud\/211428\/#primaryimage"},"thumbnailUrl":"https:\/\/www.webdo.tn\/fr\/wp-content\/uploads\/2024\/01\/ffaad10af24dfedd2c8baaf7d879f08a.jpg","keywords":["'PNUD']","police","r\u00e9forme","Tunisie"],"articleSection":["National"],"inLanguage":"fr-FR"},{"@type":"WebPage","@id":"https:\/\/www.webdo.tn\/fr\/actualite\/national\/la-reforme-securitaire-au-coeur-des-debats-entre-la-tunisie-et-le-pnud\/211428\/","url":"https:\/\/www.webdo.tn\/fr\/actualite\/national\/la-reforme-securitaire-au-coeur-des-debats-entre-la-tunisie-et-le-pnud\/211428\/","name":"La r\u00e9forme s\u00e9curitaire au c\u0153ur des d\u00e9bats entre la Tunisie et le PNUD","isPartOf":{"@id":"https:\/\/www.webdo.tn\/fr\/#website"},"primaryImageOfPage":{"@id":"https:\/\/www.webdo.tn\/fr\/actualite\/national\/la-reforme-securitaire-au-coeur-des-debats-entre-la-tunisie-et-le-pnud\/211428\/#primaryimage"},"image":{"@id":"https:\/\/www.webdo.tn\/fr\/actualite\/national\/la-reforme-securitaire-au-coeur-des-debats-entre-la-tunisie-et-le-pnud\/211428\/#primaryimage"},"thumbnailUrl":"https:\/\/www.webdo.tn\/fr\/wp-content\/uploads\/2024\/01\/ffaad10af24dfedd2c8baaf7d879f08a.jpg","datePublished":"2024-01-10T08:26:00+00:00","dateModified":"2025-05-20T22:52:46+00:00","description":"Le ministre de l'Int\u00e9rieur, Kamel Feki, s'est entretenu, hier mardi 9 janvier avec la repr\u00e9sentante r\u00e9sidente du Programme des Nations Unies pour le D\u00e9veloppeme...","breadcrumb":{"@id":"https:\/\/www.webdo.tn\/fr\/actualite\/national\/la-reforme-securitaire-au-coeur-des-debats-entre-la-tunisie-et-le-pnud\/211428\/#breadcrumb"},"inLanguage":"fr-FR","potentialAction":[{"@type":"ReadAction","target":["https:\/\/www.webdo.tn\/fr\/actualite\/national\/la-reforme-securitaire-au-coeur-des-debats-entre-la-tunisie-et-le-pnud\/211428\/"]}]},{"@type":"ImageObject","inLanguage":"fr-FR","@id":"https:\/\/www.webdo.tn\/fr\/actualite\/national\/la-reforme-securitaire-au-coeur-des-debats-entre-la-tunisie-et-le-pnud\/211428\/#primaryimage","url":"https:\/\/www.webdo.tn\/fr\/wp-content\/uploads\/2024\/01\/ffaad10af24dfedd2c8baaf7d879f08a.jpg","contentUrl":"https:\/\/www.webdo.tn\/fr\/wp-content\/uploads\/2024\/01\/ffaad10af24dfedd2c8baaf7d879f08a.jpg","width":750,"height":400,"caption":"La r\u00e9forme s\u00e9curitaire au c\u0153ur des d\u00e9bats entre la Tunisie et le PNUD"},{"@type":"BreadcrumbList","@id":"https:\/\/www.webdo.tn\/fr\/actualite\/national\/la-reforme-securitaire-au-coeur-des-debats-entre-la-tunisie-et-le-pnud\/211428\/#breadcrumb","itemListElement":[{"@type":"ListItem","position":1,"name":"Accueil","item":"https:\/\/www.webdo.tn\/fr\/"},{"@type":"ListItem","position":2,"name":"La r\u00e9forme s\u00e9curitaire au c\u0153ur des d\u00e9bats entre la Tunisie et le PNUD"}]},{"@type":"WebSite","@id":"https:\/\/www.webdo.tn\/fr\/#website","url":"https:\/\/www.webdo.tn\/fr\/","name":"webdo","description":"Tunisie - News en Tunisie et \u00e0 l&#039;international sur Webdo.tn","publisher":{"@id":"https:\/\/www.webdo.tn\/fr\/#organization"},"potentialAction":[{"@type":"SearchAction","target":{"@type":"EntryPoint","urlTemplate":"https:\/\/www.webdo.tn\/fr\/?s={search_term_string}"},"query-input":{"@type":"PropertyValueSpecification","valueRequired":true,"valueName":"search_term_string"}}],"inLanguage":"fr-FR"},{"@type":"Organization","@id":"https:\/\/www.webdo.tn\/fr\/#organization","name":"Webdo","alternateName":"Webdo.tn","url":"https:\/\/www.webdo.tn\/fr\/","logo":{"@type":"ImageObject","inLanguage":"fr-FR","@id":"https:\/\/www.webdo.tn\/fr\/#\/schema\/logo\/image\/","url":"https:\/\/www.webdo.tn\/fr\/wp-content\/uploads\/2025\/06\/Webdo-Tunisie_168377.jpg","contentUrl":"https:\/\/www.webdo.tn\/fr\/wp-content\/uploads\/2025\/06\/Webdo-Tunisie_168377.jpg","width":301,"height":301,"caption":"Webdo"},"image":{"@id":"https:\/\/www.webdo.tn\/fr\/#\/schema\/logo\/image\/"},"sameAs":["https:\/\/www.facebook.com\/webdotn","https:\/\/x.com\/webdo_tn"],"description":"Webdo est un m\u00e9dia num\u00e9rique tunisien fond\u00e9 en 2010, sp\u00e9cialis\u00e9 dans l\u2019actualit\u00e9 nationale et internationale, l\u2019\u00e9conomie, la soci\u00e9t\u00e9 et les analyses politiques. Le site s\u2019adresse \u00e0 un large public francophone et couvre l\u2019information tunisienne en temps r\u00e9el.","email":"redac@webdo.tn","legalName":"YNJ SARL","foundingDate":"2010-09-06","numberOfEmployees":{"@type":"QuantitativeValue","minValue":"11","maxValue":"50"}},{"@type":"Person","@id":"https:\/\/www.webdo.tn\/fr\/#\/schema\/person\/f35b42a42c5e2511bbd282959d6385cc","name":"CL","image":{"@type":"ImageObject","inLanguage":"fr-FR","@id":"https:\/\/secure.gravatar.com\/avatar\/1447a49909b67aa657c488aec6512e1dd6143a480c1ecfee9b5b5cd74eb3b59e?s=96&d=mm&r=g","url":"https:\/\/secure.gravatar.com\/avatar\/1447a49909b67aa657c488aec6512e1dd6143a480c1ecfee9b5b5cd74eb3b59e?s=96&d=mm&r=g","contentUrl":"https:\/\/secure.gravatar.com\/avatar\/1447a49909b67aa657c488aec6512e1dd6143a480c1ecfee9b5b5cd74eb3b59e?s=96&d=mm&r=g","caption":"CL"},"url":"https:\/\/www.webdo.tn\/fr\/actualite\/author\/cl\/"}]}},"_links":{"self":[{"href":"https:\/\/www.webdo.tn\/fr\/wp-json\/wp\/v2\/posts\/211428","targetHints":{"allow":["GET"]}}],"collection":[{"href":"https:\/\/www.webdo.tn\/fr\/wp-json\/wp\/v2\/posts"}],"about":[{"href":"https:\/\/www.webdo.tn\/fr\/wp-json\/wp\/v2\/types\/post"}],"author":[{"embeddable":true,"href":"https:\/\/www.webdo.tn\/fr\/wp-json\/wp\/v2\/users\/3175"}],"replies":[{"embeddable":true,"href":"https:\/\/www.webdo.tn\/fr\/wp-json\/wp\/v2\/comments?post=211428"}],"version-history":[{"count":0,"href":"https:\/\/www.webdo.tn\/fr\/wp-json\/wp\/v2\/posts\/211428\/revisions"}],"wp:featuredmedia":[{"embeddable":true,"href":"https:\/\/www.webdo.tn\/fr\/wp-json\/wp\/v2\/media\/290057"}],"wp:attachment":[{"href":"https:\/\/www.webdo.tn\/fr\/wp-json\/wp\/v2\/media?parent=211428"}],"wp:term":[{"taxonomy":"category","embeddable":true,"href":"https:\/\/www.webdo.tn\/fr\/wp-json\/wp\/v2\/categories?post=211428"},{"taxonomy":"post_tag","embeddable":true,"href":"https:\/\/www.webdo.tn\/fr\/wp-json\/wp\/v2\/tags?post=211428"}],"curies":[{"name":"wp","href":"https:\/\/api.w.org\/{rel}","templated":true}]}}